{"id":6939,"date":"2026-08-24T13:23:46","date_gmt":"2026-08-24T13:23:46","guid":{"rendered":"https:\/\/mznoticia.com.br\/jaguariaiva\/?p=6939"},"modified":"2026-08-24T13:23:46","modified_gmt":"2026-08-24T13:23:46","slug":"agencia-do-trabalhador-divulga-vagas-de-emprego-nesta-segunda-feira-em-ponta-grossa","status":"publish","type":"post","link":"https:\/\/mznoticia.com.br\/jaguariaiva\/agencia-do-trabalhador-divulga-vagas-de-emprego-nesta-segunda-feira-em-ponta-grossa\/","title":{"rendered":"Ag\u00eancia do Trabalhador divulga vagas de emprego nesta segunda-feira em Ponta Grossa"},"content":{"rendered":"<p class=\"isSelectedEnd\">Oportunidades contemplam diferentes n\u00edveis de experi\u00eancia, al\u00e9m de vagas para pessoas com defici\u00eancia, est\u00e1gio e aprendizagem.<\/p>\n<h2>Vagas est\u00e3o dispon\u00edveis nesta segunda-feira<\/h2>\n<p class=\"isSelectedEnd\">A Ag\u00eancia do Trabalhador de Ponta Grossa divulgou nesta segunda-feira (24) uma nova lista de oportunidades de emprego. As vagas abrangem diferentes \u00e1reas profissionais e n\u00edveis de experi\u00eancia, incluindo oportunidades para pessoas que ainda n\u00e3o atuaram na fun\u00e7\u00e3o.<\/p>\n<p class=\"isSelectedEnd\">A rela\u00e7\u00e3o tamb\u00e9m conta com vagas destinadas a pessoas com defici\u00eancia, est\u00e1gio e aprendizagem.<\/p>\n<p class=\"isSelectedEnd\">Entre as fun\u00e7\u00f5es dispon\u00edveis est\u00e3o a\u00e7ougueiro, auxiliar administrativo, atendente de lanchonete, auxiliar de cozinha, operador de caixa, motorista, mec\u00e2nico, vendedor, t\u00e9cnico de enfermagem, soldador, pedreiro e eletricista.<\/p>\n<p class=\"isSelectedEnd\">Tamb\u00e9m h\u00e1 oportunidades para auxiliar de estoque, auxiliar de linha de produ\u00e7\u00e3o e repositor de mercadorias na modalidade aprendiz.<\/p>\n<h2>Vagas com experi\u00eancia<\/h2>\n<p class=\"isSelectedEnd\">Entre as oportunidades que exigem experi\u00eancia est\u00e3o:<\/p>\n<ul data-spread=\"false\">\n<li>A\u00e7ougueiro<\/li>\n<li>Advogado<\/li>\n<li>Ajudante de a\u00e7ougueiro<\/li>\n<li>Ajudante de carga e descarga<\/li>\n<li>Ajudante de eletricista<\/li>\n<li>Alimentador de linha de produ\u00e7\u00e3o<\/li>\n<li>Analista de log\u00edstica<\/li>\n<li>Analista de marketing<\/li>\n<li>Analista de recursos humanos<\/li>\n<li>Analista financeiro<\/li>\n<li>Armador de ferros<\/li>\n<li>Assistente administrativo<\/li>\n<li>Atendente balconista<\/li>\n<li>Atendente de balc\u00e3o<\/li>\n<li>Atendente de cafeteria<\/li>\n<li>Atendente de farm\u00e1cia<\/li>\n<li>Atendente de lanchonete<\/li>\n<li>Atendente de lojas<\/li>\n<li>Atendente de padaria<\/li>\n<li>Auxiliar administrativo<\/li>\n<li>Auxiliar de almoxarifado<\/li>\n<li>Auxiliar de armazenamento<\/li>\n<li>Auxiliar de biblioteca<\/li>\n<li>Auxiliar de confeitaria<\/li>\n<li>Auxiliar de cozinha<\/li>\n<li>Auxiliar de estoque<\/li>\n<li>Auxiliar de expedi\u00e7\u00e3o<\/li>\n<li>Auxiliar de limpeza<\/li>\n<li>Auxiliar de manuten\u00e7\u00e3o predial<\/li>\n<li>Auxiliar de mec\u00e2nico diesel<\/li>\n<li>Auxiliar de padeiro<\/li>\n<li>Auxiliar de pessoal<\/li>\n<li>Auxiliar em sa\u00fade bucal<\/li>\n<li>Auxiliar financeiro<\/li>\n<li>Auxiliar t\u00e9cnico de refrigera\u00e7\u00e3o<\/li>\n<li>Azulejista<\/li>\n<li>Biom\u00e9dico<\/li>\n<li>Bordadeira<\/li>\n<li>Camareira de hotel<\/li>\n<li>Carpinteiro<\/li>\n<li>Caseiro<\/li>\n<li>Chacareiro<\/li>\n<li>Chapista de lanchonete<\/li>\n<li>Confeiteiro<\/li>\n<li>Consultor de vendas<\/li>\n<li>Contador<\/li>\n<li>Copeiro<\/li>\n<li>Costureira em geral<\/li>\n<li>Cozinheiro de restaurante<\/li>\n<li>Cozinheiro geral<\/li>\n<li>Desenvolvedor web full-stack<\/li>\n<li>Designer de interiores<\/li>\n<li>Desossador<\/li>\n<li>Eletricista<\/li>\n<li>Eletricista auxiliar<\/li>\n<li>Eletricista de manuten\u00e7\u00e3o industrial<\/li>\n<li>Eletrot\u00e9cnico<\/li>\n<li>Empregado dom\u00e9stico<\/li>\n<li>Encanador<\/li>\n<li>Encarregado de a\u00e7ougue<\/li>\n<li>Encarregado de padaria<\/li>\n<li>Encarregado de se\u00e7\u00e3o de fundi\u00e7\u00e3o<\/li>\n<li>Ferramenteiro<\/li>\n<li>Fiscal de obras<\/li>\n<li>Fisioterapeuta geral<\/li>\n<li>Frentista<\/li>\n<li>Gerente de empresas comerciais<\/li>\n<li>Gerente de produ\u00e7\u00e3o<\/li>\n<li>Impressor digital<\/li>\n<li>L\u00edder de manuten\u00e7\u00e3o mec\u00e2nica<\/li>\n<li>Lombador em matadouro<\/li>\n<li>Manobrista<\/li>\n<li>Marceneiro<\/li>\n<li>Mec\u00e2nico de auto<\/li>\n<li>Mec\u00e2nico de manuten\u00e7\u00e3o de m\u00e1quina industrial<\/li>\n<li>Mec\u00e2nico de m\u00e1quina agr\u00edcola<\/li>\n<li>Mec\u00e2nico montador<\/li>\n<li>Montador de instrumentos de \u00f3ptica<\/li>\n<li>Montador de m\u00e1quinas<\/li>\n<li>Montador de m\u00f3veis de madeira<\/li>\n<li>Montador mec\u00e2nico<\/li>\n<li>Montador soldador<\/li>\n<li>Motorista carreteiro<\/li>\n<li>Motorista de caminh\u00e3o guincho pesado com munk<\/li>\n<li>Motorista entregador<\/li>\n<li>Oficial de manuten\u00e7\u00e3o<\/li>\n<li>Oficial de servi\u00e7os gerais na manuten\u00e7\u00e3o de edifica\u00e7\u00f5es<\/li>\n<li>Operador de caixa<\/li>\n<li>Operador de caldeira<\/li>\n<li>Operador de centro de usinagem<\/li>\n<li>Operador de cobran\u00e7a<\/li>\n<li>Operador de empilhadeira<\/li>\n<li>Operador de escavadeira<\/li>\n<li>Operador de p\u00e1 carregadeira<\/li>\n<li>Operador de processo de produ\u00e7\u00e3o<\/li>\n<li>Operador de telemarketing ativo<\/li>\n<li>Padeiro<\/li>\n<li>Pedreiro<\/li>\n<li>Pintor de obras<\/li>\n<li>Pizzaiolo<\/li>\n<li>Projetista el\u00e9trico<\/li>\n<li>Promotor de vendas<\/li>\n<li>Recepcionista atendente<\/li>\n<li>Recepcionista em geral<\/li>\n<li>Salgadeiro<\/li>\n<li>Serralheiro<\/li>\n<li>Serralheiro montador<\/li>\n<li>Servente de obras<\/li>\n<li>Soldador<\/li>\n<li>T\u00e9cnico analista de PCP<\/li>\n<li>T\u00e9cnico analista de qualidade<\/li>\n<li>T\u00e9cnico de edifica\u00e7\u00f5es<\/li>\n<li>T\u00e9cnico de enfermagem<\/li>\n<li>T\u00e9cnico de refrigera\u00e7\u00e3o<\/li>\n<li>T\u00e9cnico de seguran\u00e7a do trabalho<\/li>\n<li>T\u00e9cnico de suporte ao usu\u00e1rio de tecnologia da informa\u00e7\u00e3o<\/li>\n<li>T\u00e9cnico de suporte de TI<\/li>\n<li>T\u00e9cnico em eletromec\u00e2nica<\/li>\n<li>T\u00e9cnico mec\u00e2nico<\/li>\n<li>T\u00e9cnico mec\u00e2nico em ar-condicionado<\/li>\n<li>T\u00e9cnico or\u00e7amentista de obras<\/li>\n<li>Torneiro CNC<\/li>\n<li>Torneiro mec\u00e2nico<\/li>\n<li>Trabalhador da manuten\u00e7\u00e3o de edifica\u00e7\u00f5es<\/li>\n<li>Alpinista industrial<\/li>\n<li>Vendedor de servi\u00e7os<\/li>\n<li>Vendedor interno<\/li>\n<li>Zelador<\/li>\n<\/ul>\n<h2>Vagas sem experi\u00eancia<\/h2>\n<p class=\"isSelectedEnd\">Tamb\u00e9m existem oportunidades para candidatos que n\u00e3o possuem experi\u00eancia anterior, incluindo:<\/p>\n<ul data-spread=\"false\">\n<li>Ajudante de a\u00e7ougueiro<\/li>\n<li>Ajudante de cabeleireiro<\/li>\n<li>Ajudante de padeiro<\/li>\n<li>Ajudante de serralheiro<\/li>\n<li>Armazenista<\/li>\n<li>Atendente balconista<\/li>\n<li>Atendente de balc\u00e3o<\/li>\n<li>Atendente de lanchonete<\/li>\n<li>Atendente de padaria<\/li>\n<li>Atendente de rotisserie<\/li>\n<li>Auxiliar de armazenamento<\/li>\n<li>Auxiliar de cozinha<\/li>\n<li>Auxiliar de estoque<\/li>\n<li>Auxiliar de limpeza<\/li>\n<li>Auxiliar de linha de produ\u00e7\u00e3o<\/li>\n<li>Auxiliar em sa\u00fade bucal<\/li>\n<li>Auxiliar t\u00e9cnico de montagem<\/li>\n<li>Balconista<\/li>\n<li>Copeiro de hotel<\/li>\n<li>Cozinheiro geral<\/li>\n<li>Empacotador<\/li>\n<li>Engenheiro civil<\/li>\n<li>Farmac\u00eautico<\/li>\n<li>Fonoaudi\u00f3logo geral<\/li>\n<li>Higienista industrial<\/li>\n<li>Impressor digital<\/li>\n<li>Instalador-reparador de redes telef\u00f4nicas e de comunica\u00e7\u00e3o de dados<\/li>\n<li>Lavador de autom\u00f3veis<\/li>\n<li>Leiturista<\/li>\n<li>Mec\u00e2nico de autom\u00f3vel<\/li>\n<li>Monitor em creches de animais dom\u00e9sticos<\/li>\n<li>Montador de ve\u00edculos<\/li>\n<li>Operador de acabamento<\/li>\n<li>Operador de caixa<\/li>\n<li>Operador de incubadora<\/li>\n<li>Operador de m\u00e1quina copiadora<\/li>\n<li>Operador de processo de produ\u00e7\u00e3o<\/li>\n<li>Operador de teleatendimento ativo<\/li>\n<li>Operador de tratores diversos<\/li>\n<li>Recepcionista de hotel<\/li>\n<li>Recreacionista<\/li>\n<li>Repositor em supermercados<\/li>\n<li>Repositor de mercadorias<\/li>\n<li>T\u00e9cnico em sa\u00fade bucal<\/li>\n<li>Trabalhador rural<\/li>\n<li>Vendedor de cons\u00f3rcio<\/li>\n<li>Vendedor interno<\/li>\n<li>Vendedor porta a porta<\/li>\n<li>Zelador<\/li>\n<\/ul>\n<h2>Vagas para PCD<\/h2>\n<p class=\"isSelectedEnd\">Para pessoas com defici\u00eancia, h\u00e1 oportunidade para:<\/p>\n<ul data-spread=\"false\">\n<li>Auxiliar de linha de produ\u00e7\u00e3o, com experi\u00eancia<\/li>\n<li>Atendente de lojas<\/li>\n<li>Auxiliar de linha de produ\u00e7\u00e3o<\/li>\n<li>Faxineiro<\/li>\n<li>Frentista<\/li>\n<li>Servente de limpeza<\/li>\n<li>Vigilante patrimonial<\/li>\n<\/ul>\n<h2>Vagas de est\u00e1gio<\/h2>\n<p class=\"isSelectedEnd\">A lista tamb\u00e9m contempla oportunidades de est\u00e1gio para:<\/p>\n<ul data-spread=\"false\">\n<li>Auxiliar jur\u00eddico<\/li>\n<li>Engenheiro de produ\u00e7\u00e3o<\/li>\n<\/ul>\n<h2>Vagas para aprendiz<\/h2>\n<p class=\"isSelectedEnd\">Para aprendizes, est\u00e3o dispon\u00edveis vagas para:<\/p>\n<ul data-spread=\"false\">\n<li>Auxiliar de estoque<\/li>\n<li>Auxiliar de linha de produ\u00e7\u00e3o<\/li>\n<li>Repositor de mercadorias<\/li>\n<\/ul>\n<h2>Onde procurar as vagas<\/h2>\n<p class=\"isSelectedEnd\">Os interessados devem procurar a Ag\u00eancia do Trabalhador de Ponta Grossa para consultar as oportunidades e realizar o cadastro.<\/p>\n<p class=\"isSelectedEnd\">A unidade est\u00e1 localizada na <strong>Rua Benjamin Constant, 405, no Centro de Ponta Grossa<\/strong>.<\/p>\n<p>O atendimento ocorre de segunda a sexta-feira, das <strong>7h30 \u00e0s 16h30<\/strong>.<\/p>\n","protected":false},"excerpt":{"rendered":"<p>Oportunidades contemplam diferentes n\u00edveis de experi\u00eancia, al\u00e9m de vagas para pessoas com defici\u00eancia, est\u00e1gio e aprendizagem. Vagas est\u00e3o dispon\u00edveis nesta segunda-feira A Ag\u00eancia do Trabalhador de Ponta Grossa divulgou nesta segunda-feira (24) uma nova lista de oportunidades de emprego. As vagas abrangem diferentes \u00e1reas profissionais e n\u00edveis de experi\u00eancia, incluindo oportunidades para pessoas que ainda [&hellip;]<\/p>\n","protected":false},"author":16,"featured_media":6940,"comment_status":"open","ping_status":"open","sticky":false,"template":"","format":"standard","meta":{"footnotes":""},"categories":[100],"tags":[1787,2153,47,65,2152,103,2151,24,1655,2150],"class_list":["post-6939","post","type-post","status-publish","format-standard","has-post-thumbnail","hentry","category-empregos","tag-agencia-do-trabalhador","tag-aprendiz","tag-destaque","tag-emprego","tag-estagio","tag-oportunidades","tag-pcd","tag-ponta-grossa","tag-vagas-de-emprego","tag-vagas-sem-experiencia"],"yoast_head":"<!-- This site is optimized with the Yoast SEO plugin v28.1 - https:\/\/yoast.com\/product\/yoast-seo-wordpress\/ -->\n<title>Ag\u00eancia do Trabalhador divulga vagas de emprego nesta segunda-feira em Ponta Grossa - Mz Not\u00edcias<\/title>\n<meta name=\"description\" content=\": Ag\u00eancia do Trabalhador de Ponta Grossa divulga vagas com e sem experi\u00eancia, al\u00e9m de oportunidades para PCD, est\u00e1gio e aprendiz nesta segunda-feira.\" \/>\n<meta name=\"robots\" content=\"index, follow, max-snippet:-1, max-image-preview:large, max-video-preview:-1\" \/>\n<link rel=\"canonical\" href=\"https:\/\/mznoticia.com.br\/jaguariaiva\/agencia-do-trabalhador-divulga-vagas-de-emprego-nesta-segunda-feira-em-ponta-grossa\/\" \/>\n<meta property=\"og:locale\" content=\"pt_BR\" \/>\n<meta property=\"og:type\" content=\"article\" \/>\n<meta property=\"og:title\" content=\"Ag\u00eancia do Trabalhador divulga vagas de emprego nesta segunda-feira em Ponta Grossa - Mz Not\u00edcias\" \/>\n<meta property=\"og:description\" content=\": Ag\u00eancia do Trabalhador de Ponta Grossa divulga vagas com e sem experi\u00eancia, al\u00e9m de oportunidades para PCD, est\u00e1gio e aprendiz nesta segunda-feira.\" \/>\n<meta property=\"og:url\" content=\"https:\/\/mznoticia.com.br\/jaguariaiva\/agencia-do-trabalhador-divulga-vagas-de-emprego-nesta-segunda-feira-em-ponta-grossa\/\" \/>\n<meta property=\"og:site_name\" content=\"Mz Not\u00edcias\" \/>\n<meta property=\"article:publisher\" content=\"https:\/\/www.facebook.com\/profile.php?id=61573479951222\" \/>\n<meta property=\"article:published_time\" content=\"2026-08-24T13:23:46+00:00\" \/>\n<meta property=\"og:image\" content=\"https:\/\/mznoticia.com.br\/jaguariaiva\/wp-content\/uploads\/2026\/08\/empregos-2.jpeg\" \/>\n\t<meta property=\"og:image:width\" content=\"1280\" \/>\n\t<meta property=\"og:image:height\" content=\"720\" \/>\n\t<meta property=\"og:image:type\" content=\"image\/jpeg\" \/>\n<meta name=\"author\" content=\"Redacao mz\" \/>\n<meta name=\"twitter:card\" content=\"summary_large_image\" \/>\n<meta name=\"twitter:label1\" content=\"Escrito por\" \/>\n\t<meta name=\"twitter:data1\" content=\"Redacao mz\" \/>\n\t<meta name=\"twitter:label2\" content=\"Est. tempo de leitura\" \/>\n\t<meta name=\"twitter:data2\" content=\"5 minutos\" \/>\n<script type=\"application\/ld+json\" class=\"yoast-schema-graph\">{\"@context\":\"https:\\\/\\\/schema.org\",\"@graph\":[{\"@type\":\"Article\",\"@id\":\"https:\\\/\\\/mznoticia.com.br\\\/jaguariaiva\\\/agencia-do-trabalhador-divulga-vagas-de-emprego-nesta-segunda-feira-em-ponta-grossa\\\/#article\",\"isPartOf\":{\"@id\":\"https:\\\/\\\/mznoticia.com.br\\\/jaguariaiva\\\/agencia-do-trabalhador-divulga-vagas-de-emprego-nesta-segunda-feira-em-ponta-grossa\\\/\"},\"author\":{\"name\":\"Redacao mz\",\"@id\":\"https:\\\/\\\/mznoticia.com.br\\\/jaguariaiva\\\/#\\\/schema\\\/person\\\/84012d827247b3f42f37b550da79cd03\"},\"headline\":\"Ag\u00eancia do Trabalhador divulga vagas de emprego nesta segunda-feira em Ponta Grossa\",\"datePublished\":\"2026-08-24T13:23:46+00:00\",\"mainEntityOfPage\":{\"@id\":\"https:\\\/\\\/mznoticia.com.br\\\/jaguariaiva\\\/agencia-do-trabalhador-divulga-vagas-de-emprego-nesta-segunda-feira-em-ponta-grossa\\\/\"},\"wordCount\":907,\"commentCount\":0,\"publisher\":{\"@id\":\"https:\\\/\\\/mznoticia.com.br\\\/jaguariaiva\\\/#organization\"},\"image\":{\"@id\":\"https:\\\/\\\/mznoticia.com.br\\\/jaguariaiva\\\/agencia-do-trabalhador-divulga-vagas-de-emprego-nesta-segunda-feira-em-ponta-grossa\\\/#primaryimage\"},\"thumbnailUrl\":\"https:\\\/\\\/mznoticia.com.br\\\/jaguariaiva\\\/wp-content\\\/uploads\\\/2026\\\/08\\\/empregos-2.jpeg\",\"keywords\":[\"Ag\u00eancia do Trabalhador\",\"aprendiz\",\"destaque\",\"emprego\",\"est\u00e1gio\",\"oportunidades\",\"PCD\",\"Ponta Grossa\",\"Vagas de Emprego\",\"vagas sem experi\u00eancia\"],\"articleSection\":[\"Empregos\"],\"inLanguage\":\"pt-BR\",\"potentialAction\":[{\"@type\":\"CommentAction\",\"name\":\"Comment\",\"target\":[\"https:\\\/\\\/mznoticia.com.br\\\/jaguariaiva\\\/agencia-do-trabalhador-divulga-vagas-de-emprego-nesta-segunda-feira-em-ponta-grossa\\\/#respond\"]}]},{\"@type\":\"WebPage\",\"@id\":\"https:\\\/\\\/mznoticia.com.br\\\/jaguariaiva\\\/agencia-do-trabalhador-divulga-vagas-de-emprego-nesta-segunda-feira-em-ponta-grossa\\\/\",\"url\":\"https:\\\/\\\/mznoticia.com.br\\\/jaguariaiva\\\/agencia-do-trabalhador-divulga-vagas-de-emprego-nesta-segunda-feira-em-ponta-grossa\\\/\",\"name\":\"Ag\u00eancia do Trabalhador divulga vagas de emprego nesta segunda-feira em Ponta Grossa - Mz Not\u00edcias\",\"isPartOf\":{\"@id\":\"https:\\\/\\\/mznoticia.com.br\\\/jaguariaiva\\\/#website\"},\"primaryImageOfPage\":{\"@id\":\"https:\\\/\\\/mznoticia.com.br\\\/jaguariaiva\\\/agencia-do-trabalhador-divulga-vagas-de-emprego-nesta-segunda-feira-em-ponta-grossa\\\/#primaryimage\"},\"image\":{\"@id\":\"https:\\\/\\\/mznoticia.com.br\\\/jaguariaiva\\\/agencia-do-trabalhador-divulga-vagas-de-emprego-nesta-segunda-feira-em-ponta-grossa\\\/#primaryimage\"},\"thumbnailUrl\":\"https:\\\/\\\/mznoticia.com.br\\\/jaguariaiva\\\/wp-content\\\/uploads\\\/2026\\\/08\\\/empregos-2.jpeg\",\"datePublished\":\"2026-08-24T13:23:46+00:00\",\"description\":\": Ag\u00eancia do Trabalhador de Ponta Grossa divulga vagas com e sem experi\u00eancia, al\u00e9m de oportunidades para PCD, est\u00e1gio e aprendiz nesta segunda-feira.\",\"breadcrumb\":{\"@id\":\"https:\\\/\\\/mznoticia.com.br\\\/jaguariaiva\\\/agencia-do-trabalhador-divulga-vagas-de-emprego-nesta-segunda-feira-em-ponta-grossa\\\/#breadcrumb\"},\"inLanguage\":\"pt-BR\",\"potentialAction\":[{\"@type\":\"ReadAction\",\"target\":[\"https:\\\/\\\/mznoticia.com.br\\\/jaguariaiva\\\/agencia-do-trabalhador-divulga-vagas-de-emprego-nesta-segunda-feira-em-ponta-grossa\\\/\"]}]},{\"@type\":\"ImageObject\",\"inLanguage\":\"pt-BR\",\"@id\":\"https:\\\/\\\/mznoticia.com.br\\\/jaguariaiva\\\/agencia-do-trabalhador-divulga-vagas-de-emprego-nesta-segunda-feira-em-ponta-grossa\\\/#primaryimage\",\"url\":\"https:\\\/\\\/mznoticia.com.br\\\/jaguariaiva\\\/wp-content\\\/uploads\\\/2026\\\/08\\\/empregos-2.jpeg\",\"contentUrl\":\"https:\\\/\\\/mznoticia.com.br\\\/jaguariaiva\\\/wp-content\\\/uploads\\\/2026\\\/08\\\/empregos-2.jpeg\",\"width\":1280,\"height\":720},{\"@type\":\"BreadcrumbList\",\"@id\":\"https:\\\/\\\/mznoticia.com.br\\\/jaguariaiva\\\/agencia-do-trabalhador-divulga-vagas-de-emprego-nesta-segunda-feira-em-ponta-grossa\\\/#breadcrumb\",\"itemListElement\":[{\"@type\":\"ListItem\",\"position\":1,\"name\":\"Home\",\"item\":\"https:\\\/\\\/mznoticia.com.br\\\/jaguariaiva\\\/\"},{\"@type\":\"ListItem\",\"position\":2,\"name\":\"Ag\u00eancia do Trabalhador divulga vagas de emprego nesta segunda-feira em Ponta Grossa\"}]},{\"@type\":\"WebSite\",\"@id\":\"https:\\\/\\\/mznoticia.com.br\\\/jaguariaiva\\\/#website\",\"url\":\"https:\\\/\\\/mznoticia.com.br\\\/jaguariaiva\\\/\",\"name\":\"Mz Not\u00edcia\",\"description\":\"A informa\u00e7\u00e3o que voc\u00ea precisa na hora certa!\",\"publisher\":{\"@id\":\"https:\\\/\\\/mznoticia.com.br\\\/jaguariaiva\\\/#organization\"},\"potentialAction\":[{\"@type\":\"SearchAction\",\"target\":{\"@type\":\"EntryPoint\",\"urlTemplate\":\"https:\\\/\\\/mznoticia.com.br\\\/jaguariaiva\\\/?s={search_term_string}\"},\"query-input\":{\"@type\":\"PropertyValueSpecification\",\"valueRequired\":true,\"valueName\":\"search_term_string\"}}],\"inLanguage\":\"pt-BR\"},{\"@type\":\"Organization\",\"@id\":\"https:\\\/\\\/mznoticia.com.br\\\/jaguariaiva\\\/#organization\",\"name\":\"Mz Not\u00edcia\",\"url\":\"https:\\\/\\\/mznoticia.com.br\\\/jaguariaiva\\\/\",\"logo\":{\"@type\":\"ImageObject\",\"inLanguage\":\"pt-BR\",\"@id\":\"https:\\\/\\\/mznoticia.com.br\\\/jaguariaiva\\\/#\\\/schema\\\/logo\\\/image\\\/\",\"url\":\"https:\\\/\\\/mznoticia.com.br\\\/jaguariaiva\\\/wp-content\\\/uploads\\\/2025\\\/03\\\/Design-sem-nome-4-e1741200616392.png\",\"contentUrl\":\"https:\\\/\\\/mznoticia.com.br\\\/jaguariaiva\\\/wp-content\\\/uploads\\\/2025\\\/03\\\/Design-sem-nome-4-e1741200616392.png\",\"width\":750,\"height\":563,\"caption\":\"Mz Not\u00edcia\"},\"image\":{\"@id\":\"https:\\\/\\\/mznoticia.com.br\\\/jaguariaiva\\\/#\\\/schema\\\/logo\\\/image\\\/\"},\"sameAs\":[\"https:\\\/\\\/www.facebook.com\\\/profile.php?id=61573479951222\",\"https:\\\/\\\/www.instagram.com\\\/mz.jaguariaiva\\\/\"]},{\"@type\":\"Person\",\"@id\":\"https:\\\/\\\/mznoticia.com.br\\\/jaguariaiva\\\/#\\\/schema\\\/person\\\/84012d827247b3f42f37b550da79cd03\",\"name\":\"Redacao mz\",\"image\":{\"@type\":\"ImageObject\",\"inLanguage\":\"pt-BR\",\"@id\":\"https:\\\/\\\/mznoticia.com.br\\\/jaguariaiva\\\/wp-content\\\/uploads\\\/2025\\\/02\\\/mznoticia_jaguariaiva_coluna-150x150.png\",\"url\":\"https:\\\/\\\/mznoticia.com.br\\\/jaguariaiva\\\/wp-content\\\/uploads\\\/2025\\\/02\\\/mznoticia_jaguariaiva_coluna-150x150.png\",\"contentUrl\":\"https:\\\/\\\/mznoticia.com.br\\\/jaguariaiva\\\/wp-content\\\/uploads\\\/2025\\\/02\\\/mznoticia_jaguariaiva_coluna-150x150.png\",\"caption\":\"Redacao mz\"},\"sameAs\":[\"http:\\\/\\\/mznoticia.com.br\"],\"url\":\"https:\\\/\\\/mznoticia.com.br\\\/jaguariaiva\\\/author\\\/lucimara\\\/\"}]}<\/script>\n<!-- \/ Yoast SEO plugin. -->","yoast_head_json":{"title":"Ag\u00eancia do Trabalhador divulga vagas de emprego nesta segunda-feira em Ponta Grossa - Mz Not\u00edcias","description":": Ag\u00eancia do Trabalhador de Ponta Grossa divulga vagas com e sem experi\u00eancia, al\u00e9m de oportunidades para PCD, est\u00e1gio e aprendiz nesta segunda-feira.","robots":{"index":"index","follow":"follow","max-snippet":"max-snippet:-1","max-image-preview":"max-image-preview:large","max-video-preview":"max-video-preview:-1"},"canonical":"https:\/\/mznoticia.com.br\/jaguariaiva\/agencia-do-trabalhador-divulga-vagas-de-emprego-nesta-segunda-feira-em-ponta-grossa\/","og_locale":"pt_BR","og_type":"article","og_title":"Ag\u00eancia do Trabalhador divulga vagas de emprego nesta segunda-feira em Ponta Grossa - Mz Not\u00edcias","og_description":": Ag\u00eancia do Trabalhador de Ponta Grossa divulga vagas com e sem experi\u00eancia, al\u00e9m de oportunidades para PCD, est\u00e1gio e aprendiz nesta segunda-feira.","og_url":"https:\/\/mznoticia.com.br\/jaguariaiva\/agencia-do-trabalhador-divulga-vagas-de-emprego-nesta-segunda-feira-em-ponta-grossa\/","og_site_name":"Mz Not\u00edcias","article_publisher":"https:\/\/www.facebook.com\/profile.php?id=61573479951222","article_published_time":"2026-08-24T13:23:46+00:00","og_image":[{"width":1280,"height":720,"url":"https:\/\/mznoticia.com.br\/jaguariaiva\/wp-content\/uploads\/2026\/08\/empregos-2.jpeg","type":"image\/jpeg"}],"author":"Redacao mz","twitter_card":"summary_large_image","twitter_misc":{"Escrito por":"Redacao mz","Est. tempo de leitura":"5 minutos"},"schema":{"@context":"https:\/\/schema.org","@graph":[{"@type":"Article","@id":"https:\/\/mznoticia.com.br\/jaguariaiva\/agencia-do-trabalhador-divulga-vagas-de-emprego-nesta-segunda-feira-em-ponta-grossa\/#article","isPartOf":{"@id":"https:\/\/mznoticia.com.br\/jaguariaiva\/agencia-do-trabalhador-divulga-vagas-de-emprego-nesta-segunda-feira-em-ponta-grossa\/"},"author":{"name":"Redacao mz","@id":"https:\/\/mznoticia.com.br\/jaguariaiva\/#\/schema\/person\/84012d827247b3f42f37b550da79cd03"},"headline":"Ag\u00eancia do Trabalhador divulga vagas de emprego nesta segunda-feira em Ponta Grossa","datePublished":"2026-08-24T13:23:46+00:00","mainEntityOfPage":{"@id":"https:\/\/mznoticia.com.br\/jaguariaiva\/agencia-do-trabalhador-divulga-vagas-de-emprego-nesta-segunda-feira-em-ponta-grossa\/"},"wordCount":907,"commentCount":0,"publisher":{"@id":"https:\/\/mznoticia.com.br\/jaguariaiva\/#organization"},"image":{"@id":"https:\/\/mznoticia.com.br\/jaguariaiva\/agencia-do-trabalhador-divulga-vagas-de-emprego-nesta-segunda-feira-em-ponta-grossa\/#primaryimage"},"thumbnailUrl":"https:\/\/mznoticia.com.br\/jaguariaiva\/wp-content\/uploads\/2026\/08\/empregos-2.jpeg","keywords":["Ag\u00eancia do Trabalhador","aprendiz","destaque","emprego","est\u00e1gio","oportunidades","PCD","Ponta Grossa","Vagas de Emprego","vagas sem experi\u00eancia"],"articleSection":["Empregos"],"inLanguage":"pt-BR","potentialAction":[{"@type":"CommentAction","name":"Comment","target":["https:\/\/mznoticia.com.br\/jaguariaiva\/agencia-do-trabalhador-divulga-vagas-de-emprego-nesta-segunda-feira-em-ponta-grossa\/#respond"]}]},{"@type":"WebPage","@id":"https:\/\/mznoticia.com.br\/jaguariaiva\/agencia-do-trabalhador-divulga-vagas-de-emprego-nesta-segunda-feira-em-ponta-grossa\/","url":"https:\/\/mznoticia.com.br\/jaguariaiva\/agencia-do-trabalhador-divulga-vagas-de-emprego-nesta-segunda-feira-em-ponta-grossa\/","name":"Ag\u00eancia do Trabalhador divulga vagas de emprego nesta segunda-feira em Ponta Grossa - Mz Not\u00edcias","isPartOf":{"@id":"https:\/\/mznoticia.com.br\/jaguariaiva\/#website"},"primaryImageOfPage":{"@id":"https:\/\/mznoticia.com.br\/jaguariaiva\/agencia-do-trabalhador-divulga-vagas-de-emprego-nesta-segunda-feira-em-ponta-grossa\/#primaryimage"},"image":{"@id":"https:\/\/mznoticia.com.br\/jaguariaiva\/agencia-do-trabalhador-divulga-vagas-de-emprego-nesta-segunda-feira-em-ponta-grossa\/#primaryimage"},"thumbnailUrl":"https:\/\/mznoticia.com.br\/jaguariaiva\/wp-content\/uploads\/2026\/08\/empregos-2.jpeg","datePublished":"2026-08-24T13:23:46+00:00","description":": Ag\u00eancia do Trabalhador de Ponta Grossa divulga vagas com e sem experi\u00eancia, al\u00e9m de oportunidades para PCD, est\u00e1gio e aprendiz nesta segunda-feira.","breadcrumb":{"@id":"https:\/\/mznoticia.com.br\/jaguariaiva\/agencia-do-trabalhador-divulga-vagas-de-emprego-nesta-segunda-feira-em-ponta-grossa\/#breadcrumb"},"inLanguage":"pt-BR","potentialAction":[{"@type":"ReadAction","target":["https:\/\/mznoticia.com.br\/jaguariaiva\/agencia-do-trabalhador-divulga-vagas-de-emprego-nesta-segunda-feira-em-ponta-grossa\/"]}]},{"@type":"ImageObject","inLanguage":"pt-BR","@id":"https:\/\/mznoticia.com.br\/jaguariaiva\/agencia-do-trabalhador-divulga-vagas-de-emprego-nesta-segunda-feira-em-ponta-grossa\/#primaryimage","url":"https:\/\/mznoticia.com.br\/jaguariaiva\/wp-content\/uploads\/2026\/08\/empregos-2.jpeg","contentUrl":"https:\/\/mznoticia.com.br\/jaguariaiva\/wp-content\/uploads\/2026\/08\/empregos-2.jpeg","width":1280,"height":720},{"@type":"BreadcrumbList","@id":"https:\/\/mznoticia.com.br\/jaguariaiva\/agencia-do-trabalhador-divulga-vagas-de-emprego-nesta-segunda-feira-em-ponta-grossa\/#breadcrumb","itemListElement":[{"@type":"ListItem","position":1,"name":"Home","item":"https:\/\/mznoticia.com.br\/jaguariaiva\/"},{"@type":"ListItem","position":2,"name":"Ag\u00eancia do Trabalhador divulga vagas de emprego nesta segunda-feira em Ponta Grossa"}]},{"@type":"WebSite","@id":"https:\/\/mznoticia.com.br\/jaguariaiva\/#website","url":"https:\/\/mznoticia.com.br\/jaguariaiva\/","name":"Mz Not\u00edcia","description":"A informa\u00e7\u00e3o que voc\u00ea precisa na hora certa!","publisher":{"@id":"https:\/\/mznoticia.com.br\/jaguariaiva\/#organization"},"potentialAction":[{"@type":"SearchAction","target":{"@type":"EntryPoint","urlTemplate":"https:\/\/mznoticia.com.br\/jaguariaiva\/?s={search_term_string}"},"query-input":{"@type":"PropertyValueSpecification","valueRequired":true,"valueName":"search_term_string"}}],"inLanguage":"pt-BR"},{"@type":"Organization","@id":"https:\/\/mznoticia.com.br\/jaguariaiva\/#organization","name":"Mz Not\u00edcia","url":"https:\/\/mznoticia.com.br\/jaguariaiva\/","logo":{"@type":"ImageObject","inLanguage":"pt-BR","@id":"https:\/\/mznoticia.com.br\/jaguariaiva\/#\/schema\/logo\/image\/","url":"https:\/\/mznoticia.com.br\/jaguariaiva\/wp-content\/uploads\/2025\/03\/Design-sem-nome-4-e1741200616392.png","contentUrl":"https:\/\/mznoticia.com.br\/jaguariaiva\/wp-content\/uploads\/2025\/03\/Design-sem-nome-4-e1741200616392.png","width":750,"height":563,"caption":"Mz Not\u00edcia"},"image":{"@id":"https:\/\/mznoticia.com.br\/jaguariaiva\/#\/schema\/logo\/image\/"},"sameAs":["https:\/\/www.facebook.com\/profile.php?id=61573479951222","https:\/\/www.instagram.com\/mz.jaguariaiva\/"]},{"@type":"Person","@id":"https:\/\/mznoticia.com.br\/jaguariaiva\/#\/schema\/person\/84012d827247b3f42f37b550da79cd03","name":"Redacao mz","image":{"@type":"ImageObject","inLanguage":"pt-BR","@id":"https:\/\/mznoticia.com.br\/jaguariaiva\/wp-content\/uploads\/2025\/02\/mznoticia_jaguariaiva_coluna-150x150.png","url":"https:\/\/mznoticia.com.br\/jaguariaiva\/wp-content\/uploads\/2025\/02\/mznoticia_jaguariaiva_coluna-150x150.png","contentUrl":"https:\/\/mznoticia.com.br\/jaguariaiva\/wp-content\/uploads\/2025\/02\/mznoticia_jaguariaiva_coluna-150x150.png","caption":"Redacao mz"},"sameAs":["http:\/\/mznoticia.com.br"],"url":"https:\/\/mznoticia.com.br\/jaguariaiva\/author\/lucimara\/"}]}},"_links":{"self":[{"href":"https:\/\/mznoticia.com.br\/jaguariaiva\/wp-json\/wp\/v2\/posts\/6939","targetHints":{"allow":["GET"]}}],"collection":[{"href":"https:\/\/mznoticia.com.br\/jaguariaiva\/wp-json\/wp\/v2\/posts"}],"about":[{"href":"https:\/\/mznoticia.com.br\/jaguariaiva\/wp-json\/wp\/v2\/types\/post"}],"author":[{"embeddable":true,"href":"https:\/\/mznoticia.com.br\/jaguariaiva\/wp-json\/wp\/v2\/users\/16"}],"replies":[{"embeddable":true,"href":"https:\/\/mznoticia.com.br\/jaguariaiva\/wp-json\/wp\/v2\/comments?post=6939"}],"version-history":[{"count":1,"href":"https:\/\/mznoticia.com.br\/jaguariaiva\/wp-json\/wp\/v2\/posts\/6939\/revisions"}],"predecessor-version":[{"id":6941,"href":"https:\/\/mznoticia.com.br\/jaguariaiva\/wp-json\/wp\/v2\/posts\/6939\/revisions\/6941"}],"wp:featuredmedia":[{"embeddable":true,"href":"https:\/\/mznoticia.com.br\/jaguariaiva\/wp-json\/wp\/v2\/media\/6940"}],"wp:attachment":[{"href":"https:\/\/mznoticia.com.br\/jaguariaiva\/wp-json\/wp\/v2\/media?parent=6939"}],"wp:term":[{"taxonomy":"category","embeddable":true,"href":"https:\/\/mznoticia.com.br\/jaguariaiva\/wp-json\/wp\/v2\/categories?post=6939"},{"taxonomy":"post_tag","embeddable":true,"href":"https:\/\/mznoticia.com.br\/jaguariaiva\/wp-json\/wp\/v2\/tags?post=6939"}],"curies":[{"name":"wp","href":"https:\/\/api.w.org\/{rel}","templated":true}]}}