{"id":6987,"date":"2026-08-25T12:35:58","date_gmt":"2026-08-25T12:35:58","guid":{"rendered":"https:\/\/mznoticia.com.br\/jaguariaiva\/?p=6987"},"modified":"2026-08-25T12:35:58","modified_gmt":"2026-08-25T12:35:58","slug":"suspeito-da-chacina-de-icaraima-surpreende-ao-dizer-que-nao-sabe-por-que-foi-preso","status":"publish","type":"post","link":"https:\/\/mznoticia.com.br\/jaguariaiva\/suspeito-da-chacina-de-icaraima-surpreende-ao-dizer-que-nao-sabe-por-que-foi-preso\/","title":{"rendered":"Suspeito da chacina de Icara\u00edma surpreende ao dizer que n\u00e3o sabe por que foi preso"},"content":{"rendered":"<h2>Paulo Ricardo Buscariollo foi preso ap\u00f3s cerca de um ano foragido e afirmou durante audi\u00eancia de cust\u00f3dia, em S\u00e3o Paulo, que ainda n\u00e3o sabia exatamente o motivo da pris\u00e3o<\/h2>\n<p class=\"isSelectedEnd\">Uma declara\u00e7\u00e3o de Paulo Ricardo Buscariollo chamou a aten\u00e7\u00e3o durante uma audi\u00eancia de cust\u00f3dia realizada em S\u00e3o Paulo. Suspeito de envolvimento na chacina de Icara\u00edma, no Noroeste do Paran\u00e1, ele afirmou que ainda n\u00e3o sabia exatamente por que havia sido preso.<\/p>\n<p class=\"isSelectedEnd\">Ao ser questionado durante a audi\u00eancia se sabia o motivo da pris\u00e3o, Paulo respondeu:<\/p>\n<blockquote>\n<p class=\"isSelectedEnd\">\u201cCertinho, certinho, ainda n\u00e3o.\u201d<\/p>\n<\/blockquote>\n<p class=\"isSelectedEnd\">O homem foi preso ap\u00f3s permanecer cerca de um ano foragido. Ele \u00e9 investigado pela participa\u00e7\u00e3o na morte de quatro homens em Icara\u00edma.<\/p>\n<h2>Suspeitos foram presos em S\u00e3o Paulo<\/h2>\n<p class=\"isSelectedEnd\">Paulo Ricardo e o pai, Ant\u00f4nio Buscariollo, foram localizados em um s\u00edtio na cidade de Rio das Pedras, no interior de S\u00e3o Paulo. Os dois estavam foragidos havia aproximadamente um ano.<\/p>\n<p class=\"isSelectedEnd\">O irm\u00e3o de Paulo, Carlos Henrique Buscariollo, tamb\u00e9m foi preso. Ele foi localizado em uma resid\u00eancia em Santa B\u00e1rbara d\u2019Oeste, tamb\u00e9m no estado de S\u00e3o Paulo.<\/p>\n<p class=\"isSelectedEnd\">Os tr\u00eas s\u00e3o investigados pela participa\u00e7\u00e3o nas mortes de Robishley Hirnani de Oliveira, Rafael Juliano Marascalchi, Diego Henrique Afonso e Alencar Gon\u00e7alves de Souza.<\/p>\n<p class=\"isSelectedEnd\">Segundo as investiga\u00e7\u00f5es, as quatro v\u00edtimas foram executadas durante uma tentativa de cobran\u00e7a de d\u00edvida.<\/p>\n<h2>Audi\u00eancia n\u00e3o tratou da chacina<\/h2>\n<p class=\"isSelectedEnd\">Durante a audi\u00eancia de cust\u00f3dia, Paulo e os demais suspeitos n\u00e3o foram interrogados sobre a chacina.<\/p>\n<p class=\"isSelectedEnd\">O procedimento teve como objetivo verificar as circunst\u00e2ncias das pris\u00f5es e se houve alguma irregularidade durante a abordagem policial.<\/p>\n<p class=\"isSelectedEnd\">Por isso, a declara\u00e7\u00e3o de Paulo sobre n\u00e3o saber exatamente o motivo da pris\u00e3o ocorreu durante o procedimento destinado a analisar a legalidade da deten\u00e7\u00e3o, e n\u00e3o durante um interrogat\u00f3rio sobre o crime.<\/p>\n<p class=\"isSelectedEnd\">A defesa dos tr\u00eas suspeitos nega o envolvimento deles na chacina.<\/p>\n<h2>Pol\u00edcia aponta poss\u00edvel lideran\u00e7a de Carlos Henrique<\/h2>\n<p class=\"isSelectedEnd\">De acordo com a investiga\u00e7\u00e3o da Pol\u00edcia Civil de Icara\u00edma, Carlos Henrique Buscariollo seria apontado como o mentor do crime, enquanto Ant\u00f4nio e Paulo teriam participado da execu\u00e7\u00e3o.<\/p>\n<p class=\"isSelectedEnd\">O delegado Thiago Ign\u00e1cio afirmou que Carlos Henrique teria liderado a a\u00e7\u00e3o criminosa.<\/p>\n<p class=\"isSelectedEnd\">Ainda segundo a pol\u00edcia, Ant\u00f4nio e Paulo teriam sido as \u00faltimas pessoas a manter contato com as quatro v\u00edtimas antes das mortes.<\/p>\n<h2>Investiga\u00e7\u00e3o ainda n\u00e3o foi conclu\u00edda<\/h2>\n<p class=\"isSelectedEnd\">A investiga\u00e7\u00e3o continua em andamento e outros suspeitos ainda s\u00e3o apurados pela Pol\u00edcia Civil.<\/p>\n<p class=\"isSelectedEnd\">Segundo o delegado, os materiais relacionados \u00e0s pessoas investigadas est\u00e3o sendo analisados. A participa\u00e7\u00e3o de cada suspeito dever\u00e1 ser esclarecida ap\u00f3s a conclus\u00e3o dos relat\u00f3rios.<\/p>\n<p>O caso segue sob investiga\u00e7\u00e3o para determinar a responsabilidade de cada envolvido na chacina de Icara\u00edma.<\/p>\n","protected":false},"excerpt":{"rendered":"<p>Paulo Ricardo Buscariollo foi preso ap\u00f3s cerca de um ano foragido e afirmou durante audi\u00eancia de cust\u00f3dia, em S\u00e3o Paulo, que ainda n\u00e3o sabia exatamente o motivo da pris\u00e3o Uma declara\u00e7\u00e3o de Paulo Ricardo Buscariollo chamou a aten\u00e7\u00e3o durante uma audi\u00eancia de cust\u00f3dia realizada em S\u00e3o Paulo. Suspeito de envolvimento na chacina de Icara\u00edma, no [&hellip;]<\/p>\n","protected":false},"author":16,"featured_media":6988,"comment_status":"open","ping_status":"open","sticky":false,"template":"","format":"standard","meta":{"footnotes":""},"categories":[4],"tags":[2607,1687,317,77,515,650,2243,113,316,2608],"class_list":["post-6987","post","type-post","status-publish","format-standard","has-post-thumbnail","hentry","category-policial","tag-chacina-de-icaraima","tag-icaraima","tag-investigacao","tag-parana","tag-policia-civil","tag-prisao","tag-rio-das-pedras","tag-sao-paulo","tag-seguranca-publica","tag-suspeitos"],"yoast_head":"<!-- This site is optimized with the Yoast SEO plugin v28.1 - https:\/\/yoast.com\/product\/yoast-seo-wordpress\/ -->\n<title>Suspeito da chacina de Icara\u00edma surpreende ao dizer que n\u00e3o sabe por que foi preso - Mz Not\u00edcias<\/title>\n<meta name=\"robots\" content=\"index, follow, max-snippet:-1, max-image-preview:large, max-video-preview:-1\" \/>\n<link rel=\"canonical\" href=\"https:\/\/mznoticia.com.br\/jaguariaiva\/suspeito-da-chacina-de-icaraima-surpreende-ao-dizer-que-nao-sabe-por-que-foi-preso\/\" \/>\n<meta property=\"og:locale\" content=\"pt_BR\" \/>\n<meta property=\"og:type\" content=\"article\" \/>\n<meta property=\"og:title\" content=\"Suspeito da chacina de Icara\u00edma surpreende ao dizer que n\u00e3o sabe por que foi preso - Mz Not\u00edcias\" \/>\n<meta property=\"og:description\" content=\"Paulo Ricardo Buscariollo foi preso ap\u00f3s cerca de um ano foragido e afirmou durante audi\u00eancia de cust\u00f3dia, em S\u00e3o Paulo, que ainda n\u00e3o sabia exatamente o motivo da pris\u00e3o Uma declara\u00e7\u00e3o de Paulo Ricardo Buscariollo chamou a aten\u00e7\u00e3o durante uma audi\u00eancia de cust\u00f3dia realizada em S\u00e3o Paulo. Suspeito de envolvimento na chacina de Icara\u00edma, no [&hellip;]\" \/>\n<meta property=\"og:url\" content=\"https:\/\/mznoticia.com.br\/jaguariaiva\/suspeito-da-chacina-de-icaraima-surpreende-ao-dizer-que-nao-sabe-por-que-foi-preso\/\" \/>\n<meta property=\"og:site_name\" content=\"Mz Not\u00edcias\" \/>\n<meta property=\"article:publisher\" content=\"https:\/\/www.facebook.com\/profile.php?id=61573479951222\" \/>\n<meta property=\"article:published_time\" content=\"2026-08-25T12:35:58+00:00\" \/>\n<meta property=\"og:image\" content=\"https:\/\/mznoticia.com.br\/jaguariaiva\/wp-content\/uploads\/2026\/08\/102-5.jpg\" \/>\n\t<meta property=\"og:image:width\" content=\"960\" \/>\n\t<meta property=\"og:image:height\" content=\"592\" \/>\n\t<meta property=\"og:image:type\" content=\"image\/jpeg\" \/>\n<meta name=\"author\" content=\"Redacao mz\" \/>\n<meta name=\"twitter:card\" content=\"summary_large_image\" \/>\n<meta name=\"twitter:label1\" content=\"Escrito por\" \/>\n\t<meta name=\"twitter:data1\" content=\"Redacao mz\" \/>\n\t<meta name=\"twitter:label2\" content=\"Est. tempo de leitura\" \/>\n\t<meta name=\"twitter:data2\" content=\"3 minutos\" \/>\n<script type=\"application\/ld+json\" class=\"yoast-schema-graph\">{\"@context\":\"https:\\\/\\\/schema.org\",\"@graph\":[{\"@type\":\"Article\",\"@id\":\"https:\\\/\\\/mznoticia.com.br\\\/jaguariaiva\\\/suspeito-da-chacina-de-icaraima-surpreende-ao-dizer-que-nao-sabe-por-que-foi-preso\\\/#article\",\"isPartOf\":{\"@id\":\"https:\\\/\\\/mznoticia.com.br\\\/jaguariaiva\\\/suspeito-da-chacina-de-icaraima-surpreende-ao-dizer-que-nao-sabe-por-que-foi-preso\\\/\"},\"author\":{\"name\":\"Redacao mz\",\"@id\":\"https:\\\/\\\/mznoticia.com.br\\\/jaguariaiva\\\/#\\\/schema\\\/person\\\/84012d827247b3f42f37b550da79cd03\"},\"headline\":\"Suspeito da chacina de Icara\u00edma surpreende ao dizer que n\u00e3o sabe por que foi preso\",\"datePublished\":\"2026-08-25T12:35:58+00:00\",\"mainEntityOfPage\":{\"@id\":\"https:\\\/\\\/mznoticia.com.br\\\/jaguariaiva\\\/suspeito-da-chacina-de-icaraima-surpreende-ao-dizer-que-nao-sabe-por-que-foi-preso\\\/\"},\"wordCount\":521,\"commentCount\":0,\"publisher\":{\"@id\":\"https:\\\/\\\/mznoticia.com.br\\\/jaguariaiva\\\/#organization\"},\"image\":{\"@id\":\"https:\\\/\\\/mznoticia.com.br\\\/jaguariaiva\\\/suspeito-da-chacina-de-icaraima-surpreende-ao-dizer-que-nao-sabe-por-que-foi-preso\\\/#primaryimage\"},\"thumbnailUrl\":\"https:\\\/\\\/mznoticia.com.br\\\/jaguariaiva\\\/wp-content\\\/uploads\\\/2026\\\/08\\\/102-5.jpg\",\"keywords\":[\"Chacina de Icara\u00edma\",\"Icara\u00edma\",\"Investiga\u00e7\u00e3o\",\"parana\",\"Pol\u00edcia Civil\",\"Pris\u00e3o\",\"Rio das Pedras\",\"S\u00e3o Paulo\",\"Seguran\u00e7a P\u00fablica\",\"Suspeitos\"],\"articleSection\":[\"Policial\"],\"inLanguage\":\"pt-BR\",\"potentialAction\":[{\"@type\":\"CommentAction\",\"name\":\"Comment\",\"target\":[\"https:\\\/\\\/mznoticia.com.br\\\/jaguariaiva\\\/suspeito-da-chacina-de-icaraima-surpreende-ao-dizer-que-nao-sabe-por-que-foi-preso\\\/#respond\"]}]},{\"@type\":\"WebPage\",\"@id\":\"https:\\\/\\\/mznoticia.com.br\\\/jaguariaiva\\\/suspeito-da-chacina-de-icaraima-surpreende-ao-dizer-que-nao-sabe-por-que-foi-preso\\\/\",\"url\":\"https:\\\/\\\/mznoticia.com.br\\\/jaguariaiva\\\/suspeito-da-chacina-de-icaraima-surpreende-ao-dizer-que-nao-sabe-por-que-foi-preso\\\/\",\"name\":\"Suspeito da chacina de Icara\u00edma surpreende ao dizer que n\u00e3o sabe por que foi preso - Mz Not\u00edcias\",\"isPartOf\":{\"@id\":\"https:\\\/\\\/mznoticia.com.br\\\/jaguariaiva\\\/#website\"},\"primaryImageOfPage\":{\"@id\":\"https:\\\/\\\/mznoticia.com.br\\\/jaguariaiva\\\/suspeito-da-chacina-de-icaraima-surpreende-ao-dizer-que-nao-sabe-por-que-foi-preso\\\/#primaryimage\"},\"image\":{\"@id\":\"https:\\\/\\\/mznoticia.com.br\\\/jaguariaiva\\\/suspeito-da-chacina-de-icaraima-surpreende-ao-dizer-que-nao-sabe-por-que-foi-preso\\\/#primaryimage\"},\"thumbnailUrl\":\"https:\\\/\\\/mznoticia.com.br\\\/jaguariaiva\\\/wp-content\\\/uploads\\\/2026\\\/08\\\/102-5.jpg\",\"datePublished\":\"2026-08-25T12:35:58+00:00\",\"breadcrumb\":{\"@id\":\"https:\\\/\\\/mznoticia.com.br\\\/jaguariaiva\\\/suspeito-da-chacina-de-icaraima-surpreende-ao-dizer-que-nao-sabe-por-que-foi-preso\\\/#breadcrumb\"},\"inLanguage\":\"pt-BR\",\"potentialAction\":[{\"@type\":\"ReadAction\",\"target\":[\"https:\\\/\\\/mznoticia.com.br\\\/jaguariaiva\\\/suspeito-da-chacina-de-icaraima-surpreende-ao-dizer-que-nao-sabe-por-que-foi-preso\\\/\"]}]},{\"@type\":\"ImageObject\",\"inLanguage\":\"pt-BR\",\"@id\":\"https:\\\/\\\/mznoticia.com.br\\\/jaguariaiva\\\/suspeito-da-chacina-de-icaraima-surpreende-ao-dizer-que-nao-sabe-por-que-foi-preso\\\/#primaryimage\",\"url\":\"https:\\\/\\\/mznoticia.com.br\\\/jaguariaiva\\\/wp-content\\\/uploads\\\/2026\\\/08\\\/102-5.jpg\",\"contentUrl\":\"https:\\\/\\\/mznoticia.com.br\\\/jaguariaiva\\\/wp-content\\\/uploads\\\/2026\\\/08\\\/102-5.jpg\",\"width\":960,\"height\":592},{\"@type\":\"BreadcrumbList\",\"@id\":\"https:\\\/\\\/mznoticia.com.br\\\/jaguariaiva\\\/suspeito-da-chacina-de-icaraima-surpreende-ao-dizer-que-nao-sabe-por-que-foi-preso\\\/#breadcrumb\",\"itemListElement\":[{\"@type\":\"ListItem\",\"position\":1,\"name\":\"Home\",\"item\":\"https:\\\/\\\/mznoticia.com.br\\\/jaguariaiva\\\/\"},{\"@type\":\"ListItem\",\"position\":2,\"name\":\"Suspeito da chacina de Icara\u00edma surpreende ao dizer que n\u00e3o sabe por que foi preso\"}]},{\"@type\":\"WebSite\",\"@id\":\"https:\\\/\\\/mznoticia.com.br\\\/jaguariaiva\\\/#website\",\"url\":\"https:\\\/\\\/mznoticia.com.br\\\/jaguariaiva\\\/\",\"name\":\"Mz Not\u00edcia\",\"description\":\"A informa\u00e7\u00e3o que voc\u00ea precisa na hora certa!\",\"publisher\":{\"@id\":\"https:\\\/\\\/mznoticia.com.br\\\/jaguariaiva\\\/#organization\"},\"potentialAction\":[{\"@type\":\"SearchAction\",\"target\":{\"@type\":\"EntryPoint\",\"urlTemplate\":\"https:\\\/\\\/mznoticia.com.br\\\/jaguariaiva\\\/?s={search_term_string}\"},\"query-input\":{\"@type\":\"PropertyValueSpecification\",\"valueRequired\":true,\"valueName\":\"search_term_string\"}}],\"inLanguage\":\"pt-BR\"},{\"@type\":\"Organization\",\"@id\":\"https:\\\/\\\/mznoticia.com.br\\\/jaguariaiva\\\/#organization\",\"name\":\"Mz Not\u00edcia\",\"url\":\"https:\\\/\\\/mznoticia.com.br\\\/jaguariaiva\\\/\",\"logo\":{\"@type\":\"ImageObject\",\"inLanguage\":\"pt-BR\",\"@id\":\"https:\\\/\\\/mznoticia.com.br\\\/jaguariaiva\\\/#\\\/schema\\\/logo\\\/image\\\/\",\"url\":\"https:\\\/\\\/mznoticia.com.br\\\/jaguariaiva\\\/wp-content\\\/uploads\\\/2025\\\/03\\\/Design-sem-nome-4-e1741200616392.png\",\"contentUrl\":\"https:\\\/\\\/mznoticia.com.br\\\/jaguariaiva\\\/wp-content\\\/uploads\\\/2025\\\/03\\\/Design-sem-nome-4-e1741200616392.png\",\"width\":750,\"height\":563,\"caption\":\"Mz Not\u00edcia\"},\"image\":{\"@id\":\"https:\\\/\\\/mznoticia.com.br\\\/jaguariaiva\\\/#\\\/schema\\\/logo\\\/image\\\/\"},\"sameAs\":[\"https:\\\/\\\/www.facebook.com\\\/profile.php?id=61573479951222\",\"https:\\\/\\\/www.instagram.com\\\/mz.jaguariaiva\\\/\"]},{\"@type\":\"Person\",\"@id\":\"https:\\\/\\\/mznoticia.com.br\\\/jaguariaiva\\\/#\\\/schema\\\/person\\\/84012d827247b3f42f37b550da79cd03\",\"name\":\"Redacao mz\",\"image\":{\"@type\":\"ImageObject\",\"inLanguage\":\"pt-BR\",\"@id\":\"https:\\\/\\\/mznoticia.com.br\\\/jaguariaiva\\\/wp-content\\\/uploads\\\/2025\\\/02\\\/mznoticia_jaguariaiva_coluna-150x150.png\",\"url\":\"https:\\\/\\\/mznoticia.com.br\\\/jaguariaiva\\\/wp-content\\\/uploads\\\/2025\\\/02\\\/mznoticia_jaguariaiva_coluna-150x150.png\",\"contentUrl\":\"https:\\\/\\\/mznoticia.com.br\\\/jaguariaiva\\\/wp-content\\\/uploads\\\/2025\\\/02\\\/mznoticia_jaguariaiva_coluna-150x150.png\",\"caption\":\"Redacao mz\"},\"sameAs\":[\"http:\\\/\\\/mznoticia.com.br\"],\"url\":\"https:\\\/\\\/mznoticia.com.br\\\/jaguariaiva\\\/author\\\/lucimara\\\/\"}]}<\/script>\n<!-- \/ Yoast SEO plugin. -->","yoast_head_json":{"title":"Suspeito da chacina de Icara\u00edma surpreende ao dizer que n\u00e3o sabe por que foi preso - Mz Not\u00edcias","robots":{"index":"index","follow":"follow","max-snippet":"max-snippet:-1","max-image-preview":"max-image-preview:large","max-video-preview":"max-video-preview:-1"},"canonical":"https:\/\/mznoticia.com.br\/jaguariaiva\/suspeito-da-chacina-de-icaraima-surpreende-ao-dizer-que-nao-sabe-por-que-foi-preso\/","og_locale":"pt_BR","og_type":"article","og_title":"Suspeito da chacina de Icara\u00edma surpreende ao dizer que n\u00e3o sabe por que foi preso - Mz Not\u00edcias","og_description":"Paulo Ricardo Buscariollo foi preso ap\u00f3s cerca de um ano foragido e afirmou durante audi\u00eancia de cust\u00f3dia, em S\u00e3o Paulo, que ainda n\u00e3o sabia exatamente o motivo da pris\u00e3o Uma declara\u00e7\u00e3o de Paulo Ricardo Buscariollo chamou a aten\u00e7\u00e3o durante uma audi\u00eancia de cust\u00f3dia realizada em S\u00e3o Paulo. Suspeito de envolvimento na chacina de Icara\u00edma, no [&hellip;]","og_url":"https:\/\/mznoticia.com.br\/jaguariaiva\/suspeito-da-chacina-de-icaraima-surpreende-ao-dizer-que-nao-sabe-por-que-foi-preso\/","og_site_name":"Mz Not\u00edcias","article_publisher":"https:\/\/www.facebook.com\/profile.php?id=61573479951222","article_published_time":"2026-08-25T12:35:58+00:00","og_image":[{"width":960,"height":592,"url":"https:\/\/mznoticia.com.br\/jaguariaiva\/wp-content\/uploads\/2026\/08\/102-5.jpg","type":"image\/jpeg"}],"author":"Redacao mz","twitter_card":"summary_large_image","twitter_misc":{"Escrito por":"Redacao mz","Est. tempo de leitura":"3 minutos"},"schema":{"@context":"https:\/\/schema.org","@graph":[{"@type":"Article","@id":"https:\/\/mznoticia.com.br\/jaguariaiva\/suspeito-da-chacina-de-icaraima-surpreende-ao-dizer-que-nao-sabe-por-que-foi-preso\/#article","isPartOf":{"@id":"https:\/\/mznoticia.com.br\/jaguariaiva\/suspeito-da-chacina-de-icaraima-surpreende-ao-dizer-que-nao-sabe-por-que-foi-preso\/"},"author":{"name":"Redacao mz","@id":"https:\/\/mznoticia.com.br\/jaguariaiva\/#\/schema\/person\/84012d827247b3f42f37b550da79cd03"},"headline":"Suspeito da chacina de Icara\u00edma surpreende ao dizer que n\u00e3o sabe por que foi preso","datePublished":"2026-08-25T12:35:58+00:00","mainEntityOfPage":{"@id":"https:\/\/mznoticia.com.br\/jaguariaiva\/suspeito-da-chacina-de-icaraima-surpreende-ao-dizer-que-nao-sabe-por-que-foi-preso\/"},"wordCount":521,"commentCount":0,"publisher":{"@id":"https:\/\/mznoticia.com.br\/jaguariaiva\/#organization"},"image":{"@id":"https:\/\/mznoticia.com.br\/jaguariaiva\/suspeito-da-chacina-de-icaraima-surpreende-ao-dizer-que-nao-sabe-por-que-foi-preso\/#primaryimage"},"thumbnailUrl":"https:\/\/mznoticia.com.br\/jaguariaiva\/wp-content\/uploads\/2026\/08\/102-5.jpg","keywords":["Chacina de Icara\u00edma","Icara\u00edma","Investiga\u00e7\u00e3o","parana","Pol\u00edcia Civil","Pris\u00e3o","Rio das Pedras","S\u00e3o Paulo","Seguran\u00e7a P\u00fablica","Suspeitos"],"articleSection":["Policial"],"inLanguage":"pt-BR","potentialAction":[{"@type":"CommentAction","name":"Comment","target":["https:\/\/mznoticia.com.br\/jaguariaiva\/suspeito-da-chacina-de-icaraima-surpreende-ao-dizer-que-nao-sabe-por-que-foi-preso\/#respond"]}]},{"@type":"WebPage","@id":"https:\/\/mznoticia.com.br\/jaguariaiva\/suspeito-da-chacina-de-icaraima-surpreende-ao-dizer-que-nao-sabe-por-que-foi-preso\/","url":"https:\/\/mznoticia.com.br\/jaguariaiva\/suspeito-da-chacina-de-icaraima-surpreende-ao-dizer-que-nao-sabe-por-que-foi-preso\/","name":"Suspeito da chacina de Icara\u00edma surpreende ao dizer que n\u00e3o sabe por que foi preso - Mz Not\u00edcias","isPartOf":{"@id":"https:\/\/mznoticia.com.br\/jaguariaiva\/#website"},"primaryImageOfPage":{"@id":"https:\/\/mznoticia.com.br\/jaguariaiva\/suspeito-da-chacina-de-icaraima-surpreende-ao-dizer-que-nao-sabe-por-que-foi-preso\/#primaryimage"},"image":{"@id":"https:\/\/mznoticia.com.br\/jaguariaiva\/suspeito-da-chacina-de-icaraima-surpreende-ao-dizer-que-nao-sabe-por-que-foi-preso\/#primaryimage"},"thumbnailUrl":"https:\/\/mznoticia.com.br\/jaguariaiva\/wp-content\/uploads\/2026\/08\/102-5.jpg","datePublished":"2026-08-25T12:35:58+00:00","breadcrumb":{"@id":"https:\/\/mznoticia.com.br\/jaguariaiva\/suspeito-da-chacina-de-icaraima-surpreende-ao-dizer-que-nao-sabe-por-que-foi-preso\/#breadcrumb"},"inLanguage":"pt-BR","potentialAction":[{"@type":"ReadAction","target":["https:\/\/mznoticia.com.br\/jaguariaiva\/suspeito-da-chacina-de-icaraima-surpreende-ao-dizer-que-nao-sabe-por-que-foi-preso\/"]}]},{"@type":"ImageObject","inLanguage":"pt-BR","@id":"https:\/\/mznoticia.com.br\/jaguariaiva\/suspeito-da-chacina-de-icaraima-surpreende-ao-dizer-que-nao-sabe-por-que-foi-preso\/#primaryimage","url":"https:\/\/mznoticia.com.br\/jaguariaiva\/wp-content\/uploads\/2026\/08\/102-5.jpg","contentUrl":"https:\/\/mznoticia.com.br\/jaguariaiva\/wp-content\/uploads\/2026\/08\/102-5.jpg","width":960,"height":592},{"@type":"BreadcrumbList","@id":"https:\/\/mznoticia.com.br\/jaguariaiva\/suspeito-da-chacina-de-icaraima-surpreende-ao-dizer-que-nao-sabe-por-que-foi-preso\/#breadcrumb","itemListElement":[{"@type":"ListItem","position":1,"name":"Home","item":"https:\/\/mznoticia.com.br\/jaguariaiva\/"},{"@type":"ListItem","position":2,"name":"Suspeito da chacina de Icara\u00edma surpreende ao dizer que n\u00e3o sabe por que foi preso"}]},{"@type":"WebSite","@id":"https:\/\/mznoticia.com.br\/jaguariaiva\/#website","url":"https:\/\/mznoticia.com.br\/jaguariaiva\/","name":"Mz Not\u00edcia","description":"A informa\u00e7\u00e3o que voc\u00ea precisa na hora certa!","publisher":{"@id":"https:\/\/mznoticia.com.br\/jaguariaiva\/#organization"},"potentialAction":[{"@type":"SearchAction","target":{"@type":"EntryPoint","urlTemplate":"https:\/\/mznoticia.com.br\/jaguariaiva\/?s={search_term_string}"},"query-input":{"@type":"PropertyValueSpecification","valueRequired":true,"valueName":"search_term_string"}}],"inLanguage":"pt-BR"},{"@type":"Organization","@id":"https:\/\/mznoticia.com.br\/jaguariaiva\/#organization","name":"Mz Not\u00edcia","url":"https:\/\/mznoticia.com.br\/jaguariaiva\/","logo":{"@type":"ImageObject","inLanguage":"pt-BR","@id":"https:\/\/mznoticia.com.br\/jaguariaiva\/#\/schema\/logo\/image\/","url":"https:\/\/mznoticia.com.br\/jaguariaiva\/wp-content\/uploads\/2025\/03\/Design-sem-nome-4-e1741200616392.png","contentUrl":"https:\/\/mznoticia.com.br\/jaguariaiva\/wp-content\/uploads\/2025\/03\/Design-sem-nome-4-e1741200616392.png","width":750,"height":563,"caption":"Mz Not\u00edcia"},"image":{"@id":"https:\/\/mznoticia.com.br\/jaguariaiva\/#\/schema\/logo\/image\/"},"sameAs":["https:\/\/www.facebook.com\/profile.php?id=61573479951222","https:\/\/www.instagram.com\/mz.jaguariaiva\/"]},{"@type":"Person","@id":"https:\/\/mznoticia.com.br\/jaguariaiva\/#\/schema\/person\/84012d827247b3f42f37b550da79cd03","name":"Redacao mz","image":{"@type":"ImageObject","inLanguage":"pt-BR","@id":"https:\/\/mznoticia.com.br\/jaguariaiva\/wp-content\/uploads\/2025\/02\/mznoticia_jaguariaiva_coluna-150x150.png","url":"https:\/\/mznoticia.com.br\/jaguariaiva\/wp-content\/uploads\/2025\/02\/mznoticia_jaguariaiva_coluna-150x150.png","contentUrl":"https:\/\/mznoticia.com.br\/jaguariaiva\/wp-content\/uploads\/2025\/02\/mznoticia_jaguariaiva_coluna-150x150.png","caption":"Redacao mz"},"sameAs":["http:\/\/mznoticia.com.br"],"url":"https:\/\/mznoticia.com.br\/jaguariaiva\/author\/lucimara\/"}]}},"_links":{"self":[{"href":"https:\/\/mznoticia.com.br\/jaguariaiva\/wp-json\/wp\/v2\/posts\/6987","targetHints":{"allow":["GET"]}}],"collection":[{"href":"https:\/\/mznoticia.com.br\/jaguariaiva\/wp-json\/wp\/v2\/posts"}],"about":[{"href":"https:\/\/mznoticia.com.br\/jaguariaiva\/wp-json\/wp\/v2\/types\/post"}],"author":[{"embeddable":true,"href":"https:\/\/mznoticia.com.br\/jaguariaiva\/wp-json\/wp\/v2\/users\/16"}],"replies":[{"embeddable":true,"href":"https:\/\/mznoticia.com.br\/jaguariaiva\/wp-json\/wp\/v2\/comments?post=6987"}],"version-history":[{"count":1,"href":"https:\/\/mznoticia.com.br\/jaguariaiva\/wp-json\/wp\/v2\/posts\/6987\/revisions"}],"predecessor-version":[{"id":6989,"href":"https:\/\/mznoticia.com.br\/jaguariaiva\/wp-json\/wp\/v2\/posts\/6987\/revisions\/6989"}],"wp:featuredmedia":[{"embeddable":true,"href":"https:\/\/mznoticia.com.br\/jaguariaiva\/wp-json\/wp\/v2\/media\/6988"}],"wp:attachment":[{"href":"https:\/\/mznoticia.com.br\/jaguariaiva\/wp-json\/wp\/v2\/media?parent=6987"}],"wp:term":[{"taxonomy":"category","embeddable":true,"href":"https:\/\/mznoticia.com.br\/jaguariaiva\/wp-json\/wp\/v2\/categories?post=6987"},{"taxonomy":"post_tag","embeddable":true,"href":"https:\/\/mznoticia.com.br\/jaguariaiva\/wp-json\/wp\/v2\/tags?post=6987"}],"curies":[{"name":"wp","href":"https:\/\/api.w.org\/{rel}","templated":true}]}}