{"id":6994,"date":"2026-08-25T13:23:09","date_gmt":"2026-08-25T13:23:09","guid":{"rendered":"https:\/\/mznoticia.com.br\/jaguariaiva\/?p=6994"},"modified":"2026-08-25T13:23:09","modified_gmt":"2026-08-25T13:23:09","slug":"policiais-militares-sao-denunciados-por-roubo-a-caminhoneiro-na-br-376","status":"publish","type":"post","link":"https:\/\/mznoticia.com.br\/jaguariaiva\/policiais-militares-sao-denunciados-por-roubo-a-caminhoneiro-na-br-376\/","title":{"rendered":"Policiais militares s\u00e3o denunciados por roubo a caminhoneiro na BR-376"},"content":{"rendered":"<h2>Quatro agentes s\u00e3o suspeitos de abordar motorista durante o servi\u00e7o, lev\u00e1-lo para local isolado sob amea\u00e7a e roubar celulares<\/h2>\n<p class=\"isSelectedEnd\">Quatro policiais militares foram denunciados pelo Minist\u00e9rio P\u00fablico do Paran\u00e1 (MPPR) sob suspeita de praticarem roubo qualificado contra um caminhoneiro durante o hor\u00e1rio de servi\u00e7o. O caso aconteceu em setembro de 2025 e a a\u00e7\u00e3o penal, decorrente da Opera\u00e7\u00e3o Rapina, foi recebida pela Vara da Auditoria da Justi\u00e7a Militar Criminal de Curitiba.<\/p>\n<p class=\"isSelectedEnd\">Segundo a den\u00fancia, os policiais integravam uma equipe que estava em uma viatura quando abordaram um motorista de caminh\u00e3o-cegonha no p\u00e1tio de um posto de combust\u00edveis \u00e0s margens da BR-376.<\/p>\n<h2>Caminhoneiro teria sido levado para local isolado<\/h2>\n<p class=\"isSelectedEnd\">Conforme o Minist\u00e9rio P\u00fablico, os policiais teriam abordado a v\u00edtima com armas de fogo em punho e, sob amea\u00e7a, obrigado o caminhoneiro a conduzir o ve\u00edculo de carga at\u00e9 um local isolado.<\/p>\n<p class=\"isSelectedEnd\">No local, os agentes s\u00e3o suspeitos de terem levado aparelhos celulares para proveito pr\u00f3prio.<\/p>\n<p class=\"isSelectedEnd\">Ainda segundo a den\u00fancia, n\u00e3o teria sido realizado qualquer registro ou apreens\u00e3o formal que conferisse legalidade \u00e0 a\u00e7\u00e3o.<\/p>\n<h2>Justi\u00e7a mant\u00e9m medidas cautelares<\/h2>\n<p class=\"isSelectedEnd\">Ap\u00f3s o recebimento da a\u00e7\u00e3o penal, a Justi\u00e7a Militar manteve as medidas cautelares diversas da pris\u00e3o que j\u00e1 haviam sido determinadas em fevereiro de 2026 contra os quatro investigados.<\/p>\n<p class=\"isSelectedEnd\">Entre as restri\u00e7\u00f5es impostas est\u00e3o:<\/p>\n<ul data-spread=\"false\">\n<li>afastamento das atividades operacionais;<\/li>\n<li>proibi\u00e7\u00e3o do uso de fardamento;<\/li>\n<li>proibi\u00e7\u00e3o do uso de armamento da corpora\u00e7\u00e3o ou particular;<\/li>\n<li>suspens\u00e3o do acesso aos sistemas de investiga\u00e7\u00e3o policial;<\/li>\n<li>proibi\u00e7\u00e3o de deixar a comarca sem autoriza\u00e7\u00e3o judicial;<\/li>\n<li>obriga\u00e7\u00e3o de comparecer aos atos processuais.<\/li>\n<\/ul>\n<p class=\"isSelectedEnd\">Os policiais respondem \u00e0 a\u00e7\u00e3o penal sob suspeita de roubo qualificado.<\/p>\n<h2>MP pede indeniza\u00e7\u00e3o de R$ 50 mil<\/h2>\n<p class=\"isSelectedEnd\">Al\u00e9m da responsabiliza\u00e7\u00e3o na esfera penal militar, o Minist\u00e9rio P\u00fablico requereu que seja estabelecido um valor m\u00ednimo de R$ 50 mil para indeniza\u00e7\u00e3o por danos morais em favor da v\u00edtima.<\/p>\n<p class=\"isSelectedEnd\">O Grupo de Atua\u00e7\u00e3o Especial de Combate ao Crime Organizado (Gaeco) tamb\u00e9m solicitou o compartilhamento do procedimento investigat\u00f3rio com a Corregedoria da Pol\u00edcia Militar do Paran\u00e1.<\/p>\n<p class=\"isSelectedEnd\">A medida tem o objetivo de permitir a apura\u00e7\u00e3o administrativa dos fatos e de eventuais outros crimes identificados durante o processo.<\/p>\n<h2>Mandados foram cumpridos em Curitiba e Joinville<\/h2>\n<p class=\"isSelectedEnd\">O caso teve novos desdobramentos em 26 de fevereiro de 2026, quando os quatro policiais foram alvo de mandados de busca e apreens\u00e3o em Curitiba e Joinville, em Santa Catarina.<\/p>\n<p class=\"isSelectedEnd\">A a\u00e7\u00e3o tamb\u00e9m fez parte da Opera\u00e7\u00e3o Rapina, deflagrada pelo n\u00facleo de Curitiba do Gaeco, com apoio da Corregedoria-Geral da Pol\u00edcia Militar do Paran\u00e1 e do Gaeco de Santa Catarina.<\/p>\n<p class=\"isSelectedEnd\">As ordens foram autorizadas pela Vara de Auditoria da Justi\u00e7a Militar do Paran\u00e1.<\/p>\n<p class=\"isSelectedEnd\">Durante o cumprimento dos mandados, foram apreendidos celulares, documentos, valores e outros materiais.<\/p>\n<p>O processo segue na Justi\u00e7a Militar para apura\u00e7\u00e3o dos fatos e da eventual responsabilidade dos policiais.<\/p>\n","protected":false},"excerpt":{"rendered":"<p>Quatro agentes s\u00e3o suspeitos de abordar motorista durante o servi\u00e7o, lev\u00e1-lo para local isolado sob amea\u00e7a e roubar celulares Quatro policiais militares foram denunciados pelo Minist\u00e9rio P\u00fablico do Paran\u00e1 (MPPR) sob suspeita de praticarem roubo qualificado contra um caminhoneiro durante o hor\u00e1rio de servi\u00e7o. O caso aconteceu em setembro de 2025 e a a\u00e7\u00e3o penal, [&hellip;]<\/p>\n","protected":false},"author":16,"featured_media":6995,"comment_status":"open","ping_status":"open","sticky":false,"template":"","format":"standard","meta":{"footnotes":""},"categories":[4],"tags":[1413,1137,786,159,2343,2616,1895,2615,77,892,139,163,316],"class_list":["post-6994","post","type-post","status-publish","format-standard","has-post-thumbnail","hentry","category-policial","tag-br-376","tag-caminhoneiro","tag-curitiba","tag-gaeco","tag-joinville","tag-justica-militar","tag-mppr","tag-operacao-rapina","tag-parana","tag-pmpr","tag-policia-militar","tag-roubo","tag-seguranca-publica"],"yoast_head":"<!-- This site is optimized with the Yoast SEO plugin v28.1 - https:\/\/yoast.com\/product\/yoast-seo-wordpress\/ -->\n<title>Policiais militares s\u00e3o denunciados por roubo a caminhoneiro na BR-376 - Mz Not\u00edcias<\/title>\n<meta name=\"description\" content=\"Quatro policiais militares foram denunciados por suspeita de roubo qualificado contra caminhoneiro durante abordagem na BR-376. Caso \u00e9 investigado pela Justi\u00e7a Militar.\" \/>\n<meta name=\"robots\" content=\"index, follow, max-snippet:-1, max-image-preview:large, max-video-preview:-1\" \/>\n<link rel=\"canonical\" href=\"https:\/\/mznoticia.com.br\/jaguariaiva\/policiais-militares-sao-denunciados-por-roubo-a-caminhoneiro-na-br-376\/\" \/>\n<meta property=\"og:locale\" content=\"pt_BR\" \/>\n<meta property=\"og:type\" content=\"article\" \/>\n<meta property=\"og:title\" content=\"Policiais militares s\u00e3o denunciados por roubo a caminhoneiro na BR-376 - Mz Not\u00edcias\" \/>\n<meta property=\"og:description\" content=\"Quatro policiais militares foram denunciados por suspeita de roubo qualificado contra caminhoneiro durante abordagem na BR-376. Caso \u00e9 investigado pela Justi\u00e7a Militar.\" \/>\n<meta property=\"og:url\" content=\"https:\/\/mznoticia.com.br\/jaguariaiva\/policiais-militares-sao-denunciados-por-roubo-a-caminhoneiro-na-br-376\/\" \/>\n<meta property=\"og:site_name\" content=\"Mz Not\u00edcias\" \/>\n<meta property=\"article:publisher\" content=\"https:\/\/www.facebook.com\/profile.php?id=61573479951222\" \/>\n<meta property=\"article:published_time\" content=\"2026-08-25T13:23:09+00:00\" \/>\n<meta property=\"og:image\" content=\"https:\/\/mznoticia.com.br\/jaguariaiva\/wp-content\/uploads\/2026\/08\/polic.jpg\" \/>\n\t<meta property=\"og:image:width\" content=\"1280\" \/>\n\t<meta property=\"og:image:height\" content=\"853\" \/>\n\t<meta property=\"og:image:type\" content=\"image\/jpeg\" \/>\n<meta name=\"author\" content=\"Redacao mz\" \/>\n<meta name=\"twitter:card\" content=\"summary_large_image\" \/>\n<meta name=\"twitter:label1\" content=\"Escrito por\" \/>\n\t<meta name=\"twitter:data1\" content=\"Redacao mz\" \/>\n\t<meta name=\"twitter:label2\" content=\"Est. tempo de leitura\" \/>\n\t<meta name=\"twitter:data2\" content=\"3 minutos\" \/>\n<script type=\"application\/ld+json\" class=\"yoast-schema-graph\">{\"@context\":\"https:\\\/\\\/schema.org\",\"@graph\":[{\"@type\":\"Article\",\"@id\":\"https:\\\/\\\/mznoticia.com.br\\\/jaguariaiva\\\/policiais-militares-sao-denunciados-por-roubo-a-caminhoneiro-na-br-376\\\/#article\",\"isPartOf\":{\"@id\":\"https:\\\/\\\/mznoticia.com.br\\\/jaguariaiva\\\/policiais-militares-sao-denunciados-por-roubo-a-caminhoneiro-na-br-376\\\/\"},\"author\":{\"name\":\"Redacao mz\",\"@id\":\"https:\\\/\\\/mznoticia.com.br\\\/jaguariaiva\\\/#\\\/schema\\\/person\\\/84012d827247b3f42f37b550da79cd03\"},\"headline\":\"Policiais militares s\u00e3o denunciados por roubo a caminhoneiro na BR-376\",\"datePublished\":\"2026-08-25T13:23:09+00:00\",\"mainEntityOfPage\":{\"@id\":\"https:\\\/\\\/mznoticia.com.br\\\/jaguariaiva\\\/policiais-militares-sao-denunciados-por-roubo-a-caminhoneiro-na-br-376\\\/\"},\"wordCount\":522,\"commentCount\":0,\"publisher\":{\"@id\":\"https:\\\/\\\/mznoticia.com.br\\\/jaguariaiva\\\/#organization\"},\"image\":{\"@id\":\"https:\\\/\\\/mznoticia.com.br\\\/jaguariaiva\\\/policiais-militares-sao-denunciados-por-roubo-a-caminhoneiro-na-br-376\\\/#primaryimage\"},\"thumbnailUrl\":\"https:\\\/\\\/mznoticia.com.br\\\/jaguariaiva\\\/wp-content\\\/uploads\\\/2026\\\/08\\\/polic.jpg\",\"keywords\":[\"BR-376\",\"Caminhoneiro\",\"Curitiba\",\"gaeco\",\"Joinville\",\"Justi\u00e7a Militar\",\"MPPR\",\"Opera\u00e7\u00e3o Rapina\",\"parana\",\"PMPR\",\"pol\u00edcia militar\",\"roubo\",\"Seguran\u00e7a P\u00fablica\"],\"articleSection\":[\"Policial\"],\"inLanguage\":\"pt-BR\",\"potentialAction\":[{\"@type\":\"CommentAction\",\"name\":\"Comment\",\"target\":[\"https:\\\/\\\/mznoticia.com.br\\\/jaguariaiva\\\/policiais-militares-sao-denunciados-por-roubo-a-caminhoneiro-na-br-376\\\/#respond\"]}]},{\"@type\":\"WebPage\",\"@id\":\"https:\\\/\\\/mznoticia.com.br\\\/jaguariaiva\\\/policiais-militares-sao-denunciados-por-roubo-a-caminhoneiro-na-br-376\\\/\",\"url\":\"https:\\\/\\\/mznoticia.com.br\\\/jaguariaiva\\\/policiais-militares-sao-denunciados-por-roubo-a-caminhoneiro-na-br-376\\\/\",\"name\":\"Policiais militares s\u00e3o denunciados por roubo a caminhoneiro na BR-376 - Mz Not\u00edcias\",\"isPartOf\":{\"@id\":\"https:\\\/\\\/mznoticia.com.br\\\/jaguariaiva\\\/#website\"},\"primaryImageOfPage\":{\"@id\":\"https:\\\/\\\/mznoticia.com.br\\\/jaguariaiva\\\/policiais-militares-sao-denunciados-por-roubo-a-caminhoneiro-na-br-376\\\/#primaryimage\"},\"image\":{\"@id\":\"https:\\\/\\\/mznoticia.com.br\\\/jaguariaiva\\\/policiais-militares-sao-denunciados-por-roubo-a-caminhoneiro-na-br-376\\\/#primaryimage\"},\"thumbnailUrl\":\"https:\\\/\\\/mznoticia.com.br\\\/jaguariaiva\\\/wp-content\\\/uploads\\\/2026\\\/08\\\/polic.jpg\",\"datePublished\":\"2026-08-25T13:23:09+00:00\",\"description\":\"Quatro policiais militares foram denunciados por suspeita de roubo qualificado contra caminhoneiro durante abordagem na BR-376. Caso \u00e9 investigado pela Justi\u00e7a Militar.\",\"breadcrumb\":{\"@id\":\"https:\\\/\\\/mznoticia.com.br\\\/jaguariaiva\\\/policiais-militares-sao-denunciados-por-roubo-a-caminhoneiro-na-br-376\\\/#breadcrumb\"},\"inLanguage\":\"pt-BR\",\"potentialAction\":[{\"@type\":\"ReadAction\",\"target\":[\"https:\\\/\\\/mznoticia.com.br\\\/jaguariaiva\\\/policiais-militares-sao-denunciados-por-roubo-a-caminhoneiro-na-br-376\\\/\"]}]},{\"@type\":\"ImageObject\",\"inLanguage\":\"pt-BR\",\"@id\":\"https:\\\/\\\/mznoticia.com.br\\\/jaguariaiva\\\/policiais-militares-sao-denunciados-por-roubo-a-caminhoneiro-na-br-376\\\/#primaryimage\",\"url\":\"https:\\\/\\\/mznoticia.com.br\\\/jaguariaiva\\\/wp-content\\\/uploads\\\/2026\\\/08\\\/polic.jpg\",\"contentUrl\":\"https:\\\/\\\/mznoticia.com.br\\\/jaguariaiva\\\/wp-content\\\/uploads\\\/2026\\\/08\\\/polic.jpg\",\"width\":1280,\"height\":853},{\"@type\":\"BreadcrumbList\",\"@id\":\"https:\\\/\\\/mznoticia.com.br\\\/jaguariaiva\\\/policiais-militares-sao-denunciados-por-roubo-a-caminhoneiro-na-br-376\\\/#breadcrumb\",\"itemListElement\":[{\"@type\":\"ListItem\",\"position\":1,\"name\":\"Home\",\"item\":\"https:\\\/\\\/mznoticia.com.br\\\/jaguariaiva\\\/\"},{\"@type\":\"ListItem\",\"position\":2,\"name\":\"Policiais militares s\u00e3o denunciados por roubo a caminhoneiro na BR-376\"}]},{\"@type\":\"WebSite\",\"@id\":\"https:\\\/\\\/mznoticia.com.br\\\/jaguariaiva\\\/#website\",\"url\":\"https:\\\/\\\/mznoticia.com.br\\\/jaguariaiva\\\/\",\"name\":\"Mz Not\u00edcia\",\"description\":\"A informa\u00e7\u00e3o que voc\u00ea precisa na hora certa!\",\"publisher\":{\"@id\":\"https:\\\/\\\/mznoticia.com.br\\\/jaguariaiva\\\/#organization\"},\"potentialAction\":[{\"@type\":\"SearchAction\",\"target\":{\"@type\":\"EntryPoint\",\"urlTemplate\":\"https:\\\/\\\/mznoticia.com.br\\\/jaguariaiva\\\/?s={search_term_string}\"},\"query-input\":{\"@type\":\"PropertyValueSpecification\",\"valueRequired\":true,\"valueName\":\"search_term_string\"}}],\"inLanguage\":\"pt-BR\"},{\"@type\":\"Organization\",\"@id\":\"https:\\\/\\\/mznoticia.com.br\\\/jaguariaiva\\\/#organization\",\"name\":\"Mz Not\u00edcia\",\"url\":\"https:\\\/\\\/mznoticia.com.br\\\/jaguariaiva\\\/\",\"logo\":{\"@type\":\"ImageObject\",\"inLanguage\":\"pt-BR\",\"@id\":\"https:\\\/\\\/mznoticia.com.br\\\/jaguariaiva\\\/#\\\/schema\\\/logo\\\/image\\\/\",\"url\":\"https:\\\/\\\/mznoticia.com.br\\\/jaguariaiva\\\/wp-content\\\/uploads\\\/2025\\\/03\\\/Design-sem-nome-4-e1741200616392.png\",\"contentUrl\":\"https:\\\/\\\/mznoticia.com.br\\\/jaguariaiva\\\/wp-content\\\/uploads\\\/2025\\\/03\\\/Design-sem-nome-4-e1741200616392.png\",\"width\":750,\"height\":563,\"caption\":\"Mz Not\u00edcia\"},\"image\":{\"@id\":\"https:\\\/\\\/mznoticia.com.br\\\/jaguariaiva\\\/#\\\/schema\\\/logo\\\/image\\\/\"},\"sameAs\":[\"https:\\\/\\\/www.facebook.com\\\/profile.php?id=61573479951222\",\"https:\\\/\\\/www.instagram.com\\\/mz.jaguariaiva\\\/\"]},{\"@type\":\"Person\",\"@id\":\"https:\\\/\\\/mznoticia.com.br\\\/jaguariaiva\\\/#\\\/schema\\\/person\\\/84012d827247b3f42f37b550da79cd03\",\"name\":\"Redacao mz\",\"image\":{\"@type\":\"ImageObject\",\"inLanguage\":\"pt-BR\",\"@id\":\"https:\\\/\\\/mznoticia.com.br\\\/jaguariaiva\\\/wp-content\\\/uploads\\\/2025\\\/02\\\/mznoticia_jaguariaiva_coluna-150x150.png\",\"url\":\"https:\\\/\\\/mznoticia.com.br\\\/jaguariaiva\\\/wp-content\\\/uploads\\\/2025\\\/02\\\/mznoticia_jaguariaiva_coluna-150x150.png\",\"contentUrl\":\"https:\\\/\\\/mznoticia.com.br\\\/jaguariaiva\\\/wp-content\\\/uploads\\\/2025\\\/02\\\/mznoticia_jaguariaiva_coluna-150x150.png\",\"caption\":\"Redacao mz\"},\"sameAs\":[\"http:\\\/\\\/mznoticia.com.br\"],\"url\":\"https:\\\/\\\/mznoticia.com.br\\\/jaguariaiva\\\/author\\\/lucimara\\\/\"}]}<\/script>\n<!-- \/ Yoast SEO plugin. -->","yoast_head_json":{"title":"Policiais militares s\u00e3o denunciados por roubo a caminhoneiro na BR-376 - Mz Not\u00edcias","description":"Quatro policiais militares foram denunciados por suspeita de roubo qualificado contra caminhoneiro durante abordagem na BR-376. Caso \u00e9 investigado pela Justi\u00e7a Militar.","robots":{"index":"index","follow":"follow","max-snippet":"max-snippet:-1","max-image-preview":"max-image-preview:large","max-video-preview":"max-video-preview:-1"},"canonical":"https:\/\/mznoticia.com.br\/jaguariaiva\/policiais-militares-sao-denunciados-por-roubo-a-caminhoneiro-na-br-376\/","og_locale":"pt_BR","og_type":"article","og_title":"Policiais militares s\u00e3o denunciados por roubo a caminhoneiro na BR-376 - Mz Not\u00edcias","og_description":"Quatro policiais militares foram denunciados por suspeita de roubo qualificado contra caminhoneiro durante abordagem na BR-376. Caso \u00e9 investigado pela Justi\u00e7a Militar.","og_url":"https:\/\/mznoticia.com.br\/jaguariaiva\/policiais-militares-sao-denunciados-por-roubo-a-caminhoneiro-na-br-376\/","og_site_name":"Mz Not\u00edcias","article_publisher":"https:\/\/www.facebook.com\/profile.php?id=61573479951222","article_published_time":"2026-08-25T13:23:09+00:00","og_image":[{"width":1280,"height":853,"url":"https:\/\/mznoticia.com.br\/jaguariaiva\/wp-content\/uploads\/2026\/08\/polic.jpg","type":"image\/jpeg"}],"author":"Redacao mz","twitter_card":"summary_large_image","twitter_misc":{"Escrito por":"Redacao mz","Est. tempo de leitura":"3 minutos"},"schema":{"@context":"https:\/\/schema.org","@graph":[{"@type":"Article","@id":"https:\/\/mznoticia.com.br\/jaguariaiva\/policiais-militares-sao-denunciados-por-roubo-a-caminhoneiro-na-br-376\/#article","isPartOf":{"@id":"https:\/\/mznoticia.com.br\/jaguariaiva\/policiais-militares-sao-denunciados-por-roubo-a-caminhoneiro-na-br-376\/"},"author":{"name":"Redacao mz","@id":"https:\/\/mznoticia.com.br\/jaguariaiva\/#\/schema\/person\/84012d827247b3f42f37b550da79cd03"},"headline":"Policiais militares s\u00e3o denunciados por roubo a caminhoneiro na BR-376","datePublished":"2026-08-25T13:23:09+00:00","mainEntityOfPage":{"@id":"https:\/\/mznoticia.com.br\/jaguariaiva\/policiais-militares-sao-denunciados-por-roubo-a-caminhoneiro-na-br-376\/"},"wordCount":522,"commentCount":0,"publisher":{"@id":"https:\/\/mznoticia.com.br\/jaguariaiva\/#organization"},"image":{"@id":"https:\/\/mznoticia.com.br\/jaguariaiva\/policiais-militares-sao-denunciados-por-roubo-a-caminhoneiro-na-br-376\/#primaryimage"},"thumbnailUrl":"https:\/\/mznoticia.com.br\/jaguariaiva\/wp-content\/uploads\/2026\/08\/polic.jpg","keywords":["BR-376","Caminhoneiro","Curitiba","gaeco","Joinville","Justi\u00e7a Militar","MPPR","Opera\u00e7\u00e3o Rapina","parana","PMPR","pol\u00edcia militar","roubo","Seguran\u00e7a P\u00fablica"],"articleSection":["Policial"],"inLanguage":"pt-BR","potentialAction":[{"@type":"CommentAction","name":"Comment","target":["https:\/\/mznoticia.com.br\/jaguariaiva\/policiais-militares-sao-denunciados-por-roubo-a-caminhoneiro-na-br-376\/#respond"]}]},{"@type":"WebPage","@id":"https:\/\/mznoticia.com.br\/jaguariaiva\/policiais-militares-sao-denunciados-por-roubo-a-caminhoneiro-na-br-376\/","url":"https:\/\/mznoticia.com.br\/jaguariaiva\/policiais-militares-sao-denunciados-por-roubo-a-caminhoneiro-na-br-376\/","name":"Policiais militares s\u00e3o denunciados por roubo a caminhoneiro na BR-376 - Mz Not\u00edcias","isPartOf":{"@id":"https:\/\/mznoticia.com.br\/jaguariaiva\/#website"},"primaryImageOfPage":{"@id":"https:\/\/mznoticia.com.br\/jaguariaiva\/policiais-militares-sao-denunciados-por-roubo-a-caminhoneiro-na-br-376\/#primaryimage"},"image":{"@id":"https:\/\/mznoticia.com.br\/jaguariaiva\/policiais-militares-sao-denunciados-por-roubo-a-caminhoneiro-na-br-376\/#primaryimage"},"thumbnailUrl":"https:\/\/mznoticia.com.br\/jaguariaiva\/wp-content\/uploads\/2026\/08\/polic.jpg","datePublished":"2026-08-25T13:23:09+00:00","description":"Quatro policiais militares foram denunciados por suspeita de roubo qualificado contra caminhoneiro durante abordagem na BR-376. Caso \u00e9 investigado pela Justi\u00e7a Militar.","breadcrumb":{"@id":"https:\/\/mznoticia.com.br\/jaguariaiva\/policiais-militares-sao-denunciados-por-roubo-a-caminhoneiro-na-br-376\/#breadcrumb"},"inLanguage":"pt-BR","potentialAction":[{"@type":"ReadAction","target":["https:\/\/mznoticia.com.br\/jaguariaiva\/policiais-militares-sao-denunciados-por-roubo-a-caminhoneiro-na-br-376\/"]}]},{"@type":"ImageObject","inLanguage":"pt-BR","@id":"https:\/\/mznoticia.com.br\/jaguariaiva\/policiais-militares-sao-denunciados-por-roubo-a-caminhoneiro-na-br-376\/#primaryimage","url":"https:\/\/mznoticia.com.br\/jaguariaiva\/wp-content\/uploads\/2026\/08\/polic.jpg","contentUrl":"https:\/\/mznoticia.com.br\/jaguariaiva\/wp-content\/uploads\/2026\/08\/polic.jpg","width":1280,"height":853},{"@type":"BreadcrumbList","@id":"https:\/\/mznoticia.com.br\/jaguariaiva\/policiais-militares-sao-denunciados-por-roubo-a-caminhoneiro-na-br-376\/#breadcrumb","itemListElement":[{"@type":"ListItem","position":1,"name":"Home","item":"https:\/\/mznoticia.com.br\/jaguariaiva\/"},{"@type":"ListItem","position":2,"name":"Policiais militares s\u00e3o denunciados por roubo a caminhoneiro na BR-376"}]},{"@type":"WebSite","@id":"https:\/\/mznoticia.com.br\/jaguariaiva\/#website","url":"https:\/\/mznoticia.com.br\/jaguariaiva\/","name":"Mz Not\u00edcia","description":"A informa\u00e7\u00e3o que voc\u00ea precisa na hora certa!","publisher":{"@id":"https:\/\/mznoticia.com.br\/jaguariaiva\/#organization"},"potentialAction":[{"@type":"SearchAction","target":{"@type":"EntryPoint","urlTemplate":"https:\/\/mznoticia.com.br\/jaguariaiva\/?s={search_term_string}"},"query-input":{"@type":"PropertyValueSpecification","valueRequired":true,"valueName":"search_term_string"}}],"inLanguage":"pt-BR"},{"@type":"Organization","@id":"https:\/\/mznoticia.com.br\/jaguariaiva\/#organization","name":"Mz Not\u00edcia","url":"https:\/\/mznoticia.com.br\/jaguariaiva\/","logo":{"@type":"ImageObject","inLanguage":"pt-BR","@id":"https:\/\/mznoticia.com.br\/jaguariaiva\/#\/schema\/logo\/image\/","url":"https:\/\/mznoticia.com.br\/jaguariaiva\/wp-content\/uploads\/2025\/03\/Design-sem-nome-4-e1741200616392.png","contentUrl":"https:\/\/mznoticia.com.br\/jaguariaiva\/wp-content\/uploads\/2025\/03\/Design-sem-nome-4-e1741200616392.png","width":750,"height":563,"caption":"Mz Not\u00edcia"},"image":{"@id":"https:\/\/mznoticia.com.br\/jaguariaiva\/#\/schema\/logo\/image\/"},"sameAs":["https:\/\/www.facebook.com\/profile.php?id=61573479951222","https:\/\/www.instagram.com\/mz.jaguariaiva\/"]},{"@type":"Person","@id":"https:\/\/mznoticia.com.br\/jaguariaiva\/#\/schema\/person\/84012d827247b3f42f37b550da79cd03","name":"Redacao mz","image":{"@type":"ImageObject","inLanguage":"pt-BR","@id":"https:\/\/mznoticia.com.br\/jaguariaiva\/wp-content\/uploads\/2025\/02\/mznoticia_jaguariaiva_coluna-150x150.png","url":"https:\/\/mznoticia.com.br\/jaguariaiva\/wp-content\/uploads\/2025\/02\/mznoticia_jaguariaiva_coluna-150x150.png","contentUrl":"https:\/\/mznoticia.com.br\/jaguariaiva\/wp-content\/uploads\/2025\/02\/mznoticia_jaguariaiva_coluna-150x150.png","caption":"Redacao mz"},"sameAs":["http:\/\/mznoticia.com.br"],"url":"https:\/\/mznoticia.com.br\/jaguariaiva\/author\/lucimara\/"}]}},"_links":{"self":[{"href":"https:\/\/mznoticia.com.br\/jaguariaiva\/wp-json\/wp\/v2\/posts\/6994","targetHints":{"allow":["GET"]}}],"collection":[{"href":"https:\/\/mznoticia.com.br\/jaguariaiva\/wp-json\/wp\/v2\/posts"}],"about":[{"href":"https:\/\/mznoticia.com.br\/jaguariaiva\/wp-json\/wp\/v2\/types\/post"}],"author":[{"embeddable":true,"href":"https:\/\/mznoticia.com.br\/jaguariaiva\/wp-json\/wp\/v2\/users\/16"}],"replies":[{"embeddable":true,"href":"https:\/\/mznoticia.com.br\/jaguariaiva\/wp-json\/wp\/v2\/comments?post=6994"}],"version-history":[{"count":1,"href":"https:\/\/mznoticia.com.br\/jaguariaiva\/wp-json\/wp\/v2\/posts\/6994\/revisions"}],"predecessor-version":[{"id":6996,"href":"https:\/\/mznoticia.com.br\/jaguariaiva\/wp-json\/wp\/v2\/posts\/6994\/revisions\/6996"}],"wp:featuredmedia":[{"embeddable":true,"href":"https:\/\/mznoticia.com.br\/jaguariaiva\/wp-json\/wp\/v2\/media\/6995"}],"wp:attachment":[{"href":"https:\/\/mznoticia.com.br\/jaguariaiva\/wp-json\/wp\/v2\/media?parent=6994"}],"wp:term":[{"taxonomy":"category","embeddable":true,"href":"https:\/\/mznoticia.com.br\/jaguariaiva\/wp-json\/wp\/v2\/categories?post=6994"},{"taxonomy":"post_tag","embeddable":true,"href":"https:\/\/mznoticia.com.br\/jaguariaiva\/wp-json\/wp\/v2\/tags?post=6994"}],"curies":[{"name":"wp","href":"https:\/\/api.w.org\/{rel}","templated":true}]}}