{"id":7001,"date":"2026-08-25T13:54:33","date_gmt":"2026-08-25T13:54:33","guid":{"rendered":"https:\/\/mznoticia.com.br\/jaguariaiva\/?p=7001"},"modified":"2026-08-25T13:54:33","modified_gmt":"2026-08-25T13:54:33","slug":"operario-amplia-jejum-na-serie-b-e-sofre-protestos-da-torcida-em-ponta-grossa","status":"publish","type":"post","link":"https:\/\/mznoticia.com.br\/jaguariaiva\/operario-amplia-jejum-na-serie-b-e-sofre-protestos-da-torcida-em-ponta-grossa\/","title":{"rendered":"Oper\u00e1rio amplia jejum na S\u00e9rie B e sofre protestos da torcida em Ponta Grossa"},"content":{"rendered":"<h2 class=\"PDq2pG_selectionAnchorContainer\" data-section-id=\"1pvzkgm\" data-start=\"81\" data-end=\"186\">Fantasma empata sem gols com o Vila Nova, chega a cinco partidas sem vencer e deixa o G6 da competi\u00e7\u00e3o<\/h2>\n<p data-start=\"188\" data-end=\"437\">O <strong data-start=\"190\" data-end=\"214\">Oper\u00e1rio Ferrovi\u00e1rio<\/strong> vive um momento de press\u00e3o na S\u00e9rie B do Campeonato Brasileiro. O Fantasma empatou em <strong data-start=\"301\" data-end=\"326\">0 a 0 com o Vila Nova<\/strong>, no domingo (24), no Est\u00e1dio Germano Kr\u00fcger, em Ponta Grossa, e chegou ao quinto jogo consecutivo sem vit\u00f3ria.<\/p>\n<p data-start=\"439\" data-end=\"542\">O resultado aumentou a insatisfa\u00e7\u00e3o da torcida, que vaiou a equipe ap\u00f3s mais um trope\u00e7o dentro de casa.<\/p>\n<h2 data-section-id=\"1d2e49j\" data-start=\"544\" data-end=\"566\">Oper\u00e1rio deixa o G6<\/h2>\n<p data-start=\"568\" data-end=\"753\">Com apenas <strong data-start=\"579\" data-end=\"620\">um ponto conquistado no segundo turno<\/strong>, o Oper\u00e1rio deixou a zona de classifica\u00e7\u00e3o para o G6 e corre o risco de terminar a rodada at\u00e9 tr\u00eas pontos atr\u00e1s da zona de playoffs.<\/p>\n<p data-start=\"755\" data-end=\"879\">A equipe soma a mesma pontua\u00e7\u00e3o do CRB, sexto colocado, que ainda entra em campo nesta ter\u00e7a-feira (25), contra o Juventude.<\/p>\n<h2 data-section-id=\"vjlubo\" data-start=\"881\" data-end=\"917\">T\u00e9cnico destaca melhora defensiva<\/h2>\n<p data-start=\"919\" data-end=\"1043\">Apesar do resultado, o t\u00e9cnico <strong data-start=\"950\" data-end=\"968\">Luizinho Lopes<\/strong> avaliou que o time apresentou evolu\u00e7\u00e3o, principalmente no setor defensivo.<\/p>\n<p data-start=\"1045\" data-end=\"1222\">O Oper\u00e1rio vinha de uma sequ\u00eancia de sete partidas sofrendo gols e havia levado <strong data-start=\"1125\" data-end=\"1150\">14 gols nesse per\u00edodo<\/strong>. Contra o Vila Nova, a equipe conseguiu terminar o jogo sem ser vazada.<\/p>\n<p data-start=\"1224\" data-end=\"1365\">O treinador tamb\u00e9m reconheceu que a torcida tem motivos para cobrar a equipe, especialmente diante da expectativa criada durante a temporada.<\/p>\n<h2 data-section-id=\"onor2u\" data-start=\"1367\" data-end=\"1394\">Sonho do acesso continua<\/h2>\n<p data-start=\"1396\" data-end=\"1495\">Mesmo com a sequ\u00eancia negativa, Luizinho Lopes afirmou que o objetivo de chegar \u00e0 S\u00e9rie A continua.<\/p>\n<p data-start=\"1497\" data-end=\"1735\">O Oper\u00e1rio ainda ter\u00e1 <strong data-start=\"1519\" data-end=\"1533\">14 rodadas<\/strong> para buscar uma vaga nos playoffs de acesso. Segundo proje\u00e7\u00e3o do Departamento de Matem\u00e1tica da UFMG, uma equipe que alcan\u00e7ar pelo menos <strong data-start=\"1670\" data-end=\"1683\">61 pontos<\/strong> tem mais de 99% de chances de disputar os playoffs.<\/p>\n<p data-start=\"1737\" data-end=\"1837\">Atualmente, o Fantasma precisa conquistar mais <strong data-start=\"1784\" data-end=\"1811\">25 pontos em 14 rodadas<\/strong> para alcan\u00e7ar essa marca.<\/p>\n<h2 data-section-id=\"1rwzfu1\" data-start=\"1839\" data-end=\"1875\">Pr\u00f3ximos jogos ser\u00e3o fora de casa<\/h2>\n<p data-start=\"1877\" data-end=\"1977\">Ap\u00f3s uma semana de prepara\u00e7\u00e3o, o Oper\u00e1rio ter\u00e1 dois compromissos consecutivos longe de Ponta Grossa.<\/p>\n<p data-start=\"1979\" data-end=\"2115\">O primeiro ser\u00e1 contra o <strong data-start=\"2004\" data-end=\"2017\">Fortaleza<\/strong>, em mais um confronto direto, e depois o Fantasma enfrentar\u00e1 o <strong data-start=\"2081\" data-end=\"2093\">Londrina<\/strong>, em duelo paranaense.<\/p>\n<p data-start=\"2117\" data-end=\"2219\">A equipe busca reagir na competi\u00e7\u00e3o para continuar na briga pelo acesso \u00e0 elite do futebol brasileiro.<\/p>\n","protected":false},"excerpt":{"rendered":"<p>Fantasma empata sem gols com o Vila Nova, chega a cinco partidas sem vencer e deixa o G6 da competi\u00e7\u00e3o O Oper\u00e1rio Ferrovi\u00e1rio vive um momento de press\u00e3o na S\u00e9rie B do Campeonato Brasileiro. O Fantasma empatou em 0 a 0 com o Vila Nova, no domingo (24), no Est\u00e1dio Germano Kr\u00fcger, em Ponta Grossa, [&hellip;]<\/p>\n","protected":false},"author":16,"featured_media":7002,"comment_status":"open","ping_status":"open","sticky":false,"template":"","format":"standard","meta":{"footnotes":""},"categories":[9],"tags":[2282,66,2618,765,864,2617,761,24,763,1536],"class_list":["post-7001","post","type-post","status-publish","format-standard","has-post-thumbnail","hentry","category-esportes","tag-brasileirao-serie-b","tag-esportes","tag-futebol-paranaense","tag-germano-kruger","tag-luizinho-lopes","tag-operario","tag-operario-ferroviario","tag-ponta-grossa","tag-serie-b","tag-vila-nova"],"yoast_head":"<!-- This site is optimized with the Yoast SEO plugin v28.1 - https:\/\/yoast.com\/product\/yoast-seo-wordpress\/ -->\n<title>Oper\u00e1rio amplia jejum na S\u00e9rie B e sofre protestos da torcida em Ponta Grossa - Mz Not\u00edcias<\/title>\n<meta name=\"description\" content=\"Oper\u00e1rio empata com o Vila Nova, chega a cinco jogos sem vencer na S\u00e9rie B e deixa o G6. Torcida protesta no Germano Kr\u00fcger.\" \/>\n<meta name=\"robots\" content=\"index, follow, max-snippet:-1, max-image-preview:large, max-video-preview:-1\" \/>\n<link rel=\"canonical\" href=\"https:\/\/mznoticia.com.br\/jaguariaiva\/operario-amplia-jejum-na-serie-b-e-sofre-protestos-da-torcida-em-ponta-grossa\/\" \/>\n<meta property=\"og:locale\" content=\"pt_BR\" \/>\n<meta property=\"og:type\" content=\"article\" \/>\n<meta property=\"og:title\" content=\"Oper\u00e1rio amplia jejum na S\u00e9rie B e sofre protestos da torcida em Ponta Grossa - Mz Not\u00edcias\" \/>\n<meta property=\"og:description\" content=\"Oper\u00e1rio empata com o Vila Nova, chega a cinco jogos sem vencer na S\u00e9rie B e deixa o G6. Torcida protesta no Germano Kr\u00fcger.\" \/>\n<meta property=\"og:url\" content=\"https:\/\/mznoticia.com.br\/jaguariaiva\/operario-amplia-jejum-na-serie-b-e-sofre-protestos-da-torcida-em-ponta-grossa\/\" \/>\n<meta property=\"og:site_name\" content=\"Mz Not\u00edcias\" \/>\n<meta property=\"article:publisher\" content=\"https:\/\/www.facebook.com\/profile.php?id=61573479951222\" \/>\n<meta property=\"article:published_time\" content=\"2026-08-25T13:54:33+00:00\" \/>\n<meta property=\"og:image\" content=\"https:\/\/mznoticia.com.br\/jaguariaiva\/wp-content\/uploads\/2026\/08\/OPERARIO-ARTE-3.jpg\" \/>\n\t<meta property=\"og:image:width\" content=\"1027\" \/>\n\t<meta property=\"og:image:height\" content=\"1027\" \/>\n\t<meta property=\"og:image:type\" content=\"image\/jpeg\" \/>\n<meta name=\"author\" content=\"Redacao mz\" \/>\n<meta name=\"twitter:card\" content=\"summary_large_image\" \/>\n<meta name=\"twitter:label1\" content=\"Escrito por\" \/>\n\t<meta name=\"twitter:data1\" content=\"Redacao mz\" \/>\n\t<meta name=\"twitter:label2\" content=\"Est. tempo de leitura\" \/>\n\t<meta name=\"twitter:data2\" content=\"3 minutos\" \/>\n<script type=\"application\/ld+json\" class=\"yoast-schema-graph\">{\"@context\":\"https:\\\/\\\/schema.org\",\"@graph\":[{\"@type\":\"Article\",\"@id\":\"https:\\\/\\\/mznoticia.com.br\\\/jaguariaiva\\\/operario-amplia-jejum-na-serie-b-e-sofre-protestos-da-torcida-em-ponta-grossa\\\/#article\",\"isPartOf\":{\"@id\":\"https:\\\/\\\/mznoticia.com.br\\\/jaguariaiva\\\/operario-amplia-jejum-na-serie-b-e-sofre-protestos-da-torcida-em-ponta-grossa\\\/\"},\"author\":{\"name\":\"Redacao mz\",\"@id\":\"https:\\\/\\\/mznoticia.com.br\\\/jaguariaiva\\\/#\\\/schema\\\/person\\\/84012d827247b3f42f37b550da79cd03\"},\"headline\":\"Oper\u00e1rio amplia jejum na S\u00e9rie B e sofre protestos da torcida em Ponta Grossa\",\"datePublished\":\"2026-08-25T13:54:33+00:00\",\"mainEntityOfPage\":{\"@id\":\"https:\\\/\\\/mznoticia.com.br\\\/jaguariaiva\\\/operario-amplia-jejum-na-serie-b-e-sofre-protestos-da-torcida-em-ponta-grossa\\\/\"},\"wordCount\":390,\"commentCount\":0,\"publisher\":{\"@id\":\"https:\\\/\\\/mznoticia.com.br\\\/jaguariaiva\\\/#organization\"},\"image\":{\"@id\":\"https:\\\/\\\/mznoticia.com.br\\\/jaguariaiva\\\/operario-amplia-jejum-na-serie-b-e-sofre-protestos-da-torcida-em-ponta-grossa\\\/#primaryimage\"},\"thumbnailUrl\":\"https:\\\/\\\/mznoticia.com.br\\\/jaguariaiva\\\/wp-content\\\/uploads\\\/2026\\\/08\\\/OPERARIO-ARTE-3.jpg\",\"keywords\":[\"Brasileir\u00e3o S\u00e9rie B\",\"esportes\",\"Futebol Paranaense\",\"Germano Kr\u00fcger\",\"Luizinho Lopes\",\"Oper\u00e1rio\",\"Oper\u00e1rio Ferrovi\u00e1rio\",\"Ponta Grossa\",\"S\u00e9rie B\",\"Vila Nova\"],\"articleSection\":[\"Esportes\"],\"inLanguage\":\"pt-BR\",\"potentialAction\":[{\"@type\":\"CommentAction\",\"name\":\"Comment\",\"target\":[\"https:\\\/\\\/mznoticia.com.br\\\/jaguariaiva\\\/operario-amplia-jejum-na-serie-b-e-sofre-protestos-da-torcida-em-ponta-grossa\\\/#respond\"]}]},{\"@type\":\"WebPage\",\"@id\":\"https:\\\/\\\/mznoticia.com.br\\\/jaguariaiva\\\/operario-amplia-jejum-na-serie-b-e-sofre-protestos-da-torcida-em-ponta-grossa\\\/\",\"url\":\"https:\\\/\\\/mznoticia.com.br\\\/jaguariaiva\\\/operario-amplia-jejum-na-serie-b-e-sofre-protestos-da-torcida-em-ponta-grossa\\\/\",\"name\":\"Oper\u00e1rio amplia jejum na S\u00e9rie B e sofre protestos da torcida em Ponta Grossa - Mz Not\u00edcias\",\"isPartOf\":{\"@id\":\"https:\\\/\\\/mznoticia.com.br\\\/jaguariaiva\\\/#website\"},\"primaryImageOfPage\":{\"@id\":\"https:\\\/\\\/mznoticia.com.br\\\/jaguariaiva\\\/operario-amplia-jejum-na-serie-b-e-sofre-protestos-da-torcida-em-ponta-grossa\\\/#primaryimage\"},\"image\":{\"@id\":\"https:\\\/\\\/mznoticia.com.br\\\/jaguariaiva\\\/operario-amplia-jejum-na-serie-b-e-sofre-protestos-da-torcida-em-ponta-grossa\\\/#primaryimage\"},\"thumbnailUrl\":\"https:\\\/\\\/mznoticia.com.br\\\/jaguariaiva\\\/wp-content\\\/uploads\\\/2026\\\/08\\\/OPERARIO-ARTE-3.jpg\",\"datePublished\":\"2026-08-25T13:54:33+00:00\",\"description\":\"Oper\u00e1rio empata com o Vila Nova, chega a cinco jogos sem vencer na S\u00e9rie B e deixa o G6. Torcida protesta no Germano Kr\u00fcger.\",\"breadcrumb\":{\"@id\":\"https:\\\/\\\/mznoticia.com.br\\\/jaguariaiva\\\/operario-amplia-jejum-na-serie-b-e-sofre-protestos-da-torcida-em-ponta-grossa\\\/#breadcrumb\"},\"inLanguage\":\"pt-BR\",\"potentialAction\":[{\"@type\":\"ReadAction\",\"target\":[\"https:\\\/\\\/mznoticia.com.br\\\/jaguariaiva\\\/operario-amplia-jejum-na-serie-b-e-sofre-protestos-da-torcida-em-ponta-grossa\\\/\"]}]},{\"@type\":\"ImageObject\",\"inLanguage\":\"pt-BR\",\"@id\":\"https:\\\/\\\/mznoticia.com.br\\\/jaguariaiva\\\/operario-amplia-jejum-na-serie-b-e-sofre-protestos-da-torcida-em-ponta-grossa\\\/#primaryimage\",\"url\":\"https:\\\/\\\/mznoticia.com.br\\\/jaguariaiva\\\/wp-content\\\/uploads\\\/2026\\\/08\\\/OPERARIO-ARTE-3.jpg\",\"contentUrl\":\"https:\\\/\\\/mznoticia.com.br\\\/jaguariaiva\\\/wp-content\\\/uploads\\\/2026\\\/08\\\/OPERARIO-ARTE-3.jpg\",\"width\":1027,\"height\":1027},{\"@type\":\"BreadcrumbList\",\"@id\":\"https:\\\/\\\/mznoticia.com.br\\\/jaguariaiva\\\/operario-amplia-jejum-na-serie-b-e-sofre-protestos-da-torcida-em-ponta-grossa\\\/#breadcrumb\",\"itemListElement\":[{\"@type\":\"ListItem\",\"position\":1,\"name\":\"Home\",\"item\":\"https:\\\/\\\/mznoticia.com.br\\\/jaguariaiva\\\/\"},{\"@type\":\"ListItem\",\"position\":2,\"name\":\"Oper\u00e1rio amplia jejum na S\u00e9rie B e sofre protestos da torcida em Ponta Grossa\"}]},{\"@type\":\"WebSite\",\"@id\":\"https:\\\/\\\/mznoticia.com.br\\\/jaguariaiva\\\/#website\",\"url\":\"https:\\\/\\\/mznoticia.com.br\\\/jaguariaiva\\\/\",\"name\":\"Mz Not\u00edcia\",\"description\":\"A informa\u00e7\u00e3o que voc\u00ea precisa na hora certa!\",\"publisher\":{\"@id\":\"https:\\\/\\\/mznoticia.com.br\\\/jaguariaiva\\\/#organization\"},\"potentialAction\":[{\"@type\":\"SearchAction\",\"target\":{\"@type\":\"EntryPoint\",\"urlTemplate\":\"https:\\\/\\\/mznoticia.com.br\\\/jaguariaiva\\\/?s={search_term_string}\"},\"query-input\":{\"@type\":\"PropertyValueSpecification\",\"valueRequired\":true,\"valueName\":\"search_term_string\"}}],\"inLanguage\":\"pt-BR\"},{\"@type\":\"Organization\",\"@id\":\"https:\\\/\\\/mznoticia.com.br\\\/jaguariaiva\\\/#organization\",\"name\":\"Mz Not\u00edcia\",\"url\":\"https:\\\/\\\/mznoticia.com.br\\\/jaguariaiva\\\/\",\"logo\":{\"@type\":\"ImageObject\",\"inLanguage\":\"pt-BR\",\"@id\":\"https:\\\/\\\/mznoticia.com.br\\\/jaguariaiva\\\/#\\\/schema\\\/logo\\\/image\\\/\",\"url\":\"https:\\\/\\\/mznoticia.com.br\\\/jaguariaiva\\\/wp-content\\\/uploads\\\/2025\\\/03\\\/Design-sem-nome-4-e1741200616392.png\",\"contentUrl\":\"https:\\\/\\\/mznoticia.com.br\\\/jaguariaiva\\\/wp-content\\\/uploads\\\/2025\\\/03\\\/Design-sem-nome-4-e1741200616392.png\",\"width\":750,\"height\":563,\"caption\":\"Mz Not\u00edcia\"},\"image\":{\"@id\":\"https:\\\/\\\/mznoticia.com.br\\\/jaguariaiva\\\/#\\\/schema\\\/logo\\\/image\\\/\"},\"sameAs\":[\"https:\\\/\\\/www.facebook.com\\\/profile.php?id=61573479951222\",\"https:\\\/\\\/www.instagram.com\\\/mz.jaguariaiva\\\/\"]},{\"@type\":\"Person\",\"@id\":\"https:\\\/\\\/mznoticia.com.br\\\/jaguariaiva\\\/#\\\/schema\\\/person\\\/84012d827247b3f42f37b550da79cd03\",\"name\":\"Redacao mz\",\"image\":{\"@type\":\"ImageObject\",\"inLanguage\":\"pt-BR\",\"@id\":\"https:\\\/\\\/mznoticia.com.br\\\/jaguariaiva\\\/wp-content\\\/uploads\\\/2025\\\/02\\\/mznoticia_jaguariaiva_coluna-150x150.png\",\"url\":\"https:\\\/\\\/mznoticia.com.br\\\/jaguariaiva\\\/wp-content\\\/uploads\\\/2025\\\/02\\\/mznoticia_jaguariaiva_coluna-150x150.png\",\"contentUrl\":\"https:\\\/\\\/mznoticia.com.br\\\/jaguariaiva\\\/wp-content\\\/uploads\\\/2025\\\/02\\\/mznoticia_jaguariaiva_coluna-150x150.png\",\"caption\":\"Redacao mz\"},\"sameAs\":[\"http:\\\/\\\/mznoticia.com.br\"],\"url\":\"https:\\\/\\\/mznoticia.com.br\\\/jaguariaiva\\\/author\\\/lucimara\\\/\"}]}<\/script>\n<!-- \/ Yoast SEO plugin. -->","yoast_head_json":{"title":"Oper\u00e1rio amplia jejum na S\u00e9rie B e sofre protestos da torcida em Ponta Grossa - Mz Not\u00edcias","description":"Oper\u00e1rio empata com o Vila Nova, chega a cinco jogos sem vencer na S\u00e9rie B e deixa o G6. Torcida protesta no Germano Kr\u00fcger.","robots":{"index":"index","follow":"follow","max-snippet":"max-snippet:-1","max-image-preview":"max-image-preview:large","max-video-preview":"max-video-preview:-1"},"canonical":"https:\/\/mznoticia.com.br\/jaguariaiva\/operario-amplia-jejum-na-serie-b-e-sofre-protestos-da-torcida-em-ponta-grossa\/","og_locale":"pt_BR","og_type":"article","og_title":"Oper\u00e1rio amplia jejum na S\u00e9rie B e sofre protestos da torcida em Ponta Grossa - Mz Not\u00edcias","og_description":"Oper\u00e1rio empata com o Vila Nova, chega a cinco jogos sem vencer na S\u00e9rie B e deixa o G6. Torcida protesta no Germano Kr\u00fcger.","og_url":"https:\/\/mznoticia.com.br\/jaguariaiva\/operario-amplia-jejum-na-serie-b-e-sofre-protestos-da-torcida-em-ponta-grossa\/","og_site_name":"Mz Not\u00edcias","article_publisher":"https:\/\/www.facebook.com\/profile.php?id=61573479951222","article_published_time":"2026-08-25T13:54:33+00:00","og_image":[{"width":1027,"height":1027,"url":"https:\/\/mznoticia.com.br\/jaguariaiva\/wp-content\/uploads\/2026\/08\/OPERARIO-ARTE-3.jpg","type":"image\/jpeg"}],"author":"Redacao mz","twitter_card":"summary_large_image","twitter_misc":{"Escrito por":"Redacao mz","Est. tempo de leitura":"3 minutos"},"schema":{"@context":"https:\/\/schema.org","@graph":[{"@type":"Article","@id":"https:\/\/mznoticia.com.br\/jaguariaiva\/operario-amplia-jejum-na-serie-b-e-sofre-protestos-da-torcida-em-ponta-grossa\/#article","isPartOf":{"@id":"https:\/\/mznoticia.com.br\/jaguariaiva\/operario-amplia-jejum-na-serie-b-e-sofre-protestos-da-torcida-em-ponta-grossa\/"},"author":{"name":"Redacao mz","@id":"https:\/\/mznoticia.com.br\/jaguariaiva\/#\/schema\/person\/84012d827247b3f42f37b550da79cd03"},"headline":"Oper\u00e1rio amplia jejum na S\u00e9rie B e sofre protestos da torcida em Ponta Grossa","datePublished":"2026-08-25T13:54:33+00:00","mainEntityOfPage":{"@id":"https:\/\/mznoticia.com.br\/jaguariaiva\/operario-amplia-jejum-na-serie-b-e-sofre-protestos-da-torcida-em-ponta-grossa\/"},"wordCount":390,"commentCount":0,"publisher":{"@id":"https:\/\/mznoticia.com.br\/jaguariaiva\/#organization"},"image":{"@id":"https:\/\/mznoticia.com.br\/jaguariaiva\/operario-amplia-jejum-na-serie-b-e-sofre-protestos-da-torcida-em-ponta-grossa\/#primaryimage"},"thumbnailUrl":"https:\/\/mznoticia.com.br\/jaguariaiva\/wp-content\/uploads\/2026\/08\/OPERARIO-ARTE-3.jpg","keywords":["Brasileir\u00e3o S\u00e9rie B","esportes","Futebol Paranaense","Germano Kr\u00fcger","Luizinho Lopes","Oper\u00e1rio","Oper\u00e1rio Ferrovi\u00e1rio","Ponta Grossa","S\u00e9rie B","Vila Nova"],"articleSection":["Esportes"],"inLanguage":"pt-BR","potentialAction":[{"@type":"CommentAction","name":"Comment","target":["https:\/\/mznoticia.com.br\/jaguariaiva\/operario-amplia-jejum-na-serie-b-e-sofre-protestos-da-torcida-em-ponta-grossa\/#respond"]}]},{"@type":"WebPage","@id":"https:\/\/mznoticia.com.br\/jaguariaiva\/operario-amplia-jejum-na-serie-b-e-sofre-protestos-da-torcida-em-ponta-grossa\/","url":"https:\/\/mznoticia.com.br\/jaguariaiva\/operario-amplia-jejum-na-serie-b-e-sofre-protestos-da-torcida-em-ponta-grossa\/","name":"Oper\u00e1rio amplia jejum na S\u00e9rie B e sofre protestos da torcida em Ponta Grossa - Mz Not\u00edcias","isPartOf":{"@id":"https:\/\/mznoticia.com.br\/jaguariaiva\/#website"},"primaryImageOfPage":{"@id":"https:\/\/mznoticia.com.br\/jaguariaiva\/operario-amplia-jejum-na-serie-b-e-sofre-protestos-da-torcida-em-ponta-grossa\/#primaryimage"},"image":{"@id":"https:\/\/mznoticia.com.br\/jaguariaiva\/operario-amplia-jejum-na-serie-b-e-sofre-protestos-da-torcida-em-ponta-grossa\/#primaryimage"},"thumbnailUrl":"https:\/\/mznoticia.com.br\/jaguariaiva\/wp-content\/uploads\/2026\/08\/OPERARIO-ARTE-3.jpg","datePublished":"2026-08-25T13:54:33+00:00","description":"Oper\u00e1rio empata com o Vila Nova, chega a cinco jogos sem vencer na S\u00e9rie B e deixa o G6. Torcida protesta no Germano Kr\u00fcger.","breadcrumb":{"@id":"https:\/\/mznoticia.com.br\/jaguariaiva\/operario-amplia-jejum-na-serie-b-e-sofre-protestos-da-torcida-em-ponta-grossa\/#breadcrumb"},"inLanguage":"pt-BR","potentialAction":[{"@type":"ReadAction","target":["https:\/\/mznoticia.com.br\/jaguariaiva\/operario-amplia-jejum-na-serie-b-e-sofre-protestos-da-torcida-em-ponta-grossa\/"]}]},{"@type":"ImageObject","inLanguage":"pt-BR","@id":"https:\/\/mznoticia.com.br\/jaguariaiva\/operario-amplia-jejum-na-serie-b-e-sofre-protestos-da-torcida-em-ponta-grossa\/#primaryimage","url":"https:\/\/mznoticia.com.br\/jaguariaiva\/wp-content\/uploads\/2026\/08\/OPERARIO-ARTE-3.jpg","contentUrl":"https:\/\/mznoticia.com.br\/jaguariaiva\/wp-content\/uploads\/2026\/08\/OPERARIO-ARTE-3.jpg","width":1027,"height":1027},{"@type":"BreadcrumbList","@id":"https:\/\/mznoticia.com.br\/jaguariaiva\/operario-amplia-jejum-na-serie-b-e-sofre-protestos-da-torcida-em-ponta-grossa\/#breadcrumb","itemListElement":[{"@type":"ListItem","position":1,"name":"Home","item":"https:\/\/mznoticia.com.br\/jaguariaiva\/"},{"@type":"ListItem","position":2,"name":"Oper\u00e1rio amplia jejum na S\u00e9rie B e sofre protestos da torcida em Ponta Grossa"}]},{"@type":"WebSite","@id":"https:\/\/mznoticia.com.br\/jaguariaiva\/#website","url":"https:\/\/mznoticia.com.br\/jaguariaiva\/","name":"Mz Not\u00edcia","description":"A informa\u00e7\u00e3o que voc\u00ea precisa na hora certa!","publisher":{"@id":"https:\/\/mznoticia.com.br\/jaguariaiva\/#organization"},"potentialAction":[{"@type":"SearchAction","target":{"@type":"EntryPoint","urlTemplate":"https:\/\/mznoticia.com.br\/jaguariaiva\/?s={search_term_string}"},"query-input":{"@type":"PropertyValueSpecification","valueRequired":true,"valueName":"search_term_string"}}],"inLanguage":"pt-BR"},{"@type":"Organization","@id":"https:\/\/mznoticia.com.br\/jaguariaiva\/#organization","name":"Mz Not\u00edcia","url":"https:\/\/mznoticia.com.br\/jaguariaiva\/","logo":{"@type":"ImageObject","inLanguage":"pt-BR","@id":"https:\/\/mznoticia.com.br\/jaguariaiva\/#\/schema\/logo\/image\/","url":"https:\/\/mznoticia.com.br\/jaguariaiva\/wp-content\/uploads\/2025\/03\/Design-sem-nome-4-e1741200616392.png","contentUrl":"https:\/\/mznoticia.com.br\/jaguariaiva\/wp-content\/uploads\/2025\/03\/Design-sem-nome-4-e1741200616392.png","width":750,"height":563,"caption":"Mz Not\u00edcia"},"image":{"@id":"https:\/\/mznoticia.com.br\/jaguariaiva\/#\/schema\/logo\/image\/"},"sameAs":["https:\/\/www.facebook.com\/profile.php?id=61573479951222","https:\/\/www.instagram.com\/mz.jaguariaiva\/"]},{"@type":"Person","@id":"https:\/\/mznoticia.com.br\/jaguariaiva\/#\/schema\/person\/84012d827247b3f42f37b550da79cd03","name":"Redacao mz","image":{"@type":"ImageObject","inLanguage":"pt-BR","@id":"https:\/\/mznoticia.com.br\/jaguariaiva\/wp-content\/uploads\/2025\/02\/mznoticia_jaguariaiva_coluna-150x150.png","url":"https:\/\/mznoticia.com.br\/jaguariaiva\/wp-content\/uploads\/2025\/02\/mznoticia_jaguariaiva_coluna-150x150.png","contentUrl":"https:\/\/mznoticia.com.br\/jaguariaiva\/wp-content\/uploads\/2025\/02\/mznoticia_jaguariaiva_coluna-150x150.png","caption":"Redacao mz"},"sameAs":["http:\/\/mznoticia.com.br"],"url":"https:\/\/mznoticia.com.br\/jaguariaiva\/author\/lucimara\/"}]}},"_links":{"self":[{"href":"https:\/\/mznoticia.com.br\/jaguariaiva\/wp-json\/wp\/v2\/posts\/7001","targetHints":{"allow":["GET"]}}],"collection":[{"href":"https:\/\/mznoticia.com.br\/jaguariaiva\/wp-json\/wp\/v2\/posts"}],"about":[{"href":"https:\/\/mznoticia.com.br\/jaguariaiva\/wp-json\/wp\/v2\/types\/post"}],"author":[{"embeddable":true,"href":"https:\/\/mznoticia.com.br\/jaguariaiva\/wp-json\/wp\/v2\/users\/16"}],"replies":[{"embeddable":true,"href":"https:\/\/mznoticia.com.br\/jaguariaiva\/wp-json\/wp\/v2\/comments?post=7001"}],"version-history":[{"count":1,"href":"https:\/\/mznoticia.com.br\/jaguariaiva\/wp-json\/wp\/v2\/posts\/7001\/revisions"}],"predecessor-version":[{"id":7003,"href":"https:\/\/mznoticia.com.br\/jaguariaiva\/wp-json\/wp\/v2\/posts\/7001\/revisions\/7003"}],"wp:featuredmedia":[{"embeddable":true,"href":"https:\/\/mznoticia.com.br\/jaguariaiva\/wp-json\/wp\/v2\/media\/7002"}],"wp:attachment":[{"href":"https:\/\/mznoticia.com.br\/jaguariaiva\/wp-json\/wp\/v2\/media?parent=7001"}],"wp:term":[{"taxonomy":"category","embeddable":true,"href":"https:\/\/mznoticia.com.br\/jaguariaiva\/wp-json\/wp\/v2\/categories?post=7001"},{"taxonomy":"post_tag","embeddable":true,"href":"https:\/\/mznoticia.com.br\/jaguariaiva\/wp-json\/wp\/v2\/tags?post=7001"}],"curies":[{"name":"wp","href":"https:\/\/api.w.org\/{rel}","templated":true}]}}