{"id":7007,"date":"2026-08-25T14:25:02","date_gmt":"2026-08-25T14:25:02","guid":{"rendered":"https:\/\/mznoticia.com.br\/jaguariaiva\/?p=7007"},"modified":"2026-08-25T14:29:49","modified_gmt":"2026-08-25T14:29:49","slug":"voluntario-que-ajudou-vitimas-de-tornado-no-parana-perde-a-propria-casa-nove-meses-depois","status":"publish","type":"post","link":"https:\/\/mznoticia.com.br\/jaguariaiva\/voluntario-que-ajudou-vitimas-de-tornado-no-parana-perde-a-propria-casa-nove-meses-depois\/","title":{"rendered":"Volunt\u00e1rio que ajudou v\u00edtimas de tornado no Paran\u00e1 perde a pr\u00f3pria casa nove meses depois"},"content":{"rendered":"<p class=\"isSelectedEnd\"><strong>Morador de Pira\u00ed do Sul havia atuado como volunt\u00e1rio ap\u00f3s tornado que atingiu Rio Bonito do Igua\u00e7u e agora enfrenta a reconstru\u00e7\u00e3o das duas casas da fam\u00edlia.<\/strong><\/p>\n<p class=\"isSelectedEnd\">O paranaense Leandro Ferreira L\u00facio viveu uma situa\u00e7\u00e3o que parece ter repetido uma hist\u00f3ria j\u00e1 conhecida. Nove meses depois de ajudar moradores de Rio Bonito do Igua\u00e7u, atingidos por um tornado em novembro de 2025, ele teve as pr\u00f3prias casas destru\u00eddas pelo mesmo fen\u00f4meno em Pira\u00ed do Sul.<\/p>\n<p class=\"isSelectedEnd\">O tornado atingiu o munic\u00edpio dos Campos Gerais no s\u00e1bado (8), com ventos que passaram de 200 km\/h. Leandro estava construindo uma nova resid\u00eancia para a fam\u00edlia, que estava pr\u00f3xima de ser conclu\u00edda, quando a for\u00e7a dos ventos destruiu tanto o im\u00f3vel em constru\u00e7\u00e3o quanto a casa antiga onde eles moravam.<\/p>\n<h2>Duas casas foram destru\u00eddas<\/h2>\n<p class=\"isSelectedEnd\">Com a passagem do tornado, as duas resid\u00eancias da fam\u00edlia ficaram completamente destru\u00eddas. Eletrodom\u00e9sticos, estruturas e praticamente tudo o que estava nos im\u00f3veis foi perdido.<\/p>\n<p class=\"isSelectedEnd\">Enquanto avaliam como ser\u00e1 a reconstru\u00e7\u00e3o, Leandro e os familiares est\u00e3o abrigados temporariamente na casa de parentes.<\/p>\n<p class=\"isSelectedEnd\">A situa\u00e7\u00e3o fez o morador lembrar da experi\u00eancia vivida meses antes, quando esteve em Rio Bonito do Igua\u00e7u para ajudar pessoas que tamb\u00e9m haviam perdido suas casas ap\u00f3s a passagem de um tornado.<\/p>\n<h2>&#8216;Vai ter que ser tudo do zero&#8217;<\/h2>\n<p class=\"isSelectedEnd\">Em entrevista \u00e0 RPC, Leandro contou que j\u00e1 havia presenciado de perto os estragos provocados por um tornado durante o trabalho volunt\u00e1rio em Rio Bonito do Igua\u00e7u.<\/p>\n<p class=\"isSelectedEnd\">Agora, ele afirma que est\u00e1 enfrentando a mesma realidade das pessoas que ajudou anteriormente.<\/p>\n<blockquote>\n<p class=\"isSelectedEnd\">&#8220;Eu j\u00e1 tinha visto os estragos de um tornado. A hora que eu cheguei l\u00e1, em Rio Bonito do Igua\u00e7u, eu passei a dor das pessoas de l\u00e1, e agora eu estou passando aqui. Da mesma maneira que eu ajudei aquelas pessoas, hoje eu preciso dessa ajuda. Vai ter que ser tudo do zero&#8221;, relatou.<\/p>\n<\/blockquote>\n<h2>Fam\u00edlia n\u00e3o estava em casa durante o tornado<\/h2>\n<p class=\"isSelectedEnd\">Apesar dos preju\u00edzos, Leandro considera que o principal foi preservado: a seguran\u00e7a da fam\u00edlia.<\/p>\n<p class=\"isSelectedEnd\">No momento em que o tornado atingiu a regi\u00e3o, ningu\u00e9m estava dentro das resid\u00eancias.<\/p>\n<p class=\"isSelectedEnd\">A fam\u00edlia havia sa\u00eddo para fazer compras e acabou permanecendo em outro local por cerca de 15 minutos a mais do que o planejado. Foi justamente durante esse intervalo que o fen\u00f4meno atingiu a propriedade.<\/p>\n<h2>&#8216;Quando chegamos l\u00e1, j\u00e1 n\u00e3o tinha mais nada&#8217;<\/h2>\n<p class=\"isSelectedEnd\">Ao retornar para casa, a fam\u00edlia encontrou os im\u00f3veis destru\u00eddos.<\/p>\n<blockquote>\n<p class=\"isSelectedEnd\">&#8220;Quando chegamos l\u00e1, j\u00e1 n\u00e3o tinha mais nada. Estava tudo ca\u00eddo, tudo mo\u00eddo. A gente desceu do carro e fomos correndo a p\u00e9. Quando chegamos l\u00e1 estavam s\u00f3 os peda\u00e7os, tudo tinha sido levado. Foi tudo embora&#8221;, contou Leandro.<\/p>\n<\/blockquote>\n<p>Agora, a fam\u00edlia precisa recome\u00e7ar praticamente do zero e conta com o apoio de parentes enquanto busca alternativas para reconstruir as resid\u00eancias.<\/p>\n","protected":false},"excerpt":{"rendered":"<p>Morador de Pira\u00ed do Sul havia atuado como volunt\u00e1rio ap\u00f3s tornado que atingiu Rio Bonito do Igua\u00e7u e agora enfrenta a reconstru\u00e7\u00e3o das duas casas da fam\u00edlia. O paranaense Leandro Ferreira L\u00facio viveu uma situa\u00e7\u00e3o que parece ter repetido uma hist\u00f3ria j\u00e1 conhecida. Nove meses depois de ajudar moradores de Rio Bonito do Igua\u00e7u, atingidos [&hellip;]<\/p>\n","protected":false},"author":1,"featured_media":7008,"comment_status":"open","ping_status":"open","sticky":false,"template":"","format":"standard","meta":{"footnotes":""},"categories":[6],"tags":[],"class_list":["post-7007","post","type-post","status-publish","format-standard","has-post-thumbnail","hentry","category-jaguariaiva"],"yoast_head":"<!-- This site is optimized with the Yoast SEO plugin v28.1 - https:\/\/yoast.com\/product\/yoast-seo-wordpress\/ -->\n<title>Volunt\u00e1rio que ajudou v\u00edtimas de tornado no Paran\u00e1 perde a pr\u00f3pria casa nove meses depois - Mz Not\u00edcias<\/title>\n<meta name=\"robots\" content=\"index, follow, max-snippet:-1, max-image-preview:large, max-video-preview:-1\" \/>\n<link rel=\"canonical\" href=\"https:\/\/mznoticia.com.br\/jaguariaiva\/voluntario-que-ajudou-vitimas-de-tornado-no-parana-perde-a-propria-casa-nove-meses-depois\/\" \/>\n<meta property=\"og:locale\" content=\"pt_BR\" \/>\n<meta property=\"og:type\" content=\"article\" \/>\n<meta property=\"og:title\" content=\"Volunt\u00e1rio que ajudou v\u00edtimas de tornado no Paran\u00e1 perde a pr\u00f3pria casa nove meses depois - Mz Not\u00edcias\" \/>\n<meta property=\"og:description\" content=\"Morador de Pira\u00ed do Sul havia atuado como volunt\u00e1rio ap\u00f3s tornado que atingiu Rio Bonito do Igua\u00e7u e agora enfrenta a reconstru\u00e7\u00e3o das duas casas da fam\u00edlia. O paranaense Leandro Ferreira L\u00facio viveu uma situa\u00e7\u00e3o que parece ter repetido uma hist\u00f3ria j\u00e1 conhecida. Nove meses depois de ajudar moradores de Rio Bonito do Igua\u00e7u, atingidos [&hellip;]\" \/>\n<meta property=\"og:url\" content=\"https:\/\/mznoticia.com.br\/jaguariaiva\/voluntario-que-ajudou-vitimas-de-tornado-no-parana-perde-a-propria-casa-nove-meses-depois\/\" \/>\n<meta property=\"og:site_name\" content=\"Mz Not\u00edcias\" \/>\n<meta property=\"article:publisher\" content=\"https:\/\/www.facebook.com\/profile.php?id=61573479951222\" \/>\n<meta property=\"article:published_time\" content=\"2026-08-25T14:25:02+00:00\" \/>\n<meta property=\"article:modified_time\" content=\"2026-08-25T14:29:49+00:00\" \/>\n<meta name=\"author\" content=\"admin\" \/>\n<meta name=\"twitter:card\" content=\"summary_large_image\" \/>\n<meta name=\"twitter:label1\" content=\"Escrito por\" \/>\n\t<meta name=\"twitter:data1\" content=\"admin\" \/>\n\t<meta name=\"twitter:label2\" content=\"Est. tempo de leitura\" \/>\n\t<meta name=\"twitter:data2\" content=\"3 minutos\" \/>\n<script type=\"application\/ld+json\" class=\"yoast-schema-graph\">{\"@context\":\"https:\\\/\\\/schema.org\",\"@graph\":[{\"@type\":\"Article\",\"@id\":\"https:\\\/\\\/mznoticia.com.br\\\/jaguariaiva\\\/voluntario-que-ajudou-vitimas-de-tornado-no-parana-perde-a-propria-casa-nove-meses-depois\\\/#article\",\"isPartOf\":{\"@id\":\"https:\\\/\\\/mznoticia.com.br\\\/jaguariaiva\\\/voluntario-que-ajudou-vitimas-de-tornado-no-parana-perde-a-propria-casa-nove-meses-depois\\\/\"},\"author\":{\"name\":\"admin\",\"@id\":\"https:\\\/\\\/mznoticia.com.br\\\/jaguariaiva\\\/#\\\/schema\\\/person\\\/2c8e6591d90fd25419fb5d6ef1cba4a0\"},\"headline\":\"Volunt\u00e1rio que ajudou v\u00edtimas de tornado no Paran\u00e1 perde a pr\u00f3pria casa nove meses depois\",\"datePublished\":\"2026-08-25T14:25:02+00:00\",\"dateModified\":\"2026-08-25T14:29:49+00:00\",\"mainEntityOfPage\":{\"@id\":\"https:\\\/\\\/mznoticia.com.br\\\/jaguariaiva\\\/voluntario-que-ajudou-vitimas-de-tornado-no-parana-perde-a-propria-casa-nove-meses-depois\\\/\"},\"wordCount\":531,\"commentCount\":0,\"publisher\":{\"@id\":\"https:\\\/\\\/mznoticia.com.br\\\/jaguariaiva\\\/#organization\"},\"image\":{\"@id\":\"https:\\\/\\\/mznoticia.com.br\\\/jaguariaiva\\\/voluntario-que-ajudou-vitimas-de-tornado-no-parana-perde-a-propria-casa-nove-meses-depois\\\/#primaryimage\"},\"thumbnailUrl\":\"https:\\\/\\\/mznoticia.com.br\\\/jaguariaiva\\\/wp-content\\\/uploads\\\/2026\\\/08\\\/g1-35-1.avif\",\"articleSection\":[\"Jaguaria\u00edva\"],\"inLanguage\":\"pt-BR\",\"potentialAction\":[{\"@type\":\"CommentAction\",\"name\":\"Comment\",\"target\":[\"https:\\\/\\\/mznoticia.com.br\\\/jaguariaiva\\\/voluntario-que-ajudou-vitimas-de-tornado-no-parana-perde-a-propria-casa-nove-meses-depois\\\/#respond\"]}]},{\"@type\":\"WebPage\",\"@id\":\"https:\\\/\\\/mznoticia.com.br\\\/jaguariaiva\\\/voluntario-que-ajudou-vitimas-de-tornado-no-parana-perde-a-propria-casa-nove-meses-depois\\\/\",\"url\":\"https:\\\/\\\/mznoticia.com.br\\\/jaguariaiva\\\/voluntario-que-ajudou-vitimas-de-tornado-no-parana-perde-a-propria-casa-nove-meses-depois\\\/\",\"name\":\"Volunt\u00e1rio que ajudou v\u00edtimas de tornado no Paran\u00e1 perde a pr\u00f3pria casa nove meses depois - Mz Not\u00edcias\",\"isPartOf\":{\"@id\":\"https:\\\/\\\/mznoticia.com.br\\\/jaguariaiva\\\/#website\"},\"primaryImageOfPage\":{\"@id\":\"https:\\\/\\\/mznoticia.com.br\\\/jaguariaiva\\\/voluntario-que-ajudou-vitimas-de-tornado-no-parana-perde-a-propria-casa-nove-meses-depois\\\/#primaryimage\"},\"image\":{\"@id\":\"https:\\\/\\\/mznoticia.com.br\\\/jaguariaiva\\\/voluntario-que-ajudou-vitimas-de-tornado-no-parana-perde-a-propria-casa-nove-meses-depois\\\/#primaryimage\"},\"thumbnailUrl\":\"https:\\\/\\\/mznoticia.com.br\\\/jaguariaiva\\\/wp-content\\\/uploads\\\/2026\\\/08\\\/g1-35-1.avif\",\"datePublished\":\"2026-08-25T14:25:02+00:00\",\"dateModified\":\"2026-08-25T14:29:49+00:00\",\"breadcrumb\":{\"@id\":\"https:\\\/\\\/mznoticia.com.br\\\/jaguariaiva\\\/voluntario-que-ajudou-vitimas-de-tornado-no-parana-perde-a-propria-casa-nove-meses-depois\\\/#breadcrumb\"},\"inLanguage\":\"pt-BR\",\"potentialAction\":[{\"@type\":\"ReadAction\",\"target\":[\"https:\\\/\\\/mznoticia.com.br\\\/jaguariaiva\\\/voluntario-que-ajudou-vitimas-de-tornado-no-parana-perde-a-propria-casa-nove-meses-depois\\\/\"]}]},{\"@type\":\"ImageObject\",\"inLanguage\":\"pt-BR\",\"@id\":\"https:\\\/\\\/mznoticia.com.br\\\/jaguariaiva\\\/voluntario-que-ajudou-vitimas-de-tornado-no-parana-perde-a-propria-casa-nove-meses-depois\\\/#primaryimage\",\"url\":\"https:\\\/\\\/mznoticia.com.br\\\/jaguariaiva\\\/wp-content\\\/uploads\\\/2026\\\/08\\\/g1-35-1.avif\",\"contentUrl\":\"https:\\\/\\\/mznoticia.com.br\\\/jaguariaiva\\\/wp-content\\\/uploads\\\/2026\\\/08\\\/g1-35-1.avif\",\"width\":984,\"height\":553},{\"@type\":\"BreadcrumbList\",\"@id\":\"https:\\\/\\\/mznoticia.com.br\\\/jaguariaiva\\\/voluntario-que-ajudou-vitimas-de-tornado-no-parana-perde-a-propria-casa-nove-meses-depois\\\/#breadcrumb\",\"itemListElement\":[{\"@type\":\"ListItem\",\"position\":1,\"name\":\"Home\",\"item\":\"https:\\\/\\\/mznoticia.com.br\\\/jaguariaiva\\\/\"},{\"@type\":\"ListItem\",\"position\":2,\"name\":\"Volunt\u00e1rio que ajudou v\u00edtimas de tornado no Paran\u00e1 perde a pr\u00f3pria casa nove meses depois\"}]},{\"@type\":\"WebSite\",\"@id\":\"https:\\\/\\\/mznoticia.com.br\\\/jaguariaiva\\\/#website\",\"url\":\"https:\\\/\\\/mznoticia.com.br\\\/jaguariaiva\\\/\",\"name\":\"Mz Not\u00edcia\",\"description\":\"A informa\u00e7\u00e3o que voc\u00ea precisa na hora certa!\",\"publisher\":{\"@id\":\"https:\\\/\\\/mznoticia.com.br\\\/jaguariaiva\\\/#organization\"},\"potentialAction\":[{\"@type\":\"SearchAction\",\"target\":{\"@type\":\"EntryPoint\",\"urlTemplate\":\"https:\\\/\\\/mznoticia.com.br\\\/jaguariaiva\\\/?s={search_term_string}\"},\"query-input\":{\"@type\":\"PropertyValueSpecification\",\"valueRequired\":true,\"valueName\":\"search_term_string\"}}],\"inLanguage\":\"pt-BR\"},{\"@type\":\"Organization\",\"@id\":\"https:\\\/\\\/mznoticia.com.br\\\/jaguariaiva\\\/#organization\",\"name\":\"Mz Not\u00edcia\",\"url\":\"https:\\\/\\\/mznoticia.com.br\\\/jaguariaiva\\\/\",\"logo\":{\"@type\":\"ImageObject\",\"inLanguage\":\"pt-BR\",\"@id\":\"https:\\\/\\\/mznoticia.com.br\\\/jaguariaiva\\\/#\\\/schema\\\/logo\\\/image\\\/\",\"url\":\"https:\\\/\\\/mznoticia.com.br\\\/jaguariaiva\\\/wp-content\\\/uploads\\\/2025\\\/03\\\/Design-sem-nome-4-e1741200616392.png\",\"contentUrl\":\"https:\\\/\\\/mznoticia.com.br\\\/jaguariaiva\\\/wp-content\\\/uploads\\\/2025\\\/03\\\/Design-sem-nome-4-e1741200616392.png\",\"width\":750,\"height\":563,\"caption\":\"Mz Not\u00edcia\"},\"image\":{\"@id\":\"https:\\\/\\\/mznoticia.com.br\\\/jaguariaiva\\\/#\\\/schema\\\/logo\\\/image\\\/\"},\"sameAs\":[\"https:\\\/\\\/www.facebook.com\\\/profile.php?id=61573479951222\",\"https:\\\/\\\/www.instagram.com\\\/mz.jaguariaiva\\\/\"]},{\"@type\":\"Person\",\"@id\":\"https:\\\/\\\/mznoticia.com.br\\\/jaguariaiva\\\/#\\\/schema\\\/person\\\/2c8e6591d90fd25419fb5d6ef1cba4a0\",\"name\":\"admin\",\"image\":{\"@type\":\"ImageObject\",\"inLanguage\":\"pt-BR\",\"@id\":\"https:\\\/\\\/mznoticia.com.br\\\/jaguariaiva\\\/wp-content\\\/uploads\\\/2025\\\/02\\\/mznoticia_jaguariaiva_coluna-150x150.png\",\"url\":\"https:\\\/\\\/mznoticia.com.br\\\/jaguariaiva\\\/wp-content\\\/uploads\\\/2025\\\/02\\\/mznoticia_jaguariaiva_coluna-150x150.png\",\"contentUrl\":\"https:\\\/\\\/mznoticia.com.br\\\/jaguariaiva\\\/wp-content\\\/uploads\\\/2025\\\/02\\\/mznoticia_jaguariaiva_coluna-150x150.png\",\"caption\":\"admin\"},\"sameAs\":[\"https:\\\/\\\/upperweb.com.br\\\/mznoticias\"],\"url\":\"https:\\\/\\\/mznoticia.com.br\\\/jaguariaiva\\\/author\\\/admin\\\/\"}]}<\/script>\n<!-- \/ Yoast SEO plugin. -->","yoast_head_json":{"title":"Volunt\u00e1rio que ajudou v\u00edtimas de tornado no Paran\u00e1 perde a pr\u00f3pria casa nove meses depois - Mz Not\u00edcias","robots":{"index":"index","follow":"follow","max-snippet":"max-snippet:-1","max-image-preview":"max-image-preview:large","max-video-preview":"max-video-preview:-1"},"canonical":"https:\/\/mznoticia.com.br\/jaguariaiva\/voluntario-que-ajudou-vitimas-de-tornado-no-parana-perde-a-propria-casa-nove-meses-depois\/","og_locale":"pt_BR","og_type":"article","og_title":"Volunt\u00e1rio que ajudou v\u00edtimas de tornado no Paran\u00e1 perde a pr\u00f3pria casa nove meses depois - Mz Not\u00edcias","og_description":"Morador de Pira\u00ed do Sul havia atuado como volunt\u00e1rio ap\u00f3s tornado que atingiu Rio Bonito do Igua\u00e7u e agora enfrenta a reconstru\u00e7\u00e3o das duas casas da fam\u00edlia. O paranaense Leandro Ferreira L\u00facio viveu uma situa\u00e7\u00e3o que parece ter repetido uma hist\u00f3ria j\u00e1 conhecida. Nove meses depois de ajudar moradores de Rio Bonito do Igua\u00e7u, atingidos [&hellip;]","og_url":"https:\/\/mznoticia.com.br\/jaguariaiva\/voluntario-que-ajudou-vitimas-de-tornado-no-parana-perde-a-propria-casa-nove-meses-depois\/","og_site_name":"Mz Not\u00edcias","article_publisher":"https:\/\/www.facebook.com\/profile.php?id=61573479951222","article_published_time":"2026-08-25T14:25:02+00:00","article_modified_time":"2026-08-25T14:29:49+00:00","author":"admin","twitter_card":"summary_large_image","twitter_misc":{"Escrito por":"admin","Est. tempo de leitura":"3 minutos"},"schema":{"@context":"https:\/\/schema.org","@graph":[{"@type":"Article","@id":"https:\/\/mznoticia.com.br\/jaguariaiva\/voluntario-que-ajudou-vitimas-de-tornado-no-parana-perde-a-propria-casa-nove-meses-depois\/#article","isPartOf":{"@id":"https:\/\/mznoticia.com.br\/jaguariaiva\/voluntario-que-ajudou-vitimas-de-tornado-no-parana-perde-a-propria-casa-nove-meses-depois\/"},"author":{"name":"admin","@id":"https:\/\/mznoticia.com.br\/jaguariaiva\/#\/schema\/person\/2c8e6591d90fd25419fb5d6ef1cba4a0"},"headline":"Volunt\u00e1rio que ajudou v\u00edtimas de tornado no Paran\u00e1 perde a pr\u00f3pria casa nove meses depois","datePublished":"2026-08-25T14:25:02+00:00","dateModified":"2026-08-25T14:29:49+00:00","mainEntityOfPage":{"@id":"https:\/\/mznoticia.com.br\/jaguariaiva\/voluntario-que-ajudou-vitimas-de-tornado-no-parana-perde-a-propria-casa-nove-meses-depois\/"},"wordCount":531,"commentCount":0,"publisher":{"@id":"https:\/\/mznoticia.com.br\/jaguariaiva\/#organization"},"image":{"@id":"https:\/\/mznoticia.com.br\/jaguariaiva\/voluntario-que-ajudou-vitimas-de-tornado-no-parana-perde-a-propria-casa-nove-meses-depois\/#primaryimage"},"thumbnailUrl":"https:\/\/mznoticia.com.br\/jaguariaiva\/wp-content\/uploads\/2026\/08\/g1-35-1.avif","articleSection":["Jaguaria\u00edva"],"inLanguage":"pt-BR","potentialAction":[{"@type":"CommentAction","name":"Comment","target":["https:\/\/mznoticia.com.br\/jaguariaiva\/voluntario-que-ajudou-vitimas-de-tornado-no-parana-perde-a-propria-casa-nove-meses-depois\/#respond"]}]},{"@type":"WebPage","@id":"https:\/\/mznoticia.com.br\/jaguariaiva\/voluntario-que-ajudou-vitimas-de-tornado-no-parana-perde-a-propria-casa-nove-meses-depois\/","url":"https:\/\/mznoticia.com.br\/jaguariaiva\/voluntario-que-ajudou-vitimas-de-tornado-no-parana-perde-a-propria-casa-nove-meses-depois\/","name":"Volunt\u00e1rio que ajudou v\u00edtimas de tornado no Paran\u00e1 perde a pr\u00f3pria casa nove meses depois - Mz Not\u00edcias","isPartOf":{"@id":"https:\/\/mznoticia.com.br\/jaguariaiva\/#website"},"primaryImageOfPage":{"@id":"https:\/\/mznoticia.com.br\/jaguariaiva\/voluntario-que-ajudou-vitimas-de-tornado-no-parana-perde-a-propria-casa-nove-meses-depois\/#primaryimage"},"image":{"@id":"https:\/\/mznoticia.com.br\/jaguariaiva\/voluntario-que-ajudou-vitimas-de-tornado-no-parana-perde-a-propria-casa-nove-meses-depois\/#primaryimage"},"thumbnailUrl":"https:\/\/mznoticia.com.br\/jaguariaiva\/wp-content\/uploads\/2026\/08\/g1-35-1.avif","datePublished":"2026-08-25T14:25:02+00:00","dateModified":"2026-08-25T14:29:49+00:00","breadcrumb":{"@id":"https:\/\/mznoticia.com.br\/jaguariaiva\/voluntario-que-ajudou-vitimas-de-tornado-no-parana-perde-a-propria-casa-nove-meses-depois\/#breadcrumb"},"inLanguage":"pt-BR","potentialAction":[{"@type":"ReadAction","target":["https:\/\/mznoticia.com.br\/jaguariaiva\/voluntario-que-ajudou-vitimas-de-tornado-no-parana-perde-a-propria-casa-nove-meses-depois\/"]}]},{"@type":"ImageObject","inLanguage":"pt-BR","@id":"https:\/\/mznoticia.com.br\/jaguariaiva\/voluntario-que-ajudou-vitimas-de-tornado-no-parana-perde-a-propria-casa-nove-meses-depois\/#primaryimage","url":"https:\/\/mznoticia.com.br\/jaguariaiva\/wp-content\/uploads\/2026\/08\/g1-35-1.avif","contentUrl":"https:\/\/mznoticia.com.br\/jaguariaiva\/wp-content\/uploads\/2026\/08\/g1-35-1.avif","width":984,"height":553},{"@type":"BreadcrumbList","@id":"https:\/\/mznoticia.com.br\/jaguariaiva\/voluntario-que-ajudou-vitimas-de-tornado-no-parana-perde-a-propria-casa-nove-meses-depois\/#breadcrumb","itemListElement":[{"@type":"ListItem","position":1,"name":"Home","item":"https:\/\/mznoticia.com.br\/jaguariaiva\/"},{"@type":"ListItem","position":2,"name":"Volunt\u00e1rio que ajudou v\u00edtimas de tornado no Paran\u00e1 perde a pr\u00f3pria casa nove meses depois"}]},{"@type":"WebSite","@id":"https:\/\/mznoticia.com.br\/jaguariaiva\/#website","url":"https:\/\/mznoticia.com.br\/jaguariaiva\/","name":"Mz Not\u00edcia","description":"A informa\u00e7\u00e3o que voc\u00ea precisa na hora certa!","publisher":{"@id":"https:\/\/mznoticia.com.br\/jaguariaiva\/#organization"},"potentialAction":[{"@type":"SearchAction","target":{"@type":"EntryPoint","urlTemplate":"https:\/\/mznoticia.com.br\/jaguariaiva\/?s={search_term_string}"},"query-input":{"@type":"PropertyValueSpecification","valueRequired":true,"valueName":"search_term_string"}}],"inLanguage":"pt-BR"},{"@type":"Organization","@id":"https:\/\/mznoticia.com.br\/jaguariaiva\/#organization","name":"Mz Not\u00edcia","url":"https:\/\/mznoticia.com.br\/jaguariaiva\/","logo":{"@type":"ImageObject","inLanguage":"pt-BR","@id":"https:\/\/mznoticia.com.br\/jaguariaiva\/#\/schema\/logo\/image\/","url":"https:\/\/mznoticia.com.br\/jaguariaiva\/wp-content\/uploads\/2025\/03\/Design-sem-nome-4-e1741200616392.png","contentUrl":"https:\/\/mznoticia.com.br\/jaguariaiva\/wp-content\/uploads\/2025\/03\/Design-sem-nome-4-e1741200616392.png","width":750,"height":563,"caption":"Mz Not\u00edcia"},"image":{"@id":"https:\/\/mznoticia.com.br\/jaguariaiva\/#\/schema\/logo\/image\/"},"sameAs":["https:\/\/www.facebook.com\/profile.php?id=61573479951222","https:\/\/www.instagram.com\/mz.jaguariaiva\/"]},{"@type":"Person","@id":"https:\/\/mznoticia.com.br\/jaguariaiva\/#\/schema\/person\/2c8e6591d90fd25419fb5d6ef1cba4a0","name":"admin","image":{"@type":"ImageObject","inLanguage":"pt-BR","@id":"https:\/\/mznoticia.com.br\/jaguariaiva\/wp-content\/uploads\/2025\/02\/mznoticia_jaguariaiva_coluna-150x150.png","url":"https:\/\/mznoticia.com.br\/jaguariaiva\/wp-content\/uploads\/2025\/02\/mznoticia_jaguariaiva_coluna-150x150.png","contentUrl":"https:\/\/mznoticia.com.br\/jaguariaiva\/wp-content\/uploads\/2025\/02\/mznoticia_jaguariaiva_coluna-150x150.png","caption":"admin"},"sameAs":["https:\/\/upperweb.com.br\/mznoticias"],"url":"https:\/\/mznoticia.com.br\/jaguariaiva\/author\/admin\/"}]}},"_links":{"self":[{"href":"https:\/\/mznoticia.com.br\/jaguariaiva\/wp-json\/wp\/v2\/posts\/7007","targetHints":{"allow":["GET"]}}],"collection":[{"href":"https:\/\/mznoticia.com.br\/jaguariaiva\/wp-json\/wp\/v2\/posts"}],"about":[{"href":"https:\/\/mznoticia.com.br\/jaguariaiva\/wp-json\/wp\/v2\/types\/post"}],"author":[{"embeddable":true,"href":"https:\/\/mznoticia.com.br\/jaguariaiva\/wp-json\/wp\/v2\/users\/1"}],"replies":[{"embeddable":true,"href":"https:\/\/mznoticia.com.br\/jaguariaiva\/wp-json\/wp\/v2\/comments?post=7007"}],"version-history":[{"count":1,"href":"https:\/\/mznoticia.com.br\/jaguariaiva\/wp-json\/wp\/v2\/posts\/7007\/revisions"}],"predecessor-version":[{"id":7009,"href":"https:\/\/mznoticia.com.br\/jaguariaiva\/wp-json\/wp\/v2\/posts\/7007\/revisions\/7009"}],"wp:featuredmedia":[{"embeddable":true,"href":"https:\/\/mznoticia.com.br\/jaguariaiva\/wp-json\/wp\/v2\/media\/7008"}],"wp:attachment":[{"href":"https:\/\/mznoticia.com.br\/jaguariaiva\/wp-json\/wp\/v2\/media?parent=7007"}],"wp:term":[{"taxonomy":"category","embeddable":true,"href":"https:\/\/mznoticia.com.br\/jaguariaiva\/wp-json\/wp\/v2\/categories?post=7007"},{"taxonomy":"post_tag","embeddable":true,"href":"https:\/\/mznoticia.com.br\/jaguariaiva\/wp-json\/wp\/v2\/tags?post=7007"}],"curies":[{"name":"wp","href":"https:\/\/api.w.org\/{rel}","templated":true}]}}