{"id":7013,"date":"2026-08-25T14:48:54","date_gmt":"2026-08-25T14:48:54","guid":{"rendered":"https:\/\/mznoticia.com.br\/jaguariaiva\/?p=7013"},"modified":"2026-08-25T14:48:54","modified_gmt":"2026-08-25T14:48:54","slug":"inscricoes-para-o-41o-festival-de-danca-curitiba-comecam-em-setembro","status":"publish","type":"post","link":"https:\/\/mznoticia.com.br\/jaguariaiva\/inscricoes-para-o-41o-festival-de-danca-curitiba-comecam-em-setembro\/","title":{"rendered":"Inscri\u00e7\u00f5es para o 41\u00ba Festival de Dan\u00e7a Curitiba come\u00e7am em setembro"},"content":{"rendered":"<p class=\"PDq2pG_selectionAnchorContainer\" data-start=\"12\" data-end=\"261\">As inscri\u00e7\u00f5es para o 41\u00ba Festival de Dan\u00e7a Curitiba come\u00e7am em 1\u00ba de setembro de 2026 e seguem at\u00e9 o preenchimento das vagas. O evento ser\u00e1 realizado nos dias 14 e 15 de novembro, no Grande Audit\u00f3rio do Canal da M\u00fasica, no bairro Merc\u00eas.<\/p>\n<p data-start=\"263\" data-end=\"402\">O festival reunir\u00e1 grupos, escolas, academias e bailarinos profissionais e amadores, com apresenta\u00e7\u00f5es competitivas e Mostras de Dan\u00e7a.<\/p>\n<p data-start=\"404\" data-end=\"566\">As mostras ser\u00e3o divididas em cinco categorias: Escolar, Infantil, Juvenil, Adulto e Pessoa Idosa, com diferentes limites de idade e dura\u00e7\u00e3o das coreografias.<\/p>\n<p data-start=\"568\" data-end=\"727\">A entrada ser\u00e1 gratuita, limitada \u00e0 capacidade do audit\u00f3rio. O p\u00fablico poder\u00e1 contribuir com a Campanha de Natal Solid\u00e1rio da FAS, doando brinquedos novos.<\/p>\n<p data-start=\"729\" data-end=\"900\" data-is-last-node=\"\" data-is-only-node=\"\">Servi\u00e7o:<br data-start=\"741\" data-end=\"744\" \/>&#x1f4c5; 14 e 15 de novembro de 2026<br data-start=\"774\" data-end=\"777\" \/>&#x1f4cd; Canal da M\u00fasica, Merc\u00eas \u2013 Curitiba<br data-start=\"814\" data-end=\"817\" \/>&#x1f4dd; Inscri\u00e7\u00f5es a partir de 1\u00ba de setembro<br data-start=\"857\" data-end=\"860\" data-is-only-node=\"\" \/>&#x1f39f;&#xfe0f; Entrada gratuita<br data-start=\"880\" data-end=\"883\" \/>&#x1f4de; (41) 3350-3714<\/p>\n","protected":false},"excerpt":{"rendered":"<p>As inscri\u00e7\u00f5es para o 41\u00ba Festival de Dan\u00e7a Curitiba come\u00e7am em 1\u00ba de setembro de 2026 e seguem at\u00e9 o preenchimento das vagas. O evento ser\u00e1 realizado nos dias 14 e 15 de novembro, no Grande Audit\u00f3rio do Canal da M\u00fasica, no bairro Merc\u00eas. O festival reunir\u00e1 grupos, escolas, academias e bailarinos profissionais e amadores, [&hellip;]<\/p>\n","protected":false},"author":16,"featured_media":7014,"comment_status":"open","ping_status":"open","sticky":false,"template":"","format":"standard","meta":{"footnotes":""},"categories":[1],"tags":[2632,84,786,2631,47,327,2630,2636,2634,2635,77,2633],"class_list":["post-7013","post","type-post","status-publish","format-standard","has-post-thumbnail","hentry","category-cultura","tag-canal-da-musica","tag-cultura","tag-curitiba","tag-danca","tag-destaque","tag-eventos","tag-festival-de-danca","tag-festival-de-danca-curitiba","tag-lazer-e-juventude","tag-mostra-de-danca","tag-parana","tag-secretaria-municipal-do-esporte"],"yoast_head":"<!-- This site is optimized with the Yoast SEO plugin v28.1 - https:\/\/yoast.com\/product\/yoast-seo-wordpress\/ -->\n<title>Inscri\u00e7\u00f5es para o 41\u00ba Festival de Dan\u00e7a Curitiba come\u00e7am em setembro - Mz Not\u00edcias<\/title>\n<meta name=\"robots\" content=\"index, follow, max-snippet:-1, max-image-preview:large, max-video-preview:-1\" \/>\n<link rel=\"canonical\" href=\"https:\/\/mznoticia.com.br\/jaguariaiva\/inscricoes-para-o-41o-festival-de-danca-curitiba-comecam-em-setembro\/\" \/>\n<meta property=\"og:locale\" content=\"pt_BR\" \/>\n<meta property=\"og:type\" content=\"article\" \/>\n<meta property=\"og:title\" content=\"Inscri\u00e7\u00f5es para o 41\u00ba Festival de Dan\u00e7a Curitiba come\u00e7am em setembro - Mz Not\u00edcias\" \/>\n<meta property=\"og:description\" content=\"As inscri\u00e7\u00f5es para o 41\u00ba Festival de Dan\u00e7a Curitiba come\u00e7am em 1\u00ba de setembro de 2026 e seguem at\u00e9 o preenchimento das vagas. O evento ser\u00e1 realizado nos dias 14 e 15 de novembro, no Grande Audit\u00f3rio do Canal da M\u00fasica, no bairro Merc\u00eas. O festival reunir\u00e1 grupos, escolas, academias e bailarinos profissionais e amadores, [&hellip;]\" \/>\n<meta property=\"og:url\" content=\"https:\/\/mznoticia.com.br\/jaguariaiva\/inscricoes-para-o-41o-festival-de-danca-curitiba-comecam-em-setembro\/\" \/>\n<meta property=\"og:site_name\" content=\"Mz Not\u00edcias\" \/>\n<meta property=\"article:publisher\" content=\"https:\/\/www.facebook.com\/profile.php?id=61573479951222\" \/>\n<meta property=\"article:published_time\" content=\"2026-08-25T14:48:54+00:00\" \/>\n<meta property=\"og:image\" content=\"https:\/\/mznoticia.com.br\/jaguariaiva\/wp-content\/uploads\/2026\/08\/10-19.jpg\" \/>\n\t<meta property=\"og:image:width\" content=\"1576\" \/>\n\t<meta property=\"og:image:height\" content=\"1051\" \/>\n\t<meta property=\"og:image:type\" content=\"image\/jpeg\" \/>\n<meta name=\"author\" content=\"Redacao mz\" \/>\n<meta name=\"twitter:card\" content=\"summary_large_image\" \/>\n<meta name=\"twitter:label1\" content=\"Escrito por\" \/>\n\t<meta name=\"twitter:data1\" content=\"Redacao mz\" \/>\n\t<meta name=\"twitter:label2\" content=\"Est. tempo de leitura\" \/>\n\t<meta name=\"twitter:data2\" content=\"1 minuto\" \/>\n<script type=\"application\/ld+json\" class=\"yoast-schema-graph\">{\"@context\":\"https:\\\/\\\/schema.org\",\"@graph\":[{\"@type\":\"Article\",\"@id\":\"https:\\\/\\\/mznoticia.com.br\\\/jaguariaiva\\\/inscricoes-para-o-41o-festival-de-danca-curitiba-comecam-em-setembro\\\/#article\",\"isPartOf\":{\"@id\":\"https:\\\/\\\/mznoticia.com.br\\\/jaguariaiva\\\/inscricoes-para-o-41o-festival-de-danca-curitiba-comecam-em-setembro\\\/\"},\"author\":{\"name\":\"Redacao mz\",\"@id\":\"https:\\\/\\\/mznoticia.com.br\\\/jaguariaiva\\\/#\\\/schema\\\/person\\\/84012d827247b3f42f37b550da79cd03\"},\"headline\":\"Inscri\u00e7\u00f5es para o 41\u00ba Festival de Dan\u00e7a Curitiba come\u00e7am em setembro\",\"datePublished\":\"2026-08-25T14:48:54+00:00\",\"mainEntityOfPage\":{\"@id\":\"https:\\\/\\\/mznoticia.com.br\\\/jaguariaiva\\\/inscricoes-para-o-41o-festival-de-danca-curitiba-comecam-em-setembro\\\/\"},\"wordCount\":169,\"commentCount\":0,\"publisher\":{\"@id\":\"https:\\\/\\\/mznoticia.com.br\\\/jaguariaiva\\\/#organization\"},\"image\":{\"@id\":\"https:\\\/\\\/mznoticia.com.br\\\/jaguariaiva\\\/inscricoes-para-o-41o-festival-de-danca-curitiba-comecam-em-setembro\\\/#primaryimage\"},\"thumbnailUrl\":\"https:\\\/\\\/mznoticia.com.br\\\/jaguariaiva\\\/wp-content\\\/uploads\\\/2026\\\/08\\\/10-19.jpg\",\"keywords\":[\"Canal da M\u00fasica\",\"cultura\",\"Curitiba\",\"Dan\u00e7a\",\"destaque\",\"Eventos\",\"Festival de Dan\u00e7a\",\"Festival de Dan\u00e7a Curitiba\",\"Lazer e Juventude\",\"Mostra de Dan\u00e7a\",\"parana\",\"Secretaria Municipal do Esporte\"],\"articleSection\":[\"Cultura\"],\"inLanguage\":\"pt-BR\",\"potentialAction\":[{\"@type\":\"CommentAction\",\"name\":\"Comment\",\"target\":[\"https:\\\/\\\/mznoticia.com.br\\\/jaguariaiva\\\/inscricoes-para-o-41o-festival-de-danca-curitiba-comecam-em-setembro\\\/#respond\"]}]},{\"@type\":\"WebPage\",\"@id\":\"https:\\\/\\\/mznoticia.com.br\\\/jaguariaiva\\\/inscricoes-para-o-41o-festival-de-danca-curitiba-comecam-em-setembro\\\/\",\"url\":\"https:\\\/\\\/mznoticia.com.br\\\/jaguariaiva\\\/inscricoes-para-o-41o-festival-de-danca-curitiba-comecam-em-setembro\\\/\",\"name\":\"Inscri\u00e7\u00f5es para o 41\u00ba Festival de Dan\u00e7a Curitiba come\u00e7am em setembro - Mz Not\u00edcias\",\"isPartOf\":{\"@id\":\"https:\\\/\\\/mznoticia.com.br\\\/jaguariaiva\\\/#website\"},\"primaryImageOfPage\":{\"@id\":\"https:\\\/\\\/mznoticia.com.br\\\/jaguariaiva\\\/inscricoes-para-o-41o-festival-de-danca-curitiba-comecam-em-setembro\\\/#primaryimage\"},\"image\":{\"@id\":\"https:\\\/\\\/mznoticia.com.br\\\/jaguariaiva\\\/inscricoes-para-o-41o-festival-de-danca-curitiba-comecam-em-setembro\\\/#primaryimage\"},\"thumbnailUrl\":\"https:\\\/\\\/mznoticia.com.br\\\/jaguariaiva\\\/wp-content\\\/uploads\\\/2026\\\/08\\\/10-19.jpg\",\"datePublished\":\"2026-08-25T14:48:54+00:00\",\"breadcrumb\":{\"@id\":\"https:\\\/\\\/mznoticia.com.br\\\/jaguariaiva\\\/inscricoes-para-o-41o-festival-de-danca-curitiba-comecam-em-setembro\\\/#breadcrumb\"},\"inLanguage\":\"pt-BR\",\"potentialAction\":[{\"@type\":\"ReadAction\",\"target\":[\"https:\\\/\\\/mznoticia.com.br\\\/jaguariaiva\\\/inscricoes-para-o-41o-festival-de-danca-curitiba-comecam-em-setembro\\\/\"]}]},{\"@type\":\"ImageObject\",\"inLanguage\":\"pt-BR\",\"@id\":\"https:\\\/\\\/mznoticia.com.br\\\/jaguariaiva\\\/inscricoes-para-o-41o-festival-de-danca-curitiba-comecam-em-setembro\\\/#primaryimage\",\"url\":\"https:\\\/\\\/mznoticia.com.br\\\/jaguariaiva\\\/wp-content\\\/uploads\\\/2026\\\/08\\\/10-19.jpg\",\"contentUrl\":\"https:\\\/\\\/mznoticia.com.br\\\/jaguariaiva\\\/wp-content\\\/uploads\\\/2026\\\/08\\\/10-19.jpg\",\"width\":1576,\"height\":1051,\"caption\":\"Est\u00e3o abertas as inscri\u00e7\u00f5es para a 38\u00aa edi\u00e7\u00e3o do Festival de Dan\u00e7a de Curitiba. Foto: @m.c.alexandre\"},{\"@type\":\"BreadcrumbList\",\"@id\":\"https:\\\/\\\/mznoticia.com.br\\\/jaguariaiva\\\/inscricoes-para-o-41o-festival-de-danca-curitiba-comecam-em-setembro\\\/#breadcrumb\",\"itemListElement\":[{\"@type\":\"ListItem\",\"position\":1,\"name\":\"Home\",\"item\":\"https:\\\/\\\/mznoticia.com.br\\\/jaguariaiva\\\/\"},{\"@type\":\"ListItem\",\"position\":2,\"name\":\"Inscri\u00e7\u00f5es para o 41\u00ba Festival de Dan\u00e7a Curitiba come\u00e7am em setembro\"}]},{\"@type\":\"WebSite\",\"@id\":\"https:\\\/\\\/mznoticia.com.br\\\/jaguariaiva\\\/#website\",\"url\":\"https:\\\/\\\/mznoticia.com.br\\\/jaguariaiva\\\/\",\"name\":\"Mz Not\u00edcia\",\"description\":\"A informa\u00e7\u00e3o que voc\u00ea precisa na hora certa!\",\"publisher\":{\"@id\":\"https:\\\/\\\/mznoticia.com.br\\\/jaguariaiva\\\/#organization\"},\"potentialAction\":[{\"@type\":\"SearchAction\",\"target\":{\"@type\":\"EntryPoint\",\"urlTemplate\":\"https:\\\/\\\/mznoticia.com.br\\\/jaguariaiva\\\/?s={search_term_string}\"},\"query-input\":{\"@type\":\"PropertyValueSpecification\",\"valueRequired\":true,\"valueName\":\"search_term_string\"}}],\"inLanguage\":\"pt-BR\"},{\"@type\":\"Organization\",\"@id\":\"https:\\\/\\\/mznoticia.com.br\\\/jaguariaiva\\\/#organization\",\"name\":\"Mz Not\u00edcia\",\"url\":\"https:\\\/\\\/mznoticia.com.br\\\/jaguariaiva\\\/\",\"logo\":{\"@type\":\"ImageObject\",\"inLanguage\":\"pt-BR\",\"@id\":\"https:\\\/\\\/mznoticia.com.br\\\/jaguariaiva\\\/#\\\/schema\\\/logo\\\/image\\\/\",\"url\":\"https:\\\/\\\/mznoticia.com.br\\\/jaguariaiva\\\/wp-content\\\/uploads\\\/2025\\\/03\\\/Design-sem-nome-4-e1741200616392.png\",\"contentUrl\":\"https:\\\/\\\/mznoticia.com.br\\\/jaguariaiva\\\/wp-content\\\/uploads\\\/2025\\\/03\\\/Design-sem-nome-4-e1741200616392.png\",\"width\":750,\"height\":563,\"caption\":\"Mz Not\u00edcia\"},\"image\":{\"@id\":\"https:\\\/\\\/mznoticia.com.br\\\/jaguariaiva\\\/#\\\/schema\\\/logo\\\/image\\\/\"},\"sameAs\":[\"https:\\\/\\\/www.facebook.com\\\/profile.php?id=61573479951222\",\"https:\\\/\\\/www.instagram.com\\\/mz.jaguariaiva\\\/\"]},{\"@type\":\"Person\",\"@id\":\"https:\\\/\\\/mznoticia.com.br\\\/jaguariaiva\\\/#\\\/schema\\\/person\\\/84012d827247b3f42f37b550da79cd03\",\"name\":\"Redacao mz\",\"image\":{\"@type\":\"ImageObject\",\"inLanguage\":\"pt-BR\",\"@id\":\"https:\\\/\\\/mznoticia.com.br\\\/jaguariaiva\\\/wp-content\\\/uploads\\\/2025\\\/02\\\/mznoticia_jaguariaiva_coluna-150x150.png\",\"url\":\"https:\\\/\\\/mznoticia.com.br\\\/jaguariaiva\\\/wp-content\\\/uploads\\\/2025\\\/02\\\/mznoticia_jaguariaiva_coluna-150x150.png\",\"contentUrl\":\"https:\\\/\\\/mznoticia.com.br\\\/jaguariaiva\\\/wp-content\\\/uploads\\\/2025\\\/02\\\/mznoticia_jaguariaiva_coluna-150x150.png\",\"caption\":\"Redacao mz\"},\"sameAs\":[\"http:\\\/\\\/mznoticia.com.br\"],\"url\":\"https:\\\/\\\/mznoticia.com.br\\\/jaguariaiva\\\/author\\\/lucimara\\\/\"}]}<\/script>\n<!-- \/ Yoast SEO plugin. -->","yoast_head_json":{"title":"Inscri\u00e7\u00f5es para o 41\u00ba Festival de Dan\u00e7a Curitiba come\u00e7am em setembro - Mz Not\u00edcias","robots":{"index":"index","follow":"follow","max-snippet":"max-snippet:-1","max-image-preview":"max-image-preview:large","max-video-preview":"max-video-preview:-1"},"canonical":"https:\/\/mznoticia.com.br\/jaguariaiva\/inscricoes-para-o-41o-festival-de-danca-curitiba-comecam-em-setembro\/","og_locale":"pt_BR","og_type":"article","og_title":"Inscri\u00e7\u00f5es para o 41\u00ba Festival de Dan\u00e7a Curitiba come\u00e7am em setembro - Mz Not\u00edcias","og_description":"As inscri\u00e7\u00f5es para o 41\u00ba Festival de Dan\u00e7a Curitiba come\u00e7am em 1\u00ba de setembro de 2026 e seguem at\u00e9 o preenchimento das vagas. O evento ser\u00e1 realizado nos dias 14 e 15 de novembro, no Grande Audit\u00f3rio do Canal da M\u00fasica, no bairro Merc\u00eas. O festival reunir\u00e1 grupos, escolas, academias e bailarinos profissionais e amadores, [&hellip;]","og_url":"https:\/\/mznoticia.com.br\/jaguariaiva\/inscricoes-para-o-41o-festival-de-danca-curitiba-comecam-em-setembro\/","og_site_name":"Mz Not\u00edcias","article_publisher":"https:\/\/www.facebook.com\/profile.php?id=61573479951222","article_published_time":"2026-08-25T14:48:54+00:00","og_image":[{"width":1576,"height":1051,"url":"https:\/\/mznoticia.com.br\/jaguariaiva\/wp-content\/uploads\/2026\/08\/10-19.jpg","type":"image\/jpeg"}],"author":"Redacao mz","twitter_card":"summary_large_image","twitter_misc":{"Escrito por":"Redacao mz","Est. tempo de leitura":"1 minuto"},"schema":{"@context":"https:\/\/schema.org","@graph":[{"@type":"Article","@id":"https:\/\/mznoticia.com.br\/jaguariaiva\/inscricoes-para-o-41o-festival-de-danca-curitiba-comecam-em-setembro\/#article","isPartOf":{"@id":"https:\/\/mznoticia.com.br\/jaguariaiva\/inscricoes-para-o-41o-festival-de-danca-curitiba-comecam-em-setembro\/"},"author":{"name":"Redacao mz","@id":"https:\/\/mznoticia.com.br\/jaguariaiva\/#\/schema\/person\/84012d827247b3f42f37b550da79cd03"},"headline":"Inscri\u00e7\u00f5es para o 41\u00ba Festival de Dan\u00e7a Curitiba come\u00e7am em setembro","datePublished":"2026-08-25T14:48:54+00:00","mainEntityOfPage":{"@id":"https:\/\/mznoticia.com.br\/jaguariaiva\/inscricoes-para-o-41o-festival-de-danca-curitiba-comecam-em-setembro\/"},"wordCount":169,"commentCount":0,"publisher":{"@id":"https:\/\/mznoticia.com.br\/jaguariaiva\/#organization"},"image":{"@id":"https:\/\/mznoticia.com.br\/jaguariaiva\/inscricoes-para-o-41o-festival-de-danca-curitiba-comecam-em-setembro\/#primaryimage"},"thumbnailUrl":"https:\/\/mznoticia.com.br\/jaguariaiva\/wp-content\/uploads\/2026\/08\/10-19.jpg","keywords":["Canal da M\u00fasica","cultura","Curitiba","Dan\u00e7a","destaque","Eventos","Festival de Dan\u00e7a","Festival de Dan\u00e7a Curitiba","Lazer e Juventude","Mostra de Dan\u00e7a","parana","Secretaria Municipal do Esporte"],"articleSection":["Cultura"],"inLanguage":"pt-BR","potentialAction":[{"@type":"CommentAction","name":"Comment","target":["https:\/\/mznoticia.com.br\/jaguariaiva\/inscricoes-para-o-41o-festival-de-danca-curitiba-comecam-em-setembro\/#respond"]}]},{"@type":"WebPage","@id":"https:\/\/mznoticia.com.br\/jaguariaiva\/inscricoes-para-o-41o-festival-de-danca-curitiba-comecam-em-setembro\/","url":"https:\/\/mznoticia.com.br\/jaguariaiva\/inscricoes-para-o-41o-festival-de-danca-curitiba-comecam-em-setembro\/","name":"Inscri\u00e7\u00f5es para o 41\u00ba Festival de Dan\u00e7a Curitiba come\u00e7am em setembro - Mz Not\u00edcias","isPartOf":{"@id":"https:\/\/mznoticia.com.br\/jaguariaiva\/#website"},"primaryImageOfPage":{"@id":"https:\/\/mznoticia.com.br\/jaguariaiva\/inscricoes-para-o-41o-festival-de-danca-curitiba-comecam-em-setembro\/#primaryimage"},"image":{"@id":"https:\/\/mznoticia.com.br\/jaguariaiva\/inscricoes-para-o-41o-festival-de-danca-curitiba-comecam-em-setembro\/#primaryimage"},"thumbnailUrl":"https:\/\/mznoticia.com.br\/jaguariaiva\/wp-content\/uploads\/2026\/08\/10-19.jpg","datePublished":"2026-08-25T14:48:54+00:00","breadcrumb":{"@id":"https:\/\/mznoticia.com.br\/jaguariaiva\/inscricoes-para-o-41o-festival-de-danca-curitiba-comecam-em-setembro\/#breadcrumb"},"inLanguage":"pt-BR","potentialAction":[{"@type":"ReadAction","target":["https:\/\/mznoticia.com.br\/jaguariaiva\/inscricoes-para-o-41o-festival-de-danca-curitiba-comecam-em-setembro\/"]}]},{"@type":"ImageObject","inLanguage":"pt-BR","@id":"https:\/\/mznoticia.com.br\/jaguariaiva\/inscricoes-para-o-41o-festival-de-danca-curitiba-comecam-em-setembro\/#primaryimage","url":"https:\/\/mznoticia.com.br\/jaguariaiva\/wp-content\/uploads\/2026\/08\/10-19.jpg","contentUrl":"https:\/\/mznoticia.com.br\/jaguariaiva\/wp-content\/uploads\/2026\/08\/10-19.jpg","width":1576,"height":1051,"caption":"Est\u00e3o abertas as inscri\u00e7\u00f5es para a 38\u00aa edi\u00e7\u00e3o do Festival de Dan\u00e7a de Curitiba. Foto: @m.c.alexandre"},{"@type":"BreadcrumbList","@id":"https:\/\/mznoticia.com.br\/jaguariaiva\/inscricoes-para-o-41o-festival-de-danca-curitiba-comecam-em-setembro\/#breadcrumb","itemListElement":[{"@type":"ListItem","position":1,"name":"Home","item":"https:\/\/mznoticia.com.br\/jaguariaiva\/"},{"@type":"ListItem","position":2,"name":"Inscri\u00e7\u00f5es para o 41\u00ba Festival de Dan\u00e7a Curitiba come\u00e7am em setembro"}]},{"@type":"WebSite","@id":"https:\/\/mznoticia.com.br\/jaguariaiva\/#website","url":"https:\/\/mznoticia.com.br\/jaguariaiva\/","name":"Mz Not\u00edcia","description":"A informa\u00e7\u00e3o que voc\u00ea precisa na hora certa!","publisher":{"@id":"https:\/\/mznoticia.com.br\/jaguariaiva\/#organization"},"potentialAction":[{"@type":"SearchAction","target":{"@type":"EntryPoint","urlTemplate":"https:\/\/mznoticia.com.br\/jaguariaiva\/?s={search_term_string}"},"query-input":{"@type":"PropertyValueSpecification","valueRequired":true,"valueName":"search_term_string"}}],"inLanguage":"pt-BR"},{"@type":"Organization","@id":"https:\/\/mznoticia.com.br\/jaguariaiva\/#organization","name":"Mz Not\u00edcia","url":"https:\/\/mznoticia.com.br\/jaguariaiva\/","logo":{"@type":"ImageObject","inLanguage":"pt-BR","@id":"https:\/\/mznoticia.com.br\/jaguariaiva\/#\/schema\/logo\/image\/","url":"https:\/\/mznoticia.com.br\/jaguariaiva\/wp-content\/uploads\/2025\/03\/Design-sem-nome-4-e1741200616392.png","contentUrl":"https:\/\/mznoticia.com.br\/jaguariaiva\/wp-content\/uploads\/2025\/03\/Design-sem-nome-4-e1741200616392.png","width":750,"height":563,"caption":"Mz Not\u00edcia"},"image":{"@id":"https:\/\/mznoticia.com.br\/jaguariaiva\/#\/schema\/logo\/image\/"},"sameAs":["https:\/\/www.facebook.com\/profile.php?id=61573479951222","https:\/\/www.instagram.com\/mz.jaguariaiva\/"]},{"@type":"Person","@id":"https:\/\/mznoticia.com.br\/jaguariaiva\/#\/schema\/person\/84012d827247b3f42f37b550da79cd03","name":"Redacao mz","image":{"@type":"ImageObject","inLanguage":"pt-BR","@id":"https:\/\/mznoticia.com.br\/jaguariaiva\/wp-content\/uploads\/2025\/02\/mznoticia_jaguariaiva_coluna-150x150.png","url":"https:\/\/mznoticia.com.br\/jaguariaiva\/wp-content\/uploads\/2025\/02\/mznoticia_jaguariaiva_coluna-150x150.png","contentUrl":"https:\/\/mznoticia.com.br\/jaguariaiva\/wp-content\/uploads\/2025\/02\/mznoticia_jaguariaiva_coluna-150x150.png","caption":"Redacao mz"},"sameAs":["http:\/\/mznoticia.com.br"],"url":"https:\/\/mznoticia.com.br\/jaguariaiva\/author\/lucimara\/"}]}},"_links":{"self":[{"href":"https:\/\/mznoticia.com.br\/jaguariaiva\/wp-json\/wp\/v2\/posts\/7013","targetHints":{"allow":["GET"]}}],"collection":[{"href":"https:\/\/mznoticia.com.br\/jaguariaiva\/wp-json\/wp\/v2\/posts"}],"about":[{"href":"https:\/\/mznoticia.com.br\/jaguariaiva\/wp-json\/wp\/v2\/types\/post"}],"author":[{"embeddable":true,"href":"https:\/\/mznoticia.com.br\/jaguariaiva\/wp-json\/wp\/v2\/users\/16"}],"replies":[{"embeddable":true,"href":"https:\/\/mznoticia.com.br\/jaguariaiva\/wp-json\/wp\/v2\/comments?post=7013"}],"version-history":[{"count":1,"href":"https:\/\/mznoticia.com.br\/jaguariaiva\/wp-json\/wp\/v2\/posts\/7013\/revisions"}],"predecessor-version":[{"id":7015,"href":"https:\/\/mznoticia.com.br\/jaguariaiva\/wp-json\/wp\/v2\/posts\/7013\/revisions\/7015"}],"wp:featuredmedia":[{"embeddable":true,"href":"https:\/\/mznoticia.com.br\/jaguariaiva\/wp-json\/wp\/v2\/media\/7014"}],"wp:attachment":[{"href":"https:\/\/mznoticia.com.br\/jaguariaiva\/wp-json\/wp\/v2\/media?parent=7013"}],"wp:term":[{"taxonomy":"category","embeddable":true,"href":"https:\/\/mznoticia.com.br\/jaguariaiva\/wp-json\/wp\/v2\/categories?post=7013"},{"taxonomy":"post_tag","embeddable":true,"href":"https:\/\/mznoticia.com.br\/jaguariaiva\/wp-json\/wp\/v2\/tags?post=7013"}],"curies":[{"name":"wp","href":"https:\/\/api.w.org\/{rel}","templated":true}]}}