{"id":7016,"date":"2026-08-25T14:59:53","date_gmt":"2026-08-25T14:59:53","guid":{"rendered":"https:\/\/mznoticia.com.br\/jaguariaiva\/?p=7016"},"modified":"2026-08-25T14:59:53","modified_gmt":"2026-08-25T14:59:53","slug":"parana-cria-nucleo-para-proteger-vitimas-de-desastres-apos-tornados-e-tragedias","status":"publish","type":"post","link":"https:\/\/mznoticia.com.br\/jaguariaiva\/parana-cria-nucleo-para-proteger-vitimas-de-desastres-apos-tornados-e-tragedias\/","title":{"rendered":"Paran\u00e1 cria n\u00facleo para proteger v\u00edtimas de desastres ap\u00f3s tornados e trag\u00e9dias"},"content":{"rendered":"<h3 class=\"PDq2pG_selectionAnchorContainer\" data-section-id=\"pvuvsh\" data-start=\"83\" data-end=\"236\">Nova estrutura da Defensoria P\u00fablica ter\u00e1 atua\u00e7\u00e3o preventiva e permanente para garantir direitos de pessoas atingidas por eventos clim\u00e1ticos extremos<\/h3>\n<p data-start=\"238\" data-end=\"614\">A Defensoria P\u00fablica do Estado do Paran\u00e1 (DPE-PR) lan\u00e7ou nesta segunda-feira (24), em Curitiba, o N\u00facleo de Prote\u00e7\u00e3o aos Vulner\u00e1veis em Crises Socioambientais (NUCRISE). A nova estrutura ser\u00e1 coordenada pela defensora p\u00fablica Ingrid Lima Vieira Meira e ter\u00e1 como objetivo fortalecer a prote\u00e7\u00e3o jur\u00eddica de pessoas atingidas por desastres e eventos clim\u00e1ticos extremos.<\/p>\n<p data-start=\"616\" data-end=\"811\">A cria\u00e7\u00e3o do n\u00facleo ocorre em meio ao aumento de ocorr\u00eancias como enchentes, vendavais, tornados e deslizamentos, que t\u00eam provocado perdas humanas e materiais em diferentes regi\u00f5es do Paran\u00e1.<\/p>\n<h2 data-section-id=\"1rpr3wu\" data-start=\"813\" data-end=\"874\">Tornados refor\u00e7am necessidade de atendimento especializado<\/h2>\n<p data-start=\"876\" data-end=\"1114\">Em agosto, Pira\u00ed do Sul, nos Campos Gerais, foi atingida por um tornado com ventos superiores a 200 km\/h. O fen\u00f4meno destruiu casas, derrubou \u00e1rvores e danificou barrac\u00f5es e estruturas agr\u00edcolas, afetando cerca de 500 pessoas.<\/p>\n<p data-start=\"1116\" data-end=\"1220\">No ano passado, um tornado de categoria F4 destruiu aproximadamente 90% de Rio Bonito do Igua\u00e7u.<\/p>\n<p data-start=\"1222\" data-end=\"1391\">Segundo a Defensoria, as experi\u00eancias com essas trag\u00e9dias demonstraram a necessidade de manter uma estrutura permanente para atuar antes, durante e depois dos desastres.<\/p>\n<p data-start=\"1393\" data-end=\"1614\">O NUCRISE ter\u00e1 atua\u00e7\u00e3o preventiva, multidisciplinar e integrada com \u00f3rg\u00e3os p\u00fablicos e entidades da sociedade civil, buscando reduzir riscos, acompanhar pol\u00edticas p\u00fablicas e garantir os direitos das popula\u00e7\u00f5es vulner\u00e1veis.<\/p>\n<h2 data-section-id=\"vrn6fa\" data-start=\"1616\" data-end=\"1660\">N\u00facleo ter\u00e1 atua\u00e7\u00e3o jur\u00eddica e preventiva<\/h2>\n<p data-start=\"1662\" data-end=\"1842\">Entre as diretrizes do NUCRISE est\u00e3o a articula\u00e7\u00e3o com \u00f3rg\u00e3os p\u00fablicos, o acompanhamento das a\u00e7\u00f5es governamentais e a busca por solu\u00e7\u00f5es estruturais para o enfrentamento de crises.<\/p>\n<p data-start=\"1844\" data-end=\"2042\">A miss\u00e3o \u00e9 garantir que pessoas atingidas por incidentes ou cat\u00e1strofes tenham acesso integral aos direitos decorrentes dessas situa\u00e7\u00f5es, tanto por meio de atendimento judicial quanto extrajudicial.<\/p>\n<p data-start=\"2044\" data-end=\"2071\">Entre as atribui\u00e7\u00f5es est\u00e3o:<\/p>\n<ul data-start=\"2073\" data-end=\"2422\">\n<li data-section-id=\"3gfbta\" data-start=\"2073\" data-end=\"2129\">articula\u00e7\u00e3o com a Defesa Civil e o Corpo de Bombeiros;<\/li>\n<li data-section-id=\"1wo985i\" data-start=\"2130\" data-end=\"2179\">acompanhamento do acesso \u00e0s pol\u00edticas p\u00fablicas;<\/li>\n<li data-section-id=\"1w4mto2\" data-start=\"2180\" data-end=\"2232\">fiscaliza\u00e7\u00e3o das condi\u00e7\u00f5es de abrigos provis\u00f3rios;<\/li>\n<li data-section-id=\"7dahcn\" data-start=\"2233\" data-end=\"2279\">suporte jur\u00eddico em casos envolvendo mortes;<\/li>\n<li data-section-id=\"6pz54j\" data-start=\"2280\" data-end=\"2342\">aux\u00edlio para obten\u00e7\u00e3o de segunda via de documentos perdidos;<\/li>\n<li data-section-id=\"1f43mtx\" data-start=\"2343\" data-end=\"2422\">prote\u00e7\u00e3o priorit\u00e1ria de crian\u00e7as, idosos, mulheres e pessoas com defici\u00eancia.<\/li>\n<\/ul>\n<h2 data-section-id=\"1tytnbw\" data-start=\"2424\" data-end=\"2460\">Experi\u00eancias em grandes trag\u00e9dias<\/h2>\n<p data-start=\"2462\" data-end=\"2585\">A cria\u00e7\u00e3o do n\u00facleo foi motivada tamb\u00e9m pela experi\u00eancia acumulada pela Defensoria P\u00fablica em trag\u00e9dias recentes no Paran\u00e1.<\/p>\n<p data-start=\"2587\" data-end=\"2697\">Ap\u00f3s o tornado que atingiu Rio Bonito do Igua\u00e7u, uma for\u00e7a-tarefa realizou mais de 5 mil atendimentos.<\/p>\n<p data-start=\"2699\" data-end=\"3006\">A institui\u00e7\u00e3o tamb\u00e9m coordenou a assist\u00eancia aos familiares dos trabalhadores mortos na explos\u00e3o da f\u00e1brica da Enaex, em Quatro Barras, e participou da constru\u00e7\u00e3o do programa de indeniza\u00e7\u00e3o destinado \u00e0s fam\u00edlias afetadas pela queda do voo da Voepass, que registrou aproximadamente 85% de ades\u00e3o.<\/p>\n<p data-start=\"3008\" data-end=\"3169\">Segundo a Defensoria, essas experi\u00eancias mostraram a necessidade de uma estrutura especializada e permanente para coordenar a atua\u00e7\u00e3o em situa\u00e7\u00f5es de calamidade.<\/p>\n<h2 data-section-id=\"1fjxgt6\" data-start=\"3171\" data-end=\"3232\">Objetivo \u00e9 garantir direitos durante e ap\u00f3s as emerg\u00eancias<\/h2>\n<p data-start=\"3234\" data-end=\"3363\">A expectativa \u00e9 que o NUCRISE se torne uma refer\u00eancia estadual na prote\u00e7\u00e3o jur\u00eddica de pessoas afetadas por eventos extremos.<\/p>\n<p data-start=\"3365\" data-end=\"3570\">Al\u00e9m do atendimento imediato, a proposta \u00e9 acompanhar a reconstru\u00e7\u00e3o das condi\u00e7\u00f5es de vida das comunidades atingidas, garantir acesso \u00e0s pol\u00edticas p\u00fablicas e assegurar os direitos fundamentais das v\u00edtimas.<\/p>\n","protected":false},"excerpt":{"rendered":"<p>Nova estrutura da Defensoria P\u00fablica ter\u00e1 atua\u00e7\u00e3o preventiva e permanente para garantir direitos de pessoas atingidas por eventos clim\u00e1ticos extremos A Defensoria P\u00fablica do Estado do Paran\u00e1 (DPE-PR) lan\u00e7ou nesta segunda-feira (24), em Curitiba, o N\u00facleo de Prote\u00e7\u00e3o aos Vulner\u00e1veis em Crises Socioambientais (NUCRISE). A nova estrutura ser\u00e1 coordenada pela defensora p\u00fablica Ingrid Lima Vieira [&hellip;]<\/p>\n","protected":false},"author":16,"featured_media":7017,"comment_status":"open","ping_status":"open","sticky":false,"template":"","format":"standard","meta":{"footnotes":""},"categories":[6,7],"tags":[2637,580,2639,47,1293,577,1363,2638,77,1136,578,2640,858],"class_list":["post-7016","post","type-post","status-publish","format-standard","has-post-thumbnail","hentry","category-jaguariaiva","category-politica","tag-defensoria-publica","tag-defesa-civil","tag-desastres","tag-destaque","tag-direitos-humanos","tag-enchentes","tag-eventos-climaticos","tag-nucrise","tag-parana","tag-pirai-do-sul","tag-prevencao","tag-rio-bonito-do-iguacu","tag-tornados"],"yoast_head":"<!-- This site is optimized with the Yoast SEO plugin v28.1 - https:\/\/yoast.com\/product\/yoast-seo-wordpress\/ -->\n<title>Paran\u00e1 cria n\u00facleo para proteger v\u00edtimas de desastres ap\u00f3s tornados e trag\u00e9dias - Mz Not\u00edcias<\/title>\n<meta name=\"description\" content=\"Defensoria P\u00fablica do Paran\u00e1 cria o NUCRISE para proteger v\u00edtimas de tornados, enchentes e outros desastres clim\u00e1ticos.\" \/>\n<meta name=\"robots\" content=\"index, follow, max-snippet:-1, max-image-preview:large, max-video-preview:-1\" \/>\n<link rel=\"canonical\" href=\"https:\/\/mznoticia.com.br\/jaguariaiva\/parana-cria-nucleo-para-proteger-vitimas-de-desastres-apos-tornados-e-tragedias\/\" \/>\n<meta property=\"og:locale\" content=\"pt_BR\" \/>\n<meta property=\"og:type\" content=\"article\" \/>\n<meta property=\"og:title\" content=\"Paran\u00e1 cria n\u00facleo para proteger v\u00edtimas de desastres ap\u00f3s tornados e trag\u00e9dias - Mz Not\u00edcias\" \/>\n<meta property=\"og:description\" content=\"Defensoria P\u00fablica do Paran\u00e1 cria o NUCRISE para proteger v\u00edtimas de tornados, enchentes e outros desastres clim\u00e1ticos.\" \/>\n<meta property=\"og:url\" content=\"https:\/\/mznoticia.com.br\/jaguariaiva\/parana-cria-nucleo-para-proteger-vitimas-de-desastres-apos-tornados-e-tragedias\/\" \/>\n<meta property=\"og:site_name\" content=\"Mz Not\u00edcias\" \/>\n<meta property=\"article:publisher\" content=\"https:\/\/www.facebook.com\/profile.php?id=61573479951222\" \/>\n<meta property=\"article:published_time\" content=\"2026-08-25T14:59:53+00:00\" \/>\n<meta property=\"og:image\" content=\"https:\/\/mznoticia.com.br\/jaguariaiva\/wp-content\/uploads\/2026\/08\/10-20-scaled.jpg\" \/>\n\t<meta property=\"og:image:width\" content=\"2560\" \/>\n\t<meta property=\"og:image:height\" content=\"1707\" \/>\n\t<meta property=\"og:image:type\" content=\"image\/jpeg\" \/>\n<meta name=\"author\" content=\"Redacao mz\" \/>\n<meta name=\"twitter:card\" content=\"summary_large_image\" \/>\n<meta name=\"twitter:label1\" content=\"Escrito por\" \/>\n\t<meta name=\"twitter:data1\" content=\"Redacao mz\" \/>\n\t<meta name=\"twitter:label2\" content=\"Est. tempo de leitura\" \/>\n\t<meta name=\"twitter:data2\" content=\"3 minutos\" \/>\n<script type=\"application\/ld+json\" class=\"yoast-schema-graph\">{\"@context\":\"https:\\\/\\\/schema.org\",\"@graph\":[{\"@type\":\"Article\",\"@id\":\"https:\\\/\\\/mznoticia.com.br\\\/jaguariaiva\\\/parana-cria-nucleo-para-proteger-vitimas-de-desastres-apos-tornados-e-tragedias\\\/#article\",\"isPartOf\":{\"@id\":\"https:\\\/\\\/mznoticia.com.br\\\/jaguariaiva\\\/parana-cria-nucleo-para-proteger-vitimas-de-desastres-apos-tornados-e-tragedias\\\/\"},\"author\":{\"name\":\"Redacao mz\",\"@id\":\"https:\\\/\\\/mznoticia.com.br\\\/jaguariaiva\\\/#\\\/schema\\\/person\\\/84012d827247b3f42f37b550da79cd03\"},\"headline\":\"Paran\u00e1 cria n\u00facleo para proteger v\u00edtimas de desastres ap\u00f3s tornados e trag\u00e9dias\",\"datePublished\":\"2026-08-25T14:59:53+00:00\",\"mainEntityOfPage\":{\"@id\":\"https:\\\/\\\/mznoticia.com.br\\\/jaguariaiva\\\/parana-cria-nucleo-para-proteger-vitimas-de-desastres-apos-tornados-e-tragedias\\\/\"},\"wordCount\":586,\"commentCount\":0,\"publisher\":{\"@id\":\"https:\\\/\\\/mznoticia.com.br\\\/jaguariaiva\\\/#organization\"},\"image\":{\"@id\":\"https:\\\/\\\/mznoticia.com.br\\\/jaguariaiva\\\/parana-cria-nucleo-para-proteger-vitimas-de-desastres-apos-tornados-e-tragedias\\\/#primaryimage\"},\"thumbnailUrl\":\"https:\\\/\\\/mznoticia.com.br\\\/jaguariaiva\\\/wp-content\\\/uploads\\\/2026\\\/08\\\/10-20-scaled.jpg\",\"keywords\":[\"Defensoria P\u00fablica\",\"defesa civil\",\"desastres\",\"destaque\",\"Direitos Humanos\",\"enchentes\",\"Eventos Clim\u00e1ticos\",\"NUCRISE\",\"parana\",\"Pira\u00ed do Sul\",\"preven\u00e7\u00e3o\",\"Rio Bonito do Igua\u00e7u\",\"Tornados\"],\"articleSection\":[\"Jaguaria\u00edva\",\"Pol\u00edtica\"],\"inLanguage\":\"pt-BR\",\"potentialAction\":[{\"@type\":\"CommentAction\",\"name\":\"Comment\",\"target\":[\"https:\\\/\\\/mznoticia.com.br\\\/jaguariaiva\\\/parana-cria-nucleo-para-proteger-vitimas-de-desastres-apos-tornados-e-tragedias\\\/#respond\"]}]},{\"@type\":\"WebPage\",\"@id\":\"https:\\\/\\\/mznoticia.com.br\\\/jaguariaiva\\\/parana-cria-nucleo-para-proteger-vitimas-de-desastres-apos-tornados-e-tragedias\\\/\",\"url\":\"https:\\\/\\\/mznoticia.com.br\\\/jaguariaiva\\\/parana-cria-nucleo-para-proteger-vitimas-de-desastres-apos-tornados-e-tragedias\\\/\",\"name\":\"Paran\u00e1 cria n\u00facleo para proteger v\u00edtimas de desastres ap\u00f3s tornados e trag\u00e9dias - Mz Not\u00edcias\",\"isPartOf\":{\"@id\":\"https:\\\/\\\/mznoticia.com.br\\\/jaguariaiva\\\/#website\"},\"primaryImageOfPage\":{\"@id\":\"https:\\\/\\\/mznoticia.com.br\\\/jaguariaiva\\\/parana-cria-nucleo-para-proteger-vitimas-de-desastres-apos-tornados-e-tragedias\\\/#primaryimage\"},\"image\":{\"@id\":\"https:\\\/\\\/mznoticia.com.br\\\/jaguariaiva\\\/parana-cria-nucleo-para-proteger-vitimas-de-desastres-apos-tornados-e-tragedias\\\/#primaryimage\"},\"thumbnailUrl\":\"https:\\\/\\\/mznoticia.com.br\\\/jaguariaiva\\\/wp-content\\\/uploads\\\/2026\\\/08\\\/10-20-scaled.jpg\",\"datePublished\":\"2026-08-25T14:59:53+00:00\",\"description\":\"Defensoria P\u00fablica do Paran\u00e1 cria o NUCRISE para proteger v\u00edtimas de tornados, enchentes e outros desastres clim\u00e1ticos.\",\"breadcrumb\":{\"@id\":\"https:\\\/\\\/mznoticia.com.br\\\/jaguariaiva\\\/parana-cria-nucleo-para-proteger-vitimas-de-desastres-apos-tornados-e-tragedias\\\/#breadcrumb\"},\"inLanguage\":\"pt-BR\",\"potentialAction\":[{\"@type\":\"ReadAction\",\"target\":[\"https:\\\/\\\/mznoticia.com.br\\\/jaguariaiva\\\/parana-cria-nucleo-para-proteger-vitimas-de-desastres-apos-tornados-e-tragedias\\\/\"]}]},{\"@type\":\"ImageObject\",\"inLanguage\":\"pt-BR\",\"@id\":\"https:\\\/\\\/mznoticia.com.br\\\/jaguariaiva\\\/parana-cria-nucleo-para-proteger-vitimas-de-desastres-apos-tornados-e-tragedias\\\/#primaryimage\",\"url\":\"https:\\\/\\\/mznoticia.com.br\\\/jaguariaiva\\\/wp-content\\\/uploads\\\/2026\\\/08\\\/10-20-scaled.jpg\",\"contentUrl\":\"https:\\\/\\\/mznoticia.com.br\\\/jaguariaiva\\\/wp-content\\\/uploads\\\/2026\\\/08\\\/10-20-scaled.jpg\",\"width\":2560,\"height\":1707},{\"@type\":\"BreadcrumbList\",\"@id\":\"https:\\\/\\\/mznoticia.com.br\\\/jaguariaiva\\\/parana-cria-nucleo-para-proteger-vitimas-de-desastres-apos-tornados-e-tragedias\\\/#breadcrumb\",\"itemListElement\":[{\"@type\":\"ListItem\",\"position\":1,\"name\":\"Home\",\"item\":\"https:\\\/\\\/mznoticia.com.br\\\/jaguariaiva\\\/\"},{\"@type\":\"ListItem\",\"position\":2,\"name\":\"Paran\u00e1 cria n\u00facleo para proteger v\u00edtimas de desastres ap\u00f3s tornados e trag\u00e9dias\"}]},{\"@type\":\"WebSite\",\"@id\":\"https:\\\/\\\/mznoticia.com.br\\\/jaguariaiva\\\/#website\",\"url\":\"https:\\\/\\\/mznoticia.com.br\\\/jaguariaiva\\\/\",\"name\":\"Mz Not\u00edcia\",\"description\":\"A informa\u00e7\u00e3o que voc\u00ea precisa na hora certa!\",\"publisher\":{\"@id\":\"https:\\\/\\\/mznoticia.com.br\\\/jaguariaiva\\\/#organization\"},\"potentialAction\":[{\"@type\":\"SearchAction\",\"target\":{\"@type\":\"EntryPoint\",\"urlTemplate\":\"https:\\\/\\\/mznoticia.com.br\\\/jaguariaiva\\\/?s={search_term_string}\"},\"query-input\":{\"@type\":\"PropertyValueSpecification\",\"valueRequired\":true,\"valueName\":\"search_term_string\"}}],\"inLanguage\":\"pt-BR\"},{\"@type\":\"Organization\",\"@id\":\"https:\\\/\\\/mznoticia.com.br\\\/jaguariaiva\\\/#organization\",\"name\":\"Mz Not\u00edcia\",\"url\":\"https:\\\/\\\/mznoticia.com.br\\\/jaguariaiva\\\/\",\"logo\":{\"@type\":\"ImageObject\",\"inLanguage\":\"pt-BR\",\"@id\":\"https:\\\/\\\/mznoticia.com.br\\\/jaguariaiva\\\/#\\\/schema\\\/logo\\\/image\\\/\",\"url\":\"https:\\\/\\\/mznoticia.com.br\\\/jaguariaiva\\\/wp-content\\\/uploads\\\/2025\\\/03\\\/Design-sem-nome-4-e1741200616392.png\",\"contentUrl\":\"https:\\\/\\\/mznoticia.com.br\\\/jaguariaiva\\\/wp-content\\\/uploads\\\/2025\\\/03\\\/Design-sem-nome-4-e1741200616392.png\",\"width\":750,\"height\":563,\"caption\":\"Mz Not\u00edcia\"},\"image\":{\"@id\":\"https:\\\/\\\/mznoticia.com.br\\\/jaguariaiva\\\/#\\\/schema\\\/logo\\\/image\\\/\"},\"sameAs\":[\"https:\\\/\\\/www.facebook.com\\\/profile.php?id=61573479951222\",\"https:\\\/\\\/www.instagram.com\\\/mz.jaguariaiva\\\/\"]},{\"@type\":\"Person\",\"@id\":\"https:\\\/\\\/mznoticia.com.br\\\/jaguariaiva\\\/#\\\/schema\\\/person\\\/84012d827247b3f42f37b550da79cd03\",\"name\":\"Redacao mz\",\"image\":{\"@type\":\"ImageObject\",\"inLanguage\":\"pt-BR\",\"@id\":\"https:\\\/\\\/mznoticia.com.br\\\/jaguariaiva\\\/wp-content\\\/uploads\\\/2025\\\/02\\\/mznoticia_jaguariaiva_coluna-150x150.png\",\"url\":\"https:\\\/\\\/mznoticia.com.br\\\/jaguariaiva\\\/wp-content\\\/uploads\\\/2025\\\/02\\\/mznoticia_jaguariaiva_coluna-150x150.png\",\"contentUrl\":\"https:\\\/\\\/mznoticia.com.br\\\/jaguariaiva\\\/wp-content\\\/uploads\\\/2025\\\/02\\\/mznoticia_jaguariaiva_coluna-150x150.png\",\"caption\":\"Redacao mz\"},\"sameAs\":[\"http:\\\/\\\/mznoticia.com.br\"],\"url\":\"https:\\\/\\\/mznoticia.com.br\\\/jaguariaiva\\\/author\\\/lucimara\\\/\"}]}<\/script>\n<!-- \/ Yoast SEO plugin. -->","yoast_head_json":{"title":"Paran\u00e1 cria n\u00facleo para proteger v\u00edtimas de desastres ap\u00f3s tornados e trag\u00e9dias - Mz Not\u00edcias","description":"Defensoria P\u00fablica do Paran\u00e1 cria o NUCRISE para proteger v\u00edtimas de tornados, enchentes e outros desastres clim\u00e1ticos.","robots":{"index":"index","follow":"follow","max-snippet":"max-snippet:-1","max-image-preview":"max-image-preview:large","max-video-preview":"max-video-preview:-1"},"canonical":"https:\/\/mznoticia.com.br\/jaguariaiva\/parana-cria-nucleo-para-proteger-vitimas-de-desastres-apos-tornados-e-tragedias\/","og_locale":"pt_BR","og_type":"article","og_title":"Paran\u00e1 cria n\u00facleo para proteger v\u00edtimas de desastres ap\u00f3s tornados e trag\u00e9dias - Mz Not\u00edcias","og_description":"Defensoria P\u00fablica do Paran\u00e1 cria o NUCRISE para proteger v\u00edtimas de tornados, enchentes e outros desastres clim\u00e1ticos.","og_url":"https:\/\/mznoticia.com.br\/jaguariaiva\/parana-cria-nucleo-para-proteger-vitimas-de-desastres-apos-tornados-e-tragedias\/","og_site_name":"Mz Not\u00edcias","article_publisher":"https:\/\/www.facebook.com\/profile.php?id=61573479951222","article_published_time":"2026-08-25T14:59:53+00:00","og_image":[{"width":2560,"height":1707,"url":"https:\/\/mznoticia.com.br\/jaguariaiva\/wp-content\/uploads\/2026\/08\/10-20-scaled.jpg","type":"image\/jpeg"}],"author":"Redacao mz","twitter_card":"summary_large_image","twitter_misc":{"Escrito por":"Redacao mz","Est. tempo de leitura":"3 minutos"},"schema":{"@context":"https:\/\/schema.org","@graph":[{"@type":"Article","@id":"https:\/\/mznoticia.com.br\/jaguariaiva\/parana-cria-nucleo-para-proteger-vitimas-de-desastres-apos-tornados-e-tragedias\/#article","isPartOf":{"@id":"https:\/\/mznoticia.com.br\/jaguariaiva\/parana-cria-nucleo-para-proteger-vitimas-de-desastres-apos-tornados-e-tragedias\/"},"author":{"name":"Redacao mz","@id":"https:\/\/mznoticia.com.br\/jaguariaiva\/#\/schema\/person\/84012d827247b3f42f37b550da79cd03"},"headline":"Paran\u00e1 cria n\u00facleo para proteger v\u00edtimas de desastres ap\u00f3s tornados e trag\u00e9dias","datePublished":"2026-08-25T14:59:53+00:00","mainEntityOfPage":{"@id":"https:\/\/mznoticia.com.br\/jaguariaiva\/parana-cria-nucleo-para-proteger-vitimas-de-desastres-apos-tornados-e-tragedias\/"},"wordCount":586,"commentCount":0,"publisher":{"@id":"https:\/\/mznoticia.com.br\/jaguariaiva\/#organization"},"image":{"@id":"https:\/\/mznoticia.com.br\/jaguariaiva\/parana-cria-nucleo-para-proteger-vitimas-de-desastres-apos-tornados-e-tragedias\/#primaryimage"},"thumbnailUrl":"https:\/\/mznoticia.com.br\/jaguariaiva\/wp-content\/uploads\/2026\/08\/10-20-scaled.jpg","keywords":["Defensoria P\u00fablica","defesa civil","desastres","destaque","Direitos Humanos","enchentes","Eventos Clim\u00e1ticos","NUCRISE","parana","Pira\u00ed do Sul","preven\u00e7\u00e3o","Rio Bonito do Igua\u00e7u","Tornados"],"articleSection":["Jaguaria\u00edva","Pol\u00edtica"],"inLanguage":"pt-BR","potentialAction":[{"@type":"CommentAction","name":"Comment","target":["https:\/\/mznoticia.com.br\/jaguariaiva\/parana-cria-nucleo-para-proteger-vitimas-de-desastres-apos-tornados-e-tragedias\/#respond"]}]},{"@type":"WebPage","@id":"https:\/\/mznoticia.com.br\/jaguariaiva\/parana-cria-nucleo-para-proteger-vitimas-de-desastres-apos-tornados-e-tragedias\/","url":"https:\/\/mznoticia.com.br\/jaguariaiva\/parana-cria-nucleo-para-proteger-vitimas-de-desastres-apos-tornados-e-tragedias\/","name":"Paran\u00e1 cria n\u00facleo para proteger v\u00edtimas de desastres ap\u00f3s tornados e trag\u00e9dias - Mz Not\u00edcias","isPartOf":{"@id":"https:\/\/mznoticia.com.br\/jaguariaiva\/#website"},"primaryImageOfPage":{"@id":"https:\/\/mznoticia.com.br\/jaguariaiva\/parana-cria-nucleo-para-proteger-vitimas-de-desastres-apos-tornados-e-tragedias\/#primaryimage"},"image":{"@id":"https:\/\/mznoticia.com.br\/jaguariaiva\/parana-cria-nucleo-para-proteger-vitimas-de-desastres-apos-tornados-e-tragedias\/#primaryimage"},"thumbnailUrl":"https:\/\/mznoticia.com.br\/jaguariaiva\/wp-content\/uploads\/2026\/08\/10-20-scaled.jpg","datePublished":"2026-08-25T14:59:53+00:00","description":"Defensoria P\u00fablica do Paran\u00e1 cria o NUCRISE para proteger v\u00edtimas de tornados, enchentes e outros desastres clim\u00e1ticos.","breadcrumb":{"@id":"https:\/\/mznoticia.com.br\/jaguariaiva\/parana-cria-nucleo-para-proteger-vitimas-de-desastres-apos-tornados-e-tragedias\/#breadcrumb"},"inLanguage":"pt-BR","potentialAction":[{"@type":"ReadAction","target":["https:\/\/mznoticia.com.br\/jaguariaiva\/parana-cria-nucleo-para-proteger-vitimas-de-desastres-apos-tornados-e-tragedias\/"]}]},{"@type":"ImageObject","inLanguage":"pt-BR","@id":"https:\/\/mznoticia.com.br\/jaguariaiva\/parana-cria-nucleo-para-proteger-vitimas-de-desastres-apos-tornados-e-tragedias\/#primaryimage","url":"https:\/\/mznoticia.com.br\/jaguariaiva\/wp-content\/uploads\/2026\/08\/10-20-scaled.jpg","contentUrl":"https:\/\/mznoticia.com.br\/jaguariaiva\/wp-content\/uploads\/2026\/08\/10-20-scaled.jpg","width":2560,"height":1707},{"@type":"BreadcrumbList","@id":"https:\/\/mznoticia.com.br\/jaguariaiva\/parana-cria-nucleo-para-proteger-vitimas-de-desastres-apos-tornados-e-tragedias\/#breadcrumb","itemListElement":[{"@type":"ListItem","position":1,"name":"Home","item":"https:\/\/mznoticia.com.br\/jaguariaiva\/"},{"@type":"ListItem","position":2,"name":"Paran\u00e1 cria n\u00facleo para proteger v\u00edtimas de desastres ap\u00f3s tornados e trag\u00e9dias"}]},{"@type":"WebSite","@id":"https:\/\/mznoticia.com.br\/jaguariaiva\/#website","url":"https:\/\/mznoticia.com.br\/jaguariaiva\/","name":"Mz Not\u00edcia","description":"A informa\u00e7\u00e3o que voc\u00ea precisa na hora certa!","publisher":{"@id":"https:\/\/mznoticia.com.br\/jaguariaiva\/#organization"},"potentialAction":[{"@type":"SearchAction","target":{"@type":"EntryPoint","urlTemplate":"https:\/\/mznoticia.com.br\/jaguariaiva\/?s={search_term_string}"},"query-input":{"@type":"PropertyValueSpecification","valueRequired":true,"valueName":"search_term_string"}}],"inLanguage":"pt-BR"},{"@type":"Organization","@id":"https:\/\/mznoticia.com.br\/jaguariaiva\/#organization","name":"Mz Not\u00edcia","url":"https:\/\/mznoticia.com.br\/jaguariaiva\/","logo":{"@type":"ImageObject","inLanguage":"pt-BR","@id":"https:\/\/mznoticia.com.br\/jaguariaiva\/#\/schema\/logo\/image\/","url":"https:\/\/mznoticia.com.br\/jaguariaiva\/wp-content\/uploads\/2025\/03\/Design-sem-nome-4-e1741200616392.png","contentUrl":"https:\/\/mznoticia.com.br\/jaguariaiva\/wp-content\/uploads\/2025\/03\/Design-sem-nome-4-e1741200616392.png","width":750,"height":563,"caption":"Mz Not\u00edcia"},"image":{"@id":"https:\/\/mznoticia.com.br\/jaguariaiva\/#\/schema\/logo\/image\/"},"sameAs":["https:\/\/www.facebook.com\/profile.php?id=61573479951222","https:\/\/www.instagram.com\/mz.jaguariaiva\/"]},{"@type":"Person","@id":"https:\/\/mznoticia.com.br\/jaguariaiva\/#\/schema\/person\/84012d827247b3f42f37b550da79cd03","name":"Redacao mz","image":{"@type":"ImageObject","inLanguage":"pt-BR","@id":"https:\/\/mznoticia.com.br\/jaguariaiva\/wp-content\/uploads\/2025\/02\/mznoticia_jaguariaiva_coluna-150x150.png","url":"https:\/\/mznoticia.com.br\/jaguariaiva\/wp-content\/uploads\/2025\/02\/mznoticia_jaguariaiva_coluna-150x150.png","contentUrl":"https:\/\/mznoticia.com.br\/jaguariaiva\/wp-content\/uploads\/2025\/02\/mznoticia_jaguariaiva_coluna-150x150.png","caption":"Redacao mz"},"sameAs":["http:\/\/mznoticia.com.br"],"url":"https:\/\/mznoticia.com.br\/jaguariaiva\/author\/lucimara\/"}]}},"_links":{"self":[{"href":"https:\/\/mznoticia.com.br\/jaguariaiva\/wp-json\/wp\/v2\/posts\/7016","targetHints":{"allow":["GET"]}}],"collection":[{"href":"https:\/\/mznoticia.com.br\/jaguariaiva\/wp-json\/wp\/v2\/posts"}],"about":[{"href":"https:\/\/mznoticia.com.br\/jaguariaiva\/wp-json\/wp\/v2\/types\/post"}],"author":[{"embeddable":true,"href":"https:\/\/mznoticia.com.br\/jaguariaiva\/wp-json\/wp\/v2\/users\/16"}],"replies":[{"embeddable":true,"href":"https:\/\/mznoticia.com.br\/jaguariaiva\/wp-json\/wp\/v2\/comments?post=7016"}],"version-history":[{"count":1,"href":"https:\/\/mznoticia.com.br\/jaguariaiva\/wp-json\/wp\/v2\/posts\/7016\/revisions"}],"predecessor-version":[{"id":7018,"href":"https:\/\/mznoticia.com.br\/jaguariaiva\/wp-json\/wp\/v2\/posts\/7016\/revisions\/7018"}],"wp:featuredmedia":[{"embeddable":true,"href":"https:\/\/mznoticia.com.br\/jaguariaiva\/wp-json\/wp\/v2\/media\/7017"}],"wp:attachment":[{"href":"https:\/\/mznoticia.com.br\/jaguariaiva\/wp-json\/wp\/v2\/media?parent=7016"}],"wp:term":[{"taxonomy":"category","embeddable":true,"href":"https:\/\/mznoticia.com.br\/jaguariaiva\/wp-json\/wp\/v2\/categories?post=7016"},{"taxonomy":"post_tag","embeddable":true,"href":"https:\/\/mznoticia.com.br\/jaguariaiva\/wp-json\/wp\/v2\/tags?post=7016"}],"curies":[{"name":"wp","href":"https:\/\/api.w.org\/{rel}","templated":true}]}}