{"id":7019,"date":"2026-08-25T16:02:35","date_gmt":"2026-08-25T16:02:35","guid":{"rendered":"https:\/\/mznoticia.com.br\/jaguariaiva\/?p=7019"},"modified":"2026-08-25T16:02:35","modified_gmt":"2026-08-25T16:02:35","slug":"eclipse-lunar-quase-total-podera-ser-visto-em-todo-o-brasil-na-madrugada-de-sexta-feira","status":"publish","type":"post","link":"https:\/\/mznoticia.com.br\/jaguariaiva\/eclipse-lunar-quase-total-podera-ser-visto-em-todo-o-brasil-na-madrugada-de-sexta-feira\/","title":{"rendered":"Eclipse lunar quase total poder\u00e1 ser visto em todo o Brasil na madrugada de sexta-feira"},"content":{"rendered":"<h2 class=\"PDq2pG_selectionAnchorContainer\" data-section-id=\"gzmfi5\" data-start=\"91\" data-end=\"242\">Fen\u00f4meno come\u00e7a na noite de quinta-feira (27) e ter\u00e1 o ponto m\u00e1ximo \u00e0s 1h13 de sexta (28), quando 96,2% da Lua estar\u00e1 encoberta pela sombra da Terra<\/h2>\n<p data-start=\"244\" data-end=\"497\">Um <strong data-start=\"247\" data-end=\"272\">eclipse lunar parcial<\/strong> poder\u00e1 ser observado em todo o Brasil na noite de quinta-feira (27) para a madrugada de sexta-feira (28). O fen\u00f4meno vai encobrir <strong data-start=\"403\" data-end=\"427\">96,2% do disco lunar<\/strong>, fazendo com que a Lua fique visualmente pr\u00f3xima de um eclipse total.<\/p>\n<p data-start=\"499\" data-end=\"644\">O eclipse ter\u00e1 in\u00edcio \u00e0s <strong data-start=\"524\" data-end=\"549\">22h24 de quinta-feira<\/strong>, pelo hor\u00e1rio de Bras\u00edlia, e o momento de maior cobertura ocorrer\u00e1 \u00e0s <strong data-start=\"620\" data-end=\"643\">1h13 de sexta-feira<\/strong>.<\/p>\n<h3 data-section-id=\"148rnuf\" data-start=\"646\" data-end=\"669\">Confira os hor\u00e1rios<\/h3>\n<ul data-start=\"671\" data-end=\"904\">\n<li data-section-id=\"3yg7jl\" data-start=\"671\" data-end=\"716\"><strong data-start=\"673\" data-end=\"690\">22h24 (27\/8):<\/strong> in\u00edcio da fase penumbral;<\/li>\n<li data-section-id=\"1eauciz\" data-start=\"717\" data-end=\"760\"><strong data-start=\"719\" data-end=\"736\">23h34 (27\/8):<\/strong> in\u00edcio da fase parcial;<\/li>\n<li data-section-id=\"1g9ua3r\" data-start=\"761\" data-end=\"822\"><strong data-start=\"763\" data-end=\"779\">1h13 (28\/8):<\/strong> ponto m\u00e1ximo, com 96,2% da Lua escurecida;<\/li>\n<li data-section-id=\"fr9062\" data-start=\"823\" data-end=\"862\"><strong data-start=\"825\" data-end=\"841\">2h52 (28\/8):<\/strong> fim da fase parcial;<\/li>\n<li data-section-id=\"ri7xhy\" data-start=\"863\" data-end=\"904\"><strong data-start=\"865\" data-end=\"881\">4h02 (28\/8):<\/strong> fim da fase penumbral.<\/li>\n<\/ul>\n<p data-start=\"906\" data-end=\"1106\">A fase parcial, considerada a mais f\u00e1cil de perceber, ter\u00e1 dura\u00e7\u00e3o aproximada de <strong data-start=\"987\" data-end=\"1011\">3 horas e 18 minutos<\/strong>. J\u00e1 todo o fen\u00f4meno, incluindo a fase penumbral, deve durar cerca de <strong data-start=\"1081\" data-end=\"1105\">5 horas e 38 minutos<\/strong>.<\/p>\n<h3 data-section-id=\"fqy9f\" data-start=\"1108\" data-end=\"1152\">Por que o eclipse \u00e9 considerado parcial?<\/h3>\n<p data-start=\"1154\" data-end=\"1262\">O eclipse acontece quando <strong data-start=\"1180\" data-end=\"1216\">Sol, Terra e Lua ficam alinhados<\/strong>, com a Terra posicionada entre o Sol e a Lua.<\/p>\n<p data-start=\"1264\" data-end=\"1384\">A sombra projetada pela Terra possui duas regi\u00f5es: a <strong data-start=\"1317\" data-end=\"1329\">penumbra<\/strong>, mais clara, e a <strong data-start=\"1347\" data-end=\"1356\">umbra<\/strong>, que \u00e9 a parte mais escura.<\/p>\n<p data-start=\"1386\" data-end=\"1565\">No eclipse parcial, apenas uma parte da Lua entra na umbra. Nesta ocasi\u00e3o, a Lua passar\u00e1 profundamente pela regi\u00e3o de sombra, mas uma pequena faixa do disco permanecer\u00e1 iluminada.<\/p>\n<h3 data-section-id=\"1vfcd7o\" data-start=\"1567\" data-end=\"1605\">Lua poder\u00e1 ganhar tons alaranjados<\/h3>\n<p data-start=\"1607\" data-end=\"1738\">Apesar de n\u00e3o ser um eclipse total, a parte da Lua dentro da umbra poder\u00e1 apresentar <strong data-start=\"1692\" data-end=\"1737\">tons escuros, alaranjados ou avermelhados<\/strong>.<\/p>\n<p data-start=\"1740\" data-end=\"1978\">Isso ocorre porque parte da luz solar atravessa a atmosfera terrestre antes de chegar \u00e0 Lua. A atmosfera espalha mais facilmente a luz azul, enquanto os tons avermelhados e alaranjados conseguem atravess\u00e1-la e iluminar a superf\u00edcie lunar.<\/p>\n<p data-start=\"1980\" data-end=\"2110\">Por isso, o fen\u00f4meno n\u00e3o ser\u00e1 uma \u201cLua de Sangue\u201d completa, mas poder\u00e1 produzir uma colora\u00e7\u00e3o avermelhada em parte do disco lunar.<\/p>\n<h3 data-section-id=\"113pye3\" data-start=\"2112\" data-end=\"2153\">Observa\u00e7\u00e3o poder\u00e1 ser feita a olho nu<\/h3>\n<p data-start=\"2155\" data-end=\"2299\">N\u00e3o \u00e9 necess\u00e1rio nenhum equipamento especial para acompanhar o eclipse. O fen\u00f4meno pode ser observado <strong data-start=\"2257\" data-end=\"2270\">a olho nu<\/strong> e n\u00e3o oferece risco \u00e0 vis\u00e3o.<\/p>\n<p data-start=\"2301\" data-end=\"2429\">Bin\u00f3culos e telesc\u00f3pios podem ser utilizados para observar com mais detalhes a superf\u00edcie lunar e a regi\u00e3o atingida pela sombra.<\/p>\n<p data-start=\"2431\" data-end=\"2512\">O principal fator que pode atrapalhar a observa\u00e7\u00e3o ser\u00e1 a presen\u00e7a de <strong data-start=\"2501\" data-end=\"2511\">nuvens<\/strong>.<\/p>\n<h3 data-section-id=\"tmouot\" data-start=\"2514\" data-end=\"2556\">Fen\u00f4meno ser\u00e1 vis\u00edvel em todo o Brasil<\/h3>\n<p data-start=\"2558\" data-end=\"2672\">Todas as regi\u00f5es brasileiras poder\u00e3o acompanhar o eclipse, desde que as condi\u00e7\u00f5es meteorol\u00f3gicas sejam favor\u00e1veis.<\/p>\n<p data-start=\"2674\" data-end=\"2824\">Os hor\u00e1rios informados seguem o <strong data-start=\"2706\" data-end=\"2729\">hor\u00e1rio de Bras\u00edlia<\/strong>. Em estados que utilizam outros fusos hor\u00e1rios, ser\u00e1 necess\u00e1rio fazer o ajuste correspondente.<\/p>\n<p data-start=\"2826\" data-end=\"2994\">No Brasil, ser\u00e1 poss\u00edvel acompanhar todas as etapas do fen\u00f4meno, desde a entrada da Lua na penumbra at\u00e9 o encerramento, pr\u00f3ximo das <strong data-start=\"2958\" data-end=\"2993\">4h da manh\u00e3 de sexta-feira (28)<\/strong>.<\/p>\n","protected":false},"excerpt":{"rendered":"<p>Fen\u00f4meno come\u00e7a na noite de quinta-feira (27) e ter\u00e1 o ponto m\u00e1ximo \u00e0s 1h13 de sexta (28), quando 96,2% da Lua estar\u00e1 encoberta pela sombra da Terra Um eclipse lunar parcial poder\u00e1 ser observado em todo o Brasil na noite de quinta-feira (27) para a madrugada de sexta-feira (28). O fen\u00f4meno vai encobrir 96,2% do [&hellip;]<\/p>\n","protected":false},"author":16,"featured_media":7020,"comment_status":"open","ping_status":"open","sticky":false,"template":"","format":"standard","meta":{"footnotes":""},"categories":[5],"tags":[823,82,824,2642,2641,826,822],"class_list":["post-7019","post","type-post","status-publish","format-standard","has-post-thumbnail","hentry","category-brasil","tag-astronomia","tag-brasil","tag-ciencia","tag-eclipse-2026","tag-eclipse-lunar","tag-fenomeno-astronomico","tag-lua"],"yoast_head":"<!-- This site is optimized with the Yoast SEO plugin v28.1 - https:\/\/yoast.com\/product\/yoast-seo-wordpress\/ -->\n<title>Eclipse lunar quase total poder\u00e1 ser visto em todo o Brasil na madrugada de sexta-feira - Mz Not\u00edcias<\/title>\n<meta name=\"description\" content=\"Eclipse lunar parcial poder\u00e1 ser visto em todo o Brasil na madrugada de sexta-feira (28). Fen\u00f4meno ter\u00e1 96,2% da Lua encoberta.\" \/>\n<meta name=\"robots\" content=\"index, follow, max-snippet:-1, max-image-preview:large, max-video-preview:-1\" \/>\n<link rel=\"canonical\" href=\"https:\/\/mznoticia.com.br\/jaguariaiva\/eclipse-lunar-quase-total-podera-ser-visto-em-todo-o-brasil-na-madrugada-de-sexta-feira\/\" \/>\n<meta property=\"og:locale\" content=\"pt_BR\" \/>\n<meta property=\"og:type\" content=\"article\" \/>\n<meta property=\"og:title\" content=\"Eclipse lunar quase total poder\u00e1 ser visto em todo o Brasil na madrugada de sexta-feira - Mz Not\u00edcias\" \/>\n<meta property=\"og:description\" content=\"Eclipse lunar parcial poder\u00e1 ser visto em todo o Brasil na madrugada de sexta-feira (28). Fen\u00f4meno ter\u00e1 96,2% da Lua encoberta.\" \/>\n<meta property=\"og:url\" content=\"https:\/\/mznoticia.com.br\/jaguariaiva\/eclipse-lunar-quase-total-podera-ser-visto-em-todo-o-brasil-na-madrugada-de-sexta-feira\/\" \/>\n<meta property=\"og:site_name\" content=\"Mz Not\u00edcias\" \/>\n<meta property=\"article:publisher\" content=\"https:\/\/www.facebook.com\/profile.php?id=61573479951222\" \/>\n<meta property=\"article:published_time\" content=\"2026-08-25T16:02:35+00:00\" \/>\n<meta property=\"og:image\" content=\"https:\/\/mznoticia.com.br\/jaguariaiva\/wp-content\/uploads\/2026\/08\/10.jpg-11.webp\" \/>\n\t<meta property=\"og:image:width\" content=\"984\" \/>\n\t<meta property=\"og:image:height\" content=\"554\" \/>\n\t<meta property=\"og:image:type\" content=\"image\/webp\" \/>\n<meta name=\"author\" content=\"Redacao mz\" \/>\n<meta name=\"twitter:card\" content=\"summary_large_image\" \/>\n<meta name=\"twitter:label1\" content=\"Escrito por\" \/>\n\t<meta name=\"twitter:data1\" content=\"Redacao mz\" \/>\n\t<meta name=\"twitter:label2\" content=\"Est. tempo de leitura\" \/>\n\t<meta name=\"twitter:data2\" content=\"3 minutos\" \/>\n<script type=\"application\/ld+json\" class=\"yoast-schema-graph\">{\"@context\":\"https:\\\/\\\/schema.org\",\"@graph\":[{\"@type\":\"Article\",\"@id\":\"https:\\\/\\\/mznoticia.com.br\\\/jaguariaiva\\\/eclipse-lunar-quase-total-podera-ser-visto-em-todo-o-brasil-na-madrugada-de-sexta-feira\\\/#article\",\"isPartOf\":{\"@id\":\"https:\\\/\\\/mznoticia.com.br\\\/jaguariaiva\\\/eclipse-lunar-quase-total-podera-ser-visto-em-todo-o-brasil-na-madrugada-de-sexta-feira\\\/\"},\"author\":{\"name\":\"Redacao mz\",\"@id\":\"https:\\\/\\\/mznoticia.com.br\\\/jaguariaiva\\\/#\\\/schema\\\/person\\\/84012d827247b3f42f37b550da79cd03\"},\"headline\":\"Eclipse lunar quase total poder\u00e1 ser visto em todo o Brasil na madrugada de sexta-feira\",\"datePublished\":\"2026-08-25T16:02:35+00:00\",\"mainEntityOfPage\":{\"@id\":\"https:\\\/\\\/mznoticia.com.br\\\/jaguariaiva\\\/eclipse-lunar-quase-total-podera-ser-visto-em-todo-o-brasil-na-madrugada-de-sexta-feira\\\/\"},\"wordCount\":504,\"commentCount\":0,\"publisher\":{\"@id\":\"https:\\\/\\\/mznoticia.com.br\\\/jaguariaiva\\\/#organization\"},\"image\":{\"@id\":\"https:\\\/\\\/mznoticia.com.br\\\/jaguariaiva\\\/eclipse-lunar-quase-total-podera-ser-visto-em-todo-o-brasil-na-madrugada-de-sexta-feira\\\/#primaryimage\"},\"thumbnailUrl\":\"https:\\\/\\\/mznoticia.com.br\\\/jaguariaiva\\\/wp-content\\\/uploads\\\/2026\\\/08\\\/10.jpg-11.webp\",\"keywords\":[\"Astronomia\",\"brasil\",\"Ci\u00eancia\",\"Eclipse 2026\",\"Eclipse Lunar\",\"Fen\u00f4meno Astron\u00f4mico\",\"Lua\"],\"articleSection\":[\"Brasil\"],\"inLanguage\":\"pt-BR\",\"potentialAction\":[{\"@type\":\"CommentAction\",\"name\":\"Comment\",\"target\":[\"https:\\\/\\\/mznoticia.com.br\\\/jaguariaiva\\\/eclipse-lunar-quase-total-podera-ser-visto-em-todo-o-brasil-na-madrugada-de-sexta-feira\\\/#respond\"]}]},{\"@type\":\"WebPage\",\"@id\":\"https:\\\/\\\/mznoticia.com.br\\\/jaguariaiva\\\/eclipse-lunar-quase-total-podera-ser-visto-em-todo-o-brasil-na-madrugada-de-sexta-feira\\\/\",\"url\":\"https:\\\/\\\/mznoticia.com.br\\\/jaguariaiva\\\/eclipse-lunar-quase-total-podera-ser-visto-em-todo-o-brasil-na-madrugada-de-sexta-feira\\\/\",\"name\":\"Eclipse lunar quase total poder\u00e1 ser visto em todo o Brasil na madrugada de sexta-feira - Mz Not\u00edcias\",\"isPartOf\":{\"@id\":\"https:\\\/\\\/mznoticia.com.br\\\/jaguariaiva\\\/#website\"},\"primaryImageOfPage\":{\"@id\":\"https:\\\/\\\/mznoticia.com.br\\\/jaguariaiva\\\/eclipse-lunar-quase-total-podera-ser-visto-em-todo-o-brasil-na-madrugada-de-sexta-feira\\\/#primaryimage\"},\"image\":{\"@id\":\"https:\\\/\\\/mznoticia.com.br\\\/jaguariaiva\\\/eclipse-lunar-quase-total-podera-ser-visto-em-todo-o-brasil-na-madrugada-de-sexta-feira\\\/#primaryimage\"},\"thumbnailUrl\":\"https:\\\/\\\/mznoticia.com.br\\\/jaguariaiva\\\/wp-content\\\/uploads\\\/2026\\\/08\\\/10.jpg-11.webp\",\"datePublished\":\"2026-08-25T16:02:35+00:00\",\"description\":\"Eclipse lunar parcial poder\u00e1 ser visto em todo o Brasil na madrugada de sexta-feira (28). Fen\u00f4meno ter\u00e1 96,2% da Lua encoberta.\",\"breadcrumb\":{\"@id\":\"https:\\\/\\\/mznoticia.com.br\\\/jaguariaiva\\\/eclipse-lunar-quase-total-podera-ser-visto-em-todo-o-brasil-na-madrugada-de-sexta-feira\\\/#breadcrumb\"},\"inLanguage\":\"pt-BR\",\"potentialAction\":[{\"@type\":\"ReadAction\",\"target\":[\"https:\\\/\\\/mznoticia.com.br\\\/jaguariaiva\\\/eclipse-lunar-quase-total-podera-ser-visto-em-todo-o-brasil-na-madrugada-de-sexta-feira\\\/\"]}]},{\"@type\":\"ImageObject\",\"inLanguage\":\"pt-BR\",\"@id\":\"https:\\\/\\\/mznoticia.com.br\\\/jaguariaiva\\\/eclipse-lunar-quase-total-podera-ser-visto-em-todo-o-brasil-na-madrugada-de-sexta-feira\\\/#primaryimage\",\"url\":\"https:\\\/\\\/mznoticia.com.br\\\/jaguariaiva\\\/wp-content\\\/uploads\\\/2026\\\/08\\\/10.jpg-11.webp\",\"contentUrl\":\"https:\\\/\\\/mznoticia.com.br\\\/jaguariaiva\\\/wp-content\\\/uploads\\\/2026\\\/08\\\/10.jpg-11.webp\",\"width\":984,\"height\":554},{\"@type\":\"BreadcrumbList\",\"@id\":\"https:\\\/\\\/mznoticia.com.br\\\/jaguariaiva\\\/eclipse-lunar-quase-total-podera-ser-visto-em-todo-o-brasil-na-madrugada-de-sexta-feira\\\/#breadcrumb\",\"itemListElement\":[{\"@type\":\"ListItem\",\"position\":1,\"name\":\"Home\",\"item\":\"https:\\\/\\\/mznoticia.com.br\\\/jaguariaiva\\\/\"},{\"@type\":\"ListItem\",\"position\":2,\"name\":\"Eclipse lunar quase total poder\u00e1 ser visto em todo o Brasil na madrugada de sexta-feira\"}]},{\"@type\":\"WebSite\",\"@id\":\"https:\\\/\\\/mznoticia.com.br\\\/jaguariaiva\\\/#website\",\"url\":\"https:\\\/\\\/mznoticia.com.br\\\/jaguariaiva\\\/\",\"name\":\"Mz Not\u00edcia\",\"description\":\"A informa\u00e7\u00e3o que voc\u00ea precisa na hora certa!\",\"publisher\":{\"@id\":\"https:\\\/\\\/mznoticia.com.br\\\/jaguariaiva\\\/#organization\"},\"potentialAction\":[{\"@type\":\"SearchAction\",\"target\":{\"@type\":\"EntryPoint\",\"urlTemplate\":\"https:\\\/\\\/mznoticia.com.br\\\/jaguariaiva\\\/?s={search_term_string}\"},\"query-input\":{\"@type\":\"PropertyValueSpecification\",\"valueRequired\":true,\"valueName\":\"search_term_string\"}}],\"inLanguage\":\"pt-BR\"},{\"@type\":\"Organization\",\"@id\":\"https:\\\/\\\/mznoticia.com.br\\\/jaguariaiva\\\/#organization\",\"name\":\"Mz Not\u00edcia\",\"url\":\"https:\\\/\\\/mznoticia.com.br\\\/jaguariaiva\\\/\",\"logo\":{\"@type\":\"ImageObject\",\"inLanguage\":\"pt-BR\",\"@id\":\"https:\\\/\\\/mznoticia.com.br\\\/jaguariaiva\\\/#\\\/schema\\\/logo\\\/image\\\/\",\"url\":\"https:\\\/\\\/mznoticia.com.br\\\/jaguariaiva\\\/wp-content\\\/uploads\\\/2025\\\/03\\\/Design-sem-nome-4-e1741200616392.png\",\"contentUrl\":\"https:\\\/\\\/mznoticia.com.br\\\/jaguariaiva\\\/wp-content\\\/uploads\\\/2025\\\/03\\\/Design-sem-nome-4-e1741200616392.png\",\"width\":750,\"height\":563,\"caption\":\"Mz Not\u00edcia\"},\"image\":{\"@id\":\"https:\\\/\\\/mznoticia.com.br\\\/jaguariaiva\\\/#\\\/schema\\\/logo\\\/image\\\/\"},\"sameAs\":[\"https:\\\/\\\/www.facebook.com\\\/profile.php?id=61573479951222\",\"https:\\\/\\\/www.instagram.com\\\/mz.jaguariaiva\\\/\"]},{\"@type\":\"Person\",\"@id\":\"https:\\\/\\\/mznoticia.com.br\\\/jaguariaiva\\\/#\\\/schema\\\/person\\\/84012d827247b3f42f37b550da79cd03\",\"name\":\"Redacao mz\",\"image\":{\"@type\":\"ImageObject\",\"inLanguage\":\"pt-BR\",\"@id\":\"https:\\\/\\\/mznoticia.com.br\\\/jaguariaiva\\\/wp-content\\\/uploads\\\/2025\\\/02\\\/mznoticia_jaguariaiva_coluna-150x150.png\",\"url\":\"https:\\\/\\\/mznoticia.com.br\\\/jaguariaiva\\\/wp-content\\\/uploads\\\/2025\\\/02\\\/mznoticia_jaguariaiva_coluna-150x150.png\",\"contentUrl\":\"https:\\\/\\\/mznoticia.com.br\\\/jaguariaiva\\\/wp-content\\\/uploads\\\/2025\\\/02\\\/mznoticia_jaguariaiva_coluna-150x150.png\",\"caption\":\"Redacao mz\"},\"sameAs\":[\"http:\\\/\\\/mznoticia.com.br\"],\"url\":\"https:\\\/\\\/mznoticia.com.br\\\/jaguariaiva\\\/author\\\/lucimara\\\/\"}]}<\/script>\n<!-- \/ Yoast SEO plugin. -->","yoast_head_json":{"title":"Eclipse lunar quase total poder\u00e1 ser visto em todo o Brasil na madrugada de sexta-feira - Mz Not\u00edcias","description":"Eclipse lunar parcial poder\u00e1 ser visto em todo o Brasil na madrugada de sexta-feira (28). Fen\u00f4meno ter\u00e1 96,2% da Lua encoberta.","robots":{"index":"index","follow":"follow","max-snippet":"max-snippet:-1","max-image-preview":"max-image-preview:large","max-video-preview":"max-video-preview:-1"},"canonical":"https:\/\/mznoticia.com.br\/jaguariaiva\/eclipse-lunar-quase-total-podera-ser-visto-em-todo-o-brasil-na-madrugada-de-sexta-feira\/","og_locale":"pt_BR","og_type":"article","og_title":"Eclipse lunar quase total poder\u00e1 ser visto em todo o Brasil na madrugada de sexta-feira - Mz Not\u00edcias","og_description":"Eclipse lunar parcial poder\u00e1 ser visto em todo o Brasil na madrugada de sexta-feira (28). Fen\u00f4meno ter\u00e1 96,2% da Lua encoberta.","og_url":"https:\/\/mznoticia.com.br\/jaguariaiva\/eclipse-lunar-quase-total-podera-ser-visto-em-todo-o-brasil-na-madrugada-de-sexta-feira\/","og_site_name":"Mz Not\u00edcias","article_publisher":"https:\/\/www.facebook.com\/profile.php?id=61573479951222","article_published_time":"2026-08-25T16:02:35+00:00","og_image":[{"width":984,"height":554,"url":"https:\/\/mznoticia.com.br\/jaguariaiva\/wp-content\/uploads\/2026\/08\/10.jpg-11.webp","type":"image\/webp"}],"author":"Redacao mz","twitter_card":"summary_large_image","twitter_misc":{"Escrito por":"Redacao mz","Est. tempo de leitura":"3 minutos"},"schema":{"@context":"https:\/\/schema.org","@graph":[{"@type":"Article","@id":"https:\/\/mznoticia.com.br\/jaguariaiva\/eclipse-lunar-quase-total-podera-ser-visto-em-todo-o-brasil-na-madrugada-de-sexta-feira\/#article","isPartOf":{"@id":"https:\/\/mznoticia.com.br\/jaguariaiva\/eclipse-lunar-quase-total-podera-ser-visto-em-todo-o-brasil-na-madrugada-de-sexta-feira\/"},"author":{"name":"Redacao mz","@id":"https:\/\/mznoticia.com.br\/jaguariaiva\/#\/schema\/person\/84012d827247b3f42f37b550da79cd03"},"headline":"Eclipse lunar quase total poder\u00e1 ser visto em todo o Brasil na madrugada de sexta-feira","datePublished":"2026-08-25T16:02:35+00:00","mainEntityOfPage":{"@id":"https:\/\/mznoticia.com.br\/jaguariaiva\/eclipse-lunar-quase-total-podera-ser-visto-em-todo-o-brasil-na-madrugada-de-sexta-feira\/"},"wordCount":504,"commentCount":0,"publisher":{"@id":"https:\/\/mznoticia.com.br\/jaguariaiva\/#organization"},"image":{"@id":"https:\/\/mznoticia.com.br\/jaguariaiva\/eclipse-lunar-quase-total-podera-ser-visto-em-todo-o-brasil-na-madrugada-de-sexta-feira\/#primaryimage"},"thumbnailUrl":"https:\/\/mznoticia.com.br\/jaguariaiva\/wp-content\/uploads\/2026\/08\/10.jpg-11.webp","keywords":["Astronomia","brasil","Ci\u00eancia","Eclipse 2026","Eclipse Lunar","Fen\u00f4meno Astron\u00f4mico","Lua"],"articleSection":["Brasil"],"inLanguage":"pt-BR","potentialAction":[{"@type":"CommentAction","name":"Comment","target":["https:\/\/mznoticia.com.br\/jaguariaiva\/eclipse-lunar-quase-total-podera-ser-visto-em-todo-o-brasil-na-madrugada-de-sexta-feira\/#respond"]}]},{"@type":"WebPage","@id":"https:\/\/mznoticia.com.br\/jaguariaiva\/eclipse-lunar-quase-total-podera-ser-visto-em-todo-o-brasil-na-madrugada-de-sexta-feira\/","url":"https:\/\/mznoticia.com.br\/jaguariaiva\/eclipse-lunar-quase-total-podera-ser-visto-em-todo-o-brasil-na-madrugada-de-sexta-feira\/","name":"Eclipse lunar quase total poder\u00e1 ser visto em todo o Brasil na madrugada de sexta-feira - Mz Not\u00edcias","isPartOf":{"@id":"https:\/\/mznoticia.com.br\/jaguariaiva\/#website"},"primaryImageOfPage":{"@id":"https:\/\/mznoticia.com.br\/jaguariaiva\/eclipse-lunar-quase-total-podera-ser-visto-em-todo-o-brasil-na-madrugada-de-sexta-feira\/#primaryimage"},"image":{"@id":"https:\/\/mznoticia.com.br\/jaguariaiva\/eclipse-lunar-quase-total-podera-ser-visto-em-todo-o-brasil-na-madrugada-de-sexta-feira\/#primaryimage"},"thumbnailUrl":"https:\/\/mznoticia.com.br\/jaguariaiva\/wp-content\/uploads\/2026\/08\/10.jpg-11.webp","datePublished":"2026-08-25T16:02:35+00:00","description":"Eclipse lunar parcial poder\u00e1 ser visto em todo o Brasil na madrugada de sexta-feira (28). Fen\u00f4meno ter\u00e1 96,2% da Lua encoberta.","breadcrumb":{"@id":"https:\/\/mznoticia.com.br\/jaguariaiva\/eclipse-lunar-quase-total-podera-ser-visto-em-todo-o-brasil-na-madrugada-de-sexta-feira\/#breadcrumb"},"inLanguage":"pt-BR","potentialAction":[{"@type":"ReadAction","target":["https:\/\/mznoticia.com.br\/jaguariaiva\/eclipse-lunar-quase-total-podera-ser-visto-em-todo-o-brasil-na-madrugada-de-sexta-feira\/"]}]},{"@type":"ImageObject","inLanguage":"pt-BR","@id":"https:\/\/mznoticia.com.br\/jaguariaiva\/eclipse-lunar-quase-total-podera-ser-visto-em-todo-o-brasil-na-madrugada-de-sexta-feira\/#primaryimage","url":"https:\/\/mznoticia.com.br\/jaguariaiva\/wp-content\/uploads\/2026\/08\/10.jpg-11.webp","contentUrl":"https:\/\/mznoticia.com.br\/jaguariaiva\/wp-content\/uploads\/2026\/08\/10.jpg-11.webp","width":984,"height":554},{"@type":"BreadcrumbList","@id":"https:\/\/mznoticia.com.br\/jaguariaiva\/eclipse-lunar-quase-total-podera-ser-visto-em-todo-o-brasil-na-madrugada-de-sexta-feira\/#breadcrumb","itemListElement":[{"@type":"ListItem","position":1,"name":"Home","item":"https:\/\/mznoticia.com.br\/jaguariaiva\/"},{"@type":"ListItem","position":2,"name":"Eclipse lunar quase total poder\u00e1 ser visto em todo o Brasil na madrugada de sexta-feira"}]},{"@type":"WebSite","@id":"https:\/\/mznoticia.com.br\/jaguariaiva\/#website","url":"https:\/\/mznoticia.com.br\/jaguariaiva\/","name":"Mz Not\u00edcia","description":"A informa\u00e7\u00e3o que voc\u00ea precisa na hora certa!","publisher":{"@id":"https:\/\/mznoticia.com.br\/jaguariaiva\/#organization"},"potentialAction":[{"@type":"SearchAction","target":{"@type":"EntryPoint","urlTemplate":"https:\/\/mznoticia.com.br\/jaguariaiva\/?s={search_term_string}"},"query-input":{"@type":"PropertyValueSpecification","valueRequired":true,"valueName":"search_term_string"}}],"inLanguage":"pt-BR"},{"@type":"Organization","@id":"https:\/\/mznoticia.com.br\/jaguariaiva\/#organization","name":"Mz Not\u00edcia","url":"https:\/\/mznoticia.com.br\/jaguariaiva\/","logo":{"@type":"ImageObject","inLanguage":"pt-BR","@id":"https:\/\/mznoticia.com.br\/jaguariaiva\/#\/schema\/logo\/image\/","url":"https:\/\/mznoticia.com.br\/jaguariaiva\/wp-content\/uploads\/2025\/03\/Design-sem-nome-4-e1741200616392.png","contentUrl":"https:\/\/mznoticia.com.br\/jaguariaiva\/wp-content\/uploads\/2025\/03\/Design-sem-nome-4-e1741200616392.png","width":750,"height":563,"caption":"Mz Not\u00edcia"},"image":{"@id":"https:\/\/mznoticia.com.br\/jaguariaiva\/#\/schema\/logo\/image\/"},"sameAs":["https:\/\/www.facebook.com\/profile.php?id=61573479951222","https:\/\/www.instagram.com\/mz.jaguariaiva\/"]},{"@type":"Person","@id":"https:\/\/mznoticia.com.br\/jaguariaiva\/#\/schema\/person\/84012d827247b3f42f37b550da79cd03","name":"Redacao mz","image":{"@type":"ImageObject","inLanguage":"pt-BR","@id":"https:\/\/mznoticia.com.br\/jaguariaiva\/wp-content\/uploads\/2025\/02\/mznoticia_jaguariaiva_coluna-150x150.png","url":"https:\/\/mznoticia.com.br\/jaguariaiva\/wp-content\/uploads\/2025\/02\/mznoticia_jaguariaiva_coluna-150x150.png","contentUrl":"https:\/\/mznoticia.com.br\/jaguariaiva\/wp-content\/uploads\/2025\/02\/mznoticia_jaguariaiva_coluna-150x150.png","caption":"Redacao mz"},"sameAs":["http:\/\/mznoticia.com.br"],"url":"https:\/\/mznoticia.com.br\/jaguariaiva\/author\/lucimara\/"}]}},"_links":{"self":[{"href":"https:\/\/mznoticia.com.br\/jaguariaiva\/wp-json\/wp\/v2\/posts\/7019","targetHints":{"allow":["GET"]}}],"collection":[{"href":"https:\/\/mznoticia.com.br\/jaguariaiva\/wp-json\/wp\/v2\/posts"}],"about":[{"href":"https:\/\/mznoticia.com.br\/jaguariaiva\/wp-json\/wp\/v2\/types\/post"}],"author":[{"embeddable":true,"href":"https:\/\/mznoticia.com.br\/jaguariaiva\/wp-json\/wp\/v2\/users\/16"}],"replies":[{"embeddable":true,"href":"https:\/\/mznoticia.com.br\/jaguariaiva\/wp-json\/wp\/v2\/comments?post=7019"}],"version-history":[{"count":1,"href":"https:\/\/mznoticia.com.br\/jaguariaiva\/wp-json\/wp\/v2\/posts\/7019\/revisions"}],"predecessor-version":[{"id":7021,"href":"https:\/\/mznoticia.com.br\/jaguariaiva\/wp-json\/wp\/v2\/posts\/7019\/revisions\/7021"}],"wp:featuredmedia":[{"embeddable":true,"href":"https:\/\/mznoticia.com.br\/jaguariaiva\/wp-json\/wp\/v2\/media\/7020"}],"wp:attachment":[{"href":"https:\/\/mznoticia.com.br\/jaguariaiva\/wp-json\/wp\/v2\/media?parent=7019"}],"wp:term":[{"taxonomy":"category","embeddable":true,"href":"https:\/\/mznoticia.com.br\/jaguariaiva\/wp-json\/wp\/v2\/categories?post=7019"},{"taxonomy":"post_tag","embeddable":true,"href":"https:\/\/mznoticia.com.br\/jaguariaiva\/wp-json\/wp\/v2\/tags?post=7019"}],"curies":[{"name":"wp","href":"https:\/\/api.w.org\/{rel}","templated":true}]}}