{"id":7025,"date":"2026-08-25T16:20:18","date_gmt":"2026-08-25T16:20:18","guid":{"rendered":"https:\/\/mznoticia.com.br\/jaguariaiva\/?p=7025"},"modified":"2026-08-25T16:20:18","modified_gmt":"2026-08-25T16:20:18","slug":"cerca-de-13-mil-alunos-do-parana-terao-acesso-a-refeicoes-sem-gluten-sem-lactose-e-opcoes-veganas-nas-escolas-estaduais","status":"publish","type":"post","link":"https:\/\/mznoticia.com.br\/jaguariaiva\/cerca-de-13-mil-alunos-do-parana-terao-acesso-a-refeicoes-sem-gluten-sem-lactose-e-opcoes-veganas-nas-escolas-estaduais\/","title":{"rendered":"Cerca de 1,3 mil alunos do Paran\u00e1 ter\u00e3o acesso a refei\u00e7\u00f5es sem gl\u00faten, sem lactose e op\u00e7\u00f5es veganas nas escolas estaduais."},"content":{"rendered":"<h3 class=\"PDq2pG_selectionAnchorContainer\" data-section-id=\"1dfosny\" data-start=\"0\" data-end=\"86\">Rede estadual do Paran\u00e1 ter\u00e1 alimenta\u00e7\u00e3o especial para cerca de 1,3 mil estudantes<\/h3>\n<p data-start=\"88\" data-end=\"295\">A rede estadual de ensino do Paran\u00e1 se prepara para oferecer alimenta\u00e7\u00e3o especial a cerca de 1,3 mil estudantes que possuem restri\u00e7\u00f5es alimentares, incluindo op\u00e7\u00f5es sem gl\u00faten, sem lactose e veganas.<\/p>\n<p data-start=\"297\" data-end=\"478\">A contrata\u00e7\u00e3o das refei\u00e7\u00f5es est\u00e1 em fase de homologa\u00e7\u00e3o. Ap\u00f3s essa etapa, o Estado definir\u00e1 a quantidade necess\u00e1ria de alimentos e a estrutura das escolas que receber\u00e3o os produtos.<\/p>\n<p data-start=\"480\" data-end=\"699\">As refei\u00e7\u00f5es ser\u00e3o entregues congeladas e armazenadas e preparadas separadamente da merenda convencional. Para evitar contamina\u00e7\u00e3o cruzada, as escolas ter\u00e3o freezers e air fryers exclusivos para esses alimentos.<\/p>\n<p data-start=\"701\" data-end=\"879\">Entre as op\u00e7\u00f5es est\u00e3o refei\u00e7\u00f5es completas com arroz, feij\u00e3o, vegetais e prote\u00ednas, al\u00e9m de macarr\u00e3o, pur\u00ea, risoto, bolos, sandu\u00edches, tortas e p\u00e3o de queijo em vers\u00f5es adaptadas.<\/p>\n<p data-start=\"881\" data-end=\"1072\">As regi\u00f5es com maior n\u00famero de estudantes que necessitam desse atendimento s\u00e3o Francisco Beltr\u00e3o (176), Londrina (163), \u00c1rea Metropolitana Sul (142), Curitiba (120) e Foz do Igua\u00e7u (104).<\/p>\n<p data-start=\"1074\" data-end=\"1193\" data-is-last-node=\"\" data-is-only-node=\"\">A medida busca garantir uma merenda escolar segura e adequada para alunos com necessidades alimentares espec\u00edficas.<\/p>\n","protected":false},"excerpt":{"rendered":"<p>Rede estadual do Paran\u00e1 ter\u00e1 alimenta\u00e7\u00e3o especial para cerca de 1,3 mil estudantes A rede estadual de ensino do Paran\u00e1 se prepara para oferecer alimenta\u00e7\u00e3o especial a cerca de 1,3 mil estudantes que possuem restri\u00e7\u00f5es alimentares, incluindo op\u00e7\u00f5es sem gl\u00faten, sem lactose e veganas. A contrata\u00e7\u00e3o das refei\u00e7\u00f5es est\u00e1 em fase de homologa\u00e7\u00e3o. Ap\u00f3s essa [&hellip;]<\/p>\n","protected":false},"author":16,"featured_media":7026,"comment_status":"open","ping_status":"open","sticky":false,"template":"","format":"standard","meta":{"footnotes":""},"categories":[328,161],"tags":[2649,2653,109,2655,792,2654,2650,77,2648,2651,2652],"class_list":["post-7025","post","type-post","status-publish","format-standard","has-post-thumbnail","hentry","category-parana","category-saude","tag-alimentacao-escolar","tag-alimentacao-vegana","tag-educacao","tag-escolas-do-parana","tag-estudantes","tag-fundepar","tag-merenda-escolar","tag-parana","tag-rede-estadual-de-ensino","tag-sem-gluten","tag-sem-lactose"],"yoast_head":"<!-- This site is optimized with the Yoast SEO plugin v28.1 - https:\/\/yoast.com\/product\/yoast-seo-wordpress\/ -->\n<title>Cerca de 1,3 mil alunos do Paran\u00e1 ter\u00e3o acesso a refei\u00e7\u00f5es sem gl\u00faten, sem lactose e op\u00e7\u00f5es veganas nas escolas estaduais. - Mz Not\u00edcias<\/title>\n<meta name=\"description\" content=\"Cerca de 1,3 mil alunos do Paran\u00e1 ter\u00e3o acesso a refei\u00e7\u00f5es sem gl\u00faten, sem lactose e op\u00e7\u00f5es veganas nas escolas estaduais.\" \/>\n<meta name=\"robots\" content=\"index, follow, max-snippet:-1, max-image-preview:large, max-video-preview:-1\" \/>\n<link rel=\"canonical\" href=\"https:\/\/mznoticia.com.br\/jaguariaiva\/cerca-de-13-mil-alunos-do-parana-terao-acesso-a-refeicoes-sem-gluten-sem-lactose-e-opcoes-veganas-nas-escolas-estaduais\/\" \/>\n<meta property=\"og:locale\" content=\"pt_BR\" \/>\n<meta property=\"og:type\" content=\"article\" \/>\n<meta property=\"og:title\" content=\"Cerca de 1,3 mil alunos do Paran\u00e1 ter\u00e3o acesso a refei\u00e7\u00f5es sem gl\u00faten, sem lactose e op\u00e7\u00f5es veganas nas escolas estaduais. - Mz Not\u00edcias\" \/>\n<meta property=\"og:description\" content=\"Cerca de 1,3 mil alunos do Paran\u00e1 ter\u00e3o acesso a refei\u00e7\u00f5es sem gl\u00faten, sem lactose e op\u00e7\u00f5es veganas nas escolas estaduais.\" \/>\n<meta property=\"og:url\" content=\"https:\/\/mznoticia.com.br\/jaguariaiva\/cerca-de-13-mil-alunos-do-parana-terao-acesso-a-refeicoes-sem-gluten-sem-lactose-e-opcoes-veganas-nas-escolas-estaduais\/\" \/>\n<meta property=\"og:site_name\" content=\"Mz Not\u00edcias\" \/>\n<meta property=\"article:publisher\" content=\"https:\/\/www.facebook.com\/profile.php?id=61573479951222\" \/>\n<meta property=\"article:published_time\" content=\"2026-08-25T16:20:18+00:00\" \/>\n<meta property=\"og:image\" content=\"https:\/\/mznoticia.com.br\/jaguariaiva\/wp-content\/uploads\/2026\/08\/10-21.jpg\" \/>\n\t<meta property=\"og:image:width\" content=\"1244\" \/>\n\t<meta property=\"og:image:height\" content=\"829\" \/>\n\t<meta property=\"og:image:type\" content=\"image\/jpeg\" \/>\n<meta name=\"author\" content=\"Redacao mz\" \/>\n<meta name=\"twitter:card\" content=\"summary_large_image\" \/>\n<meta name=\"twitter:label1\" content=\"Escrito por\" \/>\n\t<meta name=\"twitter:data1\" content=\"Redacao mz\" \/>\n\t<meta name=\"twitter:label2\" content=\"Est. tempo de leitura\" \/>\n\t<meta name=\"twitter:data2\" content=\"2 minutos\" \/>\n<script type=\"application\/ld+json\" class=\"yoast-schema-graph\">{\"@context\":\"https:\\\/\\\/schema.org\",\"@graph\":[{\"@type\":\"Article\",\"@id\":\"https:\\\/\\\/mznoticia.com.br\\\/jaguariaiva\\\/cerca-de-13-mil-alunos-do-parana-terao-acesso-a-refeicoes-sem-gluten-sem-lactose-e-opcoes-veganas-nas-escolas-estaduais\\\/#article\",\"isPartOf\":{\"@id\":\"https:\\\/\\\/mznoticia.com.br\\\/jaguariaiva\\\/cerca-de-13-mil-alunos-do-parana-terao-acesso-a-refeicoes-sem-gluten-sem-lactose-e-opcoes-veganas-nas-escolas-estaduais\\\/\"},\"author\":{\"name\":\"Redacao mz\",\"@id\":\"https:\\\/\\\/mznoticia.com.br\\\/jaguariaiva\\\/#\\\/schema\\\/person\\\/84012d827247b3f42f37b550da79cd03\"},\"headline\":\"Cerca de 1,3 mil alunos do Paran\u00e1 ter\u00e3o acesso a refei\u00e7\u00f5es sem gl\u00faten, sem lactose e op\u00e7\u00f5es veganas nas escolas estaduais.\",\"datePublished\":\"2026-08-25T16:20:18+00:00\",\"mainEntityOfPage\":{\"@id\":\"https:\\\/\\\/mznoticia.com.br\\\/jaguariaiva\\\/cerca-de-13-mil-alunos-do-parana-terao-acesso-a-refeicoes-sem-gluten-sem-lactose-e-opcoes-veganas-nas-escolas-estaduais\\\/\"},\"wordCount\":220,\"commentCount\":0,\"publisher\":{\"@id\":\"https:\\\/\\\/mznoticia.com.br\\\/jaguariaiva\\\/#organization\"},\"image\":{\"@id\":\"https:\\\/\\\/mznoticia.com.br\\\/jaguariaiva\\\/cerca-de-13-mil-alunos-do-parana-terao-acesso-a-refeicoes-sem-gluten-sem-lactose-e-opcoes-veganas-nas-escolas-estaduais\\\/#primaryimage\"},\"thumbnailUrl\":\"https:\\\/\\\/mznoticia.com.br\\\/jaguariaiva\\\/wp-content\\\/uploads\\\/2026\\\/08\\\/10-21.jpg\",\"keywords\":[\"Alimenta\u00e7\u00e3o Escolar\",\"Alimenta\u00e7\u00e3o Vegana\",\"educa\u00e7\u00e3o\",\"Escolas do Paran\u00e1\",\"Estudantes\",\"Fundepar\",\"Merenda Escolar\",\"parana\",\"Rede Estadual de Ensino\",\"Sem Gl\u00faten\",\"Sem Lactose\"],\"articleSection\":[\"Paran\u00e1\",\"Sa\u00fade\"],\"inLanguage\":\"pt-BR\",\"potentialAction\":[{\"@type\":\"CommentAction\",\"name\":\"Comment\",\"target\":[\"https:\\\/\\\/mznoticia.com.br\\\/jaguariaiva\\\/cerca-de-13-mil-alunos-do-parana-terao-acesso-a-refeicoes-sem-gluten-sem-lactose-e-opcoes-veganas-nas-escolas-estaduais\\\/#respond\"]}]},{\"@type\":\"WebPage\",\"@id\":\"https:\\\/\\\/mznoticia.com.br\\\/jaguariaiva\\\/cerca-de-13-mil-alunos-do-parana-terao-acesso-a-refeicoes-sem-gluten-sem-lactose-e-opcoes-veganas-nas-escolas-estaduais\\\/\",\"url\":\"https:\\\/\\\/mznoticia.com.br\\\/jaguariaiva\\\/cerca-de-13-mil-alunos-do-parana-terao-acesso-a-refeicoes-sem-gluten-sem-lactose-e-opcoes-veganas-nas-escolas-estaduais\\\/\",\"name\":\"Cerca de 1,3 mil alunos do Paran\u00e1 ter\u00e3o acesso a refei\u00e7\u00f5es sem gl\u00faten, sem lactose e op\u00e7\u00f5es veganas nas escolas estaduais. - Mz Not\u00edcias\",\"isPartOf\":{\"@id\":\"https:\\\/\\\/mznoticia.com.br\\\/jaguariaiva\\\/#website\"},\"primaryImageOfPage\":{\"@id\":\"https:\\\/\\\/mznoticia.com.br\\\/jaguariaiva\\\/cerca-de-13-mil-alunos-do-parana-terao-acesso-a-refeicoes-sem-gluten-sem-lactose-e-opcoes-veganas-nas-escolas-estaduais\\\/#primaryimage\"},\"image\":{\"@id\":\"https:\\\/\\\/mznoticia.com.br\\\/jaguariaiva\\\/cerca-de-13-mil-alunos-do-parana-terao-acesso-a-refeicoes-sem-gluten-sem-lactose-e-opcoes-veganas-nas-escolas-estaduais\\\/#primaryimage\"},\"thumbnailUrl\":\"https:\\\/\\\/mznoticia.com.br\\\/jaguariaiva\\\/wp-content\\\/uploads\\\/2026\\\/08\\\/10-21.jpg\",\"datePublished\":\"2026-08-25T16:20:18+00:00\",\"description\":\"Cerca de 1,3 mil alunos do Paran\u00e1 ter\u00e3o acesso a refei\u00e7\u00f5es sem gl\u00faten, sem lactose e op\u00e7\u00f5es veganas nas escolas estaduais.\",\"breadcrumb\":{\"@id\":\"https:\\\/\\\/mznoticia.com.br\\\/jaguariaiva\\\/cerca-de-13-mil-alunos-do-parana-terao-acesso-a-refeicoes-sem-gluten-sem-lactose-e-opcoes-veganas-nas-escolas-estaduais\\\/#breadcrumb\"},\"inLanguage\":\"pt-BR\",\"potentialAction\":[{\"@type\":\"ReadAction\",\"target\":[\"https:\\\/\\\/mznoticia.com.br\\\/jaguariaiva\\\/cerca-de-13-mil-alunos-do-parana-terao-acesso-a-refeicoes-sem-gluten-sem-lactose-e-opcoes-veganas-nas-escolas-estaduais\\\/\"]}]},{\"@type\":\"ImageObject\",\"inLanguage\":\"pt-BR\",\"@id\":\"https:\\\/\\\/mznoticia.com.br\\\/jaguariaiva\\\/cerca-de-13-mil-alunos-do-parana-terao-acesso-a-refeicoes-sem-gluten-sem-lactose-e-opcoes-veganas-nas-escolas-estaduais\\\/#primaryimage\",\"url\":\"https:\\\/\\\/mznoticia.com.br\\\/jaguariaiva\\\/wp-content\\\/uploads\\\/2026\\\/08\\\/10-21.jpg\",\"contentUrl\":\"https:\\\/\\\/mznoticia.com.br\\\/jaguariaiva\\\/wp-content\\\/uploads\\\/2026\\\/08\\\/10-21.jpg\",\"width\":1244,\"height\":829},{\"@type\":\"BreadcrumbList\",\"@id\":\"https:\\\/\\\/mznoticia.com.br\\\/jaguariaiva\\\/cerca-de-13-mil-alunos-do-parana-terao-acesso-a-refeicoes-sem-gluten-sem-lactose-e-opcoes-veganas-nas-escolas-estaduais\\\/#breadcrumb\",\"itemListElement\":[{\"@type\":\"ListItem\",\"position\":1,\"name\":\"Home\",\"item\":\"https:\\\/\\\/mznoticia.com.br\\\/jaguariaiva\\\/\"},{\"@type\":\"ListItem\",\"position\":2,\"name\":\"Cerca de 1,3 mil alunos do Paran\u00e1 ter\u00e3o acesso a refei\u00e7\u00f5es sem gl\u00faten, sem lactose e op\u00e7\u00f5es veganas nas escolas estaduais.\"}]},{\"@type\":\"WebSite\",\"@id\":\"https:\\\/\\\/mznoticia.com.br\\\/jaguariaiva\\\/#website\",\"url\":\"https:\\\/\\\/mznoticia.com.br\\\/jaguariaiva\\\/\",\"name\":\"Mz Not\u00edcia\",\"description\":\"A informa\u00e7\u00e3o que voc\u00ea precisa na hora certa!\",\"publisher\":{\"@id\":\"https:\\\/\\\/mznoticia.com.br\\\/jaguariaiva\\\/#organization\"},\"potentialAction\":[{\"@type\":\"SearchAction\",\"target\":{\"@type\":\"EntryPoint\",\"urlTemplate\":\"https:\\\/\\\/mznoticia.com.br\\\/jaguariaiva\\\/?s={search_term_string}\"},\"query-input\":{\"@type\":\"PropertyValueSpecification\",\"valueRequired\":true,\"valueName\":\"search_term_string\"}}],\"inLanguage\":\"pt-BR\"},{\"@type\":\"Organization\",\"@id\":\"https:\\\/\\\/mznoticia.com.br\\\/jaguariaiva\\\/#organization\",\"name\":\"Mz Not\u00edcia\",\"url\":\"https:\\\/\\\/mznoticia.com.br\\\/jaguariaiva\\\/\",\"logo\":{\"@type\":\"ImageObject\",\"inLanguage\":\"pt-BR\",\"@id\":\"https:\\\/\\\/mznoticia.com.br\\\/jaguariaiva\\\/#\\\/schema\\\/logo\\\/image\\\/\",\"url\":\"https:\\\/\\\/mznoticia.com.br\\\/jaguariaiva\\\/wp-content\\\/uploads\\\/2025\\\/03\\\/Design-sem-nome-4-e1741200616392.png\",\"contentUrl\":\"https:\\\/\\\/mznoticia.com.br\\\/jaguariaiva\\\/wp-content\\\/uploads\\\/2025\\\/03\\\/Design-sem-nome-4-e1741200616392.png\",\"width\":750,\"height\":563,\"caption\":\"Mz Not\u00edcia\"},\"image\":{\"@id\":\"https:\\\/\\\/mznoticia.com.br\\\/jaguariaiva\\\/#\\\/schema\\\/logo\\\/image\\\/\"},\"sameAs\":[\"https:\\\/\\\/www.facebook.com\\\/profile.php?id=61573479951222\",\"https:\\\/\\\/www.instagram.com\\\/mz.jaguariaiva\\\/\"]},{\"@type\":\"Person\",\"@id\":\"https:\\\/\\\/mznoticia.com.br\\\/jaguariaiva\\\/#\\\/schema\\\/person\\\/84012d827247b3f42f37b550da79cd03\",\"name\":\"Redacao mz\",\"image\":{\"@type\":\"ImageObject\",\"inLanguage\":\"pt-BR\",\"@id\":\"https:\\\/\\\/mznoticia.com.br\\\/jaguariaiva\\\/wp-content\\\/uploads\\\/2025\\\/02\\\/mznoticia_jaguariaiva_coluna-150x150.png\",\"url\":\"https:\\\/\\\/mznoticia.com.br\\\/jaguariaiva\\\/wp-content\\\/uploads\\\/2025\\\/02\\\/mznoticia_jaguariaiva_coluna-150x150.png\",\"contentUrl\":\"https:\\\/\\\/mznoticia.com.br\\\/jaguariaiva\\\/wp-content\\\/uploads\\\/2025\\\/02\\\/mznoticia_jaguariaiva_coluna-150x150.png\",\"caption\":\"Redacao mz\"},\"sameAs\":[\"http:\\\/\\\/mznoticia.com.br\"],\"url\":\"https:\\\/\\\/mznoticia.com.br\\\/jaguariaiva\\\/author\\\/lucimara\\\/\"}]}<\/script>\n<!-- \/ Yoast SEO plugin. -->","yoast_head_json":{"title":"Cerca de 1,3 mil alunos do Paran\u00e1 ter\u00e3o acesso a refei\u00e7\u00f5es sem gl\u00faten, sem lactose e op\u00e7\u00f5es veganas nas escolas estaduais. - Mz Not\u00edcias","description":"Cerca de 1,3 mil alunos do Paran\u00e1 ter\u00e3o acesso a refei\u00e7\u00f5es sem gl\u00faten, sem lactose e op\u00e7\u00f5es veganas nas escolas estaduais.","robots":{"index":"index","follow":"follow","max-snippet":"max-snippet:-1","max-image-preview":"max-image-preview:large","max-video-preview":"max-video-preview:-1"},"canonical":"https:\/\/mznoticia.com.br\/jaguariaiva\/cerca-de-13-mil-alunos-do-parana-terao-acesso-a-refeicoes-sem-gluten-sem-lactose-e-opcoes-veganas-nas-escolas-estaduais\/","og_locale":"pt_BR","og_type":"article","og_title":"Cerca de 1,3 mil alunos do Paran\u00e1 ter\u00e3o acesso a refei\u00e7\u00f5es sem gl\u00faten, sem lactose e op\u00e7\u00f5es veganas nas escolas estaduais. - Mz Not\u00edcias","og_description":"Cerca de 1,3 mil alunos do Paran\u00e1 ter\u00e3o acesso a refei\u00e7\u00f5es sem gl\u00faten, sem lactose e op\u00e7\u00f5es veganas nas escolas estaduais.","og_url":"https:\/\/mznoticia.com.br\/jaguariaiva\/cerca-de-13-mil-alunos-do-parana-terao-acesso-a-refeicoes-sem-gluten-sem-lactose-e-opcoes-veganas-nas-escolas-estaduais\/","og_site_name":"Mz Not\u00edcias","article_publisher":"https:\/\/www.facebook.com\/profile.php?id=61573479951222","article_published_time":"2026-08-25T16:20:18+00:00","og_image":[{"width":1244,"height":829,"url":"https:\/\/mznoticia.com.br\/jaguariaiva\/wp-content\/uploads\/2026\/08\/10-21.jpg","type":"image\/jpeg"}],"author":"Redacao mz","twitter_card":"summary_large_image","twitter_misc":{"Escrito por":"Redacao mz","Est. tempo de leitura":"2 minutos"},"schema":{"@context":"https:\/\/schema.org","@graph":[{"@type":"Article","@id":"https:\/\/mznoticia.com.br\/jaguariaiva\/cerca-de-13-mil-alunos-do-parana-terao-acesso-a-refeicoes-sem-gluten-sem-lactose-e-opcoes-veganas-nas-escolas-estaduais\/#article","isPartOf":{"@id":"https:\/\/mznoticia.com.br\/jaguariaiva\/cerca-de-13-mil-alunos-do-parana-terao-acesso-a-refeicoes-sem-gluten-sem-lactose-e-opcoes-veganas-nas-escolas-estaduais\/"},"author":{"name":"Redacao mz","@id":"https:\/\/mznoticia.com.br\/jaguariaiva\/#\/schema\/person\/84012d827247b3f42f37b550da79cd03"},"headline":"Cerca de 1,3 mil alunos do Paran\u00e1 ter\u00e3o acesso a refei\u00e7\u00f5es sem gl\u00faten, sem lactose e op\u00e7\u00f5es veganas nas escolas estaduais.","datePublished":"2026-08-25T16:20:18+00:00","mainEntityOfPage":{"@id":"https:\/\/mznoticia.com.br\/jaguariaiva\/cerca-de-13-mil-alunos-do-parana-terao-acesso-a-refeicoes-sem-gluten-sem-lactose-e-opcoes-veganas-nas-escolas-estaduais\/"},"wordCount":220,"commentCount":0,"publisher":{"@id":"https:\/\/mznoticia.com.br\/jaguariaiva\/#organization"},"image":{"@id":"https:\/\/mznoticia.com.br\/jaguariaiva\/cerca-de-13-mil-alunos-do-parana-terao-acesso-a-refeicoes-sem-gluten-sem-lactose-e-opcoes-veganas-nas-escolas-estaduais\/#primaryimage"},"thumbnailUrl":"https:\/\/mznoticia.com.br\/jaguariaiva\/wp-content\/uploads\/2026\/08\/10-21.jpg","keywords":["Alimenta\u00e7\u00e3o Escolar","Alimenta\u00e7\u00e3o Vegana","educa\u00e7\u00e3o","Escolas do Paran\u00e1","Estudantes","Fundepar","Merenda Escolar","parana","Rede Estadual de Ensino","Sem Gl\u00faten","Sem Lactose"],"articleSection":["Paran\u00e1","Sa\u00fade"],"inLanguage":"pt-BR","potentialAction":[{"@type":"CommentAction","name":"Comment","target":["https:\/\/mznoticia.com.br\/jaguariaiva\/cerca-de-13-mil-alunos-do-parana-terao-acesso-a-refeicoes-sem-gluten-sem-lactose-e-opcoes-veganas-nas-escolas-estaduais\/#respond"]}]},{"@type":"WebPage","@id":"https:\/\/mznoticia.com.br\/jaguariaiva\/cerca-de-13-mil-alunos-do-parana-terao-acesso-a-refeicoes-sem-gluten-sem-lactose-e-opcoes-veganas-nas-escolas-estaduais\/","url":"https:\/\/mznoticia.com.br\/jaguariaiva\/cerca-de-13-mil-alunos-do-parana-terao-acesso-a-refeicoes-sem-gluten-sem-lactose-e-opcoes-veganas-nas-escolas-estaduais\/","name":"Cerca de 1,3 mil alunos do Paran\u00e1 ter\u00e3o acesso a refei\u00e7\u00f5es sem gl\u00faten, sem lactose e op\u00e7\u00f5es veganas nas escolas estaduais. - Mz Not\u00edcias","isPartOf":{"@id":"https:\/\/mznoticia.com.br\/jaguariaiva\/#website"},"primaryImageOfPage":{"@id":"https:\/\/mznoticia.com.br\/jaguariaiva\/cerca-de-13-mil-alunos-do-parana-terao-acesso-a-refeicoes-sem-gluten-sem-lactose-e-opcoes-veganas-nas-escolas-estaduais\/#primaryimage"},"image":{"@id":"https:\/\/mznoticia.com.br\/jaguariaiva\/cerca-de-13-mil-alunos-do-parana-terao-acesso-a-refeicoes-sem-gluten-sem-lactose-e-opcoes-veganas-nas-escolas-estaduais\/#primaryimage"},"thumbnailUrl":"https:\/\/mznoticia.com.br\/jaguariaiva\/wp-content\/uploads\/2026\/08\/10-21.jpg","datePublished":"2026-08-25T16:20:18+00:00","description":"Cerca de 1,3 mil alunos do Paran\u00e1 ter\u00e3o acesso a refei\u00e7\u00f5es sem gl\u00faten, sem lactose e op\u00e7\u00f5es veganas nas escolas estaduais.","breadcrumb":{"@id":"https:\/\/mznoticia.com.br\/jaguariaiva\/cerca-de-13-mil-alunos-do-parana-terao-acesso-a-refeicoes-sem-gluten-sem-lactose-e-opcoes-veganas-nas-escolas-estaduais\/#breadcrumb"},"inLanguage":"pt-BR","potentialAction":[{"@type":"ReadAction","target":["https:\/\/mznoticia.com.br\/jaguariaiva\/cerca-de-13-mil-alunos-do-parana-terao-acesso-a-refeicoes-sem-gluten-sem-lactose-e-opcoes-veganas-nas-escolas-estaduais\/"]}]},{"@type":"ImageObject","inLanguage":"pt-BR","@id":"https:\/\/mznoticia.com.br\/jaguariaiva\/cerca-de-13-mil-alunos-do-parana-terao-acesso-a-refeicoes-sem-gluten-sem-lactose-e-opcoes-veganas-nas-escolas-estaduais\/#primaryimage","url":"https:\/\/mznoticia.com.br\/jaguariaiva\/wp-content\/uploads\/2026\/08\/10-21.jpg","contentUrl":"https:\/\/mznoticia.com.br\/jaguariaiva\/wp-content\/uploads\/2026\/08\/10-21.jpg","width":1244,"height":829},{"@type":"BreadcrumbList","@id":"https:\/\/mznoticia.com.br\/jaguariaiva\/cerca-de-13-mil-alunos-do-parana-terao-acesso-a-refeicoes-sem-gluten-sem-lactose-e-opcoes-veganas-nas-escolas-estaduais\/#breadcrumb","itemListElement":[{"@type":"ListItem","position":1,"name":"Home","item":"https:\/\/mznoticia.com.br\/jaguariaiva\/"},{"@type":"ListItem","position":2,"name":"Cerca de 1,3 mil alunos do Paran\u00e1 ter\u00e3o acesso a refei\u00e7\u00f5es sem gl\u00faten, sem lactose e op\u00e7\u00f5es veganas nas escolas estaduais."}]},{"@type":"WebSite","@id":"https:\/\/mznoticia.com.br\/jaguariaiva\/#website","url":"https:\/\/mznoticia.com.br\/jaguariaiva\/","name":"Mz Not\u00edcia","description":"A informa\u00e7\u00e3o que voc\u00ea precisa na hora certa!","publisher":{"@id":"https:\/\/mznoticia.com.br\/jaguariaiva\/#organization"},"potentialAction":[{"@type":"SearchAction","target":{"@type":"EntryPoint","urlTemplate":"https:\/\/mznoticia.com.br\/jaguariaiva\/?s={search_term_string}"},"query-input":{"@type":"PropertyValueSpecification","valueRequired":true,"valueName":"search_term_string"}}],"inLanguage":"pt-BR"},{"@type":"Organization","@id":"https:\/\/mznoticia.com.br\/jaguariaiva\/#organization","name":"Mz Not\u00edcia","url":"https:\/\/mznoticia.com.br\/jaguariaiva\/","logo":{"@type":"ImageObject","inLanguage":"pt-BR","@id":"https:\/\/mznoticia.com.br\/jaguariaiva\/#\/schema\/logo\/image\/","url":"https:\/\/mznoticia.com.br\/jaguariaiva\/wp-content\/uploads\/2025\/03\/Design-sem-nome-4-e1741200616392.png","contentUrl":"https:\/\/mznoticia.com.br\/jaguariaiva\/wp-content\/uploads\/2025\/03\/Design-sem-nome-4-e1741200616392.png","width":750,"height":563,"caption":"Mz Not\u00edcia"},"image":{"@id":"https:\/\/mznoticia.com.br\/jaguariaiva\/#\/schema\/logo\/image\/"},"sameAs":["https:\/\/www.facebook.com\/profile.php?id=61573479951222","https:\/\/www.instagram.com\/mz.jaguariaiva\/"]},{"@type":"Person","@id":"https:\/\/mznoticia.com.br\/jaguariaiva\/#\/schema\/person\/84012d827247b3f42f37b550da79cd03","name":"Redacao mz","image":{"@type":"ImageObject","inLanguage":"pt-BR","@id":"https:\/\/mznoticia.com.br\/jaguariaiva\/wp-content\/uploads\/2025\/02\/mznoticia_jaguariaiva_coluna-150x150.png","url":"https:\/\/mznoticia.com.br\/jaguariaiva\/wp-content\/uploads\/2025\/02\/mznoticia_jaguariaiva_coluna-150x150.png","contentUrl":"https:\/\/mznoticia.com.br\/jaguariaiva\/wp-content\/uploads\/2025\/02\/mznoticia_jaguariaiva_coluna-150x150.png","caption":"Redacao mz"},"sameAs":["http:\/\/mznoticia.com.br"],"url":"https:\/\/mznoticia.com.br\/jaguariaiva\/author\/lucimara\/"}]}},"_links":{"self":[{"href":"https:\/\/mznoticia.com.br\/jaguariaiva\/wp-json\/wp\/v2\/posts\/7025","targetHints":{"allow":["GET"]}}],"collection":[{"href":"https:\/\/mznoticia.com.br\/jaguariaiva\/wp-json\/wp\/v2\/posts"}],"about":[{"href":"https:\/\/mznoticia.com.br\/jaguariaiva\/wp-json\/wp\/v2\/types\/post"}],"author":[{"embeddable":true,"href":"https:\/\/mznoticia.com.br\/jaguariaiva\/wp-json\/wp\/v2\/users\/16"}],"replies":[{"embeddable":true,"href":"https:\/\/mznoticia.com.br\/jaguariaiva\/wp-json\/wp\/v2\/comments?post=7025"}],"version-history":[{"count":1,"href":"https:\/\/mznoticia.com.br\/jaguariaiva\/wp-json\/wp\/v2\/posts\/7025\/revisions"}],"predecessor-version":[{"id":7027,"href":"https:\/\/mznoticia.com.br\/jaguariaiva\/wp-json\/wp\/v2\/posts\/7025\/revisions\/7027"}],"wp:featuredmedia":[{"embeddable":true,"href":"https:\/\/mznoticia.com.br\/jaguariaiva\/wp-json\/wp\/v2\/media\/7026"}],"wp:attachment":[{"href":"https:\/\/mznoticia.com.br\/jaguariaiva\/wp-json\/wp\/v2\/media?parent=7025"}],"wp:term":[{"taxonomy":"category","embeddable":true,"href":"https:\/\/mznoticia.com.br\/jaguariaiva\/wp-json\/wp\/v2\/categories?post=7025"},{"taxonomy":"post_tag","embeddable":true,"href":"https:\/\/mznoticia.com.br\/jaguariaiva\/wp-json\/wp\/v2\/tags?post=7025"}],"curies":[{"name":"wp","href":"https:\/\/api.w.org\/{rel}","templated":true}]}}