{"id":7028,"date":"2026-08-25T16:27:38","date_gmt":"2026-08-25T16:27:38","guid":{"rendered":"https:\/\/mznoticia.com.br\/jaguariaiva\/?p=7028"},"modified":"2026-08-25T16:27:38","modified_gmt":"2026-08-25T16:27:38","slug":"jaguariaiva-cria-programa-para-ampliar-participacao-de-artistas-locais-em-eventos-publicos","status":"publish","type":"post","link":"https:\/\/mznoticia.com.br\/jaguariaiva\/jaguariaiva-cria-programa-para-ampliar-participacao-de-artistas-locais-em-eventos-publicos\/","title":{"rendered":"Jaguaria\u00edva cria programa para ampliar participa\u00e7\u00e3o de artistas locais em eventos p\u00fablicos"},"content":{"rendered":"<h2 class=\"PDq2pG_selectionAnchorContainer\" data-section-id=\"1bkgu36\" data-start=\"94\" data-end=\"261\">Lei municipal estabelece que eventos apoiados pelo Poder P\u00fablico dever\u00e3o, quando houver compatibilidade, abrir espa\u00e7o para artistas e agentes culturais do munic\u00edpio<\/h2>\n<p data-start=\"263\" data-end=\"643\">Artistas e agentes culturais de Jaguaria\u00edva passam a contar com uma pol\u00edtica espec\u00edfica de incentivo \u00e0 produ\u00e7\u00e3o local. A Lei Municipal n\u00ba 3.135\/2026, publicada no Di\u00e1rio Oficial em 5 de agosto, criou o programa \u201cJaguaria\u00edva em Cena\u201d, que prev\u00ea a participa\u00e7\u00e3o de talentos do munic\u00edpio em eventos culturais, art\u00edsticos e institucionais realizados com apoio do Poder P\u00fablico.<\/p>\n<p data-start=\"645\" data-end=\"917\">A proposta \u00e9 de autoria do vereador William Abdiel da Silva e foi sancionada pelo prefeito Jos\u00e9 Sloboda. Pela nova legisla\u00e7\u00e3o, eventos que recebem financiamento municipal dever\u00e3o, sempre que a natureza e a programa\u00e7\u00e3o permitirem, abrir espa\u00e7o para artistas de Jaguaria\u00edva.<\/p>\n<h2 data-section-id=\"juok7k\" data-start=\"919\" data-end=\"967\">Programa contempla diferentes \u00e1reas culturais<\/h2>\n<p data-start=\"969\" data-end=\"1212\">O apoio p\u00fablico considerado pela lei n\u00e3o se limita ao repasse de dinheiro. Tamb\u00e9m est\u00e3o inclu\u00eddos estrutura f\u00edsica, log\u00edstica, equipes, divulga\u00e7\u00e3o institucional e outros tipos de suporte oferecidos pelo munic\u00edpio para a realiza\u00e7\u00e3o dos eventos.<\/p>\n<p data-start=\"1214\" data-end=\"1543\">A iniciativa contempla diferentes segmentos culturais. Podem participar artistas individuais, grupos, coletivos, companhias e associa\u00e7\u00f5es ligados \u00e0 m\u00fasica, dan\u00e7a, teatro, poesia, literatura, conta\u00e7\u00e3o de hist\u00f3rias, artes visuais, artesanato, cultura popular e tradicional, audiovisual, exposi\u00e7\u00f5es, interven\u00e7\u00f5es e performances.<\/p>\n<h2 data-section-id=\"1mjymmd\" data-start=\"1545\" data-end=\"1572\">Cadastro ser\u00e1 necess\u00e1rio<\/h2>\n<p data-start=\"1574\" data-end=\"1695\">Os interessados em participar das oportunidades dever\u00e3o realizar cadastro junto ao Departamento Municipal de Cultura.<\/p>\n<p data-start=\"1697\" data-end=\"1912\">A escolha dos artistas dever\u00e1 considerar crit\u00e9rios previamente definidos, como a rela\u00e7\u00e3o da proposta com o evento, diversidade de linguagens e estilos, relev\u00e2ncia cultural ou comunit\u00e1ria e hist\u00f3rico de participa\u00e7\u00e3o.<\/p>\n<p data-start=\"1914\" data-end=\"2092\">A legisla\u00e7\u00e3o tamb\u00e9m prev\u00ea, quando poss\u00edvel, um sistema de rod\u00edzio, com o objetivo de ampliar a distribui\u00e7\u00e3o das oportunidades entre diferentes artistas e grupos do munic\u00edpio.<\/p>\n<h2 data-section-id=\"rbazio\" data-start=\"2094\" data-end=\"2147\">Participa\u00e7\u00e3o poder\u00e1 ocorrer em diferentes formatos<\/h2>\n<p data-start=\"2149\" data-end=\"2398\">A presen\u00e7a dos artistas locais n\u00e3o ficar\u00e1 limitada aos palcos principais dos eventos. A lei prev\u00ea possibilidades como apresenta\u00e7\u00f5es de abertura, intervalos, mostras, exposi\u00e7\u00f5es, feiras, oficinas, recitais, atividades c\u00eanicas e a\u00e7\u00f5es de forma\u00e7\u00e3o.<\/p>\n<p data-start=\"2400\" data-end=\"2565\">Segundo a proposta, a medida busca ampliar a visibilidade de artistas, m\u00fasicos, escritores, artes\u00e3os e grupos que j\u00e1 desenvolvem atividades culturais em Jaguaria\u00edva.<\/p>\n<p data-start=\"2567\" data-end=\"2714\">A iniciativa tamb\u00e9m considera a import\u00e2ncia da produ\u00e7\u00e3o art\u00edstica local para a preserva\u00e7\u00e3o das tradi\u00e7\u00f5es e da identidade cultural do munic\u00edpio.<\/p>\n<p data-start=\"2716\" data-end=\"2957\" data-is-last-node=\"\" data-is-only-node=\"\">Com a publica\u00e7\u00e3o da Lei n\u00ba 3.135\/2026, a participa\u00e7\u00e3o de artistas locais passa a fazer parte de uma pol\u00edtica municipal espec\u00edfica. A reserva de espa\u00e7o, por\u00e9m, depender\u00e1 da compatibilidade entre a atra\u00e7\u00e3o cultural e a natureza de cada evento.<\/p>\n","protected":false},"excerpt":{"rendered":"<p>Lei municipal estabelece que eventos apoiados pelo Poder P\u00fablico dever\u00e3o, quando houver compatibilidade, abrir espa\u00e7o para artistas e agentes culturais do munic\u00edpio Artistas e agentes culturais de Jaguaria\u00edva passam a contar com uma pol\u00edtica espec\u00edfica de incentivo \u00e0 produ\u00e7\u00e3o local. A Lei Municipal n\u00ba 3.135\/2026, publicada no Di\u00e1rio Oficial em 5 de agosto, criou o [&hellip;]<\/p>\n","protected":false},"author":16,"featured_media":7029,"comment_status":"open","ping_status":"open","sticky":false,"template":"","format":"standard","meta":{"footnotes":""},"categories":[1,6],"tags":[2661,2656,84,2660,47,2658,63,2657,77,2659,2662],"class_list":["post-7028","post","type-post","status-publish","format-standard","has-post-thumbnail","hentry","category-cultura","category-jaguariaiva","tag-agentes-culturais","tag-artistas-locais","tag-cultura","tag-cultura-local","tag-destaque","tag-eventos-publicos","tag-jaguariaiva","tag-jaguariaiva-em-cena","tag-parana","tag-politica-cultural","tag-prefeitura-de-jaguariaiva"],"yoast_head":"<!-- This site is optimized with the Yoast SEO plugin v28.1 - https:\/\/yoast.com\/product\/yoast-seo-wordpress\/ -->\n<title>Jaguaria\u00edva cria programa para ampliar participa\u00e7\u00e3o de artistas locais em eventos p\u00fablicos - Mz Not\u00edcias<\/title>\n<meta name=\"description\" content=\"Jaguaria\u00edva criou o programa \u201cJaguaria\u00edva em Cena\u201d para ampliar a participa\u00e7\u00e3o de artistas locais em eventos culturais e institucionais apoiados pelo munic\u00edpio.\" \/>\n<meta name=\"robots\" content=\"index, follow, max-snippet:-1, max-image-preview:large, max-video-preview:-1\" \/>\n<link rel=\"canonical\" href=\"https:\/\/mznoticia.com.br\/jaguariaiva\/jaguariaiva-cria-programa-para-ampliar-participacao-de-artistas-locais-em-eventos-publicos\/\" \/>\n<meta property=\"og:locale\" content=\"pt_BR\" \/>\n<meta property=\"og:type\" content=\"article\" \/>\n<meta property=\"og:title\" content=\"Jaguaria\u00edva cria programa para ampliar participa\u00e7\u00e3o de artistas locais em eventos p\u00fablicos - Mz Not\u00edcias\" \/>\n<meta property=\"og:description\" content=\"Jaguaria\u00edva criou o programa \u201cJaguaria\u00edva em Cena\u201d para ampliar a participa\u00e7\u00e3o de artistas locais em eventos culturais e institucionais apoiados pelo munic\u00edpio.\" \/>\n<meta property=\"og:url\" content=\"https:\/\/mznoticia.com.br\/jaguariaiva\/jaguariaiva-cria-programa-para-ampliar-participacao-de-artistas-locais-em-eventos-publicos\/\" \/>\n<meta property=\"og:site_name\" content=\"Mz Not\u00edcias\" \/>\n<meta property=\"article:publisher\" content=\"https:\/\/www.facebook.com\/profile.php?id=61573479951222\" \/>\n<meta property=\"article:published_time\" content=\"2026-08-25T16:27:38+00:00\" \/>\n<meta property=\"og:image\" content=\"https:\/\/mznoticia.com.br\/jaguariaiva\/wp-content\/uploads\/2026\/08\/10.jpg-12.webp\" \/>\n\t<meta property=\"og:image:width\" content=\"1000\" \/>\n\t<meta property=\"og:image:height\" content=\"566\" \/>\n\t<meta property=\"og:image:type\" content=\"image\/webp\" \/>\n<meta name=\"author\" content=\"Redacao mz\" \/>\n<meta name=\"twitter:card\" content=\"summary_large_image\" \/>\n<meta name=\"twitter:label1\" content=\"Escrito por\" \/>\n\t<meta name=\"twitter:data1\" content=\"Redacao mz\" \/>\n\t<meta name=\"twitter:label2\" content=\"Est. tempo de leitura\" \/>\n\t<meta name=\"twitter:data2\" content=\"3 minutos\" \/>\n<script type=\"application\/ld+json\" class=\"yoast-schema-graph\">{\"@context\":\"https:\\\/\\\/schema.org\",\"@graph\":[{\"@type\":\"Article\",\"@id\":\"https:\\\/\\\/mznoticia.com.br\\\/jaguariaiva\\\/jaguariaiva-cria-programa-para-ampliar-participacao-de-artistas-locais-em-eventos-publicos\\\/#article\",\"isPartOf\":{\"@id\":\"https:\\\/\\\/mznoticia.com.br\\\/jaguariaiva\\\/jaguariaiva-cria-programa-para-ampliar-participacao-de-artistas-locais-em-eventos-publicos\\\/\"},\"author\":{\"name\":\"Redacao mz\",\"@id\":\"https:\\\/\\\/mznoticia.com.br\\\/jaguariaiva\\\/#\\\/schema\\\/person\\\/84012d827247b3f42f37b550da79cd03\"},\"headline\":\"Jaguaria\u00edva cria programa para ampliar participa\u00e7\u00e3o de artistas locais em eventos p\u00fablicos\",\"datePublished\":\"2026-08-25T16:27:38+00:00\",\"mainEntityOfPage\":{\"@id\":\"https:\\\/\\\/mznoticia.com.br\\\/jaguariaiva\\\/jaguariaiva-cria-programa-para-ampliar-participacao-de-artistas-locais-em-eventos-publicos\\\/\"},\"wordCount\":477,\"commentCount\":0,\"publisher\":{\"@id\":\"https:\\\/\\\/mznoticia.com.br\\\/jaguariaiva\\\/#organization\"},\"image\":{\"@id\":\"https:\\\/\\\/mznoticia.com.br\\\/jaguariaiva\\\/jaguariaiva-cria-programa-para-ampliar-participacao-de-artistas-locais-em-eventos-publicos\\\/#primaryimage\"},\"thumbnailUrl\":\"https:\\\/\\\/mznoticia.com.br\\\/jaguariaiva\\\/wp-content\\\/uploads\\\/2026\\\/08\\\/10.jpg-12.webp\",\"keywords\":[\"Agentes Culturais\",\"Artistas Locais\",\"cultura\",\"Cultura Local\",\"destaque\",\"Eventos P\u00fablicos\",\"jaguariaiva\",\"Jaguaria\u00edva em Cena\",\"parana\",\"Pol\u00edtica Cultural\",\"Prefeitura de Jaguaria\u00edva\"],\"articleSection\":[\"Cultura\",\"Jaguaria\u00edva\"],\"inLanguage\":\"pt-BR\",\"potentialAction\":[{\"@type\":\"CommentAction\",\"name\":\"Comment\",\"target\":[\"https:\\\/\\\/mznoticia.com.br\\\/jaguariaiva\\\/jaguariaiva-cria-programa-para-ampliar-participacao-de-artistas-locais-em-eventos-publicos\\\/#respond\"]}]},{\"@type\":\"WebPage\",\"@id\":\"https:\\\/\\\/mznoticia.com.br\\\/jaguariaiva\\\/jaguariaiva-cria-programa-para-ampliar-participacao-de-artistas-locais-em-eventos-publicos\\\/\",\"url\":\"https:\\\/\\\/mznoticia.com.br\\\/jaguariaiva\\\/jaguariaiva-cria-programa-para-ampliar-participacao-de-artistas-locais-em-eventos-publicos\\\/\",\"name\":\"Jaguaria\u00edva cria programa para ampliar participa\u00e7\u00e3o de artistas locais em eventos p\u00fablicos - Mz Not\u00edcias\",\"isPartOf\":{\"@id\":\"https:\\\/\\\/mznoticia.com.br\\\/jaguariaiva\\\/#website\"},\"primaryImageOfPage\":{\"@id\":\"https:\\\/\\\/mznoticia.com.br\\\/jaguariaiva\\\/jaguariaiva-cria-programa-para-ampliar-participacao-de-artistas-locais-em-eventos-publicos\\\/#primaryimage\"},\"image\":{\"@id\":\"https:\\\/\\\/mznoticia.com.br\\\/jaguariaiva\\\/jaguariaiva-cria-programa-para-ampliar-participacao-de-artistas-locais-em-eventos-publicos\\\/#primaryimage\"},\"thumbnailUrl\":\"https:\\\/\\\/mznoticia.com.br\\\/jaguariaiva\\\/wp-content\\\/uploads\\\/2026\\\/08\\\/10.jpg-12.webp\",\"datePublished\":\"2026-08-25T16:27:38+00:00\",\"description\":\"Jaguaria\u00edva criou o programa \u201cJaguaria\u00edva em Cena\u201d para ampliar a participa\u00e7\u00e3o de artistas locais em eventos culturais e institucionais apoiados pelo munic\u00edpio.\",\"breadcrumb\":{\"@id\":\"https:\\\/\\\/mznoticia.com.br\\\/jaguariaiva\\\/jaguariaiva-cria-programa-para-ampliar-participacao-de-artistas-locais-em-eventos-publicos\\\/#breadcrumb\"},\"inLanguage\":\"pt-BR\",\"potentialAction\":[{\"@type\":\"ReadAction\",\"target\":[\"https:\\\/\\\/mznoticia.com.br\\\/jaguariaiva\\\/jaguariaiva-cria-programa-para-ampliar-participacao-de-artistas-locais-em-eventos-publicos\\\/\"]}]},{\"@type\":\"ImageObject\",\"inLanguage\":\"pt-BR\",\"@id\":\"https:\\\/\\\/mznoticia.com.br\\\/jaguariaiva\\\/jaguariaiva-cria-programa-para-ampliar-participacao-de-artistas-locais-em-eventos-publicos\\\/#primaryimage\",\"url\":\"https:\\\/\\\/mznoticia.com.br\\\/jaguariaiva\\\/wp-content\\\/uploads\\\/2026\\\/08\\\/10.jpg-12.webp\",\"contentUrl\":\"https:\\\/\\\/mznoticia.com.br\\\/jaguariaiva\\\/wp-content\\\/uploads\\\/2026\\\/08\\\/10.jpg-12.webp\",\"width\":1000,\"height\":566},{\"@type\":\"BreadcrumbList\",\"@id\":\"https:\\\/\\\/mznoticia.com.br\\\/jaguariaiva\\\/jaguariaiva-cria-programa-para-ampliar-participacao-de-artistas-locais-em-eventos-publicos\\\/#breadcrumb\",\"itemListElement\":[{\"@type\":\"ListItem\",\"position\":1,\"name\":\"Home\",\"item\":\"https:\\\/\\\/mznoticia.com.br\\\/jaguariaiva\\\/\"},{\"@type\":\"ListItem\",\"position\":2,\"name\":\"Jaguaria\u00edva cria programa para ampliar participa\u00e7\u00e3o de artistas locais em eventos p\u00fablicos\"}]},{\"@type\":\"WebSite\",\"@id\":\"https:\\\/\\\/mznoticia.com.br\\\/jaguariaiva\\\/#website\",\"url\":\"https:\\\/\\\/mznoticia.com.br\\\/jaguariaiva\\\/\",\"name\":\"Mz Not\u00edcia\",\"description\":\"A informa\u00e7\u00e3o que voc\u00ea precisa na hora certa!\",\"publisher\":{\"@id\":\"https:\\\/\\\/mznoticia.com.br\\\/jaguariaiva\\\/#organization\"},\"potentialAction\":[{\"@type\":\"SearchAction\",\"target\":{\"@type\":\"EntryPoint\",\"urlTemplate\":\"https:\\\/\\\/mznoticia.com.br\\\/jaguariaiva\\\/?s={search_term_string}\"},\"query-input\":{\"@type\":\"PropertyValueSpecification\",\"valueRequired\":true,\"valueName\":\"search_term_string\"}}],\"inLanguage\":\"pt-BR\"},{\"@type\":\"Organization\",\"@id\":\"https:\\\/\\\/mznoticia.com.br\\\/jaguariaiva\\\/#organization\",\"name\":\"Mz Not\u00edcia\",\"url\":\"https:\\\/\\\/mznoticia.com.br\\\/jaguariaiva\\\/\",\"logo\":{\"@type\":\"ImageObject\",\"inLanguage\":\"pt-BR\",\"@id\":\"https:\\\/\\\/mznoticia.com.br\\\/jaguariaiva\\\/#\\\/schema\\\/logo\\\/image\\\/\",\"url\":\"https:\\\/\\\/mznoticia.com.br\\\/jaguariaiva\\\/wp-content\\\/uploads\\\/2025\\\/03\\\/Design-sem-nome-4-e1741200616392.png\",\"contentUrl\":\"https:\\\/\\\/mznoticia.com.br\\\/jaguariaiva\\\/wp-content\\\/uploads\\\/2025\\\/03\\\/Design-sem-nome-4-e1741200616392.png\",\"width\":750,\"height\":563,\"caption\":\"Mz Not\u00edcia\"},\"image\":{\"@id\":\"https:\\\/\\\/mznoticia.com.br\\\/jaguariaiva\\\/#\\\/schema\\\/logo\\\/image\\\/\"},\"sameAs\":[\"https:\\\/\\\/www.facebook.com\\\/profile.php?id=61573479951222\",\"https:\\\/\\\/www.instagram.com\\\/mz.jaguariaiva\\\/\"]},{\"@type\":\"Person\",\"@id\":\"https:\\\/\\\/mznoticia.com.br\\\/jaguariaiva\\\/#\\\/schema\\\/person\\\/84012d827247b3f42f37b550da79cd03\",\"name\":\"Redacao mz\",\"image\":{\"@type\":\"ImageObject\",\"inLanguage\":\"pt-BR\",\"@id\":\"https:\\\/\\\/mznoticia.com.br\\\/jaguariaiva\\\/wp-content\\\/uploads\\\/2025\\\/02\\\/mznoticia_jaguariaiva_coluna-150x150.png\",\"url\":\"https:\\\/\\\/mznoticia.com.br\\\/jaguariaiva\\\/wp-content\\\/uploads\\\/2025\\\/02\\\/mznoticia_jaguariaiva_coluna-150x150.png\",\"contentUrl\":\"https:\\\/\\\/mznoticia.com.br\\\/jaguariaiva\\\/wp-content\\\/uploads\\\/2025\\\/02\\\/mznoticia_jaguariaiva_coluna-150x150.png\",\"caption\":\"Redacao mz\"},\"sameAs\":[\"http:\\\/\\\/mznoticia.com.br\"],\"url\":\"https:\\\/\\\/mznoticia.com.br\\\/jaguariaiva\\\/author\\\/lucimara\\\/\"}]}<\/script>\n<!-- \/ Yoast SEO plugin. -->","yoast_head_json":{"title":"Jaguaria\u00edva cria programa para ampliar participa\u00e7\u00e3o de artistas locais em eventos p\u00fablicos - Mz Not\u00edcias","description":"Jaguaria\u00edva criou o programa \u201cJaguaria\u00edva em Cena\u201d para ampliar a participa\u00e7\u00e3o de artistas locais em eventos culturais e institucionais apoiados pelo munic\u00edpio.","robots":{"index":"index","follow":"follow","max-snippet":"max-snippet:-1","max-image-preview":"max-image-preview:large","max-video-preview":"max-video-preview:-1"},"canonical":"https:\/\/mznoticia.com.br\/jaguariaiva\/jaguariaiva-cria-programa-para-ampliar-participacao-de-artistas-locais-em-eventos-publicos\/","og_locale":"pt_BR","og_type":"article","og_title":"Jaguaria\u00edva cria programa para ampliar participa\u00e7\u00e3o de artistas locais em eventos p\u00fablicos - Mz Not\u00edcias","og_description":"Jaguaria\u00edva criou o programa \u201cJaguaria\u00edva em Cena\u201d para ampliar a participa\u00e7\u00e3o de artistas locais em eventos culturais e institucionais apoiados pelo munic\u00edpio.","og_url":"https:\/\/mznoticia.com.br\/jaguariaiva\/jaguariaiva-cria-programa-para-ampliar-participacao-de-artistas-locais-em-eventos-publicos\/","og_site_name":"Mz Not\u00edcias","article_publisher":"https:\/\/www.facebook.com\/profile.php?id=61573479951222","article_published_time":"2026-08-25T16:27:38+00:00","og_image":[{"width":1000,"height":566,"url":"https:\/\/mznoticia.com.br\/jaguariaiva\/wp-content\/uploads\/2026\/08\/10.jpg-12.webp","type":"image\/webp"}],"author":"Redacao mz","twitter_card":"summary_large_image","twitter_misc":{"Escrito por":"Redacao mz","Est. tempo de leitura":"3 minutos"},"schema":{"@context":"https:\/\/schema.org","@graph":[{"@type":"Article","@id":"https:\/\/mznoticia.com.br\/jaguariaiva\/jaguariaiva-cria-programa-para-ampliar-participacao-de-artistas-locais-em-eventos-publicos\/#article","isPartOf":{"@id":"https:\/\/mznoticia.com.br\/jaguariaiva\/jaguariaiva-cria-programa-para-ampliar-participacao-de-artistas-locais-em-eventos-publicos\/"},"author":{"name":"Redacao mz","@id":"https:\/\/mznoticia.com.br\/jaguariaiva\/#\/schema\/person\/84012d827247b3f42f37b550da79cd03"},"headline":"Jaguaria\u00edva cria programa para ampliar participa\u00e7\u00e3o de artistas locais em eventos p\u00fablicos","datePublished":"2026-08-25T16:27:38+00:00","mainEntityOfPage":{"@id":"https:\/\/mznoticia.com.br\/jaguariaiva\/jaguariaiva-cria-programa-para-ampliar-participacao-de-artistas-locais-em-eventos-publicos\/"},"wordCount":477,"commentCount":0,"publisher":{"@id":"https:\/\/mznoticia.com.br\/jaguariaiva\/#organization"},"image":{"@id":"https:\/\/mznoticia.com.br\/jaguariaiva\/jaguariaiva-cria-programa-para-ampliar-participacao-de-artistas-locais-em-eventos-publicos\/#primaryimage"},"thumbnailUrl":"https:\/\/mznoticia.com.br\/jaguariaiva\/wp-content\/uploads\/2026\/08\/10.jpg-12.webp","keywords":["Agentes Culturais","Artistas Locais","cultura","Cultura Local","destaque","Eventos P\u00fablicos","jaguariaiva","Jaguaria\u00edva em Cena","parana","Pol\u00edtica Cultural","Prefeitura de Jaguaria\u00edva"],"articleSection":["Cultura","Jaguaria\u00edva"],"inLanguage":"pt-BR","potentialAction":[{"@type":"CommentAction","name":"Comment","target":["https:\/\/mznoticia.com.br\/jaguariaiva\/jaguariaiva-cria-programa-para-ampliar-participacao-de-artistas-locais-em-eventos-publicos\/#respond"]}]},{"@type":"WebPage","@id":"https:\/\/mznoticia.com.br\/jaguariaiva\/jaguariaiva-cria-programa-para-ampliar-participacao-de-artistas-locais-em-eventos-publicos\/","url":"https:\/\/mznoticia.com.br\/jaguariaiva\/jaguariaiva-cria-programa-para-ampliar-participacao-de-artistas-locais-em-eventos-publicos\/","name":"Jaguaria\u00edva cria programa para ampliar participa\u00e7\u00e3o de artistas locais em eventos p\u00fablicos - Mz Not\u00edcias","isPartOf":{"@id":"https:\/\/mznoticia.com.br\/jaguariaiva\/#website"},"primaryImageOfPage":{"@id":"https:\/\/mznoticia.com.br\/jaguariaiva\/jaguariaiva-cria-programa-para-ampliar-participacao-de-artistas-locais-em-eventos-publicos\/#primaryimage"},"image":{"@id":"https:\/\/mznoticia.com.br\/jaguariaiva\/jaguariaiva-cria-programa-para-ampliar-participacao-de-artistas-locais-em-eventos-publicos\/#primaryimage"},"thumbnailUrl":"https:\/\/mznoticia.com.br\/jaguariaiva\/wp-content\/uploads\/2026\/08\/10.jpg-12.webp","datePublished":"2026-08-25T16:27:38+00:00","description":"Jaguaria\u00edva criou o programa \u201cJaguaria\u00edva em Cena\u201d para ampliar a participa\u00e7\u00e3o de artistas locais em eventos culturais e institucionais apoiados pelo munic\u00edpio.","breadcrumb":{"@id":"https:\/\/mznoticia.com.br\/jaguariaiva\/jaguariaiva-cria-programa-para-ampliar-participacao-de-artistas-locais-em-eventos-publicos\/#breadcrumb"},"inLanguage":"pt-BR","potentialAction":[{"@type":"ReadAction","target":["https:\/\/mznoticia.com.br\/jaguariaiva\/jaguariaiva-cria-programa-para-ampliar-participacao-de-artistas-locais-em-eventos-publicos\/"]}]},{"@type":"ImageObject","inLanguage":"pt-BR","@id":"https:\/\/mznoticia.com.br\/jaguariaiva\/jaguariaiva-cria-programa-para-ampliar-participacao-de-artistas-locais-em-eventos-publicos\/#primaryimage","url":"https:\/\/mznoticia.com.br\/jaguariaiva\/wp-content\/uploads\/2026\/08\/10.jpg-12.webp","contentUrl":"https:\/\/mznoticia.com.br\/jaguariaiva\/wp-content\/uploads\/2026\/08\/10.jpg-12.webp","width":1000,"height":566},{"@type":"BreadcrumbList","@id":"https:\/\/mznoticia.com.br\/jaguariaiva\/jaguariaiva-cria-programa-para-ampliar-participacao-de-artistas-locais-em-eventos-publicos\/#breadcrumb","itemListElement":[{"@type":"ListItem","position":1,"name":"Home","item":"https:\/\/mznoticia.com.br\/jaguariaiva\/"},{"@type":"ListItem","position":2,"name":"Jaguaria\u00edva cria programa para ampliar participa\u00e7\u00e3o de artistas locais em eventos p\u00fablicos"}]},{"@type":"WebSite","@id":"https:\/\/mznoticia.com.br\/jaguariaiva\/#website","url":"https:\/\/mznoticia.com.br\/jaguariaiva\/","name":"Mz Not\u00edcia","description":"A informa\u00e7\u00e3o que voc\u00ea precisa na hora certa!","publisher":{"@id":"https:\/\/mznoticia.com.br\/jaguariaiva\/#organization"},"potentialAction":[{"@type":"SearchAction","target":{"@type":"EntryPoint","urlTemplate":"https:\/\/mznoticia.com.br\/jaguariaiva\/?s={search_term_string}"},"query-input":{"@type":"PropertyValueSpecification","valueRequired":true,"valueName":"search_term_string"}}],"inLanguage":"pt-BR"},{"@type":"Organization","@id":"https:\/\/mznoticia.com.br\/jaguariaiva\/#organization","name":"Mz Not\u00edcia","url":"https:\/\/mznoticia.com.br\/jaguariaiva\/","logo":{"@type":"ImageObject","inLanguage":"pt-BR","@id":"https:\/\/mznoticia.com.br\/jaguariaiva\/#\/schema\/logo\/image\/","url":"https:\/\/mznoticia.com.br\/jaguariaiva\/wp-content\/uploads\/2025\/03\/Design-sem-nome-4-e1741200616392.png","contentUrl":"https:\/\/mznoticia.com.br\/jaguariaiva\/wp-content\/uploads\/2025\/03\/Design-sem-nome-4-e1741200616392.png","width":750,"height":563,"caption":"Mz Not\u00edcia"},"image":{"@id":"https:\/\/mznoticia.com.br\/jaguariaiva\/#\/schema\/logo\/image\/"},"sameAs":["https:\/\/www.facebook.com\/profile.php?id=61573479951222","https:\/\/www.instagram.com\/mz.jaguariaiva\/"]},{"@type":"Person","@id":"https:\/\/mznoticia.com.br\/jaguariaiva\/#\/schema\/person\/84012d827247b3f42f37b550da79cd03","name":"Redacao mz","image":{"@type":"ImageObject","inLanguage":"pt-BR","@id":"https:\/\/mznoticia.com.br\/jaguariaiva\/wp-content\/uploads\/2025\/02\/mznoticia_jaguariaiva_coluna-150x150.png","url":"https:\/\/mznoticia.com.br\/jaguariaiva\/wp-content\/uploads\/2025\/02\/mznoticia_jaguariaiva_coluna-150x150.png","contentUrl":"https:\/\/mznoticia.com.br\/jaguariaiva\/wp-content\/uploads\/2025\/02\/mznoticia_jaguariaiva_coluna-150x150.png","caption":"Redacao mz"},"sameAs":["http:\/\/mznoticia.com.br"],"url":"https:\/\/mznoticia.com.br\/jaguariaiva\/author\/lucimara\/"}]}},"_links":{"self":[{"href":"https:\/\/mznoticia.com.br\/jaguariaiva\/wp-json\/wp\/v2\/posts\/7028","targetHints":{"allow":["GET"]}}],"collection":[{"href":"https:\/\/mznoticia.com.br\/jaguariaiva\/wp-json\/wp\/v2\/posts"}],"about":[{"href":"https:\/\/mznoticia.com.br\/jaguariaiva\/wp-json\/wp\/v2\/types\/post"}],"author":[{"embeddable":true,"href":"https:\/\/mznoticia.com.br\/jaguariaiva\/wp-json\/wp\/v2\/users\/16"}],"replies":[{"embeddable":true,"href":"https:\/\/mznoticia.com.br\/jaguariaiva\/wp-json\/wp\/v2\/comments?post=7028"}],"version-history":[{"count":1,"href":"https:\/\/mznoticia.com.br\/jaguariaiva\/wp-json\/wp\/v2\/posts\/7028\/revisions"}],"predecessor-version":[{"id":7030,"href":"https:\/\/mznoticia.com.br\/jaguariaiva\/wp-json\/wp\/v2\/posts\/7028\/revisions\/7030"}],"wp:featuredmedia":[{"embeddable":true,"href":"https:\/\/mznoticia.com.br\/jaguariaiva\/wp-json\/wp\/v2\/media\/7029"}],"wp:attachment":[{"href":"https:\/\/mznoticia.com.br\/jaguariaiva\/wp-json\/wp\/v2\/media?parent=7028"}],"wp:term":[{"taxonomy":"category","embeddable":true,"href":"https:\/\/mznoticia.com.br\/jaguariaiva\/wp-json\/wp\/v2\/categories?post=7028"},{"taxonomy":"post_tag","embeddable":true,"href":"https:\/\/mznoticia.com.br\/jaguariaiva\/wp-json\/wp\/v2\/tags?post=7028"}],"curies":[{"name":"wp","href":"https:\/\/api.w.org\/{rel}","templated":true}]}}