{"id":7031,"date":"2026-08-25T16:34:30","date_gmt":"2026-08-25T16:34:30","guid":{"rendered":"https:\/\/mznoticia.com.br\/jaguariaiva\/?p=7031"},"modified":"2026-08-25T16:34:30","modified_gmt":"2026-08-25T16:34:30","slug":"porto-de-paranagua-embarca-mais-de-127-mil-toneladas-de-acucar-em-operacao-concentrada","status":"publish","type":"post","link":"https:\/\/mznoticia.com.br\/jaguariaiva\/porto-de-paranagua-embarca-mais-de-127-mil-toneladas-de-acucar-em-operacao-concentrada\/","title":{"rendered":"Porto de Paranagu\u00e1 embarca mais de 127 mil toneladas de a\u00e7\u00facar em opera\u00e7\u00e3o concentrada"},"content":{"rendered":"<p class=\"PDq2pG_selectionAnchorContainer\" data-start=\"92\" data-end=\"386\">O Porto de Paranagu\u00e1 realizou uma opera\u00e7\u00e3o concentrada para atender ao aumento da demanda pela exporta\u00e7\u00e3o de a\u00e7\u00facar. Desde 19 de agosto, quatro navios foram carregados com mais de 127 mil toneladas do produto, sendo 81 mil toneladas de a\u00e7\u00facar ensacado e 46,2 mil toneladas a granel.<\/p>\n<p data-start=\"388\" data-end=\"623\">A opera\u00e7\u00e3o do a\u00e7\u00facar ensacado envolve cerca de 1.380 trabalhadores, distribu\u00eddos em quatro turnos. Outros tr\u00eas navios aguardam para iniciar o carregamento, e a expectativa \u00e9 de que o movimento intenso continue at\u00e9 o fim de outubro.<\/p>\n<p data-start=\"625\" data-end=\"939\">Paranagu\u00e1 \u00e9 o segundo maior porto exportador de a\u00e7\u00facar do Brasil, respondendo por cerca de 20% das exporta\u00e7\u00f5es nacionais. O aumento da demanda est\u00e1 relacionado \u00e0 decis\u00e3o da \u00cdndia, segundo maior exportador mundial, de suspender as exporta\u00e7\u00f5es at\u00e9 o fim de setembro, abrindo espa\u00e7o para o produto brasileiro.<\/p>\n<p data-start=\"941\" data-end=\"1119\">Em 2025, o a\u00e7\u00facar ensacado e a granel somaram 6,74 milh\u00f5es de toneladas embarcadas pelo Porto de Paranagu\u00e1, quase 15% de todas as exporta\u00e7\u00f5es realizadas pela empresa p\u00fablica.<\/p>\n<p data-start=\"1121\" data-end=\"1321\">No primeiro semestre de 2026, as exporta\u00e7\u00f5es de a\u00e7\u00facar ensacado j\u00e1 cresceram 18%, chegando a 380,8 mil toneladas. O a\u00e7\u00facar a granel movimentou outras 1,45 milh\u00e3o de toneladas no mesmo per\u00edodo.<\/p>\n<p data-start=\"1323\" data-end=\"1525\" data-is-last-node=\"\" data-is-only-node=\"\">Al\u00e9m do a\u00e7\u00facar, o Porto de Paranagu\u00e1 registra crescimento na movimenta\u00e7\u00e3o de soja, farelo de soja, milho e cargas conteinerizadas, com alta de 10% nas exporta\u00e7\u00f5es via cont\u00eainer no primeiro semestre.<\/p>\n","protected":false},"excerpt":{"rendered":"<p>O Porto de Paranagu\u00e1 realizou uma opera\u00e7\u00e3o concentrada para atender ao aumento da demanda pela exporta\u00e7\u00e3o de a\u00e7\u00facar. Desde 19 de agosto, quatro navios foram carregados com mais de 127 mil toneladas do produto, sendo 81 mil toneladas de a\u00e7\u00facar ensacado e 46,2 mil toneladas a granel. A opera\u00e7\u00e3o do a\u00e7\u00facar ensacado envolve cerca de [&hellip;]<\/p>\n","protected":false},"author":16,"featured_media":7032,"comment_status":"open","ping_status":"open","sticky":false,"template":"","format":"standard","meta":{"footnotes":""},"categories":[132],"tags":[2664,2667,629,813,478,2665,811,77,2663,2666],"class_list":["post-7031","post","type-post","status-publish","format-standard","has-post-thumbnail","hentry","category-economia","tag-acucar","tag-acucar-brasileiro","tag-agronegocio","tag-comercio-exterior","tag-economia","tag-exportacao","tag-exportacoes","tag-parana","tag-porto-de-paranagua","tag-portos-do-parana"],"yoast_head":"<!-- This site is optimized with the Yoast SEO plugin v28.1 - https:\/\/yoast.com\/product\/yoast-seo-wordpress\/ -->\n<title>Porto de Paranagu\u00e1 embarca mais de 127 mil toneladas de a\u00e7\u00facar em opera\u00e7\u00e3o concentrada - Mz Not\u00edcias<\/title>\n<meta name=\"description\" content=\"Porto de Paranagu\u00e1 embarca mais de 127 mil toneladas de a\u00e7\u00facar em opera\u00e7\u00e3o concentrada, impulsionada pela alta demanda internacional.\" \/>\n<meta name=\"robots\" content=\"index, follow, max-snippet:-1, max-image-preview:large, max-video-preview:-1\" \/>\n<link rel=\"canonical\" href=\"https:\/\/mznoticia.com.br\/jaguariaiva\/porto-de-paranagua-embarca-mais-de-127-mil-toneladas-de-acucar-em-operacao-concentrada\/\" \/>\n<meta property=\"og:locale\" content=\"pt_BR\" \/>\n<meta property=\"og:type\" content=\"article\" \/>\n<meta property=\"og:title\" content=\"Porto de Paranagu\u00e1 embarca mais de 127 mil toneladas de a\u00e7\u00facar em opera\u00e7\u00e3o concentrada - Mz Not\u00edcias\" \/>\n<meta property=\"og:description\" content=\"Porto de Paranagu\u00e1 embarca mais de 127 mil toneladas de a\u00e7\u00facar em opera\u00e7\u00e3o concentrada, impulsionada pela alta demanda internacional.\" \/>\n<meta property=\"og:url\" content=\"https:\/\/mznoticia.com.br\/jaguariaiva\/porto-de-paranagua-embarca-mais-de-127-mil-toneladas-de-acucar-em-operacao-concentrada\/\" \/>\n<meta property=\"og:site_name\" content=\"Mz Not\u00edcias\" \/>\n<meta property=\"article:publisher\" content=\"https:\/\/www.facebook.com\/profile.php?id=61573479951222\" \/>\n<meta property=\"article:published_time\" content=\"2026-08-25T16:34:30+00:00\" \/>\n<meta property=\"og:image\" content=\"https:\/\/mznoticia.com.br\/jaguariaiva\/wp-content\/uploads\/2026\/08\/10-22.jpg\" \/>\n\t<meta property=\"og:image:width\" content=\"1600\" \/>\n\t<meta property=\"og:image:height\" content=\"1066\" \/>\n\t<meta property=\"og:image:type\" content=\"image\/jpeg\" \/>\n<meta name=\"author\" content=\"Redacao mz\" \/>\n<meta name=\"twitter:card\" content=\"summary_large_image\" \/>\n<meta name=\"twitter:label1\" content=\"Escrito por\" \/>\n\t<meta name=\"twitter:data1\" content=\"Redacao mz\" \/>\n\t<meta name=\"twitter:label2\" content=\"Est. tempo de leitura\" \/>\n\t<meta name=\"twitter:data2\" content=\"2 minutos\" \/>\n<script type=\"application\/ld+json\" class=\"yoast-schema-graph\">{\"@context\":\"https:\\\/\\\/schema.org\",\"@graph\":[{\"@type\":\"Article\",\"@id\":\"https:\\\/\\\/mznoticia.com.br\\\/jaguariaiva\\\/porto-de-paranagua-embarca-mais-de-127-mil-toneladas-de-acucar-em-operacao-concentrada\\\/#article\",\"isPartOf\":{\"@id\":\"https:\\\/\\\/mznoticia.com.br\\\/jaguariaiva\\\/porto-de-paranagua-embarca-mais-de-127-mil-toneladas-de-acucar-em-operacao-concentrada\\\/\"},\"author\":{\"name\":\"Redacao mz\",\"@id\":\"https:\\\/\\\/mznoticia.com.br\\\/jaguariaiva\\\/#\\\/schema\\\/person\\\/84012d827247b3f42f37b550da79cd03\"},\"headline\":\"Porto de Paranagu\u00e1 embarca mais de 127 mil toneladas de a\u00e7\u00facar em opera\u00e7\u00e3o concentrada\",\"datePublished\":\"2026-08-25T16:34:30+00:00\",\"mainEntityOfPage\":{\"@id\":\"https:\\\/\\\/mznoticia.com.br\\\/jaguariaiva\\\/porto-de-paranagua-embarca-mais-de-127-mil-toneladas-de-acucar-em-operacao-concentrada\\\/\"},\"wordCount\":247,\"commentCount\":0,\"publisher\":{\"@id\":\"https:\\\/\\\/mznoticia.com.br\\\/jaguariaiva\\\/#organization\"},\"image\":{\"@id\":\"https:\\\/\\\/mznoticia.com.br\\\/jaguariaiva\\\/porto-de-paranagua-embarca-mais-de-127-mil-toneladas-de-acucar-em-operacao-concentrada\\\/#primaryimage\"},\"thumbnailUrl\":\"https:\\\/\\\/mznoticia.com.br\\\/jaguariaiva\\\/wp-content\\\/uploads\\\/2026\\\/08\\\/10-22.jpg\",\"keywords\":[\"A\u00e7\u00facar\",\"A\u00e7\u00facar Brasileiro\",\"Agroneg\u00f3cio\",\"Com\u00e9rcio Exterior\",\"Economia\",\"Exporta\u00e7\u00e3o\",\"Exporta\u00e7\u00f5es\",\"parana\",\"Porto de Paranagu\u00e1\",\"Portos do Paran\u00e1\"],\"articleSection\":[\"Economia\"],\"inLanguage\":\"pt-BR\",\"potentialAction\":[{\"@type\":\"CommentAction\",\"name\":\"Comment\",\"target\":[\"https:\\\/\\\/mznoticia.com.br\\\/jaguariaiva\\\/porto-de-paranagua-embarca-mais-de-127-mil-toneladas-de-acucar-em-operacao-concentrada\\\/#respond\"]}]},{\"@type\":\"WebPage\",\"@id\":\"https:\\\/\\\/mznoticia.com.br\\\/jaguariaiva\\\/porto-de-paranagua-embarca-mais-de-127-mil-toneladas-de-acucar-em-operacao-concentrada\\\/\",\"url\":\"https:\\\/\\\/mznoticia.com.br\\\/jaguariaiva\\\/porto-de-paranagua-embarca-mais-de-127-mil-toneladas-de-acucar-em-operacao-concentrada\\\/\",\"name\":\"Porto de Paranagu\u00e1 embarca mais de 127 mil toneladas de a\u00e7\u00facar em opera\u00e7\u00e3o concentrada - Mz Not\u00edcias\",\"isPartOf\":{\"@id\":\"https:\\\/\\\/mznoticia.com.br\\\/jaguariaiva\\\/#website\"},\"primaryImageOfPage\":{\"@id\":\"https:\\\/\\\/mznoticia.com.br\\\/jaguariaiva\\\/porto-de-paranagua-embarca-mais-de-127-mil-toneladas-de-acucar-em-operacao-concentrada\\\/#primaryimage\"},\"image\":{\"@id\":\"https:\\\/\\\/mznoticia.com.br\\\/jaguariaiva\\\/porto-de-paranagua-embarca-mais-de-127-mil-toneladas-de-acucar-em-operacao-concentrada\\\/#primaryimage\"},\"thumbnailUrl\":\"https:\\\/\\\/mznoticia.com.br\\\/jaguariaiva\\\/wp-content\\\/uploads\\\/2026\\\/08\\\/10-22.jpg\",\"datePublished\":\"2026-08-25T16:34:30+00:00\",\"description\":\"Porto de Paranagu\u00e1 embarca mais de 127 mil toneladas de a\u00e7\u00facar em opera\u00e7\u00e3o concentrada, impulsionada pela alta demanda internacional.\",\"breadcrumb\":{\"@id\":\"https:\\\/\\\/mznoticia.com.br\\\/jaguariaiva\\\/porto-de-paranagua-embarca-mais-de-127-mil-toneladas-de-acucar-em-operacao-concentrada\\\/#breadcrumb\"},\"inLanguage\":\"pt-BR\",\"potentialAction\":[{\"@type\":\"ReadAction\",\"target\":[\"https:\\\/\\\/mznoticia.com.br\\\/jaguariaiva\\\/porto-de-paranagua-embarca-mais-de-127-mil-toneladas-de-acucar-em-operacao-concentrada\\\/\"]}]},{\"@type\":\"ImageObject\",\"inLanguage\":\"pt-BR\",\"@id\":\"https:\\\/\\\/mznoticia.com.br\\\/jaguariaiva\\\/porto-de-paranagua-embarca-mais-de-127-mil-toneladas-de-acucar-em-operacao-concentrada\\\/#primaryimage\",\"url\":\"https:\\\/\\\/mznoticia.com.br\\\/jaguariaiva\\\/wp-content\\\/uploads\\\/2026\\\/08\\\/10-22.jpg\",\"contentUrl\":\"https:\\\/\\\/mznoticia.com.br\\\/jaguariaiva\\\/wp-content\\\/uploads\\\/2026\\\/08\\\/10-22.jpg\",\"width\":1600,\"height\":1066},{\"@type\":\"BreadcrumbList\",\"@id\":\"https:\\\/\\\/mznoticia.com.br\\\/jaguariaiva\\\/porto-de-paranagua-embarca-mais-de-127-mil-toneladas-de-acucar-em-operacao-concentrada\\\/#breadcrumb\",\"itemListElement\":[{\"@type\":\"ListItem\",\"position\":1,\"name\":\"Home\",\"item\":\"https:\\\/\\\/mznoticia.com.br\\\/jaguariaiva\\\/\"},{\"@type\":\"ListItem\",\"position\":2,\"name\":\"Porto de Paranagu\u00e1 embarca mais de 127 mil toneladas de a\u00e7\u00facar em opera\u00e7\u00e3o concentrada\"}]},{\"@type\":\"WebSite\",\"@id\":\"https:\\\/\\\/mznoticia.com.br\\\/jaguariaiva\\\/#website\",\"url\":\"https:\\\/\\\/mznoticia.com.br\\\/jaguariaiva\\\/\",\"name\":\"Mz Not\u00edcia\",\"description\":\"A informa\u00e7\u00e3o que voc\u00ea precisa na hora certa!\",\"publisher\":{\"@id\":\"https:\\\/\\\/mznoticia.com.br\\\/jaguariaiva\\\/#organization\"},\"potentialAction\":[{\"@type\":\"SearchAction\",\"target\":{\"@type\":\"EntryPoint\",\"urlTemplate\":\"https:\\\/\\\/mznoticia.com.br\\\/jaguariaiva\\\/?s={search_term_string}\"},\"query-input\":{\"@type\":\"PropertyValueSpecification\",\"valueRequired\":true,\"valueName\":\"search_term_string\"}}],\"inLanguage\":\"pt-BR\"},{\"@type\":\"Organization\",\"@id\":\"https:\\\/\\\/mznoticia.com.br\\\/jaguariaiva\\\/#organization\",\"name\":\"Mz Not\u00edcia\",\"url\":\"https:\\\/\\\/mznoticia.com.br\\\/jaguariaiva\\\/\",\"logo\":{\"@type\":\"ImageObject\",\"inLanguage\":\"pt-BR\",\"@id\":\"https:\\\/\\\/mznoticia.com.br\\\/jaguariaiva\\\/#\\\/schema\\\/logo\\\/image\\\/\",\"url\":\"https:\\\/\\\/mznoticia.com.br\\\/jaguariaiva\\\/wp-content\\\/uploads\\\/2025\\\/03\\\/Design-sem-nome-4-e1741200616392.png\",\"contentUrl\":\"https:\\\/\\\/mznoticia.com.br\\\/jaguariaiva\\\/wp-content\\\/uploads\\\/2025\\\/03\\\/Design-sem-nome-4-e1741200616392.png\",\"width\":750,\"height\":563,\"caption\":\"Mz Not\u00edcia\"},\"image\":{\"@id\":\"https:\\\/\\\/mznoticia.com.br\\\/jaguariaiva\\\/#\\\/schema\\\/logo\\\/image\\\/\"},\"sameAs\":[\"https:\\\/\\\/www.facebook.com\\\/profile.php?id=61573479951222\",\"https:\\\/\\\/www.instagram.com\\\/mz.jaguariaiva\\\/\"]},{\"@type\":\"Person\",\"@id\":\"https:\\\/\\\/mznoticia.com.br\\\/jaguariaiva\\\/#\\\/schema\\\/person\\\/84012d827247b3f42f37b550da79cd03\",\"name\":\"Redacao mz\",\"image\":{\"@type\":\"ImageObject\",\"inLanguage\":\"pt-BR\",\"@id\":\"https:\\\/\\\/mznoticia.com.br\\\/jaguariaiva\\\/wp-content\\\/uploads\\\/2025\\\/02\\\/mznoticia_jaguariaiva_coluna-150x150.png\",\"url\":\"https:\\\/\\\/mznoticia.com.br\\\/jaguariaiva\\\/wp-content\\\/uploads\\\/2025\\\/02\\\/mznoticia_jaguariaiva_coluna-150x150.png\",\"contentUrl\":\"https:\\\/\\\/mznoticia.com.br\\\/jaguariaiva\\\/wp-content\\\/uploads\\\/2025\\\/02\\\/mznoticia_jaguariaiva_coluna-150x150.png\",\"caption\":\"Redacao mz\"},\"sameAs\":[\"http:\\\/\\\/mznoticia.com.br\"],\"url\":\"https:\\\/\\\/mznoticia.com.br\\\/jaguariaiva\\\/author\\\/lucimara\\\/\"}]}<\/script>\n<!-- \/ Yoast SEO plugin. -->","yoast_head_json":{"title":"Porto de Paranagu\u00e1 embarca mais de 127 mil toneladas de a\u00e7\u00facar em opera\u00e7\u00e3o concentrada - Mz Not\u00edcias","description":"Porto de Paranagu\u00e1 embarca mais de 127 mil toneladas de a\u00e7\u00facar em opera\u00e7\u00e3o concentrada, impulsionada pela alta demanda internacional.","robots":{"index":"index","follow":"follow","max-snippet":"max-snippet:-1","max-image-preview":"max-image-preview:large","max-video-preview":"max-video-preview:-1"},"canonical":"https:\/\/mznoticia.com.br\/jaguariaiva\/porto-de-paranagua-embarca-mais-de-127-mil-toneladas-de-acucar-em-operacao-concentrada\/","og_locale":"pt_BR","og_type":"article","og_title":"Porto de Paranagu\u00e1 embarca mais de 127 mil toneladas de a\u00e7\u00facar em opera\u00e7\u00e3o concentrada - Mz Not\u00edcias","og_description":"Porto de Paranagu\u00e1 embarca mais de 127 mil toneladas de a\u00e7\u00facar em opera\u00e7\u00e3o concentrada, impulsionada pela alta demanda internacional.","og_url":"https:\/\/mznoticia.com.br\/jaguariaiva\/porto-de-paranagua-embarca-mais-de-127-mil-toneladas-de-acucar-em-operacao-concentrada\/","og_site_name":"Mz Not\u00edcias","article_publisher":"https:\/\/www.facebook.com\/profile.php?id=61573479951222","article_published_time":"2026-08-25T16:34:30+00:00","og_image":[{"width":1600,"height":1066,"url":"https:\/\/mznoticia.com.br\/jaguariaiva\/wp-content\/uploads\/2026\/08\/10-22.jpg","type":"image\/jpeg"}],"author":"Redacao mz","twitter_card":"summary_large_image","twitter_misc":{"Escrito por":"Redacao mz","Est. tempo de leitura":"2 minutos"},"schema":{"@context":"https:\/\/schema.org","@graph":[{"@type":"Article","@id":"https:\/\/mznoticia.com.br\/jaguariaiva\/porto-de-paranagua-embarca-mais-de-127-mil-toneladas-de-acucar-em-operacao-concentrada\/#article","isPartOf":{"@id":"https:\/\/mznoticia.com.br\/jaguariaiva\/porto-de-paranagua-embarca-mais-de-127-mil-toneladas-de-acucar-em-operacao-concentrada\/"},"author":{"name":"Redacao mz","@id":"https:\/\/mznoticia.com.br\/jaguariaiva\/#\/schema\/person\/84012d827247b3f42f37b550da79cd03"},"headline":"Porto de Paranagu\u00e1 embarca mais de 127 mil toneladas de a\u00e7\u00facar em opera\u00e7\u00e3o concentrada","datePublished":"2026-08-25T16:34:30+00:00","mainEntityOfPage":{"@id":"https:\/\/mznoticia.com.br\/jaguariaiva\/porto-de-paranagua-embarca-mais-de-127-mil-toneladas-de-acucar-em-operacao-concentrada\/"},"wordCount":247,"commentCount":0,"publisher":{"@id":"https:\/\/mznoticia.com.br\/jaguariaiva\/#organization"},"image":{"@id":"https:\/\/mznoticia.com.br\/jaguariaiva\/porto-de-paranagua-embarca-mais-de-127-mil-toneladas-de-acucar-em-operacao-concentrada\/#primaryimage"},"thumbnailUrl":"https:\/\/mznoticia.com.br\/jaguariaiva\/wp-content\/uploads\/2026\/08\/10-22.jpg","keywords":["A\u00e7\u00facar","A\u00e7\u00facar Brasileiro","Agroneg\u00f3cio","Com\u00e9rcio Exterior","Economia","Exporta\u00e7\u00e3o","Exporta\u00e7\u00f5es","parana","Porto de Paranagu\u00e1","Portos do Paran\u00e1"],"articleSection":["Economia"],"inLanguage":"pt-BR","potentialAction":[{"@type":"CommentAction","name":"Comment","target":["https:\/\/mznoticia.com.br\/jaguariaiva\/porto-de-paranagua-embarca-mais-de-127-mil-toneladas-de-acucar-em-operacao-concentrada\/#respond"]}]},{"@type":"WebPage","@id":"https:\/\/mznoticia.com.br\/jaguariaiva\/porto-de-paranagua-embarca-mais-de-127-mil-toneladas-de-acucar-em-operacao-concentrada\/","url":"https:\/\/mznoticia.com.br\/jaguariaiva\/porto-de-paranagua-embarca-mais-de-127-mil-toneladas-de-acucar-em-operacao-concentrada\/","name":"Porto de Paranagu\u00e1 embarca mais de 127 mil toneladas de a\u00e7\u00facar em opera\u00e7\u00e3o concentrada - Mz Not\u00edcias","isPartOf":{"@id":"https:\/\/mznoticia.com.br\/jaguariaiva\/#website"},"primaryImageOfPage":{"@id":"https:\/\/mznoticia.com.br\/jaguariaiva\/porto-de-paranagua-embarca-mais-de-127-mil-toneladas-de-acucar-em-operacao-concentrada\/#primaryimage"},"image":{"@id":"https:\/\/mznoticia.com.br\/jaguariaiva\/porto-de-paranagua-embarca-mais-de-127-mil-toneladas-de-acucar-em-operacao-concentrada\/#primaryimage"},"thumbnailUrl":"https:\/\/mznoticia.com.br\/jaguariaiva\/wp-content\/uploads\/2026\/08\/10-22.jpg","datePublished":"2026-08-25T16:34:30+00:00","description":"Porto de Paranagu\u00e1 embarca mais de 127 mil toneladas de a\u00e7\u00facar em opera\u00e7\u00e3o concentrada, impulsionada pela alta demanda internacional.","breadcrumb":{"@id":"https:\/\/mznoticia.com.br\/jaguariaiva\/porto-de-paranagua-embarca-mais-de-127-mil-toneladas-de-acucar-em-operacao-concentrada\/#breadcrumb"},"inLanguage":"pt-BR","potentialAction":[{"@type":"ReadAction","target":["https:\/\/mznoticia.com.br\/jaguariaiva\/porto-de-paranagua-embarca-mais-de-127-mil-toneladas-de-acucar-em-operacao-concentrada\/"]}]},{"@type":"ImageObject","inLanguage":"pt-BR","@id":"https:\/\/mznoticia.com.br\/jaguariaiva\/porto-de-paranagua-embarca-mais-de-127-mil-toneladas-de-acucar-em-operacao-concentrada\/#primaryimage","url":"https:\/\/mznoticia.com.br\/jaguariaiva\/wp-content\/uploads\/2026\/08\/10-22.jpg","contentUrl":"https:\/\/mznoticia.com.br\/jaguariaiva\/wp-content\/uploads\/2026\/08\/10-22.jpg","width":1600,"height":1066},{"@type":"BreadcrumbList","@id":"https:\/\/mznoticia.com.br\/jaguariaiva\/porto-de-paranagua-embarca-mais-de-127-mil-toneladas-de-acucar-em-operacao-concentrada\/#breadcrumb","itemListElement":[{"@type":"ListItem","position":1,"name":"Home","item":"https:\/\/mznoticia.com.br\/jaguariaiva\/"},{"@type":"ListItem","position":2,"name":"Porto de Paranagu\u00e1 embarca mais de 127 mil toneladas de a\u00e7\u00facar em opera\u00e7\u00e3o concentrada"}]},{"@type":"WebSite","@id":"https:\/\/mznoticia.com.br\/jaguariaiva\/#website","url":"https:\/\/mznoticia.com.br\/jaguariaiva\/","name":"Mz Not\u00edcia","description":"A informa\u00e7\u00e3o que voc\u00ea precisa na hora certa!","publisher":{"@id":"https:\/\/mznoticia.com.br\/jaguariaiva\/#organization"},"potentialAction":[{"@type":"SearchAction","target":{"@type":"EntryPoint","urlTemplate":"https:\/\/mznoticia.com.br\/jaguariaiva\/?s={search_term_string}"},"query-input":{"@type":"PropertyValueSpecification","valueRequired":true,"valueName":"search_term_string"}}],"inLanguage":"pt-BR"},{"@type":"Organization","@id":"https:\/\/mznoticia.com.br\/jaguariaiva\/#organization","name":"Mz Not\u00edcia","url":"https:\/\/mznoticia.com.br\/jaguariaiva\/","logo":{"@type":"ImageObject","inLanguage":"pt-BR","@id":"https:\/\/mznoticia.com.br\/jaguariaiva\/#\/schema\/logo\/image\/","url":"https:\/\/mznoticia.com.br\/jaguariaiva\/wp-content\/uploads\/2025\/03\/Design-sem-nome-4-e1741200616392.png","contentUrl":"https:\/\/mznoticia.com.br\/jaguariaiva\/wp-content\/uploads\/2025\/03\/Design-sem-nome-4-e1741200616392.png","width":750,"height":563,"caption":"Mz Not\u00edcia"},"image":{"@id":"https:\/\/mznoticia.com.br\/jaguariaiva\/#\/schema\/logo\/image\/"},"sameAs":["https:\/\/www.facebook.com\/profile.php?id=61573479951222","https:\/\/www.instagram.com\/mz.jaguariaiva\/"]},{"@type":"Person","@id":"https:\/\/mznoticia.com.br\/jaguariaiva\/#\/schema\/person\/84012d827247b3f42f37b550da79cd03","name":"Redacao mz","image":{"@type":"ImageObject","inLanguage":"pt-BR","@id":"https:\/\/mznoticia.com.br\/jaguariaiva\/wp-content\/uploads\/2025\/02\/mznoticia_jaguariaiva_coluna-150x150.png","url":"https:\/\/mznoticia.com.br\/jaguariaiva\/wp-content\/uploads\/2025\/02\/mznoticia_jaguariaiva_coluna-150x150.png","contentUrl":"https:\/\/mznoticia.com.br\/jaguariaiva\/wp-content\/uploads\/2025\/02\/mznoticia_jaguariaiva_coluna-150x150.png","caption":"Redacao mz"},"sameAs":["http:\/\/mznoticia.com.br"],"url":"https:\/\/mznoticia.com.br\/jaguariaiva\/author\/lucimara\/"}]}},"_links":{"self":[{"href":"https:\/\/mznoticia.com.br\/jaguariaiva\/wp-json\/wp\/v2\/posts\/7031","targetHints":{"allow":["GET"]}}],"collection":[{"href":"https:\/\/mznoticia.com.br\/jaguariaiva\/wp-json\/wp\/v2\/posts"}],"about":[{"href":"https:\/\/mznoticia.com.br\/jaguariaiva\/wp-json\/wp\/v2\/types\/post"}],"author":[{"embeddable":true,"href":"https:\/\/mznoticia.com.br\/jaguariaiva\/wp-json\/wp\/v2\/users\/16"}],"replies":[{"embeddable":true,"href":"https:\/\/mznoticia.com.br\/jaguariaiva\/wp-json\/wp\/v2\/comments?post=7031"}],"version-history":[{"count":1,"href":"https:\/\/mznoticia.com.br\/jaguariaiva\/wp-json\/wp\/v2\/posts\/7031\/revisions"}],"predecessor-version":[{"id":7033,"href":"https:\/\/mznoticia.com.br\/jaguariaiva\/wp-json\/wp\/v2\/posts\/7031\/revisions\/7033"}],"wp:featuredmedia":[{"embeddable":true,"href":"https:\/\/mznoticia.com.br\/jaguariaiva\/wp-json\/wp\/v2\/media\/7032"}],"wp:attachment":[{"href":"https:\/\/mznoticia.com.br\/jaguariaiva\/wp-json\/wp\/v2\/media?parent=7031"}],"wp:term":[{"taxonomy":"category","embeddable":true,"href":"https:\/\/mznoticia.com.br\/jaguariaiva\/wp-json\/wp\/v2\/categories?post=7031"},{"taxonomy":"post_tag","embeddable":true,"href":"https:\/\/mznoticia.com.br\/jaguariaiva\/wp-json\/wp\/v2\/tags?post=7031"}],"curies":[{"name":"wp","href":"https:\/\/api.w.org\/{rel}","templated":true}]}}