{"id":7037,"date":"2026-08-25T17:20:24","date_gmt":"2026-08-25T17:20:24","guid":{"rendered":"https:\/\/mznoticia.com.br\/jaguariaiva\/?p=7037"},"modified":"2026-08-25T17:20:24","modified_gmt":"2026-08-25T17:20:24","slug":"estudo-sugere-que-evolucao-do-cerebro-humano-pode-ter-aumentado-vulnerabilidade-ao-autismo","status":"publish","type":"post","link":"https:\/\/mznoticia.com.br\/jaguariaiva\/estudo-sugere-que-evolucao-do-cerebro-humano-pode-ter-aumentado-vulnerabilidade-ao-autismo\/","title":{"rendered":"Estudo sugere que evolu\u00e7\u00e3o do c\u00e9rebro humano pode ter aumentado vulnerabilidade ao autismo"},"content":{"rendered":"<h2 class=\"PDq2pG_selectionAnchorContainer\" data-section-id=\"94vugv\" data-start=\"94\" data-end=\"308\">Pesquisa de cientistas da Universidade de Stanford aponta que mudan\u00e7as aceleradas em determinados neur\u00f4nios podem ter contribu\u00eddo para tornar o c\u00e9rebro humano mais complexo, mas tamb\u00e9m mais suscet\u00edvel ao autismo<\/h2>\n<p data-start=\"310\" data-end=\"683\">Um estudo realizado por pesquisadores da Universidade de Stanford, nos Estados Unidos, prop\u00f5e uma nova hip\u00f3tese sobre a rela\u00e7\u00e3o entre a evolu\u00e7\u00e3o do c\u00e9rebro humano e o autismo. Segundo a pesquisa, algumas mudan\u00e7as que ajudaram a desenvolver capacidades cognitivas caracter\u00edsticas dos seres humanos tamb\u00e9m podem ter aumentado a vulnerabilidade a condi\u00e7\u00f5es neuropsiqui\u00e1tricas.<\/p>\n<p data-start=\"685\" data-end=\"959\">Os cientistas analisaram um tipo espec\u00edfico de neur\u00f4nio, conhecido como L2\/3 IT, localizado nas camadas mais externas do c\u00f3rtex cerebral. Essa regi\u00e3o est\u00e1 relacionada a fun\u00e7\u00f5es complexas, como linguagem, mem\u00f3ria, racioc\u00ednio, resolu\u00e7\u00e3o de problemas e pensamento abstrato.<\/p>\n<p data-start=\"961\" data-end=\"1306\">A pesquisa comparou dados de diferentes esp\u00e9cies de mam\u00edferos e analisou a atividade gen\u00e9tica de mais de 1 milh\u00e3o de neur\u00f4nios. Os resultados indicaram que, embora os neur\u00f4nios mais numerosos normalmente apresentem maior conserva\u00e7\u00e3o gen\u00e9tica ao longo da evolu\u00e7\u00e3o, os L2\/3 IT tiveram uma evolu\u00e7\u00e3o particularmente acelerada na linhagem humana.<\/p>\n<h3 data-section-id=\"1fnojog\" data-start=\"1308\" data-end=\"1358\">Mudan\u00e7as podem ter aumentado a vulnerabilidade<\/h3>\n<p data-start=\"1360\" data-end=\"1531\">Os pesquisadores Alexander Starr e Hunter Fraser observaram que a evolu\u00e7\u00e3o desses neur\u00f4nios ocorreu acompanhada de altera\u00e7\u00f5es coordenadas em genes relacionados ao autismo.<\/p>\n<p data-start=\"1533\" data-end=\"1849\">Entre os resultados, houve uma redu\u00e7\u00e3o significativa na express\u00e3o de 34 genes associados ao autismo. A hip\u00f3tese levantada \u00e9 que algumas dessas mudan\u00e7as tenham contribu\u00eddo para vantagens relacionadas ao desenvolvimento do c\u00e9rebro humano, mas, ao mesmo tempo, reduzido uma esp\u00e9cie de margem de seguran\u00e7a biol\u00f3gica.<\/p>\n<p data-start=\"1851\" data-end=\"2009\">Isso significa que altera\u00e7\u00f5es gen\u00e9ticas que poderiam n\u00e3o provocar efeitos importantes em outras esp\u00e9cies podem ter consequ\u00eancias diferentes no c\u00e9rebro humano.<\/p>\n<h3 data-section-id=\"wacru1\" data-start=\"2011\" data-end=\"2039\">O que o estudo descobriu<\/h3>\n<p data-start=\"2041\" data-end=\"2192\">A equipe utilizou t\u00e9cnicas de an\u00e1lise de express\u00e3o g\u00eanica em c\u00e9lulas individuais para comparar neur\u00f4nios de diferentes esp\u00e9cies e regi\u00f5es do neoc\u00f3rtex.<\/p>\n<p data-start=\"2194\" data-end=\"2432\">Os pesquisadores identificaram que os neur\u00f4nios L2\/3 IT, apesar de serem abundantes e importantes para o funcionamento cerebral, apresentaram uma evolu\u00e7\u00e3o mais r\u00e1pida nos seres humanos do que em outros primatas, como chimpanz\u00e9s e gorilas.<\/p>\n<p data-start=\"2434\" data-end=\"2629\">O estudo sugere, portanto, que determinadas caracter\u00edsticas que tornaram o c\u00e9rebro humano mais sofisticado podem ter vindo acompanhadas de um aumento da vulnerabilidade a altera\u00e7\u00f5es neurol\u00f3gicas.<\/p>\n<h3 data-section-id=\"v5poli\" data-start=\"2631\" data-end=\"2667\">Nova perspectiva sobre o autismo<\/h3>\n<p data-start=\"2669\" data-end=\"2917\">Os autores ressaltam que a pesquisa n\u00e3o significa que a evolu\u00e7\u00e3o seja a causa direta do autismo, nem que exista uma \u00fanica explica\u00e7\u00e3o para o transtorno. O autismo \u00e9 uma condi\u00e7\u00e3o complexa, influenciada por diversos fatores gen\u00e9ticos e biol\u00f3gicos.<\/p>\n<p data-start=\"2919\" data-end=\"3053\">A proposta \u00e9 compreender melhor por que determinadas altera\u00e7\u00f5es cerebrais s\u00e3o mais comuns ou t\u00eam efeitos diferentes nos seres humanos.<\/p>\n<p data-start=\"3055\" data-end=\"3254\">A pesquisa tamb\u00e9m apresenta uma perspectiva de \u201ctroca evolutiva\u201d: caracter\u00edsticas que proporcionaram benef\u00edcios para determinadas fun\u00e7\u00f5es do c\u00e9rebro podem ter vindo acompanhadas de riscos adicionais.<\/p>\n<h3 data-section-id=\"1to39a\" data-start=\"3256\" data-end=\"3277\">Pesquisas futuras<\/h3>\n<p data-start=\"3279\" data-end=\"3406\">Os resultados podem abrir novas linhas de investiga\u00e7\u00e3o sobre a rela\u00e7\u00e3o entre evolu\u00e7\u00e3o, gen\u00e9tica e condi\u00e7\u00f5es neuropsiqui\u00e1tricas.<\/p>\n<p data-start=\"3408\" data-end=\"3724\">Segundo os pesquisadores, as hip\u00f3teses poder\u00e3o ser testadas futuramente em c\u00e9lulas, organoides e outros modelos experimentais. Esse tipo de investiga\u00e7\u00e3o pode ajudar a identificar mecanismos relacionados ao autismo e, no futuro, contribuir para o desenvolvimento de poss\u00edveis biomarcadores e estrat\u00e9gias terap\u00eauticas.<\/p>\n<p data-start=\"3726\" data-end=\"3964\" data-is-last-node=\"\" data-is-only-node=\"\">O estudo foi publicado na revista cient\u00edfica Molecular Biology and Evolution e amplia a compreens\u00e3o sobre como as mudan\u00e7as que tornaram o c\u00e9rebro humano \u00fanico tamb\u00e9m podem ter influenciado sua vulnerabilidade a determinadas condi\u00e7\u00f5es.<\/p>\n","protected":false},"excerpt":{"rendered":"<p>Pesquisa de cientistas da Universidade de Stanford aponta que mudan\u00e7as aceleradas em determinados neur\u00f4nios podem ter contribu\u00eddo para tornar o c\u00e9rebro humano mais complexo, mas tamb\u00e9m mais suscet\u00edvel ao autismo Um estudo realizado por pesquisadores da Universidade de Stanford, nos Estados Unidos, prop\u00f5e uma nova hip\u00f3tese sobre a rela\u00e7\u00e3o entre a evolu\u00e7\u00e3o do c\u00e9rebro humano [&hellip;]<\/p>\n","protected":false},"author":16,"featured_media":7038,"comment_status":"open","ping_status":"open","sticky":false,"template":"","format":"standard","meta":{"footnotes":""},"categories":[12],"tags":[1189,2676,824,2684,2677,2680,2681,2679,2678,70,2683,2682],"class_list":["post-7037","post","type-post","status-publish","format-standard","has-post-thumbnail","hentry","category-geral","tag-autismo","tag-cerebro-humano","tag-ciencia","tag-estudo-cientifico","tag-evolucao","tag-genetica","tag-neurociencia","tag-neuronios","tag-pesquisa-cientifica","tag-saude","tag-stanford","tag-transtorno-do-espectro-autista"],"yoast_head":"<!-- This site is optimized with the Yoast SEO plugin v28.1 - https:\/\/yoast.com\/product\/yoast-seo-wordpress\/ -->\n<title>Estudo sugere que evolu\u00e7\u00e3o do c\u00e9rebro humano pode ter aumentado vulnerabilidade ao autismo - Mz Not\u00edcias<\/title>\n<meta name=\"description\" content=\"Pesquisa de Stanford aponta que a evolu\u00e7\u00e3o acelerada de neur\u00f4nios do c\u00f3rtex humano pode estar ligada ao aumento da vulnerabilidade ao autismo.\" \/>\n<meta name=\"robots\" content=\"index, follow, max-snippet:-1, max-image-preview:large, max-video-preview:-1\" \/>\n<link rel=\"canonical\" href=\"https:\/\/mznoticia.com.br\/jaguariaiva\/estudo-sugere-que-evolucao-do-cerebro-humano-pode-ter-aumentado-vulnerabilidade-ao-autismo\/\" \/>\n<meta property=\"og:locale\" content=\"pt_BR\" \/>\n<meta property=\"og:type\" content=\"article\" \/>\n<meta property=\"og:title\" content=\"Estudo sugere que evolu\u00e7\u00e3o do c\u00e9rebro humano pode ter aumentado vulnerabilidade ao autismo - Mz Not\u00edcias\" \/>\n<meta property=\"og:description\" content=\"Pesquisa de Stanford aponta que a evolu\u00e7\u00e3o acelerada de neur\u00f4nios do c\u00f3rtex humano pode estar ligada ao aumento da vulnerabilidade ao autismo.\" \/>\n<meta property=\"og:url\" content=\"https:\/\/mznoticia.com.br\/jaguariaiva\/estudo-sugere-que-evolucao-do-cerebro-humano-pode-ter-aumentado-vulnerabilidade-ao-autismo\/\" \/>\n<meta property=\"og:site_name\" content=\"Mz Not\u00edcias\" \/>\n<meta property=\"article:publisher\" content=\"https:\/\/www.facebook.com\/profile.php?id=61573479951222\" \/>\n<meta property=\"article:published_time\" content=\"2026-08-25T17:20:24+00:00\" \/>\n<meta property=\"og:image\" content=\"https:\/\/mznoticia.com.br\/jaguariaiva\/wp-content\/uploads\/2026\/08\/10-23.jpg\" \/>\n\t<meta property=\"og:image:width\" content=\"576\" \/>\n\t<meta property=\"og:image:height\" content=\"384\" \/>\n\t<meta property=\"og:image:type\" content=\"image\/jpeg\" \/>\n<meta name=\"author\" content=\"Redacao mz\" \/>\n<meta name=\"twitter:card\" content=\"summary_large_image\" \/>\n<meta name=\"twitter:label1\" content=\"Escrito por\" \/>\n\t<meta name=\"twitter:data1\" content=\"Redacao mz\" \/>\n\t<meta name=\"twitter:label2\" content=\"Est. tempo de leitura\" \/>\n\t<meta name=\"twitter:data2\" content=\"4 minutos\" \/>\n<script type=\"application\/ld+json\" class=\"yoast-schema-graph\">{\"@context\":\"https:\\\/\\\/schema.org\",\"@graph\":[{\"@type\":\"Article\",\"@id\":\"https:\\\/\\\/mznoticia.com.br\\\/jaguariaiva\\\/estudo-sugere-que-evolucao-do-cerebro-humano-pode-ter-aumentado-vulnerabilidade-ao-autismo\\\/#article\",\"isPartOf\":{\"@id\":\"https:\\\/\\\/mznoticia.com.br\\\/jaguariaiva\\\/estudo-sugere-que-evolucao-do-cerebro-humano-pode-ter-aumentado-vulnerabilidade-ao-autismo\\\/\"},\"author\":{\"name\":\"Redacao mz\",\"@id\":\"https:\\\/\\\/mznoticia.com.br\\\/jaguariaiva\\\/#\\\/schema\\\/person\\\/84012d827247b3f42f37b550da79cd03\"},\"headline\":\"Estudo sugere que evolu\u00e7\u00e3o do c\u00e9rebro humano pode ter aumentado vulnerabilidade ao autismo\",\"datePublished\":\"2026-08-25T17:20:24+00:00\",\"mainEntityOfPage\":{\"@id\":\"https:\\\/\\\/mznoticia.com.br\\\/jaguariaiva\\\/estudo-sugere-que-evolucao-do-cerebro-humano-pode-ter-aumentado-vulnerabilidade-ao-autismo\\\/\"},\"wordCount\":648,\"commentCount\":0,\"publisher\":{\"@id\":\"https:\\\/\\\/mznoticia.com.br\\\/jaguariaiva\\\/#organization\"},\"image\":{\"@id\":\"https:\\\/\\\/mznoticia.com.br\\\/jaguariaiva\\\/estudo-sugere-que-evolucao-do-cerebro-humano-pode-ter-aumentado-vulnerabilidade-ao-autismo\\\/#primaryimage\"},\"thumbnailUrl\":\"https:\\\/\\\/mznoticia.com.br\\\/jaguariaiva\\\/wp-content\\\/uploads\\\/2026\\\/08\\\/10-23.jpg\",\"keywords\":[\"#Autismo\",\"c\u00e9rebro humano\",\"Ci\u00eancia\",\"estudo cient\u00edfico\",\"evolu\u00e7\u00e3o\",\"gen\u00e9tica\",\"neuroci\u00eancia\",\"neur\u00f4nios\",\"pesquisa cient\u00edfica\",\"saude\",\"Stanford\",\"transtorno do espectro autista\"],\"articleSection\":[\"Geral\"],\"inLanguage\":\"pt-BR\",\"potentialAction\":[{\"@type\":\"CommentAction\",\"name\":\"Comment\",\"target\":[\"https:\\\/\\\/mznoticia.com.br\\\/jaguariaiva\\\/estudo-sugere-que-evolucao-do-cerebro-humano-pode-ter-aumentado-vulnerabilidade-ao-autismo\\\/#respond\"]}]},{\"@type\":\"WebPage\",\"@id\":\"https:\\\/\\\/mznoticia.com.br\\\/jaguariaiva\\\/estudo-sugere-que-evolucao-do-cerebro-humano-pode-ter-aumentado-vulnerabilidade-ao-autismo\\\/\",\"url\":\"https:\\\/\\\/mznoticia.com.br\\\/jaguariaiva\\\/estudo-sugere-que-evolucao-do-cerebro-humano-pode-ter-aumentado-vulnerabilidade-ao-autismo\\\/\",\"name\":\"Estudo sugere que evolu\u00e7\u00e3o do c\u00e9rebro humano pode ter aumentado vulnerabilidade ao autismo - Mz Not\u00edcias\",\"isPartOf\":{\"@id\":\"https:\\\/\\\/mznoticia.com.br\\\/jaguariaiva\\\/#website\"},\"primaryImageOfPage\":{\"@id\":\"https:\\\/\\\/mznoticia.com.br\\\/jaguariaiva\\\/estudo-sugere-que-evolucao-do-cerebro-humano-pode-ter-aumentado-vulnerabilidade-ao-autismo\\\/#primaryimage\"},\"image\":{\"@id\":\"https:\\\/\\\/mznoticia.com.br\\\/jaguariaiva\\\/estudo-sugere-que-evolucao-do-cerebro-humano-pode-ter-aumentado-vulnerabilidade-ao-autismo\\\/#primaryimage\"},\"thumbnailUrl\":\"https:\\\/\\\/mznoticia.com.br\\\/jaguariaiva\\\/wp-content\\\/uploads\\\/2026\\\/08\\\/10-23.jpg\",\"datePublished\":\"2026-08-25T17:20:24+00:00\",\"description\":\"Pesquisa de Stanford aponta que a evolu\u00e7\u00e3o acelerada de neur\u00f4nios do c\u00f3rtex humano pode estar ligada ao aumento da vulnerabilidade ao autismo.\",\"breadcrumb\":{\"@id\":\"https:\\\/\\\/mznoticia.com.br\\\/jaguariaiva\\\/estudo-sugere-que-evolucao-do-cerebro-humano-pode-ter-aumentado-vulnerabilidade-ao-autismo\\\/#breadcrumb\"},\"inLanguage\":\"pt-BR\",\"potentialAction\":[{\"@type\":\"ReadAction\",\"target\":[\"https:\\\/\\\/mznoticia.com.br\\\/jaguariaiva\\\/estudo-sugere-que-evolucao-do-cerebro-humano-pode-ter-aumentado-vulnerabilidade-ao-autismo\\\/\"]}]},{\"@type\":\"ImageObject\",\"inLanguage\":\"pt-BR\",\"@id\":\"https:\\\/\\\/mznoticia.com.br\\\/jaguariaiva\\\/estudo-sugere-que-evolucao-do-cerebro-humano-pode-ter-aumentado-vulnerabilidade-ao-autismo\\\/#primaryimage\",\"url\":\"https:\\\/\\\/mznoticia.com.br\\\/jaguariaiva\\\/wp-content\\\/uploads\\\/2026\\\/08\\\/10-23.jpg\",\"contentUrl\":\"https:\\\/\\\/mznoticia.com.br\\\/jaguariaiva\\\/wp-content\\\/uploads\\\/2026\\\/08\\\/10-23.jpg\",\"width\":576,\"height\":384},{\"@type\":\"BreadcrumbList\",\"@id\":\"https:\\\/\\\/mznoticia.com.br\\\/jaguariaiva\\\/estudo-sugere-que-evolucao-do-cerebro-humano-pode-ter-aumentado-vulnerabilidade-ao-autismo\\\/#breadcrumb\",\"itemListElement\":[{\"@type\":\"ListItem\",\"position\":1,\"name\":\"Home\",\"item\":\"https:\\\/\\\/mznoticia.com.br\\\/jaguariaiva\\\/\"},{\"@type\":\"ListItem\",\"position\":2,\"name\":\"Estudo sugere que evolu\u00e7\u00e3o do c\u00e9rebro humano pode ter aumentado vulnerabilidade ao autismo\"}]},{\"@type\":\"WebSite\",\"@id\":\"https:\\\/\\\/mznoticia.com.br\\\/jaguariaiva\\\/#website\",\"url\":\"https:\\\/\\\/mznoticia.com.br\\\/jaguariaiva\\\/\",\"name\":\"Mz Not\u00edcia\",\"description\":\"A informa\u00e7\u00e3o que voc\u00ea precisa na hora certa!\",\"publisher\":{\"@id\":\"https:\\\/\\\/mznoticia.com.br\\\/jaguariaiva\\\/#organization\"},\"potentialAction\":[{\"@type\":\"SearchAction\",\"target\":{\"@type\":\"EntryPoint\",\"urlTemplate\":\"https:\\\/\\\/mznoticia.com.br\\\/jaguariaiva\\\/?s={search_term_string}\"},\"query-input\":{\"@type\":\"PropertyValueSpecification\",\"valueRequired\":true,\"valueName\":\"search_term_string\"}}],\"inLanguage\":\"pt-BR\"},{\"@type\":\"Organization\",\"@id\":\"https:\\\/\\\/mznoticia.com.br\\\/jaguariaiva\\\/#organization\",\"name\":\"Mz Not\u00edcia\",\"url\":\"https:\\\/\\\/mznoticia.com.br\\\/jaguariaiva\\\/\",\"logo\":{\"@type\":\"ImageObject\",\"inLanguage\":\"pt-BR\",\"@id\":\"https:\\\/\\\/mznoticia.com.br\\\/jaguariaiva\\\/#\\\/schema\\\/logo\\\/image\\\/\",\"url\":\"https:\\\/\\\/mznoticia.com.br\\\/jaguariaiva\\\/wp-content\\\/uploads\\\/2025\\\/03\\\/Design-sem-nome-4-e1741200616392.png\",\"contentUrl\":\"https:\\\/\\\/mznoticia.com.br\\\/jaguariaiva\\\/wp-content\\\/uploads\\\/2025\\\/03\\\/Design-sem-nome-4-e1741200616392.png\",\"width\":750,\"height\":563,\"caption\":\"Mz Not\u00edcia\"},\"image\":{\"@id\":\"https:\\\/\\\/mznoticia.com.br\\\/jaguariaiva\\\/#\\\/schema\\\/logo\\\/image\\\/\"},\"sameAs\":[\"https:\\\/\\\/www.facebook.com\\\/profile.php?id=61573479951222\",\"https:\\\/\\\/www.instagram.com\\\/mz.jaguariaiva\\\/\"]},{\"@type\":\"Person\",\"@id\":\"https:\\\/\\\/mznoticia.com.br\\\/jaguariaiva\\\/#\\\/schema\\\/person\\\/84012d827247b3f42f37b550da79cd03\",\"name\":\"Redacao mz\",\"image\":{\"@type\":\"ImageObject\",\"inLanguage\":\"pt-BR\",\"@id\":\"https:\\\/\\\/mznoticia.com.br\\\/jaguariaiva\\\/wp-content\\\/uploads\\\/2025\\\/02\\\/mznoticia_jaguariaiva_coluna-150x150.png\",\"url\":\"https:\\\/\\\/mznoticia.com.br\\\/jaguariaiva\\\/wp-content\\\/uploads\\\/2025\\\/02\\\/mznoticia_jaguariaiva_coluna-150x150.png\",\"contentUrl\":\"https:\\\/\\\/mznoticia.com.br\\\/jaguariaiva\\\/wp-content\\\/uploads\\\/2025\\\/02\\\/mznoticia_jaguariaiva_coluna-150x150.png\",\"caption\":\"Redacao mz\"},\"sameAs\":[\"http:\\\/\\\/mznoticia.com.br\"],\"url\":\"https:\\\/\\\/mznoticia.com.br\\\/jaguariaiva\\\/author\\\/lucimara\\\/\"}]}<\/script>\n<!-- \/ Yoast SEO plugin. -->","yoast_head_json":{"title":"Estudo sugere que evolu\u00e7\u00e3o do c\u00e9rebro humano pode ter aumentado vulnerabilidade ao autismo - Mz Not\u00edcias","description":"Pesquisa de Stanford aponta que a evolu\u00e7\u00e3o acelerada de neur\u00f4nios do c\u00f3rtex humano pode estar ligada ao aumento da vulnerabilidade ao autismo.","robots":{"index":"index","follow":"follow","max-snippet":"max-snippet:-1","max-image-preview":"max-image-preview:large","max-video-preview":"max-video-preview:-1"},"canonical":"https:\/\/mznoticia.com.br\/jaguariaiva\/estudo-sugere-que-evolucao-do-cerebro-humano-pode-ter-aumentado-vulnerabilidade-ao-autismo\/","og_locale":"pt_BR","og_type":"article","og_title":"Estudo sugere que evolu\u00e7\u00e3o do c\u00e9rebro humano pode ter aumentado vulnerabilidade ao autismo - Mz Not\u00edcias","og_description":"Pesquisa de Stanford aponta que a evolu\u00e7\u00e3o acelerada de neur\u00f4nios do c\u00f3rtex humano pode estar ligada ao aumento da vulnerabilidade ao autismo.","og_url":"https:\/\/mznoticia.com.br\/jaguariaiva\/estudo-sugere-que-evolucao-do-cerebro-humano-pode-ter-aumentado-vulnerabilidade-ao-autismo\/","og_site_name":"Mz Not\u00edcias","article_publisher":"https:\/\/www.facebook.com\/profile.php?id=61573479951222","article_published_time":"2026-08-25T17:20:24+00:00","og_image":[{"width":576,"height":384,"url":"https:\/\/mznoticia.com.br\/jaguariaiva\/wp-content\/uploads\/2026\/08\/10-23.jpg","type":"image\/jpeg"}],"author":"Redacao mz","twitter_card":"summary_large_image","twitter_misc":{"Escrito por":"Redacao mz","Est. tempo de leitura":"4 minutos"},"schema":{"@context":"https:\/\/schema.org","@graph":[{"@type":"Article","@id":"https:\/\/mznoticia.com.br\/jaguariaiva\/estudo-sugere-que-evolucao-do-cerebro-humano-pode-ter-aumentado-vulnerabilidade-ao-autismo\/#article","isPartOf":{"@id":"https:\/\/mznoticia.com.br\/jaguariaiva\/estudo-sugere-que-evolucao-do-cerebro-humano-pode-ter-aumentado-vulnerabilidade-ao-autismo\/"},"author":{"name":"Redacao mz","@id":"https:\/\/mznoticia.com.br\/jaguariaiva\/#\/schema\/person\/84012d827247b3f42f37b550da79cd03"},"headline":"Estudo sugere que evolu\u00e7\u00e3o do c\u00e9rebro humano pode ter aumentado vulnerabilidade ao autismo","datePublished":"2026-08-25T17:20:24+00:00","mainEntityOfPage":{"@id":"https:\/\/mznoticia.com.br\/jaguariaiva\/estudo-sugere-que-evolucao-do-cerebro-humano-pode-ter-aumentado-vulnerabilidade-ao-autismo\/"},"wordCount":648,"commentCount":0,"publisher":{"@id":"https:\/\/mznoticia.com.br\/jaguariaiva\/#organization"},"image":{"@id":"https:\/\/mznoticia.com.br\/jaguariaiva\/estudo-sugere-que-evolucao-do-cerebro-humano-pode-ter-aumentado-vulnerabilidade-ao-autismo\/#primaryimage"},"thumbnailUrl":"https:\/\/mznoticia.com.br\/jaguariaiva\/wp-content\/uploads\/2026\/08\/10-23.jpg","keywords":["#Autismo","c\u00e9rebro humano","Ci\u00eancia","estudo cient\u00edfico","evolu\u00e7\u00e3o","gen\u00e9tica","neuroci\u00eancia","neur\u00f4nios","pesquisa cient\u00edfica","saude","Stanford","transtorno do espectro autista"],"articleSection":["Geral"],"inLanguage":"pt-BR","potentialAction":[{"@type":"CommentAction","name":"Comment","target":["https:\/\/mznoticia.com.br\/jaguariaiva\/estudo-sugere-que-evolucao-do-cerebro-humano-pode-ter-aumentado-vulnerabilidade-ao-autismo\/#respond"]}]},{"@type":"WebPage","@id":"https:\/\/mznoticia.com.br\/jaguariaiva\/estudo-sugere-que-evolucao-do-cerebro-humano-pode-ter-aumentado-vulnerabilidade-ao-autismo\/","url":"https:\/\/mznoticia.com.br\/jaguariaiva\/estudo-sugere-que-evolucao-do-cerebro-humano-pode-ter-aumentado-vulnerabilidade-ao-autismo\/","name":"Estudo sugere que evolu\u00e7\u00e3o do c\u00e9rebro humano pode ter aumentado vulnerabilidade ao autismo - Mz Not\u00edcias","isPartOf":{"@id":"https:\/\/mznoticia.com.br\/jaguariaiva\/#website"},"primaryImageOfPage":{"@id":"https:\/\/mznoticia.com.br\/jaguariaiva\/estudo-sugere-que-evolucao-do-cerebro-humano-pode-ter-aumentado-vulnerabilidade-ao-autismo\/#primaryimage"},"image":{"@id":"https:\/\/mznoticia.com.br\/jaguariaiva\/estudo-sugere-que-evolucao-do-cerebro-humano-pode-ter-aumentado-vulnerabilidade-ao-autismo\/#primaryimage"},"thumbnailUrl":"https:\/\/mznoticia.com.br\/jaguariaiva\/wp-content\/uploads\/2026\/08\/10-23.jpg","datePublished":"2026-08-25T17:20:24+00:00","description":"Pesquisa de Stanford aponta que a evolu\u00e7\u00e3o acelerada de neur\u00f4nios do c\u00f3rtex humano pode estar ligada ao aumento da vulnerabilidade ao autismo.","breadcrumb":{"@id":"https:\/\/mznoticia.com.br\/jaguariaiva\/estudo-sugere-que-evolucao-do-cerebro-humano-pode-ter-aumentado-vulnerabilidade-ao-autismo\/#breadcrumb"},"inLanguage":"pt-BR","potentialAction":[{"@type":"ReadAction","target":["https:\/\/mznoticia.com.br\/jaguariaiva\/estudo-sugere-que-evolucao-do-cerebro-humano-pode-ter-aumentado-vulnerabilidade-ao-autismo\/"]}]},{"@type":"ImageObject","inLanguage":"pt-BR","@id":"https:\/\/mznoticia.com.br\/jaguariaiva\/estudo-sugere-que-evolucao-do-cerebro-humano-pode-ter-aumentado-vulnerabilidade-ao-autismo\/#primaryimage","url":"https:\/\/mznoticia.com.br\/jaguariaiva\/wp-content\/uploads\/2026\/08\/10-23.jpg","contentUrl":"https:\/\/mznoticia.com.br\/jaguariaiva\/wp-content\/uploads\/2026\/08\/10-23.jpg","width":576,"height":384},{"@type":"BreadcrumbList","@id":"https:\/\/mznoticia.com.br\/jaguariaiva\/estudo-sugere-que-evolucao-do-cerebro-humano-pode-ter-aumentado-vulnerabilidade-ao-autismo\/#breadcrumb","itemListElement":[{"@type":"ListItem","position":1,"name":"Home","item":"https:\/\/mznoticia.com.br\/jaguariaiva\/"},{"@type":"ListItem","position":2,"name":"Estudo sugere que evolu\u00e7\u00e3o do c\u00e9rebro humano pode ter aumentado vulnerabilidade ao autismo"}]},{"@type":"WebSite","@id":"https:\/\/mznoticia.com.br\/jaguariaiva\/#website","url":"https:\/\/mznoticia.com.br\/jaguariaiva\/","name":"Mz Not\u00edcia","description":"A informa\u00e7\u00e3o que voc\u00ea precisa na hora certa!","publisher":{"@id":"https:\/\/mznoticia.com.br\/jaguariaiva\/#organization"},"potentialAction":[{"@type":"SearchAction","target":{"@type":"EntryPoint","urlTemplate":"https:\/\/mznoticia.com.br\/jaguariaiva\/?s={search_term_string}"},"query-input":{"@type":"PropertyValueSpecification","valueRequired":true,"valueName":"search_term_string"}}],"inLanguage":"pt-BR"},{"@type":"Organization","@id":"https:\/\/mznoticia.com.br\/jaguariaiva\/#organization","name":"Mz Not\u00edcia","url":"https:\/\/mznoticia.com.br\/jaguariaiva\/","logo":{"@type":"ImageObject","inLanguage":"pt-BR","@id":"https:\/\/mznoticia.com.br\/jaguariaiva\/#\/schema\/logo\/image\/","url":"https:\/\/mznoticia.com.br\/jaguariaiva\/wp-content\/uploads\/2025\/03\/Design-sem-nome-4-e1741200616392.png","contentUrl":"https:\/\/mznoticia.com.br\/jaguariaiva\/wp-content\/uploads\/2025\/03\/Design-sem-nome-4-e1741200616392.png","width":750,"height":563,"caption":"Mz Not\u00edcia"},"image":{"@id":"https:\/\/mznoticia.com.br\/jaguariaiva\/#\/schema\/logo\/image\/"},"sameAs":["https:\/\/www.facebook.com\/profile.php?id=61573479951222","https:\/\/www.instagram.com\/mz.jaguariaiva\/"]},{"@type":"Person","@id":"https:\/\/mznoticia.com.br\/jaguariaiva\/#\/schema\/person\/84012d827247b3f42f37b550da79cd03","name":"Redacao mz","image":{"@type":"ImageObject","inLanguage":"pt-BR","@id":"https:\/\/mznoticia.com.br\/jaguariaiva\/wp-content\/uploads\/2025\/02\/mznoticia_jaguariaiva_coluna-150x150.png","url":"https:\/\/mznoticia.com.br\/jaguariaiva\/wp-content\/uploads\/2025\/02\/mznoticia_jaguariaiva_coluna-150x150.png","contentUrl":"https:\/\/mznoticia.com.br\/jaguariaiva\/wp-content\/uploads\/2025\/02\/mznoticia_jaguariaiva_coluna-150x150.png","caption":"Redacao mz"},"sameAs":["http:\/\/mznoticia.com.br"],"url":"https:\/\/mznoticia.com.br\/jaguariaiva\/author\/lucimara\/"}]}},"_links":{"self":[{"href":"https:\/\/mznoticia.com.br\/jaguariaiva\/wp-json\/wp\/v2\/posts\/7037","targetHints":{"allow":["GET"]}}],"collection":[{"href":"https:\/\/mznoticia.com.br\/jaguariaiva\/wp-json\/wp\/v2\/posts"}],"about":[{"href":"https:\/\/mznoticia.com.br\/jaguariaiva\/wp-json\/wp\/v2\/types\/post"}],"author":[{"embeddable":true,"href":"https:\/\/mznoticia.com.br\/jaguariaiva\/wp-json\/wp\/v2\/users\/16"}],"replies":[{"embeddable":true,"href":"https:\/\/mznoticia.com.br\/jaguariaiva\/wp-json\/wp\/v2\/comments?post=7037"}],"version-history":[{"count":1,"href":"https:\/\/mznoticia.com.br\/jaguariaiva\/wp-json\/wp\/v2\/posts\/7037\/revisions"}],"predecessor-version":[{"id":7039,"href":"https:\/\/mznoticia.com.br\/jaguariaiva\/wp-json\/wp\/v2\/posts\/7037\/revisions\/7039"}],"wp:featuredmedia":[{"embeddable":true,"href":"https:\/\/mznoticia.com.br\/jaguariaiva\/wp-json\/wp\/v2\/media\/7038"}],"wp:attachment":[{"href":"https:\/\/mznoticia.com.br\/jaguariaiva\/wp-json\/wp\/v2\/media?parent=7037"}],"wp:term":[{"taxonomy":"category","embeddable":true,"href":"https:\/\/mznoticia.com.br\/jaguariaiva\/wp-json\/wp\/v2\/categories?post=7037"},{"taxonomy":"post_tag","embeddable":true,"href":"https:\/\/mznoticia.com.br\/jaguariaiva\/wp-json\/wp\/v2\/tags?post=7037"}],"curies":[{"name":"wp","href":"https:\/\/api.w.org\/{rel}","templated":true}]}}