{"id":7040,"date":"2026-08-25T17:36:26","date_gmt":"2026-08-25T17:36:26","guid":{"rendered":"https:\/\/mznoticia.com.br\/jaguariaiva\/?p=7040"},"modified":"2026-08-25T17:36:26","modified_gmt":"2026-08-25T17:36:26","slug":"voto-distrital-misto-entenda-proposta-defendida-por-alexandre-de-moraes","status":"publish","type":"post","link":"https:\/\/mznoticia.com.br\/jaguariaiva\/voto-distrital-misto-entenda-proposta-defendida-por-alexandre-de-moraes\/","title":{"rendered":"Voto distrital misto: entenda proposta defendida por Alexandre de Moraes"},"content":{"rendered":"<p class=\"PDq2pG_selectionAnchorContainer\" data-start=\"0\" data-end=\"178\">O ministro Alexandre de Moraes, do STF, defendeu a ado\u00e7\u00e3o do voto distrital misto no Brasil como forma de aproximar eleitores de seus representantes e fortalecer os partidos.<\/p>\n<p data-start=\"180\" data-end=\"397\">O modelo combina o sistema proporcional, atualmente usado para deputados e vereadores, com o voto distrital, no qual parte dos parlamentares seria escolhida diretamente pelos eleitores de determinadas regi\u00f5es.<\/p>\n<p data-start=\"399\" data-end=\"559\">Moraes sugeriu uma implanta\u00e7\u00e3o gradual, come\u00e7ando com 30% das vagas pelo sistema distrital e 70% pelo proporcional, avan\u00e7ando posteriormente para 40% e 60%.<\/p>\n<p data-start=\"561\" data-end=\"724\" data-is-last-node=\"\" data-is-only-node=\"\">A mudan\u00e7a dependeria de uma reforma eleitoral aprovada pelo Congresso Nacional e envolveria a defini\u00e7\u00e3o dos distritos e das regras para distribui\u00e7\u00e3o das vagas.<\/p>\n<h3 class=\"PDq2pG_selectionAnchorContainer\" data-section-id=\"94xqec\" data-start=\"1672\" data-end=\"1700\">O que \u00e9 o voto distrital<\/h3>\n<p data-start=\"1702\" data-end=\"1830\">No sistema distrital, o territ\u00f3rio de um estado ou munic\u00edpio \u00e9 dividido em diferentes regi\u00f5es eleitorais, chamadas de distritos.<\/p>\n<p data-start=\"1832\" data-end=\"1980\">Cada distrito teria seus pr\u00f3prios candidatos, e os eleitores escolheriam aqueles que disputam a vaga para representar especificamente aquela regi\u00e3o.<\/p>\n<p data-start=\"1982\" data-end=\"2153\">Por exemplo, se determinado estado tivesse dez vagas em disputa, poderiam ser criados dez distritos eleitorais. Cada regi\u00e3o escolheria um representante para o Legislativo.<\/p>\n<p data-start=\"2155\" data-end=\"2263\">A ideia \u00e9 fazer com que o parlamentar tenha uma rela\u00e7\u00e3o mais direta com os moradores da \u00e1rea que representa.<\/p>\n","protected":false},"excerpt":{"rendered":"<p>O ministro Alexandre de Moraes, do STF, defendeu a ado\u00e7\u00e3o do voto distrital misto no Brasil como forma de aproximar eleitores de seus representantes e fortalecer os partidos. O modelo combina o sistema proporcional, atualmente usado para deputados e vereadores, com o voto distrital, no qual parte dos parlamentares seria escolhida diretamente pelos eleitores de [&hellip;]<\/p>\n","protected":false},"author":16,"featured_media":7041,"comment_status":"open","ping_status":"open","sticky":false,"template":"","format":"standard","meta":{"footnotes":""},"categories":[7],"tags":[467,444,47,1659,446,194,2688,2687,442,615,2686,2685,2689],"class_list":["post-7040","post","type-post","status-publish","format-standard","has-post-thumbnail","hentry","category-politica","tag-alexandre-de-moraes","tag-congresso-nacional","tag-destaque","tag-eleicoes","tag-partidos-politicos","tag-politica","tag-reforma-eleitoral","tag-sistema-eleitoral","tag-stf","tag-tse","tag-voto-distrital","tag-voto-distrital-misto","tag-voto-proporcional"],"yoast_head":"<!-- This site is optimized with the Yoast SEO plugin v28.1 - https:\/\/yoast.com\/product\/yoast-seo-wordpress\/ -->\n<title>Voto distrital misto: entenda proposta defendida por Alexandre de Moraes - Mz Not\u00edcias<\/title>\n<meta name=\"description\" content=\"Alexandre de Moraes defende o voto distrital misto no Brasil. Modelo combina voto distrital e proporcional e busca aproximar eleitores de seus representantes.\" \/>\n<meta name=\"robots\" content=\"index, follow, max-snippet:-1, max-image-preview:large, max-video-preview:-1\" \/>\n<link rel=\"canonical\" href=\"https:\/\/mznoticia.com.br\/jaguariaiva\/voto-distrital-misto-entenda-proposta-defendida-por-alexandre-de-moraes\/\" \/>\n<meta property=\"og:locale\" content=\"pt_BR\" \/>\n<meta property=\"og:type\" content=\"article\" \/>\n<meta property=\"og:title\" content=\"Voto distrital misto: entenda proposta defendida por Alexandre de Moraes - Mz Not\u00edcias\" \/>\n<meta property=\"og:description\" content=\"Alexandre de Moraes defende o voto distrital misto no Brasil. Modelo combina voto distrital e proporcional e busca aproximar eleitores de seus representantes.\" \/>\n<meta property=\"og:url\" content=\"https:\/\/mznoticia.com.br\/jaguariaiva\/voto-distrital-misto-entenda-proposta-defendida-por-alexandre-de-moraes\/\" \/>\n<meta property=\"og:site_name\" content=\"Mz Not\u00edcias\" \/>\n<meta property=\"article:publisher\" content=\"https:\/\/www.facebook.com\/profile.php?id=61573479951222\" \/>\n<meta property=\"article:published_time\" content=\"2026-08-25T17:36:26+00:00\" \/>\n<meta property=\"og:image\" content=\"https:\/\/mznoticia.com.br\/jaguariaiva\/wp-content\/uploads\/2026\/08\/mora-1.webp\" \/>\n\t<meta property=\"og:image:width\" content=\"678\" \/>\n\t<meta property=\"og:image:height\" content=\"452\" \/>\n\t<meta property=\"og:image:type\" content=\"image\/webp\" \/>\n<meta name=\"author\" content=\"Redacao mz\" \/>\n<meta name=\"twitter:card\" content=\"summary_large_image\" \/>\n<meta name=\"twitter:label1\" content=\"Escrito por\" \/>\n\t<meta name=\"twitter:data1\" content=\"Redacao mz\" \/>\n\t<meta name=\"twitter:label2\" content=\"Est. tempo de leitura\" \/>\n\t<meta name=\"twitter:data2\" content=\"2 minutos\" \/>\n<script type=\"application\/ld+json\" class=\"yoast-schema-graph\">{\"@context\":\"https:\\\/\\\/schema.org\",\"@graph\":[{\"@type\":\"Article\",\"@id\":\"https:\\\/\\\/mznoticia.com.br\\\/jaguariaiva\\\/voto-distrital-misto-entenda-proposta-defendida-por-alexandre-de-moraes\\\/#article\",\"isPartOf\":{\"@id\":\"https:\\\/\\\/mznoticia.com.br\\\/jaguariaiva\\\/voto-distrital-misto-entenda-proposta-defendida-por-alexandre-de-moraes\\\/\"},\"author\":{\"name\":\"Redacao mz\",\"@id\":\"https:\\\/\\\/mznoticia.com.br\\\/jaguariaiva\\\/#\\\/schema\\\/person\\\/84012d827247b3f42f37b550da79cd03\"},\"headline\":\"Voto distrital misto: entenda proposta defendida por Alexandre de Moraes\",\"datePublished\":\"2026-08-25T17:36:26+00:00\",\"mainEntityOfPage\":{\"@id\":\"https:\\\/\\\/mznoticia.com.br\\\/jaguariaiva\\\/voto-distrital-misto-entenda-proposta-defendida-por-alexandre-de-moraes\\\/\"},\"wordCount\":211,\"commentCount\":0,\"publisher\":{\"@id\":\"https:\\\/\\\/mznoticia.com.br\\\/jaguariaiva\\\/#organization\"},\"image\":{\"@id\":\"https:\\\/\\\/mznoticia.com.br\\\/jaguariaiva\\\/voto-distrital-misto-entenda-proposta-defendida-por-alexandre-de-moraes\\\/#primaryimage\"},\"thumbnailUrl\":\"https:\\\/\\\/mznoticia.com.br\\\/jaguariaiva\\\/wp-content\\\/uploads\\\/2026\\\/08\\\/mora-1.webp\",\"keywords\":[\"Alexandre de Moraes\",\"Congresso Nacional\",\"destaque\",\"Elei\u00e7\u00f5es\",\"Partidos Pol\u00edticos\",\"politica\",\"reforma eleitoral\",\"sistema eleitoral\",\"STF\",\"TSE\",\"voto distrital\",\"voto distrital misto\",\"voto proporcional\"],\"articleSection\":[\"Pol\u00edtica\"],\"inLanguage\":\"pt-BR\",\"potentialAction\":[{\"@type\":\"CommentAction\",\"name\":\"Comment\",\"target\":[\"https:\\\/\\\/mznoticia.com.br\\\/jaguariaiva\\\/voto-distrital-misto-entenda-proposta-defendida-por-alexandre-de-moraes\\\/#respond\"]}]},{\"@type\":\"WebPage\",\"@id\":\"https:\\\/\\\/mznoticia.com.br\\\/jaguariaiva\\\/voto-distrital-misto-entenda-proposta-defendida-por-alexandre-de-moraes\\\/\",\"url\":\"https:\\\/\\\/mznoticia.com.br\\\/jaguariaiva\\\/voto-distrital-misto-entenda-proposta-defendida-por-alexandre-de-moraes\\\/\",\"name\":\"Voto distrital misto: entenda proposta defendida por Alexandre de Moraes - Mz Not\u00edcias\",\"isPartOf\":{\"@id\":\"https:\\\/\\\/mznoticia.com.br\\\/jaguariaiva\\\/#website\"},\"primaryImageOfPage\":{\"@id\":\"https:\\\/\\\/mznoticia.com.br\\\/jaguariaiva\\\/voto-distrital-misto-entenda-proposta-defendida-por-alexandre-de-moraes\\\/#primaryimage\"},\"image\":{\"@id\":\"https:\\\/\\\/mznoticia.com.br\\\/jaguariaiva\\\/voto-distrital-misto-entenda-proposta-defendida-por-alexandre-de-moraes\\\/#primaryimage\"},\"thumbnailUrl\":\"https:\\\/\\\/mznoticia.com.br\\\/jaguariaiva\\\/wp-content\\\/uploads\\\/2026\\\/08\\\/mora-1.webp\",\"datePublished\":\"2026-08-25T17:36:26+00:00\",\"description\":\"Alexandre de Moraes defende o voto distrital misto no Brasil. Modelo combina voto distrital e proporcional e busca aproximar eleitores de seus representantes.\",\"breadcrumb\":{\"@id\":\"https:\\\/\\\/mznoticia.com.br\\\/jaguariaiva\\\/voto-distrital-misto-entenda-proposta-defendida-por-alexandre-de-moraes\\\/#breadcrumb\"},\"inLanguage\":\"pt-BR\",\"potentialAction\":[{\"@type\":\"ReadAction\",\"target\":[\"https:\\\/\\\/mznoticia.com.br\\\/jaguariaiva\\\/voto-distrital-misto-entenda-proposta-defendida-por-alexandre-de-moraes\\\/\"]}]},{\"@type\":\"ImageObject\",\"inLanguage\":\"pt-BR\",\"@id\":\"https:\\\/\\\/mznoticia.com.br\\\/jaguariaiva\\\/voto-distrital-misto-entenda-proposta-defendida-por-alexandre-de-moraes\\\/#primaryimage\",\"url\":\"https:\\\/\\\/mznoticia.com.br\\\/jaguariaiva\\\/wp-content\\\/uploads\\\/2026\\\/08\\\/mora-1.webp\",\"contentUrl\":\"https:\\\/\\\/mznoticia.com.br\\\/jaguariaiva\\\/wp-content\\\/uploads\\\/2026\\\/08\\\/mora-1.webp\",\"width\":678,\"height\":452},{\"@type\":\"BreadcrumbList\",\"@id\":\"https:\\\/\\\/mznoticia.com.br\\\/jaguariaiva\\\/voto-distrital-misto-entenda-proposta-defendida-por-alexandre-de-moraes\\\/#breadcrumb\",\"itemListElement\":[{\"@type\":\"ListItem\",\"position\":1,\"name\":\"Home\",\"item\":\"https:\\\/\\\/mznoticia.com.br\\\/jaguariaiva\\\/\"},{\"@type\":\"ListItem\",\"position\":2,\"name\":\"Voto distrital misto: entenda proposta defendida por Alexandre de Moraes\"}]},{\"@type\":\"WebSite\",\"@id\":\"https:\\\/\\\/mznoticia.com.br\\\/jaguariaiva\\\/#website\",\"url\":\"https:\\\/\\\/mznoticia.com.br\\\/jaguariaiva\\\/\",\"name\":\"Mz Not\u00edcia\",\"description\":\"A informa\u00e7\u00e3o que voc\u00ea precisa na hora certa!\",\"publisher\":{\"@id\":\"https:\\\/\\\/mznoticia.com.br\\\/jaguariaiva\\\/#organization\"},\"potentialAction\":[{\"@type\":\"SearchAction\",\"target\":{\"@type\":\"EntryPoint\",\"urlTemplate\":\"https:\\\/\\\/mznoticia.com.br\\\/jaguariaiva\\\/?s={search_term_string}\"},\"query-input\":{\"@type\":\"PropertyValueSpecification\",\"valueRequired\":true,\"valueName\":\"search_term_string\"}}],\"inLanguage\":\"pt-BR\"},{\"@type\":\"Organization\",\"@id\":\"https:\\\/\\\/mznoticia.com.br\\\/jaguariaiva\\\/#organization\",\"name\":\"Mz Not\u00edcia\",\"url\":\"https:\\\/\\\/mznoticia.com.br\\\/jaguariaiva\\\/\",\"logo\":{\"@type\":\"ImageObject\",\"inLanguage\":\"pt-BR\",\"@id\":\"https:\\\/\\\/mznoticia.com.br\\\/jaguariaiva\\\/#\\\/schema\\\/logo\\\/image\\\/\",\"url\":\"https:\\\/\\\/mznoticia.com.br\\\/jaguariaiva\\\/wp-content\\\/uploads\\\/2025\\\/03\\\/Design-sem-nome-4-e1741200616392.png\",\"contentUrl\":\"https:\\\/\\\/mznoticia.com.br\\\/jaguariaiva\\\/wp-content\\\/uploads\\\/2025\\\/03\\\/Design-sem-nome-4-e1741200616392.png\",\"width\":750,\"height\":563,\"caption\":\"Mz Not\u00edcia\"},\"image\":{\"@id\":\"https:\\\/\\\/mznoticia.com.br\\\/jaguariaiva\\\/#\\\/schema\\\/logo\\\/image\\\/\"},\"sameAs\":[\"https:\\\/\\\/www.facebook.com\\\/profile.php?id=61573479951222\",\"https:\\\/\\\/www.instagram.com\\\/mz.jaguariaiva\\\/\"]},{\"@type\":\"Person\",\"@id\":\"https:\\\/\\\/mznoticia.com.br\\\/jaguariaiva\\\/#\\\/schema\\\/person\\\/84012d827247b3f42f37b550da79cd03\",\"name\":\"Redacao mz\",\"image\":{\"@type\":\"ImageObject\",\"inLanguage\":\"pt-BR\",\"@id\":\"https:\\\/\\\/mznoticia.com.br\\\/jaguariaiva\\\/wp-content\\\/uploads\\\/2025\\\/02\\\/mznoticia_jaguariaiva_coluna-150x150.png\",\"url\":\"https:\\\/\\\/mznoticia.com.br\\\/jaguariaiva\\\/wp-content\\\/uploads\\\/2025\\\/02\\\/mznoticia_jaguariaiva_coluna-150x150.png\",\"contentUrl\":\"https:\\\/\\\/mznoticia.com.br\\\/jaguariaiva\\\/wp-content\\\/uploads\\\/2025\\\/02\\\/mznoticia_jaguariaiva_coluna-150x150.png\",\"caption\":\"Redacao mz\"},\"sameAs\":[\"http:\\\/\\\/mznoticia.com.br\"],\"url\":\"https:\\\/\\\/mznoticia.com.br\\\/jaguariaiva\\\/author\\\/lucimara\\\/\"}]}<\/script>\n<!-- \/ Yoast SEO plugin. -->","yoast_head_json":{"title":"Voto distrital misto: entenda proposta defendida por Alexandre de Moraes - Mz Not\u00edcias","description":"Alexandre de Moraes defende o voto distrital misto no Brasil. Modelo combina voto distrital e proporcional e busca aproximar eleitores de seus representantes.","robots":{"index":"index","follow":"follow","max-snippet":"max-snippet:-1","max-image-preview":"max-image-preview:large","max-video-preview":"max-video-preview:-1"},"canonical":"https:\/\/mznoticia.com.br\/jaguariaiva\/voto-distrital-misto-entenda-proposta-defendida-por-alexandre-de-moraes\/","og_locale":"pt_BR","og_type":"article","og_title":"Voto distrital misto: entenda proposta defendida por Alexandre de Moraes - Mz Not\u00edcias","og_description":"Alexandre de Moraes defende o voto distrital misto no Brasil. Modelo combina voto distrital e proporcional e busca aproximar eleitores de seus representantes.","og_url":"https:\/\/mznoticia.com.br\/jaguariaiva\/voto-distrital-misto-entenda-proposta-defendida-por-alexandre-de-moraes\/","og_site_name":"Mz Not\u00edcias","article_publisher":"https:\/\/www.facebook.com\/profile.php?id=61573479951222","article_published_time":"2026-08-25T17:36:26+00:00","og_image":[{"width":678,"height":452,"url":"https:\/\/mznoticia.com.br\/jaguariaiva\/wp-content\/uploads\/2026\/08\/mora-1.webp","type":"image\/webp"}],"author":"Redacao mz","twitter_card":"summary_large_image","twitter_misc":{"Escrito por":"Redacao mz","Est. tempo de leitura":"2 minutos"},"schema":{"@context":"https:\/\/schema.org","@graph":[{"@type":"Article","@id":"https:\/\/mznoticia.com.br\/jaguariaiva\/voto-distrital-misto-entenda-proposta-defendida-por-alexandre-de-moraes\/#article","isPartOf":{"@id":"https:\/\/mznoticia.com.br\/jaguariaiva\/voto-distrital-misto-entenda-proposta-defendida-por-alexandre-de-moraes\/"},"author":{"name":"Redacao mz","@id":"https:\/\/mznoticia.com.br\/jaguariaiva\/#\/schema\/person\/84012d827247b3f42f37b550da79cd03"},"headline":"Voto distrital misto: entenda proposta defendida por Alexandre de Moraes","datePublished":"2026-08-25T17:36:26+00:00","mainEntityOfPage":{"@id":"https:\/\/mznoticia.com.br\/jaguariaiva\/voto-distrital-misto-entenda-proposta-defendida-por-alexandre-de-moraes\/"},"wordCount":211,"commentCount":0,"publisher":{"@id":"https:\/\/mznoticia.com.br\/jaguariaiva\/#organization"},"image":{"@id":"https:\/\/mznoticia.com.br\/jaguariaiva\/voto-distrital-misto-entenda-proposta-defendida-por-alexandre-de-moraes\/#primaryimage"},"thumbnailUrl":"https:\/\/mznoticia.com.br\/jaguariaiva\/wp-content\/uploads\/2026\/08\/mora-1.webp","keywords":["Alexandre de Moraes","Congresso Nacional","destaque","Elei\u00e7\u00f5es","Partidos Pol\u00edticos","politica","reforma eleitoral","sistema eleitoral","STF","TSE","voto distrital","voto distrital misto","voto proporcional"],"articleSection":["Pol\u00edtica"],"inLanguage":"pt-BR","potentialAction":[{"@type":"CommentAction","name":"Comment","target":["https:\/\/mznoticia.com.br\/jaguariaiva\/voto-distrital-misto-entenda-proposta-defendida-por-alexandre-de-moraes\/#respond"]}]},{"@type":"WebPage","@id":"https:\/\/mznoticia.com.br\/jaguariaiva\/voto-distrital-misto-entenda-proposta-defendida-por-alexandre-de-moraes\/","url":"https:\/\/mznoticia.com.br\/jaguariaiva\/voto-distrital-misto-entenda-proposta-defendida-por-alexandre-de-moraes\/","name":"Voto distrital misto: entenda proposta defendida por Alexandre de Moraes - Mz Not\u00edcias","isPartOf":{"@id":"https:\/\/mznoticia.com.br\/jaguariaiva\/#website"},"primaryImageOfPage":{"@id":"https:\/\/mznoticia.com.br\/jaguariaiva\/voto-distrital-misto-entenda-proposta-defendida-por-alexandre-de-moraes\/#primaryimage"},"image":{"@id":"https:\/\/mznoticia.com.br\/jaguariaiva\/voto-distrital-misto-entenda-proposta-defendida-por-alexandre-de-moraes\/#primaryimage"},"thumbnailUrl":"https:\/\/mznoticia.com.br\/jaguariaiva\/wp-content\/uploads\/2026\/08\/mora-1.webp","datePublished":"2026-08-25T17:36:26+00:00","description":"Alexandre de Moraes defende o voto distrital misto no Brasil. Modelo combina voto distrital e proporcional e busca aproximar eleitores de seus representantes.","breadcrumb":{"@id":"https:\/\/mznoticia.com.br\/jaguariaiva\/voto-distrital-misto-entenda-proposta-defendida-por-alexandre-de-moraes\/#breadcrumb"},"inLanguage":"pt-BR","potentialAction":[{"@type":"ReadAction","target":["https:\/\/mznoticia.com.br\/jaguariaiva\/voto-distrital-misto-entenda-proposta-defendida-por-alexandre-de-moraes\/"]}]},{"@type":"ImageObject","inLanguage":"pt-BR","@id":"https:\/\/mznoticia.com.br\/jaguariaiva\/voto-distrital-misto-entenda-proposta-defendida-por-alexandre-de-moraes\/#primaryimage","url":"https:\/\/mznoticia.com.br\/jaguariaiva\/wp-content\/uploads\/2026\/08\/mora-1.webp","contentUrl":"https:\/\/mznoticia.com.br\/jaguariaiva\/wp-content\/uploads\/2026\/08\/mora-1.webp","width":678,"height":452},{"@type":"BreadcrumbList","@id":"https:\/\/mznoticia.com.br\/jaguariaiva\/voto-distrital-misto-entenda-proposta-defendida-por-alexandre-de-moraes\/#breadcrumb","itemListElement":[{"@type":"ListItem","position":1,"name":"Home","item":"https:\/\/mznoticia.com.br\/jaguariaiva\/"},{"@type":"ListItem","position":2,"name":"Voto distrital misto: entenda proposta defendida por Alexandre de Moraes"}]},{"@type":"WebSite","@id":"https:\/\/mznoticia.com.br\/jaguariaiva\/#website","url":"https:\/\/mznoticia.com.br\/jaguariaiva\/","name":"Mz Not\u00edcia","description":"A informa\u00e7\u00e3o que voc\u00ea precisa na hora certa!","publisher":{"@id":"https:\/\/mznoticia.com.br\/jaguariaiva\/#organization"},"potentialAction":[{"@type":"SearchAction","target":{"@type":"EntryPoint","urlTemplate":"https:\/\/mznoticia.com.br\/jaguariaiva\/?s={search_term_string}"},"query-input":{"@type":"PropertyValueSpecification","valueRequired":true,"valueName":"search_term_string"}}],"inLanguage":"pt-BR"},{"@type":"Organization","@id":"https:\/\/mznoticia.com.br\/jaguariaiva\/#organization","name":"Mz Not\u00edcia","url":"https:\/\/mznoticia.com.br\/jaguariaiva\/","logo":{"@type":"ImageObject","inLanguage":"pt-BR","@id":"https:\/\/mznoticia.com.br\/jaguariaiva\/#\/schema\/logo\/image\/","url":"https:\/\/mznoticia.com.br\/jaguariaiva\/wp-content\/uploads\/2025\/03\/Design-sem-nome-4-e1741200616392.png","contentUrl":"https:\/\/mznoticia.com.br\/jaguariaiva\/wp-content\/uploads\/2025\/03\/Design-sem-nome-4-e1741200616392.png","width":750,"height":563,"caption":"Mz Not\u00edcia"},"image":{"@id":"https:\/\/mznoticia.com.br\/jaguariaiva\/#\/schema\/logo\/image\/"},"sameAs":["https:\/\/www.facebook.com\/profile.php?id=61573479951222","https:\/\/www.instagram.com\/mz.jaguariaiva\/"]},{"@type":"Person","@id":"https:\/\/mznoticia.com.br\/jaguariaiva\/#\/schema\/person\/84012d827247b3f42f37b550da79cd03","name":"Redacao mz","image":{"@type":"ImageObject","inLanguage":"pt-BR","@id":"https:\/\/mznoticia.com.br\/jaguariaiva\/wp-content\/uploads\/2025\/02\/mznoticia_jaguariaiva_coluna-150x150.png","url":"https:\/\/mznoticia.com.br\/jaguariaiva\/wp-content\/uploads\/2025\/02\/mznoticia_jaguariaiva_coluna-150x150.png","contentUrl":"https:\/\/mznoticia.com.br\/jaguariaiva\/wp-content\/uploads\/2025\/02\/mznoticia_jaguariaiva_coluna-150x150.png","caption":"Redacao mz"},"sameAs":["http:\/\/mznoticia.com.br"],"url":"https:\/\/mznoticia.com.br\/jaguariaiva\/author\/lucimara\/"}]}},"_links":{"self":[{"href":"https:\/\/mznoticia.com.br\/jaguariaiva\/wp-json\/wp\/v2\/posts\/7040","targetHints":{"allow":["GET"]}}],"collection":[{"href":"https:\/\/mznoticia.com.br\/jaguariaiva\/wp-json\/wp\/v2\/posts"}],"about":[{"href":"https:\/\/mznoticia.com.br\/jaguariaiva\/wp-json\/wp\/v2\/types\/post"}],"author":[{"embeddable":true,"href":"https:\/\/mznoticia.com.br\/jaguariaiva\/wp-json\/wp\/v2\/users\/16"}],"replies":[{"embeddable":true,"href":"https:\/\/mznoticia.com.br\/jaguariaiva\/wp-json\/wp\/v2\/comments?post=7040"}],"version-history":[{"count":1,"href":"https:\/\/mznoticia.com.br\/jaguariaiva\/wp-json\/wp\/v2\/posts\/7040\/revisions"}],"predecessor-version":[{"id":7042,"href":"https:\/\/mznoticia.com.br\/jaguariaiva\/wp-json\/wp\/v2\/posts\/7040\/revisions\/7042"}],"wp:featuredmedia":[{"embeddable":true,"href":"https:\/\/mznoticia.com.br\/jaguariaiva\/wp-json\/wp\/v2\/media\/7041"}],"wp:attachment":[{"href":"https:\/\/mznoticia.com.br\/jaguariaiva\/wp-json\/wp\/v2\/media?parent=7040"}],"wp:term":[{"taxonomy":"category","embeddable":true,"href":"https:\/\/mznoticia.com.br\/jaguariaiva\/wp-json\/wp\/v2\/categories?post=7040"},{"taxonomy":"post_tag","embeddable":true,"href":"https:\/\/mznoticia.com.br\/jaguariaiva\/wp-json\/wp\/v2\/tags?post=7040"}],"curies":[{"name":"wp","href":"https:\/\/api.w.org\/{rel}","templated":true}]}}