{"id":7046,"date":"2026-08-25T18:25:55","date_gmt":"2026-08-25T18:25:55","guid":{"rendered":"https:\/\/mznoticia.com.br\/jaguariaiva\/?p=7046"},"modified":"2026-08-25T18:25:55","modified_gmt":"2026-08-25T18:25:55","slug":"15-filmes-disputam-vaga-para-representar-o-brasil-no-oscar-2027","status":"publish","type":"post","link":"https:\/\/mznoticia.com.br\/jaguariaiva\/15-filmes-disputam-vaga-para-representar-o-brasil-no-oscar-2027\/","title":{"rendered":"15 filmes disputam vaga para representar o Brasil no Oscar 2027"},"content":{"rendered":"<p class=\"PDq2pG_selectionAnchorContainer\" data-start=\"67\" data-end=\"230\">A Academia Brasileira de Cinema anunciou os 15 filmes que est\u00e3o na disputa para representar o Brasil no Oscar 2027, na categoria de Melhor Filme Internacional.<\/p>\n<p data-start=\"232\" data-end=\"445\">A Comiss\u00e3o de Sele\u00e7\u00e3o escolher\u00e1 seis finalistas no dia 9 de setembro. Depois, entre os selecionados, ser\u00e1 definido o filme que representar\u00e1 oficialmente o pa\u00eds. O an\u00fancio est\u00e1 previsto para 16 de setembro.<\/p>\n<p data-start=\"447\" data-end=\"720\">Entre os concorrentes est\u00e3o produ\u00e7\u00f5es como \u201c100 Dias\u201d, de Carlos Saldanha; \u201cMal\u00eas\u201d, de Antonio Pitanga; \u201cCinco Tipos de Medo\u201d, de Bruno Bini; \u201cA Natureza das Coisas Invis\u00edveis\u201d, de Rafaela Camelo; e \u201cAto Noturno\u201d, de Marcio Reolon e Filipe Matzembacher.<\/p>\n<h3 data-section-id=\"uzlvvr\" data-start=\"722\" data-end=\"752\">Confira os 15 concorrentes<\/h3>\n<ul data-start=\"754\" data-end=\"1400\">\n<li data-section-id=\"1tiuy8r\" data-start=\"754\" data-end=\"801\">Vicentina Pede Desculpas \u2013 Gabriel Martin<\/li>\n<li data-section-id=\"1gmst2h\" data-start=\"802\" data-end=\"834\">100 Dias \u2013 Carlos Saldanha<\/li>\n<li data-section-id=\"6oiiss\" data-start=\"835\" data-end=\"875\">A Conspira\u00e7\u00e3o Condor \u2013 Andr\u00e9 Sturm<\/li>\n<li data-section-id=\"1w0lhek\" data-start=\"876\" data-end=\"923\">A Fabulosa M\u00e1quina do Tempo \u2013 Eliza Capai<\/li>\n<li data-section-id=\"1jegok0\" data-start=\"924\" data-end=\"979\">A Natureza das Coisas Invis\u00edveis \u2013 Rafaela Camelo<\/li>\n<li data-section-id=\"yt73n7\" data-start=\"980\" data-end=\"1035\">Ato Noturno \u2013 Marcio Reolon e Filipe Matzembacher<\/li>\n<li data-section-id=\"a4bz54\" data-start=\"1036\" data-end=\"1074\">Cinco Tipos de Medo \u2013 Bruno Bini<\/li>\n<li data-section-id=\"1c7ngje\" data-start=\"1075\" data-end=\"1126\">Dolores \u2013 Maria Clara Escobar e Marcelo Gomes<\/li>\n<li data-section-id=\"1237yul\" data-start=\"1127\" data-end=\"1160\">Feito Pipa \u2013 Allan Deberton<\/li>\n<li data-section-id=\"10o0s40\" data-start=\"1161\" data-end=\"1217\">Heran\u00e7a de Narcisa \u2013 Clarissa Appelt e Daniel Dias<\/li>\n<li data-section-id=\"4frar3\" data-start=\"1218\" data-end=\"1251\">Nosso Segredo \u2013 Grace Pass\u00f4<\/li>\n<li data-section-id=\"b25z6b\" data-start=\"1252\" data-end=\"1293\">O Rei da Internet \u2013 Fabr\u00edcio Bittar<\/li>\n<li data-section-id=\"dfsgvb\" data-start=\"1294\" data-end=\"1337\">Quando Vira a Esquina \u2013 Chris Alcazar<\/li>\n<li data-section-id=\"o6we56\" data-start=\"1338\" data-end=\"1367\">Mal\u00eas \u2013 Antonio Pitanga<\/li>\n<li data-section-id=\"1qi2hli\" data-start=\"1368\" data-end=\"1400\">Papagaios \u2013 Douglas Soares<\/li>\n<\/ul>\n<p data-start=\"1402\" data-end=\"1569\" data-is-last-node=\"\" data-is-only-node=\"\">O filme escolhido pela comiss\u00e3o ser\u00e1 enviado para avalia\u00e7\u00e3o da Academia de Artes e Ci\u00eancias Cinematogr\u00e1ficas, respons\u00e1vel pela sele\u00e7\u00e3o dos indicados ao Oscar 2027.<\/p>\n","protected":false},"excerpt":{"rendered":"<p>A Academia Brasileira de Cinema anunciou os 15 filmes que est\u00e3o na disputa para representar o Brasil no Oscar 2027, na categoria de Melhor Filme Internacional. A Comiss\u00e3o de Sele\u00e7\u00e3o escolher\u00e1 seis finalistas no dia 9 de setembro. Depois, entre os selecionados, ser\u00e1 definido o filme que representar\u00e1 oficialmente o pa\u00eds. O an\u00fancio est\u00e1 previsto [&hellip;]<\/p>\n","protected":false},"author":16,"featured_media":7047,"comment_status":"open","ping_status":"open","sticky":false,"template":"","format":"standard","meta":{"footnotes":""},"categories":[5,1],"tags":[2698,2696,2699,2226,85,86,2695,2697,2694,2700],"class_list":["post-7046","post","type-post","status-publish","format-standard","has-post-thumbnail","hentry","category-brasil","category-cultura","tag-academia-brasileira-de-cinema","tag-brasil-no-oscar","tag-cinema","tag-cinema-brasileiro","tag-entretenimento","tag-filmes","tag-filmes-brasileiros","tag-melhor-filme-internacional","tag-oscar-2027","tag-premiacao"],"yoast_head":"<!-- This site is optimized with the Yoast SEO plugin v28.1 - https:\/\/yoast.com\/product\/yoast-seo-wordpress\/ -->\n<title>15 filmes disputam vaga para representar o Brasil no Oscar 2027 - Mz Not\u00edcias<\/title>\n<meta name=\"description\" content=\"Confira os 15 filmes que disputam a vaga para representar o Brasil no Oscar 2027. Seis ser\u00e3o escolhidos como finalistas em setembro\" \/>\n<meta name=\"robots\" content=\"index, follow, max-snippet:-1, max-image-preview:large, max-video-preview:-1\" \/>\n<link rel=\"canonical\" href=\"https:\/\/mznoticia.com.br\/jaguariaiva\/15-filmes-disputam-vaga-para-representar-o-brasil-no-oscar-2027\/\" \/>\n<meta property=\"og:locale\" content=\"pt_BR\" \/>\n<meta property=\"og:type\" content=\"article\" \/>\n<meta property=\"og:title\" content=\"15 filmes disputam vaga para representar o Brasil no Oscar 2027 - Mz Not\u00edcias\" \/>\n<meta property=\"og:description\" content=\"Confira os 15 filmes que disputam a vaga para representar o Brasil no Oscar 2027. Seis ser\u00e3o escolhidos como finalistas em setembro\" \/>\n<meta property=\"og:url\" content=\"https:\/\/mznoticia.com.br\/jaguariaiva\/15-filmes-disputam-vaga-para-representar-o-brasil-no-oscar-2027\/\" \/>\n<meta property=\"og:site_name\" content=\"Mz Not\u00edcias\" \/>\n<meta property=\"article:publisher\" content=\"https:\/\/www.facebook.com\/profile.php?id=61573479951222\" \/>\n<meta property=\"article:published_time\" content=\"2026-08-25T18:25:55+00:00\" \/>\n<meta property=\"og:image\" content=\"https:\/\/mznoticia.com.br\/jaguariaiva\/wp-content\/uploads\/2026\/08\/10-25.jpg\" \/>\n\t<meta property=\"og:image:width\" content=\"960\" \/>\n\t<meta property=\"og:image:height\" content=\"592\" \/>\n\t<meta property=\"og:image:type\" content=\"image\/jpeg\" \/>\n<meta name=\"author\" content=\"Redacao mz\" \/>\n<meta name=\"twitter:card\" content=\"summary_large_image\" \/>\n<meta name=\"twitter:label1\" content=\"Escrito por\" \/>\n\t<meta name=\"twitter:data1\" content=\"Redacao mz\" \/>\n\t<meta name=\"twitter:label2\" content=\"Est. tempo de leitura\" \/>\n\t<meta name=\"twitter:data2\" content=\"2 minutos\" \/>\n<script type=\"application\/ld+json\" class=\"yoast-schema-graph\">{\"@context\":\"https:\\\/\\\/schema.org\",\"@graph\":[{\"@type\":\"Article\",\"@id\":\"https:\\\/\\\/mznoticia.com.br\\\/jaguariaiva\\\/15-filmes-disputam-vaga-para-representar-o-brasil-no-oscar-2027\\\/#article\",\"isPartOf\":{\"@id\":\"https:\\\/\\\/mznoticia.com.br\\\/jaguariaiva\\\/15-filmes-disputam-vaga-para-representar-o-brasil-no-oscar-2027\\\/\"},\"author\":{\"name\":\"Redacao mz\",\"@id\":\"https:\\\/\\\/mznoticia.com.br\\\/jaguariaiva\\\/#\\\/schema\\\/person\\\/84012d827247b3f42f37b550da79cd03\"},\"headline\":\"15 filmes disputam vaga para representar o Brasil no Oscar 2027\",\"datePublished\":\"2026-08-25T18:25:55+00:00\",\"mainEntityOfPage\":{\"@id\":\"https:\\\/\\\/mznoticia.com.br\\\/jaguariaiva\\\/15-filmes-disputam-vaga-para-representar-o-brasil-no-oscar-2027\\\/\"},\"wordCount\":230,\"commentCount\":0,\"publisher\":{\"@id\":\"https:\\\/\\\/mznoticia.com.br\\\/jaguariaiva\\\/#organization\"},\"image\":{\"@id\":\"https:\\\/\\\/mznoticia.com.br\\\/jaguariaiva\\\/15-filmes-disputam-vaga-para-representar-o-brasil-no-oscar-2027\\\/#primaryimage\"},\"thumbnailUrl\":\"https:\\\/\\\/mznoticia.com.br\\\/jaguariaiva\\\/wp-content\\\/uploads\\\/2026\\\/08\\\/10-25.jpg\",\"keywords\":[\"Academia Brasileira de Cinema\",\"Brasil no Oscar\",\"cinema\",\"cinema brasileiro\",\"entretenimento\",\"filmes\",\"filmes brasileiros\",\"Melhor Filme Internacional\",\"Oscar 2027\",\"premia\u00e7\u00e3o\"],\"articleSection\":[\"Brasil\",\"Cultura\"],\"inLanguage\":\"pt-BR\",\"potentialAction\":[{\"@type\":\"CommentAction\",\"name\":\"Comment\",\"target\":[\"https:\\\/\\\/mznoticia.com.br\\\/jaguariaiva\\\/15-filmes-disputam-vaga-para-representar-o-brasil-no-oscar-2027\\\/#respond\"]}]},{\"@type\":\"WebPage\",\"@id\":\"https:\\\/\\\/mznoticia.com.br\\\/jaguariaiva\\\/15-filmes-disputam-vaga-para-representar-o-brasil-no-oscar-2027\\\/\",\"url\":\"https:\\\/\\\/mznoticia.com.br\\\/jaguariaiva\\\/15-filmes-disputam-vaga-para-representar-o-brasil-no-oscar-2027\\\/\",\"name\":\"15 filmes disputam vaga para representar o Brasil no Oscar 2027 - Mz Not\u00edcias\",\"isPartOf\":{\"@id\":\"https:\\\/\\\/mznoticia.com.br\\\/jaguariaiva\\\/#website\"},\"primaryImageOfPage\":{\"@id\":\"https:\\\/\\\/mznoticia.com.br\\\/jaguariaiva\\\/15-filmes-disputam-vaga-para-representar-o-brasil-no-oscar-2027\\\/#primaryimage\"},\"image\":{\"@id\":\"https:\\\/\\\/mznoticia.com.br\\\/jaguariaiva\\\/15-filmes-disputam-vaga-para-representar-o-brasil-no-oscar-2027\\\/#primaryimage\"},\"thumbnailUrl\":\"https:\\\/\\\/mznoticia.com.br\\\/jaguariaiva\\\/wp-content\\\/uploads\\\/2026\\\/08\\\/10-25.jpg\",\"datePublished\":\"2026-08-25T18:25:55+00:00\",\"description\":\"Confira os 15 filmes que disputam a vaga para representar o Brasil no Oscar 2027. Seis ser\u00e3o escolhidos como finalistas em setembro\",\"breadcrumb\":{\"@id\":\"https:\\\/\\\/mznoticia.com.br\\\/jaguariaiva\\\/15-filmes-disputam-vaga-para-representar-o-brasil-no-oscar-2027\\\/#breadcrumb\"},\"inLanguage\":\"pt-BR\",\"potentialAction\":[{\"@type\":\"ReadAction\",\"target\":[\"https:\\\/\\\/mznoticia.com.br\\\/jaguariaiva\\\/15-filmes-disputam-vaga-para-representar-o-brasil-no-oscar-2027\\\/\"]}]},{\"@type\":\"ImageObject\",\"inLanguage\":\"pt-BR\",\"@id\":\"https:\\\/\\\/mznoticia.com.br\\\/jaguariaiva\\\/15-filmes-disputam-vaga-para-representar-o-brasil-no-oscar-2027\\\/#primaryimage\",\"url\":\"https:\\\/\\\/mznoticia.com.br\\\/jaguariaiva\\\/wp-content\\\/uploads\\\/2026\\\/08\\\/10-25.jpg\",\"contentUrl\":\"https:\\\/\\\/mznoticia.com.br\\\/jaguariaiva\\\/wp-content\\\/uploads\\\/2026\\\/08\\\/10-25.jpg\",\"width\":960,\"height\":592},{\"@type\":\"BreadcrumbList\",\"@id\":\"https:\\\/\\\/mznoticia.com.br\\\/jaguariaiva\\\/15-filmes-disputam-vaga-para-representar-o-brasil-no-oscar-2027\\\/#breadcrumb\",\"itemListElement\":[{\"@type\":\"ListItem\",\"position\":1,\"name\":\"Home\",\"item\":\"https:\\\/\\\/mznoticia.com.br\\\/jaguariaiva\\\/\"},{\"@type\":\"ListItem\",\"position\":2,\"name\":\"15 filmes disputam vaga para representar o Brasil no Oscar 2027\"}]},{\"@type\":\"WebSite\",\"@id\":\"https:\\\/\\\/mznoticia.com.br\\\/jaguariaiva\\\/#website\",\"url\":\"https:\\\/\\\/mznoticia.com.br\\\/jaguariaiva\\\/\",\"name\":\"Mz Not\u00edcia\",\"description\":\"A informa\u00e7\u00e3o que voc\u00ea precisa na hora certa!\",\"publisher\":{\"@id\":\"https:\\\/\\\/mznoticia.com.br\\\/jaguariaiva\\\/#organization\"},\"potentialAction\":[{\"@type\":\"SearchAction\",\"target\":{\"@type\":\"EntryPoint\",\"urlTemplate\":\"https:\\\/\\\/mznoticia.com.br\\\/jaguariaiva\\\/?s={search_term_string}\"},\"query-input\":{\"@type\":\"PropertyValueSpecification\",\"valueRequired\":true,\"valueName\":\"search_term_string\"}}],\"inLanguage\":\"pt-BR\"},{\"@type\":\"Organization\",\"@id\":\"https:\\\/\\\/mznoticia.com.br\\\/jaguariaiva\\\/#organization\",\"name\":\"Mz Not\u00edcia\",\"url\":\"https:\\\/\\\/mznoticia.com.br\\\/jaguariaiva\\\/\",\"logo\":{\"@type\":\"ImageObject\",\"inLanguage\":\"pt-BR\",\"@id\":\"https:\\\/\\\/mznoticia.com.br\\\/jaguariaiva\\\/#\\\/schema\\\/logo\\\/image\\\/\",\"url\":\"https:\\\/\\\/mznoticia.com.br\\\/jaguariaiva\\\/wp-content\\\/uploads\\\/2025\\\/03\\\/Design-sem-nome-4-e1741200616392.png\",\"contentUrl\":\"https:\\\/\\\/mznoticia.com.br\\\/jaguariaiva\\\/wp-content\\\/uploads\\\/2025\\\/03\\\/Design-sem-nome-4-e1741200616392.png\",\"width\":750,\"height\":563,\"caption\":\"Mz Not\u00edcia\"},\"image\":{\"@id\":\"https:\\\/\\\/mznoticia.com.br\\\/jaguariaiva\\\/#\\\/schema\\\/logo\\\/image\\\/\"},\"sameAs\":[\"https:\\\/\\\/www.facebook.com\\\/profile.php?id=61573479951222\",\"https:\\\/\\\/www.instagram.com\\\/mz.jaguariaiva\\\/\"]},{\"@type\":\"Person\",\"@id\":\"https:\\\/\\\/mznoticia.com.br\\\/jaguariaiva\\\/#\\\/schema\\\/person\\\/84012d827247b3f42f37b550da79cd03\",\"name\":\"Redacao mz\",\"image\":{\"@type\":\"ImageObject\",\"inLanguage\":\"pt-BR\",\"@id\":\"https:\\\/\\\/mznoticia.com.br\\\/jaguariaiva\\\/wp-content\\\/uploads\\\/2025\\\/02\\\/mznoticia_jaguariaiva_coluna-150x150.png\",\"url\":\"https:\\\/\\\/mznoticia.com.br\\\/jaguariaiva\\\/wp-content\\\/uploads\\\/2025\\\/02\\\/mznoticia_jaguariaiva_coluna-150x150.png\",\"contentUrl\":\"https:\\\/\\\/mznoticia.com.br\\\/jaguariaiva\\\/wp-content\\\/uploads\\\/2025\\\/02\\\/mznoticia_jaguariaiva_coluna-150x150.png\",\"caption\":\"Redacao mz\"},\"sameAs\":[\"http:\\\/\\\/mznoticia.com.br\"],\"url\":\"https:\\\/\\\/mznoticia.com.br\\\/jaguariaiva\\\/author\\\/lucimara\\\/\"}]}<\/script>\n<!-- \/ Yoast SEO plugin. -->","yoast_head_json":{"title":"15 filmes disputam vaga para representar o Brasil no Oscar 2027 - Mz Not\u00edcias","description":"Confira os 15 filmes que disputam a vaga para representar o Brasil no Oscar 2027. Seis ser\u00e3o escolhidos como finalistas em setembro","robots":{"index":"index","follow":"follow","max-snippet":"max-snippet:-1","max-image-preview":"max-image-preview:large","max-video-preview":"max-video-preview:-1"},"canonical":"https:\/\/mznoticia.com.br\/jaguariaiva\/15-filmes-disputam-vaga-para-representar-o-brasil-no-oscar-2027\/","og_locale":"pt_BR","og_type":"article","og_title":"15 filmes disputam vaga para representar o Brasil no Oscar 2027 - Mz Not\u00edcias","og_description":"Confira os 15 filmes que disputam a vaga para representar o Brasil no Oscar 2027. Seis ser\u00e3o escolhidos como finalistas em setembro","og_url":"https:\/\/mznoticia.com.br\/jaguariaiva\/15-filmes-disputam-vaga-para-representar-o-brasil-no-oscar-2027\/","og_site_name":"Mz Not\u00edcias","article_publisher":"https:\/\/www.facebook.com\/profile.php?id=61573479951222","article_published_time":"2026-08-25T18:25:55+00:00","og_image":[{"width":960,"height":592,"url":"https:\/\/mznoticia.com.br\/jaguariaiva\/wp-content\/uploads\/2026\/08\/10-25.jpg","type":"image\/jpeg"}],"author":"Redacao mz","twitter_card":"summary_large_image","twitter_misc":{"Escrito por":"Redacao mz","Est. tempo de leitura":"2 minutos"},"schema":{"@context":"https:\/\/schema.org","@graph":[{"@type":"Article","@id":"https:\/\/mznoticia.com.br\/jaguariaiva\/15-filmes-disputam-vaga-para-representar-o-brasil-no-oscar-2027\/#article","isPartOf":{"@id":"https:\/\/mznoticia.com.br\/jaguariaiva\/15-filmes-disputam-vaga-para-representar-o-brasil-no-oscar-2027\/"},"author":{"name":"Redacao mz","@id":"https:\/\/mznoticia.com.br\/jaguariaiva\/#\/schema\/person\/84012d827247b3f42f37b550da79cd03"},"headline":"15 filmes disputam vaga para representar o Brasil no Oscar 2027","datePublished":"2026-08-25T18:25:55+00:00","mainEntityOfPage":{"@id":"https:\/\/mznoticia.com.br\/jaguariaiva\/15-filmes-disputam-vaga-para-representar-o-brasil-no-oscar-2027\/"},"wordCount":230,"commentCount":0,"publisher":{"@id":"https:\/\/mznoticia.com.br\/jaguariaiva\/#organization"},"image":{"@id":"https:\/\/mznoticia.com.br\/jaguariaiva\/15-filmes-disputam-vaga-para-representar-o-brasil-no-oscar-2027\/#primaryimage"},"thumbnailUrl":"https:\/\/mznoticia.com.br\/jaguariaiva\/wp-content\/uploads\/2026\/08\/10-25.jpg","keywords":["Academia Brasileira de Cinema","Brasil no Oscar","cinema","cinema brasileiro","entretenimento","filmes","filmes brasileiros","Melhor Filme Internacional","Oscar 2027","premia\u00e7\u00e3o"],"articleSection":["Brasil","Cultura"],"inLanguage":"pt-BR","potentialAction":[{"@type":"CommentAction","name":"Comment","target":["https:\/\/mznoticia.com.br\/jaguariaiva\/15-filmes-disputam-vaga-para-representar-o-brasil-no-oscar-2027\/#respond"]}]},{"@type":"WebPage","@id":"https:\/\/mznoticia.com.br\/jaguariaiva\/15-filmes-disputam-vaga-para-representar-o-brasil-no-oscar-2027\/","url":"https:\/\/mznoticia.com.br\/jaguariaiva\/15-filmes-disputam-vaga-para-representar-o-brasil-no-oscar-2027\/","name":"15 filmes disputam vaga para representar o Brasil no Oscar 2027 - Mz Not\u00edcias","isPartOf":{"@id":"https:\/\/mznoticia.com.br\/jaguariaiva\/#website"},"primaryImageOfPage":{"@id":"https:\/\/mznoticia.com.br\/jaguariaiva\/15-filmes-disputam-vaga-para-representar-o-brasil-no-oscar-2027\/#primaryimage"},"image":{"@id":"https:\/\/mznoticia.com.br\/jaguariaiva\/15-filmes-disputam-vaga-para-representar-o-brasil-no-oscar-2027\/#primaryimage"},"thumbnailUrl":"https:\/\/mznoticia.com.br\/jaguariaiva\/wp-content\/uploads\/2026\/08\/10-25.jpg","datePublished":"2026-08-25T18:25:55+00:00","description":"Confira os 15 filmes que disputam a vaga para representar o Brasil no Oscar 2027. Seis ser\u00e3o escolhidos como finalistas em setembro","breadcrumb":{"@id":"https:\/\/mznoticia.com.br\/jaguariaiva\/15-filmes-disputam-vaga-para-representar-o-brasil-no-oscar-2027\/#breadcrumb"},"inLanguage":"pt-BR","potentialAction":[{"@type":"ReadAction","target":["https:\/\/mznoticia.com.br\/jaguariaiva\/15-filmes-disputam-vaga-para-representar-o-brasil-no-oscar-2027\/"]}]},{"@type":"ImageObject","inLanguage":"pt-BR","@id":"https:\/\/mznoticia.com.br\/jaguariaiva\/15-filmes-disputam-vaga-para-representar-o-brasil-no-oscar-2027\/#primaryimage","url":"https:\/\/mznoticia.com.br\/jaguariaiva\/wp-content\/uploads\/2026\/08\/10-25.jpg","contentUrl":"https:\/\/mznoticia.com.br\/jaguariaiva\/wp-content\/uploads\/2026\/08\/10-25.jpg","width":960,"height":592},{"@type":"BreadcrumbList","@id":"https:\/\/mznoticia.com.br\/jaguariaiva\/15-filmes-disputam-vaga-para-representar-o-brasil-no-oscar-2027\/#breadcrumb","itemListElement":[{"@type":"ListItem","position":1,"name":"Home","item":"https:\/\/mznoticia.com.br\/jaguariaiva\/"},{"@type":"ListItem","position":2,"name":"15 filmes disputam vaga para representar o Brasil no Oscar 2027"}]},{"@type":"WebSite","@id":"https:\/\/mznoticia.com.br\/jaguariaiva\/#website","url":"https:\/\/mznoticia.com.br\/jaguariaiva\/","name":"Mz Not\u00edcia","description":"A informa\u00e7\u00e3o que voc\u00ea precisa na hora certa!","publisher":{"@id":"https:\/\/mznoticia.com.br\/jaguariaiva\/#organization"},"potentialAction":[{"@type":"SearchAction","target":{"@type":"EntryPoint","urlTemplate":"https:\/\/mznoticia.com.br\/jaguariaiva\/?s={search_term_string}"},"query-input":{"@type":"PropertyValueSpecification","valueRequired":true,"valueName":"search_term_string"}}],"inLanguage":"pt-BR"},{"@type":"Organization","@id":"https:\/\/mznoticia.com.br\/jaguariaiva\/#organization","name":"Mz Not\u00edcia","url":"https:\/\/mznoticia.com.br\/jaguariaiva\/","logo":{"@type":"ImageObject","inLanguage":"pt-BR","@id":"https:\/\/mznoticia.com.br\/jaguariaiva\/#\/schema\/logo\/image\/","url":"https:\/\/mznoticia.com.br\/jaguariaiva\/wp-content\/uploads\/2025\/03\/Design-sem-nome-4-e1741200616392.png","contentUrl":"https:\/\/mznoticia.com.br\/jaguariaiva\/wp-content\/uploads\/2025\/03\/Design-sem-nome-4-e1741200616392.png","width":750,"height":563,"caption":"Mz Not\u00edcia"},"image":{"@id":"https:\/\/mznoticia.com.br\/jaguariaiva\/#\/schema\/logo\/image\/"},"sameAs":["https:\/\/www.facebook.com\/profile.php?id=61573479951222","https:\/\/www.instagram.com\/mz.jaguariaiva\/"]},{"@type":"Person","@id":"https:\/\/mznoticia.com.br\/jaguariaiva\/#\/schema\/person\/84012d827247b3f42f37b550da79cd03","name":"Redacao mz","image":{"@type":"ImageObject","inLanguage":"pt-BR","@id":"https:\/\/mznoticia.com.br\/jaguariaiva\/wp-content\/uploads\/2025\/02\/mznoticia_jaguariaiva_coluna-150x150.png","url":"https:\/\/mznoticia.com.br\/jaguariaiva\/wp-content\/uploads\/2025\/02\/mznoticia_jaguariaiva_coluna-150x150.png","contentUrl":"https:\/\/mznoticia.com.br\/jaguariaiva\/wp-content\/uploads\/2025\/02\/mznoticia_jaguariaiva_coluna-150x150.png","caption":"Redacao mz"},"sameAs":["http:\/\/mznoticia.com.br"],"url":"https:\/\/mznoticia.com.br\/jaguariaiva\/author\/lucimara\/"}]}},"_links":{"self":[{"href":"https:\/\/mznoticia.com.br\/jaguariaiva\/wp-json\/wp\/v2\/posts\/7046","targetHints":{"allow":["GET"]}}],"collection":[{"href":"https:\/\/mznoticia.com.br\/jaguariaiva\/wp-json\/wp\/v2\/posts"}],"about":[{"href":"https:\/\/mznoticia.com.br\/jaguariaiva\/wp-json\/wp\/v2\/types\/post"}],"author":[{"embeddable":true,"href":"https:\/\/mznoticia.com.br\/jaguariaiva\/wp-json\/wp\/v2\/users\/16"}],"replies":[{"embeddable":true,"href":"https:\/\/mznoticia.com.br\/jaguariaiva\/wp-json\/wp\/v2\/comments?post=7046"}],"version-history":[{"count":1,"href":"https:\/\/mznoticia.com.br\/jaguariaiva\/wp-json\/wp\/v2\/posts\/7046\/revisions"}],"predecessor-version":[{"id":7048,"href":"https:\/\/mznoticia.com.br\/jaguariaiva\/wp-json\/wp\/v2\/posts\/7046\/revisions\/7048"}],"wp:featuredmedia":[{"embeddable":true,"href":"https:\/\/mznoticia.com.br\/jaguariaiva\/wp-json\/wp\/v2\/media\/7047"}],"wp:attachment":[{"href":"https:\/\/mznoticia.com.br\/jaguariaiva\/wp-json\/wp\/v2\/media?parent=7046"}],"wp:term":[{"taxonomy":"category","embeddable":true,"href":"https:\/\/mznoticia.com.br\/jaguariaiva\/wp-json\/wp\/v2\/categories?post=7046"},{"taxonomy":"post_tag","embeddable":true,"href":"https:\/\/mznoticia.com.br\/jaguariaiva\/wp-json\/wp\/v2\/tags?post=7046"}],"curies":[{"name":"wp","href":"https:\/\/api.w.org\/{rel}","templated":true}]}}