{"id":7049,"date":"2026-08-25T18:37:09","date_gmt":"2026-08-25T18:37:09","guid":{"rendered":"https:\/\/mznoticia.com.br\/jaguariaiva\/?p=7049"},"modified":"2026-08-25T18:37:09","modified_gmt":"2026-08-25T18:37:09","slug":"ferroeste-sera-principal-pendencia-da-gestao-afirma-ratinho-jr","status":"publish","type":"post","link":"https:\/\/mznoticia.com.br\/jaguariaiva\/ferroeste-sera-principal-pendencia-da-gestao-afirma-ratinho-jr\/","title":{"rendered":"Ferroeste ser\u00e1 principal pend\u00eancia da gest\u00e3o, afirma Ratinho Jr."},"content":{"rendered":"<p data-start=\"68\" data-end=\"331\">O governador Ratinho Jr. afirmou que a expans\u00e3o da Ferroeste deve ser a principal pend\u00eancia deixada por sua gest\u00e3o. Em entrevista, ele lamentou n\u00e3o conseguir concluir o projeto at\u00e9 o fim do mandato e disse esperar que o pr\u00f3ximo governo d\u00ea continuidade \u00e0 proposta.<\/p>\n<p data-start=\"333\" data-end=\"496\">O projeto prev\u00ea a amplia\u00e7\u00e3o da ferrovia, com liga\u00e7\u00e3o entre Maracaju, no Mato Grosso do Sul, e o Porto de Paranagu\u00e1, passando por munic\u00edpios como Gua\u00edra e Cascavel.<\/p>\n<p data-start=\"498\" data-end=\"806\">Segundo o governador, o avan\u00e7o da obra depende de defini\u00e7\u00f5es envolvendo a Malha Sul, sob responsabilidade do Governo Federal. A licita\u00e7\u00e3o relacionada ao sistema ferrovi\u00e1rio est\u00e1 prevista para 2028, o que, na avalia\u00e7\u00e3o de Ratinho Jr., impede o andamento da expans\u00e3o da Ferroeste no ritmo desejado pelo Estado.<\/p>\n<p data-start=\"808\" data-end=\"984\">\u201cComo esse assunto da Malha Sul ainda n\u00e3o ficou resolvido, n\u00e3o tem como andar com o assunto Ferroeste, porque um fala com o outro, elas s\u00e3o dependentes\u201d, explicou o governador.<\/p>\n<p data-start=\"986\" data-end=\"1234\">Ratinho Jr. destacou que, durante sua administra\u00e7\u00e3o, o Estado conseguiu reorganizar financeiramente a Ferroeste. De acordo com ele, a empresa tinha uma d\u00edvida de aproximadamente R$ 200 milh\u00f5es, que foi quitada, permitindo o saneamento da companhia.<\/p>\n<p data-start=\"1236\" data-end=\"1459\">Apesar de considerar a expans\u00e3o da ferrovia uma pend\u00eancia importante, o governador avaliou positivamente os resultados de sua gest\u00e3o e afirmou que diversos projetos foram executados al\u00e9m do que estava previsto inicialmente.<\/p>\n<p data-start=\"1461\" data-end=\"1735\">Ratinho Jr. tamb\u00e9m manifestou o desejo de que a pr\u00f3xima administra\u00e7\u00e3o estadual d\u00ea sequ\u00eancia ao projeto da Ferroeste. Ele citou o secret\u00e1rio Sandro Alex como seu nome de prefer\u00eancia para a sucess\u00e3o e disse esperar que a futura gest\u00e3o mantenha a proposta entre as prioridades.<\/p>\n<p data-start=\"1737\" data-end=\"1910\" data-is-last-node=\"\" data-is-only-node=\"\">A expans\u00e3o da Ferroeste \u00e9 considerada estrat\u00e9gica para ampliar a capacidade de transporte ferrovi\u00e1rio e fortalecer a liga\u00e7\u00e3o entre regi\u00f5es produtoras e o Porto de Paranagu\u00e1.<\/p>\n","protected":false},"excerpt":{"rendered":"<p>O governador Ratinho Jr. afirmou que a expans\u00e3o da Ferroeste deve ser a principal pend\u00eancia deixada por sua gest\u00e3o. Em entrevista, ele lamentou n\u00e3o conseguir concluir o projeto at\u00e9 o fim do mandato e disse esperar que o pr\u00f3ximo governo d\u00ea continuidade \u00e0 proposta. O projeto prev\u00ea a amplia\u00e7\u00e3o da ferrovia, com liga\u00e7\u00e3o entre Maracaju, [&hellip;]<\/p>\n","protected":false},"author":16,"featured_media":7050,"comment_status":"open","ping_status":"open","sticky":false,"template":"","format":"standard","meta":{"footnotes":""},"categories":[328,7],"tags":[953,478,2701,2703,1583,1294,206,2704,2705,77,2663,2702,1764,2706],"class_list":["post-7049","post","type-post","status-publish","format-standard","has-post-thumbnail","hentry","category-parana","category-politica","tag-cascavel","tag-economia","tag-ferroeste","tag-ferrovia","tag-governo-do-parana","tag-guaira","tag-infraestrutura","tag-malha-sul","tag-maracaju","tag-parana","tag-porto-de-paranagua","tag-ratinho-jr","tag-sandro-alex","tag-transporte-ferroviario"],"yoast_head":"<!-- This site is optimized with the Yoast SEO plugin v28.1 - https:\/\/yoast.com\/product\/yoast-seo-wordpress\/ -->\n<title>Ferroeste ser\u00e1 principal pend\u00eancia da gest\u00e3o, afirma Ratinho Jr. - Mz Not\u00edcias<\/title>\n<meta name=\"description\" content=\"Ratinho Jr. afirma que a expans\u00e3o da Ferroeste ser\u00e1 a principal pend\u00eancia de sua gest\u00e3o e espera que o pr\u00f3ximo governo d\u00ea continuidade ao projeto.\" \/>\n<meta name=\"robots\" content=\"index, follow, max-snippet:-1, max-image-preview:large, max-video-preview:-1\" \/>\n<link rel=\"canonical\" href=\"https:\/\/mznoticia.com.br\/jaguariaiva\/ferroeste-sera-principal-pendencia-da-gestao-afirma-ratinho-jr\/\" \/>\n<meta property=\"og:locale\" content=\"pt_BR\" \/>\n<meta property=\"og:type\" content=\"article\" \/>\n<meta property=\"og:title\" content=\"Ferroeste ser\u00e1 principal pend\u00eancia da gest\u00e3o, afirma Ratinho Jr. - Mz Not\u00edcias\" \/>\n<meta property=\"og:description\" content=\"Ratinho Jr. afirma que a expans\u00e3o da Ferroeste ser\u00e1 a principal pend\u00eancia de sua gest\u00e3o e espera que o pr\u00f3ximo governo d\u00ea continuidade ao projeto.\" \/>\n<meta property=\"og:url\" content=\"https:\/\/mznoticia.com.br\/jaguariaiva\/ferroeste-sera-principal-pendencia-da-gestao-afirma-ratinho-jr\/\" \/>\n<meta property=\"og:site_name\" content=\"Mz Not\u00edcias\" \/>\n<meta property=\"article:publisher\" content=\"https:\/\/www.facebook.com\/profile.php?id=61573479951222\" \/>\n<meta property=\"article:published_time\" content=\"2026-08-25T18:37:09+00:00\" \/>\n<meta property=\"og:image\" content=\"https:\/\/mznoticia.com.br\/jaguariaiva\/wp-content\/uploads\/2026\/08\/10-26.jpg\" \/>\n\t<meta property=\"og:image:width\" content=\"1920\" \/>\n\t<meta property=\"og:image:height\" content=\"1080\" \/>\n\t<meta property=\"og:image:type\" content=\"image\/jpeg\" \/>\n<meta name=\"author\" content=\"Redacao mz\" \/>\n<meta name=\"twitter:card\" content=\"summary_large_image\" \/>\n<meta name=\"twitter:label1\" content=\"Escrito por\" \/>\n\t<meta name=\"twitter:data1\" content=\"Redacao mz\" \/>\n\t<meta name=\"twitter:label2\" content=\"Est. tempo de leitura\" \/>\n\t<meta name=\"twitter:data2\" content=\"2 minutos\" \/>\n<script type=\"application\/ld+json\" class=\"yoast-schema-graph\">{\"@context\":\"https:\\\/\\\/schema.org\",\"@graph\":[{\"@type\":\"Article\",\"@id\":\"https:\\\/\\\/mznoticia.com.br\\\/jaguariaiva\\\/ferroeste-sera-principal-pendencia-da-gestao-afirma-ratinho-jr\\\/#article\",\"isPartOf\":{\"@id\":\"https:\\\/\\\/mznoticia.com.br\\\/jaguariaiva\\\/ferroeste-sera-principal-pendencia-da-gestao-afirma-ratinho-jr\\\/\"},\"author\":{\"name\":\"Redacao mz\",\"@id\":\"https:\\\/\\\/mznoticia.com.br\\\/jaguariaiva\\\/#\\\/schema\\\/person\\\/84012d827247b3f42f37b550da79cd03\"},\"headline\":\"Ferroeste ser\u00e1 principal pend\u00eancia da gest\u00e3o, afirma Ratinho Jr.\",\"datePublished\":\"2026-08-25T18:37:09+00:00\",\"mainEntityOfPage\":{\"@id\":\"https:\\\/\\\/mznoticia.com.br\\\/jaguariaiva\\\/ferroeste-sera-principal-pendencia-da-gestao-afirma-ratinho-jr\\\/\"},\"wordCount\":334,\"commentCount\":0,\"publisher\":{\"@id\":\"https:\\\/\\\/mznoticia.com.br\\\/jaguariaiva\\\/#organization\"},\"image\":{\"@id\":\"https:\\\/\\\/mznoticia.com.br\\\/jaguariaiva\\\/ferroeste-sera-principal-pendencia-da-gestao-afirma-ratinho-jr\\\/#primaryimage\"},\"thumbnailUrl\":\"https:\\\/\\\/mznoticia.com.br\\\/jaguariaiva\\\/wp-content\\\/uploads\\\/2026\\\/08\\\/10-26.jpg\",\"keywords\":[\"Cascavel\",\"Economia\",\"Ferroeste\",\"ferrovia\",\"Governo do Paran\u00e1\",\"Gua\u00edra\",\"infraestrutura\",\"Malha Sul\",\"Maracaju\",\"parana\",\"Porto de Paranagu\u00e1\",\"Ratinho Jr.\",\"Sandro Alex\",\"transporte ferrovi\u00e1rio\"],\"articleSection\":[\"Paran\u00e1\",\"Pol\u00edtica\"],\"inLanguage\":\"pt-BR\",\"potentialAction\":[{\"@type\":\"CommentAction\",\"name\":\"Comment\",\"target\":[\"https:\\\/\\\/mznoticia.com.br\\\/jaguariaiva\\\/ferroeste-sera-principal-pendencia-da-gestao-afirma-ratinho-jr\\\/#respond\"]}]},{\"@type\":\"WebPage\",\"@id\":\"https:\\\/\\\/mznoticia.com.br\\\/jaguariaiva\\\/ferroeste-sera-principal-pendencia-da-gestao-afirma-ratinho-jr\\\/\",\"url\":\"https:\\\/\\\/mznoticia.com.br\\\/jaguariaiva\\\/ferroeste-sera-principal-pendencia-da-gestao-afirma-ratinho-jr\\\/\",\"name\":\"Ferroeste ser\u00e1 principal pend\u00eancia da gest\u00e3o, afirma Ratinho Jr. - Mz Not\u00edcias\",\"isPartOf\":{\"@id\":\"https:\\\/\\\/mznoticia.com.br\\\/jaguariaiva\\\/#website\"},\"primaryImageOfPage\":{\"@id\":\"https:\\\/\\\/mznoticia.com.br\\\/jaguariaiva\\\/ferroeste-sera-principal-pendencia-da-gestao-afirma-ratinho-jr\\\/#primaryimage\"},\"image\":{\"@id\":\"https:\\\/\\\/mznoticia.com.br\\\/jaguariaiva\\\/ferroeste-sera-principal-pendencia-da-gestao-afirma-ratinho-jr\\\/#primaryimage\"},\"thumbnailUrl\":\"https:\\\/\\\/mznoticia.com.br\\\/jaguariaiva\\\/wp-content\\\/uploads\\\/2026\\\/08\\\/10-26.jpg\",\"datePublished\":\"2026-08-25T18:37:09+00:00\",\"description\":\"Ratinho Jr. afirma que a expans\u00e3o da Ferroeste ser\u00e1 a principal pend\u00eancia de sua gest\u00e3o e espera que o pr\u00f3ximo governo d\u00ea continuidade ao projeto.\",\"breadcrumb\":{\"@id\":\"https:\\\/\\\/mznoticia.com.br\\\/jaguariaiva\\\/ferroeste-sera-principal-pendencia-da-gestao-afirma-ratinho-jr\\\/#breadcrumb\"},\"inLanguage\":\"pt-BR\",\"potentialAction\":[{\"@type\":\"ReadAction\",\"target\":[\"https:\\\/\\\/mznoticia.com.br\\\/jaguariaiva\\\/ferroeste-sera-principal-pendencia-da-gestao-afirma-ratinho-jr\\\/\"]}]},{\"@type\":\"ImageObject\",\"inLanguage\":\"pt-BR\",\"@id\":\"https:\\\/\\\/mznoticia.com.br\\\/jaguariaiva\\\/ferroeste-sera-principal-pendencia-da-gestao-afirma-ratinho-jr\\\/#primaryimage\",\"url\":\"https:\\\/\\\/mznoticia.com.br\\\/jaguariaiva\\\/wp-content\\\/uploads\\\/2026\\\/08\\\/10-26.jpg\",\"contentUrl\":\"https:\\\/\\\/mznoticia.com.br\\\/jaguariaiva\\\/wp-content\\\/uploads\\\/2026\\\/08\\\/10-26.jpg\",\"width\":1920,\"height\":1080},{\"@type\":\"BreadcrumbList\",\"@id\":\"https:\\\/\\\/mznoticia.com.br\\\/jaguariaiva\\\/ferroeste-sera-principal-pendencia-da-gestao-afirma-ratinho-jr\\\/#breadcrumb\",\"itemListElement\":[{\"@type\":\"ListItem\",\"position\":1,\"name\":\"Home\",\"item\":\"https:\\\/\\\/mznoticia.com.br\\\/jaguariaiva\\\/\"},{\"@type\":\"ListItem\",\"position\":2,\"name\":\"Ferroeste ser\u00e1 principal pend\u00eancia da gest\u00e3o, afirma Ratinho Jr.\"}]},{\"@type\":\"WebSite\",\"@id\":\"https:\\\/\\\/mznoticia.com.br\\\/jaguariaiva\\\/#website\",\"url\":\"https:\\\/\\\/mznoticia.com.br\\\/jaguariaiva\\\/\",\"name\":\"Mz Not\u00edcia\",\"description\":\"A informa\u00e7\u00e3o que voc\u00ea precisa na hora certa!\",\"publisher\":{\"@id\":\"https:\\\/\\\/mznoticia.com.br\\\/jaguariaiva\\\/#organization\"},\"potentialAction\":[{\"@type\":\"SearchAction\",\"target\":{\"@type\":\"EntryPoint\",\"urlTemplate\":\"https:\\\/\\\/mznoticia.com.br\\\/jaguariaiva\\\/?s={search_term_string}\"},\"query-input\":{\"@type\":\"PropertyValueSpecification\",\"valueRequired\":true,\"valueName\":\"search_term_string\"}}],\"inLanguage\":\"pt-BR\"},{\"@type\":\"Organization\",\"@id\":\"https:\\\/\\\/mznoticia.com.br\\\/jaguariaiva\\\/#organization\",\"name\":\"Mz Not\u00edcia\",\"url\":\"https:\\\/\\\/mznoticia.com.br\\\/jaguariaiva\\\/\",\"logo\":{\"@type\":\"ImageObject\",\"inLanguage\":\"pt-BR\",\"@id\":\"https:\\\/\\\/mznoticia.com.br\\\/jaguariaiva\\\/#\\\/schema\\\/logo\\\/image\\\/\",\"url\":\"https:\\\/\\\/mznoticia.com.br\\\/jaguariaiva\\\/wp-content\\\/uploads\\\/2025\\\/03\\\/Design-sem-nome-4-e1741200616392.png\",\"contentUrl\":\"https:\\\/\\\/mznoticia.com.br\\\/jaguariaiva\\\/wp-content\\\/uploads\\\/2025\\\/03\\\/Design-sem-nome-4-e1741200616392.png\",\"width\":750,\"height\":563,\"caption\":\"Mz Not\u00edcia\"},\"image\":{\"@id\":\"https:\\\/\\\/mznoticia.com.br\\\/jaguariaiva\\\/#\\\/schema\\\/logo\\\/image\\\/\"},\"sameAs\":[\"https:\\\/\\\/www.facebook.com\\\/profile.php?id=61573479951222\",\"https:\\\/\\\/www.instagram.com\\\/mz.jaguariaiva\\\/\"]},{\"@type\":\"Person\",\"@id\":\"https:\\\/\\\/mznoticia.com.br\\\/jaguariaiva\\\/#\\\/schema\\\/person\\\/84012d827247b3f42f37b550da79cd03\",\"name\":\"Redacao mz\",\"image\":{\"@type\":\"ImageObject\",\"inLanguage\":\"pt-BR\",\"@id\":\"https:\\\/\\\/mznoticia.com.br\\\/jaguariaiva\\\/wp-content\\\/uploads\\\/2025\\\/02\\\/mznoticia_jaguariaiva_coluna-150x150.png\",\"url\":\"https:\\\/\\\/mznoticia.com.br\\\/jaguariaiva\\\/wp-content\\\/uploads\\\/2025\\\/02\\\/mznoticia_jaguariaiva_coluna-150x150.png\",\"contentUrl\":\"https:\\\/\\\/mznoticia.com.br\\\/jaguariaiva\\\/wp-content\\\/uploads\\\/2025\\\/02\\\/mznoticia_jaguariaiva_coluna-150x150.png\",\"caption\":\"Redacao mz\"},\"sameAs\":[\"http:\\\/\\\/mznoticia.com.br\"],\"url\":\"https:\\\/\\\/mznoticia.com.br\\\/jaguariaiva\\\/author\\\/lucimara\\\/\"}]}<\/script>\n<!-- \/ Yoast SEO plugin. -->","yoast_head_json":{"title":"Ferroeste ser\u00e1 principal pend\u00eancia da gest\u00e3o, afirma Ratinho Jr. - Mz Not\u00edcias","description":"Ratinho Jr. afirma que a expans\u00e3o da Ferroeste ser\u00e1 a principal pend\u00eancia de sua gest\u00e3o e espera que o pr\u00f3ximo governo d\u00ea continuidade ao projeto.","robots":{"index":"index","follow":"follow","max-snippet":"max-snippet:-1","max-image-preview":"max-image-preview:large","max-video-preview":"max-video-preview:-1"},"canonical":"https:\/\/mznoticia.com.br\/jaguariaiva\/ferroeste-sera-principal-pendencia-da-gestao-afirma-ratinho-jr\/","og_locale":"pt_BR","og_type":"article","og_title":"Ferroeste ser\u00e1 principal pend\u00eancia da gest\u00e3o, afirma Ratinho Jr. - Mz Not\u00edcias","og_description":"Ratinho Jr. afirma que a expans\u00e3o da Ferroeste ser\u00e1 a principal pend\u00eancia de sua gest\u00e3o e espera que o pr\u00f3ximo governo d\u00ea continuidade ao projeto.","og_url":"https:\/\/mznoticia.com.br\/jaguariaiva\/ferroeste-sera-principal-pendencia-da-gestao-afirma-ratinho-jr\/","og_site_name":"Mz Not\u00edcias","article_publisher":"https:\/\/www.facebook.com\/profile.php?id=61573479951222","article_published_time":"2026-08-25T18:37:09+00:00","og_image":[{"width":1920,"height":1080,"url":"https:\/\/mznoticia.com.br\/jaguariaiva\/wp-content\/uploads\/2026\/08\/10-26.jpg","type":"image\/jpeg"}],"author":"Redacao mz","twitter_card":"summary_large_image","twitter_misc":{"Escrito por":"Redacao mz","Est. tempo de leitura":"2 minutos"},"schema":{"@context":"https:\/\/schema.org","@graph":[{"@type":"Article","@id":"https:\/\/mznoticia.com.br\/jaguariaiva\/ferroeste-sera-principal-pendencia-da-gestao-afirma-ratinho-jr\/#article","isPartOf":{"@id":"https:\/\/mznoticia.com.br\/jaguariaiva\/ferroeste-sera-principal-pendencia-da-gestao-afirma-ratinho-jr\/"},"author":{"name":"Redacao mz","@id":"https:\/\/mznoticia.com.br\/jaguariaiva\/#\/schema\/person\/84012d827247b3f42f37b550da79cd03"},"headline":"Ferroeste ser\u00e1 principal pend\u00eancia da gest\u00e3o, afirma Ratinho Jr.","datePublished":"2026-08-25T18:37:09+00:00","mainEntityOfPage":{"@id":"https:\/\/mznoticia.com.br\/jaguariaiva\/ferroeste-sera-principal-pendencia-da-gestao-afirma-ratinho-jr\/"},"wordCount":334,"commentCount":0,"publisher":{"@id":"https:\/\/mznoticia.com.br\/jaguariaiva\/#organization"},"image":{"@id":"https:\/\/mznoticia.com.br\/jaguariaiva\/ferroeste-sera-principal-pendencia-da-gestao-afirma-ratinho-jr\/#primaryimage"},"thumbnailUrl":"https:\/\/mznoticia.com.br\/jaguariaiva\/wp-content\/uploads\/2026\/08\/10-26.jpg","keywords":["Cascavel","Economia","Ferroeste","ferrovia","Governo do Paran\u00e1","Gua\u00edra","infraestrutura","Malha Sul","Maracaju","parana","Porto de Paranagu\u00e1","Ratinho Jr.","Sandro Alex","transporte ferrovi\u00e1rio"],"articleSection":["Paran\u00e1","Pol\u00edtica"],"inLanguage":"pt-BR","potentialAction":[{"@type":"CommentAction","name":"Comment","target":["https:\/\/mznoticia.com.br\/jaguariaiva\/ferroeste-sera-principal-pendencia-da-gestao-afirma-ratinho-jr\/#respond"]}]},{"@type":"WebPage","@id":"https:\/\/mznoticia.com.br\/jaguariaiva\/ferroeste-sera-principal-pendencia-da-gestao-afirma-ratinho-jr\/","url":"https:\/\/mznoticia.com.br\/jaguariaiva\/ferroeste-sera-principal-pendencia-da-gestao-afirma-ratinho-jr\/","name":"Ferroeste ser\u00e1 principal pend\u00eancia da gest\u00e3o, afirma Ratinho Jr. - Mz Not\u00edcias","isPartOf":{"@id":"https:\/\/mznoticia.com.br\/jaguariaiva\/#website"},"primaryImageOfPage":{"@id":"https:\/\/mznoticia.com.br\/jaguariaiva\/ferroeste-sera-principal-pendencia-da-gestao-afirma-ratinho-jr\/#primaryimage"},"image":{"@id":"https:\/\/mznoticia.com.br\/jaguariaiva\/ferroeste-sera-principal-pendencia-da-gestao-afirma-ratinho-jr\/#primaryimage"},"thumbnailUrl":"https:\/\/mznoticia.com.br\/jaguariaiva\/wp-content\/uploads\/2026\/08\/10-26.jpg","datePublished":"2026-08-25T18:37:09+00:00","description":"Ratinho Jr. afirma que a expans\u00e3o da Ferroeste ser\u00e1 a principal pend\u00eancia de sua gest\u00e3o e espera que o pr\u00f3ximo governo d\u00ea continuidade ao projeto.","breadcrumb":{"@id":"https:\/\/mznoticia.com.br\/jaguariaiva\/ferroeste-sera-principal-pendencia-da-gestao-afirma-ratinho-jr\/#breadcrumb"},"inLanguage":"pt-BR","potentialAction":[{"@type":"ReadAction","target":["https:\/\/mznoticia.com.br\/jaguariaiva\/ferroeste-sera-principal-pendencia-da-gestao-afirma-ratinho-jr\/"]}]},{"@type":"ImageObject","inLanguage":"pt-BR","@id":"https:\/\/mznoticia.com.br\/jaguariaiva\/ferroeste-sera-principal-pendencia-da-gestao-afirma-ratinho-jr\/#primaryimage","url":"https:\/\/mznoticia.com.br\/jaguariaiva\/wp-content\/uploads\/2026\/08\/10-26.jpg","contentUrl":"https:\/\/mznoticia.com.br\/jaguariaiva\/wp-content\/uploads\/2026\/08\/10-26.jpg","width":1920,"height":1080},{"@type":"BreadcrumbList","@id":"https:\/\/mznoticia.com.br\/jaguariaiva\/ferroeste-sera-principal-pendencia-da-gestao-afirma-ratinho-jr\/#breadcrumb","itemListElement":[{"@type":"ListItem","position":1,"name":"Home","item":"https:\/\/mznoticia.com.br\/jaguariaiva\/"},{"@type":"ListItem","position":2,"name":"Ferroeste ser\u00e1 principal pend\u00eancia da gest\u00e3o, afirma Ratinho Jr."}]},{"@type":"WebSite","@id":"https:\/\/mznoticia.com.br\/jaguariaiva\/#website","url":"https:\/\/mznoticia.com.br\/jaguariaiva\/","name":"Mz Not\u00edcia","description":"A informa\u00e7\u00e3o que voc\u00ea precisa na hora certa!","publisher":{"@id":"https:\/\/mznoticia.com.br\/jaguariaiva\/#organization"},"potentialAction":[{"@type":"SearchAction","target":{"@type":"EntryPoint","urlTemplate":"https:\/\/mznoticia.com.br\/jaguariaiva\/?s={search_term_string}"},"query-input":{"@type":"PropertyValueSpecification","valueRequired":true,"valueName":"search_term_string"}}],"inLanguage":"pt-BR"},{"@type":"Organization","@id":"https:\/\/mznoticia.com.br\/jaguariaiva\/#organization","name":"Mz Not\u00edcia","url":"https:\/\/mznoticia.com.br\/jaguariaiva\/","logo":{"@type":"ImageObject","inLanguage":"pt-BR","@id":"https:\/\/mznoticia.com.br\/jaguariaiva\/#\/schema\/logo\/image\/","url":"https:\/\/mznoticia.com.br\/jaguariaiva\/wp-content\/uploads\/2025\/03\/Design-sem-nome-4-e1741200616392.png","contentUrl":"https:\/\/mznoticia.com.br\/jaguariaiva\/wp-content\/uploads\/2025\/03\/Design-sem-nome-4-e1741200616392.png","width":750,"height":563,"caption":"Mz Not\u00edcia"},"image":{"@id":"https:\/\/mznoticia.com.br\/jaguariaiva\/#\/schema\/logo\/image\/"},"sameAs":["https:\/\/www.facebook.com\/profile.php?id=61573479951222","https:\/\/www.instagram.com\/mz.jaguariaiva\/"]},{"@type":"Person","@id":"https:\/\/mznoticia.com.br\/jaguariaiva\/#\/schema\/person\/84012d827247b3f42f37b550da79cd03","name":"Redacao mz","image":{"@type":"ImageObject","inLanguage":"pt-BR","@id":"https:\/\/mznoticia.com.br\/jaguariaiva\/wp-content\/uploads\/2025\/02\/mznoticia_jaguariaiva_coluna-150x150.png","url":"https:\/\/mznoticia.com.br\/jaguariaiva\/wp-content\/uploads\/2025\/02\/mznoticia_jaguariaiva_coluna-150x150.png","contentUrl":"https:\/\/mznoticia.com.br\/jaguariaiva\/wp-content\/uploads\/2025\/02\/mznoticia_jaguariaiva_coluna-150x150.png","caption":"Redacao mz"},"sameAs":["http:\/\/mznoticia.com.br"],"url":"https:\/\/mznoticia.com.br\/jaguariaiva\/author\/lucimara\/"}]}},"_links":{"self":[{"href":"https:\/\/mznoticia.com.br\/jaguariaiva\/wp-json\/wp\/v2\/posts\/7049","targetHints":{"allow":["GET"]}}],"collection":[{"href":"https:\/\/mznoticia.com.br\/jaguariaiva\/wp-json\/wp\/v2\/posts"}],"about":[{"href":"https:\/\/mznoticia.com.br\/jaguariaiva\/wp-json\/wp\/v2\/types\/post"}],"author":[{"embeddable":true,"href":"https:\/\/mznoticia.com.br\/jaguariaiva\/wp-json\/wp\/v2\/users\/16"}],"replies":[{"embeddable":true,"href":"https:\/\/mznoticia.com.br\/jaguariaiva\/wp-json\/wp\/v2\/comments?post=7049"}],"version-history":[{"count":1,"href":"https:\/\/mznoticia.com.br\/jaguariaiva\/wp-json\/wp\/v2\/posts\/7049\/revisions"}],"predecessor-version":[{"id":7051,"href":"https:\/\/mznoticia.com.br\/jaguariaiva\/wp-json\/wp\/v2\/posts\/7049\/revisions\/7051"}],"wp:featuredmedia":[{"embeddable":true,"href":"https:\/\/mznoticia.com.br\/jaguariaiva\/wp-json\/wp\/v2\/media\/7050"}],"wp:attachment":[{"href":"https:\/\/mznoticia.com.br\/jaguariaiva\/wp-json\/wp\/v2\/media?parent=7049"}],"wp:term":[{"taxonomy":"category","embeddable":true,"href":"https:\/\/mznoticia.com.br\/jaguariaiva\/wp-json\/wp\/v2\/categories?post=7049"},{"taxonomy":"post_tag","embeddable":true,"href":"https:\/\/mznoticia.com.br\/jaguariaiva\/wp-json\/wp\/v2\/tags?post=7049"}],"curies":[{"name":"wp","href":"https:\/\/api.w.org\/{rel}","templated":true}]}}