{"id":7058,"date":"2026-08-26T12:03:51","date_gmt":"2026-08-26T12:03:51","guid":{"rendered":"https:\/\/mznoticia.com.br\/jaguariaiva\/?p=7058"},"modified":"2026-08-26T12:03:51","modified_gmt":"2026-08-26T12:03:51","slug":"familia-japonesa-e-encontrada-morta-dentro-de-apartamento-no-agua-verde-em-curitiba","status":"publish","type":"post","link":"https:\/\/mznoticia.com.br\/jaguariaiva\/familia-japonesa-e-encontrada-morta-dentro-de-apartamento-no-agua-verde-em-curitiba\/","title":{"rendered":"Fam\u00edlia japonesa \u00e9 encontrada morta dentro de apartamento no \u00c1gua Verde, em Curitiba"},"content":{"rendered":"<h2>Pai, m\u00e3e e filho foram encontrados sem vida ap\u00f3s vizinhos estranharem o desaparecimento da fam\u00edlia; pol\u00edcia investiga poss\u00edvel duplo homic\u00eddio seguido de suic\u00eddio<\/h2>\n<h3>Vizinhos estranharam desaparecimento<\/h3>\n<p class=\"isSelectedEnd\">Tr\u00eas pessoas da mesma fam\u00edlia foram encontradas mortas dentro de um apartamento no bairro \u00c1gua Verde, em Curitiba, na tarde desta ter\u00e7a-feira (25).<\/p>\n<p class=\"isSelectedEnd\">As v\u00edtimas foram identificadas como <strong>Claudia Hitomi Shimada Furuyama, Marcos Alberto Furuyama e Rafael Furuyama<\/strong>, m\u00e3e, pai e filho, respectivamente.<\/p>\n<p class=\"isSelectedEnd\">Moradores do pr\u00e9dio, onde a fam\u00edlia vivia no 9\u00ba andar, estranharam a aus\u00eancia dos vizinhos desde o fim de semana. Al\u00e9m disso, o latido incessante do cachorro da fam\u00edlia chamou a aten\u00e7\u00e3o dos moradores.<\/p>\n<h3>Apartamento estava trancado<\/h3>\n<p class=\"isSelectedEnd\">Ap\u00f3s tentativas de contato sem resposta, o s\u00edndico contratou um chaveiro para abrir a porta do im\u00f3vel. Ao entrar no apartamento, os moradores encontraram os tr\u00eas integrantes da fam\u00edlia mortos.<\/p>\n<p class=\"isSelectedEnd\">Segundo a pol\u00edcia, a porta estava trancada e n\u00e3o havia sinais aparentes de arrombamento.<\/p>\n<p class=\"isSelectedEnd\">As primeiras informa\u00e7\u00f5es apontam que os tr\u00eas estavam desaparecidos havia aproximadamente tr\u00eas dias.<\/p>\n<h3>Pol\u00edcia encontrou faca pr\u00f3xima ao pai<\/h3>\n<p class=\"isSelectedEnd\">De acordo com a Pol\u00edcia Civil, as v\u00edtimas apresentavam ferimentos provocados por facadas. Uma faca foi localizada pela Pol\u00edcia Militar pr\u00f3xima ao corpo do pai.<\/p>\n<p class=\"isSelectedEnd\">Inicialmente, a Pol\u00edcia Militar registrou o caso como uma poss\u00edvel ocorr\u00eancia de <strong>duplo homic\u00eddio seguido de suic\u00eddio<\/strong>.<\/p>\n<p class=\"isSelectedEnd\">A suspeita preliminar \u00e9 de que o homem tenha matado a esposa a facadas e, posteriormente, o filho, de 21 anos. Na sequ\u00eancia, ele teria tirado a pr\u00f3pria vida.<\/p>\n<h3>Fam\u00edlia enfrentava dificuldades financeiras<\/h3>\n<p class=\"isSelectedEnd\">Vizinhos relataram aos policiais que a fam\u00edlia estaria enfrentando problemas financeiros. Segundo os relatos, o apartamento estaria em processo de penhora.<\/p>\n<p>As circunst\u00e2ncias envolvendo a morte das tr\u00eas pessoas ainda ser\u00e3o investigadas. A Pol\u00edcia Civil dever\u00e1 apurar a din\u00e2mica do crime e esclarecer o que aconteceu dentro do im\u00f3vel.<\/p>\n<p>Foto: RPC<\/p>\n","protected":false},"excerpt":{"rendered":"<p>Pai, m\u00e3e e filho foram encontrados sem vida ap\u00f3s vizinhos estranharem o desaparecimento da fam\u00edlia; pol\u00edcia investiga poss\u00edvel duplo homic\u00eddio seguido de suic\u00eddio Vizinhos estranharam desaparecimento Tr\u00eas pessoas da mesma fam\u00edlia foram encontradas mortas dentro de um apartamento no bairro \u00c1gua Verde, em Curitiba, na tarde desta ter\u00e7a-feira (25). As v\u00edtimas foram identificadas como Claudia [&hellip;]<\/p>\n","protected":false},"author":16,"featured_media":7059,"comment_status":"open","ping_status":"open","sticky":false,"template":"","format":"standard","meta":{"footnotes":""},"categories":[4],"tags":[2715,2717,47,2716,173,77,515,139,316,176,2714],"class_list":["post-7058","post","type-post","status-publish","format-standard","has-post-thumbnail","hentry","category-policial","tag-agua-verde","tag-crime-em-curitiba","tag-destaque","tag-familia-morta","tag-homicidio","tag-parana","tag-policia-civil","tag-policia-militar","tag-seguranca-publica","tag-suicidio","tag-uritiba"],"yoast_head":"<!-- This site is optimized with the Yoast SEO plugin v28.1 - https:\/\/yoast.com\/product\/yoast-seo-wordpress\/ -->\n<title>Fam\u00edlia japonesa \u00e9 encontrada morta dentro de apartamento no \u00c1gua Verde, em Curitiba - Mz Not\u00edcias<\/title>\n<meta name=\"description\" content=\"Pai, m\u00e3e e filho foram encontrados mortos em apartamento no \u00c1gua Verde, em Curitiba. Pol\u00edcia investiga poss\u00edvel duplo homic\u00eddio seguido de suic\u00eddio.\" \/>\n<meta name=\"robots\" content=\"index, follow, max-snippet:-1, max-image-preview:large, max-video-preview:-1\" \/>\n<link rel=\"canonical\" href=\"https:\/\/mznoticia.com.br\/jaguariaiva\/familia-japonesa-e-encontrada-morta-dentro-de-apartamento-no-agua-verde-em-curitiba\/\" \/>\n<meta property=\"og:locale\" content=\"pt_BR\" \/>\n<meta property=\"og:type\" content=\"article\" \/>\n<meta property=\"og:title\" content=\"Fam\u00edlia japonesa \u00e9 encontrada morta dentro de apartamento no \u00c1gua Verde, em Curitiba - Mz Not\u00edcias\" \/>\n<meta property=\"og:description\" content=\"Pai, m\u00e3e e filho foram encontrados mortos em apartamento no \u00c1gua Verde, em Curitiba. Pol\u00edcia investiga poss\u00edvel duplo homic\u00eddio seguido de suic\u00eddio.\" \/>\n<meta property=\"og:url\" content=\"https:\/\/mznoticia.com.br\/jaguariaiva\/familia-japonesa-e-encontrada-morta-dentro-de-apartamento-no-agua-verde-em-curitiba\/\" \/>\n<meta property=\"og:site_name\" content=\"Mz Not\u00edcias\" \/>\n<meta property=\"article:publisher\" content=\"https:\/\/www.facebook.com\/profile.php?id=61573479951222\" \/>\n<meta property=\"article:published_time\" content=\"2026-08-26T12:03:51+00:00\" \/>\n<meta name=\"author\" content=\"Redacao mz\" \/>\n<meta name=\"twitter:card\" content=\"summary_large_image\" \/>\n<meta name=\"twitter:label1\" content=\"Escrito por\" \/>\n\t<meta name=\"twitter:data1\" content=\"Redacao mz\" \/>\n\t<meta name=\"twitter:label2\" content=\"Est. tempo de leitura\" \/>\n\t<meta name=\"twitter:data2\" content=\"2 minutos\" \/>\n<script type=\"application\/ld+json\" class=\"yoast-schema-graph\">{\"@context\":\"https:\\\/\\\/schema.org\",\"@graph\":[{\"@type\":\"Article\",\"@id\":\"https:\\\/\\\/mznoticia.com.br\\\/jaguariaiva\\\/familia-japonesa-e-encontrada-morta-dentro-de-apartamento-no-agua-verde-em-curitiba\\\/#article\",\"isPartOf\":{\"@id\":\"https:\\\/\\\/mznoticia.com.br\\\/jaguariaiva\\\/familia-japonesa-e-encontrada-morta-dentro-de-apartamento-no-agua-verde-em-curitiba\\\/\"},\"author\":{\"name\":\"Redacao mz\",\"@id\":\"https:\\\/\\\/mznoticia.com.br\\\/jaguariaiva\\\/#\\\/schema\\\/person\\\/84012d827247b3f42f37b550da79cd03\"},\"headline\":\"Fam\u00edlia japonesa \u00e9 encontrada morta dentro de apartamento no \u00c1gua Verde, em Curitiba\",\"datePublished\":\"2026-08-26T12:03:51+00:00\",\"mainEntityOfPage\":{\"@id\":\"https:\\\/\\\/mznoticia.com.br\\\/jaguariaiva\\\/familia-japonesa-e-encontrada-morta-dentro-de-apartamento-no-agua-verde-em-curitiba\\\/\"},\"wordCount\":353,\"commentCount\":0,\"publisher\":{\"@id\":\"https:\\\/\\\/mznoticia.com.br\\\/jaguariaiva\\\/#organization\"},\"image\":{\"@id\":\"https:\\\/\\\/mznoticia.com.br\\\/jaguariaiva\\\/familia-japonesa-e-encontrada-morta-dentro-de-apartamento-no-agua-verde-em-curitiba\\\/#primaryimage\"},\"thumbnailUrl\":\"https:\\\/\\\/mznoticia.com.br\\\/jaguariaiva\\\/wp-content\\\/uploads\\\/2026\\\/08\\\/50-3.avif\",\"keywords\":[\"\u00c1gua Verde\",\"crime em Curitiba\",\"destaque\",\"fam\u00edlia morta\",\"homic\u00eddio\",\"parana\",\"Pol\u00edcia Civil\",\"pol\u00edcia militar\",\"Seguran\u00e7a P\u00fablica\",\"suic\u00eddio\",\"uritiba\"],\"articleSection\":[\"Policial\"],\"inLanguage\":\"pt-BR\",\"potentialAction\":[{\"@type\":\"CommentAction\",\"name\":\"Comment\",\"target\":[\"https:\\\/\\\/mznoticia.com.br\\\/jaguariaiva\\\/familia-japonesa-e-encontrada-morta-dentro-de-apartamento-no-agua-verde-em-curitiba\\\/#respond\"]}]},{\"@type\":\"WebPage\",\"@id\":\"https:\\\/\\\/mznoticia.com.br\\\/jaguariaiva\\\/familia-japonesa-e-encontrada-morta-dentro-de-apartamento-no-agua-verde-em-curitiba\\\/\",\"url\":\"https:\\\/\\\/mznoticia.com.br\\\/jaguariaiva\\\/familia-japonesa-e-encontrada-morta-dentro-de-apartamento-no-agua-verde-em-curitiba\\\/\",\"name\":\"Fam\u00edlia japonesa \u00e9 encontrada morta dentro de apartamento no \u00c1gua Verde, em Curitiba - Mz Not\u00edcias\",\"isPartOf\":{\"@id\":\"https:\\\/\\\/mznoticia.com.br\\\/jaguariaiva\\\/#website\"},\"primaryImageOfPage\":{\"@id\":\"https:\\\/\\\/mznoticia.com.br\\\/jaguariaiva\\\/familia-japonesa-e-encontrada-morta-dentro-de-apartamento-no-agua-verde-em-curitiba\\\/#primaryimage\"},\"image\":{\"@id\":\"https:\\\/\\\/mznoticia.com.br\\\/jaguariaiva\\\/familia-japonesa-e-encontrada-morta-dentro-de-apartamento-no-agua-verde-em-curitiba\\\/#primaryimage\"},\"thumbnailUrl\":\"https:\\\/\\\/mznoticia.com.br\\\/jaguariaiva\\\/wp-content\\\/uploads\\\/2026\\\/08\\\/50-3.avif\",\"datePublished\":\"2026-08-26T12:03:51+00:00\",\"description\":\"Pai, m\u00e3e e filho foram encontrados mortos em apartamento no \u00c1gua Verde, em Curitiba. Pol\u00edcia investiga poss\u00edvel duplo homic\u00eddio seguido de suic\u00eddio.\",\"breadcrumb\":{\"@id\":\"https:\\\/\\\/mznoticia.com.br\\\/jaguariaiva\\\/familia-japonesa-e-encontrada-morta-dentro-de-apartamento-no-agua-verde-em-curitiba\\\/#breadcrumb\"},\"inLanguage\":\"pt-BR\",\"potentialAction\":[{\"@type\":\"ReadAction\",\"target\":[\"https:\\\/\\\/mznoticia.com.br\\\/jaguariaiva\\\/familia-japonesa-e-encontrada-morta-dentro-de-apartamento-no-agua-verde-em-curitiba\\\/\"]}]},{\"@type\":\"ImageObject\",\"inLanguage\":\"pt-BR\",\"@id\":\"https:\\\/\\\/mznoticia.com.br\\\/jaguariaiva\\\/familia-japonesa-e-encontrada-morta-dentro-de-apartamento-no-agua-verde-em-curitiba\\\/#primaryimage\",\"url\":\"https:\\\/\\\/mznoticia.com.br\\\/jaguariaiva\\\/wp-content\\\/uploads\\\/2026\\\/08\\\/50-3.avif\",\"contentUrl\":\"https:\\\/\\\/mznoticia.com.br\\\/jaguariaiva\\\/wp-content\\\/uploads\\\/2026\\\/08\\\/50-3.avif\",\"width\":984,\"height\":554},{\"@type\":\"BreadcrumbList\",\"@id\":\"https:\\\/\\\/mznoticia.com.br\\\/jaguariaiva\\\/familia-japonesa-e-encontrada-morta-dentro-de-apartamento-no-agua-verde-em-curitiba\\\/#breadcrumb\",\"itemListElement\":[{\"@type\":\"ListItem\",\"position\":1,\"name\":\"Home\",\"item\":\"https:\\\/\\\/mznoticia.com.br\\\/jaguariaiva\\\/\"},{\"@type\":\"ListItem\",\"position\":2,\"name\":\"Fam\u00edlia japonesa \u00e9 encontrada morta dentro de apartamento no \u00c1gua Verde, em Curitiba\"}]},{\"@type\":\"WebSite\",\"@id\":\"https:\\\/\\\/mznoticia.com.br\\\/jaguariaiva\\\/#website\",\"url\":\"https:\\\/\\\/mznoticia.com.br\\\/jaguariaiva\\\/\",\"name\":\"Mz Not\u00edcia\",\"description\":\"A informa\u00e7\u00e3o que voc\u00ea precisa na hora certa!\",\"publisher\":{\"@id\":\"https:\\\/\\\/mznoticia.com.br\\\/jaguariaiva\\\/#organization\"},\"potentialAction\":[{\"@type\":\"SearchAction\",\"target\":{\"@type\":\"EntryPoint\",\"urlTemplate\":\"https:\\\/\\\/mznoticia.com.br\\\/jaguariaiva\\\/?s={search_term_string}\"},\"query-input\":{\"@type\":\"PropertyValueSpecification\",\"valueRequired\":true,\"valueName\":\"search_term_string\"}}],\"inLanguage\":\"pt-BR\"},{\"@type\":\"Organization\",\"@id\":\"https:\\\/\\\/mznoticia.com.br\\\/jaguariaiva\\\/#organization\",\"name\":\"Mz Not\u00edcia\",\"url\":\"https:\\\/\\\/mznoticia.com.br\\\/jaguariaiva\\\/\",\"logo\":{\"@type\":\"ImageObject\",\"inLanguage\":\"pt-BR\",\"@id\":\"https:\\\/\\\/mznoticia.com.br\\\/jaguariaiva\\\/#\\\/schema\\\/logo\\\/image\\\/\",\"url\":\"https:\\\/\\\/mznoticia.com.br\\\/jaguariaiva\\\/wp-content\\\/uploads\\\/2025\\\/03\\\/Design-sem-nome-4-e1741200616392.png\",\"contentUrl\":\"https:\\\/\\\/mznoticia.com.br\\\/jaguariaiva\\\/wp-content\\\/uploads\\\/2025\\\/03\\\/Design-sem-nome-4-e1741200616392.png\",\"width\":750,\"height\":563,\"caption\":\"Mz Not\u00edcia\"},\"image\":{\"@id\":\"https:\\\/\\\/mznoticia.com.br\\\/jaguariaiva\\\/#\\\/schema\\\/logo\\\/image\\\/\"},\"sameAs\":[\"https:\\\/\\\/www.facebook.com\\\/profile.php?id=61573479951222\",\"https:\\\/\\\/www.instagram.com\\\/mz.jaguariaiva\\\/\"]},{\"@type\":\"Person\",\"@id\":\"https:\\\/\\\/mznoticia.com.br\\\/jaguariaiva\\\/#\\\/schema\\\/person\\\/84012d827247b3f42f37b550da79cd03\",\"name\":\"Redacao mz\",\"image\":{\"@type\":\"ImageObject\",\"inLanguage\":\"pt-BR\",\"@id\":\"https:\\\/\\\/mznoticia.com.br\\\/jaguariaiva\\\/wp-content\\\/uploads\\\/2025\\\/02\\\/mznoticia_jaguariaiva_coluna-150x150.png\",\"url\":\"https:\\\/\\\/mznoticia.com.br\\\/jaguariaiva\\\/wp-content\\\/uploads\\\/2025\\\/02\\\/mznoticia_jaguariaiva_coluna-150x150.png\",\"contentUrl\":\"https:\\\/\\\/mznoticia.com.br\\\/jaguariaiva\\\/wp-content\\\/uploads\\\/2025\\\/02\\\/mznoticia_jaguariaiva_coluna-150x150.png\",\"caption\":\"Redacao mz\"},\"sameAs\":[\"http:\\\/\\\/mznoticia.com.br\"],\"url\":\"https:\\\/\\\/mznoticia.com.br\\\/jaguariaiva\\\/author\\\/lucimara\\\/\"}]}<\/script>\n<!-- \/ Yoast SEO plugin. -->","yoast_head_json":{"title":"Fam\u00edlia japonesa \u00e9 encontrada morta dentro de apartamento no \u00c1gua Verde, em Curitiba - Mz Not\u00edcias","description":"Pai, m\u00e3e e filho foram encontrados mortos em apartamento no \u00c1gua Verde, em Curitiba. Pol\u00edcia investiga poss\u00edvel duplo homic\u00eddio seguido de suic\u00eddio.","robots":{"index":"index","follow":"follow","max-snippet":"max-snippet:-1","max-image-preview":"max-image-preview:large","max-video-preview":"max-video-preview:-1"},"canonical":"https:\/\/mznoticia.com.br\/jaguariaiva\/familia-japonesa-e-encontrada-morta-dentro-de-apartamento-no-agua-verde-em-curitiba\/","og_locale":"pt_BR","og_type":"article","og_title":"Fam\u00edlia japonesa \u00e9 encontrada morta dentro de apartamento no \u00c1gua Verde, em Curitiba - Mz Not\u00edcias","og_description":"Pai, m\u00e3e e filho foram encontrados mortos em apartamento no \u00c1gua Verde, em Curitiba. Pol\u00edcia investiga poss\u00edvel duplo homic\u00eddio seguido de suic\u00eddio.","og_url":"https:\/\/mznoticia.com.br\/jaguariaiva\/familia-japonesa-e-encontrada-morta-dentro-de-apartamento-no-agua-verde-em-curitiba\/","og_site_name":"Mz Not\u00edcias","article_publisher":"https:\/\/www.facebook.com\/profile.php?id=61573479951222","article_published_time":"2026-08-26T12:03:51+00:00","author":"Redacao mz","twitter_card":"summary_large_image","twitter_misc":{"Escrito por":"Redacao mz","Est. tempo de leitura":"2 minutos"},"schema":{"@context":"https:\/\/schema.org","@graph":[{"@type":"Article","@id":"https:\/\/mznoticia.com.br\/jaguariaiva\/familia-japonesa-e-encontrada-morta-dentro-de-apartamento-no-agua-verde-em-curitiba\/#article","isPartOf":{"@id":"https:\/\/mznoticia.com.br\/jaguariaiva\/familia-japonesa-e-encontrada-morta-dentro-de-apartamento-no-agua-verde-em-curitiba\/"},"author":{"name":"Redacao mz","@id":"https:\/\/mznoticia.com.br\/jaguariaiva\/#\/schema\/person\/84012d827247b3f42f37b550da79cd03"},"headline":"Fam\u00edlia japonesa \u00e9 encontrada morta dentro de apartamento no \u00c1gua Verde, em Curitiba","datePublished":"2026-08-26T12:03:51+00:00","mainEntityOfPage":{"@id":"https:\/\/mznoticia.com.br\/jaguariaiva\/familia-japonesa-e-encontrada-morta-dentro-de-apartamento-no-agua-verde-em-curitiba\/"},"wordCount":353,"commentCount":0,"publisher":{"@id":"https:\/\/mznoticia.com.br\/jaguariaiva\/#organization"},"image":{"@id":"https:\/\/mznoticia.com.br\/jaguariaiva\/familia-japonesa-e-encontrada-morta-dentro-de-apartamento-no-agua-verde-em-curitiba\/#primaryimage"},"thumbnailUrl":"https:\/\/mznoticia.com.br\/jaguariaiva\/wp-content\/uploads\/2026\/08\/50-3.avif","keywords":["\u00c1gua Verde","crime em Curitiba","destaque","fam\u00edlia morta","homic\u00eddio","parana","Pol\u00edcia Civil","pol\u00edcia militar","Seguran\u00e7a P\u00fablica","suic\u00eddio","uritiba"],"articleSection":["Policial"],"inLanguage":"pt-BR","potentialAction":[{"@type":"CommentAction","name":"Comment","target":["https:\/\/mznoticia.com.br\/jaguariaiva\/familia-japonesa-e-encontrada-morta-dentro-de-apartamento-no-agua-verde-em-curitiba\/#respond"]}]},{"@type":"WebPage","@id":"https:\/\/mznoticia.com.br\/jaguariaiva\/familia-japonesa-e-encontrada-morta-dentro-de-apartamento-no-agua-verde-em-curitiba\/","url":"https:\/\/mznoticia.com.br\/jaguariaiva\/familia-japonesa-e-encontrada-morta-dentro-de-apartamento-no-agua-verde-em-curitiba\/","name":"Fam\u00edlia japonesa \u00e9 encontrada morta dentro de apartamento no \u00c1gua Verde, em Curitiba - Mz Not\u00edcias","isPartOf":{"@id":"https:\/\/mznoticia.com.br\/jaguariaiva\/#website"},"primaryImageOfPage":{"@id":"https:\/\/mznoticia.com.br\/jaguariaiva\/familia-japonesa-e-encontrada-morta-dentro-de-apartamento-no-agua-verde-em-curitiba\/#primaryimage"},"image":{"@id":"https:\/\/mznoticia.com.br\/jaguariaiva\/familia-japonesa-e-encontrada-morta-dentro-de-apartamento-no-agua-verde-em-curitiba\/#primaryimage"},"thumbnailUrl":"https:\/\/mznoticia.com.br\/jaguariaiva\/wp-content\/uploads\/2026\/08\/50-3.avif","datePublished":"2026-08-26T12:03:51+00:00","description":"Pai, m\u00e3e e filho foram encontrados mortos em apartamento no \u00c1gua Verde, em Curitiba. Pol\u00edcia investiga poss\u00edvel duplo homic\u00eddio seguido de suic\u00eddio.","breadcrumb":{"@id":"https:\/\/mznoticia.com.br\/jaguariaiva\/familia-japonesa-e-encontrada-morta-dentro-de-apartamento-no-agua-verde-em-curitiba\/#breadcrumb"},"inLanguage":"pt-BR","potentialAction":[{"@type":"ReadAction","target":["https:\/\/mznoticia.com.br\/jaguariaiva\/familia-japonesa-e-encontrada-morta-dentro-de-apartamento-no-agua-verde-em-curitiba\/"]}]},{"@type":"ImageObject","inLanguage":"pt-BR","@id":"https:\/\/mznoticia.com.br\/jaguariaiva\/familia-japonesa-e-encontrada-morta-dentro-de-apartamento-no-agua-verde-em-curitiba\/#primaryimage","url":"https:\/\/mznoticia.com.br\/jaguariaiva\/wp-content\/uploads\/2026\/08\/50-3.avif","contentUrl":"https:\/\/mznoticia.com.br\/jaguariaiva\/wp-content\/uploads\/2026\/08\/50-3.avif","width":984,"height":554},{"@type":"BreadcrumbList","@id":"https:\/\/mznoticia.com.br\/jaguariaiva\/familia-japonesa-e-encontrada-morta-dentro-de-apartamento-no-agua-verde-em-curitiba\/#breadcrumb","itemListElement":[{"@type":"ListItem","position":1,"name":"Home","item":"https:\/\/mznoticia.com.br\/jaguariaiva\/"},{"@type":"ListItem","position":2,"name":"Fam\u00edlia japonesa \u00e9 encontrada morta dentro de apartamento no \u00c1gua Verde, em Curitiba"}]},{"@type":"WebSite","@id":"https:\/\/mznoticia.com.br\/jaguariaiva\/#website","url":"https:\/\/mznoticia.com.br\/jaguariaiva\/","name":"Mz Not\u00edcia","description":"A informa\u00e7\u00e3o que voc\u00ea precisa na hora certa!","publisher":{"@id":"https:\/\/mznoticia.com.br\/jaguariaiva\/#organization"},"potentialAction":[{"@type":"SearchAction","target":{"@type":"EntryPoint","urlTemplate":"https:\/\/mznoticia.com.br\/jaguariaiva\/?s={search_term_string}"},"query-input":{"@type":"PropertyValueSpecification","valueRequired":true,"valueName":"search_term_string"}}],"inLanguage":"pt-BR"},{"@type":"Organization","@id":"https:\/\/mznoticia.com.br\/jaguariaiva\/#organization","name":"Mz Not\u00edcia","url":"https:\/\/mznoticia.com.br\/jaguariaiva\/","logo":{"@type":"ImageObject","inLanguage":"pt-BR","@id":"https:\/\/mznoticia.com.br\/jaguariaiva\/#\/schema\/logo\/image\/","url":"https:\/\/mznoticia.com.br\/jaguariaiva\/wp-content\/uploads\/2025\/03\/Design-sem-nome-4-e1741200616392.png","contentUrl":"https:\/\/mznoticia.com.br\/jaguariaiva\/wp-content\/uploads\/2025\/03\/Design-sem-nome-4-e1741200616392.png","width":750,"height":563,"caption":"Mz Not\u00edcia"},"image":{"@id":"https:\/\/mznoticia.com.br\/jaguariaiva\/#\/schema\/logo\/image\/"},"sameAs":["https:\/\/www.facebook.com\/profile.php?id=61573479951222","https:\/\/www.instagram.com\/mz.jaguariaiva\/"]},{"@type":"Person","@id":"https:\/\/mznoticia.com.br\/jaguariaiva\/#\/schema\/person\/84012d827247b3f42f37b550da79cd03","name":"Redacao mz","image":{"@type":"ImageObject","inLanguage":"pt-BR","@id":"https:\/\/mznoticia.com.br\/jaguariaiva\/wp-content\/uploads\/2025\/02\/mznoticia_jaguariaiva_coluna-150x150.png","url":"https:\/\/mznoticia.com.br\/jaguariaiva\/wp-content\/uploads\/2025\/02\/mznoticia_jaguariaiva_coluna-150x150.png","contentUrl":"https:\/\/mznoticia.com.br\/jaguariaiva\/wp-content\/uploads\/2025\/02\/mznoticia_jaguariaiva_coluna-150x150.png","caption":"Redacao mz"},"sameAs":["http:\/\/mznoticia.com.br"],"url":"https:\/\/mznoticia.com.br\/jaguariaiva\/author\/lucimara\/"}]}},"_links":{"self":[{"href":"https:\/\/mznoticia.com.br\/jaguariaiva\/wp-json\/wp\/v2\/posts\/7058","targetHints":{"allow":["GET"]}}],"collection":[{"href":"https:\/\/mznoticia.com.br\/jaguariaiva\/wp-json\/wp\/v2\/posts"}],"about":[{"href":"https:\/\/mznoticia.com.br\/jaguariaiva\/wp-json\/wp\/v2\/types\/post"}],"author":[{"embeddable":true,"href":"https:\/\/mznoticia.com.br\/jaguariaiva\/wp-json\/wp\/v2\/users\/16"}],"replies":[{"embeddable":true,"href":"https:\/\/mznoticia.com.br\/jaguariaiva\/wp-json\/wp\/v2\/comments?post=7058"}],"version-history":[{"count":1,"href":"https:\/\/mznoticia.com.br\/jaguariaiva\/wp-json\/wp\/v2\/posts\/7058\/revisions"}],"predecessor-version":[{"id":7060,"href":"https:\/\/mznoticia.com.br\/jaguariaiva\/wp-json\/wp\/v2\/posts\/7058\/revisions\/7060"}],"wp:featuredmedia":[{"embeddable":true,"href":"https:\/\/mznoticia.com.br\/jaguariaiva\/wp-json\/wp\/v2\/media\/7059"}],"wp:attachment":[{"href":"https:\/\/mznoticia.com.br\/jaguariaiva\/wp-json\/wp\/v2\/media?parent=7058"}],"wp:term":[{"taxonomy":"category","embeddable":true,"href":"https:\/\/mznoticia.com.br\/jaguariaiva\/wp-json\/wp\/v2\/categories?post=7058"},{"taxonomy":"post_tag","embeddable":true,"href":"https:\/\/mznoticia.com.br\/jaguariaiva\/wp-json\/wp\/v2\/tags?post=7058"}],"curies":[{"name":"wp","href":"https:\/\/api.w.org\/{rel}","templated":true}]}}