{"id":7064,"date":"2026-08-26T12:59:42","date_gmt":"2026-08-26T12:59:42","guid":{"rendered":"https:\/\/mznoticia.com.br\/jaguariaiva\/?p=7064"},"modified":"2026-08-26T12:59:42","modified_gmt":"2026-08-26T12:59:42","slug":"parana-registra-nova-queda-nos-indices-de-criminalidade-e-atinge-menores-patamares-da-serie-historica","status":"publish","type":"post","link":"https:\/\/mznoticia.com.br\/jaguariaiva\/parana-registra-nova-queda-nos-indices-de-criminalidade-e-atinge-menores-patamares-da-serie-historica\/","title":{"rendered":"Paran\u00e1 registra nova queda nos \u00edndices de criminalidade e atinge menores patamares da s\u00e9rie hist\u00f3rica"},"content":{"rendered":"<h2>De janeiro a julho de 2026, Estado teve redu\u00e7\u00e3o de homic\u00eddios, roubos, furtos e crimes relacionados a ve\u00edculos<\/h2>\n<h3>Homic\u00eddios caem 4% em um ano<\/h3>\n<p class=\"isSelectedEnd\">O Paran\u00e1 registrou, entre janeiro e julho de 2026, uma nova redu\u00e7\u00e3o nos principais indicadores de criminalidade. Os n\u00fameros refor\u00e7am a queda dos \u00edndices que j\u00e1 estavam entre os menores registrados na s\u00e9rie hist\u00f3rica do Estado.<\/p>\n<p class=\"isSelectedEnd\">Entre os destaques est\u00e1 a redu\u00e7\u00e3o dos homic\u00eddios. Nos primeiros sete meses de 2026, foram registradas 658 ocorr\u00eancias, contra 687 no mesmo per\u00edodo de 2025. A queda foi de 4%.<\/p>\n<p class=\"isSelectedEnd\">Na compara\u00e7\u00e3o com o per\u00edodo de janeiro a julho de 2018, quando foram registrados 1.145 homic\u00eddios, o n\u00famero caiu para 658 em 2026, representando uma redu\u00e7\u00e3o de 43%.<\/p>\n<h3>Roubos t\u00eam queda de 21%<\/h3>\n<p class=\"isSelectedEnd\">Os registros de roubos em geral tamb\u00e9m apresentaram redu\u00e7\u00e3o significativa.<\/p>\n<p class=\"isSelectedEnd\">Entre janeiro e julho de 2025, o Paran\u00e1 registrou 8.940 ocorr\u00eancias. No mesmo per\u00edodo de 2026, foram 7.056 casos, uma queda de 21%.<\/p>\n<p class=\"isSelectedEnd\">Considerando a compara\u00e7\u00e3o com os primeiros sete meses de 2018, quando foram contabilizados 36.239 roubos, a redu\u00e7\u00e3o chega a 81%, com 7.056 ocorr\u00eancias registradas em 2026.<\/p>\n<h3>Furtos tamb\u00e9m diminuem<\/h3>\n<p class=\"isSelectedEnd\">Os furtos apresentaram redu\u00e7\u00e3o de 7% na compara\u00e7\u00e3o entre os primeiros sete meses de 2025 e o mesmo per\u00edodo de 2026.<\/p>\n<p class=\"isSelectedEnd\">O n\u00famero passou de 83.243 ocorr\u00eancias para 77.630.<\/p>\n<p class=\"isSelectedEnd\">J\u00e1 na compara\u00e7\u00e3o entre janeiro e julho de 2018 e o mesmo per\u00edodo de 2026, a queda foi de 24%. Os registros passaram de 102.363 para 77.630 ocorr\u00eancias.<\/p>\n<h3>Roubos de ve\u00edculos caem 24%<\/h3>\n<p class=\"isSelectedEnd\">Entre os crimes relacionados a ve\u00edculos, os roubos tiveram redu\u00e7\u00e3o de 24% nos primeiros sete meses de 2026 em compara\u00e7\u00e3o com o mesmo per\u00edodo do ano anterior.<\/p>\n<p class=\"isSelectedEnd\">Os registros passaram de 941 casos em 2025 para 711 em 2026.<\/p>\n<p class=\"isSelectedEnd\">Na compara\u00e7\u00e3o com 2018, quando foram registrados 4.885 roubos de ve\u00edculos entre janeiro e julho, o n\u00famero caiu para 711 em 2026, uma redu\u00e7\u00e3o de 85%.<\/p>\n<h3>Furtos de ve\u00edculos t\u00eam redu\u00e7\u00e3o de 58% desde 2018<\/h3>\n<p class=\"isSelectedEnd\">Os furtos de ve\u00edculos tamb\u00e9m apresentaram queda expressiva. Foram registrados 4.283 casos entre janeiro e julho de 2026, contra 5.365 no mesmo per\u00edodo de 2025, uma redu\u00e7\u00e3o de 20%.<\/p>\n<p class=\"isSelectedEnd\">Em rela\u00e7\u00e3o a 2018, a queda \u00e9 ainda maior. Naquele ano, foram contabilizados 10.314 furtos de ve\u00edculos nos primeiros sete meses. Em 2026, o n\u00famero caiu para 4.283, uma redu\u00e7\u00e3o de 58%.<\/p>\n<h3>Integra\u00e7\u00e3o e investimentos na seguran\u00e7a<\/h3>\n<p class=\"isSelectedEnd\">A atua\u00e7\u00e3o integrada das for\u00e7as policiais, aliada aos investimentos em estrutura, amplia\u00e7\u00e3o, valoriza\u00e7\u00e3o e treinamento dos efetivos, \u00e9 apontada como parte da estrat\u00e9gia utilizada para reduzir os \u00edndices de criminalidade no Paran\u00e1.<\/p>\n<p class=\"isSelectedEnd\">Entre os investimentos destacados est\u00e3o a aquisi\u00e7\u00e3o de novos armamentos, tecnologias e equipamentos, que buscam ampliar a capacidade das for\u00e7as de seguran\u00e7a no combate ao crime.<\/p>\n<p class=\"isSelectedEnd\">A estrutura tamb\u00e9m contribui para o desenvolvimento de a\u00e7\u00f5es de intelig\u00eancia e para dar maior agilidade \u00e0s investiga\u00e7\u00f5es e \u00e0s respostas \u00e0s demandas da popula\u00e7\u00e3o.<\/p>\n<p>Os dados s\u00e3o do Centro de An\u00e1lise, Planejamento e Estat\u00edstica (CAPE), da Secretaria da Seguran\u00e7a P\u00fablica do Paran\u00e1 (Sesp).<\/p>\n","protected":false},"excerpt":{"rendered":"<p>De janeiro a julho de 2026, Estado teve redu\u00e7\u00e3o de homic\u00eddios, roubos, furtos e crimes relacionados a ve\u00edculos Homic\u00eddios caem 4% em um ano O Paran\u00e1 registrou, entre janeiro e julho de 2026, uma nova redu\u00e7\u00e3o nos principais indicadores de criminalidade. Os n\u00fameros refor\u00e7am a queda dos \u00edndices que j\u00e1 estavam entre os menores registrados [&hellip;]<\/p>\n","protected":false},"author":16,"featured_media":7065,"comment_status":"open","ping_status":"open","sticky":false,"template":"","format":"standard","meta":{"footnotes":""},"categories":[328,4],"tags":[929,47,2724,2726,2722,77,2723,2725,398,316,2727],"class_list":["post-7064","post","type-post","status-publish","format-standard","has-post-thumbnail","hentry","category-parana","category-policial","tag-criminalidade","tag-destaque","tag-furtos","tag-furtos-de-veiculos","tag-homicidios","tag-parana","tag-roubos","tag-roubos-de-veiculos","tag-seguranca","tag-seguranca-publica","tag-sesp"],"yoast_head":"<!-- This site is optimized with the Yoast SEO plugin v28.1 - https:\/\/yoast.com\/product\/yoast-seo-wordpress\/ -->\n<title>Paran\u00e1 registra nova queda nos \u00edndices de criminalidade e atinge menores patamares da s\u00e9rie hist\u00f3rica - Mz Not\u00edcias<\/title>\n<meta name=\"description\" content=\"Paran\u00e1 registra queda de homic\u00eddios, roubos, furtos e crimes contra ve\u00edculos entre janeiro e julho de 2026, segundo dados da Seguran\u00e7a P\u00fablica.\" \/>\n<meta name=\"robots\" content=\"index, follow, max-snippet:-1, max-image-preview:large, max-video-preview:-1\" \/>\n<link rel=\"canonical\" href=\"https:\/\/mznoticia.com.br\/jaguariaiva\/parana-registra-nova-queda-nos-indices-de-criminalidade-e-atinge-menores-patamares-da-serie-historica\/\" \/>\n<meta property=\"og:locale\" content=\"pt_BR\" \/>\n<meta property=\"og:type\" content=\"article\" \/>\n<meta property=\"og:title\" content=\"Paran\u00e1 registra nova queda nos \u00edndices de criminalidade e atinge menores patamares da s\u00e9rie hist\u00f3rica - Mz Not\u00edcias\" \/>\n<meta property=\"og:description\" content=\"Paran\u00e1 registra queda de homic\u00eddios, roubos, furtos e crimes contra ve\u00edculos entre janeiro e julho de 2026, segundo dados da Seguran\u00e7a P\u00fablica.\" \/>\n<meta property=\"og:url\" content=\"https:\/\/mznoticia.com.br\/jaguariaiva\/parana-registra-nova-queda-nos-indices-de-criminalidade-e-atinge-menores-patamares-da-serie-historica\/\" \/>\n<meta property=\"og:site_name\" content=\"Mz Not\u00edcias\" \/>\n<meta property=\"article:publisher\" content=\"https:\/\/www.facebook.com\/profile.php?id=61573479951222\" \/>\n<meta property=\"article:published_time\" content=\"2026-08-26T12:59:42+00:00\" \/>\n<meta property=\"og:image\" content=\"https:\/\/mznoticia.com.br\/jaguariaiva\/wp-content\/uploads\/2026\/08\/100-7.jpg\" \/>\n\t<meta property=\"og:image:width\" content=\"1600\" \/>\n\t<meta property=\"og:image:height\" content=\"1066\" \/>\n\t<meta property=\"og:image:type\" content=\"image\/jpeg\" \/>\n<meta name=\"author\" content=\"Redacao mz\" \/>\n<meta name=\"twitter:card\" content=\"summary_large_image\" \/>\n<meta name=\"twitter:label1\" content=\"Escrito por\" \/>\n\t<meta name=\"twitter:data1\" content=\"Redacao mz\" \/>\n\t<meta name=\"twitter:label2\" content=\"Est. tempo de leitura\" \/>\n\t<meta name=\"twitter:data2\" content=\"3 minutos\" \/>\n<script type=\"application\/ld+json\" class=\"yoast-schema-graph\">{\"@context\":\"https:\\\/\\\/schema.org\",\"@graph\":[{\"@type\":\"Article\",\"@id\":\"https:\\\/\\\/mznoticia.com.br\\\/jaguariaiva\\\/parana-registra-nova-queda-nos-indices-de-criminalidade-e-atinge-menores-patamares-da-serie-historica\\\/#article\",\"isPartOf\":{\"@id\":\"https:\\\/\\\/mznoticia.com.br\\\/jaguariaiva\\\/parana-registra-nova-queda-nos-indices-de-criminalidade-e-atinge-menores-patamares-da-serie-historica\\\/\"},\"author\":{\"name\":\"Redacao mz\",\"@id\":\"https:\\\/\\\/mznoticia.com.br\\\/jaguariaiva\\\/#\\\/schema\\\/person\\\/84012d827247b3f42f37b550da79cd03\"},\"headline\":\"Paran\u00e1 registra nova queda nos \u00edndices de criminalidade e atinge menores patamares da s\u00e9rie hist\u00f3rica\",\"datePublished\":\"2026-08-26T12:59:42+00:00\",\"mainEntityOfPage\":{\"@id\":\"https:\\\/\\\/mznoticia.com.br\\\/jaguariaiva\\\/parana-registra-nova-queda-nos-indices-de-criminalidade-e-atinge-menores-patamares-da-serie-historica\\\/\"},\"wordCount\":522,\"commentCount\":0,\"publisher\":{\"@id\":\"https:\\\/\\\/mznoticia.com.br\\\/jaguariaiva\\\/#organization\"},\"image\":{\"@id\":\"https:\\\/\\\/mznoticia.com.br\\\/jaguariaiva\\\/parana-registra-nova-queda-nos-indices-de-criminalidade-e-atinge-menores-patamares-da-serie-historica\\\/#primaryimage\"},\"thumbnailUrl\":\"https:\\\/\\\/mznoticia.com.br\\\/jaguariaiva\\\/wp-content\\\/uploads\\\/2026\\\/08\\\/100-7.jpg\",\"keywords\":[\"Criminalidade\",\"destaque\",\"furtos\",\"furtos de ve\u00edculos\",\"homic\u00eddios\",\"parana\",\"roubos\",\"roubos de ve\u00edculos\",\"Seguran\u00e7a\",\"Seguran\u00e7a P\u00fablica\",\"Sesp\"],\"articleSection\":[\"Paran\u00e1\",\"Policial\"],\"inLanguage\":\"pt-BR\",\"potentialAction\":[{\"@type\":\"CommentAction\",\"name\":\"Comment\",\"target\":[\"https:\\\/\\\/mznoticia.com.br\\\/jaguariaiva\\\/parana-registra-nova-queda-nos-indices-de-criminalidade-e-atinge-menores-patamares-da-serie-historica\\\/#respond\"]}]},{\"@type\":\"WebPage\",\"@id\":\"https:\\\/\\\/mznoticia.com.br\\\/jaguariaiva\\\/parana-registra-nova-queda-nos-indices-de-criminalidade-e-atinge-menores-patamares-da-serie-historica\\\/\",\"url\":\"https:\\\/\\\/mznoticia.com.br\\\/jaguariaiva\\\/parana-registra-nova-queda-nos-indices-de-criminalidade-e-atinge-menores-patamares-da-serie-historica\\\/\",\"name\":\"Paran\u00e1 registra nova queda nos \u00edndices de criminalidade e atinge menores patamares da s\u00e9rie hist\u00f3rica - Mz Not\u00edcias\",\"isPartOf\":{\"@id\":\"https:\\\/\\\/mznoticia.com.br\\\/jaguariaiva\\\/#website\"},\"primaryImageOfPage\":{\"@id\":\"https:\\\/\\\/mznoticia.com.br\\\/jaguariaiva\\\/parana-registra-nova-queda-nos-indices-de-criminalidade-e-atinge-menores-patamares-da-serie-historica\\\/#primaryimage\"},\"image\":{\"@id\":\"https:\\\/\\\/mznoticia.com.br\\\/jaguariaiva\\\/parana-registra-nova-queda-nos-indices-de-criminalidade-e-atinge-menores-patamares-da-serie-historica\\\/#primaryimage\"},\"thumbnailUrl\":\"https:\\\/\\\/mznoticia.com.br\\\/jaguariaiva\\\/wp-content\\\/uploads\\\/2026\\\/08\\\/100-7.jpg\",\"datePublished\":\"2026-08-26T12:59:42+00:00\",\"description\":\"Paran\u00e1 registra queda de homic\u00eddios, roubos, furtos e crimes contra ve\u00edculos entre janeiro e julho de 2026, segundo dados da Seguran\u00e7a P\u00fablica.\",\"breadcrumb\":{\"@id\":\"https:\\\/\\\/mznoticia.com.br\\\/jaguariaiva\\\/parana-registra-nova-queda-nos-indices-de-criminalidade-e-atinge-menores-patamares-da-serie-historica\\\/#breadcrumb\"},\"inLanguage\":\"pt-BR\",\"potentialAction\":[{\"@type\":\"ReadAction\",\"target\":[\"https:\\\/\\\/mznoticia.com.br\\\/jaguariaiva\\\/parana-registra-nova-queda-nos-indices-de-criminalidade-e-atinge-menores-patamares-da-serie-historica\\\/\"]}]},{\"@type\":\"ImageObject\",\"inLanguage\":\"pt-BR\",\"@id\":\"https:\\\/\\\/mznoticia.com.br\\\/jaguariaiva\\\/parana-registra-nova-queda-nos-indices-de-criminalidade-e-atinge-menores-patamares-da-serie-historica\\\/#primaryimage\",\"url\":\"https:\\\/\\\/mznoticia.com.br\\\/jaguariaiva\\\/wp-content\\\/uploads\\\/2026\\\/08\\\/100-7.jpg\",\"contentUrl\":\"https:\\\/\\\/mznoticia.com.br\\\/jaguariaiva\\\/wp-content\\\/uploads\\\/2026\\\/08\\\/100-7.jpg\",\"width\":1600,\"height\":1066},{\"@type\":\"BreadcrumbList\",\"@id\":\"https:\\\/\\\/mznoticia.com.br\\\/jaguariaiva\\\/parana-registra-nova-queda-nos-indices-de-criminalidade-e-atinge-menores-patamares-da-serie-historica\\\/#breadcrumb\",\"itemListElement\":[{\"@type\":\"ListItem\",\"position\":1,\"name\":\"Home\",\"item\":\"https:\\\/\\\/mznoticia.com.br\\\/jaguariaiva\\\/\"},{\"@type\":\"ListItem\",\"position\":2,\"name\":\"Paran\u00e1 registra nova queda nos \u00edndices de criminalidade e atinge menores patamares da s\u00e9rie hist\u00f3rica\"}]},{\"@type\":\"WebSite\",\"@id\":\"https:\\\/\\\/mznoticia.com.br\\\/jaguariaiva\\\/#website\",\"url\":\"https:\\\/\\\/mznoticia.com.br\\\/jaguariaiva\\\/\",\"name\":\"Mz Not\u00edcia\",\"description\":\"A informa\u00e7\u00e3o que voc\u00ea precisa na hora certa!\",\"publisher\":{\"@id\":\"https:\\\/\\\/mznoticia.com.br\\\/jaguariaiva\\\/#organization\"},\"potentialAction\":[{\"@type\":\"SearchAction\",\"target\":{\"@type\":\"EntryPoint\",\"urlTemplate\":\"https:\\\/\\\/mznoticia.com.br\\\/jaguariaiva\\\/?s={search_term_string}\"},\"query-input\":{\"@type\":\"PropertyValueSpecification\",\"valueRequired\":true,\"valueName\":\"search_term_string\"}}],\"inLanguage\":\"pt-BR\"},{\"@type\":\"Organization\",\"@id\":\"https:\\\/\\\/mznoticia.com.br\\\/jaguariaiva\\\/#organization\",\"name\":\"Mz Not\u00edcia\",\"url\":\"https:\\\/\\\/mznoticia.com.br\\\/jaguariaiva\\\/\",\"logo\":{\"@type\":\"ImageObject\",\"inLanguage\":\"pt-BR\",\"@id\":\"https:\\\/\\\/mznoticia.com.br\\\/jaguariaiva\\\/#\\\/schema\\\/logo\\\/image\\\/\",\"url\":\"https:\\\/\\\/mznoticia.com.br\\\/jaguariaiva\\\/wp-content\\\/uploads\\\/2025\\\/03\\\/Design-sem-nome-4-e1741200616392.png\",\"contentUrl\":\"https:\\\/\\\/mznoticia.com.br\\\/jaguariaiva\\\/wp-content\\\/uploads\\\/2025\\\/03\\\/Design-sem-nome-4-e1741200616392.png\",\"width\":750,\"height\":563,\"caption\":\"Mz Not\u00edcia\"},\"image\":{\"@id\":\"https:\\\/\\\/mznoticia.com.br\\\/jaguariaiva\\\/#\\\/schema\\\/logo\\\/image\\\/\"},\"sameAs\":[\"https:\\\/\\\/www.facebook.com\\\/profile.php?id=61573479951222\",\"https:\\\/\\\/www.instagram.com\\\/mz.jaguariaiva\\\/\"]},{\"@type\":\"Person\",\"@id\":\"https:\\\/\\\/mznoticia.com.br\\\/jaguariaiva\\\/#\\\/schema\\\/person\\\/84012d827247b3f42f37b550da79cd03\",\"name\":\"Redacao mz\",\"image\":{\"@type\":\"ImageObject\",\"inLanguage\":\"pt-BR\",\"@id\":\"https:\\\/\\\/mznoticia.com.br\\\/jaguariaiva\\\/wp-content\\\/uploads\\\/2025\\\/02\\\/mznoticia_jaguariaiva_coluna-150x150.png\",\"url\":\"https:\\\/\\\/mznoticia.com.br\\\/jaguariaiva\\\/wp-content\\\/uploads\\\/2025\\\/02\\\/mznoticia_jaguariaiva_coluna-150x150.png\",\"contentUrl\":\"https:\\\/\\\/mznoticia.com.br\\\/jaguariaiva\\\/wp-content\\\/uploads\\\/2025\\\/02\\\/mznoticia_jaguariaiva_coluna-150x150.png\",\"caption\":\"Redacao mz\"},\"sameAs\":[\"http:\\\/\\\/mznoticia.com.br\"],\"url\":\"https:\\\/\\\/mznoticia.com.br\\\/jaguariaiva\\\/author\\\/lucimara\\\/\"}]}<\/script>\n<!-- \/ Yoast SEO plugin. -->","yoast_head_json":{"title":"Paran\u00e1 registra nova queda nos \u00edndices de criminalidade e atinge menores patamares da s\u00e9rie hist\u00f3rica - Mz Not\u00edcias","description":"Paran\u00e1 registra queda de homic\u00eddios, roubos, furtos e crimes contra ve\u00edculos entre janeiro e julho de 2026, segundo dados da Seguran\u00e7a P\u00fablica.","robots":{"index":"index","follow":"follow","max-snippet":"max-snippet:-1","max-image-preview":"max-image-preview:large","max-video-preview":"max-video-preview:-1"},"canonical":"https:\/\/mznoticia.com.br\/jaguariaiva\/parana-registra-nova-queda-nos-indices-de-criminalidade-e-atinge-menores-patamares-da-serie-historica\/","og_locale":"pt_BR","og_type":"article","og_title":"Paran\u00e1 registra nova queda nos \u00edndices de criminalidade e atinge menores patamares da s\u00e9rie hist\u00f3rica - Mz Not\u00edcias","og_description":"Paran\u00e1 registra queda de homic\u00eddios, roubos, furtos e crimes contra ve\u00edculos entre janeiro e julho de 2026, segundo dados da Seguran\u00e7a P\u00fablica.","og_url":"https:\/\/mznoticia.com.br\/jaguariaiva\/parana-registra-nova-queda-nos-indices-de-criminalidade-e-atinge-menores-patamares-da-serie-historica\/","og_site_name":"Mz Not\u00edcias","article_publisher":"https:\/\/www.facebook.com\/profile.php?id=61573479951222","article_published_time":"2026-08-26T12:59:42+00:00","og_image":[{"width":1600,"height":1066,"url":"https:\/\/mznoticia.com.br\/jaguariaiva\/wp-content\/uploads\/2026\/08\/100-7.jpg","type":"image\/jpeg"}],"author":"Redacao mz","twitter_card":"summary_large_image","twitter_misc":{"Escrito por":"Redacao mz","Est. tempo de leitura":"3 minutos"},"schema":{"@context":"https:\/\/schema.org","@graph":[{"@type":"Article","@id":"https:\/\/mznoticia.com.br\/jaguariaiva\/parana-registra-nova-queda-nos-indices-de-criminalidade-e-atinge-menores-patamares-da-serie-historica\/#article","isPartOf":{"@id":"https:\/\/mznoticia.com.br\/jaguariaiva\/parana-registra-nova-queda-nos-indices-de-criminalidade-e-atinge-menores-patamares-da-serie-historica\/"},"author":{"name":"Redacao mz","@id":"https:\/\/mznoticia.com.br\/jaguariaiva\/#\/schema\/person\/84012d827247b3f42f37b550da79cd03"},"headline":"Paran\u00e1 registra nova queda nos \u00edndices de criminalidade e atinge menores patamares da s\u00e9rie hist\u00f3rica","datePublished":"2026-08-26T12:59:42+00:00","mainEntityOfPage":{"@id":"https:\/\/mznoticia.com.br\/jaguariaiva\/parana-registra-nova-queda-nos-indices-de-criminalidade-e-atinge-menores-patamares-da-serie-historica\/"},"wordCount":522,"commentCount":0,"publisher":{"@id":"https:\/\/mznoticia.com.br\/jaguariaiva\/#organization"},"image":{"@id":"https:\/\/mznoticia.com.br\/jaguariaiva\/parana-registra-nova-queda-nos-indices-de-criminalidade-e-atinge-menores-patamares-da-serie-historica\/#primaryimage"},"thumbnailUrl":"https:\/\/mznoticia.com.br\/jaguariaiva\/wp-content\/uploads\/2026\/08\/100-7.jpg","keywords":["Criminalidade","destaque","furtos","furtos de ve\u00edculos","homic\u00eddios","parana","roubos","roubos de ve\u00edculos","Seguran\u00e7a","Seguran\u00e7a P\u00fablica","Sesp"],"articleSection":["Paran\u00e1","Policial"],"inLanguage":"pt-BR","potentialAction":[{"@type":"CommentAction","name":"Comment","target":["https:\/\/mznoticia.com.br\/jaguariaiva\/parana-registra-nova-queda-nos-indices-de-criminalidade-e-atinge-menores-patamares-da-serie-historica\/#respond"]}]},{"@type":"WebPage","@id":"https:\/\/mznoticia.com.br\/jaguariaiva\/parana-registra-nova-queda-nos-indices-de-criminalidade-e-atinge-menores-patamares-da-serie-historica\/","url":"https:\/\/mznoticia.com.br\/jaguariaiva\/parana-registra-nova-queda-nos-indices-de-criminalidade-e-atinge-menores-patamares-da-serie-historica\/","name":"Paran\u00e1 registra nova queda nos \u00edndices de criminalidade e atinge menores patamares da s\u00e9rie hist\u00f3rica - Mz Not\u00edcias","isPartOf":{"@id":"https:\/\/mznoticia.com.br\/jaguariaiva\/#website"},"primaryImageOfPage":{"@id":"https:\/\/mznoticia.com.br\/jaguariaiva\/parana-registra-nova-queda-nos-indices-de-criminalidade-e-atinge-menores-patamares-da-serie-historica\/#primaryimage"},"image":{"@id":"https:\/\/mznoticia.com.br\/jaguariaiva\/parana-registra-nova-queda-nos-indices-de-criminalidade-e-atinge-menores-patamares-da-serie-historica\/#primaryimage"},"thumbnailUrl":"https:\/\/mznoticia.com.br\/jaguariaiva\/wp-content\/uploads\/2026\/08\/100-7.jpg","datePublished":"2026-08-26T12:59:42+00:00","description":"Paran\u00e1 registra queda de homic\u00eddios, roubos, furtos e crimes contra ve\u00edculos entre janeiro e julho de 2026, segundo dados da Seguran\u00e7a P\u00fablica.","breadcrumb":{"@id":"https:\/\/mznoticia.com.br\/jaguariaiva\/parana-registra-nova-queda-nos-indices-de-criminalidade-e-atinge-menores-patamares-da-serie-historica\/#breadcrumb"},"inLanguage":"pt-BR","potentialAction":[{"@type":"ReadAction","target":["https:\/\/mznoticia.com.br\/jaguariaiva\/parana-registra-nova-queda-nos-indices-de-criminalidade-e-atinge-menores-patamares-da-serie-historica\/"]}]},{"@type":"ImageObject","inLanguage":"pt-BR","@id":"https:\/\/mznoticia.com.br\/jaguariaiva\/parana-registra-nova-queda-nos-indices-de-criminalidade-e-atinge-menores-patamares-da-serie-historica\/#primaryimage","url":"https:\/\/mznoticia.com.br\/jaguariaiva\/wp-content\/uploads\/2026\/08\/100-7.jpg","contentUrl":"https:\/\/mznoticia.com.br\/jaguariaiva\/wp-content\/uploads\/2026\/08\/100-7.jpg","width":1600,"height":1066},{"@type":"BreadcrumbList","@id":"https:\/\/mznoticia.com.br\/jaguariaiva\/parana-registra-nova-queda-nos-indices-de-criminalidade-e-atinge-menores-patamares-da-serie-historica\/#breadcrumb","itemListElement":[{"@type":"ListItem","position":1,"name":"Home","item":"https:\/\/mznoticia.com.br\/jaguariaiva\/"},{"@type":"ListItem","position":2,"name":"Paran\u00e1 registra nova queda nos \u00edndices de criminalidade e atinge menores patamares da s\u00e9rie hist\u00f3rica"}]},{"@type":"WebSite","@id":"https:\/\/mznoticia.com.br\/jaguariaiva\/#website","url":"https:\/\/mznoticia.com.br\/jaguariaiva\/","name":"Mz Not\u00edcia","description":"A informa\u00e7\u00e3o que voc\u00ea precisa na hora certa!","publisher":{"@id":"https:\/\/mznoticia.com.br\/jaguariaiva\/#organization"},"potentialAction":[{"@type":"SearchAction","target":{"@type":"EntryPoint","urlTemplate":"https:\/\/mznoticia.com.br\/jaguariaiva\/?s={search_term_string}"},"query-input":{"@type":"PropertyValueSpecification","valueRequired":true,"valueName":"search_term_string"}}],"inLanguage":"pt-BR"},{"@type":"Organization","@id":"https:\/\/mznoticia.com.br\/jaguariaiva\/#organization","name":"Mz Not\u00edcia","url":"https:\/\/mznoticia.com.br\/jaguariaiva\/","logo":{"@type":"ImageObject","inLanguage":"pt-BR","@id":"https:\/\/mznoticia.com.br\/jaguariaiva\/#\/schema\/logo\/image\/","url":"https:\/\/mznoticia.com.br\/jaguariaiva\/wp-content\/uploads\/2025\/03\/Design-sem-nome-4-e1741200616392.png","contentUrl":"https:\/\/mznoticia.com.br\/jaguariaiva\/wp-content\/uploads\/2025\/03\/Design-sem-nome-4-e1741200616392.png","width":750,"height":563,"caption":"Mz Not\u00edcia"},"image":{"@id":"https:\/\/mznoticia.com.br\/jaguariaiva\/#\/schema\/logo\/image\/"},"sameAs":["https:\/\/www.facebook.com\/profile.php?id=61573479951222","https:\/\/www.instagram.com\/mz.jaguariaiva\/"]},{"@type":"Person","@id":"https:\/\/mznoticia.com.br\/jaguariaiva\/#\/schema\/person\/84012d827247b3f42f37b550da79cd03","name":"Redacao mz","image":{"@type":"ImageObject","inLanguage":"pt-BR","@id":"https:\/\/mznoticia.com.br\/jaguariaiva\/wp-content\/uploads\/2025\/02\/mznoticia_jaguariaiva_coluna-150x150.png","url":"https:\/\/mznoticia.com.br\/jaguariaiva\/wp-content\/uploads\/2025\/02\/mznoticia_jaguariaiva_coluna-150x150.png","contentUrl":"https:\/\/mznoticia.com.br\/jaguariaiva\/wp-content\/uploads\/2025\/02\/mznoticia_jaguariaiva_coluna-150x150.png","caption":"Redacao mz"},"sameAs":["http:\/\/mznoticia.com.br"],"url":"https:\/\/mznoticia.com.br\/jaguariaiva\/author\/lucimara\/"}]}},"_links":{"self":[{"href":"https:\/\/mznoticia.com.br\/jaguariaiva\/wp-json\/wp\/v2\/posts\/7064","targetHints":{"allow":["GET"]}}],"collection":[{"href":"https:\/\/mznoticia.com.br\/jaguariaiva\/wp-json\/wp\/v2\/posts"}],"about":[{"href":"https:\/\/mznoticia.com.br\/jaguariaiva\/wp-json\/wp\/v2\/types\/post"}],"author":[{"embeddable":true,"href":"https:\/\/mznoticia.com.br\/jaguariaiva\/wp-json\/wp\/v2\/users\/16"}],"replies":[{"embeddable":true,"href":"https:\/\/mznoticia.com.br\/jaguariaiva\/wp-json\/wp\/v2\/comments?post=7064"}],"version-history":[{"count":1,"href":"https:\/\/mznoticia.com.br\/jaguariaiva\/wp-json\/wp\/v2\/posts\/7064\/revisions"}],"predecessor-version":[{"id":7066,"href":"https:\/\/mznoticia.com.br\/jaguariaiva\/wp-json\/wp\/v2\/posts\/7064\/revisions\/7066"}],"wp:featuredmedia":[{"embeddable":true,"href":"https:\/\/mznoticia.com.br\/jaguariaiva\/wp-json\/wp\/v2\/media\/7065"}],"wp:attachment":[{"href":"https:\/\/mznoticia.com.br\/jaguariaiva\/wp-json\/wp\/v2\/media?parent=7064"}],"wp:term":[{"taxonomy":"category","embeddable":true,"href":"https:\/\/mznoticia.com.br\/jaguariaiva\/wp-json\/wp\/v2\/categories?post=7064"},{"taxonomy":"post_tag","embeddable":true,"href":"https:\/\/mznoticia.com.br\/jaguariaiva\/wp-json\/wp\/v2\/tags?post=7064"}],"curies":[{"name":"wp","href":"https:\/\/api.w.org\/{rel}","templated":true}]}}