{"id":7067,"date":"2026-08-26T13:20:02","date_gmt":"2026-08-26T13:20:02","guid":{"rendered":"https:\/\/mznoticia.com.br\/jaguariaiva\/?p=7067"},"modified":"2026-08-26T13:20:02","modified_gmt":"2026-08-26T13:20:02","slug":"familia-encontrada-morta-em-apartamento-de-curitiba-e-identificada","status":"publish","type":"post","link":"https:\/\/mznoticia.com.br\/jaguariaiva\/familia-encontrada-morta-em-apartamento-de-curitiba-e-identificada\/","title":{"rendered":"Fam\u00edlia encontrada morta em apartamento de Curitiba \u00e9 identificada"},"content":{"rendered":"<h2 class=\"PDq2pG_selectionAnchorContainer\" data-section-id=\"oz9in7\" data-start=\"70\" data-end=\"209\">Marcos Furuyama, Claudia Hitomi Shimada Furuyama e Rafael Furuyama foram encontrados mortos no im\u00f3vel onde moravam, no bairro \u00c1gua Verde<\/h2>\n<p data-start=\"211\" data-end=\"466\">Tr\u00eas integrantes de uma fam\u00edlia foram encontrados mortos na ter\u00e7a-feira (25) dentro do apartamento onde moravam, no bairro \u00c1gua Verde, em Curitiba. As v\u00edtimas foram identificadas como Marcos Furuyama, Claudia Hitomi Shimada Furuyama e Rafael Furuyama.<\/p>\n<h3 data-section-id=\"1yjb7h6\" data-start=\"468\" data-end=\"492\">Quem eram as v\u00edtimas<\/h3>\n<p data-start=\"494\" data-end=\"605\">Marcos Furuyama tinha 50 anos e era formado em Engenharia Civil pela Universidade Federal do Paran\u00e1 (UFPR).<\/p>\n<p data-start=\"607\" data-end=\"771\">A esposa, Claudia Hitomi Shimada Furuyama, de 57 anos, era m\u00e9dica pediatra e trabalhava havia mais de 20 anos em Arauc\u00e1ria, na Regi\u00e3o Metropolitana de Curitiba.<\/p>\n<p data-start=\"773\" data-end=\"918\">O filho do casal, Rafael Furuyama, de 21 anos, era estudante de Engenharia Mecatr\u00f4nica na Universidade Tecnol\u00f3gica Federal do Paran\u00e1 (UTFPR).<\/p>\n<h3 data-section-id=\"gtdy8x\" data-start=\"920\" data-end=\"973\">Fam\u00edlia estava desaparecida desde o fim de semana<\/h3>\n<p data-start=\"975\" data-end=\"1174\">Os moradores do pr\u00e9dio, onde a fam\u00edlia ocupava um apartamento no 9\u00ba andar, estranharam a aus\u00eancia dos tr\u00eas desde domingo (23). O latido constante do cachorro tamb\u00e9m chamou a aten\u00e7\u00e3o dos vizinhos.<\/p>\n<p data-start=\"1176\" data-end=\"1330\">Ap\u00f3s tentativas de contato sem resposta, um chaveiro foi chamado para abrir o im\u00f3vel. No interior do apartamento, os moradores encontraram os tr\u00eas corpos.<\/p>\n<p data-start=\"1332\" data-end=\"1469\">Segundo as informa\u00e7\u00f5es levantadas no local, as v\u00edtimas apresentavam ferimentos provocados por facadas nas regi\u00f5es do peito e abd\u00f4men.<\/p>\n<h3 data-section-id=\"1c3mfe5\" data-start=\"1471\" data-end=\"1514\">Pol\u00edcia investiga a din\u00e2mica das mortes<\/h3>\n<p data-start=\"1516\" data-end=\"1711\">Entre as hip\u00f3teses investigadas est\u00e1 a possibilidade de feminic\u00eddio seguido de suic\u00eddio, motivado por problemas financeiros. A din\u00e2mica, por\u00e9m, ainda dever\u00e1 ser esclarecida pela investiga\u00e7\u00e3o.<\/p>\n<p data-start=\"1713\" data-end=\"1876\">Informa\u00e7\u00f5es levantadas no local indicam que Marcos tinha uma empresa que teria enfrentado fal\u00eancia recentemente. O apartamento da fam\u00edlia tamb\u00e9m estaria penhorado.<\/p>\n<p data-start=\"1878\" data-end=\"2053\">A suspeita \u00e9 de que Claudia teria descoberto a situa\u00e7\u00e3o financeira apenas poucos dias antes das mortes. As circunst\u00e2ncias do caso seguem sob investiga\u00e7\u00e3o da Pol\u00edcia Civil.<\/p>\n","protected":false},"excerpt":{"rendered":"<p>Marcos Furuyama, Claudia Hitomi Shimada Furuyama e Rafael Furuyama foram encontrados mortos no im\u00f3vel onde moravam, no bairro \u00c1gua Verde Tr\u00eas integrantes de uma fam\u00edlia foram encontrados mortos na ter\u00e7a-feira (25) dentro do apartamento onde moravam, no bairro \u00c1gua Verde, em Curitiba. As v\u00edtimas foram identificadas como Marcos Furuyama, Claudia Hitomi Shimada Furuyama e Rafael [&hellip;]<\/p>\n","protected":false},"author":16,"featured_media":7068,"comment_status":"open","ping_status":"open","sticky":false,"template":"","format":"standard","meta":{"footnotes":""},"categories":[328,4],"tags":[2715,1179,786,2346,399,77,265,398],"class_list":["post-7067","post","type-post","status-publish","format-standard","has-post-thumbnail","hentry","category-parana","category-policial","tag-agua-verde","tag-crime","tag-curitiba","tag-familia","tag-mz-noticias","tag-parana","tag-policia","tag-seguranca"],"yoast_head":"<!-- This site is optimized with the Yoast SEO plugin v28.1 - https:\/\/yoast.com\/product\/yoast-seo-wordpress\/ -->\n<title>Fam\u00edlia encontrada morta em apartamento de Curitiba \u00e9 identificada - Mz Not\u00edcias<\/title>\n<meta name=\"description\" content=\"Marcos, Claudia e Rafael Furuyama foram encontrados mortos no apartamento onde moravam, no bairro \u00c1gua Verde, em Curitiba.\" \/>\n<meta name=\"robots\" content=\"index, follow, max-snippet:-1, max-image-preview:large, max-video-preview:-1\" \/>\n<link rel=\"canonical\" href=\"https:\/\/mznoticia.com.br\/jaguariaiva\/familia-encontrada-morta-em-apartamento-de-curitiba-e-identificada\/\" \/>\n<meta property=\"og:locale\" content=\"pt_BR\" \/>\n<meta property=\"og:type\" content=\"article\" \/>\n<meta property=\"og:title\" content=\"Fam\u00edlia encontrada morta em apartamento de Curitiba \u00e9 identificada - Mz Not\u00edcias\" \/>\n<meta property=\"og:description\" content=\"Marcos, Claudia e Rafael Furuyama foram encontrados mortos no apartamento onde moravam, no bairro \u00c1gua Verde, em Curitiba.\" \/>\n<meta property=\"og:url\" content=\"https:\/\/mznoticia.com.br\/jaguariaiva\/familia-encontrada-morta-em-apartamento-de-curitiba-e-identificada\/\" \/>\n<meta property=\"og:site_name\" content=\"Mz Not\u00edcias\" \/>\n<meta property=\"article:publisher\" content=\"https:\/\/www.facebook.com\/profile.php?id=61573479951222\" \/>\n<meta property=\"article:published_time\" content=\"2026-08-26T13:20:02+00:00\" \/>\n<meta property=\"og:image\" content=\"https:\/\/mznoticia.com.br\/jaguariaiva\/wp-content\/uploads\/2026\/08\/100-2.webp\" \/>\n\t<meta property=\"og:image:width\" content=\"1024\" \/>\n\t<meta property=\"og:image:height\" content=\"694\" \/>\n\t<meta property=\"og:image:type\" content=\"image\/webp\" \/>\n<meta name=\"author\" content=\"Redacao mz\" \/>\n<meta name=\"twitter:card\" content=\"summary_large_image\" \/>\n<meta name=\"twitter:label1\" content=\"Escrito por\" \/>\n\t<meta name=\"twitter:data1\" content=\"Redacao mz\" \/>\n\t<meta name=\"twitter:label2\" content=\"Est. tempo de leitura\" \/>\n\t<meta name=\"twitter:data2\" content=\"2 minutos\" \/>\n<script type=\"application\/ld+json\" class=\"yoast-schema-graph\">{\"@context\":\"https:\\\/\\\/schema.org\",\"@graph\":[{\"@type\":\"Article\",\"@id\":\"https:\\\/\\\/mznoticia.com.br\\\/jaguariaiva\\\/familia-encontrada-morta-em-apartamento-de-curitiba-e-identificada\\\/#article\",\"isPartOf\":{\"@id\":\"https:\\\/\\\/mznoticia.com.br\\\/jaguariaiva\\\/familia-encontrada-morta-em-apartamento-de-curitiba-e-identificada\\\/\"},\"author\":{\"name\":\"Redacao mz\",\"@id\":\"https:\\\/\\\/mznoticia.com.br\\\/jaguariaiva\\\/#\\\/schema\\\/person\\\/84012d827247b3f42f37b550da79cd03\"},\"headline\":\"Fam\u00edlia encontrada morta em apartamento de Curitiba \u00e9 identificada\",\"datePublished\":\"2026-08-26T13:20:02+00:00\",\"mainEntityOfPage\":{\"@id\":\"https:\\\/\\\/mznoticia.com.br\\\/jaguariaiva\\\/familia-encontrada-morta-em-apartamento-de-curitiba-e-identificada\\\/\"},\"wordCount\":329,\"commentCount\":0,\"publisher\":{\"@id\":\"https:\\\/\\\/mznoticia.com.br\\\/jaguariaiva\\\/#organization\"},\"image\":{\"@id\":\"https:\\\/\\\/mznoticia.com.br\\\/jaguariaiva\\\/familia-encontrada-morta-em-apartamento-de-curitiba-e-identificada\\\/#primaryimage\"},\"thumbnailUrl\":\"https:\\\/\\\/mznoticia.com.br\\\/jaguariaiva\\\/wp-content\\\/uploads\\\/2026\\\/08\\\/100-2.webp\",\"keywords\":[\"\u00c1gua Verde\",\"Crime\",\"Curitiba\",\"fam\u00edlia\",\"MZ Not\u00edcias.\",\"parana\",\"POLICIA\",\"Seguran\u00e7a\"],\"articleSection\":[\"Paran\u00e1\",\"Policial\"],\"inLanguage\":\"pt-BR\",\"potentialAction\":[{\"@type\":\"CommentAction\",\"name\":\"Comment\",\"target\":[\"https:\\\/\\\/mznoticia.com.br\\\/jaguariaiva\\\/familia-encontrada-morta-em-apartamento-de-curitiba-e-identificada\\\/#respond\"]}]},{\"@type\":\"WebPage\",\"@id\":\"https:\\\/\\\/mznoticia.com.br\\\/jaguariaiva\\\/familia-encontrada-morta-em-apartamento-de-curitiba-e-identificada\\\/\",\"url\":\"https:\\\/\\\/mznoticia.com.br\\\/jaguariaiva\\\/familia-encontrada-morta-em-apartamento-de-curitiba-e-identificada\\\/\",\"name\":\"Fam\u00edlia encontrada morta em apartamento de Curitiba \u00e9 identificada - Mz Not\u00edcias\",\"isPartOf\":{\"@id\":\"https:\\\/\\\/mznoticia.com.br\\\/jaguariaiva\\\/#website\"},\"primaryImageOfPage\":{\"@id\":\"https:\\\/\\\/mznoticia.com.br\\\/jaguariaiva\\\/familia-encontrada-morta-em-apartamento-de-curitiba-e-identificada\\\/#primaryimage\"},\"image\":{\"@id\":\"https:\\\/\\\/mznoticia.com.br\\\/jaguariaiva\\\/familia-encontrada-morta-em-apartamento-de-curitiba-e-identificada\\\/#primaryimage\"},\"thumbnailUrl\":\"https:\\\/\\\/mznoticia.com.br\\\/jaguariaiva\\\/wp-content\\\/uploads\\\/2026\\\/08\\\/100-2.webp\",\"datePublished\":\"2026-08-26T13:20:02+00:00\",\"description\":\"Marcos, Claudia e Rafael Furuyama foram encontrados mortos no apartamento onde moravam, no bairro \u00c1gua Verde, em Curitiba.\",\"breadcrumb\":{\"@id\":\"https:\\\/\\\/mznoticia.com.br\\\/jaguariaiva\\\/familia-encontrada-morta-em-apartamento-de-curitiba-e-identificada\\\/#breadcrumb\"},\"inLanguage\":\"pt-BR\",\"potentialAction\":[{\"@type\":\"ReadAction\",\"target\":[\"https:\\\/\\\/mznoticia.com.br\\\/jaguariaiva\\\/familia-encontrada-morta-em-apartamento-de-curitiba-e-identificada\\\/\"]}]},{\"@type\":\"ImageObject\",\"inLanguage\":\"pt-BR\",\"@id\":\"https:\\\/\\\/mznoticia.com.br\\\/jaguariaiva\\\/familia-encontrada-morta-em-apartamento-de-curitiba-e-identificada\\\/#primaryimage\",\"url\":\"https:\\\/\\\/mznoticia.com.br\\\/jaguariaiva\\\/wp-content\\\/uploads\\\/2026\\\/08\\\/100-2.webp\",\"contentUrl\":\"https:\\\/\\\/mznoticia.com.br\\\/jaguariaiva\\\/wp-content\\\/uploads\\\/2026\\\/08\\\/100-2.webp\",\"width\":1024,\"height\":694},{\"@type\":\"BreadcrumbList\",\"@id\":\"https:\\\/\\\/mznoticia.com.br\\\/jaguariaiva\\\/familia-encontrada-morta-em-apartamento-de-curitiba-e-identificada\\\/#breadcrumb\",\"itemListElement\":[{\"@type\":\"ListItem\",\"position\":1,\"name\":\"Home\",\"item\":\"https:\\\/\\\/mznoticia.com.br\\\/jaguariaiva\\\/\"},{\"@type\":\"ListItem\",\"position\":2,\"name\":\"Fam\u00edlia encontrada morta em apartamento de Curitiba \u00e9 identificada\"}]},{\"@type\":\"WebSite\",\"@id\":\"https:\\\/\\\/mznoticia.com.br\\\/jaguariaiva\\\/#website\",\"url\":\"https:\\\/\\\/mznoticia.com.br\\\/jaguariaiva\\\/\",\"name\":\"Mz Not\u00edcia\",\"description\":\"A informa\u00e7\u00e3o que voc\u00ea precisa na hora certa!\",\"publisher\":{\"@id\":\"https:\\\/\\\/mznoticia.com.br\\\/jaguariaiva\\\/#organization\"},\"potentialAction\":[{\"@type\":\"SearchAction\",\"target\":{\"@type\":\"EntryPoint\",\"urlTemplate\":\"https:\\\/\\\/mznoticia.com.br\\\/jaguariaiva\\\/?s={search_term_string}\"},\"query-input\":{\"@type\":\"PropertyValueSpecification\",\"valueRequired\":true,\"valueName\":\"search_term_string\"}}],\"inLanguage\":\"pt-BR\"},{\"@type\":\"Organization\",\"@id\":\"https:\\\/\\\/mznoticia.com.br\\\/jaguariaiva\\\/#organization\",\"name\":\"Mz Not\u00edcia\",\"url\":\"https:\\\/\\\/mznoticia.com.br\\\/jaguariaiva\\\/\",\"logo\":{\"@type\":\"ImageObject\",\"inLanguage\":\"pt-BR\",\"@id\":\"https:\\\/\\\/mznoticia.com.br\\\/jaguariaiva\\\/#\\\/schema\\\/logo\\\/image\\\/\",\"url\":\"https:\\\/\\\/mznoticia.com.br\\\/jaguariaiva\\\/wp-content\\\/uploads\\\/2025\\\/03\\\/Design-sem-nome-4-e1741200616392.png\",\"contentUrl\":\"https:\\\/\\\/mznoticia.com.br\\\/jaguariaiva\\\/wp-content\\\/uploads\\\/2025\\\/03\\\/Design-sem-nome-4-e1741200616392.png\",\"width\":750,\"height\":563,\"caption\":\"Mz Not\u00edcia\"},\"image\":{\"@id\":\"https:\\\/\\\/mznoticia.com.br\\\/jaguariaiva\\\/#\\\/schema\\\/logo\\\/image\\\/\"},\"sameAs\":[\"https:\\\/\\\/www.facebook.com\\\/profile.php?id=61573479951222\",\"https:\\\/\\\/www.instagram.com\\\/mz.jaguariaiva\\\/\"]},{\"@type\":\"Person\",\"@id\":\"https:\\\/\\\/mznoticia.com.br\\\/jaguariaiva\\\/#\\\/schema\\\/person\\\/84012d827247b3f42f37b550da79cd03\",\"name\":\"Redacao mz\",\"image\":{\"@type\":\"ImageObject\",\"inLanguage\":\"pt-BR\",\"@id\":\"https:\\\/\\\/mznoticia.com.br\\\/jaguariaiva\\\/wp-content\\\/uploads\\\/2025\\\/02\\\/mznoticia_jaguariaiva_coluna-150x150.png\",\"url\":\"https:\\\/\\\/mznoticia.com.br\\\/jaguariaiva\\\/wp-content\\\/uploads\\\/2025\\\/02\\\/mznoticia_jaguariaiva_coluna-150x150.png\",\"contentUrl\":\"https:\\\/\\\/mznoticia.com.br\\\/jaguariaiva\\\/wp-content\\\/uploads\\\/2025\\\/02\\\/mznoticia_jaguariaiva_coluna-150x150.png\",\"caption\":\"Redacao mz\"},\"sameAs\":[\"http:\\\/\\\/mznoticia.com.br\"],\"url\":\"https:\\\/\\\/mznoticia.com.br\\\/jaguariaiva\\\/author\\\/lucimara\\\/\"}]}<\/script>\n<!-- \/ Yoast SEO plugin. -->","yoast_head_json":{"title":"Fam\u00edlia encontrada morta em apartamento de Curitiba \u00e9 identificada - Mz Not\u00edcias","description":"Marcos, Claudia e Rafael Furuyama foram encontrados mortos no apartamento onde moravam, no bairro \u00c1gua Verde, em Curitiba.","robots":{"index":"index","follow":"follow","max-snippet":"max-snippet:-1","max-image-preview":"max-image-preview:large","max-video-preview":"max-video-preview:-1"},"canonical":"https:\/\/mznoticia.com.br\/jaguariaiva\/familia-encontrada-morta-em-apartamento-de-curitiba-e-identificada\/","og_locale":"pt_BR","og_type":"article","og_title":"Fam\u00edlia encontrada morta em apartamento de Curitiba \u00e9 identificada - Mz Not\u00edcias","og_description":"Marcos, Claudia e Rafael Furuyama foram encontrados mortos no apartamento onde moravam, no bairro \u00c1gua Verde, em Curitiba.","og_url":"https:\/\/mznoticia.com.br\/jaguariaiva\/familia-encontrada-morta-em-apartamento-de-curitiba-e-identificada\/","og_site_name":"Mz Not\u00edcias","article_publisher":"https:\/\/www.facebook.com\/profile.php?id=61573479951222","article_published_time":"2026-08-26T13:20:02+00:00","og_image":[{"width":1024,"height":694,"url":"https:\/\/mznoticia.com.br\/jaguariaiva\/wp-content\/uploads\/2026\/08\/100-2.webp","type":"image\/webp"}],"author":"Redacao mz","twitter_card":"summary_large_image","twitter_misc":{"Escrito por":"Redacao mz","Est. tempo de leitura":"2 minutos"},"schema":{"@context":"https:\/\/schema.org","@graph":[{"@type":"Article","@id":"https:\/\/mznoticia.com.br\/jaguariaiva\/familia-encontrada-morta-em-apartamento-de-curitiba-e-identificada\/#article","isPartOf":{"@id":"https:\/\/mznoticia.com.br\/jaguariaiva\/familia-encontrada-morta-em-apartamento-de-curitiba-e-identificada\/"},"author":{"name":"Redacao mz","@id":"https:\/\/mznoticia.com.br\/jaguariaiva\/#\/schema\/person\/84012d827247b3f42f37b550da79cd03"},"headline":"Fam\u00edlia encontrada morta em apartamento de Curitiba \u00e9 identificada","datePublished":"2026-08-26T13:20:02+00:00","mainEntityOfPage":{"@id":"https:\/\/mznoticia.com.br\/jaguariaiva\/familia-encontrada-morta-em-apartamento-de-curitiba-e-identificada\/"},"wordCount":329,"commentCount":0,"publisher":{"@id":"https:\/\/mznoticia.com.br\/jaguariaiva\/#organization"},"image":{"@id":"https:\/\/mznoticia.com.br\/jaguariaiva\/familia-encontrada-morta-em-apartamento-de-curitiba-e-identificada\/#primaryimage"},"thumbnailUrl":"https:\/\/mznoticia.com.br\/jaguariaiva\/wp-content\/uploads\/2026\/08\/100-2.webp","keywords":["\u00c1gua Verde","Crime","Curitiba","fam\u00edlia","MZ Not\u00edcias.","parana","POLICIA","Seguran\u00e7a"],"articleSection":["Paran\u00e1","Policial"],"inLanguage":"pt-BR","potentialAction":[{"@type":"CommentAction","name":"Comment","target":["https:\/\/mznoticia.com.br\/jaguariaiva\/familia-encontrada-morta-em-apartamento-de-curitiba-e-identificada\/#respond"]}]},{"@type":"WebPage","@id":"https:\/\/mznoticia.com.br\/jaguariaiva\/familia-encontrada-morta-em-apartamento-de-curitiba-e-identificada\/","url":"https:\/\/mznoticia.com.br\/jaguariaiva\/familia-encontrada-morta-em-apartamento-de-curitiba-e-identificada\/","name":"Fam\u00edlia encontrada morta em apartamento de Curitiba \u00e9 identificada - Mz Not\u00edcias","isPartOf":{"@id":"https:\/\/mznoticia.com.br\/jaguariaiva\/#website"},"primaryImageOfPage":{"@id":"https:\/\/mznoticia.com.br\/jaguariaiva\/familia-encontrada-morta-em-apartamento-de-curitiba-e-identificada\/#primaryimage"},"image":{"@id":"https:\/\/mznoticia.com.br\/jaguariaiva\/familia-encontrada-morta-em-apartamento-de-curitiba-e-identificada\/#primaryimage"},"thumbnailUrl":"https:\/\/mznoticia.com.br\/jaguariaiva\/wp-content\/uploads\/2026\/08\/100-2.webp","datePublished":"2026-08-26T13:20:02+00:00","description":"Marcos, Claudia e Rafael Furuyama foram encontrados mortos no apartamento onde moravam, no bairro \u00c1gua Verde, em Curitiba.","breadcrumb":{"@id":"https:\/\/mznoticia.com.br\/jaguariaiva\/familia-encontrada-morta-em-apartamento-de-curitiba-e-identificada\/#breadcrumb"},"inLanguage":"pt-BR","potentialAction":[{"@type":"ReadAction","target":["https:\/\/mznoticia.com.br\/jaguariaiva\/familia-encontrada-morta-em-apartamento-de-curitiba-e-identificada\/"]}]},{"@type":"ImageObject","inLanguage":"pt-BR","@id":"https:\/\/mznoticia.com.br\/jaguariaiva\/familia-encontrada-morta-em-apartamento-de-curitiba-e-identificada\/#primaryimage","url":"https:\/\/mznoticia.com.br\/jaguariaiva\/wp-content\/uploads\/2026\/08\/100-2.webp","contentUrl":"https:\/\/mznoticia.com.br\/jaguariaiva\/wp-content\/uploads\/2026\/08\/100-2.webp","width":1024,"height":694},{"@type":"BreadcrumbList","@id":"https:\/\/mznoticia.com.br\/jaguariaiva\/familia-encontrada-morta-em-apartamento-de-curitiba-e-identificada\/#breadcrumb","itemListElement":[{"@type":"ListItem","position":1,"name":"Home","item":"https:\/\/mznoticia.com.br\/jaguariaiva\/"},{"@type":"ListItem","position":2,"name":"Fam\u00edlia encontrada morta em apartamento de Curitiba \u00e9 identificada"}]},{"@type":"WebSite","@id":"https:\/\/mznoticia.com.br\/jaguariaiva\/#website","url":"https:\/\/mznoticia.com.br\/jaguariaiva\/","name":"Mz Not\u00edcia","description":"A informa\u00e7\u00e3o que voc\u00ea precisa na hora certa!","publisher":{"@id":"https:\/\/mznoticia.com.br\/jaguariaiva\/#organization"},"potentialAction":[{"@type":"SearchAction","target":{"@type":"EntryPoint","urlTemplate":"https:\/\/mznoticia.com.br\/jaguariaiva\/?s={search_term_string}"},"query-input":{"@type":"PropertyValueSpecification","valueRequired":true,"valueName":"search_term_string"}}],"inLanguage":"pt-BR"},{"@type":"Organization","@id":"https:\/\/mznoticia.com.br\/jaguariaiva\/#organization","name":"Mz Not\u00edcia","url":"https:\/\/mznoticia.com.br\/jaguariaiva\/","logo":{"@type":"ImageObject","inLanguage":"pt-BR","@id":"https:\/\/mznoticia.com.br\/jaguariaiva\/#\/schema\/logo\/image\/","url":"https:\/\/mznoticia.com.br\/jaguariaiva\/wp-content\/uploads\/2025\/03\/Design-sem-nome-4-e1741200616392.png","contentUrl":"https:\/\/mznoticia.com.br\/jaguariaiva\/wp-content\/uploads\/2025\/03\/Design-sem-nome-4-e1741200616392.png","width":750,"height":563,"caption":"Mz Not\u00edcia"},"image":{"@id":"https:\/\/mznoticia.com.br\/jaguariaiva\/#\/schema\/logo\/image\/"},"sameAs":["https:\/\/www.facebook.com\/profile.php?id=61573479951222","https:\/\/www.instagram.com\/mz.jaguariaiva\/"]},{"@type":"Person","@id":"https:\/\/mznoticia.com.br\/jaguariaiva\/#\/schema\/person\/84012d827247b3f42f37b550da79cd03","name":"Redacao mz","image":{"@type":"ImageObject","inLanguage":"pt-BR","@id":"https:\/\/mznoticia.com.br\/jaguariaiva\/wp-content\/uploads\/2025\/02\/mznoticia_jaguariaiva_coluna-150x150.png","url":"https:\/\/mznoticia.com.br\/jaguariaiva\/wp-content\/uploads\/2025\/02\/mznoticia_jaguariaiva_coluna-150x150.png","contentUrl":"https:\/\/mznoticia.com.br\/jaguariaiva\/wp-content\/uploads\/2025\/02\/mznoticia_jaguariaiva_coluna-150x150.png","caption":"Redacao mz"},"sameAs":["http:\/\/mznoticia.com.br"],"url":"https:\/\/mznoticia.com.br\/jaguariaiva\/author\/lucimara\/"}]}},"_links":{"self":[{"href":"https:\/\/mznoticia.com.br\/jaguariaiva\/wp-json\/wp\/v2\/posts\/7067","targetHints":{"allow":["GET"]}}],"collection":[{"href":"https:\/\/mznoticia.com.br\/jaguariaiva\/wp-json\/wp\/v2\/posts"}],"about":[{"href":"https:\/\/mznoticia.com.br\/jaguariaiva\/wp-json\/wp\/v2\/types\/post"}],"author":[{"embeddable":true,"href":"https:\/\/mznoticia.com.br\/jaguariaiva\/wp-json\/wp\/v2\/users\/16"}],"replies":[{"embeddable":true,"href":"https:\/\/mznoticia.com.br\/jaguariaiva\/wp-json\/wp\/v2\/comments?post=7067"}],"version-history":[{"count":1,"href":"https:\/\/mznoticia.com.br\/jaguariaiva\/wp-json\/wp\/v2\/posts\/7067\/revisions"}],"predecessor-version":[{"id":7069,"href":"https:\/\/mznoticia.com.br\/jaguariaiva\/wp-json\/wp\/v2\/posts\/7067\/revisions\/7069"}],"wp:featuredmedia":[{"embeddable":true,"href":"https:\/\/mznoticia.com.br\/jaguariaiva\/wp-json\/wp\/v2\/media\/7068"}],"wp:attachment":[{"href":"https:\/\/mznoticia.com.br\/jaguariaiva\/wp-json\/wp\/v2\/media?parent=7067"}],"wp:term":[{"taxonomy":"category","embeddable":true,"href":"https:\/\/mznoticia.com.br\/jaguariaiva\/wp-json\/wp\/v2\/categories?post=7067"},{"taxonomy":"post_tag","embeddable":true,"href":"https:\/\/mznoticia.com.br\/jaguariaiva\/wp-json\/wp\/v2\/tags?post=7067"}],"curies":[{"name":"wp","href":"https:\/\/api.w.org\/{rel}","templated":true}]}}