{"id":7076,"date":"2026-08-26T13:58:57","date_gmt":"2026-08-26T13:58:57","guid":{"rendered":"https:\/\/mznoticia.com.br\/jaguariaiva\/?p=7076"},"modified":"2026-08-26T13:58:57","modified_gmt":"2026-08-26T13:58:57","slug":"deputados-do-parana-aprovam-ldo-2027-com-reducao-da-margem-para-gastos","status":"publish","type":"post","link":"https:\/\/mznoticia.com.br\/jaguariaiva\/deputados-do-parana-aprovam-ldo-2027-com-reducao-da-margem-para-gastos\/","title":{"rendered":"Deputados do Paran\u00e1 aprovam LDO 2027 com redu\u00e7\u00e3o da margem para gastos"},"content":{"rendered":"<p class=\"PDq2pG_selectionAnchorContainer\" data-start=\"74\" data-end=\"274\">Projeto que estabelece as diretrizes para o or\u00e7amento estadual de 2027 prev\u00ea receita l\u00edquida de R$ 84,5 bilh\u00f5es e reduz o limite para abertura de cr\u00e9ditos suplementares pelo Executivo.<\/p>\n<p data-start=\"276\" data-end=\"508\">A Assembleia Legislativa do Paran\u00e1 concluiu nesta ter\u00e7a-feira (25) a tramita\u00e7\u00e3o da Lei de Diretrizes Or\u00e7ament\u00e1rias (LDO) para 2027. A proposta passou pelas tr\u00eas sess\u00f5es plen\u00e1rias realizadas ao longo do dia e agora segue para san\u00e7\u00e3o.<\/p>\n<p data-start=\"510\" data-end=\"749\">A LDO estabelece as diretrizes que ser\u00e3o utilizadas na elabora\u00e7\u00e3o do or\u00e7amento do Estado para o pr\u00f3ximo ano. O texto prev\u00ea uma receita l\u00edquida de R$ 84,5 bilh\u00f5es em 2027, valor 5,9% superior aos R$ 79,8 bilh\u00f5es estimados para 2026.<\/p>\n<p class=\"PDq2pG_selectionAnchorContainer\" data-start=\"57\" data-end=\"180\">A Assembleia Legislativa do Paran\u00e1 aprovou a LDO 2027, que prev\u00ea R$ 84,5 bilh\u00f5es em receita l\u00edquida para o pr\u00f3ximo ano.<\/p>\n<p data-start=\"182\" data-end=\"441\">O texto recebeu 123 emendas, das quais 81 foram aprovadas. Uma das principais mudan\u00e7as reduz a margem para abertura de cr\u00e9ditos suplementares pelo Executivo: o limite geral cai de 10% para 7%, enquanto determinadas despesas passam de 20% para 15%.<\/p>\n<p data-start=\"443\" data-end=\"576\" data-is-last-node=\"\" data-is-only-node=\"\">A medida amplia o controle da Assembleia sobre a execu\u00e7\u00e3o do or\u00e7amento e estabelece novas regras de transpar\u00eancia para a LOA de 2027.<\/p>\n","protected":false},"excerpt":{"rendered":"<p>Projeto que estabelece as diretrizes para o or\u00e7amento estadual de 2027 prev\u00ea receita l\u00edquida de R$ 84,5 bilh\u00f5es e reduz o limite para abertura de cr\u00e9ditos suplementares pelo Executivo. A Assembleia Legislativa do Paran\u00e1 concluiu nesta ter\u00e7a-feira (25) a tramita\u00e7\u00e3o da Lei de Diretrizes Or\u00e7ament\u00e1rias (LDO) para 2027. A proposta passou pelas tr\u00eas sess\u00f5es plen\u00e1rias [&hellip;]<\/p>\n","protected":false},"author":16,"featured_media":7077,"comment_status":"open","ping_status":"open","sticky":false,"template":"","format":"standard","meta":{"footnotes":""},"categories":[7],"tags":[1580,2737,2738,47,478,2562,2734,2739,2736,2735,77,194],"class_list":["post-7076","post","type-post","status-publish","format-standard","has-post-thumbnail","hentry","category-politica","tag-assembleia-legislativa-do-parana","tag-creditos-suplementares","tag-deputados-do-parana","tag-destaque","tag-economia","tag-gastos-publicos","tag-ldo-2027","tag-loa-2027","tag-orcamento-2027","tag-orcamento-estadual","tag-parana","tag-politica"],"yoast_head":"<!-- This site is optimized with the Yoast SEO plugin v28.1 - https:\/\/yoast.com\/product\/yoast-seo-wordpress\/ -->\n<title>Deputados do Paran\u00e1 aprovam LDO 2027 com redu\u00e7\u00e3o da margem para gastos - Mz Not\u00edcias<\/title>\n<meta name=\"description\" content=\"Deputados do Paran\u00e1 aprovam a LDO 2027, que prev\u00ea receita de R$ 84,5 bilh\u00f5es e reduz a margem para abertura de cr\u00e9ditos suplementares pelo Executivo.\" \/>\n<meta name=\"robots\" content=\"index, follow, max-snippet:-1, max-image-preview:large, max-video-preview:-1\" \/>\n<link rel=\"canonical\" href=\"https:\/\/mznoticia.com.br\/jaguariaiva\/deputados-do-parana-aprovam-ldo-2027-com-reducao-da-margem-para-gastos\/\" \/>\n<meta property=\"og:locale\" content=\"pt_BR\" \/>\n<meta property=\"og:type\" content=\"article\" \/>\n<meta property=\"og:title\" content=\"Deputados do Paran\u00e1 aprovam LDO 2027 com redu\u00e7\u00e3o da margem para gastos - Mz Not\u00edcias\" \/>\n<meta property=\"og:description\" content=\"Deputados do Paran\u00e1 aprovam a LDO 2027, que prev\u00ea receita de R$ 84,5 bilh\u00f5es e reduz a margem para abertura de cr\u00e9ditos suplementares pelo Executivo.\" \/>\n<meta property=\"og:url\" content=\"https:\/\/mznoticia.com.br\/jaguariaiva\/deputados-do-parana-aprovam-ldo-2027-com-reducao-da-margem-para-gastos\/\" \/>\n<meta property=\"og:site_name\" content=\"Mz Not\u00edcias\" \/>\n<meta property=\"article:publisher\" content=\"https:\/\/www.facebook.com\/profile.php?id=61573479951222\" \/>\n<meta property=\"article:published_time\" content=\"2026-08-26T13:58:57+00:00\" \/>\n<meta property=\"og:image\" content=\"https:\/\/mznoticia.com.br\/jaguariaiva\/wp-content\/uploads\/2026\/08\/100-3.webp\" \/>\n\t<meta property=\"og:image:width\" content=\"984\" \/>\n\t<meta property=\"og:image:height\" content=\"655\" \/>\n\t<meta property=\"og:image:type\" content=\"image\/webp\" \/>\n<meta name=\"author\" content=\"Redacao mz\" \/>\n<meta name=\"twitter:card\" content=\"summary_large_image\" \/>\n<meta name=\"twitter:label1\" content=\"Escrito por\" \/>\n\t<meta name=\"twitter:data1\" content=\"Redacao mz\" \/>\n\t<meta name=\"twitter:label2\" content=\"Est. tempo de leitura\" \/>\n\t<meta name=\"twitter:data2\" content=\"2 minutos\" \/>\n<script type=\"application\/ld+json\" class=\"yoast-schema-graph\">{\"@context\":\"https:\\\/\\\/schema.org\",\"@graph\":[{\"@type\":\"Article\",\"@id\":\"https:\\\/\\\/mznoticia.com.br\\\/jaguariaiva\\\/deputados-do-parana-aprovam-ldo-2027-com-reducao-da-margem-para-gastos\\\/#article\",\"isPartOf\":{\"@id\":\"https:\\\/\\\/mznoticia.com.br\\\/jaguariaiva\\\/deputados-do-parana-aprovam-ldo-2027-com-reducao-da-margem-para-gastos\\\/\"},\"author\":{\"name\":\"Redacao mz\",\"@id\":\"https:\\\/\\\/mznoticia.com.br\\\/jaguariaiva\\\/#\\\/schema\\\/person\\\/84012d827247b3f42f37b550da79cd03\"},\"headline\":\"Deputados do Paran\u00e1 aprovam LDO 2027 com redu\u00e7\u00e3o da margem para gastos\",\"datePublished\":\"2026-08-26T13:58:57+00:00\",\"mainEntityOfPage\":{\"@id\":\"https:\\\/\\\/mznoticia.com.br\\\/jaguariaiva\\\/deputados-do-parana-aprovam-ldo-2027-com-reducao-da-margem-para-gastos\\\/\"},\"wordCount\":210,\"commentCount\":0,\"publisher\":{\"@id\":\"https:\\\/\\\/mznoticia.com.br\\\/jaguariaiva\\\/#organization\"},\"image\":{\"@id\":\"https:\\\/\\\/mznoticia.com.br\\\/jaguariaiva\\\/deputados-do-parana-aprovam-ldo-2027-com-reducao-da-margem-para-gastos\\\/#primaryimage\"},\"thumbnailUrl\":\"https:\\\/\\\/mznoticia.com.br\\\/jaguariaiva\\\/wp-content\\\/uploads\\\/2026\\\/08\\\/100-3.webp\",\"keywords\":[\"Assembleia Legislativa do Paran\u00e1\",\"cr\u00e9ditos suplementares\",\"deputados do Paran\u00e1\",\"destaque\",\"Economia\",\"gastos p\u00fablicos\",\"LDO 2027\",\"LOA 2027.\",\"or\u00e7amento 2027\",\"or\u00e7amento estadual\",\"parana\",\"politica\"],\"articleSection\":[\"Pol\u00edtica\"],\"inLanguage\":\"pt-BR\",\"potentialAction\":[{\"@type\":\"CommentAction\",\"name\":\"Comment\",\"target\":[\"https:\\\/\\\/mznoticia.com.br\\\/jaguariaiva\\\/deputados-do-parana-aprovam-ldo-2027-com-reducao-da-margem-para-gastos\\\/#respond\"]}]},{\"@type\":\"WebPage\",\"@id\":\"https:\\\/\\\/mznoticia.com.br\\\/jaguariaiva\\\/deputados-do-parana-aprovam-ldo-2027-com-reducao-da-margem-para-gastos\\\/\",\"url\":\"https:\\\/\\\/mznoticia.com.br\\\/jaguariaiva\\\/deputados-do-parana-aprovam-ldo-2027-com-reducao-da-margem-para-gastos\\\/\",\"name\":\"Deputados do Paran\u00e1 aprovam LDO 2027 com redu\u00e7\u00e3o da margem para gastos - Mz Not\u00edcias\",\"isPartOf\":{\"@id\":\"https:\\\/\\\/mznoticia.com.br\\\/jaguariaiva\\\/#website\"},\"primaryImageOfPage\":{\"@id\":\"https:\\\/\\\/mznoticia.com.br\\\/jaguariaiva\\\/deputados-do-parana-aprovam-ldo-2027-com-reducao-da-margem-para-gastos\\\/#primaryimage\"},\"image\":{\"@id\":\"https:\\\/\\\/mznoticia.com.br\\\/jaguariaiva\\\/deputados-do-parana-aprovam-ldo-2027-com-reducao-da-margem-para-gastos\\\/#primaryimage\"},\"thumbnailUrl\":\"https:\\\/\\\/mznoticia.com.br\\\/jaguariaiva\\\/wp-content\\\/uploads\\\/2026\\\/08\\\/100-3.webp\",\"datePublished\":\"2026-08-26T13:58:57+00:00\",\"description\":\"Deputados do Paran\u00e1 aprovam a LDO 2027, que prev\u00ea receita de R$ 84,5 bilh\u00f5es e reduz a margem para abertura de cr\u00e9ditos suplementares pelo Executivo.\",\"breadcrumb\":{\"@id\":\"https:\\\/\\\/mznoticia.com.br\\\/jaguariaiva\\\/deputados-do-parana-aprovam-ldo-2027-com-reducao-da-margem-para-gastos\\\/#breadcrumb\"},\"inLanguage\":\"pt-BR\",\"potentialAction\":[{\"@type\":\"ReadAction\",\"target\":[\"https:\\\/\\\/mznoticia.com.br\\\/jaguariaiva\\\/deputados-do-parana-aprovam-ldo-2027-com-reducao-da-margem-para-gastos\\\/\"]}]},{\"@type\":\"ImageObject\",\"inLanguage\":\"pt-BR\",\"@id\":\"https:\\\/\\\/mznoticia.com.br\\\/jaguariaiva\\\/deputados-do-parana-aprovam-ldo-2027-com-reducao-da-margem-para-gastos\\\/#primaryimage\",\"url\":\"https:\\\/\\\/mznoticia.com.br\\\/jaguariaiva\\\/wp-content\\\/uploads\\\/2026\\\/08\\\/100-3.webp\",\"contentUrl\":\"https:\\\/\\\/mznoticia.com.br\\\/jaguariaiva\\\/wp-content\\\/uploads\\\/2026\\\/08\\\/100-3.webp\",\"width\":984,\"height\":655},{\"@type\":\"BreadcrumbList\",\"@id\":\"https:\\\/\\\/mznoticia.com.br\\\/jaguariaiva\\\/deputados-do-parana-aprovam-ldo-2027-com-reducao-da-margem-para-gastos\\\/#breadcrumb\",\"itemListElement\":[{\"@type\":\"ListItem\",\"position\":1,\"name\":\"Home\",\"item\":\"https:\\\/\\\/mznoticia.com.br\\\/jaguariaiva\\\/\"},{\"@type\":\"ListItem\",\"position\":2,\"name\":\"Deputados do Paran\u00e1 aprovam LDO 2027 com redu\u00e7\u00e3o da margem para gastos\"}]},{\"@type\":\"WebSite\",\"@id\":\"https:\\\/\\\/mznoticia.com.br\\\/jaguariaiva\\\/#website\",\"url\":\"https:\\\/\\\/mznoticia.com.br\\\/jaguariaiva\\\/\",\"name\":\"Mz Not\u00edcia\",\"description\":\"A informa\u00e7\u00e3o que voc\u00ea precisa na hora certa!\",\"publisher\":{\"@id\":\"https:\\\/\\\/mznoticia.com.br\\\/jaguariaiva\\\/#organization\"},\"potentialAction\":[{\"@type\":\"SearchAction\",\"target\":{\"@type\":\"EntryPoint\",\"urlTemplate\":\"https:\\\/\\\/mznoticia.com.br\\\/jaguariaiva\\\/?s={search_term_string}\"},\"query-input\":{\"@type\":\"PropertyValueSpecification\",\"valueRequired\":true,\"valueName\":\"search_term_string\"}}],\"inLanguage\":\"pt-BR\"},{\"@type\":\"Organization\",\"@id\":\"https:\\\/\\\/mznoticia.com.br\\\/jaguariaiva\\\/#organization\",\"name\":\"Mz Not\u00edcia\",\"url\":\"https:\\\/\\\/mznoticia.com.br\\\/jaguariaiva\\\/\",\"logo\":{\"@type\":\"ImageObject\",\"inLanguage\":\"pt-BR\",\"@id\":\"https:\\\/\\\/mznoticia.com.br\\\/jaguariaiva\\\/#\\\/schema\\\/logo\\\/image\\\/\",\"url\":\"https:\\\/\\\/mznoticia.com.br\\\/jaguariaiva\\\/wp-content\\\/uploads\\\/2025\\\/03\\\/Design-sem-nome-4-e1741200616392.png\",\"contentUrl\":\"https:\\\/\\\/mznoticia.com.br\\\/jaguariaiva\\\/wp-content\\\/uploads\\\/2025\\\/03\\\/Design-sem-nome-4-e1741200616392.png\",\"width\":750,\"height\":563,\"caption\":\"Mz Not\u00edcia\"},\"image\":{\"@id\":\"https:\\\/\\\/mznoticia.com.br\\\/jaguariaiva\\\/#\\\/schema\\\/logo\\\/image\\\/\"},\"sameAs\":[\"https:\\\/\\\/www.facebook.com\\\/profile.php?id=61573479951222\",\"https:\\\/\\\/www.instagram.com\\\/mz.jaguariaiva\\\/\"]},{\"@type\":\"Person\",\"@id\":\"https:\\\/\\\/mznoticia.com.br\\\/jaguariaiva\\\/#\\\/schema\\\/person\\\/84012d827247b3f42f37b550da79cd03\",\"name\":\"Redacao mz\",\"image\":{\"@type\":\"ImageObject\",\"inLanguage\":\"pt-BR\",\"@id\":\"https:\\\/\\\/mznoticia.com.br\\\/jaguariaiva\\\/wp-content\\\/uploads\\\/2025\\\/02\\\/mznoticia_jaguariaiva_coluna-150x150.png\",\"url\":\"https:\\\/\\\/mznoticia.com.br\\\/jaguariaiva\\\/wp-content\\\/uploads\\\/2025\\\/02\\\/mznoticia_jaguariaiva_coluna-150x150.png\",\"contentUrl\":\"https:\\\/\\\/mznoticia.com.br\\\/jaguariaiva\\\/wp-content\\\/uploads\\\/2025\\\/02\\\/mznoticia_jaguariaiva_coluna-150x150.png\",\"caption\":\"Redacao mz\"},\"sameAs\":[\"http:\\\/\\\/mznoticia.com.br\"],\"url\":\"https:\\\/\\\/mznoticia.com.br\\\/jaguariaiva\\\/author\\\/lucimara\\\/\"}]}<\/script>\n<!-- \/ Yoast SEO plugin. -->","yoast_head_json":{"title":"Deputados do Paran\u00e1 aprovam LDO 2027 com redu\u00e7\u00e3o da margem para gastos - Mz Not\u00edcias","description":"Deputados do Paran\u00e1 aprovam a LDO 2027, que prev\u00ea receita de R$ 84,5 bilh\u00f5es e reduz a margem para abertura de cr\u00e9ditos suplementares pelo Executivo.","robots":{"index":"index","follow":"follow","max-snippet":"max-snippet:-1","max-image-preview":"max-image-preview:large","max-video-preview":"max-video-preview:-1"},"canonical":"https:\/\/mznoticia.com.br\/jaguariaiva\/deputados-do-parana-aprovam-ldo-2027-com-reducao-da-margem-para-gastos\/","og_locale":"pt_BR","og_type":"article","og_title":"Deputados do Paran\u00e1 aprovam LDO 2027 com redu\u00e7\u00e3o da margem para gastos - Mz Not\u00edcias","og_description":"Deputados do Paran\u00e1 aprovam a LDO 2027, que prev\u00ea receita de R$ 84,5 bilh\u00f5es e reduz a margem para abertura de cr\u00e9ditos suplementares pelo Executivo.","og_url":"https:\/\/mznoticia.com.br\/jaguariaiva\/deputados-do-parana-aprovam-ldo-2027-com-reducao-da-margem-para-gastos\/","og_site_name":"Mz Not\u00edcias","article_publisher":"https:\/\/www.facebook.com\/profile.php?id=61573479951222","article_published_time":"2026-08-26T13:58:57+00:00","og_image":[{"width":984,"height":655,"url":"https:\/\/mznoticia.com.br\/jaguariaiva\/wp-content\/uploads\/2026\/08\/100-3.webp","type":"image\/webp"}],"author":"Redacao mz","twitter_card":"summary_large_image","twitter_misc":{"Escrito por":"Redacao mz","Est. tempo de leitura":"2 minutos"},"schema":{"@context":"https:\/\/schema.org","@graph":[{"@type":"Article","@id":"https:\/\/mznoticia.com.br\/jaguariaiva\/deputados-do-parana-aprovam-ldo-2027-com-reducao-da-margem-para-gastos\/#article","isPartOf":{"@id":"https:\/\/mznoticia.com.br\/jaguariaiva\/deputados-do-parana-aprovam-ldo-2027-com-reducao-da-margem-para-gastos\/"},"author":{"name":"Redacao mz","@id":"https:\/\/mznoticia.com.br\/jaguariaiva\/#\/schema\/person\/84012d827247b3f42f37b550da79cd03"},"headline":"Deputados do Paran\u00e1 aprovam LDO 2027 com redu\u00e7\u00e3o da margem para gastos","datePublished":"2026-08-26T13:58:57+00:00","mainEntityOfPage":{"@id":"https:\/\/mznoticia.com.br\/jaguariaiva\/deputados-do-parana-aprovam-ldo-2027-com-reducao-da-margem-para-gastos\/"},"wordCount":210,"commentCount":0,"publisher":{"@id":"https:\/\/mznoticia.com.br\/jaguariaiva\/#organization"},"image":{"@id":"https:\/\/mznoticia.com.br\/jaguariaiva\/deputados-do-parana-aprovam-ldo-2027-com-reducao-da-margem-para-gastos\/#primaryimage"},"thumbnailUrl":"https:\/\/mznoticia.com.br\/jaguariaiva\/wp-content\/uploads\/2026\/08\/100-3.webp","keywords":["Assembleia Legislativa do Paran\u00e1","cr\u00e9ditos suplementares","deputados do Paran\u00e1","destaque","Economia","gastos p\u00fablicos","LDO 2027","LOA 2027.","or\u00e7amento 2027","or\u00e7amento estadual","parana","politica"],"articleSection":["Pol\u00edtica"],"inLanguage":"pt-BR","potentialAction":[{"@type":"CommentAction","name":"Comment","target":["https:\/\/mznoticia.com.br\/jaguariaiva\/deputados-do-parana-aprovam-ldo-2027-com-reducao-da-margem-para-gastos\/#respond"]}]},{"@type":"WebPage","@id":"https:\/\/mznoticia.com.br\/jaguariaiva\/deputados-do-parana-aprovam-ldo-2027-com-reducao-da-margem-para-gastos\/","url":"https:\/\/mznoticia.com.br\/jaguariaiva\/deputados-do-parana-aprovam-ldo-2027-com-reducao-da-margem-para-gastos\/","name":"Deputados do Paran\u00e1 aprovam LDO 2027 com redu\u00e7\u00e3o da margem para gastos - Mz Not\u00edcias","isPartOf":{"@id":"https:\/\/mznoticia.com.br\/jaguariaiva\/#website"},"primaryImageOfPage":{"@id":"https:\/\/mznoticia.com.br\/jaguariaiva\/deputados-do-parana-aprovam-ldo-2027-com-reducao-da-margem-para-gastos\/#primaryimage"},"image":{"@id":"https:\/\/mznoticia.com.br\/jaguariaiva\/deputados-do-parana-aprovam-ldo-2027-com-reducao-da-margem-para-gastos\/#primaryimage"},"thumbnailUrl":"https:\/\/mznoticia.com.br\/jaguariaiva\/wp-content\/uploads\/2026\/08\/100-3.webp","datePublished":"2026-08-26T13:58:57+00:00","description":"Deputados do Paran\u00e1 aprovam a LDO 2027, que prev\u00ea receita de R$ 84,5 bilh\u00f5es e reduz a margem para abertura de cr\u00e9ditos suplementares pelo Executivo.","breadcrumb":{"@id":"https:\/\/mznoticia.com.br\/jaguariaiva\/deputados-do-parana-aprovam-ldo-2027-com-reducao-da-margem-para-gastos\/#breadcrumb"},"inLanguage":"pt-BR","potentialAction":[{"@type":"ReadAction","target":["https:\/\/mznoticia.com.br\/jaguariaiva\/deputados-do-parana-aprovam-ldo-2027-com-reducao-da-margem-para-gastos\/"]}]},{"@type":"ImageObject","inLanguage":"pt-BR","@id":"https:\/\/mznoticia.com.br\/jaguariaiva\/deputados-do-parana-aprovam-ldo-2027-com-reducao-da-margem-para-gastos\/#primaryimage","url":"https:\/\/mznoticia.com.br\/jaguariaiva\/wp-content\/uploads\/2026\/08\/100-3.webp","contentUrl":"https:\/\/mznoticia.com.br\/jaguariaiva\/wp-content\/uploads\/2026\/08\/100-3.webp","width":984,"height":655},{"@type":"BreadcrumbList","@id":"https:\/\/mznoticia.com.br\/jaguariaiva\/deputados-do-parana-aprovam-ldo-2027-com-reducao-da-margem-para-gastos\/#breadcrumb","itemListElement":[{"@type":"ListItem","position":1,"name":"Home","item":"https:\/\/mznoticia.com.br\/jaguariaiva\/"},{"@type":"ListItem","position":2,"name":"Deputados do Paran\u00e1 aprovam LDO 2027 com redu\u00e7\u00e3o da margem para gastos"}]},{"@type":"WebSite","@id":"https:\/\/mznoticia.com.br\/jaguariaiva\/#website","url":"https:\/\/mznoticia.com.br\/jaguariaiva\/","name":"Mz Not\u00edcia","description":"A informa\u00e7\u00e3o que voc\u00ea precisa na hora certa!","publisher":{"@id":"https:\/\/mznoticia.com.br\/jaguariaiva\/#organization"},"potentialAction":[{"@type":"SearchAction","target":{"@type":"EntryPoint","urlTemplate":"https:\/\/mznoticia.com.br\/jaguariaiva\/?s={search_term_string}"},"query-input":{"@type":"PropertyValueSpecification","valueRequired":true,"valueName":"search_term_string"}}],"inLanguage":"pt-BR"},{"@type":"Organization","@id":"https:\/\/mznoticia.com.br\/jaguariaiva\/#organization","name":"Mz Not\u00edcia","url":"https:\/\/mznoticia.com.br\/jaguariaiva\/","logo":{"@type":"ImageObject","inLanguage":"pt-BR","@id":"https:\/\/mznoticia.com.br\/jaguariaiva\/#\/schema\/logo\/image\/","url":"https:\/\/mznoticia.com.br\/jaguariaiva\/wp-content\/uploads\/2025\/03\/Design-sem-nome-4-e1741200616392.png","contentUrl":"https:\/\/mznoticia.com.br\/jaguariaiva\/wp-content\/uploads\/2025\/03\/Design-sem-nome-4-e1741200616392.png","width":750,"height":563,"caption":"Mz Not\u00edcia"},"image":{"@id":"https:\/\/mznoticia.com.br\/jaguariaiva\/#\/schema\/logo\/image\/"},"sameAs":["https:\/\/www.facebook.com\/profile.php?id=61573479951222","https:\/\/www.instagram.com\/mz.jaguariaiva\/"]},{"@type":"Person","@id":"https:\/\/mznoticia.com.br\/jaguariaiva\/#\/schema\/person\/84012d827247b3f42f37b550da79cd03","name":"Redacao mz","image":{"@type":"ImageObject","inLanguage":"pt-BR","@id":"https:\/\/mznoticia.com.br\/jaguariaiva\/wp-content\/uploads\/2025\/02\/mznoticia_jaguariaiva_coluna-150x150.png","url":"https:\/\/mznoticia.com.br\/jaguariaiva\/wp-content\/uploads\/2025\/02\/mznoticia_jaguariaiva_coluna-150x150.png","contentUrl":"https:\/\/mznoticia.com.br\/jaguariaiva\/wp-content\/uploads\/2025\/02\/mznoticia_jaguariaiva_coluna-150x150.png","caption":"Redacao mz"},"sameAs":["http:\/\/mznoticia.com.br"],"url":"https:\/\/mznoticia.com.br\/jaguariaiva\/author\/lucimara\/"}]}},"_links":{"self":[{"href":"https:\/\/mznoticia.com.br\/jaguariaiva\/wp-json\/wp\/v2\/posts\/7076","targetHints":{"allow":["GET"]}}],"collection":[{"href":"https:\/\/mznoticia.com.br\/jaguariaiva\/wp-json\/wp\/v2\/posts"}],"about":[{"href":"https:\/\/mznoticia.com.br\/jaguariaiva\/wp-json\/wp\/v2\/types\/post"}],"author":[{"embeddable":true,"href":"https:\/\/mznoticia.com.br\/jaguariaiva\/wp-json\/wp\/v2\/users\/16"}],"replies":[{"embeddable":true,"href":"https:\/\/mznoticia.com.br\/jaguariaiva\/wp-json\/wp\/v2\/comments?post=7076"}],"version-history":[{"count":1,"href":"https:\/\/mznoticia.com.br\/jaguariaiva\/wp-json\/wp\/v2\/posts\/7076\/revisions"}],"predecessor-version":[{"id":7078,"href":"https:\/\/mznoticia.com.br\/jaguariaiva\/wp-json\/wp\/v2\/posts\/7076\/revisions\/7078"}],"wp:featuredmedia":[{"embeddable":true,"href":"https:\/\/mznoticia.com.br\/jaguariaiva\/wp-json\/wp\/v2\/media\/7077"}],"wp:attachment":[{"href":"https:\/\/mznoticia.com.br\/jaguariaiva\/wp-json\/wp\/v2\/media?parent=7076"}],"wp:term":[{"taxonomy":"category","embeddable":true,"href":"https:\/\/mznoticia.com.br\/jaguariaiva\/wp-json\/wp\/v2\/categories?post=7076"},{"taxonomy":"post_tag","embeddable":true,"href":"https:\/\/mznoticia.com.br\/jaguariaiva\/wp-json\/wp\/v2\/tags?post=7076"}],"curies":[{"name":"wp","href":"https:\/\/api.w.org\/{rel}","templated":true}]}}