{"id":7079,"date":"2026-08-26T14:12:20","date_gmt":"2026-08-26T14:12:20","guid":{"rendered":"https:\/\/mznoticia.com.br\/jaguariaiva\/?p=7079"},"modified":"2026-08-26T14:12:20","modified_gmt":"2026-08-26T14:12:20","slug":"corinthians-negocia-venda-de-andre-ao-nottingham-forest-da-premier-league","status":"publish","type":"post","link":"https:\/\/mznoticia.com.br\/jaguariaiva\/corinthians-negocia-venda-de-andre-ao-nottingham-forest-da-premier-league\/","title":{"rendered":"Corinthians negocia venda de Andr\u00e9 ao Nottingham Forest, da Premier League"},"content":{"rendered":"<h2 class=\"PDq2pG_selectionAnchorContainer\" data-section-id=\"mkyri6\" data-start=\"78\" data-end=\"215\">Clube ingl\u00eas fez proposta de 12 milh\u00f5es de euros, recusada pelo Tim\u00e3o; Corinthians pede 15 milh\u00f5es de euros, al\u00e9m de valores por metas<\/h2>\n<p data-start=\"217\" data-end=\"436\">O Corinthians negocia a transfer\u00eancia do volante Andr\u00e9, de 20 anos, para o Nottingham Forest, da Inglaterra. O clube disputa a Premier League e demonstrou interesse no jogador que vem se destacando pela equipe paulista.<\/p>\n<p data-start=\"438\" data-end=\"623\">A primeira proposta oficial apresentada pelos ingleses foi de 12 milh\u00f5es de euros, aproximadamente R$ 72 milh\u00f5es. O Corinthians recusou a oferta e apresentou uma contraproposta.<\/p>\n<h3 data-section-id=\"1gaqnpu\" data-start=\"625\" data-end=\"676\">Corinthians pede 15 milh\u00f5es de euros mais b\u00f4nus<\/h3>\n<p data-start=\"678\" data-end=\"872\">Na nova proposta, o clube paulista solicita 15 milh\u00f5es de euros, cerca de R$ 90 milh\u00f5es, al\u00e9m de outros 5 milh\u00f5es de euros em metas, equivalentes a aproximadamente R$ 30 milh\u00f5es.<\/p>\n<p data-start=\"874\" data-end=\"997\">As negocia\u00e7\u00f5es avan\u00e7aram, e o Nottingham Forest demonstrou disposi\u00e7\u00e3o para chegar aos valores pretendidos pelo Corinthians.<\/p>\n<p data-start=\"999\" data-end=\"1095\">Os representantes de Andr\u00e9 tamb\u00e9m devem participar das tratativas para tentar acelerar o acordo.<\/p>\n<h3 data-section-id=\"12cg92p\" data-start=\"1097\" data-end=\"1148\">Corinthians pode ficar com maior parte do valor<\/h3>\n<p data-start=\"1150\" data-end=\"1288\">Pelos termos discutidos, o Corinthians ficaria inicialmente com 70% do valor da transfer\u00eancia, enquanto Andr\u00e9 teria direito a 30%.<\/p>\n<p data-start=\"1290\" data-end=\"1479\">Como forma de facilitar a negocia\u00e7\u00e3o, existe a possibilidade de o jogador abrir m\u00e3o de 10% de sua participa\u00e7\u00e3o, fazendo com que esse percentual seja destinado aos cofres do Corinthians.<\/p>\n<h3 data-section-id=\"1eji228\" data-start=\"1481\" data-end=\"1510\">Andr\u00e9 se destacou em 2026<\/h3>\n<p data-start=\"1512\" data-end=\"1593\">Andr\u00e9 tem 20 anos e chegou ao futebol profissional do Corinthians no ano passado.<\/p>\n<p data-start=\"1595\" data-end=\"1699\">Na temporada de 2026, o volante soma 34 partidas, com cinco gols e duas assist\u00eancias pelo clube.<\/p>\n<p data-start=\"1701\" data-end=\"1875\">A poss\u00edvel transfer\u00eancia para o futebol ingl\u00eas representa uma oportunidade de Andr\u00e9 seguir a carreira na Europa e tamb\u00e9m pode gerar uma importante receita para o Corinthians.<\/p>\n<h3 data-section-id=\"j84hoy\" data-start=\"1877\" data-end=\"1910\">Pr\u00f3ximos jogos do Corinthians<\/h3>\n<p data-start=\"1912\" data-end=\"2044\">O Corinthians tem como pr\u00f3ximo compromisso o confronto contra o Santos, no dia 30 de agosto, \u00e0s 16h, pelo Campeonato Brasileiro.<\/p>\n<p data-start=\"2046\" data-end=\"2216\">Depois, enfrenta a Chapecoense, em 6 de setembro, \u00e0s 19h30. Pela Libertadores, o Tim\u00e3o ter\u00e1 pela frente o Estudiantes, da Argentina, em data ainda a ser definida.<\/p>\n","protected":false},"excerpt":{"rendered":"<p>Clube ingl\u00eas fez proposta de 12 milh\u00f5es de euros, recusada pelo Tim\u00e3o; Corinthians pede 15 milh\u00f5es de euros, al\u00e9m de valores por metas O Corinthians negocia a transfer\u00eancia do volante Andr\u00e9, de 20 anos, para o Nottingham Forest, da Inglaterra. O clube disputa a Premier League e demonstrou interesse no jogador que vem se destacando [&hellip;]<\/p>\n","protected":false},"author":16,"featured_media":7080,"comment_status":"open","ping_status":"open","sticky":false,"template":"","format":"standard","meta":{"footnotes":""},"categories":[9],"tags":[2740,1808,106,39,1810,1629,2741,2176],"class_list":["post-7079","post","type-post","status-publish","format-standard","has-post-thumbnail","hentry","category-esportes","tag-andre","tag-brasileirao","tag-corinthians","tag-futebol","tag-libertadores","tag-mercado-da-bola","tag-nottingham-forest","tag-premier-league"],"yoast_head":"<!-- This site is optimized with the Yoast SEO plugin v28.1 - https:\/\/yoast.com\/product\/yoast-seo-wordpress\/ -->\n<title>Corinthians negocia venda de Andr\u00e9 ao Nottingham Forest, da Premier League - Mz Not\u00edcias<\/title>\n<meta name=\"description\" content=\"Corinthians negocia venda do volante Andr\u00e9 ao Nottingham Forest. Clube ingl\u00eas ofereceu 12 milh\u00f5es de euros e Tim\u00e3o pede at\u00e9 20 milh\u00f5es com metas.\" \/>\n<meta name=\"robots\" content=\"index, follow, max-snippet:-1, max-image-preview:large, max-video-preview:-1\" \/>\n<link rel=\"canonical\" href=\"https:\/\/mznoticia.com.br\/jaguariaiva\/corinthians-negocia-venda-de-andre-ao-nottingham-forest-da-premier-league\/\" \/>\n<meta property=\"og:locale\" content=\"pt_BR\" \/>\n<meta property=\"og:type\" content=\"article\" \/>\n<meta property=\"og:title\" content=\"Corinthians negocia venda de Andr\u00e9 ao Nottingham Forest, da Premier League - Mz Not\u00edcias\" \/>\n<meta property=\"og:description\" content=\"Corinthians negocia venda do volante Andr\u00e9 ao Nottingham Forest. Clube ingl\u00eas ofereceu 12 milh\u00f5es de euros e Tim\u00e3o pede at\u00e9 20 milh\u00f5es com metas.\" \/>\n<meta property=\"og:url\" content=\"https:\/\/mznoticia.com.br\/jaguariaiva\/corinthians-negocia-venda-de-andre-ao-nottingham-forest-da-premier-league\/\" \/>\n<meta property=\"og:site_name\" content=\"Mz Not\u00edcias\" \/>\n<meta property=\"article:publisher\" content=\"https:\/\/www.facebook.com\/profile.php?id=61573479951222\" \/>\n<meta property=\"article:published_time\" content=\"2026-08-26T14:12:20+00:00\" \/>\n<meta property=\"og:image\" content=\"https:\/\/mznoticia.com.br\/jaguariaiva\/wp-content\/uploads\/2026\/08\/100-4.webp\" \/>\n\t<meta property=\"og:image:width\" content=\"1200\" \/>\n\t<meta property=\"og:image:height\" content=\"1200\" \/>\n\t<meta property=\"og:image:type\" content=\"image\/webp\" \/>\n<meta name=\"author\" content=\"Redacao mz\" \/>\n<meta name=\"twitter:card\" content=\"summary_large_image\" \/>\n<meta name=\"twitter:label1\" content=\"Escrito por\" \/>\n\t<meta name=\"twitter:data1\" content=\"Redacao mz\" \/>\n\t<meta name=\"twitter:label2\" content=\"Est. tempo de leitura\" \/>\n\t<meta name=\"twitter:data2\" content=\"2 minutos\" \/>\n<script type=\"application\/ld+json\" class=\"yoast-schema-graph\">{\"@context\":\"https:\\\/\\\/schema.org\",\"@graph\":[{\"@type\":\"Article\",\"@id\":\"https:\\\/\\\/mznoticia.com.br\\\/jaguariaiva\\\/corinthians-negocia-venda-de-andre-ao-nottingham-forest-da-premier-league\\\/#article\",\"isPartOf\":{\"@id\":\"https:\\\/\\\/mznoticia.com.br\\\/jaguariaiva\\\/corinthians-negocia-venda-de-andre-ao-nottingham-forest-da-premier-league\\\/\"},\"author\":{\"name\":\"Redacao mz\",\"@id\":\"https:\\\/\\\/mznoticia.com.br\\\/jaguariaiva\\\/#\\\/schema\\\/person\\\/84012d827247b3f42f37b550da79cd03\"},\"headline\":\"Corinthians negocia venda de Andr\u00e9 ao Nottingham Forest, da Premier League\",\"datePublished\":\"2026-08-26T14:12:20+00:00\",\"mainEntityOfPage\":{\"@id\":\"https:\\\/\\\/mznoticia.com.br\\\/jaguariaiva\\\/corinthians-negocia-venda-de-andre-ao-nottingham-forest-da-premier-league\\\/\"},\"wordCount\":348,\"commentCount\":0,\"publisher\":{\"@id\":\"https:\\\/\\\/mznoticia.com.br\\\/jaguariaiva\\\/#organization\"},\"image\":{\"@id\":\"https:\\\/\\\/mznoticia.com.br\\\/jaguariaiva\\\/corinthians-negocia-venda-de-andre-ao-nottingham-forest-da-premier-league\\\/#primaryimage\"},\"thumbnailUrl\":\"https:\\\/\\\/mznoticia.com.br\\\/jaguariaiva\\\/wp-content\\\/uploads\\\/2026\\\/08\\\/100-4.webp\",\"keywords\":[\"Andr\u00e9\",\"Brasileir\u00e3o\",\"corinthians\",\"futebol\",\"Libertadores\",\"Mercado da Bola\",\"Nottingham Forest\",\"Premier League\"],\"articleSection\":[\"Esportes\"],\"inLanguage\":\"pt-BR\",\"potentialAction\":[{\"@type\":\"CommentAction\",\"name\":\"Comment\",\"target\":[\"https:\\\/\\\/mznoticia.com.br\\\/jaguariaiva\\\/corinthians-negocia-venda-de-andre-ao-nottingham-forest-da-premier-league\\\/#respond\"]}]},{\"@type\":\"WebPage\",\"@id\":\"https:\\\/\\\/mznoticia.com.br\\\/jaguariaiva\\\/corinthians-negocia-venda-de-andre-ao-nottingham-forest-da-premier-league\\\/\",\"url\":\"https:\\\/\\\/mznoticia.com.br\\\/jaguariaiva\\\/corinthians-negocia-venda-de-andre-ao-nottingham-forest-da-premier-league\\\/\",\"name\":\"Corinthians negocia venda de Andr\u00e9 ao Nottingham Forest, da Premier League - Mz Not\u00edcias\",\"isPartOf\":{\"@id\":\"https:\\\/\\\/mznoticia.com.br\\\/jaguariaiva\\\/#website\"},\"primaryImageOfPage\":{\"@id\":\"https:\\\/\\\/mznoticia.com.br\\\/jaguariaiva\\\/corinthians-negocia-venda-de-andre-ao-nottingham-forest-da-premier-league\\\/#primaryimage\"},\"image\":{\"@id\":\"https:\\\/\\\/mznoticia.com.br\\\/jaguariaiva\\\/corinthians-negocia-venda-de-andre-ao-nottingham-forest-da-premier-league\\\/#primaryimage\"},\"thumbnailUrl\":\"https:\\\/\\\/mznoticia.com.br\\\/jaguariaiva\\\/wp-content\\\/uploads\\\/2026\\\/08\\\/100-4.webp\",\"datePublished\":\"2026-08-26T14:12:20+00:00\",\"description\":\"Corinthians negocia venda do volante Andr\u00e9 ao Nottingham Forest. Clube ingl\u00eas ofereceu 12 milh\u00f5es de euros e Tim\u00e3o pede at\u00e9 20 milh\u00f5es com metas.\",\"breadcrumb\":{\"@id\":\"https:\\\/\\\/mznoticia.com.br\\\/jaguariaiva\\\/corinthians-negocia-venda-de-andre-ao-nottingham-forest-da-premier-league\\\/#breadcrumb\"},\"inLanguage\":\"pt-BR\",\"potentialAction\":[{\"@type\":\"ReadAction\",\"target\":[\"https:\\\/\\\/mznoticia.com.br\\\/jaguariaiva\\\/corinthians-negocia-venda-de-andre-ao-nottingham-forest-da-premier-league\\\/\"]}]},{\"@type\":\"ImageObject\",\"inLanguage\":\"pt-BR\",\"@id\":\"https:\\\/\\\/mznoticia.com.br\\\/jaguariaiva\\\/corinthians-negocia-venda-de-andre-ao-nottingham-forest-da-premier-league\\\/#primaryimage\",\"url\":\"https:\\\/\\\/mznoticia.com.br\\\/jaguariaiva\\\/wp-content\\\/uploads\\\/2026\\\/08\\\/100-4.webp\",\"contentUrl\":\"https:\\\/\\\/mznoticia.com.br\\\/jaguariaiva\\\/wp-content\\\/uploads\\\/2026\\\/08\\\/100-4.webp\",\"width\":1200,\"height\":1200},{\"@type\":\"BreadcrumbList\",\"@id\":\"https:\\\/\\\/mznoticia.com.br\\\/jaguariaiva\\\/corinthians-negocia-venda-de-andre-ao-nottingham-forest-da-premier-league\\\/#breadcrumb\",\"itemListElement\":[{\"@type\":\"ListItem\",\"position\":1,\"name\":\"Home\",\"item\":\"https:\\\/\\\/mznoticia.com.br\\\/jaguariaiva\\\/\"},{\"@type\":\"ListItem\",\"position\":2,\"name\":\"Corinthians negocia venda de Andr\u00e9 ao Nottingham Forest, da Premier League\"}]},{\"@type\":\"WebSite\",\"@id\":\"https:\\\/\\\/mznoticia.com.br\\\/jaguariaiva\\\/#website\",\"url\":\"https:\\\/\\\/mznoticia.com.br\\\/jaguariaiva\\\/\",\"name\":\"Mz Not\u00edcia\",\"description\":\"A informa\u00e7\u00e3o que voc\u00ea precisa na hora certa!\",\"publisher\":{\"@id\":\"https:\\\/\\\/mznoticia.com.br\\\/jaguariaiva\\\/#organization\"},\"potentialAction\":[{\"@type\":\"SearchAction\",\"target\":{\"@type\":\"EntryPoint\",\"urlTemplate\":\"https:\\\/\\\/mznoticia.com.br\\\/jaguariaiva\\\/?s={search_term_string}\"},\"query-input\":{\"@type\":\"PropertyValueSpecification\",\"valueRequired\":true,\"valueName\":\"search_term_string\"}}],\"inLanguage\":\"pt-BR\"},{\"@type\":\"Organization\",\"@id\":\"https:\\\/\\\/mznoticia.com.br\\\/jaguariaiva\\\/#organization\",\"name\":\"Mz Not\u00edcia\",\"url\":\"https:\\\/\\\/mznoticia.com.br\\\/jaguariaiva\\\/\",\"logo\":{\"@type\":\"ImageObject\",\"inLanguage\":\"pt-BR\",\"@id\":\"https:\\\/\\\/mznoticia.com.br\\\/jaguariaiva\\\/#\\\/schema\\\/logo\\\/image\\\/\",\"url\":\"https:\\\/\\\/mznoticia.com.br\\\/jaguariaiva\\\/wp-content\\\/uploads\\\/2025\\\/03\\\/Design-sem-nome-4-e1741200616392.png\",\"contentUrl\":\"https:\\\/\\\/mznoticia.com.br\\\/jaguariaiva\\\/wp-content\\\/uploads\\\/2025\\\/03\\\/Design-sem-nome-4-e1741200616392.png\",\"width\":750,\"height\":563,\"caption\":\"Mz Not\u00edcia\"},\"image\":{\"@id\":\"https:\\\/\\\/mznoticia.com.br\\\/jaguariaiva\\\/#\\\/schema\\\/logo\\\/image\\\/\"},\"sameAs\":[\"https:\\\/\\\/www.facebook.com\\\/profile.php?id=61573479951222\",\"https:\\\/\\\/www.instagram.com\\\/mz.jaguariaiva\\\/\"]},{\"@type\":\"Person\",\"@id\":\"https:\\\/\\\/mznoticia.com.br\\\/jaguariaiva\\\/#\\\/schema\\\/person\\\/84012d827247b3f42f37b550da79cd03\",\"name\":\"Redacao mz\",\"image\":{\"@type\":\"ImageObject\",\"inLanguage\":\"pt-BR\",\"@id\":\"https:\\\/\\\/mznoticia.com.br\\\/jaguariaiva\\\/wp-content\\\/uploads\\\/2025\\\/02\\\/mznoticia_jaguariaiva_coluna-150x150.png\",\"url\":\"https:\\\/\\\/mznoticia.com.br\\\/jaguariaiva\\\/wp-content\\\/uploads\\\/2025\\\/02\\\/mznoticia_jaguariaiva_coluna-150x150.png\",\"contentUrl\":\"https:\\\/\\\/mznoticia.com.br\\\/jaguariaiva\\\/wp-content\\\/uploads\\\/2025\\\/02\\\/mznoticia_jaguariaiva_coluna-150x150.png\",\"caption\":\"Redacao mz\"},\"sameAs\":[\"http:\\\/\\\/mznoticia.com.br\"],\"url\":\"https:\\\/\\\/mznoticia.com.br\\\/jaguariaiva\\\/author\\\/lucimara\\\/\"}]}<\/script>\n<!-- \/ Yoast SEO plugin. -->","yoast_head_json":{"title":"Corinthians negocia venda de Andr\u00e9 ao Nottingham Forest, da Premier League - Mz Not\u00edcias","description":"Corinthians negocia venda do volante Andr\u00e9 ao Nottingham Forest. Clube ingl\u00eas ofereceu 12 milh\u00f5es de euros e Tim\u00e3o pede at\u00e9 20 milh\u00f5es com metas.","robots":{"index":"index","follow":"follow","max-snippet":"max-snippet:-1","max-image-preview":"max-image-preview:large","max-video-preview":"max-video-preview:-1"},"canonical":"https:\/\/mznoticia.com.br\/jaguariaiva\/corinthians-negocia-venda-de-andre-ao-nottingham-forest-da-premier-league\/","og_locale":"pt_BR","og_type":"article","og_title":"Corinthians negocia venda de Andr\u00e9 ao Nottingham Forest, da Premier League - Mz Not\u00edcias","og_description":"Corinthians negocia venda do volante Andr\u00e9 ao Nottingham Forest. Clube ingl\u00eas ofereceu 12 milh\u00f5es de euros e Tim\u00e3o pede at\u00e9 20 milh\u00f5es com metas.","og_url":"https:\/\/mznoticia.com.br\/jaguariaiva\/corinthians-negocia-venda-de-andre-ao-nottingham-forest-da-premier-league\/","og_site_name":"Mz Not\u00edcias","article_publisher":"https:\/\/www.facebook.com\/profile.php?id=61573479951222","article_published_time":"2026-08-26T14:12:20+00:00","og_image":[{"width":1200,"height":1200,"url":"https:\/\/mznoticia.com.br\/jaguariaiva\/wp-content\/uploads\/2026\/08\/100-4.webp","type":"image\/webp"}],"author":"Redacao mz","twitter_card":"summary_large_image","twitter_misc":{"Escrito por":"Redacao mz","Est. tempo de leitura":"2 minutos"},"schema":{"@context":"https:\/\/schema.org","@graph":[{"@type":"Article","@id":"https:\/\/mznoticia.com.br\/jaguariaiva\/corinthians-negocia-venda-de-andre-ao-nottingham-forest-da-premier-league\/#article","isPartOf":{"@id":"https:\/\/mznoticia.com.br\/jaguariaiva\/corinthians-negocia-venda-de-andre-ao-nottingham-forest-da-premier-league\/"},"author":{"name":"Redacao mz","@id":"https:\/\/mznoticia.com.br\/jaguariaiva\/#\/schema\/person\/84012d827247b3f42f37b550da79cd03"},"headline":"Corinthians negocia venda de Andr\u00e9 ao Nottingham Forest, da Premier League","datePublished":"2026-08-26T14:12:20+00:00","mainEntityOfPage":{"@id":"https:\/\/mznoticia.com.br\/jaguariaiva\/corinthians-negocia-venda-de-andre-ao-nottingham-forest-da-premier-league\/"},"wordCount":348,"commentCount":0,"publisher":{"@id":"https:\/\/mznoticia.com.br\/jaguariaiva\/#organization"},"image":{"@id":"https:\/\/mznoticia.com.br\/jaguariaiva\/corinthians-negocia-venda-de-andre-ao-nottingham-forest-da-premier-league\/#primaryimage"},"thumbnailUrl":"https:\/\/mznoticia.com.br\/jaguariaiva\/wp-content\/uploads\/2026\/08\/100-4.webp","keywords":["Andr\u00e9","Brasileir\u00e3o","corinthians","futebol","Libertadores","Mercado da Bola","Nottingham Forest","Premier League"],"articleSection":["Esportes"],"inLanguage":"pt-BR","potentialAction":[{"@type":"CommentAction","name":"Comment","target":["https:\/\/mznoticia.com.br\/jaguariaiva\/corinthians-negocia-venda-de-andre-ao-nottingham-forest-da-premier-league\/#respond"]}]},{"@type":"WebPage","@id":"https:\/\/mznoticia.com.br\/jaguariaiva\/corinthians-negocia-venda-de-andre-ao-nottingham-forest-da-premier-league\/","url":"https:\/\/mznoticia.com.br\/jaguariaiva\/corinthians-negocia-venda-de-andre-ao-nottingham-forest-da-premier-league\/","name":"Corinthians negocia venda de Andr\u00e9 ao Nottingham Forest, da Premier League - Mz Not\u00edcias","isPartOf":{"@id":"https:\/\/mznoticia.com.br\/jaguariaiva\/#website"},"primaryImageOfPage":{"@id":"https:\/\/mznoticia.com.br\/jaguariaiva\/corinthians-negocia-venda-de-andre-ao-nottingham-forest-da-premier-league\/#primaryimage"},"image":{"@id":"https:\/\/mznoticia.com.br\/jaguariaiva\/corinthians-negocia-venda-de-andre-ao-nottingham-forest-da-premier-league\/#primaryimage"},"thumbnailUrl":"https:\/\/mznoticia.com.br\/jaguariaiva\/wp-content\/uploads\/2026\/08\/100-4.webp","datePublished":"2026-08-26T14:12:20+00:00","description":"Corinthians negocia venda do volante Andr\u00e9 ao Nottingham Forest. Clube ingl\u00eas ofereceu 12 milh\u00f5es de euros e Tim\u00e3o pede at\u00e9 20 milh\u00f5es com metas.","breadcrumb":{"@id":"https:\/\/mznoticia.com.br\/jaguariaiva\/corinthians-negocia-venda-de-andre-ao-nottingham-forest-da-premier-league\/#breadcrumb"},"inLanguage":"pt-BR","potentialAction":[{"@type":"ReadAction","target":["https:\/\/mznoticia.com.br\/jaguariaiva\/corinthians-negocia-venda-de-andre-ao-nottingham-forest-da-premier-league\/"]}]},{"@type":"ImageObject","inLanguage":"pt-BR","@id":"https:\/\/mznoticia.com.br\/jaguariaiva\/corinthians-negocia-venda-de-andre-ao-nottingham-forest-da-premier-league\/#primaryimage","url":"https:\/\/mznoticia.com.br\/jaguariaiva\/wp-content\/uploads\/2026\/08\/100-4.webp","contentUrl":"https:\/\/mznoticia.com.br\/jaguariaiva\/wp-content\/uploads\/2026\/08\/100-4.webp","width":1200,"height":1200},{"@type":"BreadcrumbList","@id":"https:\/\/mznoticia.com.br\/jaguariaiva\/corinthians-negocia-venda-de-andre-ao-nottingham-forest-da-premier-league\/#breadcrumb","itemListElement":[{"@type":"ListItem","position":1,"name":"Home","item":"https:\/\/mznoticia.com.br\/jaguariaiva\/"},{"@type":"ListItem","position":2,"name":"Corinthians negocia venda de Andr\u00e9 ao Nottingham Forest, da Premier League"}]},{"@type":"WebSite","@id":"https:\/\/mznoticia.com.br\/jaguariaiva\/#website","url":"https:\/\/mznoticia.com.br\/jaguariaiva\/","name":"Mz Not\u00edcia","description":"A informa\u00e7\u00e3o que voc\u00ea precisa na hora certa!","publisher":{"@id":"https:\/\/mznoticia.com.br\/jaguariaiva\/#organization"},"potentialAction":[{"@type":"SearchAction","target":{"@type":"EntryPoint","urlTemplate":"https:\/\/mznoticia.com.br\/jaguariaiva\/?s={search_term_string}"},"query-input":{"@type":"PropertyValueSpecification","valueRequired":true,"valueName":"search_term_string"}}],"inLanguage":"pt-BR"},{"@type":"Organization","@id":"https:\/\/mznoticia.com.br\/jaguariaiva\/#organization","name":"Mz Not\u00edcia","url":"https:\/\/mznoticia.com.br\/jaguariaiva\/","logo":{"@type":"ImageObject","inLanguage":"pt-BR","@id":"https:\/\/mznoticia.com.br\/jaguariaiva\/#\/schema\/logo\/image\/","url":"https:\/\/mznoticia.com.br\/jaguariaiva\/wp-content\/uploads\/2025\/03\/Design-sem-nome-4-e1741200616392.png","contentUrl":"https:\/\/mznoticia.com.br\/jaguariaiva\/wp-content\/uploads\/2025\/03\/Design-sem-nome-4-e1741200616392.png","width":750,"height":563,"caption":"Mz Not\u00edcia"},"image":{"@id":"https:\/\/mznoticia.com.br\/jaguariaiva\/#\/schema\/logo\/image\/"},"sameAs":["https:\/\/www.facebook.com\/profile.php?id=61573479951222","https:\/\/www.instagram.com\/mz.jaguariaiva\/"]},{"@type":"Person","@id":"https:\/\/mznoticia.com.br\/jaguariaiva\/#\/schema\/person\/84012d827247b3f42f37b550da79cd03","name":"Redacao mz","image":{"@type":"ImageObject","inLanguage":"pt-BR","@id":"https:\/\/mznoticia.com.br\/jaguariaiva\/wp-content\/uploads\/2025\/02\/mznoticia_jaguariaiva_coluna-150x150.png","url":"https:\/\/mznoticia.com.br\/jaguariaiva\/wp-content\/uploads\/2025\/02\/mznoticia_jaguariaiva_coluna-150x150.png","contentUrl":"https:\/\/mznoticia.com.br\/jaguariaiva\/wp-content\/uploads\/2025\/02\/mznoticia_jaguariaiva_coluna-150x150.png","caption":"Redacao mz"},"sameAs":["http:\/\/mznoticia.com.br"],"url":"https:\/\/mznoticia.com.br\/jaguariaiva\/author\/lucimara\/"}]}},"_links":{"self":[{"href":"https:\/\/mznoticia.com.br\/jaguariaiva\/wp-json\/wp\/v2\/posts\/7079","targetHints":{"allow":["GET"]}}],"collection":[{"href":"https:\/\/mznoticia.com.br\/jaguariaiva\/wp-json\/wp\/v2\/posts"}],"about":[{"href":"https:\/\/mznoticia.com.br\/jaguariaiva\/wp-json\/wp\/v2\/types\/post"}],"author":[{"embeddable":true,"href":"https:\/\/mznoticia.com.br\/jaguariaiva\/wp-json\/wp\/v2\/users\/16"}],"replies":[{"embeddable":true,"href":"https:\/\/mznoticia.com.br\/jaguariaiva\/wp-json\/wp\/v2\/comments?post=7079"}],"version-history":[{"count":1,"href":"https:\/\/mznoticia.com.br\/jaguariaiva\/wp-json\/wp\/v2\/posts\/7079\/revisions"}],"predecessor-version":[{"id":7081,"href":"https:\/\/mznoticia.com.br\/jaguariaiva\/wp-json\/wp\/v2\/posts\/7079\/revisions\/7081"}],"wp:featuredmedia":[{"embeddable":true,"href":"https:\/\/mznoticia.com.br\/jaguariaiva\/wp-json\/wp\/v2\/media\/7080"}],"wp:attachment":[{"href":"https:\/\/mznoticia.com.br\/jaguariaiva\/wp-json\/wp\/v2\/media?parent=7079"}],"wp:term":[{"taxonomy":"category","embeddable":true,"href":"https:\/\/mznoticia.com.br\/jaguariaiva\/wp-json\/wp\/v2\/categories?post=7079"},{"taxonomy":"post_tag","embeddable":true,"href":"https:\/\/mznoticia.com.br\/jaguariaiva\/wp-json\/wp\/v2\/tags?post=7079"}],"curies":[{"name":"wp","href":"https:\/\/api.w.org\/{rel}","templated":true}]}}