{"id":7088,"date":"2026-08-26T15:51:08","date_gmt":"2026-08-26T15:51:08","guid":{"rendered":"https:\/\/mznoticia.com.br\/jaguariaiva\/?p=7088"},"modified":"2026-08-26T15:51:08","modified_gmt":"2026-08-26T15:51:08","slug":"munchenfest-2026-anuncia-shows-de-alok-murilo-huff-e-edson-hudson-em-ponta-grossa","status":"publish","type":"post","link":"https:\/\/mznoticia.com.br\/jaguariaiva\/munchenfest-2026-anuncia-shows-de-alok-murilo-huff-e-edson-hudson-em-ponta-grossa\/","title":{"rendered":"M\u00fcnchenfest 2026 anuncia shows de Alok, Murilo Huff e Edson &#038; Hudson em Ponta Grossa"},"content":{"rendered":"<h2 class=\"PDq2pG_selectionAnchorContainer\" data-section-id=\"1tgp180\" data-start=\"88\" data-end=\"232\">35\u00aa edi\u00e7\u00e3o da Festa Nacional do Chope Escuro ser\u00e1 realizada em novembro e ter\u00e1 mudan\u00e7as na estrutura, a\u00e7\u00f5es sociais e parceria com o Oper\u00e1rio<\/h2>\n<p data-start=\"234\" data-end=\"447\">A 35\u00aa M\u00fcnchenfest \u2013 Festa Nacional do Chope Escuro teve sua programa\u00e7\u00e3o anunciada nesta quarta-feira (26), em Ponta Grossa. O evento ser\u00e1 realizado nos dias 6, 7, 13 e 14 de novembro, no Centro de Eventos.<\/p>\n<p data-start=\"449\" data-end=\"548\">Entre as principais atra\u00e7\u00f5es est\u00e3o Alok, Murilo Huff e Edson &amp; Hudson, al\u00e9m de outros artistas.<\/p>\n<h3 data-section-id=\"ogq2lj\" data-start=\"550\" data-end=\"575\">Confira a programa\u00e7\u00e3o<\/h3>\n<ul data-start=\"577\" data-end=\"739\">\n<li data-section-id=\"1jmo018\" data-start=\"577\" data-end=\"602\">6 de novembro: Alok<\/li>\n<li data-section-id=\"z8zdi1\" data-start=\"603\" data-end=\"635\">7 de novembro: Murilo Huff<\/li>\n<li data-section-id=\"11pv75b\" data-start=\"636\" data-end=\"672\">13 de novembro: Edson &amp; Hudson<\/li>\n<li data-section-id=\"83jlp8\" data-start=\"673\" data-end=\"739\">14 de novembro: Jyary Uai, Pedro Paulo &amp; Alex e Country Beat<\/li>\n<\/ul>\n<p data-start=\"741\" data-end=\"852\">A organiza\u00e7\u00e3o afirma que a edi\u00e7\u00e3o de 2026 busca consolidar a M\u00fcnchenfest entre os principais eventos do Paran\u00e1.<\/p>\n<h3 data-section-id=\"1pg4tuh\" data-start=\"854\" data-end=\"891\">Evento ter\u00e1 mudan\u00e7as na estrutura<\/h3>\n<p data-start=\"893\" data-end=\"1053\">Uma das novidades ser\u00e1 a retirada da divis\u00e3o de setores da \u00c1rea VIP. Com a mudan\u00e7a, a \u00e1rea principal ser\u00e1 destinada \u00e0 pista, aproximando o p\u00fablico dos artistas.<\/p>\n<p data-start=\"1055\" data-end=\"1121\">O evento tamb\u00e9m manter\u00e1 uma \u00e1rea de camarote, com espa\u00e7o limitado.<\/p>\n<p data-start=\"1123\" data-end=\"1320\">A M\u00fcnchenfest ter\u00e1 ainda uma parceria com o Oper\u00e1rio Ferrovi\u00e1rio, oferecendo descontos na compra de ingressos para s\u00f3cios do clube e realizando a\u00e7\u00f5es durante partidas no Est\u00e1dio Germano Kr\u00fcger.<\/p>\n<h3 data-section-id=\"1x78z1\" data-start=\"1322\" data-end=\"1359\">Concurso da realeza ser\u00e1 regional<\/h3>\n<p data-start=\"1361\" data-end=\"1528\">O concurso para escolha da realeza da M\u00fcnchenfest tamb\u00e9m ter\u00e1 novidades. A sele\u00e7\u00e3o ser\u00e1 ampliada e poder\u00e1 receber participantes de 19 munic\u00edpios dos Campos Gerais.<\/p>\n<p data-start=\"1530\" data-end=\"1629\">Os detalhes sobre inscri\u00e7\u00f5es, requisitos, etapas e premia\u00e7\u00e3o est\u00e3o previstos no edital do concurso.<\/p>\n<h3 data-section-id=\"ywjxku\" data-start=\"1631\" data-end=\"1675\">Meta de arrecada\u00e7\u00e3o de alimentos aumenta<\/h3>\n<p data-start=\"1677\" data-end=\"1753\">A organiza\u00e7\u00e3o tamb\u00e9m anunciou uma nova meta para a arrecada\u00e7\u00e3o de alimentos.<\/p>\n<p data-start=\"1755\" data-end=\"1886\">Em 2025, aproximadamente 12 toneladas foram arrecadadas. Para 2026, a expectativa \u00e9 alcan\u00e7ar 20 toneladas durante o evento.<\/p>\n<h3 data-section-id=\"21egk7\" data-start=\"1888\" data-end=\"1923\">Lan\u00e7amento acontece em setembro<\/h3>\n<p data-start=\"1925\" data-end=\"2071\">Antes da programa\u00e7\u00e3o oficial, a M\u00fcnchenfest 2026 ter\u00e1 um evento de lan\u00e7amento no Centro de Eventos de Ponta Grossa, no dia 20 de setembro.<\/p>\n<p data-start=\"2073\" data-end=\"2222\" data-is-last-node=\"\" data-is-only-node=\"\">A programa\u00e7\u00e3o contar\u00e1 com shows de Menos \u00e9 Mais e Turma do Pagode, al\u00e9m da apresenta\u00e7\u00e3o das candidatas ao concurso da Rainha da M\u00fcnchenfest 2026.<\/p>\n","protected":false},"excerpt":{"rendered":"<p>35\u00aa edi\u00e7\u00e3o da Festa Nacional do Chope Escuro ser\u00e1 realizada em novembro e ter\u00e1 mudan\u00e7as na estrutura, a\u00e7\u00f5es sociais e parceria com o Oper\u00e1rio A 35\u00aa M\u00fcnchenfest \u2013 Festa Nacional do Chope Escuro teve sua programa\u00e7\u00e3o anunciada nesta quarta-feira (26), em Ponta Grossa. O evento ser\u00e1 realizado nos dias 6, 7, 13 e 14 de [&hellip;]<\/p>\n","protected":false},"author":16,"featured_media":7089,"comment_status":"open","ping_status":"open","sticky":false,"template":"","format":"standard","meta":{"footnotes":""},"categories":[10],"tags":[2753,314,47,2755,327,2756,2751,2752,2754,761,24,2563],"class_list":["post-7088","post","type-post","status-publish","format-standard","has-post-thumbnail","hentry","category-eventos","tag-alok","tag-campos-gerais","tag-destaque","tag-edson-hudson","tag-eventos","tag-festa-nacional-do-chope-escuro","tag-munchenfest","tag-munchenfest-2026","tag-murilo-huff","tag-operario-ferroviario","tag-ponta-grossa","tag-shows"],"yoast_head":"<!-- This site is optimized with the Yoast SEO plugin v28.1 - https:\/\/yoast.com\/product\/yoast-seo-wordpress\/ -->\n<title>M\u00fcnchenfest 2026 anuncia shows de Alok, Murilo Huff e Edson &amp; Hudson em Ponta Grossa - Mz Not\u00edcias<\/title>\n<meta name=\"description\" content=\"M\u00fcnchenfest 2026 anuncia Alok, Murilo Huff e Edson &amp; Hudson em Ponta Grossa, al\u00e9m de novidades na estrutura e programa\u00e7\u00e3o.\" \/>\n<meta name=\"robots\" content=\"index, follow, max-snippet:-1, max-image-preview:large, max-video-preview:-1\" \/>\n<link rel=\"canonical\" href=\"https:\/\/mznoticia.com.br\/jaguariaiva\/munchenfest-2026-anuncia-shows-de-alok-murilo-huff-e-edson-hudson-em-ponta-grossa\/\" \/>\n<meta property=\"og:locale\" content=\"pt_BR\" \/>\n<meta property=\"og:type\" content=\"article\" \/>\n<meta property=\"og:title\" content=\"M\u00fcnchenfest 2026 anuncia shows de Alok, Murilo Huff e Edson &amp; Hudson em Ponta Grossa - Mz Not\u00edcias\" \/>\n<meta property=\"og:description\" content=\"M\u00fcnchenfest 2026 anuncia Alok, Murilo Huff e Edson &amp; Hudson em Ponta Grossa, al\u00e9m de novidades na estrutura e programa\u00e7\u00e3o.\" \/>\n<meta property=\"og:url\" content=\"https:\/\/mznoticia.com.br\/jaguariaiva\/munchenfest-2026-anuncia-shows-de-alok-murilo-huff-e-edson-hudson-em-ponta-grossa\/\" \/>\n<meta property=\"og:site_name\" content=\"Mz Not\u00edcias\" \/>\n<meta property=\"article:publisher\" content=\"https:\/\/www.facebook.com\/profile.php?id=61573479951222\" \/>\n<meta property=\"article:published_time\" content=\"2026-08-26T15:51:08+00:00\" \/>\n<meta property=\"og:image\" content=\"https:\/\/mznoticia.com.br\/jaguariaiva\/wp-content\/uploads\/2026\/08\/100-5.webp\" \/>\n\t<meta property=\"og:image:width\" content=\"1280\" \/>\n\t<meta property=\"og:image:height\" content=\"960\" \/>\n\t<meta property=\"og:image:type\" content=\"image\/webp\" \/>\n<meta name=\"author\" content=\"Redacao mz\" \/>\n<meta name=\"twitter:card\" content=\"summary_large_image\" \/>\n<meta name=\"twitter:label1\" content=\"Escrito por\" \/>\n\t<meta name=\"twitter:data1\" content=\"Redacao mz\" \/>\n\t<meta name=\"twitter:label2\" content=\"Est. tempo de leitura\" \/>\n\t<meta name=\"twitter:data2\" content=\"3 minutos\" \/>\n<script type=\"application\/ld+json\" class=\"yoast-schema-graph\">{\"@context\":\"https:\\\/\\\/schema.org\",\"@graph\":[{\"@type\":\"Article\",\"@id\":\"https:\\\/\\\/mznoticia.com.br\\\/jaguariaiva\\\/munchenfest-2026-anuncia-shows-de-alok-murilo-huff-e-edson-hudson-em-ponta-grossa\\\/#article\",\"isPartOf\":{\"@id\":\"https:\\\/\\\/mznoticia.com.br\\\/jaguariaiva\\\/munchenfest-2026-anuncia-shows-de-alok-murilo-huff-e-edson-hudson-em-ponta-grossa\\\/\"},\"author\":{\"name\":\"Redacao mz\",\"@id\":\"https:\\\/\\\/mznoticia.com.br\\\/jaguariaiva\\\/#\\\/schema\\\/person\\\/84012d827247b3f42f37b550da79cd03\"},\"headline\":\"M\u00fcnchenfest 2026 anuncia shows de Alok, Murilo Huff e Edson &#038; Hudson em Ponta Grossa\",\"datePublished\":\"2026-08-26T15:51:08+00:00\",\"mainEntityOfPage\":{\"@id\":\"https:\\\/\\\/mznoticia.com.br\\\/jaguariaiva\\\/munchenfest-2026-anuncia-shows-de-alok-murilo-huff-e-edson-hudson-em-ponta-grossa\\\/\"},\"wordCount\":366,\"commentCount\":0,\"publisher\":{\"@id\":\"https:\\\/\\\/mznoticia.com.br\\\/jaguariaiva\\\/#organization\"},\"image\":{\"@id\":\"https:\\\/\\\/mznoticia.com.br\\\/jaguariaiva\\\/munchenfest-2026-anuncia-shows-de-alok-murilo-huff-e-edson-hudson-em-ponta-grossa\\\/#primaryimage\"},\"thumbnailUrl\":\"https:\\\/\\\/mznoticia.com.br\\\/jaguariaiva\\\/wp-content\\\/uploads\\\/2026\\\/08\\\/100-5.webp\",\"keywords\":[\"Alok\",\"Campos Gerais\",\"destaque\",\"Edson &amp; Hudson\",\"Eventos\",\"Festa Nacional do Chope Escuro\",\"M\u00fcnchenfest\",\"M\u00fcnchenfest 2026\",\"Murilo Huff\",\"Oper\u00e1rio Ferrovi\u00e1rio\",\"Ponta Grossa\",\"shows\"],\"articleSection\":[\"Eventos\"],\"inLanguage\":\"pt-BR\",\"potentialAction\":[{\"@type\":\"CommentAction\",\"name\":\"Comment\",\"target\":[\"https:\\\/\\\/mznoticia.com.br\\\/jaguariaiva\\\/munchenfest-2026-anuncia-shows-de-alok-murilo-huff-e-edson-hudson-em-ponta-grossa\\\/#respond\"]}]},{\"@type\":\"WebPage\",\"@id\":\"https:\\\/\\\/mznoticia.com.br\\\/jaguariaiva\\\/munchenfest-2026-anuncia-shows-de-alok-murilo-huff-e-edson-hudson-em-ponta-grossa\\\/\",\"url\":\"https:\\\/\\\/mznoticia.com.br\\\/jaguariaiva\\\/munchenfest-2026-anuncia-shows-de-alok-murilo-huff-e-edson-hudson-em-ponta-grossa\\\/\",\"name\":\"M\u00fcnchenfest 2026 anuncia shows de Alok, Murilo Huff e Edson & Hudson em Ponta Grossa - Mz Not\u00edcias\",\"isPartOf\":{\"@id\":\"https:\\\/\\\/mznoticia.com.br\\\/jaguariaiva\\\/#website\"},\"primaryImageOfPage\":{\"@id\":\"https:\\\/\\\/mznoticia.com.br\\\/jaguariaiva\\\/munchenfest-2026-anuncia-shows-de-alok-murilo-huff-e-edson-hudson-em-ponta-grossa\\\/#primaryimage\"},\"image\":{\"@id\":\"https:\\\/\\\/mznoticia.com.br\\\/jaguariaiva\\\/munchenfest-2026-anuncia-shows-de-alok-murilo-huff-e-edson-hudson-em-ponta-grossa\\\/#primaryimage\"},\"thumbnailUrl\":\"https:\\\/\\\/mznoticia.com.br\\\/jaguariaiva\\\/wp-content\\\/uploads\\\/2026\\\/08\\\/100-5.webp\",\"datePublished\":\"2026-08-26T15:51:08+00:00\",\"description\":\"M\u00fcnchenfest 2026 anuncia Alok, Murilo Huff e Edson & Hudson em Ponta Grossa, al\u00e9m de novidades na estrutura e programa\u00e7\u00e3o.\",\"breadcrumb\":{\"@id\":\"https:\\\/\\\/mznoticia.com.br\\\/jaguariaiva\\\/munchenfest-2026-anuncia-shows-de-alok-murilo-huff-e-edson-hudson-em-ponta-grossa\\\/#breadcrumb\"},\"inLanguage\":\"pt-BR\",\"potentialAction\":[{\"@type\":\"ReadAction\",\"target\":[\"https:\\\/\\\/mznoticia.com.br\\\/jaguariaiva\\\/munchenfest-2026-anuncia-shows-de-alok-murilo-huff-e-edson-hudson-em-ponta-grossa\\\/\"]}]},{\"@type\":\"ImageObject\",\"inLanguage\":\"pt-BR\",\"@id\":\"https:\\\/\\\/mznoticia.com.br\\\/jaguariaiva\\\/munchenfest-2026-anuncia-shows-de-alok-murilo-huff-e-edson-hudson-em-ponta-grossa\\\/#primaryimage\",\"url\":\"https:\\\/\\\/mznoticia.com.br\\\/jaguariaiva\\\/wp-content\\\/uploads\\\/2026\\\/08\\\/100-5.webp\",\"contentUrl\":\"https:\\\/\\\/mznoticia.com.br\\\/jaguariaiva\\\/wp-content\\\/uploads\\\/2026\\\/08\\\/100-5.webp\",\"width\":1280,\"height\":960},{\"@type\":\"BreadcrumbList\",\"@id\":\"https:\\\/\\\/mznoticia.com.br\\\/jaguariaiva\\\/munchenfest-2026-anuncia-shows-de-alok-murilo-huff-e-edson-hudson-em-ponta-grossa\\\/#breadcrumb\",\"itemListElement\":[{\"@type\":\"ListItem\",\"position\":1,\"name\":\"Home\",\"item\":\"https:\\\/\\\/mznoticia.com.br\\\/jaguariaiva\\\/\"},{\"@type\":\"ListItem\",\"position\":2,\"name\":\"M\u00fcnchenfest 2026 anuncia shows de Alok, Murilo Huff e Edson &#038; Hudson em Ponta Grossa\"}]},{\"@type\":\"WebSite\",\"@id\":\"https:\\\/\\\/mznoticia.com.br\\\/jaguariaiva\\\/#website\",\"url\":\"https:\\\/\\\/mznoticia.com.br\\\/jaguariaiva\\\/\",\"name\":\"Mz Not\u00edcia\",\"description\":\"A informa\u00e7\u00e3o que voc\u00ea precisa na hora certa!\",\"publisher\":{\"@id\":\"https:\\\/\\\/mznoticia.com.br\\\/jaguariaiva\\\/#organization\"},\"potentialAction\":[{\"@type\":\"SearchAction\",\"target\":{\"@type\":\"EntryPoint\",\"urlTemplate\":\"https:\\\/\\\/mznoticia.com.br\\\/jaguariaiva\\\/?s={search_term_string}\"},\"query-input\":{\"@type\":\"PropertyValueSpecification\",\"valueRequired\":true,\"valueName\":\"search_term_string\"}}],\"inLanguage\":\"pt-BR\"},{\"@type\":\"Organization\",\"@id\":\"https:\\\/\\\/mznoticia.com.br\\\/jaguariaiva\\\/#organization\",\"name\":\"Mz Not\u00edcia\",\"url\":\"https:\\\/\\\/mznoticia.com.br\\\/jaguariaiva\\\/\",\"logo\":{\"@type\":\"ImageObject\",\"inLanguage\":\"pt-BR\",\"@id\":\"https:\\\/\\\/mznoticia.com.br\\\/jaguariaiva\\\/#\\\/schema\\\/logo\\\/image\\\/\",\"url\":\"https:\\\/\\\/mznoticia.com.br\\\/jaguariaiva\\\/wp-content\\\/uploads\\\/2025\\\/03\\\/Design-sem-nome-4-e1741200616392.png\",\"contentUrl\":\"https:\\\/\\\/mznoticia.com.br\\\/jaguariaiva\\\/wp-content\\\/uploads\\\/2025\\\/03\\\/Design-sem-nome-4-e1741200616392.png\",\"width\":750,\"height\":563,\"caption\":\"Mz Not\u00edcia\"},\"image\":{\"@id\":\"https:\\\/\\\/mznoticia.com.br\\\/jaguariaiva\\\/#\\\/schema\\\/logo\\\/image\\\/\"},\"sameAs\":[\"https:\\\/\\\/www.facebook.com\\\/profile.php?id=61573479951222\",\"https:\\\/\\\/www.instagram.com\\\/mz.jaguariaiva\\\/\"]},{\"@type\":\"Person\",\"@id\":\"https:\\\/\\\/mznoticia.com.br\\\/jaguariaiva\\\/#\\\/schema\\\/person\\\/84012d827247b3f42f37b550da79cd03\",\"name\":\"Redacao mz\",\"image\":{\"@type\":\"ImageObject\",\"inLanguage\":\"pt-BR\",\"@id\":\"https:\\\/\\\/mznoticia.com.br\\\/jaguariaiva\\\/wp-content\\\/uploads\\\/2025\\\/02\\\/mznoticia_jaguariaiva_coluna-150x150.png\",\"url\":\"https:\\\/\\\/mznoticia.com.br\\\/jaguariaiva\\\/wp-content\\\/uploads\\\/2025\\\/02\\\/mznoticia_jaguariaiva_coluna-150x150.png\",\"contentUrl\":\"https:\\\/\\\/mznoticia.com.br\\\/jaguariaiva\\\/wp-content\\\/uploads\\\/2025\\\/02\\\/mznoticia_jaguariaiva_coluna-150x150.png\",\"caption\":\"Redacao mz\"},\"sameAs\":[\"http:\\\/\\\/mznoticia.com.br\"],\"url\":\"https:\\\/\\\/mznoticia.com.br\\\/jaguariaiva\\\/author\\\/lucimara\\\/\"}]}<\/script>\n<!-- \/ Yoast SEO plugin. -->","yoast_head_json":{"title":"M\u00fcnchenfest 2026 anuncia shows de Alok, Murilo Huff e Edson & Hudson em Ponta Grossa - Mz Not\u00edcias","description":"M\u00fcnchenfest 2026 anuncia Alok, Murilo Huff e Edson & Hudson em Ponta Grossa, al\u00e9m de novidades na estrutura e programa\u00e7\u00e3o.","robots":{"index":"index","follow":"follow","max-snippet":"max-snippet:-1","max-image-preview":"max-image-preview:large","max-video-preview":"max-video-preview:-1"},"canonical":"https:\/\/mznoticia.com.br\/jaguariaiva\/munchenfest-2026-anuncia-shows-de-alok-murilo-huff-e-edson-hudson-em-ponta-grossa\/","og_locale":"pt_BR","og_type":"article","og_title":"M\u00fcnchenfest 2026 anuncia shows de Alok, Murilo Huff e Edson & Hudson em Ponta Grossa - Mz Not\u00edcias","og_description":"M\u00fcnchenfest 2026 anuncia Alok, Murilo Huff e Edson & Hudson em Ponta Grossa, al\u00e9m de novidades na estrutura e programa\u00e7\u00e3o.","og_url":"https:\/\/mznoticia.com.br\/jaguariaiva\/munchenfest-2026-anuncia-shows-de-alok-murilo-huff-e-edson-hudson-em-ponta-grossa\/","og_site_name":"Mz Not\u00edcias","article_publisher":"https:\/\/www.facebook.com\/profile.php?id=61573479951222","article_published_time":"2026-08-26T15:51:08+00:00","og_image":[{"width":1280,"height":960,"url":"https:\/\/mznoticia.com.br\/jaguariaiva\/wp-content\/uploads\/2026\/08\/100-5.webp","type":"image\/webp"}],"author":"Redacao mz","twitter_card":"summary_large_image","twitter_misc":{"Escrito por":"Redacao mz","Est. tempo de leitura":"3 minutos"},"schema":{"@context":"https:\/\/schema.org","@graph":[{"@type":"Article","@id":"https:\/\/mznoticia.com.br\/jaguariaiva\/munchenfest-2026-anuncia-shows-de-alok-murilo-huff-e-edson-hudson-em-ponta-grossa\/#article","isPartOf":{"@id":"https:\/\/mznoticia.com.br\/jaguariaiva\/munchenfest-2026-anuncia-shows-de-alok-murilo-huff-e-edson-hudson-em-ponta-grossa\/"},"author":{"name":"Redacao mz","@id":"https:\/\/mznoticia.com.br\/jaguariaiva\/#\/schema\/person\/84012d827247b3f42f37b550da79cd03"},"headline":"M\u00fcnchenfest 2026 anuncia shows de Alok, Murilo Huff e Edson &#038; Hudson em Ponta Grossa","datePublished":"2026-08-26T15:51:08+00:00","mainEntityOfPage":{"@id":"https:\/\/mznoticia.com.br\/jaguariaiva\/munchenfest-2026-anuncia-shows-de-alok-murilo-huff-e-edson-hudson-em-ponta-grossa\/"},"wordCount":366,"commentCount":0,"publisher":{"@id":"https:\/\/mznoticia.com.br\/jaguariaiva\/#organization"},"image":{"@id":"https:\/\/mznoticia.com.br\/jaguariaiva\/munchenfest-2026-anuncia-shows-de-alok-murilo-huff-e-edson-hudson-em-ponta-grossa\/#primaryimage"},"thumbnailUrl":"https:\/\/mznoticia.com.br\/jaguariaiva\/wp-content\/uploads\/2026\/08\/100-5.webp","keywords":["Alok","Campos Gerais","destaque","Edson &amp; Hudson","Eventos","Festa Nacional do Chope Escuro","M\u00fcnchenfest","M\u00fcnchenfest 2026","Murilo Huff","Oper\u00e1rio Ferrovi\u00e1rio","Ponta Grossa","shows"],"articleSection":["Eventos"],"inLanguage":"pt-BR","potentialAction":[{"@type":"CommentAction","name":"Comment","target":["https:\/\/mznoticia.com.br\/jaguariaiva\/munchenfest-2026-anuncia-shows-de-alok-murilo-huff-e-edson-hudson-em-ponta-grossa\/#respond"]}]},{"@type":"WebPage","@id":"https:\/\/mznoticia.com.br\/jaguariaiva\/munchenfest-2026-anuncia-shows-de-alok-murilo-huff-e-edson-hudson-em-ponta-grossa\/","url":"https:\/\/mznoticia.com.br\/jaguariaiva\/munchenfest-2026-anuncia-shows-de-alok-murilo-huff-e-edson-hudson-em-ponta-grossa\/","name":"M\u00fcnchenfest 2026 anuncia shows de Alok, Murilo Huff e Edson & Hudson em Ponta Grossa - Mz Not\u00edcias","isPartOf":{"@id":"https:\/\/mznoticia.com.br\/jaguariaiva\/#website"},"primaryImageOfPage":{"@id":"https:\/\/mznoticia.com.br\/jaguariaiva\/munchenfest-2026-anuncia-shows-de-alok-murilo-huff-e-edson-hudson-em-ponta-grossa\/#primaryimage"},"image":{"@id":"https:\/\/mznoticia.com.br\/jaguariaiva\/munchenfest-2026-anuncia-shows-de-alok-murilo-huff-e-edson-hudson-em-ponta-grossa\/#primaryimage"},"thumbnailUrl":"https:\/\/mznoticia.com.br\/jaguariaiva\/wp-content\/uploads\/2026\/08\/100-5.webp","datePublished":"2026-08-26T15:51:08+00:00","description":"M\u00fcnchenfest 2026 anuncia Alok, Murilo Huff e Edson & Hudson em Ponta Grossa, al\u00e9m de novidades na estrutura e programa\u00e7\u00e3o.","breadcrumb":{"@id":"https:\/\/mznoticia.com.br\/jaguariaiva\/munchenfest-2026-anuncia-shows-de-alok-murilo-huff-e-edson-hudson-em-ponta-grossa\/#breadcrumb"},"inLanguage":"pt-BR","potentialAction":[{"@type":"ReadAction","target":["https:\/\/mznoticia.com.br\/jaguariaiva\/munchenfest-2026-anuncia-shows-de-alok-murilo-huff-e-edson-hudson-em-ponta-grossa\/"]}]},{"@type":"ImageObject","inLanguage":"pt-BR","@id":"https:\/\/mznoticia.com.br\/jaguariaiva\/munchenfest-2026-anuncia-shows-de-alok-murilo-huff-e-edson-hudson-em-ponta-grossa\/#primaryimage","url":"https:\/\/mznoticia.com.br\/jaguariaiva\/wp-content\/uploads\/2026\/08\/100-5.webp","contentUrl":"https:\/\/mznoticia.com.br\/jaguariaiva\/wp-content\/uploads\/2026\/08\/100-5.webp","width":1280,"height":960},{"@type":"BreadcrumbList","@id":"https:\/\/mznoticia.com.br\/jaguariaiva\/munchenfest-2026-anuncia-shows-de-alok-murilo-huff-e-edson-hudson-em-ponta-grossa\/#breadcrumb","itemListElement":[{"@type":"ListItem","position":1,"name":"Home","item":"https:\/\/mznoticia.com.br\/jaguariaiva\/"},{"@type":"ListItem","position":2,"name":"M\u00fcnchenfest 2026 anuncia shows de Alok, Murilo Huff e Edson &#038; Hudson em Ponta Grossa"}]},{"@type":"WebSite","@id":"https:\/\/mznoticia.com.br\/jaguariaiva\/#website","url":"https:\/\/mznoticia.com.br\/jaguariaiva\/","name":"Mz Not\u00edcia","description":"A informa\u00e7\u00e3o que voc\u00ea precisa na hora certa!","publisher":{"@id":"https:\/\/mznoticia.com.br\/jaguariaiva\/#organization"},"potentialAction":[{"@type":"SearchAction","target":{"@type":"EntryPoint","urlTemplate":"https:\/\/mznoticia.com.br\/jaguariaiva\/?s={search_term_string}"},"query-input":{"@type":"PropertyValueSpecification","valueRequired":true,"valueName":"search_term_string"}}],"inLanguage":"pt-BR"},{"@type":"Organization","@id":"https:\/\/mznoticia.com.br\/jaguariaiva\/#organization","name":"Mz Not\u00edcia","url":"https:\/\/mznoticia.com.br\/jaguariaiva\/","logo":{"@type":"ImageObject","inLanguage":"pt-BR","@id":"https:\/\/mznoticia.com.br\/jaguariaiva\/#\/schema\/logo\/image\/","url":"https:\/\/mznoticia.com.br\/jaguariaiva\/wp-content\/uploads\/2025\/03\/Design-sem-nome-4-e1741200616392.png","contentUrl":"https:\/\/mznoticia.com.br\/jaguariaiva\/wp-content\/uploads\/2025\/03\/Design-sem-nome-4-e1741200616392.png","width":750,"height":563,"caption":"Mz Not\u00edcia"},"image":{"@id":"https:\/\/mznoticia.com.br\/jaguariaiva\/#\/schema\/logo\/image\/"},"sameAs":["https:\/\/www.facebook.com\/profile.php?id=61573479951222","https:\/\/www.instagram.com\/mz.jaguariaiva\/"]},{"@type":"Person","@id":"https:\/\/mznoticia.com.br\/jaguariaiva\/#\/schema\/person\/84012d827247b3f42f37b550da79cd03","name":"Redacao mz","image":{"@type":"ImageObject","inLanguage":"pt-BR","@id":"https:\/\/mznoticia.com.br\/jaguariaiva\/wp-content\/uploads\/2025\/02\/mznoticia_jaguariaiva_coluna-150x150.png","url":"https:\/\/mznoticia.com.br\/jaguariaiva\/wp-content\/uploads\/2025\/02\/mznoticia_jaguariaiva_coluna-150x150.png","contentUrl":"https:\/\/mznoticia.com.br\/jaguariaiva\/wp-content\/uploads\/2025\/02\/mznoticia_jaguariaiva_coluna-150x150.png","caption":"Redacao mz"},"sameAs":["http:\/\/mznoticia.com.br"],"url":"https:\/\/mznoticia.com.br\/jaguariaiva\/author\/lucimara\/"}]}},"_links":{"self":[{"href":"https:\/\/mznoticia.com.br\/jaguariaiva\/wp-json\/wp\/v2\/posts\/7088","targetHints":{"allow":["GET"]}}],"collection":[{"href":"https:\/\/mznoticia.com.br\/jaguariaiva\/wp-json\/wp\/v2\/posts"}],"about":[{"href":"https:\/\/mznoticia.com.br\/jaguariaiva\/wp-json\/wp\/v2\/types\/post"}],"author":[{"embeddable":true,"href":"https:\/\/mznoticia.com.br\/jaguariaiva\/wp-json\/wp\/v2\/users\/16"}],"replies":[{"embeddable":true,"href":"https:\/\/mznoticia.com.br\/jaguariaiva\/wp-json\/wp\/v2\/comments?post=7088"}],"version-history":[{"count":1,"href":"https:\/\/mznoticia.com.br\/jaguariaiva\/wp-json\/wp\/v2\/posts\/7088\/revisions"}],"predecessor-version":[{"id":7090,"href":"https:\/\/mznoticia.com.br\/jaguariaiva\/wp-json\/wp\/v2\/posts\/7088\/revisions\/7090"}],"wp:featuredmedia":[{"embeddable":true,"href":"https:\/\/mznoticia.com.br\/jaguariaiva\/wp-json\/wp\/v2\/media\/7089"}],"wp:attachment":[{"href":"https:\/\/mznoticia.com.br\/jaguariaiva\/wp-json\/wp\/v2\/media?parent=7088"}],"wp:term":[{"taxonomy":"category","embeddable":true,"href":"https:\/\/mznoticia.com.br\/jaguariaiva\/wp-json\/wp\/v2\/categories?post=7088"},{"taxonomy":"post_tag","embeddable":true,"href":"https:\/\/mznoticia.com.br\/jaguariaiva\/wp-json\/wp\/v2\/tags?post=7088"}],"curies":[{"name":"wp","href":"https:\/\/api.w.org\/{rel}","templated":true}]}}