{"id":7094,"date":"2026-08-26T16:36:54","date_gmt":"2026-08-26T16:36:54","guid":{"rendered":"https:\/\/mznoticia.com.br\/jaguariaiva\/?p=7094"},"modified":"2026-08-26T16:36:54","modified_gmt":"2026-08-26T16:36:54","slug":"obras-de-40-novos-colegios-do-ppp-mais-escolas-parana-estao-previstas-para-comecar-em-outubro","status":"publish","type":"post","link":"https:\/\/mznoticia.com.br\/jaguariaiva\/obras-de-40-novos-colegios-do-ppp-mais-escolas-parana-estao-previstas-para-comecar-em-outubro\/","title":{"rendered":"Obras de 40 novos col\u00e9gios do PPP Mais Escolas Paran\u00e1 est\u00e3o previstas para come\u00e7ar em outubro"},"content":{"rendered":"<h2 class=\"PDq2pG_selectionAnchorContainer\" data-section-id=\"1ih07yc\" data-start=\"97\" data-end=\"281\">Projeto entrou oficialmente na etapa de execu\u00e7\u00e3o ap\u00f3s a emiss\u00e3o da Ordem de In\u00edcio; iniciativa prev\u00ea 40 novas unidades, 692 salas de aula e capacidade para mais de 25 mil estudantes<\/h2>\n<p data-start=\"283\" data-end=\"606\">As obras para a constru\u00e7\u00e3o de 40 novos col\u00e9gios estaduais do programa PPP Mais Escolas Paran\u00e1 est\u00e3o previstas para come\u00e7ar em outubro. O projeto entrou oficialmente na etapa de execu\u00e7\u00e3o ap\u00f3s a emiss\u00e3o da Ordem de In\u00edcio, em 7 de agosto, autorizando a concession\u00e1ria a iniciar os trabalhos preliminares nos terrenos.<\/p>\n<p data-start=\"608\" data-end=\"710\">O documento tamb\u00e9m marcou o in\u00edcio formal do cronograma da concess\u00e3o, que ter\u00e1 dura\u00e7\u00e3o de 20 anos.<\/p>\n<h2 data-section-id=\"1artsa8\" data-start=\"712\" data-end=\"760\">Projeto avan\u00e7a ap\u00f3s cumprimento de exig\u00eancias<\/h2>\n<p data-start=\"762\" data-end=\"884\">A Ordem de In\u00edcio foi emitida ap\u00f3s o cumprimento das condi\u00e7\u00f5es previstas no contrato para o in\u00edcio da execu\u00e7\u00e3o do projeto.<\/p>\n<p data-start=\"886\" data-end=\"1043\">Tanto o Governo do Paran\u00e1 quanto a concession\u00e1ria tiveram prazo de 45 dias, contado a partir da assinatura do contrato, para cumprir uma s\u00e9rie de exig\u00eancias.<\/p>\n<p data-start=\"1045\" data-end=\"1280\">Entre as medidas estavam a comprova\u00e7\u00e3o da experi\u00eancia t\u00e9cnica da empresa em gest\u00e3o predial, apresenta\u00e7\u00e3o dos seguros previstos no contrato, transfer\u00eancia formal dos terrenos e in\u00edcio da estrutura\u00e7\u00e3o da garantia financeira da concess\u00e3o.<\/p>\n<h2 data-section-id=\"y37wpo\" data-start=\"1282\" data-end=\"1324\">Trabalhos preliminares j\u00e1 podem come\u00e7ar<\/h2>\n<p data-start=\"1326\" data-end=\"1440\">Com a autoriza\u00e7\u00e3o, a concession\u00e1ria pode iniciar atividades preliminares nos terrenos destinados \u00e0s novas escolas.<\/p>\n<p data-start=\"1442\" data-end=\"1586\">Entre os trabalhos est\u00e3o a limpeza e prepara\u00e7\u00e3o dos terrenos, realiza\u00e7\u00e3o de sondagens e elabora\u00e7\u00e3o dos projetos de arquitetura e engenharia.<\/p>\n<p data-start=\"1588\" data-end=\"1722\">Ap\u00f3s a aprova\u00e7\u00e3o dos projetos e a obten\u00e7\u00e3o das licen\u00e7as necess\u00e1rias, poder\u00e3o come\u00e7ar efetivamente as obras de constru\u00e7\u00e3o das unidades.<\/p>\n<h2 data-section-id=\"1yjd7iu\" data-start=\"1724\" data-end=\"1764\">PPP prev\u00ea 40 novos col\u00e9gios no Paran\u00e1<\/h2>\n<p data-start=\"1766\" data-end=\"1915\">O programa PPP Mais Escolas Paran\u00e1 prev\u00ea a constru\u00e7\u00e3o, opera\u00e7\u00e3o e manuten\u00e7\u00e3o das novas estruturas escolares por meio de uma parceria p\u00fablico-privada.<\/p>\n<p data-start=\"1917\" data-end=\"2060\">Ao todo, ser\u00e3o 40 novos col\u00e9gios estaduais, que juntos ter\u00e3o 692 salas de aula e capacidade para atender mais de 25 mil estudantes.<\/p>\n<p data-start=\"2062\" data-end=\"2146\">A proposta busca ampliar a infraestrutura dispon\u00edvel para a rede estadual de ensino.<\/p>\n<h2 data-section-id=\"1gem06c\" data-start=\"2148\" data-end=\"2201\">Estado continuar\u00e1 respons\u00e1vel pela \u00e1rea pedag\u00f3gica<\/h2>\n<p data-start=\"2203\" data-end=\"2318\">A concession\u00e1ria ficar\u00e1 respons\u00e1vel pelos servi\u00e7os relacionados \u00e0 infraestrutura e gest\u00e3o predial das unidades.<\/p>\n<p data-start=\"2320\" data-end=\"2420\">J\u00e1 o Governo do Paran\u00e1 continuar\u00e1 respons\u00e1vel pela gest\u00e3o pedag\u00f3gica e educacional dos col\u00e9gios.<\/p>\n<p data-start=\"2422\" data-end=\"2568\">Durante os 20 anos de dura\u00e7\u00e3o da concess\u00e3o, a empresa tamb\u00e9m ser\u00e1 respons\u00e1vel pela manuten\u00e7\u00e3o e opera\u00e7\u00e3o dos servi\u00e7os n\u00e3o pedag\u00f3gicos das escolas.<\/p>\n","protected":false},"excerpt":{"rendered":"<p>Projeto entrou oficialmente na etapa de execu\u00e7\u00e3o ap\u00f3s a emiss\u00e3o da Ordem de In\u00edcio; iniciativa prev\u00ea 40 novas unidades, 692 salas de aula e capacidade para mais de 25 mil estudantes As obras para a constru\u00e7\u00e3o de 40 novos col\u00e9gios estaduais do programa PPP Mais Escolas Paran\u00e1 est\u00e3o previstas para come\u00e7ar em outubro. O projeto [&hellip;]<\/p>\n","protected":false},"author":16,"featured_media":7095,"comment_status":"open","ping_status":"open","sticky":false,"template":"","format":"standard","meta":{"footnotes":""},"categories":[192],"tags":[47,109,2766,1075,1583,2767,2764,1554,77,2765,2763],"class_list":["post-7094","post","type-post","status-publish","format-standard","has-post-thumbnail","hentry","category-educacao","tag-destaque","tag-educacao","tag-educacao-estadual","tag-escolas-estaduais","tag-governo-do-parana","tag-infraestrutura-escolar","tag-novos-colegios","tag-obras-publicas","tag-parana","tag-parceria-publico-privada","tag-ppp-mais-escolas-parana"],"yoast_head":"<!-- This site is optimized with the Yoast SEO plugin v28.1 - https:\/\/yoast.com\/product\/yoast-seo-wordpress\/ -->\n<title>Obras de 40 novos col\u00e9gios do PPP Mais Escolas Paran\u00e1 est\u00e3o previstas para come\u00e7ar em outubro - Mz Not\u00edcias<\/title>\n<meta name=\"description\" content=\"PPP Mais Escolas Paran\u00e1 prev\u00ea in\u00edcio das obras em outubro para construir 40 novos col\u00e9gios estaduais, com 692 salas e capacidade para 25 mil estudantes.\" \/>\n<meta name=\"robots\" content=\"index, follow, max-snippet:-1, max-image-preview:large, max-video-preview:-1\" \/>\n<link rel=\"canonical\" href=\"https:\/\/mznoticia.com.br\/jaguariaiva\/obras-de-40-novos-colegios-do-ppp-mais-escolas-parana-estao-previstas-para-comecar-em-outubro\/\" \/>\n<meta property=\"og:locale\" content=\"pt_BR\" \/>\n<meta property=\"og:type\" content=\"article\" \/>\n<meta property=\"og:title\" content=\"Obras de 40 novos col\u00e9gios do PPP Mais Escolas Paran\u00e1 est\u00e3o previstas para come\u00e7ar em outubro - Mz Not\u00edcias\" \/>\n<meta property=\"og:description\" content=\"PPP Mais Escolas Paran\u00e1 prev\u00ea in\u00edcio das obras em outubro para construir 40 novos col\u00e9gios estaduais, com 692 salas e capacidade para 25 mil estudantes.\" \/>\n<meta property=\"og:url\" content=\"https:\/\/mznoticia.com.br\/jaguariaiva\/obras-de-40-novos-colegios-do-ppp-mais-escolas-parana-estao-previstas-para-comecar-em-outubro\/\" \/>\n<meta property=\"og:site_name\" content=\"Mz Not\u00edcias\" \/>\n<meta property=\"article:publisher\" content=\"https:\/\/www.facebook.com\/profile.php?id=61573479951222\" \/>\n<meta property=\"article:published_time\" content=\"2026-08-26T16:36:54+00:00\" \/>\n<meta property=\"og:image\" content=\"https:\/\/mznoticia.com.br\/jaguariaiva\/wp-content\/uploads\/2026\/08\/50-3.jpg\" \/>\n\t<meta property=\"og:image:width\" content=\"1600\" \/>\n\t<meta property=\"og:image:height\" content=\"1066\" \/>\n\t<meta property=\"og:image:type\" content=\"image\/jpeg\" \/>\n<meta name=\"author\" content=\"Redacao mz\" \/>\n<meta name=\"twitter:card\" content=\"summary_large_image\" \/>\n<meta name=\"twitter:label1\" content=\"Escrito por\" \/>\n\t<meta name=\"twitter:data1\" content=\"Redacao mz\" \/>\n\t<meta name=\"twitter:label2\" content=\"Est. tempo de leitura\" \/>\n\t<meta name=\"twitter:data2\" content=\"3 minutos\" \/>\n<script type=\"application\/ld+json\" class=\"yoast-schema-graph\">{\"@context\":\"https:\\\/\\\/schema.org\",\"@graph\":[{\"@type\":\"Article\",\"@id\":\"https:\\\/\\\/mznoticia.com.br\\\/jaguariaiva\\\/obras-de-40-novos-colegios-do-ppp-mais-escolas-parana-estao-previstas-para-comecar-em-outubro\\\/#article\",\"isPartOf\":{\"@id\":\"https:\\\/\\\/mznoticia.com.br\\\/jaguariaiva\\\/obras-de-40-novos-colegios-do-ppp-mais-escolas-parana-estao-previstas-para-comecar-em-outubro\\\/\"},\"author\":{\"name\":\"Redacao mz\",\"@id\":\"https:\\\/\\\/mznoticia.com.br\\\/jaguariaiva\\\/#\\\/schema\\\/person\\\/84012d827247b3f42f37b550da79cd03\"},\"headline\":\"Obras de 40 novos col\u00e9gios do PPP Mais Escolas Paran\u00e1 est\u00e3o previstas para come\u00e7ar em outubro\",\"datePublished\":\"2026-08-26T16:36:54+00:00\",\"mainEntityOfPage\":{\"@id\":\"https:\\\/\\\/mznoticia.com.br\\\/jaguariaiva\\\/obras-de-40-novos-colegios-do-ppp-mais-escolas-parana-estao-previstas-para-comecar-em-outubro\\\/\"},\"wordCount\":453,\"commentCount\":0,\"publisher\":{\"@id\":\"https:\\\/\\\/mznoticia.com.br\\\/jaguariaiva\\\/#organization\"},\"image\":{\"@id\":\"https:\\\/\\\/mznoticia.com.br\\\/jaguariaiva\\\/obras-de-40-novos-colegios-do-ppp-mais-escolas-parana-estao-previstas-para-comecar-em-outubro\\\/#primaryimage\"},\"thumbnailUrl\":\"https:\\\/\\\/mznoticia.com.br\\\/jaguariaiva\\\/wp-content\\\/uploads\\\/2026\\\/08\\\/50-3.jpg\",\"keywords\":[\"destaque\",\"educa\u00e7\u00e3o\",\"educa\u00e7\u00e3o estadual\",\"Escolas Estaduais\",\"Governo do Paran\u00e1\",\"infraestrutura escolar\",\"novos col\u00e9gios\",\"Obras P\u00fablicas\",\"parana\",\"parceria p\u00fablico-privada\",\"PPP Mais Escolas Paran\u00e1\"],\"articleSection\":[\"Educa\u00e7\u00e3o\"],\"inLanguage\":\"pt-BR\",\"potentialAction\":[{\"@type\":\"CommentAction\",\"name\":\"Comment\",\"target\":[\"https:\\\/\\\/mznoticia.com.br\\\/jaguariaiva\\\/obras-de-40-novos-colegios-do-ppp-mais-escolas-parana-estao-previstas-para-comecar-em-outubro\\\/#respond\"]}]},{\"@type\":\"WebPage\",\"@id\":\"https:\\\/\\\/mznoticia.com.br\\\/jaguariaiva\\\/obras-de-40-novos-colegios-do-ppp-mais-escolas-parana-estao-previstas-para-comecar-em-outubro\\\/\",\"url\":\"https:\\\/\\\/mznoticia.com.br\\\/jaguariaiva\\\/obras-de-40-novos-colegios-do-ppp-mais-escolas-parana-estao-previstas-para-comecar-em-outubro\\\/\",\"name\":\"Obras de 40 novos col\u00e9gios do PPP Mais Escolas Paran\u00e1 est\u00e3o previstas para come\u00e7ar em outubro - Mz Not\u00edcias\",\"isPartOf\":{\"@id\":\"https:\\\/\\\/mznoticia.com.br\\\/jaguariaiva\\\/#website\"},\"primaryImageOfPage\":{\"@id\":\"https:\\\/\\\/mznoticia.com.br\\\/jaguariaiva\\\/obras-de-40-novos-colegios-do-ppp-mais-escolas-parana-estao-previstas-para-comecar-em-outubro\\\/#primaryimage\"},\"image\":{\"@id\":\"https:\\\/\\\/mznoticia.com.br\\\/jaguariaiva\\\/obras-de-40-novos-colegios-do-ppp-mais-escolas-parana-estao-previstas-para-comecar-em-outubro\\\/#primaryimage\"},\"thumbnailUrl\":\"https:\\\/\\\/mznoticia.com.br\\\/jaguariaiva\\\/wp-content\\\/uploads\\\/2026\\\/08\\\/50-3.jpg\",\"datePublished\":\"2026-08-26T16:36:54+00:00\",\"description\":\"PPP Mais Escolas Paran\u00e1 prev\u00ea in\u00edcio das obras em outubro para construir 40 novos col\u00e9gios estaduais, com 692 salas e capacidade para 25 mil estudantes.\",\"breadcrumb\":{\"@id\":\"https:\\\/\\\/mznoticia.com.br\\\/jaguariaiva\\\/obras-de-40-novos-colegios-do-ppp-mais-escolas-parana-estao-previstas-para-comecar-em-outubro\\\/#breadcrumb\"},\"inLanguage\":\"pt-BR\",\"potentialAction\":[{\"@type\":\"ReadAction\",\"target\":[\"https:\\\/\\\/mznoticia.com.br\\\/jaguariaiva\\\/obras-de-40-novos-colegios-do-ppp-mais-escolas-parana-estao-previstas-para-comecar-em-outubro\\\/\"]}]},{\"@type\":\"ImageObject\",\"inLanguage\":\"pt-BR\",\"@id\":\"https:\\\/\\\/mznoticia.com.br\\\/jaguariaiva\\\/obras-de-40-novos-colegios-do-ppp-mais-escolas-parana-estao-previstas-para-comecar-em-outubro\\\/#primaryimage\",\"url\":\"https:\\\/\\\/mznoticia.com.br\\\/jaguariaiva\\\/wp-content\\\/uploads\\\/2026\\\/08\\\/50-3.jpg\",\"contentUrl\":\"https:\\\/\\\/mznoticia.com.br\\\/jaguariaiva\\\/wp-content\\\/uploads\\\/2026\\\/08\\\/50-3.jpg\",\"width\":1600,\"height\":1066},{\"@type\":\"BreadcrumbList\",\"@id\":\"https:\\\/\\\/mznoticia.com.br\\\/jaguariaiva\\\/obras-de-40-novos-colegios-do-ppp-mais-escolas-parana-estao-previstas-para-comecar-em-outubro\\\/#breadcrumb\",\"itemListElement\":[{\"@type\":\"ListItem\",\"position\":1,\"name\":\"Home\",\"item\":\"https:\\\/\\\/mznoticia.com.br\\\/jaguariaiva\\\/\"},{\"@type\":\"ListItem\",\"position\":2,\"name\":\"Obras de 40 novos col\u00e9gios do PPP Mais Escolas Paran\u00e1 est\u00e3o previstas para come\u00e7ar em outubro\"}]},{\"@type\":\"WebSite\",\"@id\":\"https:\\\/\\\/mznoticia.com.br\\\/jaguariaiva\\\/#website\",\"url\":\"https:\\\/\\\/mznoticia.com.br\\\/jaguariaiva\\\/\",\"name\":\"Mz Not\u00edcia\",\"description\":\"A informa\u00e7\u00e3o que voc\u00ea precisa na hora certa!\",\"publisher\":{\"@id\":\"https:\\\/\\\/mznoticia.com.br\\\/jaguariaiva\\\/#organization\"},\"potentialAction\":[{\"@type\":\"SearchAction\",\"target\":{\"@type\":\"EntryPoint\",\"urlTemplate\":\"https:\\\/\\\/mznoticia.com.br\\\/jaguariaiva\\\/?s={search_term_string}\"},\"query-input\":{\"@type\":\"PropertyValueSpecification\",\"valueRequired\":true,\"valueName\":\"search_term_string\"}}],\"inLanguage\":\"pt-BR\"},{\"@type\":\"Organization\",\"@id\":\"https:\\\/\\\/mznoticia.com.br\\\/jaguariaiva\\\/#organization\",\"name\":\"Mz Not\u00edcia\",\"url\":\"https:\\\/\\\/mznoticia.com.br\\\/jaguariaiva\\\/\",\"logo\":{\"@type\":\"ImageObject\",\"inLanguage\":\"pt-BR\",\"@id\":\"https:\\\/\\\/mznoticia.com.br\\\/jaguariaiva\\\/#\\\/schema\\\/logo\\\/image\\\/\",\"url\":\"https:\\\/\\\/mznoticia.com.br\\\/jaguariaiva\\\/wp-content\\\/uploads\\\/2025\\\/03\\\/Design-sem-nome-4-e1741200616392.png\",\"contentUrl\":\"https:\\\/\\\/mznoticia.com.br\\\/jaguariaiva\\\/wp-content\\\/uploads\\\/2025\\\/03\\\/Design-sem-nome-4-e1741200616392.png\",\"width\":750,\"height\":563,\"caption\":\"Mz Not\u00edcia\"},\"image\":{\"@id\":\"https:\\\/\\\/mznoticia.com.br\\\/jaguariaiva\\\/#\\\/schema\\\/logo\\\/image\\\/\"},\"sameAs\":[\"https:\\\/\\\/www.facebook.com\\\/profile.php?id=61573479951222\",\"https:\\\/\\\/www.instagram.com\\\/mz.jaguariaiva\\\/\"]},{\"@type\":\"Person\",\"@id\":\"https:\\\/\\\/mznoticia.com.br\\\/jaguariaiva\\\/#\\\/schema\\\/person\\\/84012d827247b3f42f37b550da79cd03\",\"name\":\"Redacao mz\",\"image\":{\"@type\":\"ImageObject\",\"inLanguage\":\"pt-BR\",\"@id\":\"https:\\\/\\\/mznoticia.com.br\\\/jaguariaiva\\\/wp-content\\\/uploads\\\/2025\\\/02\\\/mznoticia_jaguariaiva_coluna-150x150.png\",\"url\":\"https:\\\/\\\/mznoticia.com.br\\\/jaguariaiva\\\/wp-content\\\/uploads\\\/2025\\\/02\\\/mznoticia_jaguariaiva_coluna-150x150.png\",\"contentUrl\":\"https:\\\/\\\/mznoticia.com.br\\\/jaguariaiva\\\/wp-content\\\/uploads\\\/2025\\\/02\\\/mznoticia_jaguariaiva_coluna-150x150.png\",\"caption\":\"Redacao mz\"},\"sameAs\":[\"http:\\\/\\\/mznoticia.com.br\"],\"url\":\"https:\\\/\\\/mznoticia.com.br\\\/jaguariaiva\\\/author\\\/lucimara\\\/\"}]}<\/script>\n<!-- \/ Yoast SEO plugin. -->","yoast_head_json":{"title":"Obras de 40 novos col\u00e9gios do PPP Mais Escolas Paran\u00e1 est\u00e3o previstas para come\u00e7ar em outubro - Mz Not\u00edcias","description":"PPP Mais Escolas Paran\u00e1 prev\u00ea in\u00edcio das obras em outubro para construir 40 novos col\u00e9gios estaduais, com 692 salas e capacidade para 25 mil estudantes.","robots":{"index":"index","follow":"follow","max-snippet":"max-snippet:-1","max-image-preview":"max-image-preview:large","max-video-preview":"max-video-preview:-1"},"canonical":"https:\/\/mznoticia.com.br\/jaguariaiva\/obras-de-40-novos-colegios-do-ppp-mais-escolas-parana-estao-previstas-para-comecar-em-outubro\/","og_locale":"pt_BR","og_type":"article","og_title":"Obras de 40 novos col\u00e9gios do PPP Mais Escolas Paran\u00e1 est\u00e3o previstas para come\u00e7ar em outubro - Mz Not\u00edcias","og_description":"PPP Mais Escolas Paran\u00e1 prev\u00ea in\u00edcio das obras em outubro para construir 40 novos col\u00e9gios estaduais, com 692 salas e capacidade para 25 mil estudantes.","og_url":"https:\/\/mznoticia.com.br\/jaguariaiva\/obras-de-40-novos-colegios-do-ppp-mais-escolas-parana-estao-previstas-para-comecar-em-outubro\/","og_site_name":"Mz Not\u00edcias","article_publisher":"https:\/\/www.facebook.com\/profile.php?id=61573479951222","article_published_time":"2026-08-26T16:36:54+00:00","og_image":[{"width":1600,"height":1066,"url":"https:\/\/mznoticia.com.br\/jaguariaiva\/wp-content\/uploads\/2026\/08\/50-3.jpg","type":"image\/jpeg"}],"author":"Redacao mz","twitter_card":"summary_large_image","twitter_misc":{"Escrito por":"Redacao mz","Est. tempo de leitura":"3 minutos"},"schema":{"@context":"https:\/\/schema.org","@graph":[{"@type":"Article","@id":"https:\/\/mznoticia.com.br\/jaguariaiva\/obras-de-40-novos-colegios-do-ppp-mais-escolas-parana-estao-previstas-para-comecar-em-outubro\/#article","isPartOf":{"@id":"https:\/\/mznoticia.com.br\/jaguariaiva\/obras-de-40-novos-colegios-do-ppp-mais-escolas-parana-estao-previstas-para-comecar-em-outubro\/"},"author":{"name":"Redacao mz","@id":"https:\/\/mznoticia.com.br\/jaguariaiva\/#\/schema\/person\/84012d827247b3f42f37b550da79cd03"},"headline":"Obras de 40 novos col\u00e9gios do PPP Mais Escolas Paran\u00e1 est\u00e3o previstas para come\u00e7ar em outubro","datePublished":"2026-08-26T16:36:54+00:00","mainEntityOfPage":{"@id":"https:\/\/mznoticia.com.br\/jaguariaiva\/obras-de-40-novos-colegios-do-ppp-mais-escolas-parana-estao-previstas-para-comecar-em-outubro\/"},"wordCount":453,"commentCount":0,"publisher":{"@id":"https:\/\/mznoticia.com.br\/jaguariaiva\/#organization"},"image":{"@id":"https:\/\/mznoticia.com.br\/jaguariaiva\/obras-de-40-novos-colegios-do-ppp-mais-escolas-parana-estao-previstas-para-comecar-em-outubro\/#primaryimage"},"thumbnailUrl":"https:\/\/mznoticia.com.br\/jaguariaiva\/wp-content\/uploads\/2026\/08\/50-3.jpg","keywords":["destaque","educa\u00e7\u00e3o","educa\u00e7\u00e3o estadual","Escolas Estaduais","Governo do Paran\u00e1","infraestrutura escolar","novos col\u00e9gios","Obras P\u00fablicas","parana","parceria p\u00fablico-privada","PPP Mais Escolas Paran\u00e1"],"articleSection":["Educa\u00e7\u00e3o"],"inLanguage":"pt-BR","potentialAction":[{"@type":"CommentAction","name":"Comment","target":["https:\/\/mznoticia.com.br\/jaguariaiva\/obras-de-40-novos-colegios-do-ppp-mais-escolas-parana-estao-previstas-para-comecar-em-outubro\/#respond"]}]},{"@type":"WebPage","@id":"https:\/\/mznoticia.com.br\/jaguariaiva\/obras-de-40-novos-colegios-do-ppp-mais-escolas-parana-estao-previstas-para-comecar-em-outubro\/","url":"https:\/\/mznoticia.com.br\/jaguariaiva\/obras-de-40-novos-colegios-do-ppp-mais-escolas-parana-estao-previstas-para-comecar-em-outubro\/","name":"Obras de 40 novos col\u00e9gios do PPP Mais Escolas Paran\u00e1 est\u00e3o previstas para come\u00e7ar em outubro - Mz Not\u00edcias","isPartOf":{"@id":"https:\/\/mznoticia.com.br\/jaguariaiva\/#website"},"primaryImageOfPage":{"@id":"https:\/\/mznoticia.com.br\/jaguariaiva\/obras-de-40-novos-colegios-do-ppp-mais-escolas-parana-estao-previstas-para-comecar-em-outubro\/#primaryimage"},"image":{"@id":"https:\/\/mznoticia.com.br\/jaguariaiva\/obras-de-40-novos-colegios-do-ppp-mais-escolas-parana-estao-previstas-para-comecar-em-outubro\/#primaryimage"},"thumbnailUrl":"https:\/\/mznoticia.com.br\/jaguariaiva\/wp-content\/uploads\/2026\/08\/50-3.jpg","datePublished":"2026-08-26T16:36:54+00:00","description":"PPP Mais Escolas Paran\u00e1 prev\u00ea in\u00edcio das obras em outubro para construir 40 novos col\u00e9gios estaduais, com 692 salas e capacidade para 25 mil estudantes.","breadcrumb":{"@id":"https:\/\/mznoticia.com.br\/jaguariaiva\/obras-de-40-novos-colegios-do-ppp-mais-escolas-parana-estao-previstas-para-comecar-em-outubro\/#breadcrumb"},"inLanguage":"pt-BR","potentialAction":[{"@type":"ReadAction","target":["https:\/\/mznoticia.com.br\/jaguariaiva\/obras-de-40-novos-colegios-do-ppp-mais-escolas-parana-estao-previstas-para-comecar-em-outubro\/"]}]},{"@type":"ImageObject","inLanguage":"pt-BR","@id":"https:\/\/mznoticia.com.br\/jaguariaiva\/obras-de-40-novos-colegios-do-ppp-mais-escolas-parana-estao-previstas-para-comecar-em-outubro\/#primaryimage","url":"https:\/\/mznoticia.com.br\/jaguariaiva\/wp-content\/uploads\/2026\/08\/50-3.jpg","contentUrl":"https:\/\/mznoticia.com.br\/jaguariaiva\/wp-content\/uploads\/2026\/08\/50-3.jpg","width":1600,"height":1066},{"@type":"BreadcrumbList","@id":"https:\/\/mznoticia.com.br\/jaguariaiva\/obras-de-40-novos-colegios-do-ppp-mais-escolas-parana-estao-previstas-para-comecar-em-outubro\/#breadcrumb","itemListElement":[{"@type":"ListItem","position":1,"name":"Home","item":"https:\/\/mznoticia.com.br\/jaguariaiva\/"},{"@type":"ListItem","position":2,"name":"Obras de 40 novos col\u00e9gios do PPP Mais Escolas Paran\u00e1 est\u00e3o previstas para come\u00e7ar em outubro"}]},{"@type":"WebSite","@id":"https:\/\/mznoticia.com.br\/jaguariaiva\/#website","url":"https:\/\/mznoticia.com.br\/jaguariaiva\/","name":"Mz Not\u00edcia","description":"A informa\u00e7\u00e3o que voc\u00ea precisa na hora certa!","publisher":{"@id":"https:\/\/mznoticia.com.br\/jaguariaiva\/#organization"},"potentialAction":[{"@type":"SearchAction","target":{"@type":"EntryPoint","urlTemplate":"https:\/\/mznoticia.com.br\/jaguariaiva\/?s={search_term_string}"},"query-input":{"@type":"PropertyValueSpecification","valueRequired":true,"valueName":"search_term_string"}}],"inLanguage":"pt-BR"},{"@type":"Organization","@id":"https:\/\/mznoticia.com.br\/jaguariaiva\/#organization","name":"Mz Not\u00edcia","url":"https:\/\/mznoticia.com.br\/jaguariaiva\/","logo":{"@type":"ImageObject","inLanguage":"pt-BR","@id":"https:\/\/mznoticia.com.br\/jaguariaiva\/#\/schema\/logo\/image\/","url":"https:\/\/mznoticia.com.br\/jaguariaiva\/wp-content\/uploads\/2025\/03\/Design-sem-nome-4-e1741200616392.png","contentUrl":"https:\/\/mznoticia.com.br\/jaguariaiva\/wp-content\/uploads\/2025\/03\/Design-sem-nome-4-e1741200616392.png","width":750,"height":563,"caption":"Mz Not\u00edcia"},"image":{"@id":"https:\/\/mznoticia.com.br\/jaguariaiva\/#\/schema\/logo\/image\/"},"sameAs":["https:\/\/www.facebook.com\/profile.php?id=61573479951222","https:\/\/www.instagram.com\/mz.jaguariaiva\/"]},{"@type":"Person","@id":"https:\/\/mznoticia.com.br\/jaguariaiva\/#\/schema\/person\/84012d827247b3f42f37b550da79cd03","name":"Redacao mz","image":{"@type":"ImageObject","inLanguage":"pt-BR","@id":"https:\/\/mznoticia.com.br\/jaguariaiva\/wp-content\/uploads\/2025\/02\/mznoticia_jaguariaiva_coluna-150x150.png","url":"https:\/\/mznoticia.com.br\/jaguariaiva\/wp-content\/uploads\/2025\/02\/mznoticia_jaguariaiva_coluna-150x150.png","contentUrl":"https:\/\/mznoticia.com.br\/jaguariaiva\/wp-content\/uploads\/2025\/02\/mznoticia_jaguariaiva_coluna-150x150.png","caption":"Redacao mz"},"sameAs":["http:\/\/mznoticia.com.br"],"url":"https:\/\/mznoticia.com.br\/jaguariaiva\/author\/lucimara\/"}]}},"_links":{"self":[{"href":"https:\/\/mznoticia.com.br\/jaguariaiva\/wp-json\/wp\/v2\/posts\/7094","targetHints":{"allow":["GET"]}}],"collection":[{"href":"https:\/\/mznoticia.com.br\/jaguariaiva\/wp-json\/wp\/v2\/posts"}],"about":[{"href":"https:\/\/mznoticia.com.br\/jaguariaiva\/wp-json\/wp\/v2\/types\/post"}],"author":[{"embeddable":true,"href":"https:\/\/mznoticia.com.br\/jaguariaiva\/wp-json\/wp\/v2\/users\/16"}],"replies":[{"embeddable":true,"href":"https:\/\/mznoticia.com.br\/jaguariaiva\/wp-json\/wp\/v2\/comments?post=7094"}],"version-history":[{"count":1,"href":"https:\/\/mznoticia.com.br\/jaguariaiva\/wp-json\/wp\/v2\/posts\/7094\/revisions"}],"predecessor-version":[{"id":7096,"href":"https:\/\/mznoticia.com.br\/jaguariaiva\/wp-json\/wp\/v2\/posts\/7094\/revisions\/7096"}],"wp:featuredmedia":[{"embeddable":true,"href":"https:\/\/mznoticia.com.br\/jaguariaiva\/wp-json\/wp\/v2\/media\/7095"}],"wp:attachment":[{"href":"https:\/\/mznoticia.com.br\/jaguariaiva\/wp-json\/wp\/v2\/media?parent=7094"}],"wp:term":[{"taxonomy":"category","embeddable":true,"href":"https:\/\/mznoticia.com.br\/jaguariaiva\/wp-json\/wp\/v2\/categories?post=7094"},{"taxonomy":"post_tag","embeddable":true,"href":"https:\/\/mznoticia.com.br\/jaguariaiva\/wp-json\/wp\/v2\/tags?post=7094"}],"curies":[{"name":"wp","href":"https:\/\/api.w.org\/{rel}","templated":true}]}}