{"id":7103,"date":"2026-08-26T17:11:57","date_gmt":"2026-08-26T17:11:57","guid":{"rendered":"https:\/\/mznoticia.com.br\/jaguariaiva\/?p=7103"},"modified":"2026-08-26T17:11:57","modified_gmt":"2026-08-26T17:11:57","slug":"jovem-e-encontrado-morto-em-cachoeira-de-jaguariaiva-nos-campos-gerais","status":"publish","type":"post","link":"https:\/\/mznoticia.com.br\/jaguariaiva\/jovem-e-encontrado-morto-em-cachoeira-de-jaguariaiva-nos-campos-gerais\/","title":{"rendered":"Jovem \u00e9 encontrado morto em cachoeira de Jaguaria\u00edva, nos Campos Gerais"},"content":{"rendered":"<h2 class=\"PDq2pG_selectionAnchorContainer\" data-section-id=\"ffjbso\" data-start=\"75\" data-end=\"238\">Corpo de rapaz de aproximadamente 24 anos foi localizado na manh\u00e3 desta quarta-feira (26); equipes do Corpo de Bombeiros e da Pol\u00edcia Cient\u00edfica foram acionadas<\/h2>\n<p data-start=\"240\" data-end=\"412\">Um jovem de aproximadamente 24 anos foi encontrado morto na manh\u00e3 desta quarta-feira (26) em uma cachoeira no munic\u00edpio de Jaguaria\u00edva, na regi\u00e3o dos Campos Gerais.<\/p>\n<p data-start=\"414\" data-end=\"562\">A ocorr\u00eancia mobilizou equipes de seguran\u00e7a e resgate, que foram acionadas para atender a situa\u00e7\u00e3o e realizar os procedimentos necess\u00e1rios no local.<\/p>\n<h2 data-section-id=\"1ghj8o\" data-start=\"564\" data-end=\"617\">Corpo de Bombeiros atua em local de dif\u00edcil acesso<\/h2>\n<p data-start=\"619\" data-end=\"858\">Devido \u00e0s caracter\u00edsticas do terreno e ao dif\u00edcil acesso \u00e0 \u00e1rea onde o corpo foi localizado, equipes do Corpo de Bombeiros foram mobilizadas e trabalham com equipamentos espec\u00edficos para realizar o resgate e a remo\u00e7\u00e3o segura da v\u00edtima.<\/p>\n<p data-start=\"860\" data-end=\"927\">A opera\u00e7\u00e3o exige cuidados devido \u00e0s condi\u00e7\u00f5es geogr\u00e1ficas do local.<\/p>\n<h2 data-section-id=\"1krxusf\" data-start=\"929\" data-end=\"979\">Pol\u00edcia Cient\u00edfica vai apurar as circunst\u00e2ncias<\/h2>\n<p data-start=\"981\" data-end=\"1096\">A Pol\u00edcia Cient\u00edfica de Ponta Grossa tamb\u00e9m foi acionada e se deslocou at\u00e9 Jaguaria\u00edva para realizar a per\u00edcia.<\/p>\n<p data-start=\"1098\" data-end=\"1351\">Os peritos devem analisar a \u00e1rea onde o corpo foi encontrado para auxiliar na identifica\u00e7\u00e3o das circunst\u00e2ncias da ocorr\u00eancia. Ap\u00f3s os procedimentos periciais, o corpo dever\u00e1 ser encaminhado ao Instituto M\u00e9dico Legal (IML) para os exames necess\u00e1rios.<\/p>\n<p data-start=\"1353\" data-end=\"1451\">At\u00e9 o momento, a identidade do jovem n\u00e3o havia sido confirmada oficialmente pelas autoridades.<\/p>\n<p data-start=\"1453\" data-end=\"1627\">As circunst\u00e2ncias exatas que levaram \u00e0 morte tamb\u00e9m ainda n\u00e3o foram esclarecidas. Novas informa\u00e7\u00f5es devem ser divulgadas pelas autoridades conforme o andamento da ocorr\u00eancia.<\/p>\n<p data-start=\"1453\" data-end=\"1627\">Foto ilustrativa<\/p>\n","protected":false},"excerpt":{"rendered":"<p>Corpo de rapaz de aproximadamente 24 anos foi localizado na manh\u00e3 desta quarta-feira (26); equipes do Corpo de Bombeiros e da Pol\u00edcia Cient\u00edfica foram acionadas Um jovem de aproximadamente 24 anos foi encontrado morto na manh\u00e3 desta quarta-feira (26) em uma cachoeira no munic\u00edpio de Jaguaria\u00edva, na regi\u00e3o dos Campos Gerais. A ocorr\u00eancia mobilizou equipes [&hellip;]<\/p>\n","protected":false},"author":16,"featured_media":7104,"comment_status":"open","ping_status":"open","sticky":false,"template":"","format":"standard","meta":{"footnotes":""},"categories":[140],"tags":[31,1258,314,645,47,1449,63,208,399,77,265,647,398],"class_list":["post-7103","post","type-post","status-publish","format-standard","has-post-thumbnail","hentry","category-acidente","tag-acidente","tag-cachoeira","tag-campos-gerais","tag-corpo-de-bombeiros","tag-destaque","tag-iml","tag-jaguariaiva","tag-morte","tag-mz-noticias","tag-parana","tag-policia","tag-policia-cientifica","tag-seguranca"],"yoast_head":"<!-- This site is optimized with the Yoast SEO plugin v28.1 - https:\/\/yoast.com\/product\/yoast-seo-wordpress\/ -->\n<title>Jovem \u00e9 encontrado morto em cachoeira de Jaguaria\u00edva, nos Campos Gerais - Mz Not\u00edcias<\/title>\n<meta name=\"description\" content=\"Jovem de aproximadamente 24 anos foi encontrado morto em uma cachoeira de Jaguaria\u00edva. Bombeiros e Pol\u00edcia Cient\u00edfica foram acionados.\" \/>\n<meta name=\"robots\" content=\"index, follow, max-snippet:-1, max-image-preview:large, max-video-preview:-1\" \/>\n<link rel=\"canonical\" href=\"https:\/\/mznoticia.com.br\/jaguariaiva\/jovem-e-encontrado-morto-em-cachoeira-de-jaguariaiva-nos-campos-gerais\/\" \/>\n<meta property=\"og:locale\" content=\"pt_BR\" \/>\n<meta property=\"og:type\" content=\"article\" \/>\n<meta property=\"og:title\" content=\"Jovem \u00e9 encontrado morto em cachoeira de Jaguaria\u00edva, nos Campos Gerais - Mz Not\u00edcias\" \/>\n<meta property=\"og:description\" content=\"Jovem de aproximadamente 24 anos foi encontrado morto em uma cachoeira de Jaguaria\u00edva. Bombeiros e Pol\u00edcia Cient\u00edfica foram acionados.\" \/>\n<meta property=\"og:url\" content=\"https:\/\/mznoticia.com.br\/jaguariaiva\/jovem-e-encontrado-morto-em-cachoeira-de-jaguariaiva-nos-campos-gerais\/\" \/>\n<meta property=\"og:site_name\" content=\"Mz Not\u00edcias\" \/>\n<meta property=\"article:publisher\" content=\"https:\/\/www.facebook.com\/profile.php?id=61573479951222\" \/>\n<meta property=\"article:published_time\" content=\"2026-08-26T17:11:57+00:00\" \/>\n<meta property=\"og:image\" content=\"https:\/\/mznoticia.com.br\/jaguariaiva\/wp-content\/uploads\/2026\/08\/50-5.webp\" \/>\n\t<meta property=\"og:image:width\" content=\"417\" \/>\n\t<meta property=\"og:image:height\" content=\"417\" \/>\n\t<meta property=\"og:image:type\" content=\"image\/webp\" \/>\n<meta name=\"author\" content=\"Redacao mz\" \/>\n<meta name=\"twitter:card\" content=\"summary_large_image\" \/>\n<meta name=\"twitter:label1\" content=\"Escrito por\" \/>\n\t<meta name=\"twitter:data1\" content=\"Redacao mz\" \/>\n\t<meta name=\"twitter:label2\" content=\"Est. tempo de leitura\" \/>\n\t<meta name=\"twitter:data2\" content=\"2 minutos\" \/>\n<script type=\"application\/ld+json\" class=\"yoast-schema-graph\">{\"@context\":\"https:\\\/\\\/schema.org\",\"@graph\":[{\"@type\":\"Article\",\"@id\":\"https:\\\/\\\/mznoticia.com.br\\\/jaguariaiva\\\/jovem-e-encontrado-morto-em-cachoeira-de-jaguariaiva-nos-campos-gerais\\\/#article\",\"isPartOf\":{\"@id\":\"https:\\\/\\\/mznoticia.com.br\\\/jaguariaiva\\\/jovem-e-encontrado-morto-em-cachoeira-de-jaguariaiva-nos-campos-gerais\\\/\"},\"author\":{\"name\":\"Redacao mz\",\"@id\":\"https:\\\/\\\/mznoticia.com.br\\\/jaguariaiva\\\/#\\\/schema\\\/person\\\/84012d827247b3f42f37b550da79cd03\"},\"headline\":\"Jovem \u00e9 encontrado morto em cachoeira de Jaguaria\u00edva, nos Campos Gerais\",\"datePublished\":\"2026-08-26T17:11:57+00:00\",\"mainEntityOfPage\":{\"@id\":\"https:\\\/\\\/mznoticia.com.br\\\/jaguariaiva\\\/jovem-e-encontrado-morto-em-cachoeira-de-jaguariaiva-nos-campos-gerais\\\/\"},\"wordCount\":274,\"commentCount\":0,\"publisher\":{\"@id\":\"https:\\\/\\\/mznoticia.com.br\\\/jaguariaiva\\\/#organization\"},\"image\":{\"@id\":\"https:\\\/\\\/mznoticia.com.br\\\/jaguariaiva\\\/jovem-e-encontrado-morto-em-cachoeira-de-jaguariaiva-nos-campos-gerais\\\/#primaryimage\"},\"thumbnailUrl\":\"https:\\\/\\\/mznoticia.com.br\\\/jaguariaiva\\\/wp-content\\\/uploads\\\/2026\\\/08\\\/50-5.webp\",\"keywords\":[\"acidente\",\"Cachoeira\",\"Campos Gerais\",\"Corpo de Bombeiros\",\"destaque\",\"IML\",\"jaguariaiva\",\"morte\",\"MZ Not\u00edcias.\",\"parana\",\"POLICIA\",\"Pol\u00edcia Cient\u00edfica\",\"Seguran\u00e7a\"],\"articleSection\":[\"Acidente\"],\"inLanguage\":\"pt-BR\",\"potentialAction\":[{\"@type\":\"CommentAction\",\"name\":\"Comment\",\"target\":[\"https:\\\/\\\/mznoticia.com.br\\\/jaguariaiva\\\/jovem-e-encontrado-morto-em-cachoeira-de-jaguariaiva-nos-campos-gerais\\\/#respond\"]}]},{\"@type\":\"WebPage\",\"@id\":\"https:\\\/\\\/mznoticia.com.br\\\/jaguariaiva\\\/jovem-e-encontrado-morto-em-cachoeira-de-jaguariaiva-nos-campos-gerais\\\/\",\"url\":\"https:\\\/\\\/mznoticia.com.br\\\/jaguariaiva\\\/jovem-e-encontrado-morto-em-cachoeira-de-jaguariaiva-nos-campos-gerais\\\/\",\"name\":\"Jovem \u00e9 encontrado morto em cachoeira de Jaguaria\u00edva, nos Campos Gerais - Mz Not\u00edcias\",\"isPartOf\":{\"@id\":\"https:\\\/\\\/mznoticia.com.br\\\/jaguariaiva\\\/#website\"},\"primaryImageOfPage\":{\"@id\":\"https:\\\/\\\/mznoticia.com.br\\\/jaguariaiva\\\/jovem-e-encontrado-morto-em-cachoeira-de-jaguariaiva-nos-campos-gerais\\\/#primaryimage\"},\"image\":{\"@id\":\"https:\\\/\\\/mznoticia.com.br\\\/jaguariaiva\\\/jovem-e-encontrado-morto-em-cachoeira-de-jaguariaiva-nos-campos-gerais\\\/#primaryimage\"},\"thumbnailUrl\":\"https:\\\/\\\/mznoticia.com.br\\\/jaguariaiva\\\/wp-content\\\/uploads\\\/2026\\\/08\\\/50-5.webp\",\"datePublished\":\"2026-08-26T17:11:57+00:00\",\"description\":\"Jovem de aproximadamente 24 anos foi encontrado morto em uma cachoeira de Jaguaria\u00edva. Bombeiros e Pol\u00edcia Cient\u00edfica foram acionados.\",\"breadcrumb\":{\"@id\":\"https:\\\/\\\/mznoticia.com.br\\\/jaguariaiva\\\/jovem-e-encontrado-morto-em-cachoeira-de-jaguariaiva-nos-campos-gerais\\\/#breadcrumb\"},\"inLanguage\":\"pt-BR\",\"potentialAction\":[{\"@type\":\"ReadAction\",\"target\":[\"https:\\\/\\\/mznoticia.com.br\\\/jaguariaiva\\\/jovem-e-encontrado-morto-em-cachoeira-de-jaguariaiva-nos-campos-gerais\\\/\"]}]},{\"@type\":\"ImageObject\",\"inLanguage\":\"pt-BR\",\"@id\":\"https:\\\/\\\/mznoticia.com.br\\\/jaguariaiva\\\/jovem-e-encontrado-morto-em-cachoeira-de-jaguariaiva-nos-campos-gerais\\\/#primaryimage\",\"url\":\"https:\\\/\\\/mznoticia.com.br\\\/jaguariaiva\\\/wp-content\\\/uploads\\\/2026\\\/08\\\/50-5.webp\",\"contentUrl\":\"https:\\\/\\\/mznoticia.com.br\\\/jaguariaiva\\\/wp-content\\\/uploads\\\/2026\\\/08\\\/50-5.webp\",\"width\":417,\"height\":417},{\"@type\":\"BreadcrumbList\",\"@id\":\"https:\\\/\\\/mznoticia.com.br\\\/jaguariaiva\\\/jovem-e-encontrado-morto-em-cachoeira-de-jaguariaiva-nos-campos-gerais\\\/#breadcrumb\",\"itemListElement\":[{\"@type\":\"ListItem\",\"position\":1,\"name\":\"Home\",\"item\":\"https:\\\/\\\/mznoticia.com.br\\\/jaguariaiva\\\/\"},{\"@type\":\"ListItem\",\"position\":2,\"name\":\"Jovem \u00e9 encontrado morto em cachoeira de Jaguaria\u00edva, nos Campos Gerais\"}]},{\"@type\":\"WebSite\",\"@id\":\"https:\\\/\\\/mznoticia.com.br\\\/jaguariaiva\\\/#website\",\"url\":\"https:\\\/\\\/mznoticia.com.br\\\/jaguariaiva\\\/\",\"name\":\"Mz Not\u00edcia\",\"description\":\"A informa\u00e7\u00e3o que voc\u00ea precisa na hora certa!\",\"publisher\":{\"@id\":\"https:\\\/\\\/mznoticia.com.br\\\/jaguariaiva\\\/#organization\"},\"potentialAction\":[{\"@type\":\"SearchAction\",\"target\":{\"@type\":\"EntryPoint\",\"urlTemplate\":\"https:\\\/\\\/mznoticia.com.br\\\/jaguariaiva\\\/?s={search_term_string}\"},\"query-input\":{\"@type\":\"PropertyValueSpecification\",\"valueRequired\":true,\"valueName\":\"search_term_string\"}}],\"inLanguage\":\"pt-BR\"},{\"@type\":\"Organization\",\"@id\":\"https:\\\/\\\/mznoticia.com.br\\\/jaguariaiva\\\/#organization\",\"name\":\"Mz Not\u00edcia\",\"url\":\"https:\\\/\\\/mznoticia.com.br\\\/jaguariaiva\\\/\",\"logo\":{\"@type\":\"ImageObject\",\"inLanguage\":\"pt-BR\",\"@id\":\"https:\\\/\\\/mznoticia.com.br\\\/jaguariaiva\\\/#\\\/schema\\\/logo\\\/image\\\/\",\"url\":\"https:\\\/\\\/mznoticia.com.br\\\/jaguariaiva\\\/wp-content\\\/uploads\\\/2025\\\/03\\\/Design-sem-nome-4-e1741200616392.png\",\"contentUrl\":\"https:\\\/\\\/mznoticia.com.br\\\/jaguariaiva\\\/wp-content\\\/uploads\\\/2025\\\/03\\\/Design-sem-nome-4-e1741200616392.png\",\"width\":750,\"height\":563,\"caption\":\"Mz Not\u00edcia\"},\"image\":{\"@id\":\"https:\\\/\\\/mznoticia.com.br\\\/jaguariaiva\\\/#\\\/schema\\\/logo\\\/image\\\/\"},\"sameAs\":[\"https:\\\/\\\/www.facebook.com\\\/profile.php?id=61573479951222\",\"https:\\\/\\\/www.instagram.com\\\/mz.jaguariaiva\\\/\"]},{\"@type\":\"Person\",\"@id\":\"https:\\\/\\\/mznoticia.com.br\\\/jaguariaiva\\\/#\\\/schema\\\/person\\\/84012d827247b3f42f37b550da79cd03\",\"name\":\"Redacao mz\",\"image\":{\"@type\":\"ImageObject\",\"inLanguage\":\"pt-BR\",\"@id\":\"https:\\\/\\\/mznoticia.com.br\\\/jaguariaiva\\\/wp-content\\\/uploads\\\/2025\\\/02\\\/mznoticia_jaguariaiva_coluna-150x150.png\",\"url\":\"https:\\\/\\\/mznoticia.com.br\\\/jaguariaiva\\\/wp-content\\\/uploads\\\/2025\\\/02\\\/mznoticia_jaguariaiva_coluna-150x150.png\",\"contentUrl\":\"https:\\\/\\\/mznoticia.com.br\\\/jaguariaiva\\\/wp-content\\\/uploads\\\/2025\\\/02\\\/mznoticia_jaguariaiva_coluna-150x150.png\",\"caption\":\"Redacao mz\"},\"sameAs\":[\"http:\\\/\\\/mznoticia.com.br\"],\"url\":\"https:\\\/\\\/mznoticia.com.br\\\/jaguariaiva\\\/author\\\/lucimara\\\/\"}]}<\/script>\n<!-- \/ Yoast SEO plugin. -->","yoast_head_json":{"title":"Jovem \u00e9 encontrado morto em cachoeira de Jaguaria\u00edva, nos Campos Gerais - Mz Not\u00edcias","description":"Jovem de aproximadamente 24 anos foi encontrado morto em uma cachoeira de Jaguaria\u00edva. Bombeiros e Pol\u00edcia Cient\u00edfica foram acionados.","robots":{"index":"index","follow":"follow","max-snippet":"max-snippet:-1","max-image-preview":"max-image-preview:large","max-video-preview":"max-video-preview:-1"},"canonical":"https:\/\/mznoticia.com.br\/jaguariaiva\/jovem-e-encontrado-morto-em-cachoeira-de-jaguariaiva-nos-campos-gerais\/","og_locale":"pt_BR","og_type":"article","og_title":"Jovem \u00e9 encontrado morto em cachoeira de Jaguaria\u00edva, nos Campos Gerais - Mz Not\u00edcias","og_description":"Jovem de aproximadamente 24 anos foi encontrado morto em uma cachoeira de Jaguaria\u00edva. Bombeiros e Pol\u00edcia Cient\u00edfica foram acionados.","og_url":"https:\/\/mznoticia.com.br\/jaguariaiva\/jovem-e-encontrado-morto-em-cachoeira-de-jaguariaiva-nos-campos-gerais\/","og_site_name":"Mz Not\u00edcias","article_publisher":"https:\/\/www.facebook.com\/profile.php?id=61573479951222","article_published_time":"2026-08-26T17:11:57+00:00","og_image":[{"width":417,"height":417,"url":"https:\/\/mznoticia.com.br\/jaguariaiva\/wp-content\/uploads\/2026\/08\/50-5.webp","type":"image\/webp"}],"author":"Redacao mz","twitter_card":"summary_large_image","twitter_misc":{"Escrito por":"Redacao mz","Est. tempo de leitura":"2 minutos"},"schema":{"@context":"https:\/\/schema.org","@graph":[{"@type":"Article","@id":"https:\/\/mznoticia.com.br\/jaguariaiva\/jovem-e-encontrado-morto-em-cachoeira-de-jaguariaiva-nos-campos-gerais\/#article","isPartOf":{"@id":"https:\/\/mznoticia.com.br\/jaguariaiva\/jovem-e-encontrado-morto-em-cachoeira-de-jaguariaiva-nos-campos-gerais\/"},"author":{"name":"Redacao mz","@id":"https:\/\/mznoticia.com.br\/jaguariaiva\/#\/schema\/person\/84012d827247b3f42f37b550da79cd03"},"headline":"Jovem \u00e9 encontrado morto em cachoeira de Jaguaria\u00edva, nos Campos Gerais","datePublished":"2026-08-26T17:11:57+00:00","mainEntityOfPage":{"@id":"https:\/\/mznoticia.com.br\/jaguariaiva\/jovem-e-encontrado-morto-em-cachoeira-de-jaguariaiva-nos-campos-gerais\/"},"wordCount":274,"commentCount":0,"publisher":{"@id":"https:\/\/mznoticia.com.br\/jaguariaiva\/#organization"},"image":{"@id":"https:\/\/mznoticia.com.br\/jaguariaiva\/jovem-e-encontrado-morto-em-cachoeira-de-jaguariaiva-nos-campos-gerais\/#primaryimage"},"thumbnailUrl":"https:\/\/mznoticia.com.br\/jaguariaiva\/wp-content\/uploads\/2026\/08\/50-5.webp","keywords":["acidente","Cachoeira","Campos Gerais","Corpo de Bombeiros","destaque","IML","jaguariaiva","morte","MZ Not\u00edcias.","parana","POLICIA","Pol\u00edcia Cient\u00edfica","Seguran\u00e7a"],"articleSection":["Acidente"],"inLanguage":"pt-BR","potentialAction":[{"@type":"CommentAction","name":"Comment","target":["https:\/\/mznoticia.com.br\/jaguariaiva\/jovem-e-encontrado-morto-em-cachoeira-de-jaguariaiva-nos-campos-gerais\/#respond"]}]},{"@type":"WebPage","@id":"https:\/\/mznoticia.com.br\/jaguariaiva\/jovem-e-encontrado-morto-em-cachoeira-de-jaguariaiva-nos-campos-gerais\/","url":"https:\/\/mznoticia.com.br\/jaguariaiva\/jovem-e-encontrado-morto-em-cachoeira-de-jaguariaiva-nos-campos-gerais\/","name":"Jovem \u00e9 encontrado morto em cachoeira de Jaguaria\u00edva, nos Campos Gerais - Mz Not\u00edcias","isPartOf":{"@id":"https:\/\/mznoticia.com.br\/jaguariaiva\/#website"},"primaryImageOfPage":{"@id":"https:\/\/mznoticia.com.br\/jaguariaiva\/jovem-e-encontrado-morto-em-cachoeira-de-jaguariaiva-nos-campos-gerais\/#primaryimage"},"image":{"@id":"https:\/\/mznoticia.com.br\/jaguariaiva\/jovem-e-encontrado-morto-em-cachoeira-de-jaguariaiva-nos-campos-gerais\/#primaryimage"},"thumbnailUrl":"https:\/\/mznoticia.com.br\/jaguariaiva\/wp-content\/uploads\/2026\/08\/50-5.webp","datePublished":"2026-08-26T17:11:57+00:00","description":"Jovem de aproximadamente 24 anos foi encontrado morto em uma cachoeira de Jaguaria\u00edva. Bombeiros e Pol\u00edcia Cient\u00edfica foram acionados.","breadcrumb":{"@id":"https:\/\/mznoticia.com.br\/jaguariaiva\/jovem-e-encontrado-morto-em-cachoeira-de-jaguariaiva-nos-campos-gerais\/#breadcrumb"},"inLanguage":"pt-BR","potentialAction":[{"@type":"ReadAction","target":["https:\/\/mznoticia.com.br\/jaguariaiva\/jovem-e-encontrado-morto-em-cachoeira-de-jaguariaiva-nos-campos-gerais\/"]}]},{"@type":"ImageObject","inLanguage":"pt-BR","@id":"https:\/\/mznoticia.com.br\/jaguariaiva\/jovem-e-encontrado-morto-em-cachoeira-de-jaguariaiva-nos-campos-gerais\/#primaryimage","url":"https:\/\/mznoticia.com.br\/jaguariaiva\/wp-content\/uploads\/2026\/08\/50-5.webp","contentUrl":"https:\/\/mznoticia.com.br\/jaguariaiva\/wp-content\/uploads\/2026\/08\/50-5.webp","width":417,"height":417},{"@type":"BreadcrumbList","@id":"https:\/\/mznoticia.com.br\/jaguariaiva\/jovem-e-encontrado-morto-em-cachoeira-de-jaguariaiva-nos-campos-gerais\/#breadcrumb","itemListElement":[{"@type":"ListItem","position":1,"name":"Home","item":"https:\/\/mznoticia.com.br\/jaguariaiva\/"},{"@type":"ListItem","position":2,"name":"Jovem \u00e9 encontrado morto em cachoeira de Jaguaria\u00edva, nos Campos Gerais"}]},{"@type":"WebSite","@id":"https:\/\/mznoticia.com.br\/jaguariaiva\/#website","url":"https:\/\/mznoticia.com.br\/jaguariaiva\/","name":"Mz Not\u00edcia","description":"A informa\u00e7\u00e3o que voc\u00ea precisa na hora certa!","publisher":{"@id":"https:\/\/mznoticia.com.br\/jaguariaiva\/#organization"},"potentialAction":[{"@type":"SearchAction","target":{"@type":"EntryPoint","urlTemplate":"https:\/\/mznoticia.com.br\/jaguariaiva\/?s={search_term_string}"},"query-input":{"@type":"PropertyValueSpecification","valueRequired":true,"valueName":"search_term_string"}}],"inLanguage":"pt-BR"},{"@type":"Organization","@id":"https:\/\/mznoticia.com.br\/jaguariaiva\/#organization","name":"Mz Not\u00edcia","url":"https:\/\/mznoticia.com.br\/jaguariaiva\/","logo":{"@type":"ImageObject","inLanguage":"pt-BR","@id":"https:\/\/mznoticia.com.br\/jaguariaiva\/#\/schema\/logo\/image\/","url":"https:\/\/mznoticia.com.br\/jaguariaiva\/wp-content\/uploads\/2025\/03\/Design-sem-nome-4-e1741200616392.png","contentUrl":"https:\/\/mznoticia.com.br\/jaguariaiva\/wp-content\/uploads\/2025\/03\/Design-sem-nome-4-e1741200616392.png","width":750,"height":563,"caption":"Mz Not\u00edcia"},"image":{"@id":"https:\/\/mznoticia.com.br\/jaguariaiva\/#\/schema\/logo\/image\/"},"sameAs":["https:\/\/www.facebook.com\/profile.php?id=61573479951222","https:\/\/www.instagram.com\/mz.jaguariaiva\/"]},{"@type":"Person","@id":"https:\/\/mznoticia.com.br\/jaguariaiva\/#\/schema\/person\/84012d827247b3f42f37b550da79cd03","name":"Redacao mz","image":{"@type":"ImageObject","inLanguage":"pt-BR","@id":"https:\/\/mznoticia.com.br\/jaguariaiva\/wp-content\/uploads\/2025\/02\/mznoticia_jaguariaiva_coluna-150x150.png","url":"https:\/\/mznoticia.com.br\/jaguariaiva\/wp-content\/uploads\/2025\/02\/mznoticia_jaguariaiva_coluna-150x150.png","contentUrl":"https:\/\/mznoticia.com.br\/jaguariaiva\/wp-content\/uploads\/2025\/02\/mznoticia_jaguariaiva_coluna-150x150.png","caption":"Redacao mz"},"sameAs":["http:\/\/mznoticia.com.br"],"url":"https:\/\/mznoticia.com.br\/jaguariaiva\/author\/lucimara\/"}]}},"_links":{"self":[{"href":"https:\/\/mznoticia.com.br\/jaguariaiva\/wp-json\/wp\/v2\/posts\/7103","targetHints":{"allow":["GET"]}}],"collection":[{"href":"https:\/\/mznoticia.com.br\/jaguariaiva\/wp-json\/wp\/v2\/posts"}],"about":[{"href":"https:\/\/mznoticia.com.br\/jaguariaiva\/wp-json\/wp\/v2\/types\/post"}],"author":[{"embeddable":true,"href":"https:\/\/mznoticia.com.br\/jaguariaiva\/wp-json\/wp\/v2\/users\/16"}],"replies":[{"embeddable":true,"href":"https:\/\/mznoticia.com.br\/jaguariaiva\/wp-json\/wp\/v2\/comments?post=7103"}],"version-history":[{"count":1,"href":"https:\/\/mznoticia.com.br\/jaguariaiva\/wp-json\/wp\/v2\/posts\/7103\/revisions"}],"predecessor-version":[{"id":7105,"href":"https:\/\/mznoticia.com.br\/jaguariaiva\/wp-json\/wp\/v2\/posts\/7103\/revisions\/7105"}],"wp:featuredmedia":[{"embeddable":true,"href":"https:\/\/mznoticia.com.br\/jaguariaiva\/wp-json\/wp\/v2\/media\/7104"}],"wp:attachment":[{"href":"https:\/\/mznoticia.com.br\/jaguariaiva\/wp-json\/wp\/v2\/media?parent=7103"}],"wp:term":[{"taxonomy":"category","embeddable":true,"href":"https:\/\/mznoticia.com.br\/jaguariaiva\/wp-json\/wp\/v2\/categories?post=7103"},{"taxonomy":"post_tag","embeddable":true,"href":"https:\/\/mznoticia.com.br\/jaguariaiva\/wp-json\/wp\/v2\/tags?post=7103"}],"curies":[{"name":"wp","href":"https:\/\/api.w.org\/{rel}","templated":true}]}}