{"id":7106,"date":"2026-08-26T17:20:57","date_gmt":"2026-08-26T17:20:57","guid":{"rendered":"https:\/\/mznoticia.com.br\/jaguariaiva\/?p=7106"},"modified":"2026-08-26T17:20:57","modified_gmt":"2026-08-26T17:20:57","slug":"atleta-de-jiu-jitsu-sofre-grave-lesao-apos-golpe-proibido-durante-campeonato-em-londrina","status":"publish","type":"post","link":"https:\/\/mznoticia.com.br\/jaguariaiva\/atleta-de-jiu-jitsu-sofre-grave-lesao-apos-golpe-proibido-durante-campeonato-em-londrina\/","title":{"rendered":"Atleta de jiu-jitsu sofre grave les\u00e3o ap\u00f3s golpe proibido durante campeonato em Londrina"},"content":{"rendered":"<h2 class=\"PDq2pG_selectionAnchorContainer\" data-section-id=\"rjaz4k\" data-start=\"92\" data-end=\"263\">Willian Hiroyuki Masuda, conhecido como Kabuto, sofreu uma les\u00e3o cervical e precisou passar por cirurgia; Minist\u00e9rio P\u00fablico pediu que a Pol\u00edcia Civil investigue o caso<\/h2>\n<p data-start=\"265\" data-end=\"495\">O atleta londrinense Willian Hiroyuki Masuda, conhecido como Kabuto, sofreu uma grave les\u00e3o cervical durante uma luta de jiu-jitsu realizada no s\u00e1bado (22), no Gin\u00e1sio de Esportes Moring\u00e3o, em Londrina, no Norte do Paran\u00e1.<\/p>\n<p data-start=\"497\" data-end=\"714\">O incidente aconteceu durante o Super Pro Jiu-Jitsu 2026, em uma disputa da modalidade No-Gi, que n\u00e3o utiliza quimono. Willian enfrentava o atleta Juliano Di Pelli Machado, de Maring\u00e1. Os dois s\u00e3o faixa-preta.<\/p>\n<p data-start=\"716\" data-end=\"958\">Imagens da luta registraram o momento em que Willian foi levantado pelo advers\u00e1rio e caiu com for\u00e7a sobre o tatame. Ap\u00f3s o impacto, o atleta permaneceu im\u00f3vel e o \u00e1rbitro interrompeu imediatamente o combate para que ele recebesse atendimento.<\/p>\n<h2 data-section-id=\"2g8gxb\" data-start=\"960\" data-end=\"1001\">Golpe aplicado \u00e9 proibido no jiu-jitsu<\/h2>\n<p data-start=\"1003\" data-end=\"1183\">O movimento envolvido na queda \u00e9 conhecido como bate-estaca. A t\u00e9cnica ocorre quando um atleta levanta o advers\u00e1rio, que est\u00e1 preso \u00e0 sua guarda, e o arremessa contra o tatame.<\/p>\n<p data-start=\"1185\" data-end=\"1376\">O golpe \u00e9 proibido nos regulamentos de importantes entidades do jiu-jitsu, como a Confedera\u00e7\u00e3o Brasileira de Jiu-Jitsu (CBJJ) e a International Brazilian Jiu-Jitsu Federation (IBJJF).<\/p>\n<p data-start=\"1378\" data-end=\"1505\">A aplica\u00e7\u00e3o pode resultar em desclassifica\u00e7\u00e3o por falta grav\u00edssima devido ao risco de les\u00f5es na cabe\u00e7a, no pesco\u00e7o e na coluna.<\/p>\n<h2 data-section-id=\"1kodlui\" data-start=\"1507\" data-end=\"1536\">Atleta passou por cirurgia<\/h2>\n<p data-start=\"1538\" data-end=\"1660\">Ap\u00f3s receber os primeiros atendimentos no pr\u00f3prio gin\u00e1sio, Willian foi encaminhado ao Hospital Evang\u00e9lico de Londrina.<\/p>\n<p data-start=\"1662\" data-end=\"1885\">Segundo informa\u00e7\u00f5es da equipe do atleta, ele sofreu uma les\u00e3o cervical grave e precisou passar por cirurgia. Informa\u00e7\u00f5es preliminares indicaram que ele teria sido encaminhado para uma Unidade de Terapia Intensiva (UTI).<\/p>\n<p data-start=\"1887\" data-end=\"2039\">At\u00e9 o momento, n\u00e3o havia sido divulgado um boletim m\u00e9dico detalhado sobre o estado de sa\u00fade do atleta nem informa\u00e7\u00f5es oficiais sobre poss\u00edveis sequelas.<\/p>\n<h2 data-section-id=\"11s1h6e\" data-start=\"2041\" data-end=\"2075\">Organiza\u00e7\u00e3o confirma ocorr\u00eancia<\/h2>\n<p data-start=\"2077\" data-end=\"2194\">A organiza\u00e7\u00e3o do Super Pro Jiu-Jitsu confirmou a ocorr\u00eancia e informou que havia equipe m\u00e9dica e ambul\u00e2ncia no local.<\/p>\n<p data-start=\"2196\" data-end=\"2407\">Segundo a organiza\u00e7\u00e3o, o atleta recebeu os encaminhamentos indicados ap\u00f3s avalia\u00e7\u00e3o t\u00e9cnica. A equipe respons\u00e1vel pelo evento afirmou ainda que acompanha a situa\u00e7\u00e3o junto \u00e0 fam\u00edlia e presta o suporte necess\u00e1rio.<\/p>\n<p data-start=\"2409\" data-end=\"2508\">A organiza\u00e7\u00e3o tamb\u00e9m manifestou solidariedade ao atleta e aos familiares e desejou sua recupera\u00e7\u00e3o.<\/p>\n","protected":false},"excerpt":{"rendered":"<p>Willian Hiroyuki Masuda, conhecido como Kabuto, sofreu uma les\u00e3o cervical e precisou passar por cirurgia; Minist\u00e9rio P\u00fablico pediu que a Pol\u00edcia Civil investigue o caso O atleta londrinense Willian Hiroyuki Masuda, conhecido como Kabuto, sofreu uma grave les\u00e3o cervical durante uma luta de jiu-jitsu realizada no s\u00e1bado (22), no Gin\u00e1sio de Esportes Moring\u00e3o, em Londrina, [&hellip;]<\/p>\n","protected":false},"author":16,"featured_media":7107,"comment_status":"open","ping_status":"open","sticky":false,"template":"","format":"standard","meta":{"footnotes":""},"categories":[9],"tags":[2781,2778,512,2777,317,2775,2779,775,955,2780,399,77,515,398,2776],"class_list":["post-7106","post","type-post","status-publish","format-standard","has-post-thumbnail","hentry","category-esportes","tag-atleta","tag-bate-estaca","tag-esporte","tag-golpe-proibido","tag-investigacao","tag-jiu-jitsu","tag-lesao-cervical","tag-londrina","tag-ministerio-publico","tag-moringao","tag-mz-noticias","tag-parana","tag-policia-civil","tag-seguranca","tag-super-pro-jiu-jitsu-2026"],"yoast_head":"<!-- This site is optimized with the Yoast SEO plugin v28.1 - https:\/\/yoast.com\/product\/yoast-seo-wordpress\/ -->\n<title>Atleta de jiu-jitsu sofre grave les\u00e3o ap\u00f3s golpe proibido durante campeonato em Londrina - Mz Not\u00edcias<\/title>\n<meta name=\"description\" content=\"Atleta de jiu-jitsu sofre grave les\u00e3o cervical ap\u00f3s golpe proibido durante campeonato em Londrina. Minist\u00e9rio P\u00fablico pede investiga\u00e7\u00e3o.\" \/>\n<meta name=\"robots\" content=\"index, follow, max-snippet:-1, max-image-preview:large, max-video-preview:-1\" \/>\n<link rel=\"canonical\" href=\"https:\/\/mznoticia.com.br\/jaguariaiva\/atleta-de-jiu-jitsu-sofre-grave-lesao-apos-golpe-proibido-durante-campeonato-em-londrina\/\" \/>\n<meta property=\"og:locale\" content=\"pt_BR\" \/>\n<meta property=\"og:type\" content=\"article\" \/>\n<meta property=\"og:title\" content=\"Atleta de jiu-jitsu sofre grave les\u00e3o ap\u00f3s golpe proibido durante campeonato em Londrina - Mz Not\u00edcias\" \/>\n<meta property=\"og:description\" content=\"Atleta de jiu-jitsu sofre grave les\u00e3o cervical ap\u00f3s golpe proibido durante campeonato em Londrina. Minist\u00e9rio P\u00fablico pede investiga\u00e7\u00e3o.\" \/>\n<meta property=\"og:url\" content=\"https:\/\/mznoticia.com.br\/jaguariaiva\/atleta-de-jiu-jitsu-sofre-grave-lesao-apos-golpe-proibido-durante-campeonato-em-londrina\/\" \/>\n<meta property=\"og:site_name\" content=\"Mz Not\u00edcias\" \/>\n<meta property=\"article:publisher\" content=\"https:\/\/www.facebook.com\/profile.php?id=61573479951222\" \/>\n<meta property=\"article:published_time\" content=\"2026-08-26T17:20:57+00:00\" \/>\n<meta property=\"og:image\" content=\"https:\/\/mznoticia.com.br\/jaguariaiva\/wp-content\/uploads\/2026\/08\/50-5.jpg\" \/>\n\t<meta property=\"og:image:width\" content=\"960\" \/>\n\t<meta property=\"og:image:height\" content=\"592\" \/>\n\t<meta property=\"og:image:type\" content=\"image\/jpeg\" \/>\n<meta name=\"author\" content=\"Redacao mz\" \/>\n<meta name=\"twitter:card\" content=\"summary_large_image\" \/>\n<meta name=\"twitter:label1\" content=\"Escrito por\" \/>\n\t<meta name=\"twitter:data1\" content=\"Redacao mz\" \/>\n\t<meta name=\"twitter:label2\" content=\"Est. tempo de leitura\" \/>\n\t<meta name=\"twitter:data2\" content=\"2 minutos\" \/>\n<script type=\"application\/ld+json\" class=\"yoast-schema-graph\">{\"@context\":\"https:\\\/\\\/schema.org\",\"@graph\":[{\"@type\":\"Article\",\"@id\":\"https:\\\/\\\/mznoticia.com.br\\\/jaguariaiva\\\/atleta-de-jiu-jitsu-sofre-grave-lesao-apos-golpe-proibido-durante-campeonato-em-londrina\\\/#article\",\"isPartOf\":{\"@id\":\"https:\\\/\\\/mznoticia.com.br\\\/jaguariaiva\\\/atleta-de-jiu-jitsu-sofre-grave-lesao-apos-golpe-proibido-durante-campeonato-em-londrina\\\/\"},\"author\":{\"name\":\"Redacao mz\",\"@id\":\"https:\\\/\\\/mznoticia.com.br\\\/jaguariaiva\\\/#\\\/schema\\\/person\\\/84012d827247b3f42f37b550da79cd03\"},\"headline\":\"Atleta de jiu-jitsu sofre grave les\u00e3o ap\u00f3s golpe proibido durante campeonato em Londrina\",\"datePublished\":\"2026-08-26T17:20:57+00:00\",\"mainEntityOfPage\":{\"@id\":\"https:\\\/\\\/mznoticia.com.br\\\/jaguariaiva\\\/atleta-de-jiu-jitsu-sofre-grave-lesao-apos-golpe-proibido-durante-campeonato-em-londrina\\\/\"},\"wordCount\":416,\"commentCount\":0,\"publisher\":{\"@id\":\"https:\\\/\\\/mznoticia.com.br\\\/jaguariaiva\\\/#organization\"},\"image\":{\"@id\":\"https:\\\/\\\/mznoticia.com.br\\\/jaguariaiva\\\/atleta-de-jiu-jitsu-sofre-grave-lesao-apos-golpe-proibido-durante-campeonato-em-londrina\\\/#primaryimage\"},\"thumbnailUrl\":\"https:\\\/\\\/mznoticia.com.br\\\/jaguariaiva\\\/wp-content\\\/uploads\\\/2026\\\/08\\\/50-5.jpg\",\"keywords\":[\"atleta\",\"bate-estaca\",\"Esporte\",\"golpe proibido\",\"Investiga\u00e7\u00e3o\",\"jiu-jitsu\",\"les\u00e3o cervical\",\"Londrina\",\"Minist\u00e9rio P\u00fablico\",\"Moring\u00e3o\",\"MZ Not\u00edcias.\",\"parana\",\"Pol\u00edcia Civil\",\"Seguran\u00e7a\",\"Super Pro Jiu-Jitsu 2026\"],\"articleSection\":[\"Esportes\"],\"inLanguage\":\"pt-BR\",\"potentialAction\":[{\"@type\":\"CommentAction\",\"name\":\"Comment\",\"target\":[\"https:\\\/\\\/mznoticia.com.br\\\/jaguariaiva\\\/atleta-de-jiu-jitsu-sofre-grave-lesao-apos-golpe-proibido-durante-campeonato-em-londrina\\\/#respond\"]}]},{\"@type\":\"WebPage\",\"@id\":\"https:\\\/\\\/mznoticia.com.br\\\/jaguariaiva\\\/atleta-de-jiu-jitsu-sofre-grave-lesao-apos-golpe-proibido-durante-campeonato-em-londrina\\\/\",\"url\":\"https:\\\/\\\/mznoticia.com.br\\\/jaguariaiva\\\/atleta-de-jiu-jitsu-sofre-grave-lesao-apos-golpe-proibido-durante-campeonato-em-londrina\\\/\",\"name\":\"Atleta de jiu-jitsu sofre grave les\u00e3o ap\u00f3s golpe proibido durante campeonato em Londrina - Mz Not\u00edcias\",\"isPartOf\":{\"@id\":\"https:\\\/\\\/mznoticia.com.br\\\/jaguariaiva\\\/#website\"},\"primaryImageOfPage\":{\"@id\":\"https:\\\/\\\/mznoticia.com.br\\\/jaguariaiva\\\/atleta-de-jiu-jitsu-sofre-grave-lesao-apos-golpe-proibido-durante-campeonato-em-londrina\\\/#primaryimage\"},\"image\":{\"@id\":\"https:\\\/\\\/mznoticia.com.br\\\/jaguariaiva\\\/atleta-de-jiu-jitsu-sofre-grave-lesao-apos-golpe-proibido-durante-campeonato-em-londrina\\\/#primaryimage\"},\"thumbnailUrl\":\"https:\\\/\\\/mznoticia.com.br\\\/jaguariaiva\\\/wp-content\\\/uploads\\\/2026\\\/08\\\/50-5.jpg\",\"datePublished\":\"2026-08-26T17:20:57+00:00\",\"description\":\"Atleta de jiu-jitsu sofre grave les\u00e3o cervical ap\u00f3s golpe proibido durante campeonato em Londrina. Minist\u00e9rio P\u00fablico pede investiga\u00e7\u00e3o.\",\"breadcrumb\":{\"@id\":\"https:\\\/\\\/mznoticia.com.br\\\/jaguariaiva\\\/atleta-de-jiu-jitsu-sofre-grave-lesao-apos-golpe-proibido-durante-campeonato-em-londrina\\\/#breadcrumb\"},\"inLanguage\":\"pt-BR\",\"potentialAction\":[{\"@type\":\"ReadAction\",\"target\":[\"https:\\\/\\\/mznoticia.com.br\\\/jaguariaiva\\\/atleta-de-jiu-jitsu-sofre-grave-lesao-apos-golpe-proibido-durante-campeonato-em-londrina\\\/\"]}]},{\"@type\":\"ImageObject\",\"inLanguage\":\"pt-BR\",\"@id\":\"https:\\\/\\\/mznoticia.com.br\\\/jaguariaiva\\\/atleta-de-jiu-jitsu-sofre-grave-lesao-apos-golpe-proibido-durante-campeonato-em-londrina\\\/#primaryimage\",\"url\":\"https:\\\/\\\/mznoticia.com.br\\\/jaguariaiva\\\/wp-content\\\/uploads\\\/2026\\\/08\\\/50-5.jpg\",\"contentUrl\":\"https:\\\/\\\/mznoticia.com.br\\\/jaguariaiva\\\/wp-content\\\/uploads\\\/2026\\\/08\\\/50-5.jpg\",\"width\":960,\"height\":592},{\"@type\":\"BreadcrumbList\",\"@id\":\"https:\\\/\\\/mznoticia.com.br\\\/jaguariaiva\\\/atleta-de-jiu-jitsu-sofre-grave-lesao-apos-golpe-proibido-durante-campeonato-em-londrina\\\/#breadcrumb\",\"itemListElement\":[{\"@type\":\"ListItem\",\"position\":1,\"name\":\"Home\",\"item\":\"https:\\\/\\\/mznoticia.com.br\\\/jaguariaiva\\\/\"},{\"@type\":\"ListItem\",\"position\":2,\"name\":\"Atleta de jiu-jitsu sofre grave les\u00e3o ap\u00f3s golpe proibido durante campeonato em Londrina\"}]},{\"@type\":\"WebSite\",\"@id\":\"https:\\\/\\\/mznoticia.com.br\\\/jaguariaiva\\\/#website\",\"url\":\"https:\\\/\\\/mznoticia.com.br\\\/jaguariaiva\\\/\",\"name\":\"Mz Not\u00edcia\",\"description\":\"A informa\u00e7\u00e3o que voc\u00ea precisa na hora certa!\",\"publisher\":{\"@id\":\"https:\\\/\\\/mznoticia.com.br\\\/jaguariaiva\\\/#organization\"},\"potentialAction\":[{\"@type\":\"SearchAction\",\"target\":{\"@type\":\"EntryPoint\",\"urlTemplate\":\"https:\\\/\\\/mznoticia.com.br\\\/jaguariaiva\\\/?s={search_term_string}\"},\"query-input\":{\"@type\":\"PropertyValueSpecification\",\"valueRequired\":true,\"valueName\":\"search_term_string\"}}],\"inLanguage\":\"pt-BR\"},{\"@type\":\"Organization\",\"@id\":\"https:\\\/\\\/mznoticia.com.br\\\/jaguariaiva\\\/#organization\",\"name\":\"Mz Not\u00edcia\",\"url\":\"https:\\\/\\\/mznoticia.com.br\\\/jaguariaiva\\\/\",\"logo\":{\"@type\":\"ImageObject\",\"inLanguage\":\"pt-BR\",\"@id\":\"https:\\\/\\\/mznoticia.com.br\\\/jaguariaiva\\\/#\\\/schema\\\/logo\\\/image\\\/\",\"url\":\"https:\\\/\\\/mznoticia.com.br\\\/jaguariaiva\\\/wp-content\\\/uploads\\\/2025\\\/03\\\/Design-sem-nome-4-e1741200616392.png\",\"contentUrl\":\"https:\\\/\\\/mznoticia.com.br\\\/jaguariaiva\\\/wp-content\\\/uploads\\\/2025\\\/03\\\/Design-sem-nome-4-e1741200616392.png\",\"width\":750,\"height\":563,\"caption\":\"Mz Not\u00edcia\"},\"image\":{\"@id\":\"https:\\\/\\\/mznoticia.com.br\\\/jaguariaiva\\\/#\\\/schema\\\/logo\\\/image\\\/\"},\"sameAs\":[\"https:\\\/\\\/www.facebook.com\\\/profile.php?id=61573479951222\",\"https:\\\/\\\/www.instagram.com\\\/mz.jaguariaiva\\\/\"]},{\"@type\":\"Person\",\"@id\":\"https:\\\/\\\/mznoticia.com.br\\\/jaguariaiva\\\/#\\\/schema\\\/person\\\/84012d827247b3f42f37b550da79cd03\",\"name\":\"Redacao mz\",\"image\":{\"@type\":\"ImageObject\",\"inLanguage\":\"pt-BR\",\"@id\":\"https:\\\/\\\/mznoticia.com.br\\\/jaguariaiva\\\/wp-content\\\/uploads\\\/2025\\\/02\\\/mznoticia_jaguariaiva_coluna-150x150.png\",\"url\":\"https:\\\/\\\/mznoticia.com.br\\\/jaguariaiva\\\/wp-content\\\/uploads\\\/2025\\\/02\\\/mznoticia_jaguariaiva_coluna-150x150.png\",\"contentUrl\":\"https:\\\/\\\/mznoticia.com.br\\\/jaguariaiva\\\/wp-content\\\/uploads\\\/2025\\\/02\\\/mznoticia_jaguariaiva_coluna-150x150.png\",\"caption\":\"Redacao mz\"},\"sameAs\":[\"http:\\\/\\\/mznoticia.com.br\"],\"url\":\"https:\\\/\\\/mznoticia.com.br\\\/jaguariaiva\\\/author\\\/lucimara\\\/\"}]}<\/script>\n<!-- \/ Yoast SEO plugin. -->","yoast_head_json":{"title":"Atleta de jiu-jitsu sofre grave les\u00e3o ap\u00f3s golpe proibido durante campeonato em Londrina - Mz Not\u00edcias","description":"Atleta de jiu-jitsu sofre grave les\u00e3o cervical ap\u00f3s golpe proibido durante campeonato em Londrina. Minist\u00e9rio P\u00fablico pede investiga\u00e7\u00e3o.","robots":{"index":"index","follow":"follow","max-snippet":"max-snippet:-1","max-image-preview":"max-image-preview:large","max-video-preview":"max-video-preview:-1"},"canonical":"https:\/\/mznoticia.com.br\/jaguariaiva\/atleta-de-jiu-jitsu-sofre-grave-lesao-apos-golpe-proibido-durante-campeonato-em-londrina\/","og_locale":"pt_BR","og_type":"article","og_title":"Atleta de jiu-jitsu sofre grave les\u00e3o ap\u00f3s golpe proibido durante campeonato em Londrina - Mz Not\u00edcias","og_description":"Atleta de jiu-jitsu sofre grave les\u00e3o cervical ap\u00f3s golpe proibido durante campeonato em Londrina. Minist\u00e9rio P\u00fablico pede investiga\u00e7\u00e3o.","og_url":"https:\/\/mznoticia.com.br\/jaguariaiva\/atleta-de-jiu-jitsu-sofre-grave-lesao-apos-golpe-proibido-durante-campeonato-em-londrina\/","og_site_name":"Mz Not\u00edcias","article_publisher":"https:\/\/www.facebook.com\/profile.php?id=61573479951222","article_published_time":"2026-08-26T17:20:57+00:00","og_image":[{"width":960,"height":592,"url":"https:\/\/mznoticia.com.br\/jaguariaiva\/wp-content\/uploads\/2026\/08\/50-5.jpg","type":"image\/jpeg"}],"author":"Redacao mz","twitter_card":"summary_large_image","twitter_misc":{"Escrito por":"Redacao mz","Est. tempo de leitura":"2 minutos"},"schema":{"@context":"https:\/\/schema.org","@graph":[{"@type":"Article","@id":"https:\/\/mznoticia.com.br\/jaguariaiva\/atleta-de-jiu-jitsu-sofre-grave-lesao-apos-golpe-proibido-durante-campeonato-em-londrina\/#article","isPartOf":{"@id":"https:\/\/mznoticia.com.br\/jaguariaiva\/atleta-de-jiu-jitsu-sofre-grave-lesao-apos-golpe-proibido-durante-campeonato-em-londrina\/"},"author":{"name":"Redacao mz","@id":"https:\/\/mznoticia.com.br\/jaguariaiva\/#\/schema\/person\/84012d827247b3f42f37b550da79cd03"},"headline":"Atleta de jiu-jitsu sofre grave les\u00e3o ap\u00f3s golpe proibido durante campeonato em Londrina","datePublished":"2026-08-26T17:20:57+00:00","mainEntityOfPage":{"@id":"https:\/\/mznoticia.com.br\/jaguariaiva\/atleta-de-jiu-jitsu-sofre-grave-lesao-apos-golpe-proibido-durante-campeonato-em-londrina\/"},"wordCount":416,"commentCount":0,"publisher":{"@id":"https:\/\/mznoticia.com.br\/jaguariaiva\/#organization"},"image":{"@id":"https:\/\/mznoticia.com.br\/jaguariaiva\/atleta-de-jiu-jitsu-sofre-grave-lesao-apos-golpe-proibido-durante-campeonato-em-londrina\/#primaryimage"},"thumbnailUrl":"https:\/\/mznoticia.com.br\/jaguariaiva\/wp-content\/uploads\/2026\/08\/50-5.jpg","keywords":["atleta","bate-estaca","Esporte","golpe proibido","Investiga\u00e7\u00e3o","jiu-jitsu","les\u00e3o cervical","Londrina","Minist\u00e9rio P\u00fablico","Moring\u00e3o","MZ Not\u00edcias.","parana","Pol\u00edcia Civil","Seguran\u00e7a","Super Pro Jiu-Jitsu 2026"],"articleSection":["Esportes"],"inLanguage":"pt-BR","potentialAction":[{"@type":"CommentAction","name":"Comment","target":["https:\/\/mznoticia.com.br\/jaguariaiva\/atleta-de-jiu-jitsu-sofre-grave-lesao-apos-golpe-proibido-durante-campeonato-em-londrina\/#respond"]}]},{"@type":"WebPage","@id":"https:\/\/mznoticia.com.br\/jaguariaiva\/atleta-de-jiu-jitsu-sofre-grave-lesao-apos-golpe-proibido-durante-campeonato-em-londrina\/","url":"https:\/\/mznoticia.com.br\/jaguariaiva\/atleta-de-jiu-jitsu-sofre-grave-lesao-apos-golpe-proibido-durante-campeonato-em-londrina\/","name":"Atleta de jiu-jitsu sofre grave les\u00e3o ap\u00f3s golpe proibido durante campeonato em Londrina - Mz Not\u00edcias","isPartOf":{"@id":"https:\/\/mznoticia.com.br\/jaguariaiva\/#website"},"primaryImageOfPage":{"@id":"https:\/\/mznoticia.com.br\/jaguariaiva\/atleta-de-jiu-jitsu-sofre-grave-lesao-apos-golpe-proibido-durante-campeonato-em-londrina\/#primaryimage"},"image":{"@id":"https:\/\/mznoticia.com.br\/jaguariaiva\/atleta-de-jiu-jitsu-sofre-grave-lesao-apos-golpe-proibido-durante-campeonato-em-londrina\/#primaryimage"},"thumbnailUrl":"https:\/\/mznoticia.com.br\/jaguariaiva\/wp-content\/uploads\/2026\/08\/50-5.jpg","datePublished":"2026-08-26T17:20:57+00:00","description":"Atleta de jiu-jitsu sofre grave les\u00e3o cervical ap\u00f3s golpe proibido durante campeonato em Londrina. Minist\u00e9rio P\u00fablico pede investiga\u00e7\u00e3o.","breadcrumb":{"@id":"https:\/\/mznoticia.com.br\/jaguariaiva\/atleta-de-jiu-jitsu-sofre-grave-lesao-apos-golpe-proibido-durante-campeonato-em-londrina\/#breadcrumb"},"inLanguage":"pt-BR","potentialAction":[{"@type":"ReadAction","target":["https:\/\/mznoticia.com.br\/jaguariaiva\/atleta-de-jiu-jitsu-sofre-grave-lesao-apos-golpe-proibido-durante-campeonato-em-londrina\/"]}]},{"@type":"ImageObject","inLanguage":"pt-BR","@id":"https:\/\/mznoticia.com.br\/jaguariaiva\/atleta-de-jiu-jitsu-sofre-grave-lesao-apos-golpe-proibido-durante-campeonato-em-londrina\/#primaryimage","url":"https:\/\/mznoticia.com.br\/jaguariaiva\/wp-content\/uploads\/2026\/08\/50-5.jpg","contentUrl":"https:\/\/mznoticia.com.br\/jaguariaiva\/wp-content\/uploads\/2026\/08\/50-5.jpg","width":960,"height":592},{"@type":"BreadcrumbList","@id":"https:\/\/mznoticia.com.br\/jaguariaiva\/atleta-de-jiu-jitsu-sofre-grave-lesao-apos-golpe-proibido-durante-campeonato-em-londrina\/#breadcrumb","itemListElement":[{"@type":"ListItem","position":1,"name":"Home","item":"https:\/\/mznoticia.com.br\/jaguariaiva\/"},{"@type":"ListItem","position":2,"name":"Atleta de jiu-jitsu sofre grave les\u00e3o ap\u00f3s golpe proibido durante campeonato em Londrina"}]},{"@type":"WebSite","@id":"https:\/\/mznoticia.com.br\/jaguariaiva\/#website","url":"https:\/\/mznoticia.com.br\/jaguariaiva\/","name":"Mz Not\u00edcia","description":"A informa\u00e7\u00e3o que voc\u00ea precisa na hora certa!","publisher":{"@id":"https:\/\/mznoticia.com.br\/jaguariaiva\/#organization"},"potentialAction":[{"@type":"SearchAction","target":{"@type":"EntryPoint","urlTemplate":"https:\/\/mznoticia.com.br\/jaguariaiva\/?s={search_term_string}"},"query-input":{"@type":"PropertyValueSpecification","valueRequired":true,"valueName":"search_term_string"}}],"inLanguage":"pt-BR"},{"@type":"Organization","@id":"https:\/\/mznoticia.com.br\/jaguariaiva\/#organization","name":"Mz Not\u00edcia","url":"https:\/\/mznoticia.com.br\/jaguariaiva\/","logo":{"@type":"ImageObject","inLanguage":"pt-BR","@id":"https:\/\/mznoticia.com.br\/jaguariaiva\/#\/schema\/logo\/image\/","url":"https:\/\/mznoticia.com.br\/jaguariaiva\/wp-content\/uploads\/2025\/03\/Design-sem-nome-4-e1741200616392.png","contentUrl":"https:\/\/mznoticia.com.br\/jaguariaiva\/wp-content\/uploads\/2025\/03\/Design-sem-nome-4-e1741200616392.png","width":750,"height":563,"caption":"Mz Not\u00edcia"},"image":{"@id":"https:\/\/mznoticia.com.br\/jaguariaiva\/#\/schema\/logo\/image\/"},"sameAs":["https:\/\/www.facebook.com\/profile.php?id=61573479951222","https:\/\/www.instagram.com\/mz.jaguariaiva\/"]},{"@type":"Person","@id":"https:\/\/mznoticia.com.br\/jaguariaiva\/#\/schema\/person\/84012d827247b3f42f37b550da79cd03","name":"Redacao mz","image":{"@type":"ImageObject","inLanguage":"pt-BR","@id":"https:\/\/mznoticia.com.br\/jaguariaiva\/wp-content\/uploads\/2025\/02\/mznoticia_jaguariaiva_coluna-150x150.png","url":"https:\/\/mznoticia.com.br\/jaguariaiva\/wp-content\/uploads\/2025\/02\/mznoticia_jaguariaiva_coluna-150x150.png","contentUrl":"https:\/\/mznoticia.com.br\/jaguariaiva\/wp-content\/uploads\/2025\/02\/mznoticia_jaguariaiva_coluna-150x150.png","caption":"Redacao mz"},"sameAs":["http:\/\/mznoticia.com.br"],"url":"https:\/\/mznoticia.com.br\/jaguariaiva\/author\/lucimara\/"}]}},"_links":{"self":[{"href":"https:\/\/mznoticia.com.br\/jaguariaiva\/wp-json\/wp\/v2\/posts\/7106","targetHints":{"allow":["GET"]}}],"collection":[{"href":"https:\/\/mznoticia.com.br\/jaguariaiva\/wp-json\/wp\/v2\/posts"}],"about":[{"href":"https:\/\/mznoticia.com.br\/jaguariaiva\/wp-json\/wp\/v2\/types\/post"}],"author":[{"embeddable":true,"href":"https:\/\/mznoticia.com.br\/jaguariaiva\/wp-json\/wp\/v2\/users\/16"}],"replies":[{"embeddable":true,"href":"https:\/\/mznoticia.com.br\/jaguariaiva\/wp-json\/wp\/v2\/comments?post=7106"}],"version-history":[{"count":1,"href":"https:\/\/mznoticia.com.br\/jaguariaiva\/wp-json\/wp\/v2\/posts\/7106\/revisions"}],"predecessor-version":[{"id":7108,"href":"https:\/\/mznoticia.com.br\/jaguariaiva\/wp-json\/wp\/v2\/posts\/7106\/revisions\/7108"}],"wp:featuredmedia":[{"embeddable":true,"href":"https:\/\/mznoticia.com.br\/jaguariaiva\/wp-json\/wp\/v2\/media\/7107"}],"wp:attachment":[{"href":"https:\/\/mznoticia.com.br\/jaguariaiva\/wp-json\/wp\/v2\/media?parent=7106"}],"wp:term":[{"taxonomy":"category","embeddable":true,"href":"https:\/\/mznoticia.com.br\/jaguariaiva\/wp-json\/wp\/v2\/categories?post=7106"},{"taxonomy":"post_tag","embeddable":true,"href":"https:\/\/mznoticia.com.br\/jaguariaiva\/wp-json\/wp\/v2\/tags?post=7106"}],"curies":[{"name":"wp","href":"https:\/\/api.w.org\/{rel}","templated":true}]}}