{"id":7109,"date":"2026-08-26T17:35:53","date_gmt":"2026-08-26T17:35:53","guid":{"rendered":"https:\/\/mznoticia.com.br\/jaguariaiva\/?p=7109"},"modified":"2026-08-26T17:35:53","modified_gmt":"2026-08-26T17:35:53","slug":"homem-condenado-por-matar-e-estuprar-a-propria-mae-e-encontrado-decapitado-em-rio-no-parana","status":"publish","type":"post","link":"https:\/\/mznoticia.com.br\/jaguariaiva\/homem-condenado-por-matar-e-estuprar-a-propria-mae-e-encontrado-decapitado-em-rio-no-parana\/","title":{"rendered":"Homem condenado por matar e estuprar a pr\u00f3pria m\u00e3e \u00e9 encontrado decapitado em rio no Paran\u00e1"},"content":{"rendered":"<h1 class=\"PDq2pG_selectionAnchorContainer\" data-section-id=\"szvm5p\" data-start=\"0\" data-end=\"78\">Homem \u00e9 encontrado decapitado e com m\u00e3os amarradas no Rio Tibagi, em Ibipor\u00e3<\/h1>\n<h2 class=\"\" data-section-id=\"6qu67y\" data-start=\"80\" data-end=\"262\">Claudio Claudemir Teixeira, de 57 anos, estava desaparecido desde s\u00e1bado (22); Pol\u00edcia Civil investiga homic\u00eddio e poss\u00edvel rela\u00e7\u00e3o com crime cometido contra a pr\u00f3pria m\u00e3e em 2018<\/h2>\n<p data-start=\"264\" data-end=\"437\">O corpo de Claudio Claudemir Teixeira, de 57 anos, foi encontrado decapitado e com as m\u00e3os amarradas no Rio Tibagi, em uma \u00e1rea rural de Ibipor\u00e3, no Norte do Paran\u00e1.<\/p>\n<p data-start=\"439\" data-end=\"701\">Claudio estava desaparecido desde s\u00e1bado (22), quando familiares registraram o desaparecimento em Sertan\u00f3polis. O corpo foi localizado na tarde de ter\u00e7a-feira (25), na regi\u00e3o conhecida como \u00c1gua dos C\u00e1gados, durante buscas realizadas pelo Corpo de Bombeiros.<\/p>\n<h2 data-section-id=\"te8wp1\" data-start=\"703\" data-end=\"743\">Corpo apresentava sinais de viol\u00eancia<\/h2>\n<p data-start=\"745\" data-end=\"937\">Segundo a Pol\u00edcia Civil do Paran\u00e1 (PCPR), o corpo estava submerso e preso \u00e0 vegeta\u00e7\u00e3o. Os investigadores constataram que as m\u00e3os da v\u00edtima estavam amarradas e que a cabe\u00e7a havia sido retirada.<\/p>\n<p data-start=\"939\" data-end=\"1059\">Diante dos sinais de viol\u00eancia, a Pol\u00edcia Civil abriu investiga\u00e7\u00e3o por homic\u00eddio qualificado e oculta\u00e7\u00e3o de cad\u00e1ver.<\/p>\n<p data-start=\"1061\" data-end=\"1245\">Equipes da Pol\u00edcia Cient\u00edfica e do Instituto M\u00e9dico-Legal (IML) tamb\u00e9m foram acionadas para realizar os procedimentos periciais e auxiliar na identifica\u00e7\u00e3o das circunst\u00e2ncias da morte.<\/p>\n<h2 data-section-id=\"14kmqny\" data-start=\"1247\" data-end=\"1314\">Pol\u00edcia investiga poss\u00edvel motiva\u00e7\u00e3o ligada ao passado da v\u00edtima<\/h2>\n<p data-start=\"1316\" data-end=\"1470\">Uma das linhas de investiga\u00e7\u00e3o considera a possibilidade de que o homic\u00eddio tenha rela\u00e7\u00e3o com um crime cometido por Claudio contra a pr\u00f3pria m\u00e3e, em 2018.<\/p>\n<p data-start=\"1472\" data-end=\"1698\">Em 30 de janeiro de 2018, ele matou a m\u00e3e, Maria Silva Teixeira, no Jardim Municipal, em Ibipor\u00e3. Segundo informa\u00e7\u00f5es apresentadas durante a investiga\u00e7\u00e3o daquele caso, Claudio tamb\u00e9m praticou viol\u00eancia sexual contra a m\u00e3e.<\/p>\n<p data-start=\"1700\" data-end=\"1815\">Na \u00e9poca, ele recebeu diagn\u00f3stico de esquizofrenia, circunst\u00e2ncia que influenciou a pena aplicada pela Justi\u00e7a.<\/p>\n<p data-start=\"1817\" data-end=\"2022\">Claudio foi preso em 11 de fevereiro de 2018 e permaneceu detido por pouco mais de sete anos. Ele foi colocado em liberdade em 16 de junho de 2025, ap\u00f3s a pena ser reduzida em raz\u00e3o do diagn\u00f3stico.<\/p>\n<h2 data-section-id=\"zgmwh8\" data-start=\"2024\" data-end=\"2091\">Investigadores procuram pessoas que tiveram contato com a v\u00edtima<\/h2>\n<p data-start=\"2093\" data-end=\"2265\">Ap\u00f3s a localiza\u00e7\u00e3o do corpo, a Pol\u00edcia Civil iniciou dilig\u00eancias para reconstruir os \u00faltimos momentos de Claudio e identificar quem esteve com ele antes do desaparecimento.<\/p>\n<p data-start=\"2267\" data-end=\"2509\">Uma pessoa que morava com a v\u00edtima foi levada \u00e0 delegacia para prestar esclarecimentos. Conforme a investiga\u00e7\u00e3o, n\u00e3o foram encontrados elementos que apontassem a participa\u00e7\u00e3o dessa pessoa no homic\u00eddio. Ap\u00f3s o depoimento, ela foi liberada.<\/p>\n<p data-start=\"2511\" data-end=\"2610\">A pol\u00edcia tamb\u00e9m busca outras pessoas que tiveram contato com Claudio nos dias anteriores ao crime.<\/p>\n<h2 data-section-id=\"1dp3zp3\" data-start=\"2612\" data-end=\"2636\">Investiga\u00e7\u00e3o continua<\/h2>\n<p data-start=\"2638\" data-end=\"2763\">A Pol\u00edcia Civil mant\u00e9m em sigilo informa\u00e7\u00f5es sobre a autoria e a din\u00e2mica do homic\u00eddio para n\u00e3o comprometer as investiga\u00e7\u00f5es.<\/p>\n<p data-start=\"2765\" data-end=\"2882\">Os trabalhos devem buscar esclarecer quem matou Claudio, como o crime foi cometido e qual teria sido a motiva\u00e7\u00e3o.<\/p>\n<p data-start=\"2884\" data-end=\"2969\">A per\u00edcia tamb\u00e9m dever\u00e1 contribuir para determinar as circunst\u00e2ncias exatas da morte.<\/p>\n","protected":false},"excerpt":{"rendered":"<p>Homem \u00e9 encontrado decapitado e com m\u00e3os amarradas no Rio Tibagi, em Ibipor\u00e3 Claudio Claudemir Teixeira, de 57 anos, estava desaparecido desde s\u00e1bado (22); Pol\u00edcia Civil investiga homic\u00eddio e poss\u00edvel rela\u00e7\u00e3o com crime cometido contra a pr\u00f3pria m\u00e3e em 2018 O corpo de Claudio Claudemir Teixeira, de 57 anos, foi encontrado decapitado e com as [&hellip;]<\/p>\n","protected":false},"author":16,"featured_media":7110,"comment_status":"open","ping_status":"open","sticky":false,"template":"","format":"standard","meta":{"footnotes":""},"categories":[4],"tags":[1695,1179,857,173,394,1449,317,399,946,77,647,515,2782,398],"class_list":["post-7109","post","type-post","status-publish","format-standard","has-post-thumbnail","hentry","category-policial","tag-corpo-encontrado","tag-crime","tag-desaparecimento","tag-homicidio","tag-ibipora","tag-iml","tag-investigacao","tag-mz-noticias","tag-norte-do-parana","tag-parana","tag-policia-cientifica","tag-policia-civil","tag-rio-tibagi","tag-seguranca"],"yoast_head":"<!-- This site is optimized with the Yoast SEO plugin v28.1 - https:\/\/yoast.com\/product\/yoast-seo-wordpress\/ -->\n<title>Homem condenado por matar e estuprar a pr\u00f3pria m\u00e3e \u00e9 encontrado decapitado em rio no Paran\u00e1 - Mz Not\u00edcias<\/title>\n<meta name=\"description\" content=\"Homem de 57 anos \u00e9 encontrado decapitado e com m\u00e3os amarradas no Rio Tibagi, em Ibipor\u00e3. Pol\u00edcia Civil investiga homic\u00eddio.\" \/>\n<meta name=\"robots\" content=\"index, follow, max-snippet:-1, max-image-preview:large, max-video-preview:-1\" \/>\n<link rel=\"canonical\" href=\"https:\/\/mznoticia.com.br\/jaguariaiva\/homem-condenado-por-matar-e-estuprar-a-propria-mae-e-encontrado-decapitado-em-rio-no-parana\/\" \/>\n<meta property=\"og:locale\" content=\"pt_BR\" \/>\n<meta property=\"og:type\" content=\"article\" \/>\n<meta property=\"og:title\" content=\"Homem condenado por matar e estuprar a pr\u00f3pria m\u00e3e \u00e9 encontrado decapitado em rio no Paran\u00e1 - Mz Not\u00edcias\" \/>\n<meta property=\"og:description\" content=\"Homem de 57 anos \u00e9 encontrado decapitado e com m\u00e3os amarradas no Rio Tibagi, em Ibipor\u00e3. Pol\u00edcia Civil investiga homic\u00eddio.\" \/>\n<meta property=\"og:url\" content=\"https:\/\/mznoticia.com.br\/jaguariaiva\/homem-condenado-por-matar-e-estuprar-a-propria-mae-e-encontrado-decapitado-em-rio-no-parana\/\" \/>\n<meta property=\"og:site_name\" content=\"Mz Not\u00edcias\" \/>\n<meta property=\"article:publisher\" content=\"https:\/\/www.facebook.com\/profile.php?id=61573479951222\" \/>\n<meta property=\"article:published_time\" content=\"2026-08-26T17:35:53+00:00\" \/>\n<meta property=\"og:image\" content=\"https:\/\/mznoticia.com.br\/jaguariaiva\/wp-content\/uploads\/2026\/08\/50-6.jpg\" \/>\n\t<meta property=\"og:image:width\" content=\"960\" \/>\n\t<meta property=\"og:image:height\" content=\"592\" \/>\n\t<meta property=\"og:image:type\" content=\"image\/jpeg\" \/>\n<meta name=\"author\" content=\"Redacao mz\" \/>\n<meta name=\"twitter:card\" content=\"summary_large_image\" \/>\n<meta name=\"twitter:label1\" content=\"Escrito por\" \/>\n\t<meta name=\"twitter:data1\" content=\"Redacao mz\" \/>\n\t<meta name=\"twitter:label2\" content=\"Est. tempo de leitura\" \/>\n\t<meta name=\"twitter:data2\" content=\"3 minutos\" \/>\n<script type=\"application\/ld+json\" class=\"yoast-schema-graph\">{\"@context\":\"https:\\\/\\\/schema.org\",\"@graph\":[{\"@type\":\"Article\",\"@id\":\"https:\\\/\\\/mznoticia.com.br\\\/jaguariaiva\\\/homem-condenado-por-matar-e-estuprar-a-propria-mae-e-encontrado-decapitado-em-rio-no-parana\\\/#article\",\"isPartOf\":{\"@id\":\"https:\\\/\\\/mznoticia.com.br\\\/jaguariaiva\\\/homem-condenado-por-matar-e-estuprar-a-propria-mae-e-encontrado-decapitado-em-rio-no-parana\\\/\"},\"author\":{\"name\":\"Redacao mz\",\"@id\":\"https:\\\/\\\/mznoticia.com.br\\\/jaguariaiva\\\/#\\\/schema\\\/person\\\/84012d827247b3f42f37b550da79cd03\"},\"headline\":\"Homem condenado por matar e estuprar a pr\u00f3pria m\u00e3e \u00e9 encontrado decapitado em rio no Paran\u00e1\",\"datePublished\":\"2026-08-26T17:35:53+00:00\",\"mainEntityOfPage\":{\"@id\":\"https:\\\/\\\/mznoticia.com.br\\\/jaguariaiva\\\/homem-condenado-por-matar-e-estuprar-a-propria-mae-e-encontrado-decapitado-em-rio-no-parana\\\/\"},\"wordCount\":525,\"commentCount\":0,\"publisher\":{\"@id\":\"https:\\\/\\\/mznoticia.com.br\\\/jaguariaiva\\\/#organization\"},\"image\":{\"@id\":\"https:\\\/\\\/mznoticia.com.br\\\/jaguariaiva\\\/homem-condenado-por-matar-e-estuprar-a-propria-mae-e-encontrado-decapitado-em-rio-no-parana\\\/#primaryimage\"},\"thumbnailUrl\":\"https:\\\/\\\/mznoticia.com.br\\\/jaguariaiva\\\/wp-content\\\/uploads\\\/2026\\\/08\\\/50-6.jpg\",\"keywords\":[\"corpo encontrado\",\"Crime\",\"Desaparecimento\",\"homic\u00eddio\",\"Ibipor\u00e3\",\"IML\",\"Investiga\u00e7\u00e3o\",\"MZ Not\u00edcias.\",\"Norte do Paran\u00e1\",\"parana\",\"Pol\u00edcia Cient\u00edfica\",\"Pol\u00edcia Civil\",\"Rio Tibagi\",\"Seguran\u00e7a\"],\"articleSection\":[\"Policial\"],\"inLanguage\":\"pt-BR\",\"potentialAction\":[{\"@type\":\"CommentAction\",\"name\":\"Comment\",\"target\":[\"https:\\\/\\\/mznoticia.com.br\\\/jaguariaiva\\\/homem-condenado-por-matar-e-estuprar-a-propria-mae-e-encontrado-decapitado-em-rio-no-parana\\\/#respond\"]}]},{\"@type\":\"WebPage\",\"@id\":\"https:\\\/\\\/mznoticia.com.br\\\/jaguariaiva\\\/homem-condenado-por-matar-e-estuprar-a-propria-mae-e-encontrado-decapitado-em-rio-no-parana\\\/\",\"url\":\"https:\\\/\\\/mznoticia.com.br\\\/jaguariaiva\\\/homem-condenado-por-matar-e-estuprar-a-propria-mae-e-encontrado-decapitado-em-rio-no-parana\\\/\",\"name\":\"Homem condenado por matar e estuprar a pr\u00f3pria m\u00e3e \u00e9 encontrado decapitado em rio no Paran\u00e1 - Mz Not\u00edcias\",\"isPartOf\":{\"@id\":\"https:\\\/\\\/mznoticia.com.br\\\/jaguariaiva\\\/#website\"},\"primaryImageOfPage\":{\"@id\":\"https:\\\/\\\/mznoticia.com.br\\\/jaguariaiva\\\/homem-condenado-por-matar-e-estuprar-a-propria-mae-e-encontrado-decapitado-em-rio-no-parana\\\/#primaryimage\"},\"image\":{\"@id\":\"https:\\\/\\\/mznoticia.com.br\\\/jaguariaiva\\\/homem-condenado-por-matar-e-estuprar-a-propria-mae-e-encontrado-decapitado-em-rio-no-parana\\\/#primaryimage\"},\"thumbnailUrl\":\"https:\\\/\\\/mznoticia.com.br\\\/jaguariaiva\\\/wp-content\\\/uploads\\\/2026\\\/08\\\/50-6.jpg\",\"datePublished\":\"2026-08-26T17:35:53+00:00\",\"description\":\"Homem de 57 anos \u00e9 encontrado decapitado e com m\u00e3os amarradas no Rio Tibagi, em Ibipor\u00e3. Pol\u00edcia Civil investiga homic\u00eddio.\",\"breadcrumb\":{\"@id\":\"https:\\\/\\\/mznoticia.com.br\\\/jaguariaiva\\\/homem-condenado-por-matar-e-estuprar-a-propria-mae-e-encontrado-decapitado-em-rio-no-parana\\\/#breadcrumb\"},\"inLanguage\":\"pt-BR\",\"potentialAction\":[{\"@type\":\"ReadAction\",\"target\":[\"https:\\\/\\\/mznoticia.com.br\\\/jaguariaiva\\\/homem-condenado-por-matar-e-estuprar-a-propria-mae-e-encontrado-decapitado-em-rio-no-parana\\\/\"]}]},{\"@type\":\"ImageObject\",\"inLanguage\":\"pt-BR\",\"@id\":\"https:\\\/\\\/mznoticia.com.br\\\/jaguariaiva\\\/homem-condenado-por-matar-e-estuprar-a-propria-mae-e-encontrado-decapitado-em-rio-no-parana\\\/#primaryimage\",\"url\":\"https:\\\/\\\/mznoticia.com.br\\\/jaguariaiva\\\/wp-content\\\/uploads\\\/2026\\\/08\\\/50-6.jpg\",\"contentUrl\":\"https:\\\/\\\/mznoticia.com.br\\\/jaguariaiva\\\/wp-content\\\/uploads\\\/2026\\\/08\\\/50-6.jpg\",\"width\":960,\"height\":592},{\"@type\":\"BreadcrumbList\",\"@id\":\"https:\\\/\\\/mznoticia.com.br\\\/jaguariaiva\\\/homem-condenado-por-matar-e-estuprar-a-propria-mae-e-encontrado-decapitado-em-rio-no-parana\\\/#breadcrumb\",\"itemListElement\":[{\"@type\":\"ListItem\",\"position\":1,\"name\":\"Home\",\"item\":\"https:\\\/\\\/mznoticia.com.br\\\/jaguariaiva\\\/\"},{\"@type\":\"ListItem\",\"position\":2,\"name\":\"Homem condenado por matar e estuprar a pr\u00f3pria m\u00e3e \u00e9 encontrado decapitado em rio no Paran\u00e1\"}]},{\"@type\":\"WebSite\",\"@id\":\"https:\\\/\\\/mznoticia.com.br\\\/jaguariaiva\\\/#website\",\"url\":\"https:\\\/\\\/mznoticia.com.br\\\/jaguariaiva\\\/\",\"name\":\"Mz Not\u00edcia\",\"description\":\"A informa\u00e7\u00e3o que voc\u00ea precisa na hora certa!\",\"publisher\":{\"@id\":\"https:\\\/\\\/mznoticia.com.br\\\/jaguariaiva\\\/#organization\"},\"potentialAction\":[{\"@type\":\"SearchAction\",\"target\":{\"@type\":\"EntryPoint\",\"urlTemplate\":\"https:\\\/\\\/mznoticia.com.br\\\/jaguariaiva\\\/?s={search_term_string}\"},\"query-input\":{\"@type\":\"PropertyValueSpecification\",\"valueRequired\":true,\"valueName\":\"search_term_string\"}}],\"inLanguage\":\"pt-BR\"},{\"@type\":\"Organization\",\"@id\":\"https:\\\/\\\/mznoticia.com.br\\\/jaguariaiva\\\/#organization\",\"name\":\"Mz Not\u00edcia\",\"url\":\"https:\\\/\\\/mznoticia.com.br\\\/jaguariaiva\\\/\",\"logo\":{\"@type\":\"ImageObject\",\"inLanguage\":\"pt-BR\",\"@id\":\"https:\\\/\\\/mznoticia.com.br\\\/jaguariaiva\\\/#\\\/schema\\\/logo\\\/image\\\/\",\"url\":\"https:\\\/\\\/mznoticia.com.br\\\/jaguariaiva\\\/wp-content\\\/uploads\\\/2025\\\/03\\\/Design-sem-nome-4-e1741200616392.png\",\"contentUrl\":\"https:\\\/\\\/mznoticia.com.br\\\/jaguariaiva\\\/wp-content\\\/uploads\\\/2025\\\/03\\\/Design-sem-nome-4-e1741200616392.png\",\"width\":750,\"height\":563,\"caption\":\"Mz Not\u00edcia\"},\"image\":{\"@id\":\"https:\\\/\\\/mznoticia.com.br\\\/jaguariaiva\\\/#\\\/schema\\\/logo\\\/image\\\/\"},\"sameAs\":[\"https:\\\/\\\/www.facebook.com\\\/profile.php?id=61573479951222\",\"https:\\\/\\\/www.instagram.com\\\/mz.jaguariaiva\\\/\"]},{\"@type\":\"Person\",\"@id\":\"https:\\\/\\\/mznoticia.com.br\\\/jaguariaiva\\\/#\\\/schema\\\/person\\\/84012d827247b3f42f37b550da79cd03\",\"name\":\"Redacao mz\",\"image\":{\"@type\":\"ImageObject\",\"inLanguage\":\"pt-BR\",\"@id\":\"https:\\\/\\\/mznoticia.com.br\\\/jaguariaiva\\\/wp-content\\\/uploads\\\/2025\\\/02\\\/mznoticia_jaguariaiva_coluna-150x150.png\",\"url\":\"https:\\\/\\\/mznoticia.com.br\\\/jaguariaiva\\\/wp-content\\\/uploads\\\/2025\\\/02\\\/mznoticia_jaguariaiva_coluna-150x150.png\",\"contentUrl\":\"https:\\\/\\\/mznoticia.com.br\\\/jaguariaiva\\\/wp-content\\\/uploads\\\/2025\\\/02\\\/mznoticia_jaguariaiva_coluna-150x150.png\",\"caption\":\"Redacao mz\"},\"sameAs\":[\"http:\\\/\\\/mznoticia.com.br\"],\"url\":\"https:\\\/\\\/mznoticia.com.br\\\/jaguariaiva\\\/author\\\/lucimara\\\/\"}]}<\/script>\n<!-- \/ Yoast SEO plugin. -->","yoast_head_json":{"title":"Homem condenado por matar e estuprar a pr\u00f3pria m\u00e3e \u00e9 encontrado decapitado em rio no Paran\u00e1 - Mz Not\u00edcias","description":"Homem de 57 anos \u00e9 encontrado decapitado e com m\u00e3os amarradas no Rio Tibagi, em Ibipor\u00e3. Pol\u00edcia Civil investiga homic\u00eddio.","robots":{"index":"index","follow":"follow","max-snippet":"max-snippet:-1","max-image-preview":"max-image-preview:large","max-video-preview":"max-video-preview:-1"},"canonical":"https:\/\/mznoticia.com.br\/jaguariaiva\/homem-condenado-por-matar-e-estuprar-a-propria-mae-e-encontrado-decapitado-em-rio-no-parana\/","og_locale":"pt_BR","og_type":"article","og_title":"Homem condenado por matar e estuprar a pr\u00f3pria m\u00e3e \u00e9 encontrado decapitado em rio no Paran\u00e1 - Mz Not\u00edcias","og_description":"Homem de 57 anos \u00e9 encontrado decapitado e com m\u00e3os amarradas no Rio Tibagi, em Ibipor\u00e3. Pol\u00edcia Civil investiga homic\u00eddio.","og_url":"https:\/\/mznoticia.com.br\/jaguariaiva\/homem-condenado-por-matar-e-estuprar-a-propria-mae-e-encontrado-decapitado-em-rio-no-parana\/","og_site_name":"Mz Not\u00edcias","article_publisher":"https:\/\/www.facebook.com\/profile.php?id=61573479951222","article_published_time":"2026-08-26T17:35:53+00:00","og_image":[{"width":960,"height":592,"url":"https:\/\/mznoticia.com.br\/jaguariaiva\/wp-content\/uploads\/2026\/08\/50-6.jpg","type":"image\/jpeg"}],"author":"Redacao mz","twitter_card":"summary_large_image","twitter_misc":{"Escrito por":"Redacao mz","Est. tempo de leitura":"3 minutos"},"schema":{"@context":"https:\/\/schema.org","@graph":[{"@type":"Article","@id":"https:\/\/mznoticia.com.br\/jaguariaiva\/homem-condenado-por-matar-e-estuprar-a-propria-mae-e-encontrado-decapitado-em-rio-no-parana\/#article","isPartOf":{"@id":"https:\/\/mznoticia.com.br\/jaguariaiva\/homem-condenado-por-matar-e-estuprar-a-propria-mae-e-encontrado-decapitado-em-rio-no-parana\/"},"author":{"name":"Redacao mz","@id":"https:\/\/mznoticia.com.br\/jaguariaiva\/#\/schema\/person\/84012d827247b3f42f37b550da79cd03"},"headline":"Homem condenado por matar e estuprar a pr\u00f3pria m\u00e3e \u00e9 encontrado decapitado em rio no Paran\u00e1","datePublished":"2026-08-26T17:35:53+00:00","mainEntityOfPage":{"@id":"https:\/\/mznoticia.com.br\/jaguariaiva\/homem-condenado-por-matar-e-estuprar-a-propria-mae-e-encontrado-decapitado-em-rio-no-parana\/"},"wordCount":525,"commentCount":0,"publisher":{"@id":"https:\/\/mznoticia.com.br\/jaguariaiva\/#organization"},"image":{"@id":"https:\/\/mznoticia.com.br\/jaguariaiva\/homem-condenado-por-matar-e-estuprar-a-propria-mae-e-encontrado-decapitado-em-rio-no-parana\/#primaryimage"},"thumbnailUrl":"https:\/\/mznoticia.com.br\/jaguariaiva\/wp-content\/uploads\/2026\/08\/50-6.jpg","keywords":["corpo encontrado","Crime","Desaparecimento","homic\u00eddio","Ibipor\u00e3","IML","Investiga\u00e7\u00e3o","MZ Not\u00edcias.","Norte do Paran\u00e1","parana","Pol\u00edcia Cient\u00edfica","Pol\u00edcia Civil","Rio Tibagi","Seguran\u00e7a"],"articleSection":["Policial"],"inLanguage":"pt-BR","potentialAction":[{"@type":"CommentAction","name":"Comment","target":["https:\/\/mznoticia.com.br\/jaguariaiva\/homem-condenado-por-matar-e-estuprar-a-propria-mae-e-encontrado-decapitado-em-rio-no-parana\/#respond"]}]},{"@type":"WebPage","@id":"https:\/\/mznoticia.com.br\/jaguariaiva\/homem-condenado-por-matar-e-estuprar-a-propria-mae-e-encontrado-decapitado-em-rio-no-parana\/","url":"https:\/\/mznoticia.com.br\/jaguariaiva\/homem-condenado-por-matar-e-estuprar-a-propria-mae-e-encontrado-decapitado-em-rio-no-parana\/","name":"Homem condenado por matar e estuprar a pr\u00f3pria m\u00e3e \u00e9 encontrado decapitado em rio no Paran\u00e1 - Mz Not\u00edcias","isPartOf":{"@id":"https:\/\/mznoticia.com.br\/jaguariaiva\/#website"},"primaryImageOfPage":{"@id":"https:\/\/mznoticia.com.br\/jaguariaiva\/homem-condenado-por-matar-e-estuprar-a-propria-mae-e-encontrado-decapitado-em-rio-no-parana\/#primaryimage"},"image":{"@id":"https:\/\/mznoticia.com.br\/jaguariaiva\/homem-condenado-por-matar-e-estuprar-a-propria-mae-e-encontrado-decapitado-em-rio-no-parana\/#primaryimage"},"thumbnailUrl":"https:\/\/mznoticia.com.br\/jaguariaiva\/wp-content\/uploads\/2026\/08\/50-6.jpg","datePublished":"2026-08-26T17:35:53+00:00","description":"Homem de 57 anos \u00e9 encontrado decapitado e com m\u00e3os amarradas no Rio Tibagi, em Ibipor\u00e3. Pol\u00edcia Civil investiga homic\u00eddio.","breadcrumb":{"@id":"https:\/\/mznoticia.com.br\/jaguariaiva\/homem-condenado-por-matar-e-estuprar-a-propria-mae-e-encontrado-decapitado-em-rio-no-parana\/#breadcrumb"},"inLanguage":"pt-BR","potentialAction":[{"@type":"ReadAction","target":["https:\/\/mznoticia.com.br\/jaguariaiva\/homem-condenado-por-matar-e-estuprar-a-propria-mae-e-encontrado-decapitado-em-rio-no-parana\/"]}]},{"@type":"ImageObject","inLanguage":"pt-BR","@id":"https:\/\/mznoticia.com.br\/jaguariaiva\/homem-condenado-por-matar-e-estuprar-a-propria-mae-e-encontrado-decapitado-em-rio-no-parana\/#primaryimage","url":"https:\/\/mznoticia.com.br\/jaguariaiva\/wp-content\/uploads\/2026\/08\/50-6.jpg","contentUrl":"https:\/\/mznoticia.com.br\/jaguariaiva\/wp-content\/uploads\/2026\/08\/50-6.jpg","width":960,"height":592},{"@type":"BreadcrumbList","@id":"https:\/\/mznoticia.com.br\/jaguariaiva\/homem-condenado-por-matar-e-estuprar-a-propria-mae-e-encontrado-decapitado-em-rio-no-parana\/#breadcrumb","itemListElement":[{"@type":"ListItem","position":1,"name":"Home","item":"https:\/\/mznoticia.com.br\/jaguariaiva\/"},{"@type":"ListItem","position":2,"name":"Homem condenado por matar e estuprar a pr\u00f3pria m\u00e3e \u00e9 encontrado decapitado em rio no Paran\u00e1"}]},{"@type":"WebSite","@id":"https:\/\/mznoticia.com.br\/jaguariaiva\/#website","url":"https:\/\/mznoticia.com.br\/jaguariaiva\/","name":"Mz Not\u00edcia","description":"A informa\u00e7\u00e3o que voc\u00ea precisa na hora certa!","publisher":{"@id":"https:\/\/mznoticia.com.br\/jaguariaiva\/#organization"},"potentialAction":[{"@type":"SearchAction","target":{"@type":"EntryPoint","urlTemplate":"https:\/\/mznoticia.com.br\/jaguariaiva\/?s={search_term_string}"},"query-input":{"@type":"PropertyValueSpecification","valueRequired":true,"valueName":"search_term_string"}}],"inLanguage":"pt-BR"},{"@type":"Organization","@id":"https:\/\/mznoticia.com.br\/jaguariaiva\/#organization","name":"Mz Not\u00edcia","url":"https:\/\/mznoticia.com.br\/jaguariaiva\/","logo":{"@type":"ImageObject","inLanguage":"pt-BR","@id":"https:\/\/mznoticia.com.br\/jaguariaiva\/#\/schema\/logo\/image\/","url":"https:\/\/mznoticia.com.br\/jaguariaiva\/wp-content\/uploads\/2025\/03\/Design-sem-nome-4-e1741200616392.png","contentUrl":"https:\/\/mznoticia.com.br\/jaguariaiva\/wp-content\/uploads\/2025\/03\/Design-sem-nome-4-e1741200616392.png","width":750,"height":563,"caption":"Mz Not\u00edcia"},"image":{"@id":"https:\/\/mznoticia.com.br\/jaguariaiva\/#\/schema\/logo\/image\/"},"sameAs":["https:\/\/www.facebook.com\/profile.php?id=61573479951222","https:\/\/www.instagram.com\/mz.jaguariaiva\/"]},{"@type":"Person","@id":"https:\/\/mznoticia.com.br\/jaguariaiva\/#\/schema\/person\/84012d827247b3f42f37b550da79cd03","name":"Redacao mz","image":{"@type":"ImageObject","inLanguage":"pt-BR","@id":"https:\/\/mznoticia.com.br\/jaguariaiva\/wp-content\/uploads\/2025\/02\/mznoticia_jaguariaiva_coluna-150x150.png","url":"https:\/\/mznoticia.com.br\/jaguariaiva\/wp-content\/uploads\/2025\/02\/mznoticia_jaguariaiva_coluna-150x150.png","contentUrl":"https:\/\/mznoticia.com.br\/jaguariaiva\/wp-content\/uploads\/2025\/02\/mznoticia_jaguariaiva_coluna-150x150.png","caption":"Redacao mz"},"sameAs":["http:\/\/mznoticia.com.br"],"url":"https:\/\/mznoticia.com.br\/jaguariaiva\/author\/lucimara\/"}]}},"_links":{"self":[{"href":"https:\/\/mznoticia.com.br\/jaguariaiva\/wp-json\/wp\/v2\/posts\/7109","targetHints":{"allow":["GET"]}}],"collection":[{"href":"https:\/\/mznoticia.com.br\/jaguariaiva\/wp-json\/wp\/v2\/posts"}],"about":[{"href":"https:\/\/mznoticia.com.br\/jaguariaiva\/wp-json\/wp\/v2\/types\/post"}],"author":[{"embeddable":true,"href":"https:\/\/mznoticia.com.br\/jaguariaiva\/wp-json\/wp\/v2\/users\/16"}],"replies":[{"embeddable":true,"href":"https:\/\/mznoticia.com.br\/jaguariaiva\/wp-json\/wp\/v2\/comments?post=7109"}],"version-history":[{"count":1,"href":"https:\/\/mznoticia.com.br\/jaguariaiva\/wp-json\/wp\/v2\/posts\/7109\/revisions"}],"predecessor-version":[{"id":7111,"href":"https:\/\/mznoticia.com.br\/jaguariaiva\/wp-json\/wp\/v2\/posts\/7109\/revisions\/7111"}],"wp:featuredmedia":[{"embeddable":true,"href":"https:\/\/mznoticia.com.br\/jaguariaiva\/wp-json\/wp\/v2\/media\/7110"}],"wp:attachment":[{"href":"https:\/\/mznoticia.com.br\/jaguariaiva\/wp-json\/wp\/v2\/media?parent=7109"}],"wp:term":[{"taxonomy":"category","embeddable":true,"href":"https:\/\/mznoticia.com.br\/jaguariaiva\/wp-json\/wp\/v2\/categories?post=7109"},{"taxonomy":"post_tag","embeddable":true,"href":"https:\/\/mznoticia.com.br\/jaguariaiva\/wp-json\/wp\/v2\/tags?post=7109"}],"curies":[{"name":"wp","href":"https:\/\/api.w.org\/{rel}","templated":true}]}}