{"id":7112,"date":"2026-08-26T17:52:50","date_gmt":"2026-08-26T17:52:50","guid":{"rendered":"https:\/\/mznoticia.com.br\/jaguariaiva\/?p=7112"},"modified":"2026-08-26T17:52:50","modified_gmt":"2026-08-26T17:52:50","slug":"cao-policial-com-cancer-volta-ao-trabalho-apos-ficar-deprimido-durante-aposentadoria-no-parana","status":"publish","type":"post","link":"https:\/\/mznoticia.com.br\/jaguariaiva\/cao-policial-com-cancer-volta-ao-trabalho-apos-ficar-deprimido-durante-aposentadoria-no-parana\/","title":{"rendered":"C\u00e3o policial com c\u00e2ncer volta ao trabalho ap\u00f3s ficar deprimido durante aposentadoria no Paran\u00e1"},"content":{"rendered":"<h2 class=\"PDq2pG_selectionAnchorContainer\" data-section-id=\"1bygzio\" data-start=\"98\" data-end=\"221\">Raio, da Pol\u00edcia Civil, teve uma das patas amputadas durante o tratamento e retomou atividades em opera\u00e7\u00f5es mais simples<\/h2>\n<p data-start=\"223\" data-end=\"535\">O c\u00e3o farejador Raio, da Pol\u00edcia Civil do Paran\u00e1, voltou a participar de opera\u00e7\u00f5es cerca de um m\u00eas ap\u00f3s ser aposentado. O animal havia sido diagnosticado com um tipo agressivo de c\u00e2ncer \u00f3sseo, precisou amputar uma das patas e passou a apresentar sinais de depress\u00e3o durante o per\u00edodo afastado das atividades.<\/p>\n<p data-start=\"537\" data-end=\"798\">A aposentadoria de Raio foi antecipada em abril deste ano pelo N\u00facleo de Opera\u00e7\u00f5es com C\u00e3es (NOC), de Pato Branco, por causa do tratamento contra o osteossarcoma. Longe da rotina policial, por\u00e9m, o c\u00e3o ficou mais ap\u00e1tico, segundo a equipe que o acompanhava.<\/p>\n<p data-start=\"800\" data-end=\"1070\">Diante da situa\u00e7\u00e3o, os policiais decidiram adaptar o trabalho e permitir que Raio voltasse a participar de opera\u00e7\u00f5es de menor complexidade. Atualmente, ele atua em locais onde n\u00e3o precise subir escadas ou enfrentar obst\u00e1culos que possam colocar em risco a pata amputada.<\/p>\n<h3 data-section-id=\"1e9cp0q\" data-start=\"1072\" data-end=\"1132\">Mais de 600 pris\u00f5es e 12 toneladas de drogas apreendidas<\/h3>\n<p data-start=\"1134\" data-end=\"1256\">Durante os sete anos em que trabalhou na Pol\u00edcia Civil, Raio participou de opera\u00e7\u00f5es em mais de 200 cidades do Paran\u00e1.<\/p>\n<p data-start=\"1258\" data-end=\"1410\">Segundo a corpora\u00e7\u00e3o, o c\u00e3o esteve envolvido na apreens\u00e3o de mais de 12 toneladas de drogas e contribuiu para a pris\u00e3o de mais de 600 suspeitos.<\/p>\n<p data-start=\"1412\" data-end=\"1606\">Um dos casos de destaque ocorreu durante uma opera\u00e7\u00e3o em um \u00f4nibus, quando Raio ajudou a localizar cerca de 500 muni\u00e7\u00f5es de fuzil que, segundo a equipe, seriam levadas para o Rio de Janeiro.<\/p>\n<p data-start=\"1608\" data-end=\"1750\">O agente da Pol\u00edcia Judici\u00e1ria Juliano Riboli, tutor e parceiro de Raio nas opera\u00e7\u00f5es, destacou a import\u00e2ncia do animal para a corpora\u00e7\u00e3o.<\/p>\n<h3 data-section-id=\"cffb6d\" data-start=\"1752\" data-end=\"1801\">Raio tamb\u00e9m deve visitar pacientes com c\u00e2ncer<\/h3>\n<p data-start=\"1803\" data-end=\"1886\">Al\u00e9m do retorno \u00e0s atividades policiais, Raio passou a participar de a\u00e7\u00f5es sociais.<\/p>\n<p data-start=\"1888\" data-end=\"2060\">Recentemente, o c\u00e3o acompanhou uma palestra para estudantes de Direito. Nas pr\u00f3ximas semanas, a previs\u00e3o \u00e9 que ele visite um hospital especializado no tratamento de c\u00e2ncer.<\/p>\n<p data-start=\"2062\" data-end=\"2206\">A iniciativa pretende levar companhia e apoio a pacientes que enfrentam a doen\u00e7a, aproximando a experi\u00eancia de Raio da realidade dessas pessoas.<\/p>\n<p data-start=\"2208\" data-end=\"2354\" data-is-last-node=\"\" data-is-only-node=\"\">Mesmo com as limita\u00e7\u00f5es impostas pelo tratamento, o c\u00e3o segue contribuindo com a Pol\u00edcia Civil e mantendo parte da rotina que marcou sua carreira.<\/p>\n","protected":false},"excerpt":{"rendered":"<p>Raio, da Pol\u00edcia Civil, teve uma das patas amputadas durante o tratamento e retomou atividades em opera\u00e7\u00f5es mais simples O c\u00e3o farejador Raio, da Pol\u00edcia Civil do Paran\u00e1, voltou a participar de opera\u00e7\u00f5es cerca de um m\u00eas ap\u00f3s ser aposentado. O animal havia sido diagnosticado com um tipo agressivo de c\u00e2ncer \u00f3sseo, precisou amputar uma [&hellip;]<\/p>\n","protected":false},"author":16,"featured_media":7113,"comment_status":"open","ping_status":"open","sticky":false,"template":"","format":"standard","meta":{"footnotes":""},"categories":[328],"tags":[156,664,2784,2783,1898,2786,77,2785,265,515,1722,398],"class_list":["post-7112","post","type-post","status-publish","format-standard","has-post-thumbnail","hentry","category-parana","tag-animais","tag-cancer","tag-cao-farejador","tag-cao-policial","tag-noticias-do-parana","tag-osteossarcoma","tag-parana","tag-pato-branco","tag-policia","tag-policia-civil","tag-raio","tag-seguranca"],"yoast_head":"<!-- This site is optimized with the Yoast SEO plugin v28.1 - https:\/\/yoast.com\/product\/yoast-seo-wordpress\/ -->\n<title>C\u00e3o policial com c\u00e2ncer volta ao trabalho ap\u00f3s ficar deprimido durante aposentadoria no Paran\u00e1 - Mz Not\u00edcias<\/title>\n<meta name=\"description\" content=\"C\u00e3o policial Raio, diagnosticado com c\u00e2ncer e ap\u00f3s amputar uma pata, volta ao trabalho no Paran\u00e1 depois de apresentar sinais de depress\u00e3o.\" \/>\n<meta name=\"robots\" content=\"index, follow, max-snippet:-1, max-image-preview:large, max-video-preview:-1\" \/>\n<link rel=\"canonical\" href=\"https:\/\/mznoticia.com.br\/jaguariaiva\/cao-policial-com-cancer-volta-ao-trabalho-apos-ficar-deprimido-durante-aposentadoria-no-parana\/\" \/>\n<meta property=\"og:locale\" content=\"pt_BR\" \/>\n<meta property=\"og:type\" content=\"article\" \/>\n<meta property=\"og:title\" content=\"C\u00e3o policial com c\u00e2ncer volta ao trabalho ap\u00f3s ficar deprimido durante aposentadoria no Paran\u00e1 - Mz Not\u00edcias\" \/>\n<meta property=\"og:description\" content=\"C\u00e3o policial Raio, diagnosticado com c\u00e2ncer e ap\u00f3s amputar uma pata, volta ao trabalho no Paran\u00e1 depois de apresentar sinais de depress\u00e3o.\" \/>\n<meta property=\"og:url\" content=\"https:\/\/mznoticia.com.br\/jaguariaiva\/cao-policial-com-cancer-volta-ao-trabalho-apos-ficar-deprimido-durante-aposentadoria-no-parana\/\" \/>\n<meta property=\"og:site_name\" content=\"Mz Not\u00edcias\" \/>\n<meta property=\"article:publisher\" content=\"https:\/\/www.facebook.com\/profile.php?id=61573479951222\" \/>\n<meta property=\"article:published_time\" content=\"2026-08-26T17:52:50+00:00\" \/>\n<meta name=\"author\" content=\"Redacao mz\" \/>\n<meta name=\"twitter:card\" content=\"summary_large_image\" \/>\n<meta name=\"twitter:label1\" content=\"Escrito por\" \/>\n\t<meta name=\"twitter:data1\" content=\"Redacao mz\" \/>\n\t<meta name=\"twitter:label2\" content=\"Est. tempo de leitura\" \/>\n\t<meta name=\"twitter:data2\" content=\"3 minutos\" \/>\n<script type=\"application\/ld+json\" class=\"yoast-schema-graph\">{\"@context\":\"https:\\\/\\\/schema.org\",\"@graph\":[{\"@type\":\"Article\",\"@id\":\"https:\\\/\\\/mznoticia.com.br\\\/jaguariaiva\\\/cao-policial-com-cancer-volta-ao-trabalho-apos-ficar-deprimido-durante-aposentadoria-no-parana\\\/#article\",\"isPartOf\":{\"@id\":\"https:\\\/\\\/mznoticia.com.br\\\/jaguariaiva\\\/cao-policial-com-cancer-volta-ao-trabalho-apos-ficar-deprimido-durante-aposentadoria-no-parana\\\/\"},\"author\":{\"name\":\"Redacao mz\",\"@id\":\"https:\\\/\\\/mznoticia.com.br\\\/jaguariaiva\\\/#\\\/schema\\\/person\\\/84012d827247b3f42f37b550da79cd03\"},\"headline\":\"C\u00e3o policial com c\u00e2ncer volta ao trabalho ap\u00f3s ficar deprimido durante aposentadoria no Paran\u00e1\",\"datePublished\":\"2026-08-26T17:52:50+00:00\",\"mainEntityOfPage\":{\"@id\":\"https:\\\/\\\/mznoticia.com.br\\\/jaguariaiva\\\/cao-policial-com-cancer-volta-ao-trabalho-apos-ficar-deprimido-durante-aposentadoria-no-parana\\\/\"},\"wordCount\":417,\"commentCount\":0,\"publisher\":{\"@id\":\"https:\\\/\\\/mznoticia.com.br\\\/jaguariaiva\\\/#organization\"},\"image\":{\"@id\":\"https:\\\/\\\/mznoticia.com.br\\\/jaguariaiva\\\/cao-policial-com-cancer-volta-ao-trabalho-apos-ficar-deprimido-durante-aposentadoria-no-parana\\\/#primaryimage\"},\"thumbnailUrl\":\"https:\\\/\\\/mznoticia.com.br\\\/jaguariaiva\\\/wp-content\\\/uploads\\\/2026\\\/08\\\/50-6.avif\",\"keywords\":[\"animais\",\"C\u00e2ncer\",\"C\u00e3o Farejador\",\"C\u00e3o Policial\",\"Not\u00edcias do Paran\u00e1\",\"Osteossarcoma\",\"parana\",\"Pato Branco\",\"POLICIA\",\"Pol\u00edcia Civil\",\"Raio\",\"Seguran\u00e7a\"],\"articleSection\":[\"Paran\u00e1\"],\"inLanguage\":\"pt-BR\",\"potentialAction\":[{\"@type\":\"CommentAction\",\"name\":\"Comment\",\"target\":[\"https:\\\/\\\/mznoticia.com.br\\\/jaguariaiva\\\/cao-policial-com-cancer-volta-ao-trabalho-apos-ficar-deprimido-durante-aposentadoria-no-parana\\\/#respond\"]}]},{\"@type\":\"WebPage\",\"@id\":\"https:\\\/\\\/mznoticia.com.br\\\/jaguariaiva\\\/cao-policial-com-cancer-volta-ao-trabalho-apos-ficar-deprimido-durante-aposentadoria-no-parana\\\/\",\"url\":\"https:\\\/\\\/mznoticia.com.br\\\/jaguariaiva\\\/cao-policial-com-cancer-volta-ao-trabalho-apos-ficar-deprimido-durante-aposentadoria-no-parana\\\/\",\"name\":\"C\u00e3o policial com c\u00e2ncer volta ao trabalho ap\u00f3s ficar deprimido durante aposentadoria no Paran\u00e1 - Mz Not\u00edcias\",\"isPartOf\":{\"@id\":\"https:\\\/\\\/mznoticia.com.br\\\/jaguariaiva\\\/#website\"},\"primaryImageOfPage\":{\"@id\":\"https:\\\/\\\/mznoticia.com.br\\\/jaguariaiva\\\/cao-policial-com-cancer-volta-ao-trabalho-apos-ficar-deprimido-durante-aposentadoria-no-parana\\\/#primaryimage\"},\"image\":{\"@id\":\"https:\\\/\\\/mznoticia.com.br\\\/jaguariaiva\\\/cao-policial-com-cancer-volta-ao-trabalho-apos-ficar-deprimido-durante-aposentadoria-no-parana\\\/#primaryimage\"},\"thumbnailUrl\":\"https:\\\/\\\/mznoticia.com.br\\\/jaguariaiva\\\/wp-content\\\/uploads\\\/2026\\\/08\\\/50-6.avif\",\"datePublished\":\"2026-08-26T17:52:50+00:00\",\"description\":\"C\u00e3o policial Raio, diagnosticado com c\u00e2ncer e ap\u00f3s amputar uma pata, volta ao trabalho no Paran\u00e1 depois de apresentar sinais de depress\u00e3o.\",\"breadcrumb\":{\"@id\":\"https:\\\/\\\/mznoticia.com.br\\\/jaguariaiva\\\/cao-policial-com-cancer-volta-ao-trabalho-apos-ficar-deprimido-durante-aposentadoria-no-parana\\\/#breadcrumb\"},\"inLanguage\":\"pt-BR\",\"potentialAction\":[{\"@type\":\"ReadAction\",\"target\":[\"https:\\\/\\\/mznoticia.com.br\\\/jaguariaiva\\\/cao-policial-com-cancer-volta-ao-trabalho-apos-ficar-deprimido-durante-aposentadoria-no-parana\\\/\"]}]},{\"@type\":\"ImageObject\",\"inLanguage\":\"pt-BR\",\"@id\":\"https:\\\/\\\/mznoticia.com.br\\\/jaguariaiva\\\/cao-policial-com-cancer-volta-ao-trabalho-apos-ficar-deprimido-durante-aposentadoria-no-parana\\\/#primaryimage\",\"url\":\"https:\\\/\\\/mznoticia.com.br\\\/jaguariaiva\\\/wp-content\\\/uploads\\\/2026\\\/08\\\/50-6.avif\",\"contentUrl\":\"https:\\\/\\\/mznoticia.com.br\\\/jaguariaiva\\\/wp-content\\\/uploads\\\/2026\\\/08\\\/50-6.avif\",\"width\":1800,\"height\":1012},{\"@type\":\"BreadcrumbList\",\"@id\":\"https:\\\/\\\/mznoticia.com.br\\\/jaguariaiva\\\/cao-policial-com-cancer-volta-ao-trabalho-apos-ficar-deprimido-durante-aposentadoria-no-parana\\\/#breadcrumb\",\"itemListElement\":[{\"@type\":\"ListItem\",\"position\":1,\"name\":\"Home\",\"item\":\"https:\\\/\\\/mznoticia.com.br\\\/jaguariaiva\\\/\"},{\"@type\":\"ListItem\",\"position\":2,\"name\":\"C\u00e3o policial com c\u00e2ncer volta ao trabalho ap\u00f3s ficar deprimido durante aposentadoria no Paran\u00e1\"}]},{\"@type\":\"WebSite\",\"@id\":\"https:\\\/\\\/mznoticia.com.br\\\/jaguariaiva\\\/#website\",\"url\":\"https:\\\/\\\/mznoticia.com.br\\\/jaguariaiva\\\/\",\"name\":\"Mz Not\u00edcia\",\"description\":\"A informa\u00e7\u00e3o que voc\u00ea precisa na hora certa!\",\"publisher\":{\"@id\":\"https:\\\/\\\/mznoticia.com.br\\\/jaguariaiva\\\/#organization\"},\"potentialAction\":[{\"@type\":\"SearchAction\",\"target\":{\"@type\":\"EntryPoint\",\"urlTemplate\":\"https:\\\/\\\/mznoticia.com.br\\\/jaguariaiva\\\/?s={search_term_string}\"},\"query-input\":{\"@type\":\"PropertyValueSpecification\",\"valueRequired\":true,\"valueName\":\"search_term_string\"}}],\"inLanguage\":\"pt-BR\"},{\"@type\":\"Organization\",\"@id\":\"https:\\\/\\\/mznoticia.com.br\\\/jaguariaiva\\\/#organization\",\"name\":\"Mz Not\u00edcia\",\"url\":\"https:\\\/\\\/mznoticia.com.br\\\/jaguariaiva\\\/\",\"logo\":{\"@type\":\"ImageObject\",\"inLanguage\":\"pt-BR\",\"@id\":\"https:\\\/\\\/mznoticia.com.br\\\/jaguariaiva\\\/#\\\/schema\\\/logo\\\/image\\\/\",\"url\":\"https:\\\/\\\/mznoticia.com.br\\\/jaguariaiva\\\/wp-content\\\/uploads\\\/2025\\\/03\\\/Design-sem-nome-4-e1741200616392.png\",\"contentUrl\":\"https:\\\/\\\/mznoticia.com.br\\\/jaguariaiva\\\/wp-content\\\/uploads\\\/2025\\\/03\\\/Design-sem-nome-4-e1741200616392.png\",\"width\":750,\"height\":563,\"caption\":\"Mz Not\u00edcia\"},\"image\":{\"@id\":\"https:\\\/\\\/mznoticia.com.br\\\/jaguariaiva\\\/#\\\/schema\\\/logo\\\/image\\\/\"},\"sameAs\":[\"https:\\\/\\\/www.facebook.com\\\/profile.php?id=61573479951222\",\"https:\\\/\\\/www.instagram.com\\\/mz.jaguariaiva\\\/\"]},{\"@type\":\"Person\",\"@id\":\"https:\\\/\\\/mznoticia.com.br\\\/jaguariaiva\\\/#\\\/schema\\\/person\\\/84012d827247b3f42f37b550da79cd03\",\"name\":\"Redacao mz\",\"image\":{\"@type\":\"ImageObject\",\"inLanguage\":\"pt-BR\",\"@id\":\"https:\\\/\\\/mznoticia.com.br\\\/jaguariaiva\\\/wp-content\\\/uploads\\\/2025\\\/02\\\/mznoticia_jaguariaiva_coluna-150x150.png\",\"url\":\"https:\\\/\\\/mznoticia.com.br\\\/jaguariaiva\\\/wp-content\\\/uploads\\\/2025\\\/02\\\/mznoticia_jaguariaiva_coluna-150x150.png\",\"contentUrl\":\"https:\\\/\\\/mznoticia.com.br\\\/jaguariaiva\\\/wp-content\\\/uploads\\\/2025\\\/02\\\/mznoticia_jaguariaiva_coluna-150x150.png\",\"caption\":\"Redacao mz\"},\"sameAs\":[\"http:\\\/\\\/mznoticia.com.br\"],\"url\":\"https:\\\/\\\/mznoticia.com.br\\\/jaguariaiva\\\/author\\\/lucimara\\\/\"}]}<\/script>\n<!-- \/ Yoast SEO plugin. -->","yoast_head_json":{"title":"C\u00e3o policial com c\u00e2ncer volta ao trabalho ap\u00f3s ficar deprimido durante aposentadoria no Paran\u00e1 - Mz Not\u00edcias","description":"C\u00e3o policial Raio, diagnosticado com c\u00e2ncer e ap\u00f3s amputar uma pata, volta ao trabalho no Paran\u00e1 depois de apresentar sinais de depress\u00e3o.","robots":{"index":"index","follow":"follow","max-snippet":"max-snippet:-1","max-image-preview":"max-image-preview:large","max-video-preview":"max-video-preview:-1"},"canonical":"https:\/\/mznoticia.com.br\/jaguariaiva\/cao-policial-com-cancer-volta-ao-trabalho-apos-ficar-deprimido-durante-aposentadoria-no-parana\/","og_locale":"pt_BR","og_type":"article","og_title":"C\u00e3o policial com c\u00e2ncer volta ao trabalho ap\u00f3s ficar deprimido durante aposentadoria no Paran\u00e1 - Mz Not\u00edcias","og_description":"C\u00e3o policial Raio, diagnosticado com c\u00e2ncer e ap\u00f3s amputar uma pata, volta ao trabalho no Paran\u00e1 depois de apresentar sinais de depress\u00e3o.","og_url":"https:\/\/mznoticia.com.br\/jaguariaiva\/cao-policial-com-cancer-volta-ao-trabalho-apos-ficar-deprimido-durante-aposentadoria-no-parana\/","og_site_name":"Mz Not\u00edcias","article_publisher":"https:\/\/www.facebook.com\/profile.php?id=61573479951222","article_published_time":"2026-08-26T17:52:50+00:00","author":"Redacao mz","twitter_card":"summary_large_image","twitter_misc":{"Escrito por":"Redacao mz","Est. tempo de leitura":"3 minutos"},"schema":{"@context":"https:\/\/schema.org","@graph":[{"@type":"Article","@id":"https:\/\/mznoticia.com.br\/jaguariaiva\/cao-policial-com-cancer-volta-ao-trabalho-apos-ficar-deprimido-durante-aposentadoria-no-parana\/#article","isPartOf":{"@id":"https:\/\/mznoticia.com.br\/jaguariaiva\/cao-policial-com-cancer-volta-ao-trabalho-apos-ficar-deprimido-durante-aposentadoria-no-parana\/"},"author":{"name":"Redacao mz","@id":"https:\/\/mznoticia.com.br\/jaguariaiva\/#\/schema\/person\/84012d827247b3f42f37b550da79cd03"},"headline":"C\u00e3o policial com c\u00e2ncer volta ao trabalho ap\u00f3s ficar deprimido durante aposentadoria no Paran\u00e1","datePublished":"2026-08-26T17:52:50+00:00","mainEntityOfPage":{"@id":"https:\/\/mznoticia.com.br\/jaguariaiva\/cao-policial-com-cancer-volta-ao-trabalho-apos-ficar-deprimido-durante-aposentadoria-no-parana\/"},"wordCount":417,"commentCount":0,"publisher":{"@id":"https:\/\/mznoticia.com.br\/jaguariaiva\/#organization"},"image":{"@id":"https:\/\/mznoticia.com.br\/jaguariaiva\/cao-policial-com-cancer-volta-ao-trabalho-apos-ficar-deprimido-durante-aposentadoria-no-parana\/#primaryimage"},"thumbnailUrl":"https:\/\/mznoticia.com.br\/jaguariaiva\/wp-content\/uploads\/2026\/08\/50-6.avif","keywords":["animais","C\u00e2ncer","C\u00e3o Farejador","C\u00e3o Policial","Not\u00edcias do Paran\u00e1","Osteossarcoma","parana","Pato Branco","POLICIA","Pol\u00edcia Civil","Raio","Seguran\u00e7a"],"articleSection":["Paran\u00e1"],"inLanguage":"pt-BR","potentialAction":[{"@type":"CommentAction","name":"Comment","target":["https:\/\/mznoticia.com.br\/jaguariaiva\/cao-policial-com-cancer-volta-ao-trabalho-apos-ficar-deprimido-durante-aposentadoria-no-parana\/#respond"]}]},{"@type":"WebPage","@id":"https:\/\/mznoticia.com.br\/jaguariaiva\/cao-policial-com-cancer-volta-ao-trabalho-apos-ficar-deprimido-durante-aposentadoria-no-parana\/","url":"https:\/\/mznoticia.com.br\/jaguariaiva\/cao-policial-com-cancer-volta-ao-trabalho-apos-ficar-deprimido-durante-aposentadoria-no-parana\/","name":"C\u00e3o policial com c\u00e2ncer volta ao trabalho ap\u00f3s ficar deprimido durante aposentadoria no Paran\u00e1 - Mz Not\u00edcias","isPartOf":{"@id":"https:\/\/mznoticia.com.br\/jaguariaiva\/#website"},"primaryImageOfPage":{"@id":"https:\/\/mznoticia.com.br\/jaguariaiva\/cao-policial-com-cancer-volta-ao-trabalho-apos-ficar-deprimido-durante-aposentadoria-no-parana\/#primaryimage"},"image":{"@id":"https:\/\/mznoticia.com.br\/jaguariaiva\/cao-policial-com-cancer-volta-ao-trabalho-apos-ficar-deprimido-durante-aposentadoria-no-parana\/#primaryimage"},"thumbnailUrl":"https:\/\/mznoticia.com.br\/jaguariaiva\/wp-content\/uploads\/2026\/08\/50-6.avif","datePublished":"2026-08-26T17:52:50+00:00","description":"C\u00e3o policial Raio, diagnosticado com c\u00e2ncer e ap\u00f3s amputar uma pata, volta ao trabalho no Paran\u00e1 depois de apresentar sinais de depress\u00e3o.","breadcrumb":{"@id":"https:\/\/mznoticia.com.br\/jaguariaiva\/cao-policial-com-cancer-volta-ao-trabalho-apos-ficar-deprimido-durante-aposentadoria-no-parana\/#breadcrumb"},"inLanguage":"pt-BR","potentialAction":[{"@type":"ReadAction","target":["https:\/\/mznoticia.com.br\/jaguariaiva\/cao-policial-com-cancer-volta-ao-trabalho-apos-ficar-deprimido-durante-aposentadoria-no-parana\/"]}]},{"@type":"ImageObject","inLanguage":"pt-BR","@id":"https:\/\/mznoticia.com.br\/jaguariaiva\/cao-policial-com-cancer-volta-ao-trabalho-apos-ficar-deprimido-durante-aposentadoria-no-parana\/#primaryimage","url":"https:\/\/mznoticia.com.br\/jaguariaiva\/wp-content\/uploads\/2026\/08\/50-6.avif","contentUrl":"https:\/\/mznoticia.com.br\/jaguariaiva\/wp-content\/uploads\/2026\/08\/50-6.avif","width":1800,"height":1012},{"@type":"BreadcrumbList","@id":"https:\/\/mznoticia.com.br\/jaguariaiva\/cao-policial-com-cancer-volta-ao-trabalho-apos-ficar-deprimido-durante-aposentadoria-no-parana\/#breadcrumb","itemListElement":[{"@type":"ListItem","position":1,"name":"Home","item":"https:\/\/mznoticia.com.br\/jaguariaiva\/"},{"@type":"ListItem","position":2,"name":"C\u00e3o policial com c\u00e2ncer volta ao trabalho ap\u00f3s ficar deprimido durante aposentadoria no Paran\u00e1"}]},{"@type":"WebSite","@id":"https:\/\/mznoticia.com.br\/jaguariaiva\/#website","url":"https:\/\/mznoticia.com.br\/jaguariaiva\/","name":"Mz Not\u00edcia","description":"A informa\u00e7\u00e3o que voc\u00ea precisa na hora certa!","publisher":{"@id":"https:\/\/mznoticia.com.br\/jaguariaiva\/#organization"},"potentialAction":[{"@type":"SearchAction","target":{"@type":"EntryPoint","urlTemplate":"https:\/\/mznoticia.com.br\/jaguariaiva\/?s={search_term_string}"},"query-input":{"@type":"PropertyValueSpecification","valueRequired":true,"valueName":"search_term_string"}}],"inLanguage":"pt-BR"},{"@type":"Organization","@id":"https:\/\/mznoticia.com.br\/jaguariaiva\/#organization","name":"Mz Not\u00edcia","url":"https:\/\/mznoticia.com.br\/jaguariaiva\/","logo":{"@type":"ImageObject","inLanguage":"pt-BR","@id":"https:\/\/mznoticia.com.br\/jaguariaiva\/#\/schema\/logo\/image\/","url":"https:\/\/mznoticia.com.br\/jaguariaiva\/wp-content\/uploads\/2025\/03\/Design-sem-nome-4-e1741200616392.png","contentUrl":"https:\/\/mznoticia.com.br\/jaguariaiva\/wp-content\/uploads\/2025\/03\/Design-sem-nome-4-e1741200616392.png","width":750,"height":563,"caption":"Mz Not\u00edcia"},"image":{"@id":"https:\/\/mznoticia.com.br\/jaguariaiva\/#\/schema\/logo\/image\/"},"sameAs":["https:\/\/www.facebook.com\/profile.php?id=61573479951222","https:\/\/www.instagram.com\/mz.jaguariaiva\/"]},{"@type":"Person","@id":"https:\/\/mznoticia.com.br\/jaguariaiva\/#\/schema\/person\/84012d827247b3f42f37b550da79cd03","name":"Redacao mz","image":{"@type":"ImageObject","inLanguage":"pt-BR","@id":"https:\/\/mznoticia.com.br\/jaguariaiva\/wp-content\/uploads\/2025\/02\/mznoticia_jaguariaiva_coluna-150x150.png","url":"https:\/\/mznoticia.com.br\/jaguariaiva\/wp-content\/uploads\/2025\/02\/mznoticia_jaguariaiva_coluna-150x150.png","contentUrl":"https:\/\/mznoticia.com.br\/jaguariaiva\/wp-content\/uploads\/2025\/02\/mznoticia_jaguariaiva_coluna-150x150.png","caption":"Redacao mz"},"sameAs":["http:\/\/mznoticia.com.br"],"url":"https:\/\/mznoticia.com.br\/jaguariaiva\/author\/lucimara\/"}]}},"_links":{"self":[{"href":"https:\/\/mznoticia.com.br\/jaguariaiva\/wp-json\/wp\/v2\/posts\/7112","targetHints":{"allow":["GET"]}}],"collection":[{"href":"https:\/\/mznoticia.com.br\/jaguariaiva\/wp-json\/wp\/v2\/posts"}],"about":[{"href":"https:\/\/mznoticia.com.br\/jaguariaiva\/wp-json\/wp\/v2\/types\/post"}],"author":[{"embeddable":true,"href":"https:\/\/mznoticia.com.br\/jaguariaiva\/wp-json\/wp\/v2\/users\/16"}],"replies":[{"embeddable":true,"href":"https:\/\/mznoticia.com.br\/jaguariaiva\/wp-json\/wp\/v2\/comments?post=7112"}],"version-history":[{"count":1,"href":"https:\/\/mznoticia.com.br\/jaguariaiva\/wp-json\/wp\/v2\/posts\/7112\/revisions"}],"predecessor-version":[{"id":7114,"href":"https:\/\/mznoticia.com.br\/jaguariaiva\/wp-json\/wp\/v2\/posts\/7112\/revisions\/7114"}],"wp:featuredmedia":[{"embeddable":true,"href":"https:\/\/mznoticia.com.br\/jaguariaiva\/wp-json\/wp\/v2\/media\/7113"}],"wp:attachment":[{"href":"https:\/\/mznoticia.com.br\/jaguariaiva\/wp-json\/wp\/v2\/media?parent=7112"}],"wp:term":[{"taxonomy":"category","embeddable":true,"href":"https:\/\/mznoticia.com.br\/jaguariaiva\/wp-json\/wp\/v2\/categories?post=7112"},{"taxonomy":"post_tag","embeddable":true,"href":"https:\/\/mznoticia.com.br\/jaguariaiva\/wp-json\/wp\/v2\/tags?post=7112"}],"curies":[{"name":"wp","href":"https:\/\/api.w.org\/{rel}","templated":true}]}}