{"id":7115,"date":"2026-08-26T19:08:10","date_gmt":"2026-08-26T19:08:10","guid":{"rendered":"https:\/\/mznoticia.com.br\/jaguariaiva\/?p=7115"},"modified":"2026-08-26T19:08:10","modified_gmt":"2026-08-26T19:08:10","slug":"ministro-do-stf-diz-ter-bom-salario-mas-afirma-que-e-preciso-se-preocupar-com-as-contas","status":"publish","type":"post","link":"https:\/\/mznoticia.com.br\/jaguariaiva\/ministro-do-stf-diz-ter-bom-salario-mas-afirma-que-e-preciso-se-preocupar-com-as-contas\/","title":{"rendered":"Ministro do STF diz ter \u201cbom sal\u00e1rio\u201d, mas afirma que \u00e9 preciso se preocupar com as contas"},"content":{"rendered":"<p class=\"isSelectedEnd\"><strong>Ministro Andr\u00e9 Mendon\u00e7a afirmou que magistrados t\u00eam uma condi\u00e7\u00e3o financeira privilegiada, mas precisam controlar as despesas mesmo com remunera\u00e7\u00e3o acima da m\u00e9dia dos brasileiros.<\/strong><\/p>\n<p class=\"isSelectedEnd\">O ministro Andr\u00e9 Mendon\u00e7a, do Supremo Tribunal Federal (STF), afirmou que o sal\u00e1rio recebido pelos integrantes da Corte proporciona uma condi\u00e7\u00e3o de vida acima da m\u00e9dia dos brasileiros, mas n\u00e3o permite viver sem preocupa\u00e7\u00f5es financeiras.<\/p>\n<p class=\"isSelectedEnd\">A declara\u00e7\u00e3o foi feita durante o 5\u00ba Semin\u00e1rio da Associa\u00e7\u00e3o Nacional dos Magistrados Evang\u00e9licos (Anamel), realizado em S\u00e3o Paulo, no dia 21 de agosto.<\/p>\n<p class=\"isSelectedEnd\">Mendon\u00e7a afirmou que magistrados n\u00e3o devem ter como objetivo enriquecer por meio da carreira e destacou a necessidade de manter controle sobre os gastos.<\/p>\n<blockquote>\n<p class=\"isSelectedEnd\">\u201cUm ministro do tribunal, um juiz em geral, ele n\u00e3o pode ter a pretens\u00e3o de ficar rico. O sal\u00e1rio, ainda que seja um bom sal\u00e1rio, n\u00e3o te d\u00e1 condi\u00e7\u00f5es de ter uma vida sem preocupa\u00e7\u00f5es financeiras. A gente tem de controlar a despesa no dia a dia\u201d, disse.<\/p>\n<\/blockquote>\n<h2>Ministro classifica condi\u00e7\u00e3o financeira como privilegiada<\/h2>\n<p class=\"isSelectedEnd\">Segundo Andr\u00e9 Mendon\u00e7a, a remunera\u00e7\u00e3o dos ministros do STF n\u00e3o proporciona uma \u201cvida nababesca\u201d. Apesar de reconhecer que os magistrados possuem uma condi\u00e7\u00e3o financeira privilegiada, ele afirmou que ainda \u00e9 necess\u00e1rio administrar as despesas e se preocupar com as contas no fim do m\u00eas.<\/p>\n<p class=\"isSelectedEnd\">\u201cN\u00e3o \u00e9 uma vida nababesca. \u00c9 uma vida na qual voc\u00ea pode ter uma condi\u00e7\u00e3o m\u00e9dia, eu diria at\u00e9 acima da m\u00e9dia brasileira, mas, ainda assim, uma condi\u00e7\u00e3o m\u00e9dia de vida. A gente colocaria ali numa classe B. N\u00e3o \u00e9 uma classe A, que eu diria que j\u00e1 s\u00e3o pessoas muito ricas. \u00c9 uma classe privilegiada, mas n\u00e3o \u00e9 uma classe que n\u00e3o tem que se preocupar com as contas no fim do m\u00eas\u201d, completou.<\/p>\n<h2>Quanto ganha um ministro do STF<\/h2>\n<p class=\"isSelectedEnd\">O subs\u00eddio mensal de um ministro do Supremo Tribunal Federal \u00e9 de <strong>R$ 46.366,19<\/strong>. O valor l\u00edquido recebido pode variar de acordo com descontos, como Previd\u00eancia e Imposto de Renda.<\/p>\n<p class=\"isSelectedEnd\">Dados do Portal da Transpar\u00eancia do STF mostram que Andr\u00e9 Mendon\u00e7a recebeu, em m\u00e9dia, cerca de <strong>R$ 26 mil l\u00edquidos por m\u00eas entre janeiro e julho de 2026<\/strong>.<\/p>\n<p class=\"isSelectedEnd\">O maior pagamento registrado no per\u00edodo ocorreu em janeiro, quando o ministro recebeu <strong>R$ 43 mil l\u00edquidos<\/strong>. J\u00e1 os menores valores foram registrados em abril e maio, com <strong>R$ 18,8 mil l\u00edquidos<\/strong> em cada m\u00eas.<\/p>\n<p class=\"isSelectedEnd\">Ao todo, os rendimentos l\u00edquidos de Mendon\u00e7a entre janeiro e julho somaram aproximadamente <strong>R$ 182 mil<\/strong>.<\/p>\n<h2>Mendon\u00e7a est\u00e1 no STF desde 2021<\/h2>\n<p>Andr\u00e9 Mendon\u00e7a integra o Supremo Tribunal Federal desde dezembro de 2021. Ele foi indicado para a Corte pelo ent\u00e3o presidente Jair Bolsonaro (PL).<\/p>\n","protected":false},"excerpt":{"rendered":"<p>Ministro Andr\u00e9 Mendon\u00e7a afirmou que magistrados t\u00eam uma condi\u00e7\u00e3o financeira privilegiada, mas precisam controlar as despesas mesmo com remunera\u00e7\u00e3o acima da m\u00e9dia dos brasileiros. O ministro Andr\u00e9 Mendon\u00e7a, do Supremo Tribunal Federal (STF), afirmou que o sal\u00e1rio recebido pelos integrantes da Corte proporciona uma condi\u00e7\u00e3o de vida acima da m\u00e9dia dos brasileiros, mas n\u00e3o permite [&hellip;]<\/p>\n","protected":false},"author":16,"featured_media":7116,"comment_status":"open","ping_status":"open","sticky":false,"template":"","format":"standard","meta":{"footnotes":""},"categories":[7],"tags":[457,82,47,1588,1586,2788,194,2789,2787,442,468],"class_list":["post-7115","post","type-post","status-publish","format-standard","has-post-thumbnail","hentry","category-politica","tag-andre-mendonca","tag-brasil","tag-destaque","tag-judiciario","tag-magistrados","tag-ministros-do-stf","tag-politica","tag-remuneracao","tag-salario-do-stf","tag-stf","tag-supremo-tribunal-federal"],"yoast_head":"<!-- This site is optimized with the Yoast SEO plugin v28.1 - https:\/\/yoast.com\/product\/yoast-seo-wordpress\/ -->\n<title>Ministro do STF diz ter \u201cbom sal\u00e1rio\u201d, mas afirma que \u00e9 preciso se preocupar com as contas - Mz Not\u00edcias<\/title>\n<meta name=\"description\" content=\"Ministro Andr\u00e9 Mendon\u00e7a afirmou que o sal\u00e1rio dos integrantes do STF garante uma condi\u00e7\u00e3o acima da m\u00e9dia, mas exige controle das despesas.\" \/>\n<meta name=\"robots\" content=\"index, follow, max-snippet:-1, max-image-preview:large, max-video-preview:-1\" \/>\n<link rel=\"canonical\" href=\"https:\/\/mznoticia.com.br\/jaguariaiva\/ministro-do-stf-diz-ter-bom-salario-mas-afirma-que-e-preciso-se-preocupar-com-as-contas\/\" \/>\n<meta property=\"og:locale\" content=\"pt_BR\" \/>\n<meta property=\"og:type\" content=\"article\" \/>\n<meta property=\"og:title\" content=\"Ministro do STF diz ter \u201cbom sal\u00e1rio\u201d, mas afirma que \u00e9 preciso se preocupar com as contas - Mz Not\u00edcias\" \/>\n<meta property=\"og:description\" content=\"Ministro Andr\u00e9 Mendon\u00e7a afirmou que o sal\u00e1rio dos integrantes do STF garante uma condi\u00e7\u00e3o acima da m\u00e9dia, mas exige controle das despesas.\" \/>\n<meta property=\"og:url\" content=\"https:\/\/mznoticia.com.br\/jaguariaiva\/ministro-do-stf-diz-ter-bom-salario-mas-afirma-que-e-preciso-se-preocupar-com-as-contas\/\" \/>\n<meta property=\"og:site_name\" content=\"Mz Not\u00edcias\" \/>\n<meta property=\"article:publisher\" content=\"https:\/\/www.facebook.com\/profile.php?id=61573479951222\" \/>\n<meta property=\"article:published_time\" content=\"2026-08-26T19:08:10+00:00\" \/>\n<meta property=\"og:image\" content=\"https:\/\/mznoticia.com.br\/jaguariaiva\/wp-content\/uploads\/2026\/08\/stf.jpeg\" \/>\n\t<meta property=\"og:image:width\" content=\"800\" \/>\n\t<meta property=\"og:image:height\" content=\"547\" \/>\n\t<meta property=\"og:image:type\" content=\"image\/jpeg\" \/>\n<meta name=\"author\" content=\"Redacao mz\" \/>\n<meta name=\"twitter:card\" content=\"summary_large_image\" \/>\n<meta name=\"twitter:label1\" content=\"Escrito por\" \/>\n\t<meta name=\"twitter:data1\" content=\"Redacao mz\" \/>\n\t<meta name=\"twitter:label2\" content=\"Est. tempo de leitura\" \/>\n\t<meta name=\"twitter:data2\" content=\"3 minutos\" \/>\n<script type=\"application\/ld+json\" class=\"yoast-schema-graph\">{\"@context\":\"https:\\\/\\\/schema.org\",\"@graph\":[{\"@type\":\"Article\",\"@id\":\"https:\\\/\\\/mznoticia.com.br\\\/jaguariaiva\\\/ministro-do-stf-diz-ter-bom-salario-mas-afirma-que-e-preciso-se-preocupar-com-as-contas\\\/#article\",\"isPartOf\":{\"@id\":\"https:\\\/\\\/mznoticia.com.br\\\/jaguariaiva\\\/ministro-do-stf-diz-ter-bom-salario-mas-afirma-que-e-preciso-se-preocupar-com-as-contas\\\/\"},\"author\":{\"name\":\"Redacao mz\",\"@id\":\"https:\\\/\\\/mznoticia.com.br\\\/jaguariaiva\\\/#\\\/schema\\\/person\\\/84012d827247b3f42f37b550da79cd03\"},\"headline\":\"Ministro do STF diz ter \u201cbom sal\u00e1rio\u201d, mas afirma que \u00e9 preciso se preocupar com as contas\",\"datePublished\":\"2026-08-26T19:08:10+00:00\",\"mainEntityOfPage\":{\"@id\":\"https:\\\/\\\/mznoticia.com.br\\\/jaguariaiva\\\/ministro-do-stf-diz-ter-bom-salario-mas-afirma-que-e-preciso-se-preocupar-com-as-contas\\\/\"},\"wordCount\":484,\"commentCount\":0,\"publisher\":{\"@id\":\"https:\\\/\\\/mznoticia.com.br\\\/jaguariaiva\\\/#organization\"},\"image\":{\"@id\":\"https:\\\/\\\/mznoticia.com.br\\\/jaguariaiva\\\/ministro-do-stf-diz-ter-bom-salario-mas-afirma-que-e-preciso-se-preocupar-com-as-contas\\\/#primaryimage\"},\"thumbnailUrl\":\"https:\\\/\\\/mznoticia.com.br\\\/jaguariaiva\\\/wp-content\\\/uploads\\\/2026\\\/08\\\/stf.jpeg\",\"keywords\":[\"Andr\u00e9 Mendon\u00e7a\",\"brasil\",\"destaque\",\"Judici\u00e1rio\",\"Magistrados\",\"ministros do STF\",\"politica\",\"remunera\u00e7\u00e3o\",\"sal\u00e1rio do STF\",\"STF\",\"Supremo Tribunal Federal\"],\"articleSection\":[\"Pol\u00edtica\"],\"inLanguage\":\"pt-BR\",\"potentialAction\":[{\"@type\":\"CommentAction\",\"name\":\"Comment\",\"target\":[\"https:\\\/\\\/mznoticia.com.br\\\/jaguariaiva\\\/ministro-do-stf-diz-ter-bom-salario-mas-afirma-que-e-preciso-se-preocupar-com-as-contas\\\/#respond\"]}]},{\"@type\":\"WebPage\",\"@id\":\"https:\\\/\\\/mznoticia.com.br\\\/jaguariaiva\\\/ministro-do-stf-diz-ter-bom-salario-mas-afirma-que-e-preciso-se-preocupar-com-as-contas\\\/\",\"url\":\"https:\\\/\\\/mznoticia.com.br\\\/jaguariaiva\\\/ministro-do-stf-diz-ter-bom-salario-mas-afirma-que-e-preciso-se-preocupar-com-as-contas\\\/\",\"name\":\"Ministro do STF diz ter \u201cbom sal\u00e1rio\u201d, mas afirma que \u00e9 preciso se preocupar com as contas - Mz Not\u00edcias\",\"isPartOf\":{\"@id\":\"https:\\\/\\\/mznoticia.com.br\\\/jaguariaiva\\\/#website\"},\"primaryImageOfPage\":{\"@id\":\"https:\\\/\\\/mznoticia.com.br\\\/jaguariaiva\\\/ministro-do-stf-diz-ter-bom-salario-mas-afirma-que-e-preciso-se-preocupar-com-as-contas\\\/#primaryimage\"},\"image\":{\"@id\":\"https:\\\/\\\/mznoticia.com.br\\\/jaguariaiva\\\/ministro-do-stf-diz-ter-bom-salario-mas-afirma-que-e-preciso-se-preocupar-com-as-contas\\\/#primaryimage\"},\"thumbnailUrl\":\"https:\\\/\\\/mznoticia.com.br\\\/jaguariaiva\\\/wp-content\\\/uploads\\\/2026\\\/08\\\/stf.jpeg\",\"datePublished\":\"2026-08-26T19:08:10+00:00\",\"description\":\"Ministro Andr\u00e9 Mendon\u00e7a afirmou que o sal\u00e1rio dos integrantes do STF garante uma condi\u00e7\u00e3o acima da m\u00e9dia, mas exige controle das despesas.\",\"breadcrumb\":{\"@id\":\"https:\\\/\\\/mznoticia.com.br\\\/jaguariaiva\\\/ministro-do-stf-diz-ter-bom-salario-mas-afirma-que-e-preciso-se-preocupar-com-as-contas\\\/#breadcrumb\"},\"inLanguage\":\"pt-BR\",\"potentialAction\":[{\"@type\":\"ReadAction\",\"target\":[\"https:\\\/\\\/mznoticia.com.br\\\/jaguariaiva\\\/ministro-do-stf-diz-ter-bom-salario-mas-afirma-que-e-preciso-se-preocupar-com-as-contas\\\/\"]}]},{\"@type\":\"ImageObject\",\"inLanguage\":\"pt-BR\",\"@id\":\"https:\\\/\\\/mznoticia.com.br\\\/jaguariaiva\\\/ministro-do-stf-diz-ter-bom-salario-mas-afirma-que-e-preciso-se-preocupar-com-as-contas\\\/#primaryimage\",\"url\":\"https:\\\/\\\/mznoticia.com.br\\\/jaguariaiva\\\/wp-content\\\/uploads\\\/2026\\\/08\\\/stf.jpeg\",\"contentUrl\":\"https:\\\/\\\/mznoticia.com.br\\\/jaguariaiva\\\/wp-content\\\/uploads\\\/2026\\\/08\\\/stf.jpeg\",\"width\":800,\"height\":547},{\"@type\":\"BreadcrumbList\",\"@id\":\"https:\\\/\\\/mznoticia.com.br\\\/jaguariaiva\\\/ministro-do-stf-diz-ter-bom-salario-mas-afirma-que-e-preciso-se-preocupar-com-as-contas\\\/#breadcrumb\",\"itemListElement\":[{\"@type\":\"ListItem\",\"position\":1,\"name\":\"Home\",\"item\":\"https:\\\/\\\/mznoticia.com.br\\\/jaguariaiva\\\/\"},{\"@type\":\"ListItem\",\"position\":2,\"name\":\"Ministro do STF diz ter \u201cbom sal\u00e1rio\u201d, mas afirma que \u00e9 preciso se preocupar com as contas\"}]},{\"@type\":\"WebSite\",\"@id\":\"https:\\\/\\\/mznoticia.com.br\\\/jaguariaiva\\\/#website\",\"url\":\"https:\\\/\\\/mznoticia.com.br\\\/jaguariaiva\\\/\",\"name\":\"Mz Not\u00edcia\",\"description\":\"A informa\u00e7\u00e3o que voc\u00ea precisa na hora certa!\",\"publisher\":{\"@id\":\"https:\\\/\\\/mznoticia.com.br\\\/jaguariaiva\\\/#organization\"},\"potentialAction\":[{\"@type\":\"SearchAction\",\"target\":{\"@type\":\"EntryPoint\",\"urlTemplate\":\"https:\\\/\\\/mznoticia.com.br\\\/jaguariaiva\\\/?s={search_term_string}\"},\"query-input\":{\"@type\":\"PropertyValueSpecification\",\"valueRequired\":true,\"valueName\":\"search_term_string\"}}],\"inLanguage\":\"pt-BR\"},{\"@type\":\"Organization\",\"@id\":\"https:\\\/\\\/mznoticia.com.br\\\/jaguariaiva\\\/#organization\",\"name\":\"Mz Not\u00edcia\",\"url\":\"https:\\\/\\\/mznoticia.com.br\\\/jaguariaiva\\\/\",\"logo\":{\"@type\":\"ImageObject\",\"inLanguage\":\"pt-BR\",\"@id\":\"https:\\\/\\\/mznoticia.com.br\\\/jaguariaiva\\\/#\\\/schema\\\/logo\\\/image\\\/\",\"url\":\"https:\\\/\\\/mznoticia.com.br\\\/jaguariaiva\\\/wp-content\\\/uploads\\\/2025\\\/03\\\/Design-sem-nome-4-e1741200616392.png\",\"contentUrl\":\"https:\\\/\\\/mznoticia.com.br\\\/jaguariaiva\\\/wp-content\\\/uploads\\\/2025\\\/03\\\/Design-sem-nome-4-e1741200616392.png\",\"width\":750,\"height\":563,\"caption\":\"Mz Not\u00edcia\"},\"image\":{\"@id\":\"https:\\\/\\\/mznoticia.com.br\\\/jaguariaiva\\\/#\\\/schema\\\/logo\\\/image\\\/\"},\"sameAs\":[\"https:\\\/\\\/www.facebook.com\\\/profile.php?id=61573479951222\",\"https:\\\/\\\/www.instagram.com\\\/mz.jaguariaiva\\\/\"]},{\"@type\":\"Person\",\"@id\":\"https:\\\/\\\/mznoticia.com.br\\\/jaguariaiva\\\/#\\\/schema\\\/person\\\/84012d827247b3f42f37b550da79cd03\",\"name\":\"Redacao mz\",\"image\":{\"@type\":\"ImageObject\",\"inLanguage\":\"pt-BR\",\"@id\":\"https:\\\/\\\/mznoticia.com.br\\\/jaguariaiva\\\/wp-content\\\/uploads\\\/2025\\\/02\\\/mznoticia_jaguariaiva_coluna-150x150.png\",\"url\":\"https:\\\/\\\/mznoticia.com.br\\\/jaguariaiva\\\/wp-content\\\/uploads\\\/2025\\\/02\\\/mznoticia_jaguariaiva_coluna-150x150.png\",\"contentUrl\":\"https:\\\/\\\/mznoticia.com.br\\\/jaguariaiva\\\/wp-content\\\/uploads\\\/2025\\\/02\\\/mznoticia_jaguariaiva_coluna-150x150.png\",\"caption\":\"Redacao mz\"},\"sameAs\":[\"http:\\\/\\\/mznoticia.com.br\"],\"url\":\"https:\\\/\\\/mznoticia.com.br\\\/jaguariaiva\\\/author\\\/lucimara\\\/\"}]}<\/script>\n<!-- \/ Yoast SEO plugin. -->","yoast_head_json":{"title":"Ministro do STF diz ter \u201cbom sal\u00e1rio\u201d, mas afirma que \u00e9 preciso se preocupar com as contas - Mz Not\u00edcias","description":"Ministro Andr\u00e9 Mendon\u00e7a afirmou que o sal\u00e1rio dos integrantes do STF garante uma condi\u00e7\u00e3o acima da m\u00e9dia, mas exige controle das despesas.","robots":{"index":"index","follow":"follow","max-snippet":"max-snippet:-1","max-image-preview":"max-image-preview:large","max-video-preview":"max-video-preview:-1"},"canonical":"https:\/\/mznoticia.com.br\/jaguariaiva\/ministro-do-stf-diz-ter-bom-salario-mas-afirma-que-e-preciso-se-preocupar-com-as-contas\/","og_locale":"pt_BR","og_type":"article","og_title":"Ministro do STF diz ter \u201cbom sal\u00e1rio\u201d, mas afirma que \u00e9 preciso se preocupar com as contas - Mz Not\u00edcias","og_description":"Ministro Andr\u00e9 Mendon\u00e7a afirmou que o sal\u00e1rio dos integrantes do STF garante uma condi\u00e7\u00e3o acima da m\u00e9dia, mas exige controle das despesas.","og_url":"https:\/\/mznoticia.com.br\/jaguariaiva\/ministro-do-stf-diz-ter-bom-salario-mas-afirma-que-e-preciso-se-preocupar-com-as-contas\/","og_site_name":"Mz Not\u00edcias","article_publisher":"https:\/\/www.facebook.com\/profile.php?id=61573479951222","article_published_time":"2026-08-26T19:08:10+00:00","og_image":[{"width":800,"height":547,"url":"https:\/\/mznoticia.com.br\/jaguariaiva\/wp-content\/uploads\/2026\/08\/stf.jpeg","type":"image\/jpeg"}],"author":"Redacao mz","twitter_card":"summary_large_image","twitter_misc":{"Escrito por":"Redacao mz","Est. tempo de leitura":"3 minutos"},"schema":{"@context":"https:\/\/schema.org","@graph":[{"@type":"Article","@id":"https:\/\/mznoticia.com.br\/jaguariaiva\/ministro-do-stf-diz-ter-bom-salario-mas-afirma-que-e-preciso-se-preocupar-com-as-contas\/#article","isPartOf":{"@id":"https:\/\/mznoticia.com.br\/jaguariaiva\/ministro-do-stf-diz-ter-bom-salario-mas-afirma-que-e-preciso-se-preocupar-com-as-contas\/"},"author":{"name":"Redacao mz","@id":"https:\/\/mznoticia.com.br\/jaguariaiva\/#\/schema\/person\/84012d827247b3f42f37b550da79cd03"},"headline":"Ministro do STF diz ter \u201cbom sal\u00e1rio\u201d, mas afirma que \u00e9 preciso se preocupar com as contas","datePublished":"2026-08-26T19:08:10+00:00","mainEntityOfPage":{"@id":"https:\/\/mznoticia.com.br\/jaguariaiva\/ministro-do-stf-diz-ter-bom-salario-mas-afirma-que-e-preciso-se-preocupar-com-as-contas\/"},"wordCount":484,"commentCount":0,"publisher":{"@id":"https:\/\/mznoticia.com.br\/jaguariaiva\/#organization"},"image":{"@id":"https:\/\/mznoticia.com.br\/jaguariaiva\/ministro-do-stf-diz-ter-bom-salario-mas-afirma-que-e-preciso-se-preocupar-com-as-contas\/#primaryimage"},"thumbnailUrl":"https:\/\/mznoticia.com.br\/jaguariaiva\/wp-content\/uploads\/2026\/08\/stf.jpeg","keywords":["Andr\u00e9 Mendon\u00e7a","brasil","destaque","Judici\u00e1rio","Magistrados","ministros do STF","politica","remunera\u00e7\u00e3o","sal\u00e1rio do STF","STF","Supremo Tribunal Federal"],"articleSection":["Pol\u00edtica"],"inLanguage":"pt-BR","potentialAction":[{"@type":"CommentAction","name":"Comment","target":["https:\/\/mznoticia.com.br\/jaguariaiva\/ministro-do-stf-diz-ter-bom-salario-mas-afirma-que-e-preciso-se-preocupar-com-as-contas\/#respond"]}]},{"@type":"WebPage","@id":"https:\/\/mznoticia.com.br\/jaguariaiva\/ministro-do-stf-diz-ter-bom-salario-mas-afirma-que-e-preciso-se-preocupar-com-as-contas\/","url":"https:\/\/mznoticia.com.br\/jaguariaiva\/ministro-do-stf-diz-ter-bom-salario-mas-afirma-que-e-preciso-se-preocupar-com-as-contas\/","name":"Ministro do STF diz ter \u201cbom sal\u00e1rio\u201d, mas afirma que \u00e9 preciso se preocupar com as contas - Mz Not\u00edcias","isPartOf":{"@id":"https:\/\/mznoticia.com.br\/jaguariaiva\/#website"},"primaryImageOfPage":{"@id":"https:\/\/mznoticia.com.br\/jaguariaiva\/ministro-do-stf-diz-ter-bom-salario-mas-afirma-que-e-preciso-se-preocupar-com-as-contas\/#primaryimage"},"image":{"@id":"https:\/\/mznoticia.com.br\/jaguariaiva\/ministro-do-stf-diz-ter-bom-salario-mas-afirma-que-e-preciso-se-preocupar-com-as-contas\/#primaryimage"},"thumbnailUrl":"https:\/\/mznoticia.com.br\/jaguariaiva\/wp-content\/uploads\/2026\/08\/stf.jpeg","datePublished":"2026-08-26T19:08:10+00:00","description":"Ministro Andr\u00e9 Mendon\u00e7a afirmou que o sal\u00e1rio dos integrantes do STF garante uma condi\u00e7\u00e3o acima da m\u00e9dia, mas exige controle das despesas.","breadcrumb":{"@id":"https:\/\/mznoticia.com.br\/jaguariaiva\/ministro-do-stf-diz-ter-bom-salario-mas-afirma-que-e-preciso-se-preocupar-com-as-contas\/#breadcrumb"},"inLanguage":"pt-BR","potentialAction":[{"@type":"ReadAction","target":["https:\/\/mznoticia.com.br\/jaguariaiva\/ministro-do-stf-diz-ter-bom-salario-mas-afirma-que-e-preciso-se-preocupar-com-as-contas\/"]}]},{"@type":"ImageObject","inLanguage":"pt-BR","@id":"https:\/\/mznoticia.com.br\/jaguariaiva\/ministro-do-stf-diz-ter-bom-salario-mas-afirma-que-e-preciso-se-preocupar-com-as-contas\/#primaryimage","url":"https:\/\/mznoticia.com.br\/jaguariaiva\/wp-content\/uploads\/2026\/08\/stf.jpeg","contentUrl":"https:\/\/mznoticia.com.br\/jaguariaiva\/wp-content\/uploads\/2026\/08\/stf.jpeg","width":800,"height":547},{"@type":"BreadcrumbList","@id":"https:\/\/mznoticia.com.br\/jaguariaiva\/ministro-do-stf-diz-ter-bom-salario-mas-afirma-que-e-preciso-se-preocupar-com-as-contas\/#breadcrumb","itemListElement":[{"@type":"ListItem","position":1,"name":"Home","item":"https:\/\/mznoticia.com.br\/jaguariaiva\/"},{"@type":"ListItem","position":2,"name":"Ministro do STF diz ter \u201cbom sal\u00e1rio\u201d, mas afirma que \u00e9 preciso se preocupar com as contas"}]},{"@type":"WebSite","@id":"https:\/\/mznoticia.com.br\/jaguariaiva\/#website","url":"https:\/\/mznoticia.com.br\/jaguariaiva\/","name":"Mz Not\u00edcia","description":"A informa\u00e7\u00e3o que voc\u00ea precisa na hora certa!","publisher":{"@id":"https:\/\/mznoticia.com.br\/jaguariaiva\/#organization"},"potentialAction":[{"@type":"SearchAction","target":{"@type":"EntryPoint","urlTemplate":"https:\/\/mznoticia.com.br\/jaguariaiva\/?s={search_term_string}"},"query-input":{"@type":"PropertyValueSpecification","valueRequired":true,"valueName":"search_term_string"}}],"inLanguage":"pt-BR"},{"@type":"Organization","@id":"https:\/\/mznoticia.com.br\/jaguariaiva\/#organization","name":"Mz Not\u00edcia","url":"https:\/\/mznoticia.com.br\/jaguariaiva\/","logo":{"@type":"ImageObject","inLanguage":"pt-BR","@id":"https:\/\/mznoticia.com.br\/jaguariaiva\/#\/schema\/logo\/image\/","url":"https:\/\/mznoticia.com.br\/jaguariaiva\/wp-content\/uploads\/2025\/03\/Design-sem-nome-4-e1741200616392.png","contentUrl":"https:\/\/mznoticia.com.br\/jaguariaiva\/wp-content\/uploads\/2025\/03\/Design-sem-nome-4-e1741200616392.png","width":750,"height":563,"caption":"Mz Not\u00edcia"},"image":{"@id":"https:\/\/mznoticia.com.br\/jaguariaiva\/#\/schema\/logo\/image\/"},"sameAs":["https:\/\/www.facebook.com\/profile.php?id=61573479951222","https:\/\/www.instagram.com\/mz.jaguariaiva\/"]},{"@type":"Person","@id":"https:\/\/mznoticia.com.br\/jaguariaiva\/#\/schema\/person\/84012d827247b3f42f37b550da79cd03","name":"Redacao mz","image":{"@type":"ImageObject","inLanguage":"pt-BR","@id":"https:\/\/mznoticia.com.br\/jaguariaiva\/wp-content\/uploads\/2025\/02\/mznoticia_jaguariaiva_coluna-150x150.png","url":"https:\/\/mznoticia.com.br\/jaguariaiva\/wp-content\/uploads\/2025\/02\/mznoticia_jaguariaiva_coluna-150x150.png","contentUrl":"https:\/\/mznoticia.com.br\/jaguariaiva\/wp-content\/uploads\/2025\/02\/mznoticia_jaguariaiva_coluna-150x150.png","caption":"Redacao mz"},"sameAs":["http:\/\/mznoticia.com.br"],"url":"https:\/\/mznoticia.com.br\/jaguariaiva\/author\/lucimara\/"}]}},"_links":{"self":[{"href":"https:\/\/mznoticia.com.br\/jaguariaiva\/wp-json\/wp\/v2\/posts\/7115","targetHints":{"allow":["GET"]}}],"collection":[{"href":"https:\/\/mznoticia.com.br\/jaguariaiva\/wp-json\/wp\/v2\/posts"}],"about":[{"href":"https:\/\/mznoticia.com.br\/jaguariaiva\/wp-json\/wp\/v2\/types\/post"}],"author":[{"embeddable":true,"href":"https:\/\/mznoticia.com.br\/jaguariaiva\/wp-json\/wp\/v2\/users\/16"}],"replies":[{"embeddable":true,"href":"https:\/\/mznoticia.com.br\/jaguariaiva\/wp-json\/wp\/v2\/comments?post=7115"}],"version-history":[{"count":1,"href":"https:\/\/mznoticia.com.br\/jaguariaiva\/wp-json\/wp\/v2\/posts\/7115\/revisions"}],"predecessor-version":[{"id":7117,"href":"https:\/\/mznoticia.com.br\/jaguariaiva\/wp-json\/wp\/v2\/posts\/7115\/revisions\/7117"}],"wp:featuredmedia":[{"embeddable":true,"href":"https:\/\/mznoticia.com.br\/jaguariaiva\/wp-json\/wp\/v2\/media\/7116"}],"wp:attachment":[{"href":"https:\/\/mznoticia.com.br\/jaguariaiva\/wp-json\/wp\/v2\/media?parent=7115"}],"wp:term":[{"taxonomy":"category","embeddable":true,"href":"https:\/\/mznoticia.com.br\/jaguariaiva\/wp-json\/wp\/v2\/categories?post=7115"},{"taxonomy":"post_tag","embeddable":true,"href":"https:\/\/mznoticia.com.br\/jaguariaiva\/wp-json\/wp\/v2\/tags?post=7115"}],"curies":[{"name":"wp","href":"https:\/\/api.w.org\/{rel}","templated":true}]}}