{"id":7118,"date":"2026-08-26T19:33:11","date_gmt":"2026-08-26T19:33:11","guid":{"rendered":"https:\/\/mznoticia.com.br\/jaguariaiva\/?p=7118"},"modified":"2026-08-26T19:33:11","modified_gmt":"2026-08-26T19:33:11","slug":"salario-minimo-em-2027-pode-injetar-r-82-bilhoes-na-economia","status":"publish","type":"post","link":"https:\/\/mznoticia.com.br\/jaguariaiva\/salario-minimo-em-2027-pode-injetar-r-82-bilhoes-na-economia\/","title":{"rendered":"Sal\u00e1rio m\u00ednimo em 2027 pode injetar R$ 82 bilh\u00f5es na economia"},"content":{"rendered":"<p class=\"isSelectedEnd\"><strong>Reajuste previsto pelo governo representa aumento de R$ 120 em rela\u00e7\u00e3o ao piso atual e pode estimular o consumo, especialmente no com\u00e9rcio e em setores populares<\/strong><\/p>\n<p class=\"isSelectedEnd\">O sal\u00e1rio m\u00ednimo projetado pelo governo para 2027 \u00e9 de <strong>R$ 1.741<\/strong>, valor que representa um aumento de <strong>R$ 120<\/strong> em rela\u00e7\u00e3o ao piso atual, de R$ 1.621.<\/p>\n<p class=\"isSelectedEnd\">O reajuste, caso seja confirmado, ficar\u00e1 acima da infla\u00e7\u00e3o projetada e poder\u00e1 ter impacto direto sobre o consumo das fam\u00edlias. A estimativa \u00e9 de que a eleva\u00e7\u00e3o do sal\u00e1rio m\u00ednimo tenha potencial para <strong>injetar cerca de R$ 82 bilh\u00f5es na economia brasileira<\/strong>.<\/p>\n<h2>Com\u00e9rcio pode ser beneficiado<\/h2>\n<p class=\"isSelectedEnd\">O aumento da renda tende a gerar reflexos mais imediatos em setores ligados ao consumo cotidiano. Supermercados, farm\u00e1cias, com\u00e9rcios regionais e estabelecimentos voltados ao p\u00fablico de menor renda est\u00e3o entre os segmentos que podem sentir os efeitos positivos da maior circula\u00e7\u00e3o de dinheiro.<\/p>\n<p class=\"isSelectedEnd\">Economistas e especialistas avaliam que a valoriza\u00e7\u00e3o do sal\u00e1rio m\u00ednimo pode contribuir para ampliar o consumo e reduzir desigualdades e a pobreza, principalmente entre fam\u00edlias que dependem diretamente do piso nacional.<\/p>\n<h2>Reajuste tamb\u00e9m aumenta despesas do governo<\/h2>\n<p class=\"isSelectedEnd\">Apesar do poss\u00edvel est\u00edmulo \u00e0 economia, o aumento do sal\u00e1rio m\u00ednimo tamb\u00e9m gera preocupa\u00e7\u00e3o em rela\u00e7\u00e3o \u00e0s contas p\u00fablicas.<\/p>\n<p class=\"isSelectedEnd\">Isso ocorre porque diversos pagamentos do governo s\u00e3o vinculados ao valor do piso nacional, incluindo <strong>aposentadorias, seguro-desemprego e o Benef\u00edcio de Presta\u00e7\u00e3o Continuada (BPC)<\/strong>.<\/p>\n<p class=\"isSelectedEnd\">Com isso, um sal\u00e1rio m\u00ednimo maior eleva automaticamente parte das despesas obrigat\u00f3rias da Uni\u00e3o.<\/p>\n<h2>Valor ainda pode mudar<\/h2>\n<p class=\"isSelectedEnd\">O valor de <strong>R$ 1.741<\/strong> \u00e9 uma proje\u00e7\u00e3o e poder\u00e1 sofrer altera\u00e7\u00e3o at\u00e9 o fim de 2026. O c\u00e1lculo considera a infla\u00e7\u00e3o e o crescimento do Produto Interno Bruto (PIB), seguindo a pol\u00edtica de valoriza\u00e7\u00e3o do sal\u00e1rio m\u00ednimo.<\/p>\n<p class=\"isSelectedEnd\">A proposta or\u00e7ament\u00e1ria para 2027 dever\u00e1 ser encaminhada ao Congresso at\u00e9 o fim de agosto, e o valor definitivo depender\u00e1 dos indicadores econ\u00f4micos considerados no c\u00e1lculo.<\/p>\n<h2>Aumento ter\u00e1 ganho real<\/h2>\n<p class=\"isSelectedEnd\">A proje\u00e7\u00e3o atual representa um aumento nominal de aproximadamente <strong>7,4%<\/strong> sobre o sal\u00e1rio m\u00ednimo de R$ 1.621.<\/p>\n<p class=\"isSelectedEnd\">A estimativa de infla\u00e7\u00e3o considerada \u00e9 de <strong>4,93%<\/strong>, o que resulta em um ganho real de cerca de <strong>2,4%<\/strong> para o trabalhador que recebe o piso nacional.<\/p>\n<p class=\"isSelectedEnd\">A regra de reajuste tamb\u00e9m est\u00e1 submetida aos limites estabelecidos pelo Novo Arcabou\u00e7o Fiscal, que prev\u00ea restri\u00e7\u00f5es para o crescimento real das despesas da Uni\u00e3o.<\/p>\n<h2>Sal\u00e1rio m\u00ednimo ideal \u00e9 muito superior<\/h2>\n<p class=\"isSelectedEnd\">Apesar do aumento previsto para 2027, o valor ainda est\u00e1 distante do sal\u00e1rio m\u00ednimo considerado necess\u00e1rio para atender \u00e0s despesas b\u00e1sicas de uma fam\u00edlia.<\/p>\n<p>Estimativa do Departamento Intersindical de Estat\u00edstica e Estudos Socioecon\u00f4micos (Dieese) aponta que o sal\u00e1rio m\u00ednimo necess\u00e1rio seria superior a <strong>R$ 7.600<\/strong>.<\/p>\n","protected":false},"excerpt":{"rendered":"<p>Reajuste previsto pelo governo representa aumento de R$ 120 em rela\u00e7\u00e3o ao piso atual e pode estimular o consumo, especialmente no com\u00e9rcio e em setores populares O sal\u00e1rio m\u00ednimo projetado pelo governo para 2027 \u00e9 de R$ 1.741, valor que representa um aumento de R$ 120 em rela\u00e7\u00e3o ao piso atual, de R$ 1.621. O [&hellip;]<\/p>\n","protected":false},"author":16,"featured_media":7119,"comment_status":"open","ping_status":"open","sticky":false,"template":"","format":"standard","meta":{"footnotes":""},"categories":[132,12],"tags":[581,609,968,82,1039,2195,47,478,549,2792,2790,2791,586],"class_list":["post-7118","post","type-post","status-publish","format-standard","has-post-thumbnail","hentry","category-economia","category-geral","tag-aposentadoria","tag-beneficios-sociais","tag-bpc","tag-brasil","tag-comercio","tag-consumo","tag-destaque","tag-economia","tag-governo-federal","tag-renda","tag-salario-minimo","tag-salario-minimo-2027","tag-trabalhadores"],"yoast_head":"<!-- This site is optimized with the Yoast SEO plugin v28.1 - https:\/\/yoast.com\/product\/yoast-seo-wordpress\/ -->\n<title>Sal\u00e1rio m\u00ednimo em 2027 pode injetar R$ 82 bilh\u00f5es na economia - Mz Not\u00edcias<\/title>\n<meta name=\"description\" content=\"Sal\u00e1rio m\u00ednimo de R$ 1.741 em 2027 pode injetar R$ 82 bilh\u00f5es na economia, estimular o com\u00e9rcio e aumentar despesas do governo.\" \/>\n<meta name=\"robots\" content=\"index, follow, max-snippet:-1, max-image-preview:large, max-video-preview:-1\" \/>\n<link rel=\"canonical\" href=\"https:\/\/mznoticia.com.br\/jaguariaiva\/salario-minimo-em-2027-pode-injetar-r-82-bilhoes-na-economia\/\" \/>\n<meta property=\"og:locale\" content=\"pt_BR\" \/>\n<meta property=\"og:type\" content=\"article\" \/>\n<meta property=\"og:title\" content=\"Sal\u00e1rio m\u00ednimo em 2027 pode injetar R$ 82 bilh\u00f5es na economia - Mz Not\u00edcias\" \/>\n<meta property=\"og:description\" content=\"Sal\u00e1rio m\u00ednimo de R$ 1.741 em 2027 pode injetar R$ 82 bilh\u00f5es na economia, estimular o com\u00e9rcio e aumentar despesas do governo.\" \/>\n<meta property=\"og:url\" content=\"https:\/\/mznoticia.com.br\/jaguariaiva\/salario-minimo-em-2027-pode-injetar-r-82-bilhoes-na-economia\/\" \/>\n<meta property=\"og:site_name\" content=\"Mz Not\u00edcias\" \/>\n<meta property=\"article:publisher\" content=\"https:\/\/www.facebook.com\/profile.php?id=61573479951222\" \/>\n<meta property=\"article:published_time\" content=\"2026-08-26T19:33:11+00:00\" \/>\n<meta property=\"og:image\" content=\"https:\/\/mznoticia.com.br\/jaguariaiva\/wp-content\/uploads\/2026\/08\/dinheiro.webp\" \/>\n\t<meta property=\"og:image:width\" content=\"1075\" \/>\n\t<meta property=\"og:image:height\" content=\"720\" \/>\n\t<meta property=\"og:image:type\" content=\"image\/webp\" \/>\n<meta name=\"author\" content=\"Redacao mz\" \/>\n<meta name=\"twitter:card\" content=\"summary_large_image\" \/>\n<meta name=\"twitter:label1\" content=\"Escrito por\" \/>\n\t<meta name=\"twitter:data1\" content=\"Redacao mz\" \/>\n\t<meta name=\"twitter:label2\" content=\"Est. tempo de leitura\" \/>\n\t<meta name=\"twitter:data2\" content=\"3 minutos\" \/>\n<script type=\"application\/ld+json\" class=\"yoast-schema-graph\">{\"@context\":\"https:\\\/\\\/schema.org\",\"@graph\":[{\"@type\":\"Article\",\"@id\":\"https:\\\/\\\/mznoticia.com.br\\\/jaguariaiva\\\/salario-minimo-em-2027-pode-injetar-r-82-bilhoes-na-economia\\\/#article\",\"isPartOf\":{\"@id\":\"https:\\\/\\\/mznoticia.com.br\\\/jaguariaiva\\\/salario-minimo-em-2027-pode-injetar-r-82-bilhoes-na-economia\\\/\"},\"author\":{\"name\":\"Redacao mz\",\"@id\":\"https:\\\/\\\/mznoticia.com.br\\\/jaguariaiva\\\/#\\\/schema\\\/person\\\/84012d827247b3f42f37b550da79cd03\"},\"headline\":\"Sal\u00e1rio m\u00ednimo em 2027 pode injetar R$ 82 bilh\u00f5es na economia\",\"datePublished\":\"2026-08-26T19:33:11+00:00\",\"mainEntityOfPage\":{\"@id\":\"https:\\\/\\\/mznoticia.com.br\\\/jaguariaiva\\\/salario-minimo-em-2027-pode-injetar-r-82-bilhoes-na-economia\\\/\"},\"wordCount\":489,\"commentCount\":0,\"publisher\":{\"@id\":\"https:\\\/\\\/mznoticia.com.br\\\/jaguariaiva\\\/#organization\"},\"image\":{\"@id\":\"https:\\\/\\\/mznoticia.com.br\\\/jaguariaiva\\\/salario-minimo-em-2027-pode-injetar-r-82-bilhoes-na-economia\\\/#primaryimage\"},\"thumbnailUrl\":\"https:\\\/\\\/mznoticia.com.br\\\/jaguariaiva\\\/wp-content\\\/uploads\\\/2026\\\/08\\\/dinheiro.webp\",\"keywords\":[\"aposentadoria\",\"benef\u00edcios sociais\",\"BPC\",\"brasil\",\"Com\u00e9rcio\",\"consumo\",\"destaque\",\"Economia\",\"Governo Federal\",\"renda\",\"Sal\u00e1rio m\u00ednimo\",\"sal\u00e1rio m\u00ednimo 2027\",\"trabalhadores\"],\"articleSection\":[\"Economia\",\"Geral\"],\"inLanguage\":\"pt-BR\",\"potentialAction\":[{\"@type\":\"CommentAction\",\"name\":\"Comment\",\"target\":[\"https:\\\/\\\/mznoticia.com.br\\\/jaguariaiva\\\/salario-minimo-em-2027-pode-injetar-r-82-bilhoes-na-economia\\\/#respond\"]}]},{\"@type\":\"WebPage\",\"@id\":\"https:\\\/\\\/mznoticia.com.br\\\/jaguariaiva\\\/salario-minimo-em-2027-pode-injetar-r-82-bilhoes-na-economia\\\/\",\"url\":\"https:\\\/\\\/mznoticia.com.br\\\/jaguariaiva\\\/salario-minimo-em-2027-pode-injetar-r-82-bilhoes-na-economia\\\/\",\"name\":\"Sal\u00e1rio m\u00ednimo em 2027 pode injetar R$ 82 bilh\u00f5es na economia - Mz Not\u00edcias\",\"isPartOf\":{\"@id\":\"https:\\\/\\\/mznoticia.com.br\\\/jaguariaiva\\\/#website\"},\"primaryImageOfPage\":{\"@id\":\"https:\\\/\\\/mznoticia.com.br\\\/jaguariaiva\\\/salario-minimo-em-2027-pode-injetar-r-82-bilhoes-na-economia\\\/#primaryimage\"},\"image\":{\"@id\":\"https:\\\/\\\/mznoticia.com.br\\\/jaguariaiva\\\/salario-minimo-em-2027-pode-injetar-r-82-bilhoes-na-economia\\\/#primaryimage\"},\"thumbnailUrl\":\"https:\\\/\\\/mznoticia.com.br\\\/jaguariaiva\\\/wp-content\\\/uploads\\\/2026\\\/08\\\/dinheiro.webp\",\"datePublished\":\"2026-08-26T19:33:11+00:00\",\"description\":\"Sal\u00e1rio m\u00ednimo de R$ 1.741 em 2027 pode injetar R$ 82 bilh\u00f5es na economia, estimular o com\u00e9rcio e aumentar despesas do governo.\",\"breadcrumb\":{\"@id\":\"https:\\\/\\\/mznoticia.com.br\\\/jaguariaiva\\\/salario-minimo-em-2027-pode-injetar-r-82-bilhoes-na-economia\\\/#breadcrumb\"},\"inLanguage\":\"pt-BR\",\"potentialAction\":[{\"@type\":\"ReadAction\",\"target\":[\"https:\\\/\\\/mznoticia.com.br\\\/jaguariaiva\\\/salario-minimo-em-2027-pode-injetar-r-82-bilhoes-na-economia\\\/\"]}]},{\"@type\":\"ImageObject\",\"inLanguage\":\"pt-BR\",\"@id\":\"https:\\\/\\\/mznoticia.com.br\\\/jaguariaiva\\\/salario-minimo-em-2027-pode-injetar-r-82-bilhoes-na-economia\\\/#primaryimage\",\"url\":\"https:\\\/\\\/mznoticia.com.br\\\/jaguariaiva\\\/wp-content\\\/uploads\\\/2026\\\/08\\\/dinheiro.webp\",\"contentUrl\":\"https:\\\/\\\/mznoticia.com.br\\\/jaguariaiva\\\/wp-content\\\/uploads\\\/2026\\\/08\\\/dinheiro.webp\",\"width\":1075,\"height\":720},{\"@type\":\"BreadcrumbList\",\"@id\":\"https:\\\/\\\/mznoticia.com.br\\\/jaguariaiva\\\/salario-minimo-em-2027-pode-injetar-r-82-bilhoes-na-economia\\\/#breadcrumb\",\"itemListElement\":[{\"@type\":\"ListItem\",\"position\":1,\"name\":\"Home\",\"item\":\"https:\\\/\\\/mznoticia.com.br\\\/jaguariaiva\\\/\"},{\"@type\":\"ListItem\",\"position\":2,\"name\":\"Sal\u00e1rio m\u00ednimo em 2027 pode injetar R$ 82 bilh\u00f5es na economia\"}]},{\"@type\":\"WebSite\",\"@id\":\"https:\\\/\\\/mznoticia.com.br\\\/jaguariaiva\\\/#website\",\"url\":\"https:\\\/\\\/mznoticia.com.br\\\/jaguariaiva\\\/\",\"name\":\"Mz Not\u00edcia\",\"description\":\"A informa\u00e7\u00e3o que voc\u00ea precisa na hora certa!\",\"publisher\":{\"@id\":\"https:\\\/\\\/mznoticia.com.br\\\/jaguariaiva\\\/#organization\"},\"potentialAction\":[{\"@type\":\"SearchAction\",\"target\":{\"@type\":\"EntryPoint\",\"urlTemplate\":\"https:\\\/\\\/mznoticia.com.br\\\/jaguariaiva\\\/?s={search_term_string}\"},\"query-input\":{\"@type\":\"PropertyValueSpecification\",\"valueRequired\":true,\"valueName\":\"search_term_string\"}}],\"inLanguage\":\"pt-BR\"},{\"@type\":\"Organization\",\"@id\":\"https:\\\/\\\/mznoticia.com.br\\\/jaguariaiva\\\/#organization\",\"name\":\"Mz Not\u00edcia\",\"url\":\"https:\\\/\\\/mznoticia.com.br\\\/jaguariaiva\\\/\",\"logo\":{\"@type\":\"ImageObject\",\"inLanguage\":\"pt-BR\",\"@id\":\"https:\\\/\\\/mznoticia.com.br\\\/jaguariaiva\\\/#\\\/schema\\\/logo\\\/image\\\/\",\"url\":\"https:\\\/\\\/mznoticia.com.br\\\/jaguariaiva\\\/wp-content\\\/uploads\\\/2025\\\/03\\\/Design-sem-nome-4-e1741200616392.png\",\"contentUrl\":\"https:\\\/\\\/mznoticia.com.br\\\/jaguariaiva\\\/wp-content\\\/uploads\\\/2025\\\/03\\\/Design-sem-nome-4-e1741200616392.png\",\"width\":750,\"height\":563,\"caption\":\"Mz Not\u00edcia\"},\"image\":{\"@id\":\"https:\\\/\\\/mznoticia.com.br\\\/jaguariaiva\\\/#\\\/schema\\\/logo\\\/image\\\/\"},\"sameAs\":[\"https:\\\/\\\/www.facebook.com\\\/profile.php?id=61573479951222\",\"https:\\\/\\\/www.instagram.com\\\/mz.jaguariaiva\\\/\"]},{\"@type\":\"Person\",\"@id\":\"https:\\\/\\\/mznoticia.com.br\\\/jaguariaiva\\\/#\\\/schema\\\/person\\\/84012d827247b3f42f37b550da79cd03\",\"name\":\"Redacao mz\",\"image\":{\"@type\":\"ImageObject\",\"inLanguage\":\"pt-BR\",\"@id\":\"https:\\\/\\\/mznoticia.com.br\\\/jaguariaiva\\\/wp-content\\\/uploads\\\/2025\\\/02\\\/mznoticia_jaguariaiva_coluna-150x150.png\",\"url\":\"https:\\\/\\\/mznoticia.com.br\\\/jaguariaiva\\\/wp-content\\\/uploads\\\/2025\\\/02\\\/mznoticia_jaguariaiva_coluna-150x150.png\",\"contentUrl\":\"https:\\\/\\\/mznoticia.com.br\\\/jaguariaiva\\\/wp-content\\\/uploads\\\/2025\\\/02\\\/mznoticia_jaguariaiva_coluna-150x150.png\",\"caption\":\"Redacao mz\"},\"sameAs\":[\"http:\\\/\\\/mznoticia.com.br\"],\"url\":\"https:\\\/\\\/mznoticia.com.br\\\/jaguariaiva\\\/author\\\/lucimara\\\/\"}]}<\/script>\n<!-- \/ Yoast SEO plugin. -->","yoast_head_json":{"title":"Sal\u00e1rio m\u00ednimo em 2027 pode injetar R$ 82 bilh\u00f5es na economia - Mz Not\u00edcias","description":"Sal\u00e1rio m\u00ednimo de R$ 1.741 em 2027 pode injetar R$ 82 bilh\u00f5es na economia, estimular o com\u00e9rcio e aumentar despesas do governo.","robots":{"index":"index","follow":"follow","max-snippet":"max-snippet:-1","max-image-preview":"max-image-preview:large","max-video-preview":"max-video-preview:-1"},"canonical":"https:\/\/mznoticia.com.br\/jaguariaiva\/salario-minimo-em-2027-pode-injetar-r-82-bilhoes-na-economia\/","og_locale":"pt_BR","og_type":"article","og_title":"Sal\u00e1rio m\u00ednimo em 2027 pode injetar R$ 82 bilh\u00f5es na economia - Mz Not\u00edcias","og_description":"Sal\u00e1rio m\u00ednimo de R$ 1.741 em 2027 pode injetar R$ 82 bilh\u00f5es na economia, estimular o com\u00e9rcio e aumentar despesas do governo.","og_url":"https:\/\/mznoticia.com.br\/jaguariaiva\/salario-minimo-em-2027-pode-injetar-r-82-bilhoes-na-economia\/","og_site_name":"Mz Not\u00edcias","article_publisher":"https:\/\/www.facebook.com\/profile.php?id=61573479951222","article_published_time":"2026-08-26T19:33:11+00:00","og_image":[{"width":1075,"height":720,"url":"https:\/\/mznoticia.com.br\/jaguariaiva\/wp-content\/uploads\/2026\/08\/dinheiro.webp","type":"image\/webp"}],"author":"Redacao mz","twitter_card":"summary_large_image","twitter_misc":{"Escrito por":"Redacao mz","Est. tempo de leitura":"3 minutos"},"schema":{"@context":"https:\/\/schema.org","@graph":[{"@type":"Article","@id":"https:\/\/mznoticia.com.br\/jaguariaiva\/salario-minimo-em-2027-pode-injetar-r-82-bilhoes-na-economia\/#article","isPartOf":{"@id":"https:\/\/mznoticia.com.br\/jaguariaiva\/salario-minimo-em-2027-pode-injetar-r-82-bilhoes-na-economia\/"},"author":{"name":"Redacao mz","@id":"https:\/\/mznoticia.com.br\/jaguariaiva\/#\/schema\/person\/84012d827247b3f42f37b550da79cd03"},"headline":"Sal\u00e1rio m\u00ednimo em 2027 pode injetar R$ 82 bilh\u00f5es na economia","datePublished":"2026-08-26T19:33:11+00:00","mainEntityOfPage":{"@id":"https:\/\/mznoticia.com.br\/jaguariaiva\/salario-minimo-em-2027-pode-injetar-r-82-bilhoes-na-economia\/"},"wordCount":489,"commentCount":0,"publisher":{"@id":"https:\/\/mznoticia.com.br\/jaguariaiva\/#organization"},"image":{"@id":"https:\/\/mznoticia.com.br\/jaguariaiva\/salario-minimo-em-2027-pode-injetar-r-82-bilhoes-na-economia\/#primaryimage"},"thumbnailUrl":"https:\/\/mznoticia.com.br\/jaguariaiva\/wp-content\/uploads\/2026\/08\/dinheiro.webp","keywords":["aposentadoria","benef\u00edcios sociais","BPC","brasil","Com\u00e9rcio","consumo","destaque","Economia","Governo Federal","renda","Sal\u00e1rio m\u00ednimo","sal\u00e1rio m\u00ednimo 2027","trabalhadores"],"articleSection":["Economia","Geral"],"inLanguage":"pt-BR","potentialAction":[{"@type":"CommentAction","name":"Comment","target":["https:\/\/mznoticia.com.br\/jaguariaiva\/salario-minimo-em-2027-pode-injetar-r-82-bilhoes-na-economia\/#respond"]}]},{"@type":"WebPage","@id":"https:\/\/mznoticia.com.br\/jaguariaiva\/salario-minimo-em-2027-pode-injetar-r-82-bilhoes-na-economia\/","url":"https:\/\/mznoticia.com.br\/jaguariaiva\/salario-minimo-em-2027-pode-injetar-r-82-bilhoes-na-economia\/","name":"Sal\u00e1rio m\u00ednimo em 2027 pode injetar R$ 82 bilh\u00f5es na economia - Mz Not\u00edcias","isPartOf":{"@id":"https:\/\/mznoticia.com.br\/jaguariaiva\/#website"},"primaryImageOfPage":{"@id":"https:\/\/mznoticia.com.br\/jaguariaiva\/salario-minimo-em-2027-pode-injetar-r-82-bilhoes-na-economia\/#primaryimage"},"image":{"@id":"https:\/\/mznoticia.com.br\/jaguariaiva\/salario-minimo-em-2027-pode-injetar-r-82-bilhoes-na-economia\/#primaryimage"},"thumbnailUrl":"https:\/\/mznoticia.com.br\/jaguariaiva\/wp-content\/uploads\/2026\/08\/dinheiro.webp","datePublished":"2026-08-26T19:33:11+00:00","description":"Sal\u00e1rio m\u00ednimo de R$ 1.741 em 2027 pode injetar R$ 82 bilh\u00f5es na economia, estimular o com\u00e9rcio e aumentar despesas do governo.","breadcrumb":{"@id":"https:\/\/mznoticia.com.br\/jaguariaiva\/salario-minimo-em-2027-pode-injetar-r-82-bilhoes-na-economia\/#breadcrumb"},"inLanguage":"pt-BR","potentialAction":[{"@type":"ReadAction","target":["https:\/\/mznoticia.com.br\/jaguariaiva\/salario-minimo-em-2027-pode-injetar-r-82-bilhoes-na-economia\/"]}]},{"@type":"ImageObject","inLanguage":"pt-BR","@id":"https:\/\/mznoticia.com.br\/jaguariaiva\/salario-minimo-em-2027-pode-injetar-r-82-bilhoes-na-economia\/#primaryimage","url":"https:\/\/mznoticia.com.br\/jaguariaiva\/wp-content\/uploads\/2026\/08\/dinheiro.webp","contentUrl":"https:\/\/mznoticia.com.br\/jaguariaiva\/wp-content\/uploads\/2026\/08\/dinheiro.webp","width":1075,"height":720},{"@type":"BreadcrumbList","@id":"https:\/\/mznoticia.com.br\/jaguariaiva\/salario-minimo-em-2027-pode-injetar-r-82-bilhoes-na-economia\/#breadcrumb","itemListElement":[{"@type":"ListItem","position":1,"name":"Home","item":"https:\/\/mznoticia.com.br\/jaguariaiva\/"},{"@type":"ListItem","position":2,"name":"Sal\u00e1rio m\u00ednimo em 2027 pode injetar R$ 82 bilh\u00f5es na economia"}]},{"@type":"WebSite","@id":"https:\/\/mznoticia.com.br\/jaguariaiva\/#website","url":"https:\/\/mznoticia.com.br\/jaguariaiva\/","name":"Mz Not\u00edcia","description":"A informa\u00e7\u00e3o que voc\u00ea precisa na hora certa!","publisher":{"@id":"https:\/\/mznoticia.com.br\/jaguariaiva\/#organization"},"potentialAction":[{"@type":"SearchAction","target":{"@type":"EntryPoint","urlTemplate":"https:\/\/mznoticia.com.br\/jaguariaiva\/?s={search_term_string}"},"query-input":{"@type":"PropertyValueSpecification","valueRequired":true,"valueName":"search_term_string"}}],"inLanguage":"pt-BR"},{"@type":"Organization","@id":"https:\/\/mznoticia.com.br\/jaguariaiva\/#organization","name":"Mz Not\u00edcia","url":"https:\/\/mznoticia.com.br\/jaguariaiva\/","logo":{"@type":"ImageObject","inLanguage":"pt-BR","@id":"https:\/\/mznoticia.com.br\/jaguariaiva\/#\/schema\/logo\/image\/","url":"https:\/\/mznoticia.com.br\/jaguariaiva\/wp-content\/uploads\/2025\/03\/Design-sem-nome-4-e1741200616392.png","contentUrl":"https:\/\/mznoticia.com.br\/jaguariaiva\/wp-content\/uploads\/2025\/03\/Design-sem-nome-4-e1741200616392.png","width":750,"height":563,"caption":"Mz Not\u00edcia"},"image":{"@id":"https:\/\/mznoticia.com.br\/jaguariaiva\/#\/schema\/logo\/image\/"},"sameAs":["https:\/\/www.facebook.com\/profile.php?id=61573479951222","https:\/\/www.instagram.com\/mz.jaguariaiva\/"]},{"@type":"Person","@id":"https:\/\/mznoticia.com.br\/jaguariaiva\/#\/schema\/person\/84012d827247b3f42f37b550da79cd03","name":"Redacao mz","image":{"@type":"ImageObject","inLanguage":"pt-BR","@id":"https:\/\/mznoticia.com.br\/jaguariaiva\/wp-content\/uploads\/2025\/02\/mznoticia_jaguariaiva_coluna-150x150.png","url":"https:\/\/mznoticia.com.br\/jaguariaiva\/wp-content\/uploads\/2025\/02\/mznoticia_jaguariaiva_coluna-150x150.png","contentUrl":"https:\/\/mznoticia.com.br\/jaguariaiva\/wp-content\/uploads\/2025\/02\/mznoticia_jaguariaiva_coluna-150x150.png","caption":"Redacao mz"},"sameAs":["http:\/\/mznoticia.com.br"],"url":"https:\/\/mznoticia.com.br\/jaguariaiva\/author\/lucimara\/"}]}},"_links":{"self":[{"href":"https:\/\/mznoticia.com.br\/jaguariaiva\/wp-json\/wp\/v2\/posts\/7118","targetHints":{"allow":["GET"]}}],"collection":[{"href":"https:\/\/mznoticia.com.br\/jaguariaiva\/wp-json\/wp\/v2\/posts"}],"about":[{"href":"https:\/\/mznoticia.com.br\/jaguariaiva\/wp-json\/wp\/v2\/types\/post"}],"author":[{"embeddable":true,"href":"https:\/\/mznoticia.com.br\/jaguariaiva\/wp-json\/wp\/v2\/users\/16"}],"replies":[{"embeddable":true,"href":"https:\/\/mznoticia.com.br\/jaguariaiva\/wp-json\/wp\/v2\/comments?post=7118"}],"version-history":[{"count":1,"href":"https:\/\/mznoticia.com.br\/jaguariaiva\/wp-json\/wp\/v2\/posts\/7118\/revisions"}],"predecessor-version":[{"id":7120,"href":"https:\/\/mznoticia.com.br\/jaguariaiva\/wp-json\/wp\/v2\/posts\/7118\/revisions\/7120"}],"wp:featuredmedia":[{"embeddable":true,"href":"https:\/\/mznoticia.com.br\/jaguariaiva\/wp-json\/wp\/v2\/media\/7119"}],"wp:attachment":[{"href":"https:\/\/mznoticia.com.br\/jaguariaiva\/wp-json\/wp\/v2\/media?parent=7118"}],"wp:term":[{"taxonomy":"category","embeddable":true,"href":"https:\/\/mznoticia.com.br\/jaguariaiva\/wp-json\/wp\/v2\/categories?post=7118"},{"taxonomy":"post_tag","embeddable":true,"href":"https:\/\/mznoticia.com.br\/jaguariaiva\/wp-json\/wp\/v2\/tags?post=7118"}],"curies":[{"name":"wp","href":"https:\/\/api.w.org\/{rel}","templated":true}]}}