{"id":7130,"date":"2026-08-26T20:19:53","date_gmt":"2026-08-26T20:19:53","guid":{"rendered":"https:\/\/mznoticia.com.br\/jaguariaiva\/?p=7130"},"modified":"2026-08-26T20:19:53","modified_gmt":"2026-08-26T20:19:53","slug":"habibs-pede-recuperacao-judicial-com-divida-de-r-265-milhoes","status":"publish","type":"post","link":"https:\/\/mznoticia.com.br\/jaguariaiva\/habibs-pede-recuperacao-judicial-com-divida-de-r-265-milhoes\/","title":{"rendered":"Habib\u2019s pede recupera\u00e7\u00e3o judicial com d\u00edvida de R$ 265 milh\u00f5es"},"content":{"rendered":"<p class=\"isSelectedEnd\"><strong>Rede de restaurantes atribui crise a efeitos da pandemia, mudan\u00e7a nos h\u00e1bitos de consumo e alta dos juros; grupo afirma que unidades seguem funcionando normalmente<\/strong><\/p>\n<p class=\"isSelectedEnd\">O Grupo Habib\u2019s entrou com pedido de <strong>recupera\u00e7\u00e3o judicial<\/strong> na segunda-feira (24), declarando uma d\u00edvida de <strong>R$ 265,2 milh\u00f5es<\/strong>.<\/p>\n<p class=\"isSelectedEnd\">O pedido foi aceito pela Justi\u00e7a de S\u00e3o Paulo na ter\u00e7a-feira (25). O juiz Jomar Juarez Amorim nomeou a consultoria KPMG como administradora judicial do processo.<\/p>\n<h2>Empresa diz que lojas continuam funcionando<\/h2>\n<p class=\"isSelectedEnd\">Em comunicado, o grupo afirmou que a recupera\u00e7\u00e3o judicial faz parte de um processo de reestrutura\u00e7\u00e3o financeira e tem como objetivo preservar a sustentabilidade do neg\u00f3cio no longo prazo.<\/p>\n<p class=\"isSelectedEnd\">A empresa tamb\u00e9m informou que as opera\u00e7\u00f5es seguem normalmente, com atendimento aos clientes e funcionamento regular das unidades.<\/p>\n<p class=\"isSelectedEnd\">O Grupo Gennius, controlador do Habib\u2019s, possui atualmente <strong>119 lojas pr\u00f3prias da rede Habib\u2019s, 26 unidades do Ragazzo e seis churrascarias Tendall<\/strong>.<\/p>\n<h2>Pandemia e delivery afetaram movimento<\/h2>\n<p class=\"isSelectedEnd\">No pedido apresentado \u00e0 Justi\u00e7a, o grupo aponta os efeitos da <strong>pandemia de Covid-19<\/strong> como um dos fatores que contribu\u00edram para a crise financeira.<\/p>\n<p class=\"isSelectedEnd\">Segundo a empresa, a redu\u00e7\u00e3o do movimento em shoppings e centros urbanos, onde estavam concentradas muitas unidades, afetou o desempenho dos restaurantes.<\/p>\n<p class=\"isSelectedEnd\">A expans\u00e3o do <strong>delivery<\/strong> tamb\u00e9m teria provocado mudan\u00e7as nos h\u00e1bitos dos consumidores e reduzido o fluxo de clientes nos estabelecimentos f\u00edsicos.<\/p>\n<h2>Alta dos juros aumentou press\u00e3o financeira<\/h2>\n<p class=\"isSelectedEnd\">Outro fator citado pela empresa foi a <strong>alta dos juros<\/strong>, que elevou o custo das d\u00edvidas justamente em um per\u00edodo de menor movimento e press\u00e3o sobre o caixa.<\/p>\n<p class=\"isSelectedEnd\">De acordo com o grupo, a combina\u00e7\u00e3o desses fatores dificultou o pagamento de fornecedores e agravou a situa\u00e7\u00e3o financeira.<\/p>\n<p>O Habib\u2019s atua no Brasil h\u00e1 quase <strong>40 anos<\/strong> e agora dever\u00e1 apresentar um plano de recupera\u00e7\u00e3o judicial para reorganizar suas d\u00edvidas e tentar superar a crise financeira.<\/p>\n","protected":false},"excerpt":{"rendered":"<p>Rede de restaurantes atribui crise a efeitos da pandemia, mudan\u00e7a nos h\u00e1bitos de consumo e alta dos juros; grupo afirma que unidades seguem funcionando normalmente O Grupo Habib\u2019s entrou com pedido de recupera\u00e7\u00e3o judicial na segunda-feira (24), declarando uma d\u00edvida de R$ 265,2 milh\u00f5es. O pedido foi aceito pela Justi\u00e7a de S\u00e3o Paulo na ter\u00e7a-feira [&hellip;]<\/p>\n","protected":false},"author":16,"featured_media":7131,"comment_status":"open","ping_status":"open","sticky":false,"template":"","format":"standard","meta":{"footnotes":""},"categories":[5,132],"tags":[2182,47,1975,478,88,2811,2810,2812,2158,1930,113,2813],"class_list":["post-7130","post","type-post","status-publish","format-standard","has-post-thumbnail","hentry","category-brasil","category-economia","tag-crise-financeira","tag-destaque","tag-divida","tag-economia","tag-empresas","tag-grupo-gennius","tag-habibs","tag-ragazzo","tag-recuperacao-judicial","tag-restaurantes","tag-sao-paulo","tag-tendall"],"yoast_head":"<!-- This site is optimized with the Yoast SEO plugin v28.1 - https:\/\/yoast.com\/product\/yoast-seo-wordpress\/ -->\n<title>Habib\u2019s pede recupera\u00e7\u00e3o judicial com d\u00edvida de R$ 265 milh\u00f5es - Mz Not\u00edcias<\/title>\n<meta name=\"description\" content=\"Habib\u2019s entra em recupera\u00e7\u00e3o judicial com d\u00edvida de R$ 265,2 milh\u00f5es. Grupo cita pandemia, delivery e juros altos como fatores da crise.\" \/>\n<meta name=\"robots\" content=\"index, follow, max-snippet:-1, max-image-preview:large, max-video-preview:-1\" \/>\n<link rel=\"canonical\" href=\"https:\/\/mznoticia.com.br\/jaguariaiva\/habibs-pede-recuperacao-judicial-com-divida-de-r-265-milhoes\/\" \/>\n<meta property=\"og:locale\" content=\"pt_BR\" \/>\n<meta property=\"og:type\" content=\"article\" \/>\n<meta property=\"og:title\" content=\"Habib\u2019s pede recupera\u00e7\u00e3o judicial com d\u00edvida de R$ 265 milh\u00f5es - Mz Not\u00edcias\" \/>\n<meta property=\"og:description\" content=\"Habib\u2019s entra em recupera\u00e7\u00e3o judicial com d\u00edvida de R$ 265,2 milh\u00f5es. Grupo cita pandemia, delivery e juros altos como fatores da crise.\" \/>\n<meta property=\"og:url\" content=\"https:\/\/mznoticia.com.br\/jaguariaiva\/habibs-pede-recuperacao-judicial-com-divida-de-r-265-milhoes\/\" \/>\n<meta property=\"og:site_name\" content=\"Mz Not\u00edcias\" \/>\n<meta property=\"article:publisher\" content=\"https:\/\/www.facebook.com\/profile.php?id=61573479951222\" \/>\n<meta property=\"article:published_time\" content=\"2026-08-26T20:19:53+00:00\" \/>\n<meta property=\"og:image\" content=\"https:\/\/mznoticia.com.br\/jaguariaiva\/wp-content\/uploads\/2026\/08\/habibs.webp\" \/>\n\t<meta property=\"og:image:width\" content=\"1200\" \/>\n\t<meta property=\"og:image:height\" content=\"800\" \/>\n\t<meta property=\"og:image:type\" content=\"image\/webp\" \/>\n<meta name=\"author\" content=\"Redacao mz\" \/>\n<meta name=\"twitter:card\" content=\"summary_large_image\" \/>\n<meta name=\"twitter:label1\" content=\"Escrito por\" \/>\n\t<meta name=\"twitter:data1\" content=\"Redacao mz\" \/>\n\t<meta name=\"twitter:label2\" content=\"Est. tempo de leitura\" \/>\n\t<meta name=\"twitter:data2\" content=\"2 minutos\" \/>\n<script type=\"application\/ld+json\" class=\"yoast-schema-graph\">{\"@context\":\"https:\\\/\\\/schema.org\",\"@graph\":[{\"@type\":\"Article\",\"@id\":\"https:\\\/\\\/mznoticia.com.br\\\/jaguariaiva\\\/habibs-pede-recuperacao-judicial-com-divida-de-r-265-milhoes\\\/#article\",\"isPartOf\":{\"@id\":\"https:\\\/\\\/mznoticia.com.br\\\/jaguariaiva\\\/habibs-pede-recuperacao-judicial-com-divida-de-r-265-milhoes\\\/\"},\"author\":{\"name\":\"Redacao mz\",\"@id\":\"https:\\\/\\\/mznoticia.com.br\\\/jaguariaiva\\\/#\\\/schema\\\/person\\\/84012d827247b3f42f37b550da79cd03\"},\"headline\":\"Habib\u2019s pede recupera\u00e7\u00e3o judicial com d\u00edvida de R$ 265 milh\u00f5es\",\"datePublished\":\"2026-08-26T20:19:53+00:00\",\"mainEntityOfPage\":{\"@id\":\"https:\\\/\\\/mznoticia.com.br\\\/jaguariaiva\\\/habibs-pede-recuperacao-judicial-com-divida-de-r-265-milhoes\\\/\"},\"wordCount\":338,\"commentCount\":0,\"publisher\":{\"@id\":\"https:\\\/\\\/mznoticia.com.br\\\/jaguariaiva\\\/#organization\"},\"image\":{\"@id\":\"https:\\\/\\\/mznoticia.com.br\\\/jaguariaiva\\\/habibs-pede-recuperacao-judicial-com-divida-de-r-265-milhoes\\\/#primaryimage\"},\"thumbnailUrl\":\"https:\\\/\\\/mznoticia.com.br\\\/jaguariaiva\\\/wp-content\\\/uploads\\\/2026\\\/08\\\/habibs.webp\",\"keywords\":[\"crise financeira\",\"destaque\",\"D\u00edvida\",\"Economia\",\"empresas\",\"Grupo Gennius\",\"Habib\u2019s\",\"Ragazzo\",\"recupera\u00e7\u00e3o judicial\",\"restaurantes\",\"S\u00e3o Paulo\",\"Tendall\"],\"articleSection\":[\"Brasil\",\"Economia\"],\"inLanguage\":\"pt-BR\",\"potentialAction\":[{\"@type\":\"CommentAction\",\"name\":\"Comment\",\"target\":[\"https:\\\/\\\/mznoticia.com.br\\\/jaguariaiva\\\/habibs-pede-recuperacao-judicial-com-divida-de-r-265-milhoes\\\/#respond\"]}]},{\"@type\":\"WebPage\",\"@id\":\"https:\\\/\\\/mznoticia.com.br\\\/jaguariaiva\\\/habibs-pede-recuperacao-judicial-com-divida-de-r-265-milhoes\\\/\",\"url\":\"https:\\\/\\\/mznoticia.com.br\\\/jaguariaiva\\\/habibs-pede-recuperacao-judicial-com-divida-de-r-265-milhoes\\\/\",\"name\":\"Habib\u2019s pede recupera\u00e7\u00e3o judicial com d\u00edvida de R$ 265 milh\u00f5es - Mz Not\u00edcias\",\"isPartOf\":{\"@id\":\"https:\\\/\\\/mznoticia.com.br\\\/jaguariaiva\\\/#website\"},\"primaryImageOfPage\":{\"@id\":\"https:\\\/\\\/mznoticia.com.br\\\/jaguariaiva\\\/habibs-pede-recuperacao-judicial-com-divida-de-r-265-milhoes\\\/#primaryimage\"},\"image\":{\"@id\":\"https:\\\/\\\/mznoticia.com.br\\\/jaguariaiva\\\/habibs-pede-recuperacao-judicial-com-divida-de-r-265-milhoes\\\/#primaryimage\"},\"thumbnailUrl\":\"https:\\\/\\\/mznoticia.com.br\\\/jaguariaiva\\\/wp-content\\\/uploads\\\/2026\\\/08\\\/habibs.webp\",\"datePublished\":\"2026-08-26T20:19:53+00:00\",\"description\":\"Habib\u2019s entra em recupera\u00e7\u00e3o judicial com d\u00edvida de R$ 265,2 milh\u00f5es. Grupo cita pandemia, delivery e juros altos como fatores da crise.\",\"breadcrumb\":{\"@id\":\"https:\\\/\\\/mznoticia.com.br\\\/jaguariaiva\\\/habibs-pede-recuperacao-judicial-com-divida-de-r-265-milhoes\\\/#breadcrumb\"},\"inLanguage\":\"pt-BR\",\"potentialAction\":[{\"@type\":\"ReadAction\",\"target\":[\"https:\\\/\\\/mznoticia.com.br\\\/jaguariaiva\\\/habibs-pede-recuperacao-judicial-com-divida-de-r-265-milhoes\\\/\"]}]},{\"@type\":\"ImageObject\",\"inLanguage\":\"pt-BR\",\"@id\":\"https:\\\/\\\/mznoticia.com.br\\\/jaguariaiva\\\/habibs-pede-recuperacao-judicial-com-divida-de-r-265-milhoes\\\/#primaryimage\",\"url\":\"https:\\\/\\\/mznoticia.com.br\\\/jaguariaiva\\\/wp-content\\\/uploads\\\/2026\\\/08\\\/habibs.webp\",\"contentUrl\":\"https:\\\/\\\/mznoticia.com.br\\\/jaguariaiva\\\/wp-content\\\/uploads\\\/2026\\\/08\\\/habibs.webp\",\"width\":1200,\"height\":800},{\"@type\":\"BreadcrumbList\",\"@id\":\"https:\\\/\\\/mznoticia.com.br\\\/jaguariaiva\\\/habibs-pede-recuperacao-judicial-com-divida-de-r-265-milhoes\\\/#breadcrumb\",\"itemListElement\":[{\"@type\":\"ListItem\",\"position\":1,\"name\":\"Home\",\"item\":\"https:\\\/\\\/mznoticia.com.br\\\/jaguariaiva\\\/\"},{\"@type\":\"ListItem\",\"position\":2,\"name\":\"Habib\u2019s pede recupera\u00e7\u00e3o judicial com d\u00edvida de R$ 265 milh\u00f5es\"}]},{\"@type\":\"WebSite\",\"@id\":\"https:\\\/\\\/mznoticia.com.br\\\/jaguariaiva\\\/#website\",\"url\":\"https:\\\/\\\/mznoticia.com.br\\\/jaguariaiva\\\/\",\"name\":\"Mz Not\u00edcia\",\"description\":\"A informa\u00e7\u00e3o que voc\u00ea precisa na hora certa!\",\"publisher\":{\"@id\":\"https:\\\/\\\/mznoticia.com.br\\\/jaguariaiva\\\/#organization\"},\"potentialAction\":[{\"@type\":\"SearchAction\",\"target\":{\"@type\":\"EntryPoint\",\"urlTemplate\":\"https:\\\/\\\/mznoticia.com.br\\\/jaguariaiva\\\/?s={search_term_string}\"},\"query-input\":{\"@type\":\"PropertyValueSpecification\",\"valueRequired\":true,\"valueName\":\"search_term_string\"}}],\"inLanguage\":\"pt-BR\"},{\"@type\":\"Organization\",\"@id\":\"https:\\\/\\\/mznoticia.com.br\\\/jaguariaiva\\\/#organization\",\"name\":\"Mz Not\u00edcia\",\"url\":\"https:\\\/\\\/mznoticia.com.br\\\/jaguariaiva\\\/\",\"logo\":{\"@type\":\"ImageObject\",\"inLanguage\":\"pt-BR\",\"@id\":\"https:\\\/\\\/mznoticia.com.br\\\/jaguariaiva\\\/#\\\/schema\\\/logo\\\/image\\\/\",\"url\":\"https:\\\/\\\/mznoticia.com.br\\\/jaguariaiva\\\/wp-content\\\/uploads\\\/2025\\\/03\\\/Design-sem-nome-4-e1741200616392.png\",\"contentUrl\":\"https:\\\/\\\/mznoticia.com.br\\\/jaguariaiva\\\/wp-content\\\/uploads\\\/2025\\\/03\\\/Design-sem-nome-4-e1741200616392.png\",\"width\":750,\"height\":563,\"caption\":\"Mz Not\u00edcia\"},\"image\":{\"@id\":\"https:\\\/\\\/mznoticia.com.br\\\/jaguariaiva\\\/#\\\/schema\\\/logo\\\/image\\\/\"},\"sameAs\":[\"https:\\\/\\\/www.facebook.com\\\/profile.php?id=61573479951222\",\"https:\\\/\\\/www.instagram.com\\\/mz.jaguariaiva\\\/\"]},{\"@type\":\"Person\",\"@id\":\"https:\\\/\\\/mznoticia.com.br\\\/jaguariaiva\\\/#\\\/schema\\\/person\\\/84012d827247b3f42f37b550da79cd03\",\"name\":\"Redacao mz\",\"image\":{\"@type\":\"ImageObject\",\"inLanguage\":\"pt-BR\",\"@id\":\"https:\\\/\\\/mznoticia.com.br\\\/jaguariaiva\\\/wp-content\\\/uploads\\\/2025\\\/02\\\/mznoticia_jaguariaiva_coluna-150x150.png\",\"url\":\"https:\\\/\\\/mznoticia.com.br\\\/jaguariaiva\\\/wp-content\\\/uploads\\\/2025\\\/02\\\/mznoticia_jaguariaiva_coluna-150x150.png\",\"contentUrl\":\"https:\\\/\\\/mznoticia.com.br\\\/jaguariaiva\\\/wp-content\\\/uploads\\\/2025\\\/02\\\/mznoticia_jaguariaiva_coluna-150x150.png\",\"caption\":\"Redacao mz\"},\"sameAs\":[\"http:\\\/\\\/mznoticia.com.br\"],\"url\":\"https:\\\/\\\/mznoticia.com.br\\\/jaguariaiva\\\/author\\\/lucimara\\\/\"}]}<\/script>\n<!-- \/ Yoast SEO plugin. -->","yoast_head_json":{"title":"Habib\u2019s pede recupera\u00e7\u00e3o judicial com d\u00edvida de R$ 265 milh\u00f5es - Mz Not\u00edcias","description":"Habib\u2019s entra em recupera\u00e7\u00e3o judicial com d\u00edvida de R$ 265,2 milh\u00f5es. Grupo cita pandemia, delivery e juros altos como fatores da crise.","robots":{"index":"index","follow":"follow","max-snippet":"max-snippet:-1","max-image-preview":"max-image-preview:large","max-video-preview":"max-video-preview:-1"},"canonical":"https:\/\/mznoticia.com.br\/jaguariaiva\/habibs-pede-recuperacao-judicial-com-divida-de-r-265-milhoes\/","og_locale":"pt_BR","og_type":"article","og_title":"Habib\u2019s pede recupera\u00e7\u00e3o judicial com d\u00edvida de R$ 265 milh\u00f5es - Mz Not\u00edcias","og_description":"Habib\u2019s entra em recupera\u00e7\u00e3o judicial com d\u00edvida de R$ 265,2 milh\u00f5es. Grupo cita pandemia, delivery e juros altos como fatores da crise.","og_url":"https:\/\/mznoticia.com.br\/jaguariaiva\/habibs-pede-recuperacao-judicial-com-divida-de-r-265-milhoes\/","og_site_name":"Mz Not\u00edcias","article_publisher":"https:\/\/www.facebook.com\/profile.php?id=61573479951222","article_published_time":"2026-08-26T20:19:53+00:00","og_image":[{"width":1200,"height":800,"url":"https:\/\/mznoticia.com.br\/jaguariaiva\/wp-content\/uploads\/2026\/08\/habibs.webp","type":"image\/webp"}],"author":"Redacao mz","twitter_card":"summary_large_image","twitter_misc":{"Escrito por":"Redacao mz","Est. tempo de leitura":"2 minutos"},"schema":{"@context":"https:\/\/schema.org","@graph":[{"@type":"Article","@id":"https:\/\/mznoticia.com.br\/jaguariaiva\/habibs-pede-recuperacao-judicial-com-divida-de-r-265-milhoes\/#article","isPartOf":{"@id":"https:\/\/mznoticia.com.br\/jaguariaiva\/habibs-pede-recuperacao-judicial-com-divida-de-r-265-milhoes\/"},"author":{"name":"Redacao mz","@id":"https:\/\/mznoticia.com.br\/jaguariaiva\/#\/schema\/person\/84012d827247b3f42f37b550da79cd03"},"headline":"Habib\u2019s pede recupera\u00e7\u00e3o judicial com d\u00edvida de R$ 265 milh\u00f5es","datePublished":"2026-08-26T20:19:53+00:00","mainEntityOfPage":{"@id":"https:\/\/mznoticia.com.br\/jaguariaiva\/habibs-pede-recuperacao-judicial-com-divida-de-r-265-milhoes\/"},"wordCount":338,"commentCount":0,"publisher":{"@id":"https:\/\/mznoticia.com.br\/jaguariaiva\/#organization"},"image":{"@id":"https:\/\/mznoticia.com.br\/jaguariaiva\/habibs-pede-recuperacao-judicial-com-divida-de-r-265-milhoes\/#primaryimage"},"thumbnailUrl":"https:\/\/mznoticia.com.br\/jaguariaiva\/wp-content\/uploads\/2026\/08\/habibs.webp","keywords":["crise financeira","destaque","D\u00edvida","Economia","empresas","Grupo Gennius","Habib\u2019s","Ragazzo","recupera\u00e7\u00e3o judicial","restaurantes","S\u00e3o Paulo","Tendall"],"articleSection":["Brasil","Economia"],"inLanguage":"pt-BR","potentialAction":[{"@type":"CommentAction","name":"Comment","target":["https:\/\/mznoticia.com.br\/jaguariaiva\/habibs-pede-recuperacao-judicial-com-divida-de-r-265-milhoes\/#respond"]}]},{"@type":"WebPage","@id":"https:\/\/mznoticia.com.br\/jaguariaiva\/habibs-pede-recuperacao-judicial-com-divida-de-r-265-milhoes\/","url":"https:\/\/mznoticia.com.br\/jaguariaiva\/habibs-pede-recuperacao-judicial-com-divida-de-r-265-milhoes\/","name":"Habib\u2019s pede recupera\u00e7\u00e3o judicial com d\u00edvida de R$ 265 milh\u00f5es - Mz Not\u00edcias","isPartOf":{"@id":"https:\/\/mznoticia.com.br\/jaguariaiva\/#website"},"primaryImageOfPage":{"@id":"https:\/\/mznoticia.com.br\/jaguariaiva\/habibs-pede-recuperacao-judicial-com-divida-de-r-265-milhoes\/#primaryimage"},"image":{"@id":"https:\/\/mznoticia.com.br\/jaguariaiva\/habibs-pede-recuperacao-judicial-com-divida-de-r-265-milhoes\/#primaryimage"},"thumbnailUrl":"https:\/\/mznoticia.com.br\/jaguariaiva\/wp-content\/uploads\/2026\/08\/habibs.webp","datePublished":"2026-08-26T20:19:53+00:00","description":"Habib\u2019s entra em recupera\u00e7\u00e3o judicial com d\u00edvida de R$ 265,2 milh\u00f5es. Grupo cita pandemia, delivery e juros altos como fatores da crise.","breadcrumb":{"@id":"https:\/\/mznoticia.com.br\/jaguariaiva\/habibs-pede-recuperacao-judicial-com-divida-de-r-265-milhoes\/#breadcrumb"},"inLanguage":"pt-BR","potentialAction":[{"@type":"ReadAction","target":["https:\/\/mznoticia.com.br\/jaguariaiva\/habibs-pede-recuperacao-judicial-com-divida-de-r-265-milhoes\/"]}]},{"@type":"ImageObject","inLanguage":"pt-BR","@id":"https:\/\/mznoticia.com.br\/jaguariaiva\/habibs-pede-recuperacao-judicial-com-divida-de-r-265-milhoes\/#primaryimage","url":"https:\/\/mznoticia.com.br\/jaguariaiva\/wp-content\/uploads\/2026\/08\/habibs.webp","contentUrl":"https:\/\/mznoticia.com.br\/jaguariaiva\/wp-content\/uploads\/2026\/08\/habibs.webp","width":1200,"height":800},{"@type":"BreadcrumbList","@id":"https:\/\/mznoticia.com.br\/jaguariaiva\/habibs-pede-recuperacao-judicial-com-divida-de-r-265-milhoes\/#breadcrumb","itemListElement":[{"@type":"ListItem","position":1,"name":"Home","item":"https:\/\/mznoticia.com.br\/jaguariaiva\/"},{"@type":"ListItem","position":2,"name":"Habib\u2019s pede recupera\u00e7\u00e3o judicial com d\u00edvida de R$ 265 milh\u00f5es"}]},{"@type":"WebSite","@id":"https:\/\/mznoticia.com.br\/jaguariaiva\/#website","url":"https:\/\/mznoticia.com.br\/jaguariaiva\/","name":"Mz Not\u00edcia","description":"A informa\u00e7\u00e3o que voc\u00ea precisa na hora certa!","publisher":{"@id":"https:\/\/mznoticia.com.br\/jaguariaiva\/#organization"},"potentialAction":[{"@type":"SearchAction","target":{"@type":"EntryPoint","urlTemplate":"https:\/\/mznoticia.com.br\/jaguariaiva\/?s={search_term_string}"},"query-input":{"@type":"PropertyValueSpecification","valueRequired":true,"valueName":"search_term_string"}}],"inLanguage":"pt-BR"},{"@type":"Organization","@id":"https:\/\/mznoticia.com.br\/jaguariaiva\/#organization","name":"Mz Not\u00edcia","url":"https:\/\/mznoticia.com.br\/jaguariaiva\/","logo":{"@type":"ImageObject","inLanguage":"pt-BR","@id":"https:\/\/mznoticia.com.br\/jaguariaiva\/#\/schema\/logo\/image\/","url":"https:\/\/mznoticia.com.br\/jaguariaiva\/wp-content\/uploads\/2025\/03\/Design-sem-nome-4-e1741200616392.png","contentUrl":"https:\/\/mznoticia.com.br\/jaguariaiva\/wp-content\/uploads\/2025\/03\/Design-sem-nome-4-e1741200616392.png","width":750,"height":563,"caption":"Mz Not\u00edcia"},"image":{"@id":"https:\/\/mznoticia.com.br\/jaguariaiva\/#\/schema\/logo\/image\/"},"sameAs":["https:\/\/www.facebook.com\/profile.php?id=61573479951222","https:\/\/www.instagram.com\/mz.jaguariaiva\/"]},{"@type":"Person","@id":"https:\/\/mznoticia.com.br\/jaguariaiva\/#\/schema\/person\/84012d827247b3f42f37b550da79cd03","name":"Redacao mz","image":{"@type":"ImageObject","inLanguage":"pt-BR","@id":"https:\/\/mznoticia.com.br\/jaguariaiva\/wp-content\/uploads\/2025\/02\/mznoticia_jaguariaiva_coluna-150x150.png","url":"https:\/\/mznoticia.com.br\/jaguariaiva\/wp-content\/uploads\/2025\/02\/mznoticia_jaguariaiva_coluna-150x150.png","contentUrl":"https:\/\/mznoticia.com.br\/jaguariaiva\/wp-content\/uploads\/2025\/02\/mznoticia_jaguariaiva_coluna-150x150.png","caption":"Redacao mz"},"sameAs":["http:\/\/mznoticia.com.br"],"url":"https:\/\/mznoticia.com.br\/jaguariaiva\/author\/lucimara\/"}]}},"_links":{"self":[{"href":"https:\/\/mznoticia.com.br\/jaguariaiva\/wp-json\/wp\/v2\/posts\/7130","targetHints":{"allow":["GET"]}}],"collection":[{"href":"https:\/\/mznoticia.com.br\/jaguariaiva\/wp-json\/wp\/v2\/posts"}],"about":[{"href":"https:\/\/mznoticia.com.br\/jaguariaiva\/wp-json\/wp\/v2\/types\/post"}],"author":[{"embeddable":true,"href":"https:\/\/mznoticia.com.br\/jaguariaiva\/wp-json\/wp\/v2\/users\/16"}],"replies":[{"embeddable":true,"href":"https:\/\/mznoticia.com.br\/jaguariaiva\/wp-json\/wp\/v2\/comments?post=7130"}],"version-history":[{"count":1,"href":"https:\/\/mznoticia.com.br\/jaguariaiva\/wp-json\/wp\/v2\/posts\/7130\/revisions"}],"predecessor-version":[{"id":7132,"href":"https:\/\/mznoticia.com.br\/jaguariaiva\/wp-json\/wp\/v2\/posts\/7130\/revisions\/7132"}],"wp:featuredmedia":[{"embeddable":true,"href":"https:\/\/mznoticia.com.br\/jaguariaiva\/wp-json\/wp\/v2\/media\/7131"}],"wp:attachment":[{"href":"https:\/\/mznoticia.com.br\/jaguariaiva\/wp-json\/wp\/v2\/media?parent=7130"}],"wp:term":[{"taxonomy":"category","embeddable":true,"href":"https:\/\/mznoticia.com.br\/jaguariaiva\/wp-json\/wp\/v2\/categories?post=7130"},{"taxonomy":"post_tag","embeddable":true,"href":"https:\/\/mznoticia.com.br\/jaguariaiva\/wp-json\/wp\/v2\/tags?post=7130"}],"curies":[{"name":"wp","href":"https:\/\/api.w.org\/{rel}","templated":true}]}}