{"id":7133,"date":"2026-08-26T20:31:45","date_gmt":"2026-08-26T20:31:45","guid":{"rendered":"https:\/\/mznoticia.com.br\/jaguariaiva\/?p=7133"},"modified":"2026-08-26T20:31:45","modified_gmt":"2026-08-26T20:31:45","slug":"usuarios-precisam-retirar-cartao-migracao-do-transporte-coletivo-ate-segunda-feira-31","status":"publish","type":"post","link":"https:\/\/mznoticia.com.br\/jaguariaiva\/usuarios-precisam-retirar-cartao-migracao-do-transporte-coletivo-ate-segunda-feira-31\/","title":{"rendered":"Usu\u00e1rios precisam retirar Cart\u00e3o Migra\u00e7\u00e3o do transporte coletivo at\u00e9 segunda-feira (31)"},"content":{"rendered":"<p class=\"isSelectedEnd\"><strong>Em Ponta Grossa, 297 pessoas tiveram cr\u00e9ditos aprovados, mas ainda n\u00e3o retiraram o cart\u00e3o necess\u00e1rio para utilizar os valores nas catracas<\/strong><\/p>\n<p class=\"isSelectedEnd\">Usu\u00e1rios que tiveram cr\u00e9ditos do antigo sistema de transporte coletivo de <strong>Ponta Grossa<\/strong> aprovados precisam retirar o <strong>Cart\u00e3o Migra\u00e7\u00e3o at\u00e9 a pr\u00f3xima segunda-feira (31)<\/strong>.<\/p>\n<p class=\"isSelectedEnd\">Ao todo, <strong>297 usu\u00e1rios<\/strong> ainda n\u00e3o fizeram a retirada do cart\u00e3o nos terminais. O documento ser\u00e1 utilizado para liberar o acesso \u00e0s catracas do sistema de transporte coletivo.<\/p>\n<h2>Prazo para solicitar cr\u00e9ditos j\u00e1 terminou<\/h2>\n<p class=\"isSelectedEnd\">O per\u00edodo para solicitar os cr\u00e9ditos do antigo sistema de transporte coletivo foi encerrado no final de julho.<\/p>\n<p class=\"isSelectedEnd\">Agora, est\u00e1 em andamento apenas a etapa de retirada do Cart\u00e3o Migra\u00e7\u00e3o pelos usu\u00e1rios que fizeram a solicita\u00e7\u00e3o e tiveram o pedido aprovado.<\/p>\n<p class=\"isSelectedEnd\">Durante todo o per\u00edodo de solicita\u00e7\u00e3o, <strong>2.053 usu\u00e1rios<\/strong> pediram acesso aos cr\u00e9ditos, que somam <strong>R$ 2.021.825,84<\/strong>.<\/p>\n<h2>Mais de R$ 1,8 milh\u00e3o j\u00e1 foi liberado<\/h2>\n<p class=\"isSelectedEnd\">Dos usu\u00e1rios que tiveram os pedidos aprovados, <strong>1.756 j\u00e1 retiraram o Cart\u00e3o Migra\u00e7\u00e3o<\/strong> nos terminais.<\/p>\n<p class=\"isSelectedEnd\">Esses cart\u00f5es correspondem a <strong>R$ 1.825.252,40 em cr\u00e9ditos<\/strong> que poder\u00e3o ser utilizados pelos titulares no transporte coletivo.<\/p>\n<p class=\"isSelectedEnd\">O cart\u00e3o dever\u00e1 ser utilizado em conjunto com o <strong>reconhecimento facial<\/strong>, que foi cadastrado no momento da solicita\u00e7\u00e3o dos cr\u00e9ditos.<\/p>\n<h2>Quase R$ 197 mil ainda est\u00e3o pendentes<\/h2>\n<p class=\"isSelectedEnd\">Segundo o Departamento de Transportes da Secretaria Municipal de Infraestrutura, ainda existem <strong>297 usu\u00e1rios<\/strong> que tiveram os pedidos aprovados, mas n\u00e3o retiraram o cart\u00e3o.<\/p>\n<p class=\"isSelectedEnd\">Os cr\u00e9ditos vinculados a esses usu\u00e1rios totalizam <strong>R$ 196.573,44<\/strong>.<\/p>\n<p class=\"isSelectedEnd\">A retirada pode ser feita em <strong>qualquer um dos terminais de transporte coletivo de Ponta Grossa<\/strong>.<\/p>\n<h2>Perda dos cr\u00e9ditos<\/h2>\n<p class=\"isSelectedEnd\">A Secretaria Municipal de Infraestrutura refor\u00e7a que a retirada do Cart\u00e3o Migra\u00e7\u00e3o \u00e9 indispens\u00e1vel para que os usu\u00e1rios possam utilizar os cr\u00e9ditos aprovados.<\/p>\n<p>Quem n\u00e3o retirar o cart\u00e3o dentro do prazo, que termina em <strong>31 de agosto<\/strong>, poder\u00e1 <strong>perder o direito de utiliza\u00e7\u00e3o dos cr\u00e9ditos<\/strong>.<\/p>\n","protected":false},"excerpt":{"rendered":"<p>Em Ponta Grossa, 297 pessoas tiveram cr\u00e9ditos aprovados, mas ainda n\u00e3o retiraram o cart\u00e3o necess\u00e1rio para utilizar os valores nas catracas Usu\u00e1rios que tiveram cr\u00e9ditos do antigo sistema de transporte coletivo de Ponta Grossa aprovados precisam retirar o Cart\u00e3o Migra\u00e7\u00e3o at\u00e9 a pr\u00f3xima segunda-feira (31). Ao todo, 297 usu\u00e1rios ainda n\u00e3o fizeram a retirada do [&hellip;]<\/p>\n","protected":false},"author":16,"featured_media":7134,"comment_status":"open","ping_status":"open","sticky":false,"template":"","format":"standard","meta":{"footnotes":""},"categories":[12],"tags":[2814,2816,47,1316,183,2817,24,216,184,2815],"class_list":["post-7133","post","type-post","status-publish","format-standard","has-post-thumbnail","hentry","category-geral","tag-cartao-migracao","tag-creditos-transporte","tag-destaque","tag-mobilidade-urbana","tag-onibus","tag-passageiros","tag-ponta-grossa","tag-prefeitura-de-ponta-grossa","tag-transporte-coletivo","tag-transporte-publico"],"yoast_head":"<!-- This site is optimized with the Yoast SEO plugin v28.1 - https:\/\/yoast.com\/product\/yoast-seo-wordpress\/ -->\n<title>Usu\u00e1rios precisam retirar Cart\u00e3o Migra\u00e7\u00e3o do transporte coletivo at\u00e9 segunda-feira (31) - Mz Not\u00edcias<\/title>\n<meta name=\"description\" content=\"297 usu\u00e1rios de Ponta Grossa ainda precisam retirar o Cart\u00e3o Migra\u00e7\u00e3o para utilizar cr\u00e9ditos do antigo sistema de transporte coletivo.\" \/>\n<meta name=\"robots\" content=\"index, follow, max-snippet:-1, max-image-preview:large, max-video-preview:-1\" \/>\n<link rel=\"canonical\" href=\"https:\/\/mznoticia.com.br\/jaguariaiva\/usuarios-precisam-retirar-cartao-migracao-do-transporte-coletivo-ate-segunda-feira-31\/\" \/>\n<meta property=\"og:locale\" content=\"pt_BR\" \/>\n<meta property=\"og:type\" content=\"article\" \/>\n<meta property=\"og:title\" content=\"Usu\u00e1rios precisam retirar Cart\u00e3o Migra\u00e7\u00e3o do transporte coletivo at\u00e9 segunda-feira (31) - Mz Not\u00edcias\" \/>\n<meta property=\"og:description\" content=\"297 usu\u00e1rios de Ponta Grossa ainda precisam retirar o Cart\u00e3o Migra\u00e7\u00e3o para utilizar cr\u00e9ditos do antigo sistema de transporte coletivo.\" \/>\n<meta property=\"og:url\" content=\"https:\/\/mznoticia.com.br\/jaguariaiva\/usuarios-precisam-retirar-cartao-migracao-do-transporte-coletivo-ate-segunda-feira-31\/\" \/>\n<meta property=\"og:site_name\" content=\"Mz Not\u00edcias\" \/>\n<meta property=\"article:publisher\" content=\"https:\/\/www.facebook.com\/profile.php?id=61573479951222\" \/>\n<meta property=\"article:published_time\" content=\"2026-08-26T20:31:45+00:00\" \/>\n<meta property=\"og:image\" content=\"https:\/\/mznoticia.com.br\/jaguariaiva\/wp-content\/uploads\/2026\/08\/vcg.jpg\" \/>\n\t<meta property=\"og:image:width\" content=\"1600\" \/>\n\t<meta property=\"og:image:height\" content=\"900\" \/>\n\t<meta property=\"og:image:type\" content=\"image\/jpeg\" \/>\n<meta name=\"author\" content=\"Redacao mz\" \/>\n<meta name=\"twitter:card\" content=\"summary_large_image\" \/>\n<meta name=\"twitter:label1\" content=\"Escrito por\" \/>\n\t<meta name=\"twitter:data1\" content=\"Redacao mz\" \/>\n\t<meta name=\"twitter:label2\" content=\"Est. tempo de leitura\" \/>\n\t<meta name=\"twitter:data2\" content=\"2 minutos\" \/>\n<script type=\"application\/ld+json\" class=\"yoast-schema-graph\">{\"@context\":\"https:\\\/\\\/schema.org\",\"@graph\":[{\"@type\":\"Article\",\"@id\":\"https:\\\/\\\/mznoticia.com.br\\\/jaguariaiva\\\/usuarios-precisam-retirar-cartao-migracao-do-transporte-coletivo-ate-segunda-feira-31\\\/#article\",\"isPartOf\":{\"@id\":\"https:\\\/\\\/mznoticia.com.br\\\/jaguariaiva\\\/usuarios-precisam-retirar-cartao-migracao-do-transporte-coletivo-ate-segunda-feira-31\\\/\"},\"author\":{\"name\":\"Redacao mz\",\"@id\":\"https:\\\/\\\/mznoticia.com.br\\\/jaguariaiva\\\/#\\\/schema\\\/person\\\/84012d827247b3f42f37b550da79cd03\"},\"headline\":\"Usu\u00e1rios precisam retirar Cart\u00e3o Migra\u00e7\u00e3o do transporte coletivo at\u00e9 segunda-feira (31)\",\"datePublished\":\"2026-08-26T20:31:45+00:00\",\"mainEntityOfPage\":{\"@id\":\"https:\\\/\\\/mznoticia.com.br\\\/jaguariaiva\\\/usuarios-precisam-retirar-cartao-migracao-do-transporte-coletivo-ate-segunda-feira-31\\\/\"},\"wordCount\":350,\"commentCount\":0,\"publisher\":{\"@id\":\"https:\\\/\\\/mznoticia.com.br\\\/jaguariaiva\\\/#organization\"},\"image\":{\"@id\":\"https:\\\/\\\/mznoticia.com.br\\\/jaguariaiva\\\/usuarios-precisam-retirar-cartao-migracao-do-transporte-coletivo-ate-segunda-feira-31\\\/#primaryimage\"},\"thumbnailUrl\":\"https:\\\/\\\/mznoticia.com.br\\\/jaguariaiva\\\/wp-content\\\/uploads\\\/2026\\\/08\\\/vcg.jpg\",\"keywords\":[\"Cart\u00e3o Migra\u00e7\u00e3o\",\"cr\u00e9ditos transporte\",\"destaque\",\"Mobilidade Urbana\",\"onibus\",\"passageiros\",\"Ponta Grossa\",\"Prefeitura de Ponta Grossa\",\"transporte coletivo\",\"transporte p\u00fablico\"],\"articleSection\":[\"Geral\"],\"inLanguage\":\"pt-BR\",\"potentialAction\":[{\"@type\":\"CommentAction\",\"name\":\"Comment\",\"target\":[\"https:\\\/\\\/mznoticia.com.br\\\/jaguariaiva\\\/usuarios-precisam-retirar-cartao-migracao-do-transporte-coletivo-ate-segunda-feira-31\\\/#respond\"]}]},{\"@type\":\"WebPage\",\"@id\":\"https:\\\/\\\/mznoticia.com.br\\\/jaguariaiva\\\/usuarios-precisam-retirar-cartao-migracao-do-transporte-coletivo-ate-segunda-feira-31\\\/\",\"url\":\"https:\\\/\\\/mznoticia.com.br\\\/jaguariaiva\\\/usuarios-precisam-retirar-cartao-migracao-do-transporte-coletivo-ate-segunda-feira-31\\\/\",\"name\":\"Usu\u00e1rios precisam retirar Cart\u00e3o Migra\u00e7\u00e3o do transporte coletivo at\u00e9 segunda-feira (31) - Mz Not\u00edcias\",\"isPartOf\":{\"@id\":\"https:\\\/\\\/mznoticia.com.br\\\/jaguariaiva\\\/#website\"},\"primaryImageOfPage\":{\"@id\":\"https:\\\/\\\/mznoticia.com.br\\\/jaguariaiva\\\/usuarios-precisam-retirar-cartao-migracao-do-transporte-coletivo-ate-segunda-feira-31\\\/#primaryimage\"},\"image\":{\"@id\":\"https:\\\/\\\/mznoticia.com.br\\\/jaguariaiva\\\/usuarios-precisam-retirar-cartao-migracao-do-transporte-coletivo-ate-segunda-feira-31\\\/#primaryimage\"},\"thumbnailUrl\":\"https:\\\/\\\/mznoticia.com.br\\\/jaguariaiva\\\/wp-content\\\/uploads\\\/2026\\\/08\\\/vcg.jpg\",\"datePublished\":\"2026-08-26T20:31:45+00:00\",\"description\":\"297 usu\u00e1rios de Ponta Grossa ainda precisam retirar o Cart\u00e3o Migra\u00e7\u00e3o para utilizar cr\u00e9ditos do antigo sistema de transporte coletivo.\",\"breadcrumb\":{\"@id\":\"https:\\\/\\\/mznoticia.com.br\\\/jaguariaiva\\\/usuarios-precisam-retirar-cartao-migracao-do-transporte-coletivo-ate-segunda-feira-31\\\/#breadcrumb\"},\"inLanguage\":\"pt-BR\",\"potentialAction\":[{\"@type\":\"ReadAction\",\"target\":[\"https:\\\/\\\/mznoticia.com.br\\\/jaguariaiva\\\/usuarios-precisam-retirar-cartao-migracao-do-transporte-coletivo-ate-segunda-feira-31\\\/\"]}]},{\"@type\":\"ImageObject\",\"inLanguage\":\"pt-BR\",\"@id\":\"https:\\\/\\\/mznoticia.com.br\\\/jaguariaiva\\\/usuarios-precisam-retirar-cartao-migracao-do-transporte-coletivo-ate-segunda-feira-31\\\/#primaryimage\",\"url\":\"https:\\\/\\\/mznoticia.com.br\\\/jaguariaiva\\\/wp-content\\\/uploads\\\/2026\\\/08\\\/vcg.jpg\",\"contentUrl\":\"https:\\\/\\\/mznoticia.com.br\\\/jaguariaiva\\\/wp-content\\\/uploads\\\/2026\\\/08\\\/vcg.jpg\",\"width\":1600,\"height\":900},{\"@type\":\"BreadcrumbList\",\"@id\":\"https:\\\/\\\/mznoticia.com.br\\\/jaguariaiva\\\/usuarios-precisam-retirar-cartao-migracao-do-transporte-coletivo-ate-segunda-feira-31\\\/#breadcrumb\",\"itemListElement\":[{\"@type\":\"ListItem\",\"position\":1,\"name\":\"Home\",\"item\":\"https:\\\/\\\/mznoticia.com.br\\\/jaguariaiva\\\/\"},{\"@type\":\"ListItem\",\"position\":2,\"name\":\"Usu\u00e1rios precisam retirar Cart\u00e3o Migra\u00e7\u00e3o do transporte coletivo at\u00e9 segunda-feira (31)\"}]},{\"@type\":\"WebSite\",\"@id\":\"https:\\\/\\\/mznoticia.com.br\\\/jaguariaiva\\\/#website\",\"url\":\"https:\\\/\\\/mznoticia.com.br\\\/jaguariaiva\\\/\",\"name\":\"Mz Not\u00edcia\",\"description\":\"A informa\u00e7\u00e3o que voc\u00ea precisa na hora certa!\",\"publisher\":{\"@id\":\"https:\\\/\\\/mznoticia.com.br\\\/jaguariaiva\\\/#organization\"},\"potentialAction\":[{\"@type\":\"SearchAction\",\"target\":{\"@type\":\"EntryPoint\",\"urlTemplate\":\"https:\\\/\\\/mznoticia.com.br\\\/jaguariaiva\\\/?s={search_term_string}\"},\"query-input\":{\"@type\":\"PropertyValueSpecification\",\"valueRequired\":true,\"valueName\":\"search_term_string\"}}],\"inLanguage\":\"pt-BR\"},{\"@type\":\"Organization\",\"@id\":\"https:\\\/\\\/mznoticia.com.br\\\/jaguariaiva\\\/#organization\",\"name\":\"Mz Not\u00edcia\",\"url\":\"https:\\\/\\\/mznoticia.com.br\\\/jaguariaiva\\\/\",\"logo\":{\"@type\":\"ImageObject\",\"inLanguage\":\"pt-BR\",\"@id\":\"https:\\\/\\\/mznoticia.com.br\\\/jaguariaiva\\\/#\\\/schema\\\/logo\\\/image\\\/\",\"url\":\"https:\\\/\\\/mznoticia.com.br\\\/jaguariaiva\\\/wp-content\\\/uploads\\\/2025\\\/03\\\/Design-sem-nome-4-e1741200616392.png\",\"contentUrl\":\"https:\\\/\\\/mznoticia.com.br\\\/jaguariaiva\\\/wp-content\\\/uploads\\\/2025\\\/03\\\/Design-sem-nome-4-e1741200616392.png\",\"width\":750,\"height\":563,\"caption\":\"Mz Not\u00edcia\"},\"image\":{\"@id\":\"https:\\\/\\\/mznoticia.com.br\\\/jaguariaiva\\\/#\\\/schema\\\/logo\\\/image\\\/\"},\"sameAs\":[\"https:\\\/\\\/www.facebook.com\\\/profile.php?id=61573479951222\",\"https:\\\/\\\/www.instagram.com\\\/mz.jaguariaiva\\\/\"]},{\"@type\":\"Person\",\"@id\":\"https:\\\/\\\/mznoticia.com.br\\\/jaguariaiva\\\/#\\\/schema\\\/person\\\/84012d827247b3f42f37b550da79cd03\",\"name\":\"Redacao mz\",\"image\":{\"@type\":\"ImageObject\",\"inLanguage\":\"pt-BR\",\"@id\":\"https:\\\/\\\/mznoticia.com.br\\\/jaguariaiva\\\/wp-content\\\/uploads\\\/2025\\\/02\\\/mznoticia_jaguariaiva_coluna-150x150.png\",\"url\":\"https:\\\/\\\/mznoticia.com.br\\\/jaguariaiva\\\/wp-content\\\/uploads\\\/2025\\\/02\\\/mznoticia_jaguariaiva_coluna-150x150.png\",\"contentUrl\":\"https:\\\/\\\/mznoticia.com.br\\\/jaguariaiva\\\/wp-content\\\/uploads\\\/2025\\\/02\\\/mznoticia_jaguariaiva_coluna-150x150.png\",\"caption\":\"Redacao mz\"},\"sameAs\":[\"http:\\\/\\\/mznoticia.com.br\"],\"url\":\"https:\\\/\\\/mznoticia.com.br\\\/jaguariaiva\\\/author\\\/lucimara\\\/\"}]}<\/script>\n<!-- \/ Yoast SEO plugin. -->","yoast_head_json":{"title":"Usu\u00e1rios precisam retirar Cart\u00e3o Migra\u00e7\u00e3o do transporte coletivo at\u00e9 segunda-feira (31) - Mz Not\u00edcias","description":"297 usu\u00e1rios de Ponta Grossa ainda precisam retirar o Cart\u00e3o Migra\u00e7\u00e3o para utilizar cr\u00e9ditos do antigo sistema de transporte coletivo.","robots":{"index":"index","follow":"follow","max-snippet":"max-snippet:-1","max-image-preview":"max-image-preview:large","max-video-preview":"max-video-preview:-1"},"canonical":"https:\/\/mznoticia.com.br\/jaguariaiva\/usuarios-precisam-retirar-cartao-migracao-do-transporte-coletivo-ate-segunda-feira-31\/","og_locale":"pt_BR","og_type":"article","og_title":"Usu\u00e1rios precisam retirar Cart\u00e3o Migra\u00e7\u00e3o do transporte coletivo at\u00e9 segunda-feira (31) - Mz Not\u00edcias","og_description":"297 usu\u00e1rios de Ponta Grossa ainda precisam retirar o Cart\u00e3o Migra\u00e7\u00e3o para utilizar cr\u00e9ditos do antigo sistema de transporte coletivo.","og_url":"https:\/\/mznoticia.com.br\/jaguariaiva\/usuarios-precisam-retirar-cartao-migracao-do-transporte-coletivo-ate-segunda-feira-31\/","og_site_name":"Mz Not\u00edcias","article_publisher":"https:\/\/www.facebook.com\/profile.php?id=61573479951222","article_published_time":"2026-08-26T20:31:45+00:00","og_image":[{"width":1600,"height":900,"url":"https:\/\/mznoticia.com.br\/jaguariaiva\/wp-content\/uploads\/2026\/08\/vcg.jpg","type":"image\/jpeg"}],"author":"Redacao mz","twitter_card":"summary_large_image","twitter_misc":{"Escrito por":"Redacao mz","Est. tempo de leitura":"2 minutos"},"schema":{"@context":"https:\/\/schema.org","@graph":[{"@type":"Article","@id":"https:\/\/mznoticia.com.br\/jaguariaiva\/usuarios-precisam-retirar-cartao-migracao-do-transporte-coletivo-ate-segunda-feira-31\/#article","isPartOf":{"@id":"https:\/\/mznoticia.com.br\/jaguariaiva\/usuarios-precisam-retirar-cartao-migracao-do-transporte-coletivo-ate-segunda-feira-31\/"},"author":{"name":"Redacao mz","@id":"https:\/\/mznoticia.com.br\/jaguariaiva\/#\/schema\/person\/84012d827247b3f42f37b550da79cd03"},"headline":"Usu\u00e1rios precisam retirar Cart\u00e3o Migra\u00e7\u00e3o do transporte coletivo at\u00e9 segunda-feira (31)","datePublished":"2026-08-26T20:31:45+00:00","mainEntityOfPage":{"@id":"https:\/\/mznoticia.com.br\/jaguariaiva\/usuarios-precisam-retirar-cartao-migracao-do-transporte-coletivo-ate-segunda-feira-31\/"},"wordCount":350,"commentCount":0,"publisher":{"@id":"https:\/\/mznoticia.com.br\/jaguariaiva\/#organization"},"image":{"@id":"https:\/\/mznoticia.com.br\/jaguariaiva\/usuarios-precisam-retirar-cartao-migracao-do-transporte-coletivo-ate-segunda-feira-31\/#primaryimage"},"thumbnailUrl":"https:\/\/mznoticia.com.br\/jaguariaiva\/wp-content\/uploads\/2026\/08\/vcg.jpg","keywords":["Cart\u00e3o Migra\u00e7\u00e3o","cr\u00e9ditos transporte","destaque","Mobilidade Urbana","onibus","passageiros","Ponta Grossa","Prefeitura de Ponta Grossa","transporte coletivo","transporte p\u00fablico"],"articleSection":["Geral"],"inLanguage":"pt-BR","potentialAction":[{"@type":"CommentAction","name":"Comment","target":["https:\/\/mznoticia.com.br\/jaguariaiva\/usuarios-precisam-retirar-cartao-migracao-do-transporte-coletivo-ate-segunda-feira-31\/#respond"]}]},{"@type":"WebPage","@id":"https:\/\/mznoticia.com.br\/jaguariaiva\/usuarios-precisam-retirar-cartao-migracao-do-transporte-coletivo-ate-segunda-feira-31\/","url":"https:\/\/mznoticia.com.br\/jaguariaiva\/usuarios-precisam-retirar-cartao-migracao-do-transporte-coletivo-ate-segunda-feira-31\/","name":"Usu\u00e1rios precisam retirar Cart\u00e3o Migra\u00e7\u00e3o do transporte coletivo at\u00e9 segunda-feira (31) - Mz Not\u00edcias","isPartOf":{"@id":"https:\/\/mznoticia.com.br\/jaguariaiva\/#website"},"primaryImageOfPage":{"@id":"https:\/\/mznoticia.com.br\/jaguariaiva\/usuarios-precisam-retirar-cartao-migracao-do-transporte-coletivo-ate-segunda-feira-31\/#primaryimage"},"image":{"@id":"https:\/\/mznoticia.com.br\/jaguariaiva\/usuarios-precisam-retirar-cartao-migracao-do-transporte-coletivo-ate-segunda-feira-31\/#primaryimage"},"thumbnailUrl":"https:\/\/mznoticia.com.br\/jaguariaiva\/wp-content\/uploads\/2026\/08\/vcg.jpg","datePublished":"2026-08-26T20:31:45+00:00","description":"297 usu\u00e1rios de Ponta Grossa ainda precisam retirar o Cart\u00e3o Migra\u00e7\u00e3o para utilizar cr\u00e9ditos do antigo sistema de transporte coletivo.","breadcrumb":{"@id":"https:\/\/mznoticia.com.br\/jaguariaiva\/usuarios-precisam-retirar-cartao-migracao-do-transporte-coletivo-ate-segunda-feira-31\/#breadcrumb"},"inLanguage":"pt-BR","potentialAction":[{"@type":"ReadAction","target":["https:\/\/mznoticia.com.br\/jaguariaiva\/usuarios-precisam-retirar-cartao-migracao-do-transporte-coletivo-ate-segunda-feira-31\/"]}]},{"@type":"ImageObject","inLanguage":"pt-BR","@id":"https:\/\/mznoticia.com.br\/jaguariaiva\/usuarios-precisam-retirar-cartao-migracao-do-transporte-coletivo-ate-segunda-feira-31\/#primaryimage","url":"https:\/\/mznoticia.com.br\/jaguariaiva\/wp-content\/uploads\/2026\/08\/vcg.jpg","contentUrl":"https:\/\/mznoticia.com.br\/jaguariaiva\/wp-content\/uploads\/2026\/08\/vcg.jpg","width":1600,"height":900},{"@type":"BreadcrumbList","@id":"https:\/\/mznoticia.com.br\/jaguariaiva\/usuarios-precisam-retirar-cartao-migracao-do-transporte-coletivo-ate-segunda-feira-31\/#breadcrumb","itemListElement":[{"@type":"ListItem","position":1,"name":"Home","item":"https:\/\/mznoticia.com.br\/jaguariaiva\/"},{"@type":"ListItem","position":2,"name":"Usu\u00e1rios precisam retirar Cart\u00e3o Migra\u00e7\u00e3o do transporte coletivo at\u00e9 segunda-feira (31)"}]},{"@type":"WebSite","@id":"https:\/\/mznoticia.com.br\/jaguariaiva\/#website","url":"https:\/\/mznoticia.com.br\/jaguariaiva\/","name":"Mz Not\u00edcia","description":"A informa\u00e7\u00e3o que voc\u00ea precisa na hora certa!","publisher":{"@id":"https:\/\/mznoticia.com.br\/jaguariaiva\/#organization"},"potentialAction":[{"@type":"SearchAction","target":{"@type":"EntryPoint","urlTemplate":"https:\/\/mznoticia.com.br\/jaguariaiva\/?s={search_term_string}"},"query-input":{"@type":"PropertyValueSpecification","valueRequired":true,"valueName":"search_term_string"}}],"inLanguage":"pt-BR"},{"@type":"Organization","@id":"https:\/\/mznoticia.com.br\/jaguariaiva\/#organization","name":"Mz Not\u00edcia","url":"https:\/\/mznoticia.com.br\/jaguariaiva\/","logo":{"@type":"ImageObject","inLanguage":"pt-BR","@id":"https:\/\/mznoticia.com.br\/jaguariaiva\/#\/schema\/logo\/image\/","url":"https:\/\/mznoticia.com.br\/jaguariaiva\/wp-content\/uploads\/2025\/03\/Design-sem-nome-4-e1741200616392.png","contentUrl":"https:\/\/mznoticia.com.br\/jaguariaiva\/wp-content\/uploads\/2025\/03\/Design-sem-nome-4-e1741200616392.png","width":750,"height":563,"caption":"Mz Not\u00edcia"},"image":{"@id":"https:\/\/mznoticia.com.br\/jaguariaiva\/#\/schema\/logo\/image\/"},"sameAs":["https:\/\/www.facebook.com\/profile.php?id=61573479951222","https:\/\/www.instagram.com\/mz.jaguariaiva\/"]},{"@type":"Person","@id":"https:\/\/mznoticia.com.br\/jaguariaiva\/#\/schema\/person\/84012d827247b3f42f37b550da79cd03","name":"Redacao mz","image":{"@type":"ImageObject","inLanguage":"pt-BR","@id":"https:\/\/mznoticia.com.br\/jaguariaiva\/wp-content\/uploads\/2025\/02\/mznoticia_jaguariaiva_coluna-150x150.png","url":"https:\/\/mznoticia.com.br\/jaguariaiva\/wp-content\/uploads\/2025\/02\/mznoticia_jaguariaiva_coluna-150x150.png","contentUrl":"https:\/\/mznoticia.com.br\/jaguariaiva\/wp-content\/uploads\/2025\/02\/mznoticia_jaguariaiva_coluna-150x150.png","caption":"Redacao mz"},"sameAs":["http:\/\/mznoticia.com.br"],"url":"https:\/\/mznoticia.com.br\/jaguariaiva\/author\/lucimara\/"}]}},"_links":{"self":[{"href":"https:\/\/mznoticia.com.br\/jaguariaiva\/wp-json\/wp\/v2\/posts\/7133","targetHints":{"allow":["GET"]}}],"collection":[{"href":"https:\/\/mznoticia.com.br\/jaguariaiva\/wp-json\/wp\/v2\/posts"}],"about":[{"href":"https:\/\/mznoticia.com.br\/jaguariaiva\/wp-json\/wp\/v2\/types\/post"}],"author":[{"embeddable":true,"href":"https:\/\/mznoticia.com.br\/jaguariaiva\/wp-json\/wp\/v2\/users\/16"}],"replies":[{"embeddable":true,"href":"https:\/\/mznoticia.com.br\/jaguariaiva\/wp-json\/wp\/v2\/comments?post=7133"}],"version-history":[{"count":1,"href":"https:\/\/mznoticia.com.br\/jaguariaiva\/wp-json\/wp\/v2\/posts\/7133\/revisions"}],"predecessor-version":[{"id":7135,"href":"https:\/\/mznoticia.com.br\/jaguariaiva\/wp-json\/wp\/v2\/posts\/7133\/revisions\/7135"}],"wp:featuredmedia":[{"embeddable":true,"href":"https:\/\/mznoticia.com.br\/jaguariaiva\/wp-json\/wp\/v2\/media\/7134"}],"wp:attachment":[{"href":"https:\/\/mznoticia.com.br\/jaguariaiva\/wp-json\/wp\/v2\/media?parent=7133"}],"wp:term":[{"taxonomy":"category","embeddable":true,"href":"https:\/\/mznoticia.com.br\/jaguariaiva\/wp-json\/wp\/v2\/categories?post=7133"},{"taxonomy":"post_tag","embeddable":true,"href":"https:\/\/mznoticia.com.br\/jaguariaiva\/wp-json\/wp\/v2\/tags?post=7133"}],"curies":[{"name":"wp","href":"https:\/\/api.w.org\/{rel}","templated":true}]}}