{"id":7145,"date":"2026-08-26T21:34:11","date_gmt":"2026-08-26T21:34:11","guid":{"rendered":"https:\/\/mznoticia.com.br\/jaguariaiva\/?p=7145"},"modified":"2026-08-26T21:34:11","modified_gmt":"2026-08-26T21:34:11","slug":"campanha-solidaria-do-mphc-e-frisia-vai-sortear-carro-zero-quilometro","status":"publish","type":"post","link":"https:\/\/mznoticia.com.br\/jaguariaiva\/campanha-solidaria-do-mphc-e-frisia-vai-sortear-carro-zero-quilometro\/","title":{"rendered":"Campanha solid\u00e1ria do MPHC e Fr\u00edsia vai sortear carro zero-quil\u00f4metro"},"content":{"rendered":"<h2 class=\"PDq2pG_selectionAnchorContainer\" data-section-id=\"162m9g2\" data-start=\"73\" data-end=\"212\">A\u00e7\u00e3o \u201cCooperar &amp; Transformar\u201d destinar\u00e1 recursos a projetos sociais e culturais; cupons custam R$ 10 e podem ser adquiridos at\u00e9 dezembro<\/h2>\n<p data-start=\"214\" data-end=\"453\">O Museu Parque Hist\u00f3rico de Carambe\u00ed (MPHC) e a Fr\u00edsia Cooperativa Agroindustrial lan\u00e7aram a campanha solid\u00e1ria <strong data-start=\"326\" data-end=\"354\">\u201cCooperar &amp; Transformar\u201d<\/strong>, que ir\u00e1 sortear um carro zero-quil\u00f4metro e arrecadar recursos para projetos de entidades sociais.<\/p>\n<p data-start=\"455\" data-end=\"661\">A iniciativa foi apresentada oficialmente nesta quarta-feira (26), na matriz da Fr\u00edsia, em Carambe\u00ed. A campanha tem potencial para movimentar at\u00e9 <strong data-start=\"601\" data-end=\"660\">R$ 1 milh\u00e3o diretamente para as entidades participantes<\/strong>.<\/p>\n<p data-start=\"663\" data-end=\"797\">Quem adquirir os cupons, no valor de <strong data-start=\"700\" data-end=\"709\">R$ 10<\/strong>, al\u00e9m de contribuir com uma institui\u00e7\u00e3o, poder\u00e1 concorrer ao ve\u00edculo doado pela Fr\u00edsia.<\/p>\n<h3 data-section-id=\"m6z4vh\" data-start=\"799\" data-end=\"829\">Como participar do sorteio<\/h3>\n<p data-start=\"831\" data-end=\"1013\">Os cupons podem ser comprados por pessoas de qualquer regi\u00e3o do Brasil. Ap\u00f3s a aquisi\u00e7\u00e3o, \u00e9 necess\u00e1rio realizar o cadastro no site oficial da campanha para receber o n\u00famero da sorte.<\/p>\n<p data-start=\"1015\" data-end=\"1159\">As vendas seguem at\u00e9 <strong data-start=\"1036\" data-end=\"1053\">9 de dezembro<\/strong>, e o sorteio do carro ser\u00e1 realizado no dia <strong data-start=\"1098\" data-end=\"1116\">12 de dezembro<\/strong>, com base no resultado da Loteria Federal.<\/p>\n<h3 data-section-id=\"1hd3hlv\" data-start=\"1161\" data-end=\"1191\">Entidades podem participar<\/h3>\n<p data-start=\"1193\" data-end=\"1389\">A campanha \u00e9 voltada a organiza\u00e7\u00f5es da sociedade civil sem fins lucrativos, organiza\u00e7\u00f5es religiosas e cooperativas sociais que atuem nos munic\u00edpios abrangidos pela Fr\u00edsia no Paran\u00e1 e em Tocantins.<\/p>\n<p data-start=\"1391\" data-end=\"1417\">Entre os requisitos est\u00e3o:<\/p>\n<ul data-start=\"1419\" data-end=\"1636\">\n<li data-section-id=\"ok7wiu\" data-start=\"1419\" data-end=\"1456\">CNPJ ativo h\u00e1 pelo menos dois anos;<\/li>\n<li data-section-id=\"1cvu94p\" data-start=\"1457\" data-end=\"1480\">Conta corrente ativa;<\/li>\n<li data-section-id=\"99gtfy\" data-start=\"1481\" data-end=\"1511\">Atua\u00e7\u00e3o sem fins lucrativos;<\/li>\n<li data-section-id=\"j900fm\" data-start=\"1512\" data-end=\"1574\">Desenvolvimento de projetos socioassistenciais ou culturais;<\/li>\n<li data-section-id=\"wlfexj\" data-start=\"1575\" data-end=\"1636\">Execu\u00e7\u00e3o do projeto em munic\u00edpio contemplado pela campanha.<\/li>\n<\/ul>\n<p data-start=\"1638\" data-end=\"1746\">As inscri\u00e7\u00f5es s\u00e3o gratuitas e devem ser realizadas at\u00e9 <strong data-start=\"1693\" data-end=\"1709\">31 de agosto<\/strong>, conforme o regulamento da campanha.<\/p>\n<h3 data-section-id=\"7pox3s\" data-start=\"1748\" data-end=\"1799\">Recursos poder\u00e3o ser usados em diferentes \u00e1reas<\/h3>\n<p data-start=\"1801\" data-end=\"2003\">As institui\u00e7\u00f5es que tiverem seus projetos aprovados receber\u00e3o cupons para comercializa\u00e7\u00e3o. <strong data-start=\"1892\" data-end=\"1963\">Todo o valor arrecadado com as vendas ficar\u00e1 com a pr\u00f3pria entidade<\/strong>, para aplica\u00e7\u00e3o no projeto apresentado.<\/p>\n<p data-start=\"2005\" data-end=\"2250\">Os recursos poder\u00e3o ser utilizados em reformas, compra de equipamentos e materiais educacionais, aquisi\u00e7\u00e3o de alimentos e medicamentos, despesas com \u00e1gua e energia, produtos de higiene e limpeza, al\u00e9m de complementa\u00e7\u00e3o de sal\u00e1rios e 13\u00ba sal\u00e1rio.<\/p>\n<p data-start=\"2252\" data-end=\"2348\">O valor m\u00ednimo destinado a cada projeto \u00e9 de <strong data-start=\"2297\" data-end=\"2309\">R$ 1 mil<\/strong>, correspondente \u00e0 venda de 100 cupons.<\/p>\n<p data-start=\"2350\" data-end=\"2546\">A quantidade de cupons disponibilizada para cada institui\u00e7\u00e3o ser\u00e1 definida de acordo com o objetivo de arrecada\u00e7\u00e3o, capacidade de venda, n\u00famero de entidades participantes e popula\u00e7\u00e3o do munic\u00edpio.<\/p>\n","protected":false},"excerpt":{"rendered":"<p>A\u00e7\u00e3o \u201cCooperar &amp; Transformar\u201d destinar\u00e1 recursos a projetos sociais e culturais; cupons custam R$ 10 e podem ser adquiridos at\u00e9 dezembro O Museu Parque Hist\u00f3rico de Carambe\u00ed (MPHC) e a Fr\u00edsia Cooperativa Agroindustrial lan\u00e7aram a campanha solid\u00e1ria \u201cCooperar &amp; Transformar\u201d, que ir\u00e1 sortear um carro zero-quil\u00f4metro e arrecadar recursos para projetos de entidades sociais. A [&hellip;]<\/p>\n","protected":false},"author":16,"featured_media":7146,"comment_status":"open","ping_status":"open","sticky":false,"template":"","format":"standard","meta":{"footnotes":""},"categories":[8,12],"tags":[1187,1446,430,2829,2828,2197,47,2833,2830,2199,2826,2827,77,2832,2831,121],"class_list":["post-7145","post","type-post","status-publish","format-standard","has-post-thumbnail","hentry","category-campos-gerais","category-geral","tag-solidariedade","tag-campanha-solidaria","tag-carambei","tag-carro-zero-quilometro","tag-cooperar-transformar","tag-cooperativismo","tag-destaque","tag-diario-dos-campos","tag-entidades-sociais","tag-frisia","tag-mphc","tag-museu-parque-historico-de-carambei","tag-parana","tag-projetos-culturais","tag-projetos-sociais","tag-sorteio"],"yoast_head":"<!-- This site is optimized with the Yoast SEO plugin v28.1 - https:\/\/yoast.com\/product\/yoast-seo-wordpress\/ -->\n<title>Campanha solid\u00e1ria do MPHC e Fr\u00edsia vai sortear carro zero-quil\u00f4metro - Mz Not\u00edcias<\/title>\n<meta name=\"description\" content=\"MPHC e Fr\u00edsia lan\u00e7am campanha solid\u00e1ria que sortear\u00e1 um carro zero-quil\u00f4metro e poder\u00e1 destinar at\u00e9 R$ 1 milh\u00e3o para entidades sociais.\" \/>\n<meta name=\"robots\" content=\"index, follow, max-snippet:-1, max-image-preview:large, max-video-preview:-1\" \/>\n<link rel=\"canonical\" href=\"https:\/\/mznoticia.com.br\/jaguariaiva\/campanha-solidaria-do-mphc-e-frisia-vai-sortear-carro-zero-quilometro\/\" \/>\n<meta property=\"og:locale\" content=\"pt_BR\" \/>\n<meta property=\"og:type\" content=\"article\" \/>\n<meta property=\"og:title\" content=\"Campanha solid\u00e1ria do MPHC e Fr\u00edsia vai sortear carro zero-quil\u00f4metro - Mz Not\u00edcias\" \/>\n<meta property=\"og:description\" content=\"MPHC e Fr\u00edsia lan\u00e7am campanha solid\u00e1ria que sortear\u00e1 um carro zero-quil\u00f4metro e poder\u00e1 destinar at\u00e9 R$ 1 milh\u00e3o para entidades sociais.\" \/>\n<meta property=\"og:url\" content=\"https:\/\/mznoticia.com.br\/jaguariaiva\/campanha-solidaria-do-mphc-e-frisia-vai-sortear-carro-zero-quilometro\/\" \/>\n<meta property=\"og:site_name\" content=\"Mz Not\u00edcias\" \/>\n<meta property=\"article:publisher\" content=\"https:\/\/www.facebook.com\/profile.php?id=61573479951222\" \/>\n<meta property=\"article:published_time\" content=\"2026-08-26T21:34:11+00:00\" \/>\n<meta property=\"og:image\" content=\"https:\/\/mznoticia.com.br\/jaguariaiva\/wp-content\/uploads\/2026\/08\/castrolanda.jpg\" \/>\n\t<meta property=\"og:image:width\" content=\"1024\" \/>\n\t<meta property=\"og:image:height\" content=\"683\" \/>\n\t<meta property=\"og:image:type\" content=\"image\/jpeg\" \/>\n<meta name=\"author\" content=\"Redacao mz\" \/>\n<meta name=\"twitter:card\" content=\"summary_large_image\" \/>\n<meta name=\"twitter:label1\" content=\"Escrito por\" \/>\n\t<meta name=\"twitter:data1\" content=\"Redacao mz\" \/>\n\t<meta name=\"twitter:label2\" content=\"Est. tempo de leitura\" \/>\n\t<meta name=\"twitter:data2\" content=\"3 minutos\" \/>\n<script type=\"application\/ld+json\" class=\"yoast-schema-graph\">{\"@context\":\"https:\\\/\\\/schema.org\",\"@graph\":[{\"@type\":\"Article\",\"@id\":\"https:\\\/\\\/mznoticia.com.br\\\/jaguariaiva\\\/campanha-solidaria-do-mphc-e-frisia-vai-sortear-carro-zero-quilometro\\\/#article\",\"isPartOf\":{\"@id\":\"https:\\\/\\\/mznoticia.com.br\\\/jaguariaiva\\\/campanha-solidaria-do-mphc-e-frisia-vai-sortear-carro-zero-quilometro\\\/\"},\"author\":{\"name\":\"Redacao mz\",\"@id\":\"https:\\\/\\\/mznoticia.com.br\\\/jaguariaiva\\\/#\\\/schema\\\/person\\\/84012d827247b3f42f37b550da79cd03\"},\"headline\":\"Campanha solid\u00e1ria do MPHC e Fr\u00edsia vai sortear carro zero-quil\u00f4metro\",\"datePublished\":\"2026-08-26T21:34:11+00:00\",\"mainEntityOfPage\":{\"@id\":\"https:\\\/\\\/mznoticia.com.br\\\/jaguariaiva\\\/campanha-solidaria-do-mphc-e-frisia-vai-sortear-carro-zero-quilometro\\\/\"},\"wordCount\":408,\"commentCount\":0,\"publisher\":{\"@id\":\"https:\\\/\\\/mznoticia.com.br\\\/jaguariaiva\\\/#organization\"},\"image\":{\"@id\":\"https:\\\/\\\/mznoticia.com.br\\\/jaguariaiva\\\/campanha-solidaria-do-mphc-e-frisia-vai-sortear-carro-zero-quilometro\\\/#primaryimage\"},\"thumbnailUrl\":\"https:\\\/\\\/mznoticia.com.br\\\/jaguariaiva\\\/wp-content\\\/uploads\\\/2026\\\/08\\\/castrolanda.jpg\",\"keywords\":[\"#Solidariedade\",\"Campanha Solid\u00e1ria\",\"Carambe\u00ed\",\"carro zero-quil\u00f4metro\",\"Cooperar &amp; Transformar\",\"cooperativismo\",\"destaque\",\"Di\u00e1rio dos Campos\",\"entidades sociais\",\"Fr\u00edsia\",\"MPHC\",\"Museu Parque Hist\u00f3rico de Carambe\u00ed\",\"parana\",\"projetos culturais\",\"projetos sociais\",\"sorteio\"],\"articleSection\":[\"Campos Gerais\",\"Geral\"],\"inLanguage\":\"pt-BR\",\"potentialAction\":[{\"@type\":\"CommentAction\",\"name\":\"Comment\",\"target\":[\"https:\\\/\\\/mznoticia.com.br\\\/jaguariaiva\\\/campanha-solidaria-do-mphc-e-frisia-vai-sortear-carro-zero-quilometro\\\/#respond\"]}]},{\"@type\":\"WebPage\",\"@id\":\"https:\\\/\\\/mznoticia.com.br\\\/jaguariaiva\\\/campanha-solidaria-do-mphc-e-frisia-vai-sortear-carro-zero-quilometro\\\/\",\"url\":\"https:\\\/\\\/mznoticia.com.br\\\/jaguariaiva\\\/campanha-solidaria-do-mphc-e-frisia-vai-sortear-carro-zero-quilometro\\\/\",\"name\":\"Campanha solid\u00e1ria do MPHC e Fr\u00edsia vai sortear carro zero-quil\u00f4metro - Mz Not\u00edcias\",\"isPartOf\":{\"@id\":\"https:\\\/\\\/mznoticia.com.br\\\/jaguariaiva\\\/#website\"},\"primaryImageOfPage\":{\"@id\":\"https:\\\/\\\/mznoticia.com.br\\\/jaguariaiva\\\/campanha-solidaria-do-mphc-e-frisia-vai-sortear-carro-zero-quilometro\\\/#primaryimage\"},\"image\":{\"@id\":\"https:\\\/\\\/mznoticia.com.br\\\/jaguariaiva\\\/campanha-solidaria-do-mphc-e-frisia-vai-sortear-carro-zero-quilometro\\\/#primaryimage\"},\"thumbnailUrl\":\"https:\\\/\\\/mznoticia.com.br\\\/jaguariaiva\\\/wp-content\\\/uploads\\\/2026\\\/08\\\/castrolanda.jpg\",\"datePublished\":\"2026-08-26T21:34:11+00:00\",\"description\":\"MPHC e Fr\u00edsia lan\u00e7am campanha solid\u00e1ria que sortear\u00e1 um carro zero-quil\u00f4metro e poder\u00e1 destinar at\u00e9 R$ 1 milh\u00e3o para entidades sociais.\",\"breadcrumb\":{\"@id\":\"https:\\\/\\\/mznoticia.com.br\\\/jaguariaiva\\\/campanha-solidaria-do-mphc-e-frisia-vai-sortear-carro-zero-quilometro\\\/#breadcrumb\"},\"inLanguage\":\"pt-BR\",\"potentialAction\":[{\"@type\":\"ReadAction\",\"target\":[\"https:\\\/\\\/mznoticia.com.br\\\/jaguariaiva\\\/campanha-solidaria-do-mphc-e-frisia-vai-sortear-carro-zero-quilometro\\\/\"]}]},{\"@type\":\"ImageObject\",\"inLanguage\":\"pt-BR\",\"@id\":\"https:\\\/\\\/mznoticia.com.br\\\/jaguariaiva\\\/campanha-solidaria-do-mphc-e-frisia-vai-sortear-carro-zero-quilometro\\\/#primaryimage\",\"url\":\"https:\\\/\\\/mznoticia.com.br\\\/jaguariaiva\\\/wp-content\\\/uploads\\\/2026\\\/08\\\/castrolanda.jpg\",\"contentUrl\":\"https:\\\/\\\/mznoticia.com.br\\\/jaguariaiva\\\/wp-content\\\/uploads\\\/2026\\\/08\\\/castrolanda.jpg\",\"width\":1024,\"height\":683},{\"@type\":\"BreadcrumbList\",\"@id\":\"https:\\\/\\\/mznoticia.com.br\\\/jaguariaiva\\\/campanha-solidaria-do-mphc-e-frisia-vai-sortear-carro-zero-quilometro\\\/#breadcrumb\",\"itemListElement\":[{\"@type\":\"ListItem\",\"position\":1,\"name\":\"Home\",\"item\":\"https:\\\/\\\/mznoticia.com.br\\\/jaguariaiva\\\/\"},{\"@type\":\"ListItem\",\"position\":2,\"name\":\"Campanha solid\u00e1ria do MPHC e Fr\u00edsia vai sortear carro zero-quil\u00f4metro\"}]},{\"@type\":\"WebSite\",\"@id\":\"https:\\\/\\\/mznoticia.com.br\\\/jaguariaiva\\\/#website\",\"url\":\"https:\\\/\\\/mznoticia.com.br\\\/jaguariaiva\\\/\",\"name\":\"Mz Not\u00edcia\",\"description\":\"A informa\u00e7\u00e3o que voc\u00ea precisa na hora certa!\",\"publisher\":{\"@id\":\"https:\\\/\\\/mznoticia.com.br\\\/jaguariaiva\\\/#organization\"},\"potentialAction\":[{\"@type\":\"SearchAction\",\"target\":{\"@type\":\"EntryPoint\",\"urlTemplate\":\"https:\\\/\\\/mznoticia.com.br\\\/jaguariaiva\\\/?s={search_term_string}\"},\"query-input\":{\"@type\":\"PropertyValueSpecification\",\"valueRequired\":true,\"valueName\":\"search_term_string\"}}],\"inLanguage\":\"pt-BR\"},{\"@type\":\"Organization\",\"@id\":\"https:\\\/\\\/mznoticia.com.br\\\/jaguariaiva\\\/#organization\",\"name\":\"Mz Not\u00edcia\",\"url\":\"https:\\\/\\\/mznoticia.com.br\\\/jaguariaiva\\\/\",\"logo\":{\"@type\":\"ImageObject\",\"inLanguage\":\"pt-BR\",\"@id\":\"https:\\\/\\\/mznoticia.com.br\\\/jaguariaiva\\\/#\\\/schema\\\/logo\\\/image\\\/\",\"url\":\"https:\\\/\\\/mznoticia.com.br\\\/jaguariaiva\\\/wp-content\\\/uploads\\\/2025\\\/03\\\/Design-sem-nome-4-e1741200616392.png\",\"contentUrl\":\"https:\\\/\\\/mznoticia.com.br\\\/jaguariaiva\\\/wp-content\\\/uploads\\\/2025\\\/03\\\/Design-sem-nome-4-e1741200616392.png\",\"width\":750,\"height\":563,\"caption\":\"Mz Not\u00edcia\"},\"image\":{\"@id\":\"https:\\\/\\\/mznoticia.com.br\\\/jaguariaiva\\\/#\\\/schema\\\/logo\\\/image\\\/\"},\"sameAs\":[\"https:\\\/\\\/www.facebook.com\\\/profile.php?id=61573479951222\",\"https:\\\/\\\/www.instagram.com\\\/mz.jaguariaiva\\\/\"]},{\"@type\":\"Person\",\"@id\":\"https:\\\/\\\/mznoticia.com.br\\\/jaguariaiva\\\/#\\\/schema\\\/person\\\/84012d827247b3f42f37b550da79cd03\",\"name\":\"Redacao mz\",\"image\":{\"@type\":\"ImageObject\",\"inLanguage\":\"pt-BR\",\"@id\":\"https:\\\/\\\/mznoticia.com.br\\\/jaguariaiva\\\/wp-content\\\/uploads\\\/2025\\\/02\\\/mznoticia_jaguariaiva_coluna-150x150.png\",\"url\":\"https:\\\/\\\/mznoticia.com.br\\\/jaguariaiva\\\/wp-content\\\/uploads\\\/2025\\\/02\\\/mznoticia_jaguariaiva_coluna-150x150.png\",\"contentUrl\":\"https:\\\/\\\/mznoticia.com.br\\\/jaguariaiva\\\/wp-content\\\/uploads\\\/2025\\\/02\\\/mznoticia_jaguariaiva_coluna-150x150.png\",\"caption\":\"Redacao mz\"},\"sameAs\":[\"http:\\\/\\\/mznoticia.com.br\"],\"url\":\"https:\\\/\\\/mznoticia.com.br\\\/jaguariaiva\\\/author\\\/lucimara\\\/\"}]}<\/script>\n<!-- \/ Yoast SEO plugin. -->","yoast_head_json":{"title":"Campanha solid\u00e1ria do MPHC e Fr\u00edsia vai sortear carro zero-quil\u00f4metro - Mz Not\u00edcias","description":"MPHC e Fr\u00edsia lan\u00e7am campanha solid\u00e1ria que sortear\u00e1 um carro zero-quil\u00f4metro e poder\u00e1 destinar at\u00e9 R$ 1 milh\u00e3o para entidades sociais.","robots":{"index":"index","follow":"follow","max-snippet":"max-snippet:-1","max-image-preview":"max-image-preview:large","max-video-preview":"max-video-preview:-1"},"canonical":"https:\/\/mznoticia.com.br\/jaguariaiva\/campanha-solidaria-do-mphc-e-frisia-vai-sortear-carro-zero-quilometro\/","og_locale":"pt_BR","og_type":"article","og_title":"Campanha solid\u00e1ria do MPHC e Fr\u00edsia vai sortear carro zero-quil\u00f4metro - Mz Not\u00edcias","og_description":"MPHC e Fr\u00edsia lan\u00e7am campanha solid\u00e1ria que sortear\u00e1 um carro zero-quil\u00f4metro e poder\u00e1 destinar at\u00e9 R$ 1 milh\u00e3o para entidades sociais.","og_url":"https:\/\/mznoticia.com.br\/jaguariaiva\/campanha-solidaria-do-mphc-e-frisia-vai-sortear-carro-zero-quilometro\/","og_site_name":"Mz Not\u00edcias","article_publisher":"https:\/\/www.facebook.com\/profile.php?id=61573479951222","article_published_time":"2026-08-26T21:34:11+00:00","og_image":[{"width":1024,"height":683,"url":"https:\/\/mznoticia.com.br\/jaguariaiva\/wp-content\/uploads\/2026\/08\/castrolanda.jpg","type":"image\/jpeg"}],"author":"Redacao mz","twitter_card":"summary_large_image","twitter_misc":{"Escrito por":"Redacao mz","Est. tempo de leitura":"3 minutos"},"schema":{"@context":"https:\/\/schema.org","@graph":[{"@type":"Article","@id":"https:\/\/mznoticia.com.br\/jaguariaiva\/campanha-solidaria-do-mphc-e-frisia-vai-sortear-carro-zero-quilometro\/#article","isPartOf":{"@id":"https:\/\/mznoticia.com.br\/jaguariaiva\/campanha-solidaria-do-mphc-e-frisia-vai-sortear-carro-zero-quilometro\/"},"author":{"name":"Redacao mz","@id":"https:\/\/mznoticia.com.br\/jaguariaiva\/#\/schema\/person\/84012d827247b3f42f37b550da79cd03"},"headline":"Campanha solid\u00e1ria do MPHC e Fr\u00edsia vai sortear carro zero-quil\u00f4metro","datePublished":"2026-08-26T21:34:11+00:00","mainEntityOfPage":{"@id":"https:\/\/mznoticia.com.br\/jaguariaiva\/campanha-solidaria-do-mphc-e-frisia-vai-sortear-carro-zero-quilometro\/"},"wordCount":408,"commentCount":0,"publisher":{"@id":"https:\/\/mznoticia.com.br\/jaguariaiva\/#organization"},"image":{"@id":"https:\/\/mznoticia.com.br\/jaguariaiva\/campanha-solidaria-do-mphc-e-frisia-vai-sortear-carro-zero-quilometro\/#primaryimage"},"thumbnailUrl":"https:\/\/mznoticia.com.br\/jaguariaiva\/wp-content\/uploads\/2026\/08\/castrolanda.jpg","keywords":["#Solidariedade","Campanha Solid\u00e1ria","Carambe\u00ed","carro zero-quil\u00f4metro","Cooperar &amp; Transformar","cooperativismo","destaque","Di\u00e1rio dos Campos","entidades sociais","Fr\u00edsia","MPHC","Museu Parque Hist\u00f3rico de Carambe\u00ed","parana","projetos culturais","projetos sociais","sorteio"],"articleSection":["Campos Gerais","Geral"],"inLanguage":"pt-BR","potentialAction":[{"@type":"CommentAction","name":"Comment","target":["https:\/\/mznoticia.com.br\/jaguariaiva\/campanha-solidaria-do-mphc-e-frisia-vai-sortear-carro-zero-quilometro\/#respond"]}]},{"@type":"WebPage","@id":"https:\/\/mznoticia.com.br\/jaguariaiva\/campanha-solidaria-do-mphc-e-frisia-vai-sortear-carro-zero-quilometro\/","url":"https:\/\/mznoticia.com.br\/jaguariaiva\/campanha-solidaria-do-mphc-e-frisia-vai-sortear-carro-zero-quilometro\/","name":"Campanha solid\u00e1ria do MPHC e Fr\u00edsia vai sortear carro zero-quil\u00f4metro - Mz Not\u00edcias","isPartOf":{"@id":"https:\/\/mznoticia.com.br\/jaguariaiva\/#website"},"primaryImageOfPage":{"@id":"https:\/\/mznoticia.com.br\/jaguariaiva\/campanha-solidaria-do-mphc-e-frisia-vai-sortear-carro-zero-quilometro\/#primaryimage"},"image":{"@id":"https:\/\/mznoticia.com.br\/jaguariaiva\/campanha-solidaria-do-mphc-e-frisia-vai-sortear-carro-zero-quilometro\/#primaryimage"},"thumbnailUrl":"https:\/\/mznoticia.com.br\/jaguariaiva\/wp-content\/uploads\/2026\/08\/castrolanda.jpg","datePublished":"2026-08-26T21:34:11+00:00","description":"MPHC e Fr\u00edsia lan\u00e7am campanha solid\u00e1ria que sortear\u00e1 um carro zero-quil\u00f4metro e poder\u00e1 destinar at\u00e9 R$ 1 milh\u00e3o para entidades sociais.","breadcrumb":{"@id":"https:\/\/mznoticia.com.br\/jaguariaiva\/campanha-solidaria-do-mphc-e-frisia-vai-sortear-carro-zero-quilometro\/#breadcrumb"},"inLanguage":"pt-BR","potentialAction":[{"@type":"ReadAction","target":["https:\/\/mznoticia.com.br\/jaguariaiva\/campanha-solidaria-do-mphc-e-frisia-vai-sortear-carro-zero-quilometro\/"]}]},{"@type":"ImageObject","inLanguage":"pt-BR","@id":"https:\/\/mznoticia.com.br\/jaguariaiva\/campanha-solidaria-do-mphc-e-frisia-vai-sortear-carro-zero-quilometro\/#primaryimage","url":"https:\/\/mznoticia.com.br\/jaguariaiva\/wp-content\/uploads\/2026\/08\/castrolanda.jpg","contentUrl":"https:\/\/mznoticia.com.br\/jaguariaiva\/wp-content\/uploads\/2026\/08\/castrolanda.jpg","width":1024,"height":683},{"@type":"BreadcrumbList","@id":"https:\/\/mznoticia.com.br\/jaguariaiva\/campanha-solidaria-do-mphc-e-frisia-vai-sortear-carro-zero-quilometro\/#breadcrumb","itemListElement":[{"@type":"ListItem","position":1,"name":"Home","item":"https:\/\/mznoticia.com.br\/jaguariaiva\/"},{"@type":"ListItem","position":2,"name":"Campanha solid\u00e1ria do MPHC e Fr\u00edsia vai sortear carro zero-quil\u00f4metro"}]},{"@type":"WebSite","@id":"https:\/\/mznoticia.com.br\/jaguariaiva\/#website","url":"https:\/\/mznoticia.com.br\/jaguariaiva\/","name":"Mz Not\u00edcia","description":"A informa\u00e7\u00e3o que voc\u00ea precisa na hora certa!","publisher":{"@id":"https:\/\/mznoticia.com.br\/jaguariaiva\/#organization"},"potentialAction":[{"@type":"SearchAction","target":{"@type":"EntryPoint","urlTemplate":"https:\/\/mznoticia.com.br\/jaguariaiva\/?s={search_term_string}"},"query-input":{"@type":"PropertyValueSpecification","valueRequired":true,"valueName":"search_term_string"}}],"inLanguage":"pt-BR"},{"@type":"Organization","@id":"https:\/\/mznoticia.com.br\/jaguariaiva\/#organization","name":"Mz Not\u00edcia","url":"https:\/\/mznoticia.com.br\/jaguariaiva\/","logo":{"@type":"ImageObject","inLanguage":"pt-BR","@id":"https:\/\/mznoticia.com.br\/jaguariaiva\/#\/schema\/logo\/image\/","url":"https:\/\/mznoticia.com.br\/jaguariaiva\/wp-content\/uploads\/2025\/03\/Design-sem-nome-4-e1741200616392.png","contentUrl":"https:\/\/mznoticia.com.br\/jaguariaiva\/wp-content\/uploads\/2025\/03\/Design-sem-nome-4-e1741200616392.png","width":750,"height":563,"caption":"Mz Not\u00edcia"},"image":{"@id":"https:\/\/mznoticia.com.br\/jaguariaiva\/#\/schema\/logo\/image\/"},"sameAs":["https:\/\/www.facebook.com\/profile.php?id=61573479951222","https:\/\/www.instagram.com\/mz.jaguariaiva\/"]},{"@type":"Person","@id":"https:\/\/mznoticia.com.br\/jaguariaiva\/#\/schema\/person\/84012d827247b3f42f37b550da79cd03","name":"Redacao mz","image":{"@type":"ImageObject","inLanguage":"pt-BR","@id":"https:\/\/mznoticia.com.br\/jaguariaiva\/wp-content\/uploads\/2025\/02\/mznoticia_jaguariaiva_coluna-150x150.png","url":"https:\/\/mznoticia.com.br\/jaguariaiva\/wp-content\/uploads\/2025\/02\/mznoticia_jaguariaiva_coluna-150x150.png","contentUrl":"https:\/\/mznoticia.com.br\/jaguariaiva\/wp-content\/uploads\/2025\/02\/mznoticia_jaguariaiva_coluna-150x150.png","caption":"Redacao mz"},"sameAs":["http:\/\/mznoticia.com.br"],"url":"https:\/\/mznoticia.com.br\/jaguariaiva\/author\/lucimara\/"}]}},"_links":{"self":[{"href":"https:\/\/mznoticia.com.br\/jaguariaiva\/wp-json\/wp\/v2\/posts\/7145","targetHints":{"allow":["GET"]}}],"collection":[{"href":"https:\/\/mznoticia.com.br\/jaguariaiva\/wp-json\/wp\/v2\/posts"}],"about":[{"href":"https:\/\/mznoticia.com.br\/jaguariaiva\/wp-json\/wp\/v2\/types\/post"}],"author":[{"embeddable":true,"href":"https:\/\/mznoticia.com.br\/jaguariaiva\/wp-json\/wp\/v2\/users\/16"}],"replies":[{"embeddable":true,"href":"https:\/\/mznoticia.com.br\/jaguariaiva\/wp-json\/wp\/v2\/comments?post=7145"}],"version-history":[{"count":1,"href":"https:\/\/mznoticia.com.br\/jaguariaiva\/wp-json\/wp\/v2\/posts\/7145\/revisions"}],"predecessor-version":[{"id":7147,"href":"https:\/\/mznoticia.com.br\/jaguariaiva\/wp-json\/wp\/v2\/posts\/7145\/revisions\/7147"}],"wp:featuredmedia":[{"embeddable":true,"href":"https:\/\/mznoticia.com.br\/jaguariaiva\/wp-json\/wp\/v2\/media\/7146"}],"wp:attachment":[{"href":"https:\/\/mznoticia.com.br\/jaguariaiva\/wp-json\/wp\/v2\/media?parent=7145"}],"wp:term":[{"taxonomy":"category","embeddable":true,"href":"https:\/\/mznoticia.com.br\/jaguariaiva\/wp-json\/wp\/v2\/categories?post=7145"},{"taxonomy":"post_tag","embeddable":true,"href":"https:\/\/mznoticia.com.br\/jaguariaiva\/wp-json\/wp\/v2\/tags?post=7145"}],"curies":[{"name":"wp","href":"https:\/\/api.w.org\/{rel}","templated":true}]}}