{"id":7148,"date":"2026-08-26T21:46:58","date_gmt":"2026-08-26T21:46:58","guid":{"rendered":"https:\/\/mznoticia.com.br\/jaguariaiva\/?p=7148"},"modified":"2026-08-26T21:46:58","modified_gmt":"2026-08-26T21:46:58","slug":"1-tonelada-de-costela-e-22-atracoes-ponta-grossa-prepara-festa-gigante-de-203-anos","status":"publish","type":"post","link":"https:\/\/mznoticia.com.br\/jaguariaiva\/1-tonelada-de-costela-e-22-atracoes-ponta-grossa-prepara-festa-gigante-de-203-anos\/","title":{"rendered":"1 tonelada de costela e 22 atra\u00e7\u00f5es: Ponta Grossa prepara festa gigante de 203 anos"},"content":{"rendered":"<h2 class=\"PDq2pG_selectionAnchorContainer\" data-section-id=\"m0clja\" data-start=\"90\" data-end=\"217\">Viva Ponta Grossa ser\u00e1 realizado em 15 de setembro, com shows, DJs, feira criativa e uma tonelada de costela no fogo de ch\u00e3o<\/h2>\n<p data-start=\"219\" data-end=\"460\">Ponta Grossa prepara uma grande programa\u00e7\u00e3o para comemorar seus <strong data-start=\"283\" data-end=\"295\">203 anos<\/strong>, no dia <strong data-start=\"304\" data-end=\"322\">15 de setembro<\/strong>. O <strong data-start=\"326\" data-end=\"347\">Viva Ponta Grossa<\/strong> ser\u00e1 realizado no Centro de Eventos, a partir das 10h, reunindo m\u00fasica, gastronomia, cultura e empreendedorismo.<\/p>\n<p data-start=\"462\" data-end=\"731\">A programa\u00e7\u00e3o musical ser\u00e1 distribu\u00edda em dois ambientes. No pavilh\u00e3o principal, o p\u00fablico poder\u00e1 conferir atra\u00e7\u00f5es do tradicionalismo ga\u00facho, como <strong data-start=\"610\" data-end=\"686\">Filhos do Rio Grande, Ess\u00eancia Baileira, Estampa Nativa e Garotos do Sul<\/strong>, al\u00e9m de nove atra\u00e7\u00f5es sertanejas da regi\u00e3o.<\/p>\n<p data-start=\"733\" data-end=\"874\">Na <strong data-start=\"736\" data-end=\"747\">Pista 2<\/strong>, a programa\u00e7\u00e3o ser\u00e1 dedicada ao flashback, com um encontro que reunir\u00e1 <strong data-start=\"819\" data-end=\"829\">13 DJs<\/strong> e sucessos que marcaram diferentes gera\u00e7\u00f5es.<\/p>\n<h3 data-section-id=\"t74oar\" data-start=\"876\" data-end=\"912\">Gastronomia tamb\u00e9m ser\u00e1 destaque<\/h3>\n<p data-start=\"914\" data-end=\"1144\">Durante o hor\u00e1rio do almo\u00e7o, o evento ter\u00e1 uma grande experi\u00eancia gastron\u00f4mica. A organiza\u00e7\u00e3o prev\u00ea o preparo de <strong data-start=\"1027\" data-end=\"1070\">uma tonelada de costela no fogo de ch\u00e3o<\/strong>, al\u00e9m de churrasco e acompanhamentos, que ser\u00e3o comercializados no local.<\/p>\n<p data-start=\"1146\" data-end=\"1327\">O Viva Ponta Grossa tamb\u00e9m contar\u00e1 com uma <strong data-start=\"1189\" data-end=\"1207\">feira criativa<\/strong>, reunindo artes\u00e3os, expositores e empreendedores locais para apresentar e comercializar produtos da cidade e da regi\u00e3o.<\/p>\n<h3 data-section-id=\"t4tyuk\" data-start=\"1329\" data-end=\"1355\">Entrada ser\u00e1 solid\u00e1ria<\/h3>\n<p data-start=\"1357\" data-end=\"1528\">Para participar, o p\u00fablico dever\u00e1 doar <strong data-start=\"1396\" data-end=\"1433\">1 quilo de alimento n\u00e3o perec\u00edvel<\/strong>. A proposta \u00e9 unir as comemora\u00e7\u00f5es do anivers\u00e1rio de Ponta Grossa a uma a\u00e7\u00e3o de solidariedade.<\/p>\n<p data-start=\"1530\" data-end=\"1668\">O evento \u00e9 realizado pelo <strong data-start=\"1556\" data-end=\"1578\">IBK e RB Promo\u00e7\u00f5es<\/strong>, com apoio da Prefeitura de Ponta Grossa e da Secretaria de Turismo do Governo do Paran\u00e1.<\/p>\n<p data-start=\"1670\" data-end=\"1808\">A expectativa \u00e9 reunir fam\u00edlias e visitantes durante todo o dia em uma programa\u00e7\u00e3o especial para celebrar os <strong data-start=\"1779\" data-end=\"1807\">203 anos de Ponta Grossa<\/strong>.<\/p>\n","protected":false},"excerpt":{"rendered":"<p>Viva Ponta Grossa ser\u00e1 realizado em 15 de setembro, com shows, DJs, feira criativa e uma tonelada de costela no fogo de ch\u00e3o Ponta Grossa prepara uma grande programa\u00e7\u00e3o para comemorar seus 203 anos, no dia 15 de setembro. O Viva Ponta Grossa ser\u00e1 realizado no Centro de Eventos, a partir das 10h, reunindo m\u00fasica, [&hellip;]<\/p>\n","protected":false},"author":16,"featured_media":7149,"comment_status":"open","ping_status":"open","sticky":false,"template":"","format":"standard","meta":{"footnotes":""},"categories":[8,1,12],"tags":[1187,2835,2834,2837,2844,84,47,2842,1168,2838,2845,2843,1929,2839,77,24,2840,2563,2841,326,2836],"class_list":["post-7148","post","type-post","status-publish","format-standard","has-post-thumbnail","hentry","category-campos-gerais","category-cultura","category-geral","tag-solidariedade","tag-203-anos-de-ponta-grossa","tag-aniversario-de-ponta-grossa","tag-centro-de-eventos","tag-costela-fogo-de-chao","tag-cultura","tag-destaque","tag-djs","tag-empreendedorismo","tag-eventos-em-ponta-grossa","tag-feira-criativa","tag-flashback","tag-gastronomia","tag-musica","tag-parana","tag-ponta-grossa","tag-sertanejo","tag-shows","tag-tradicionalismo-gaucho","tag-turismo","tag-viva-ponta-grossa"],"yoast_head":"<!-- This site is optimized with the Yoast SEO plugin v28.1 - https:\/\/yoast.com\/product\/yoast-seo-wordpress\/ -->\n<title>1 tonelada de costela e 22 atra\u00e7\u00f5es: Ponta Grossa prepara festa gigante de 203 anos - Mz Not\u00edcias<\/title>\n<meta name=\"description\" content=\"Ponta Grossa comemora 203 anos com o Viva Ponta Grossa, evento com shows, DJs, gastronomia, feira criativa e entrada solid\u00e1ria.\" \/>\n<meta name=\"robots\" content=\"index, follow, max-snippet:-1, max-image-preview:large, max-video-preview:-1\" \/>\n<link rel=\"canonical\" href=\"https:\/\/mznoticia.com.br\/jaguariaiva\/1-tonelada-de-costela-e-22-atracoes-ponta-grossa-prepara-festa-gigante-de-203-anos\/\" \/>\n<meta property=\"og:locale\" content=\"pt_BR\" \/>\n<meta property=\"og:type\" content=\"article\" \/>\n<meta property=\"og:title\" content=\"1 tonelada de costela e 22 atra\u00e7\u00f5es: Ponta Grossa prepara festa gigante de 203 anos - Mz Not\u00edcias\" \/>\n<meta property=\"og:description\" content=\"Ponta Grossa comemora 203 anos com o Viva Ponta Grossa, evento com shows, DJs, gastronomia, feira criativa e entrada solid\u00e1ria.\" \/>\n<meta property=\"og:url\" content=\"https:\/\/mznoticia.com.br\/jaguariaiva\/1-tonelada-de-costela-e-22-atracoes-ponta-grossa-prepara-festa-gigante-de-203-anos\/\" \/>\n<meta property=\"og:site_name\" content=\"Mz Not\u00edcias\" \/>\n<meta property=\"article:publisher\" content=\"https:\/\/www.facebook.com\/profile.php?id=61573479951222\" \/>\n<meta property=\"article:published_time\" content=\"2026-08-26T21:46:58+00:00\" \/>\n<meta property=\"og:image\" content=\"https:\/\/mznoticia.com.br\/jaguariaiva\/wp-content\/uploads\/2026\/08\/festa.webp\" \/>\n\t<meta property=\"og:image:width\" content=\"1000\" \/>\n\t<meta property=\"og:image:height\" content=\"500\" \/>\n\t<meta property=\"og:image:type\" content=\"image\/webp\" \/>\n<meta name=\"author\" content=\"Redacao mz\" \/>\n<meta name=\"twitter:card\" content=\"summary_large_image\" \/>\n<meta name=\"twitter:label1\" content=\"Escrito por\" \/>\n\t<meta name=\"twitter:data1\" content=\"Redacao mz\" \/>\n\t<meta name=\"twitter:label2\" content=\"Est. tempo de leitura\" \/>\n\t<meta name=\"twitter:data2\" content=\"2 minutos\" \/>\n<script type=\"application\/ld+json\" class=\"yoast-schema-graph\">{\"@context\":\"https:\\\/\\\/schema.org\",\"@graph\":[{\"@type\":\"Article\",\"@id\":\"https:\\\/\\\/mznoticia.com.br\\\/jaguariaiva\\\/1-tonelada-de-costela-e-22-atracoes-ponta-grossa-prepara-festa-gigante-de-203-anos\\\/#article\",\"isPartOf\":{\"@id\":\"https:\\\/\\\/mznoticia.com.br\\\/jaguariaiva\\\/1-tonelada-de-costela-e-22-atracoes-ponta-grossa-prepara-festa-gigante-de-203-anos\\\/\"},\"author\":{\"name\":\"Redacao mz\",\"@id\":\"https:\\\/\\\/mznoticia.com.br\\\/jaguariaiva\\\/#\\\/schema\\\/person\\\/84012d827247b3f42f37b550da79cd03\"},\"headline\":\"1 tonelada de costela e 22 atra\u00e7\u00f5es: Ponta Grossa prepara festa gigante de 203 anos\",\"datePublished\":\"2026-08-26T21:46:58+00:00\",\"mainEntityOfPage\":{\"@id\":\"https:\\\/\\\/mznoticia.com.br\\\/jaguariaiva\\\/1-tonelada-de-costela-e-22-atracoes-ponta-grossa-prepara-festa-gigante-de-203-anos\\\/\"},\"wordCount\":305,\"commentCount\":0,\"publisher\":{\"@id\":\"https:\\\/\\\/mznoticia.com.br\\\/jaguariaiva\\\/#organization\"},\"image\":{\"@id\":\"https:\\\/\\\/mznoticia.com.br\\\/jaguariaiva\\\/1-tonelada-de-costela-e-22-atracoes-ponta-grossa-prepara-festa-gigante-de-203-anos\\\/#primaryimage\"},\"thumbnailUrl\":\"https:\\\/\\\/mznoticia.com.br\\\/jaguariaiva\\\/wp-content\\\/uploads\\\/2026\\\/08\\\/festa.webp\",\"keywords\":[\"#Solidariedade\",\"203 anos de Ponta Grossa\",\"anivers\u00e1rio de Ponta Grossa\",\"Centro de Eventos\",\"costela fogo de ch\u00e3o\",\"cultura\",\"destaque\",\"DJs\",\"Empreendedorismo\",\"eventos em Ponta Grossa\",\"feira criativa\",\"flashback\",\"Gastronomia\",\"m\u00fasica\",\"parana\",\"Ponta Grossa\",\"sertanejo\",\"shows\",\"tradicionalismo ga\u00facho\",\"Turismo\",\"Viva Ponta Grossa\"],\"articleSection\":[\"Campos Gerais\",\"Cultura\",\"Geral\"],\"inLanguage\":\"pt-BR\",\"potentialAction\":[{\"@type\":\"CommentAction\",\"name\":\"Comment\",\"target\":[\"https:\\\/\\\/mznoticia.com.br\\\/jaguariaiva\\\/1-tonelada-de-costela-e-22-atracoes-ponta-grossa-prepara-festa-gigante-de-203-anos\\\/#respond\"]}]},{\"@type\":\"WebPage\",\"@id\":\"https:\\\/\\\/mznoticia.com.br\\\/jaguariaiva\\\/1-tonelada-de-costela-e-22-atracoes-ponta-grossa-prepara-festa-gigante-de-203-anos\\\/\",\"url\":\"https:\\\/\\\/mznoticia.com.br\\\/jaguariaiva\\\/1-tonelada-de-costela-e-22-atracoes-ponta-grossa-prepara-festa-gigante-de-203-anos\\\/\",\"name\":\"1 tonelada de costela e 22 atra\u00e7\u00f5es: Ponta Grossa prepara festa gigante de 203 anos - Mz Not\u00edcias\",\"isPartOf\":{\"@id\":\"https:\\\/\\\/mznoticia.com.br\\\/jaguariaiva\\\/#website\"},\"primaryImageOfPage\":{\"@id\":\"https:\\\/\\\/mznoticia.com.br\\\/jaguariaiva\\\/1-tonelada-de-costela-e-22-atracoes-ponta-grossa-prepara-festa-gigante-de-203-anos\\\/#primaryimage\"},\"image\":{\"@id\":\"https:\\\/\\\/mznoticia.com.br\\\/jaguariaiva\\\/1-tonelada-de-costela-e-22-atracoes-ponta-grossa-prepara-festa-gigante-de-203-anos\\\/#primaryimage\"},\"thumbnailUrl\":\"https:\\\/\\\/mznoticia.com.br\\\/jaguariaiva\\\/wp-content\\\/uploads\\\/2026\\\/08\\\/festa.webp\",\"datePublished\":\"2026-08-26T21:46:58+00:00\",\"description\":\"Ponta Grossa comemora 203 anos com o Viva Ponta Grossa, evento com shows, DJs, gastronomia, feira criativa e entrada solid\u00e1ria.\",\"breadcrumb\":{\"@id\":\"https:\\\/\\\/mznoticia.com.br\\\/jaguariaiva\\\/1-tonelada-de-costela-e-22-atracoes-ponta-grossa-prepara-festa-gigante-de-203-anos\\\/#breadcrumb\"},\"inLanguage\":\"pt-BR\",\"potentialAction\":[{\"@type\":\"ReadAction\",\"target\":[\"https:\\\/\\\/mznoticia.com.br\\\/jaguariaiva\\\/1-tonelada-de-costela-e-22-atracoes-ponta-grossa-prepara-festa-gigante-de-203-anos\\\/\"]}]},{\"@type\":\"ImageObject\",\"inLanguage\":\"pt-BR\",\"@id\":\"https:\\\/\\\/mznoticia.com.br\\\/jaguariaiva\\\/1-tonelada-de-costela-e-22-atracoes-ponta-grossa-prepara-festa-gigante-de-203-anos\\\/#primaryimage\",\"url\":\"https:\\\/\\\/mznoticia.com.br\\\/jaguariaiva\\\/wp-content\\\/uploads\\\/2026\\\/08\\\/festa.webp\",\"contentUrl\":\"https:\\\/\\\/mznoticia.com.br\\\/jaguariaiva\\\/wp-content\\\/uploads\\\/2026\\\/08\\\/festa.webp\",\"width\":1000,\"height\":500},{\"@type\":\"BreadcrumbList\",\"@id\":\"https:\\\/\\\/mznoticia.com.br\\\/jaguariaiva\\\/1-tonelada-de-costela-e-22-atracoes-ponta-grossa-prepara-festa-gigante-de-203-anos\\\/#breadcrumb\",\"itemListElement\":[{\"@type\":\"ListItem\",\"position\":1,\"name\":\"Home\",\"item\":\"https:\\\/\\\/mznoticia.com.br\\\/jaguariaiva\\\/\"},{\"@type\":\"ListItem\",\"position\":2,\"name\":\"1 tonelada de costela e 22 atra\u00e7\u00f5es: Ponta Grossa prepara festa gigante de 203 anos\"}]},{\"@type\":\"WebSite\",\"@id\":\"https:\\\/\\\/mznoticia.com.br\\\/jaguariaiva\\\/#website\",\"url\":\"https:\\\/\\\/mznoticia.com.br\\\/jaguariaiva\\\/\",\"name\":\"Mz Not\u00edcia\",\"description\":\"A informa\u00e7\u00e3o que voc\u00ea precisa na hora certa!\",\"publisher\":{\"@id\":\"https:\\\/\\\/mznoticia.com.br\\\/jaguariaiva\\\/#organization\"},\"potentialAction\":[{\"@type\":\"SearchAction\",\"target\":{\"@type\":\"EntryPoint\",\"urlTemplate\":\"https:\\\/\\\/mznoticia.com.br\\\/jaguariaiva\\\/?s={search_term_string}\"},\"query-input\":{\"@type\":\"PropertyValueSpecification\",\"valueRequired\":true,\"valueName\":\"search_term_string\"}}],\"inLanguage\":\"pt-BR\"},{\"@type\":\"Organization\",\"@id\":\"https:\\\/\\\/mznoticia.com.br\\\/jaguariaiva\\\/#organization\",\"name\":\"Mz Not\u00edcia\",\"url\":\"https:\\\/\\\/mznoticia.com.br\\\/jaguariaiva\\\/\",\"logo\":{\"@type\":\"ImageObject\",\"inLanguage\":\"pt-BR\",\"@id\":\"https:\\\/\\\/mznoticia.com.br\\\/jaguariaiva\\\/#\\\/schema\\\/logo\\\/image\\\/\",\"url\":\"https:\\\/\\\/mznoticia.com.br\\\/jaguariaiva\\\/wp-content\\\/uploads\\\/2025\\\/03\\\/Design-sem-nome-4-e1741200616392.png\",\"contentUrl\":\"https:\\\/\\\/mznoticia.com.br\\\/jaguariaiva\\\/wp-content\\\/uploads\\\/2025\\\/03\\\/Design-sem-nome-4-e1741200616392.png\",\"width\":750,\"height\":563,\"caption\":\"Mz Not\u00edcia\"},\"image\":{\"@id\":\"https:\\\/\\\/mznoticia.com.br\\\/jaguariaiva\\\/#\\\/schema\\\/logo\\\/image\\\/\"},\"sameAs\":[\"https:\\\/\\\/www.facebook.com\\\/profile.php?id=61573479951222\",\"https:\\\/\\\/www.instagram.com\\\/mz.jaguariaiva\\\/\"]},{\"@type\":\"Person\",\"@id\":\"https:\\\/\\\/mznoticia.com.br\\\/jaguariaiva\\\/#\\\/schema\\\/person\\\/84012d827247b3f42f37b550da79cd03\",\"name\":\"Redacao mz\",\"image\":{\"@type\":\"ImageObject\",\"inLanguage\":\"pt-BR\",\"@id\":\"https:\\\/\\\/mznoticia.com.br\\\/jaguariaiva\\\/wp-content\\\/uploads\\\/2025\\\/02\\\/mznoticia_jaguariaiva_coluna-150x150.png\",\"url\":\"https:\\\/\\\/mznoticia.com.br\\\/jaguariaiva\\\/wp-content\\\/uploads\\\/2025\\\/02\\\/mznoticia_jaguariaiva_coluna-150x150.png\",\"contentUrl\":\"https:\\\/\\\/mznoticia.com.br\\\/jaguariaiva\\\/wp-content\\\/uploads\\\/2025\\\/02\\\/mznoticia_jaguariaiva_coluna-150x150.png\",\"caption\":\"Redacao mz\"},\"sameAs\":[\"http:\\\/\\\/mznoticia.com.br\"],\"url\":\"https:\\\/\\\/mznoticia.com.br\\\/jaguariaiva\\\/author\\\/lucimara\\\/\"}]}<\/script>\n<!-- \/ Yoast SEO plugin. -->","yoast_head_json":{"title":"1 tonelada de costela e 22 atra\u00e7\u00f5es: Ponta Grossa prepara festa gigante de 203 anos - Mz Not\u00edcias","description":"Ponta Grossa comemora 203 anos com o Viva Ponta Grossa, evento com shows, DJs, gastronomia, feira criativa e entrada solid\u00e1ria.","robots":{"index":"index","follow":"follow","max-snippet":"max-snippet:-1","max-image-preview":"max-image-preview:large","max-video-preview":"max-video-preview:-1"},"canonical":"https:\/\/mznoticia.com.br\/jaguariaiva\/1-tonelada-de-costela-e-22-atracoes-ponta-grossa-prepara-festa-gigante-de-203-anos\/","og_locale":"pt_BR","og_type":"article","og_title":"1 tonelada de costela e 22 atra\u00e7\u00f5es: Ponta Grossa prepara festa gigante de 203 anos - Mz Not\u00edcias","og_description":"Ponta Grossa comemora 203 anos com o Viva Ponta Grossa, evento com shows, DJs, gastronomia, feira criativa e entrada solid\u00e1ria.","og_url":"https:\/\/mznoticia.com.br\/jaguariaiva\/1-tonelada-de-costela-e-22-atracoes-ponta-grossa-prepara-festa-gigante-de-203-anos\/","og_site_name":"Mz Not\u00edcias","article_publisher":"https:\/\/www.facebook.com\/profile.php?id=61573479951222","article_published_time":"2026-08-26T21:46:58+00:00","og_image":[{"width":1000,"height":500,"url":"https:\/\/mznoticia.com.br\/jaguariaiva\/wp-content\/uploads\/2026\/08\/festa.webp","type":"image\/webp"}],"author":"Redacao mz","twitter_card":"summary_large_image","twitter_misc":{"Escrito por":"Redacao mz","Est. tempo de leitura":"2 minutos"},"schema":{"@context":"https:\/\/schema.org","@graph":[{"@type":"Article","@id":"https:\/\/mznoticia.com.br\/jaguariaiva\/1-tonelada-de-costela-e-22-atracoes-ponta-grossa-prepara-festa-gigante-de-203-anos\/#article","isPartOf":{"@id":"https:\/\/mznoticia.com.br\/jaguariaiva\/1-tonelada-de-costela-e-22-atracoes-ponta-grossa-prepara-festa-gigante-de-203-anos\/"},"author":{"name":"Redacao mz","@id":"https:\/\/mznoticia.com.br\/jaguariaiva\/#\/schema\/person\/84012d827247b3f42f37b550da79cd03"},"headline":"1 tonelada de costela e 22 atra\u00e7\u00f5es: Ponta Grossa prepara festa gigante de 203 anos","datePublished":"2026-08-26T21:46:58+00:00","mainEntityOfPage":{"@id":"https:\/\/mznoticia.com.br\/jaguariaiva\/1-tonelada-de-costela-e-22-atracoes-ponta-grossa-prepara-festa-gigante-de-203-anos\/"},"wordCount":305,"commentCount":0,"publisher":{"@id":"https:\/\/mznoticia.com.br\/jaguariaiva\/#organization"},"image":{"@id":"https:\/\/mznoticia.com.br\/jaguariaiva\/1-tonelada-de-costela-e-22-atracoes-ponta-grossa-prepara-festa-gigante-de-203-anos\/#primaryimage"},"thumbnailUrl":"https:\/\/mznoticia.com.br\/jaguariaiva\/wp-content\/uploads\/2026\/08\/festa.webp","keywords":["#Solidariedade","203 anos de Ponta Grossa","anivers\u00e1rio de Ponta Grossa","Centro de Eventos","costela fogo de ch\u00e3o","cultura","destaque","DJs","Empreendedorismo","eventos em Ponta Grossa","feira criativa","flashback","Gastronomia","m\u00fasica","parana","Ponta Grossa","sertanejo","shows","tradicionalismo ga\u00facho","Turismo","Viva Ponta Grossa"],"articleSection":["Campos Gerais","Cultura","Geral"],"inLanguage":"pt-BR","potentialAction":[{"@type":"CommentAction","name":"Comment","target":["https:\/\/mznoticia.com.br\/jaguariaiva\/1-tonelada-de-costela-e-22-atracoes-ponta-grossa-prepara-festa-gigante-de-203-anos\/#respond"]}]},{"@type":"WebPage","@id":"https:\/\/mznoticia.com.br\/jaguariaiva\/1-tonelada-de-costela-e-22-atracoes-ponta-grossa-prepara-festa-gigante-de-203-anos\/","url":"https:\/\/mznoticia.com.br\/jaguariaiva\/1-tonelada-de-costela-e-22-atracoes-ponta-grossa-prepara-festa-gigante-de-203-anos\/","name":"1 tonelada de costela e 22 atra\u00e7\u00f5es: Ponta Grossa prepara festa gigante de 203 anos - Mz Not\u00edcias","isPartOf":{"@id":"https:\/\/mznoticia.com.br\/jaguariaiva\/#website"},"primaryImageOfPage":{"@id":"https:\/\/mznoticia.com.br\/jaguariaiva\/1-tonelada-de-costela-e-22-atracoes-ponta-grossa-prepara-festa-gigante-de-203-anos\/#primaryimage"},"image":{"@id":"https:\/\/mznoticia.com.br\/jaguariaiva\/1-tonelada-de-costela-e-22-atracoes-ponta-grossa-prepara-festa-gigante-de-203-anos\/#primaryimage"},"thumbnailUrl":"https:\/\/mznoticia.com.br\/jaguariaiva\/wp-content\/uploads\/2026\/08\/festa.webp","datePublished":"2026-08-26T21:46:58+00:00","description":"Ponta Grossa comemora 203 anos com o Viva Ponta Grossa, evento com shows, DJs, gastronomia, feira criativa e entrada solid\u00e1ria.","breadcrumb":{"@id":"https:\/\/mznoticia.com.br\/jaguariaiva\/1-tonelada-de-costela-e-22-atracoes-ponta-grossa-prepara-festa-gigante-de-203-anos\/#breadcrumb"},"inLanguage":"pt-BR","potentialAction":[{"@type":"ReadAction","target":["https:\/\/mznoticia.com.br\/jaguariaiva\/1-tonelada-de-costela-e-22-atracoes-ponta-grossa-prepara-festa-gigante-de-203-anos\/"]}]},{"@type":"ImageObject","inLanguage":"pt-BR","@id":"https:\/\/mznoticia.com.br\/jaguariaiva\/1-tonelada-de-costela-e-22-atracoes-ponta-grossa-prepara-festa-gigante-de-203-anos\/#primaryimage","url":"https:\/\/mznoticia.com.br\/jaguariaiva\/wp-content\/uploads\/2026\/08\/festa.webp","contentUrl":"https:\/\/mznoticia.com.br\/jaguariaiva\/wp-content\/uploads\/2026\/08\/festa.webp","width":1000,"height":500},{"@type":"BreadcrumbList","@id":"https:\/\/mznoticia.com.br\/jaguariaiva\/1-tonelada-de-costela-e-22-atracoes-ponta-grossa-prepara-festa-gigante-de-203-anos\/#breadcrumb","itemListElement":[{"@type":"ListItem","position":1,"name":"Home","item":"https:\/\/mznoticia.com.br\/jaguariaiva\/"},{"@type":"ListItem","position":2,"name":"1 tonelada de costela e 22 atra\u00e7\u00f5es: Ponta Grossa prepara festa gigante de 203 anos"}]},{"@type":"WebSite","@id":"https:\/\/mznoticia.com.br\/jaguariaiva\/#website","url":"https:\/\/mznoticia.com.br\/jaguariaiva\/","name":"Mz Not\u00edcia","description":"A informa\u00e7\u00e3o que voc\u00ea precisa na hora certa!","publisher":{"@id":"https:\/\/mznoticia.com.br\/jaguariaiva\/#organization"},"potentialAction":[{"@type":"SearchAction","target":{"@type":"EntryPoint","urlTemplate":"https:\/\/mznoticia.com.br\/jaguariaiva\/?s={search_term_string}"},"query-input":{"@type":"PropertyValueSpecification","valueRequired":true,"valueName":"search_term_string"}}],"inLanguage":"pt-BR"},{"@type":"Organization","@id":"https:\/\/mznoticia.com.br\/jaguariaiva\/#organization","name":"Mz Not\u00edcia","url":"https:\/\/mznoticia.com.br\/jaguariaiva\/","logo":{"@type":"ImageObject","inLanguage":"pt-BR","@id":"https:\/\/mznoticia.com.br\/jaguariaiva\/#\/schema\/logo\/image\/","url":"https:\/\/mznoticia.com.br\/jaguariaiva\/wp-content\/uploads\/2025\/03\/Design-sem-nome-4-e1741200616392.png","contentUrl":"https:\/\/mznoticia.com.br\/jaguariaiva\/wp-content\/uploads\/2025\/03\/Design-sem-nome-4-e1741200616392.png","width":750,"height":563,"caption":"Mz Not\u00edcia"},"image":{"@id":"https:\/\/mznoticia.com.br\/jaguariaiva\/#\/schema\/logo\/image\/"},"sameAs":["https:\/\/www.facebook.com\/profile.php?id=61573479951222","https:\/\/www.instagram.com\/mz.jaguariaiva\/"]},{"@type":"Person","@id":"https:\/\/mznoticia.com.br\/jaguariaiva\/#\/schema\/person\/84012d827247b3f42f37b550da79cd03","name":"Redacao mz","image":{"@type":"ImageObject","inLanguage":"pt-BR","@id":"https:\/\/mznoticia.com.br\/jaguariaiva\/wp-content\/uploads\/2025\/02\/mznoticia_jaguariaiva_coluna-150x150.png","url":"https:\/\/mznoticia.com.br\/jaguariaiva\/wp-content\/uploads\/2025\/02\/mznoticia_jaguariaiva_coluna-150x150.png","contentUrl":"https:\/\/mznoticia.com.br\/jaguariaiva\/wp-content\/uploads\/2025\/02\/mznoticia_jaguariaiva_coluna-150x150.png","caption":"Redacao mz"},"sameAs":["http:\/\/mznoticia.com.br"],"url":"https:\/\/mznoticia.com.br\/jaguariaiva\/author\/lucimara\/"}]}},"_links":{"self":[{"href":"https:\/\/mznoticia.com.br\/jaguariaiva\/wp-json\/wp\/v2\/posts\/7148","targetHints":{"allow":["GET"]}}],"collection":[{"href":"https:\/\/mznoticia.com.br\/jaguariaiva\/wp-json\/wp\/v2\/posts"}],"about":[{"href":"https:\/\/mznoticia.com.br\/jaguariaiva\/wp-json\/wp\/v2\/types\/post"}],"author":[{"embeddable":true,"href":"https:\/\/mznoticia.com.br\/jaguariaiva\/wp-json\/wp\/v2\/users\/16"}],"replies":[{"embeddable":true,"href":"https:\/\/mznoticia.com.br\/jaguariaiva\/wp-json\/wp\/v2\/comments?post=7148"}],"version-history":[{"count":1,"href":"https:\/\/mznoticia.com.br\/jaguariaiva\/wp-json\/wp\/v2\/posts\/7148\/revisions"}],"predecessor-version":[{"id":7150,"href":"https:\/\/mznoticia.com.br\/jaguariaiva\/wp-json\/wp\/v2\/posts\/7148\/revisions\/7150"}],"wp:featuredmedia":[{"embeddable":true,"href":"https:\/\/mznoticia.com.br\/jaguariaiva\/wp-json\/wp\/v2\/media\/7149"}],"wp:attachment":[{"href":"https:\/\/mznoticia.com.br\/jaguariaiva\/wp-json\/wp\/v2\/media?parent=7148"}],"wp:term":[{"taxonomy":"category","embeddable":true,"href":"https:\/\/mznoticia.com.br\/jaguariaiva\/wp-json\/wp\/v2\/categories?post=7148"},{"taxonomy":"post_tag","embeddable":true,"href":"https:\/\/mznoticia.com.br\/jaguariaiva\/wp-json\/wp\/v2\/tags?post=7148"}],"curies":[{"name":"wp","href":"https:\/\/api.w.org\/{rel}","templated":true}]}}