{"id":7154,"date":"2026-08-27T12:01:54","date_gmt":"2026-08-27T12:01:54","guid":{"rendered":"https:\/\/mznoticia.com.br\/jaguariaiva\/?p=7154"},"modified":"2026-08-27T12:01:54","modified_gmt":"2026-08-27T12:01:54","slug":"presidente-da-camara-de-guarapuava-e-alvo-de-operacao-que-apura-suposta-corrupcao","status":"publish","type":"post","link":"https:\/\/mznoticia.com.br\/jaguariaiva\/presidente-da-camara-de-guarapuava-e-alvo-de-operacao-que-apura-suposta-corrupcao\/","title":{"rendered":"Presidente da C\u00e2mara de Guarapuava \u00e9 alvo de opera\u00e7\u00e3o que apura suposta corrup\u00e7\u00e3o"},"content":{"rendered":"<div class=\"flex max-w-full flex-col gap-4 grow\">\n<div class=\"min-h-8 text-message relative flex w-full flex-col items-end gap-2 text-start break-words whitespace-normal outline-none keyboard-focused:focus-ring [.text-message+&amp;]:mt-1\" dir=\"auto\" data-message-author-role=\"assistant\" data-message-id=\"9172725d-2404-4974-a95c-2ff7809da9ac\" data-message-model-slug=\"gpt-5-6\">\n<div class=\"flex w-full flex-col gap-1 empty:hidden\">\n<div class=\"markdown prose dark:prose-invert wrap-break-word w-full light markdown-new-styling\">\n<p class=\"PDq2pG_selectionAnchorContainer\" data-start=\"0\" data-end=\"461\">O presidente da C\u00e2mara de Guarapuava, Pedro Moraes (MDB), e empres\u00e1rios foram alvo de uma opera\u00e7\u00e3o que cumpriu 20 mandados de busca e apreens\u00e3o. A investiga\u00e7\u00e3o apura um suposto esquema de corrup\u00e7\u00e3o para regularizar a constru\u00e7\u00e3o de uma farm\u00e1cia iniciada sem licen\u00e7a. Segundo as investiga\u00e7\u00f5es, teria sido combinado o pagamento de aproximadamente R$ 100 mil em propina para intermediar a regulariza\u00e7\u00e3o da obra.<\/p>\n<p data-start=\"463\" data-end=\"775\" data-is-last-node=\"\" data-is-only-node=\"\">Tamb\u00e9m s\u00e3o investigados servidores p\u00fablicos e o ex-secret\u00e1rio municipal de Habita\u00e7\u00e3o e Urbanismo, Danilo Dominico. Pedro Moraes nega as acusa\u00e7\u00f5es, afirma nunca ter recebido propina e diz estar \u00e0 disposi\u00e7\u00e3o da Justi\u00e7a. As investiga\u00e7\u00f5es continuam para esclarecer os fatos e identificar poss\u00edveis outros envolvidos.<\/p>\n<\/div>\n<\/div>\n<\/div>\n<\/div>\n<div class=\"z-0 flex min-h-[46px] justify-start\"><\/div>\n","protected":false},"excerpt":{"rendered":"<p>O presidente da C\u00e2mara de Guarapuava, Pedro Moraes (MDB), e empres\u00e1rios foram alvo de uma opera\u00e7\u00e3o que cumpriu 20 mandados de busca e apreens\u00e3o. A investiga\u00e7\u00e3o apura um suposto esquema de corrup\u00e7\u00e3o para regularizar a constru\u00e7\u00e3o de uma farm\u00e1cia iniciada sem licen\u00e7a. Segundo as investiga\u00e7\u00f5es, teria sido combinado o pagamento de aproximadamente R$ 100 mil [&hellip;]<\/p>\n","protected":false},"author":16,"featured_media":7155,"comment_status":"open","ping_status":"open","sticky":false,"template":"","format":"standard","meta":{"footnotes":""},"categories":[7],"tags":[2847,314,1427,47,1001,955,160,77,2846,265,194],"class_list":["post-7154","post","type-post","status-publish","format-standard","has-post-thumbnail","hentry","category-politica","tag-camara-de-guarapuava","tag-campos-gerais","tag-corrupcao","tag-destaque","tag-guarapuava","tag-ministerio-publico","tag-operacao","tag-parana","tag-pedro-moraes","tag-policia","tag-politica"],"yoast_head":"<!-- This site is optimized with the Yoast SEO plugin v28.1 - https:\/\/yoast.com\/product\/yoast-seo-wordpress\/ -->\n<title>Presidente da C\u00e2mara de Guarapuava \u00e9 alvo de opera\u00e7\u00e3o que apura suposta corrup\u00e7\u00e3o - Mz Not\u00edcias<\/title>\n<meta name=\"robots\" content=\"index, follow, max-snippet:-1, max-image-preview:large, max-video-preview:-1\" \/>\n<link rel=\"canonical\" href=\"https:\/\/mznoticia.com.br\/jaguariaiva\/presidente-da-camara-de-guarapuava-e-alvo-de-operacao-que-apura-suposta-corrupcao\/\" \/>\n<meta property=\"og:locale\" content=\"pt_BR\" \/>\n<meta property=\"og:type\" content=\"article\" \/>\n<meta property=\"og:title\" content=\"Presidente da C\u00e2mara de Guarapuava \u00e9 alvo de opera\u00e7\u00e3o que apura suposta corrup\u00e7\u00e3o - Mz Not\u00edcias\" \/>\n<meta property=\"og:description\" content=\"O presidente da C\u00e2mara de Guarapuava, Pedro Moraes (MDB), e empres\u00e1rios foram alvo de uma opera\u00e7\u00e3o que cumpriu 20 mandados de busca e apreens\u00e3o. A investiga\u00e7\u00e3o apura um suposto esquema de corrup\u00e7\u00e3o para regularizar a constru\u00e7\u00e3o de uma farm\u00e1cia iniciada sem licen\u00e7a. Segundo as investiga\u00e7\u00f5es, teria sido combinado o pagamento de aproximadamente R$ 100 mil [&hellip;]\" \/>\n<meta property=\"og:url\" content=\"https:\/\/mznoticia.com.br\/jaguariaiva\/presidente-da-camara-de-guarapuava-e-alvo-de-operacao-que-apura-suposta-corrupcao\/\" \/>\n<meta property=\"og:site_name\" content=\"Mz Not\u00edcias\" \/>\n<meta property=\"article:publisher\" content=\"https:\/\/www.facebook.com\/profile.php?id=61573479951222\" \/>\n<meta property=\"article:published_time\" content=\"2026-08-27T12:01:54+00:00\" \/>\n<meta property=\"og:image\" content=\"https:\/\/mznoticia.com.br\/jaguariaiva\/wp-content\/uploads\/2026\/08\/20-3.webp\" \/>\n\t<meta property=\"og:image:width\" content=\"1800\" \/>\n\t<meta property=\"og:image:height\" content=\"1012\" \/>\n\t<meta property=\"og:image:type\" content=\"image\/webp\" \/>\n<meta name=\"author\" content=\"Redacao mz\" \/>\n<meta name=\"twitter:card\" content=\"summary_large_image\" \/>\n<meta name=\"twitter:label1\" content=\"Escrito por\" \/>\n\t<meta name=\"twitter:data1\" content=\"Redacao mz\" \/>\n\t<meta name=\"twitter:label2\" content=\"Est. tempo de leitura\" \/>\n\t<meta name=\"twitter:data2\" content=\"1 minuto\" \/>\n<script type=\"application\/ld+json\" class=\"yoast-schema-graph\">{\"@context\":\"https:\\\/\\\/schema.org\",\"@graph\":[{\"@type\":\"Article\",\"@id\":\"https:\\\/\\\/mznoticia.com.br\\\/jaguariaiva\\\/presidente-da-camara-de-guarapuava-e-alvo-de-operacao-que-apura-suposta-corrupcao\\\/#article\",\"isPartOf\":{\"@id\":\"https:\\\/\\\/mznoticia.com.br\\\/jaguariaiva\\\/presidente-da-camara-de-guarapuava-e-alvo-de-operacao-que-apura-suposta-corrupcao\\\/\"},\"author\":{\"name\":\"Redacao mz\",\"@id\":\"https:\\\/\\\/mznoticia.com.br\\\/jaguariaiva\\\/#\\\/schema\\\/person\\\/84012d827247b3f42f37b550da79cd03\"},\"headline\":\"Presidente da C\u00e2mara de Guarapuava \u00e9 alvo de opera\u00e7\u00e3o que apura suposta corrup\u00e7\u00e3o\",\"datePublished\":\"2026-08-27T12:01:54+00:00\",\"mainEntityOfPage\":{\"@id\":\"https:\\\/\\\/mznoticia.com.br\\\/jaguariaiva\\\/presidente-da-camara-de-guarapuava-e-alvo-de-operacao-que-apura-suposta-corrupcao\\\/\"},\"wordCount\":140,\"commentCount\":0,\"publisher\":{\"@id\":\"https:\\\/\\\/mznoticia.com.br\\\/jaguariaiva\\\/#organization\"},\"image\":{\"@id\":\"https:\\\/\\\/mznoticia.com.br\\\/jaguariaiva\\\/presidente-da-camara-de-guarapuava-e-alvo-de-operacao-que-apura-suposta-corrupcao\\\/#primaryimage\"},\"thumbnailUrl\":\"https:\\\/\\\/mznoticia.com.br\\\/jaguariaiva\\\/wp-content\\\/uploads\\\/2026\\\/08\\\/20-3.webp\",\"keywords\":[\"C\u00e2mara de Guarapuava\",\"Campos Gerais\",\"Corrup\u00e7\u00e3o\",\"destaque\",\"Guarapuava\",\"Minist\u00e9rio P\u00fablico\",\"opera\u00e7\u00e3o\",\"parana\",\"Pedro Moraes\",\"POLICIA\",\"politica\"],\"articleSection\":[\"Pol\u00edtica\"],\"inLanguage\":\"pt-BR\",\"potentialAction\":[{\"@type\":\"CommentAction\",\"name\":\"Comment\",\"target\":[\"https:\\\/\\\/mznoticia.com.br\\\/jaguariaiva\\\/presidente-da-camara-de-guarapuava-e-alvo-de-operacao-que-apura-suposta-corrupcao\\\/#respond\"]}]},{\"@type\":\"WebPage\",\"@id\":\"https:\\\/\\\/mznoticia.com.br\\\/jaguariaiva\\\/presidente-da-camara-de-guarapuava-e-alvo-de-operacao-que-apura-suposta-corrupcao\\\/\",\"url\":\"https:\\\/\\\/mznoticia.com.br\\\/jaguariaiva\\\/presidente-da-camara-de-guarapuava-e-alvo-de-operacao-que-apura-suposta-corrupcao\\\/\",\"name\":\"Presidente da C\u00e2mara de Guarapuava \u00e9 alvo de opera\u00e7\u00e3o que apura suposta corrup\u00e7\u00e3o - Mz Not\u00edcias\",\"isPartOf\":{\"@id\":\"https:\\\/\\\/mznoticia.com.br\\\/jaguariaiva\\\/#website\"},\"primaryImageOfPage\":{\"@id\":\"https:\\\/\\\/mznoticia.com.br\\\/jaguariaiva\\\/presidente-da-camara-de-guarapuava-e-alvo-de-operacao-que-apura-suposta-corrupcao\\\/#primaryimage\"},\"image\":{\"@id\":\"https:\\\/\\\/mznoticia.com.br\\\/jaguariaiva\\\/presidente-da-camara-de-guarapuava-e-alvo-de-operacao-que-apura-suposta-corrupcao\\\/#primaryimage\"},\"thumbnailUrl\":\"https:\\\/\\\/mznoticia.com.br\\\/jaguariaiva\\\/wp-content\\\/uploads\\\/2026\\\/08\\\/20-3.webp\",\"datePublished\":\"2026-08-27T12:01:54+00:00\",\"breadcrumb\":{\"@id\":\"https:\\\/\\\/mznoticia.com.br\\\/jaguariaiva\\\/presidente-da-camara-de-guarapuava-e-alvo-de-operacao-que-apura-suposta-corrupcao\\\/#breadcrumb\"},\"inLanguage\":\"pt-BR\",\"potentialAction\":[{\"@type\":\"ReadAction\",\"target\":[\"https:\\\/\\\/mznoticia.com.br\\\/jaguariaiva\\\/presidente-da-camara-de-guarapuava-e-alvo-de-operacao-que-apura-suposta-corrupcao\\\/\"]}]},{\"@type\":\"ImageObject\",\"inLanguage\":\"pt-BR\",\"@id\":\"https:\\\/\\\/mznoticia.com.br\\\/jaguariaiva\\\/presidente-da-camara-de-guarapuava-e-alvo-de-operacao-que-apura-suposta-corrupcao\\\/#primaryimage\",\"url\":\"https:\\\/\\\/mznoticia.com.br\\\/jaguariaiva\\\/wp-content\\\/uploads\\\/2026\\\/08\\\/20-3.webp\",\"contentUrl\":\"https:\\\/\\\/mznoticia.com.br\\\/jaguariaiva\\\/wp-content\\\/uploads\\\/2026\\\/08\\\/20-3.webp\",\"width\":1800,\"height\":1012},{\"@type\":\"BreadcrumbList\",\"@id\":\"https:\\\/\\\/mznoticia.com.br\\\/jaguariaiva\\\/presidente-da-camara-de-guarapuava-e-alvo-de-operacao-que-apura-suposta-corrupcao\\\/#breadcrumb\",\"itemListElement\":[{\"@type\":\"ListItem\",\"position\":1,\"name\":\"Home\",\"item\":\"https:\\\/\\\/mznoticia.com.br\\\/jaguariaiva\\\/\"},{\"@type\":\"ListItem\",\"position\":2,\"name\":\"Presidente da C\u00e2mara de Guarapuava \u00e9 alvo de opera\u00e7\u00e3o que apura suposta corrup\u00e7\u00e3o\"}]},{\"@type\":\"WebSite\",\"@id\":\"https:\\\/\\\/mznoticia.com.br\\\/jaguariaiva\\\/#website\",\"url\":\"https:\\\/\\\/mznoticia.com.br\\\/jaguariaiva\\\/\",\"name\":\"Mz Not\u00edcia\",\"description\":\"A informa\u00e7\u00e3o que voc\u00ea precisa na hora certa!\",\"publisher\":{\"@id\":\"https:\\\/\\\/mznoticia.com.br\\\/jaguariaiva\\\/#organization\"},\"potentialAction\":[{\"@type\":\"SearchAction\",\"target\":{\"@type\":\"EntryPoint\",\"urlTemplate\":\"https:\\\/\\\/mznoticia.com.br\\\/jaguariaiva\\\/?s={search_term_string}\"},\"query-input\":{\"@type\":\"PropertyValueSpecification\",\"valueRequired\":true,\"valueName\":\"search_term_string\"}}],\"inLanguage\":\"pt-BR\"},{\"@type\":\"Organization\",\"@id\":\"https:\\\/\\\/mznoticia.com.br\\\/jaguariaiva\\\/#organization\",\"name\":\"Mz Not\u00edcia\",\"url\":\"https:\\\/\\\/mznoticia.com.br\\\/jaguariaiva\\\/\",\"logo\":{\"@type\":\"ImageObject\",\"inLanguage\":\"pt-BR\",\"@id\":\"https:\\\/\\\/mznoticia.com.br\\\/jaguariaiva\\\/#\\\/schema\\\/logo\\\/image\\\/\",\"url\":\"https:\\\/\\\/mznoticia.com.br\\\/jaguariaiva\\\/wp-content\\\/uploads\\\/2025\\\/03\\\/Design-sem-nome-4-e1741200616392.png\",\"contentUrl\":\"https:\\\/\\\/mznoticia.com.br\\\/jaguariaiva\\\/wp-content\\\/uploads\\\/2025\\\/03\\\/Design-sem-nome-4-e1741200616392.png\",\"width\":750,\"height\":563,\"caption\":\"Mz Not\u00edcia\"},\"image\":{\"@id\":\"https:\\\/\\\/mznoticia.com.br\\\/jaguariaiva\\\/#\\\/schema\\\/logo\\\/image\\\/\"},\"sameAs\":[\"https:\\\/\\\/www.facebook.com\\\/profile.php?id=61573479951222\",\"https:\\\/\\\/www.instagram.com\\\/mz.jaguariaiva\\\/\"]},{\"@type\":\"Person\",\"@id\":\"https:\\\/\\\/mznoticia.com.br\\\/jaguariaiva\\\/#\\\/schema\\\/person\\\/84012d827247b3f42f37b550da79cd03\",\"name\":\"Redacao mz\",\"image\":{\"@type\":\"ImageObject\",\"inLanguage\":\"pt-BR\",\"@id\":\"https:\\\/\\\/mznoticia.com.br\\\/jaguariaiva\\\/wp-content\\\/uploads\\\/2025\\\/02\\\/mznoticia_jaguariaiva_coluna-150x150.png\",\"url\":\"https:\\\/\\\/mznoticia.com.br\\\/jaguariaiva\\\/wp-content\\\/uploads\\\/2025\\\/02\\\/mznoticia_jaguariaiva_coluna-150x150.png\",\"contentUrl\":\"https:\\\/\\\/mznoticia.com.br\\\/jaguariaiva\\\/wp-content\\\/uploads\\\/2025\\\/02\\\/mznoticia_jaguariaiva_coluna-150x150.png\",\"caption\":\"Redacao mz\"},\"sameAs\":[\"http:\\\/\\\/mznoticia.com.br\"],\"url\":\"https:\\\/\\\/mznoticia.com.br\\\/jaguariaiva\\\/author\\\/lucimara\\\/\"}]}<\/script>\n<!-- \/ Yoast SEO plugin. -->","yoast_head_json":{"title":"Presidente da C\u00e2mara de Guarapuava \u00e9 alvo de opera\u00e7\u00e3o que apura suposta corrup\u00e7\u00e3o - Mz Not\u00edcias","robots":{"index":"index","follow":"follow","max-snippet":"max-snippet:-1","max-image-preview":"max-image-preview:large","max-video-preview":"max-video-preview:-1"},"canonical":"https:\/\/mznoticia.com.br\/jaguariaiva\/presidente-da-camara-de-guarapuava-e-alvo-de-operacao-que-apura-suposta-corrupcao\/","og_locale":"pt_BR","og_type":"article","og_title":"Presidente da C\u00e2mara de Guarapuava \u00e9 alvo de opera\u00e7\u00e3o que apura suposta corrup\u00e7\u00e3o - Mz Not\u00edcias","og_description":"O presidente da C\u00e2mara de Guarapuava, Pedro Moraes (MDB), e empres\u00e1rios foram alvo de uma opera\u00e7\u00e3o que cumpriu 20 mandados de busca e apreens\u00e3o. A investiga\u00e7\u00e3o apura um suposto esquema de corrup\u00e7\u00e3o para regularizar a constru\u00e7\u00e3o de uma farm\u00e1cia iniciada sem licen\u00e7a. Segundo as investiga\u00e7\u00f5es, teria sido combinado o pagamento de aproximadamente R$ 100 mil [&hellip;]","og_url":"https:\/\/mznoticia.com.br\/jaguariaiva\/presidente-da-camara-de-guarapuava-e-alvo-de-operacao-que-apura-suposta-corrupcao\/","og_site_name":"Mz Not\u00edcias","article_publisher":"https:\/\/www.facebook.com\/profile.php?id=61573479951222","article_published_time":"2026-08-27T12:01:54+00:00","og_image":[{"width":1800,"height":1012,"url":"https:\/\/mznoticia.com.br\/jaguariaiva\/wp-content\/uploads\/2026\/08\/20-3.webp","type":"image\/webp"}],"author":"Redacao mz","twitter_card":"summary_large_image","twitter_misc":{"Escrito por":"Redacao mz","Est. tempo de leitura":"1 minuto"},"schema":{"@context":"https:\/\/schema.org","@graph":[{"@type":"Article","@id":"https:\/\/mznoticia.com.br\/jaguariaiva\/presidente-da-camara-de-guarapuava-e-alvo-de-operacao-que-apura-suposta-corrupcao\/#article","isPartOf":{"@id":"https:\/\/mznoticia.com.br\/jaguariaiva\/presidente-da-camara-de-guarapuava-e-alvo-de-operacao-que-apura-suposta-corrupcao\/"},"author":{"name":"Redacao mz","@id":"https:\/\/mznoticia.com.br\/jaguariaiva\/#\/schema\/person\/84012d827247b3f42f37b550da79cd03"},"headline":"Presidente da C\u00e2mara de Guarapuava \u00e9 alvo de opera\u00e7\u00e3o que apura suposta corrup\u00e7\u00e3o","datePublished":"2026-08-27T12:01:54+00:00","mainEntityOfPage":{"@id":"https:\/\/mznoticia.com.br\/jaguariaiva\/presidente-da-camara-de-guarapuava-e-alvo-de-operacao-que-apura-suposta-corrupcao\/"},"wordCount":140,"commentCount":0,"publisher":{"@id":"https:\/\/mznoticia.com.br\/jaguariaiva\/#organization"},"image":{"@id":"https:\/\/mznoticia.com.br\/jaguariaiva\/presidente-da-camara-de-guarapuava-e-alvo-de-operacao-que-apura-suposta-corrupcao\/#primaryimage"},"thumbnailUrl":"https:\/\/mznoticia.com.br\/jaguariaiva\/wp-content\/uploads\/2026\/08\/20-3.webp","keywords":["C\u00e2mara de Guarapuava","Campos Gerais","Corrup\u00e7\u00e3o","destaque","Guarapuava","Minist\u00e9rio P\u00fablico","opera\u00e7\u00e3o","parana","Pedro Moraes","POLICIA","politica"],"articleSection":["Pol\u00edtica"],"inLanguage":"pt-BR","potentialAction":[{"@type":"CommentAction","name":"Comment","target":["https:\/\/mznoticia.com.br\/jaguariaiva\/presidente-da-camara-de-guarapuava-e-alvo-de-operacao-que-apura-suposta-corrupcao\/#respond"]}]},{"@type":"WebPage","@id":"https:\/\/mznoticia.com.br\/jaguariaiva\/presidente-da-camara-de-guarapuava-e-alvo-de-operacao-que-apura-suposta-corrupcao\/","url":"https:\/\/mznoticia.com.br\/jaguariaiva\/presidente-da-camara-de-guarapuava-e-alvo-de-operacao-que-apura-suposta-corrupcao\/","name":"Presidente da C\u00e2mara de Guarapuava \u00e9 alvo de opera\u00e7\u00e3o que apura suposta corrup\u00e7\u00e3o - Mz Not\u00edcias","isPartOf":{"@id":"https:\/\/mznoticia.com.br\/jaguariaiva\/#website"},"primaryImageOfPage":{"@id":"https:\/\/mznoticia.com.br\/jaguariaiva\/presidente-da-camara-de-guarapuava-e-alvo-de-operacao-que-apura-suposta-corrupcao\/#primaryimage"},"image":{"@id":"https:\/\/mznoticia.com.br\/jaguariaiva\/presidente-da-camara-de-guarapuava-e-alvo-de-operacao-que-apura-suposta-corrupcao\/#primaryimage"},"thumbnailUrl":"https:\/\/mznoticia.com.br\/jaguariaiva\/wp-content\/uploads\/2026\/08\/20-3.webp","datePublished":"2026-08-27T12:01:54+00:00","breadcrumb":{"@id":"https:\/\/mznoticia.com.br\/jaguariaiva\/presidente-da-camara-de-guarapuava-e-alvo-de-operacao-que-apura-suposta-corrupcao\/#breadcrumb"},"inLanguage":"pt-BR","potentialAction":[{"@type":"ReadAction","target":["https:\/\/mznoticia.com.br\/jaguariaiva\/presidente-da-camara-de-guarapuava-e-alvo-de-operacao-que-apura-suposta-corrupcao\/"]}]},{"@type":"ImageObject","inLanguage":"pt-BR","@id":"https:\/\/mznoticia.com.br\/jaguariaiva\/presidente-da-camara-de-guarapuava-e-alvo-de-operacao-que-apura-suposta-corrupcao\/#primaryimage","url":"https:\/\/mznoticia.com.br\/jaguariaiva\/wp-content\/uploads\/2026\/08\/20-3.webp","contentUrl":"https:\/\/mznoticia.com.br\/jaguariaiva\/wp-content\/uploads\/2026\/08\/20-3.webp","width":1800,"height":1012},{"@type":"BreadcrumbList","@id":"https:\/\/mznoticia.com.br\/jaguariaiva\/presidente-da-camara-de-guarapuava-e-alvo-de-operacao-que-apura-suposta-corrupcao\/#breadcrumb","itemListElement":[{"@type":"ListItem","position":1,"name":"Home","item":"https:\/\/mznoticia.com.br\/jaguariaiva\/"},{"@type":"ListItem","position":2,"name":"Presidente da C\u00e2mara de Guarapuava \u00e9 alvo de opera\u00e7\u00e3o que apura suposta corrup\u00e7\u00e3o"}]},{"@type":"WebSite","@id":"https:\/\/mznoticia.com.br\/jaguariaiva\/#website","url":"https:\/\/mznoticia.com.br\/jaguariaiva\/","name":"Mz Not\u00edcia","description":"A informa\u00e7\u00e3o que voc\u00ea precisa na hora certa!","publisher":{"@id":"https:\/\/mznoticia.com.br\/jaguariaiva\/#organization"},"potentialAction":[{"@type":"SearchAction","target":{"@type":"EntryPoint","urlTemplate":"https:\/\/mznoticia.com.br\/jaguariaiva\/?s={search_term_string}"},"query-input":{"@type":"PropertyValueSpecification","valueRequired":true,"valueName":"search_term_string"}}],"inLanguage":"pt-BR"},{"@type":"Organization","@id":"https:\/\/mznoticia.com.br\/jaguariaiva\/#organization","name":"Mz Not\u00edcia","url":"https:\/\/mznoticia.com.br\/jaguariaiva\/","logo":{"@type":"ImageObject","inLanguage":"pt-BR","@id":"https:\/\/mznoticia.com.br\/jaguariaiva\/#\/schema\/logo\/image\/","url":"https:\/\/mznoticia.com.br\/jaguariaiva\/wp-content\/uploads\/2025\/03\/Design-sem-nome-4-e1741200616392.png","contentUrl":"https:\/\/mznoticia.com.br\/jaguariaiva\/wp-content\/uploads\/2025\/03\/Design-sem-nome-4-e1741200616392.png","width":750,"height":563,"caption":"Mz Not\u00edcia"},"image":{"@id":"https:\/\/mznoticia.com.br\/jaguariaiva\/#\/schema\/logo\/image\/"},"sameAs":["https:\/\/www.facebook.com\/profile.php?id=61573479951222","https:\/\/www.instagram.com\/mz.jaguariaiva\/"]},{"@type":"Person","@id":"https:\/\/mznoticia.com.br\/jaguariaiva\/#\/schema\/person\/84012d827247b3f42f37b550da79cd03","name":"Redacao mz","image":{"@type":"ImageObject","inLanguage":"pt-BR","@id":"https:\/\/mznoticia.com.br\/jaguariaiva\/wp-content\/uploads\/2025\/02\/mznoticia_jaguariaiva_coluna-150x150.png","url":"https:\/\/mznoticia.com.br\/jaguariaiva\/wp-content\/uploads\/2025\/02\/mznoticia_jaguariaiva_coluna-150x150.png","contentUrl":"https:\/\/mznoticia.com.br\/jaguariaiva\/wp-content\/uploads\/2025\/02\/mznoticia_jaguariaiva_coluna-150x150.png","caption":"Redacao mz"},"sameAs":["http:\/\/mznoticia.com.br"],"url":"https:\/\/mznoticia.com.br\/jaguariaiva\/author\/lucimara\/"}]}},"_links":{"self":[{"href":"https:\/\/mznoticia.com.br\/jaguariaiva\/wp-json\/wp\/v2\/posts\/7154","targetHints":{"allow":["GET"]}}],"collection":[{"href":"https:\/\/mznoticia.com.br\/jaguariaiva\/wp-json\/wp\/v2\/posts"}],"about":[{"href":"https:\/\/mznoticia.com.br\/jaguariaiva\/wp-json\/wp\/v2\/types\/post"}],"author":[{"embeddable":true,"href":"https:\/\/mznoticia.com.br\/jaguariaiva\/wp-json\/wp\/v2\/users\/16"}],"replies":[{"embeddable":true,"href":"https:\/\/mznoticia.com.br\/jaguariaiva\/wp-json\/wp\/v2\/comments?post=7154"}],"version-history":[{"count":1,"href":"https:\/\/mznoticia.com.br\/jaguariaiva\/wp-json\/wp\/v2\/posts\/7154\/revisions"}],"predecessor-version":[{"id":7156,"href":"https:\/\/mznoticia.com.br\/jaguariaiva\/wp-json\/wp\/v2\/posts\/7154\/revisions\/7156"}],"wp:featuredmedia":[{"embeddable":true,"href":"https:\/\/mznoticia.com.br\/jaguariaiva\/wp-json\/wp\/v2\/media\/7155"}],"wp:attachment":[{"href":"https:\/\/mznoticia.com.br\/jaguariaiva\/wp-json\/wp\/v2\/media?parent=7154"}],"wp:term":[{"taxonomy":"category","embeddable":true,"href":"https:\/\/mznoticia.com.br\/jaguariaiva\/wp-json\/wp\/v2\/categories?post=7154"},{"taxonomy":"post_tag","embeddable":true,"href":"https:\/\/mznoticia.com.br\/jaguariaiva\/wp-json\/wp\/v2\/tags?post=7154"}],"curies":[{"name":"wp","href":"https:\/\/api.w.org\/{rel}","templated":true}]}}