{"id":7167,"date":"2026-08-27T14:41:26","date_gmt":"2026-08-27T14:41:26","guid":{"rendered":"https:\/\/mznoticia.com.br\/jaguariaiva\/?p=7167"},"modified":"2026-08-27T14:41:26","modified_gmt":"2026-08-27T14:41:26","slug":"avalanche-no-nepal-entenda-como-a-tragedia-se-espalhou-por-168-km","status":"publish","type":"post","link":"https:\/\/mznoticia.com.br\/jaguariaiva\/avalanche-no-nepal-entenda-como-a-tragedia-se-espalhou-por-168-km\/","title":{"rendered":"Avalanche no Nepal: entenda como a trag\u00e9dia se espalhou por 168 km"},"content":{"rendered":"<h1 class=\"PDq2pG_selectionAnchorContainer\" data-section-id=\"1blt8yn\" data-start=\"0\" data-end=\"88\">Avalanche entre Nepal e Tibete deixa mais de 300 mortos e cerca de 1.500 desaparecidos<\/h1>\n<p data-start=\"90\" data-end=\"242\">Uma avalanche provocada pelo poss\u00edvel colapso de uma geleira percorreu 168 km, atingindo vilarejos, pontes, estradas e uma usina hidrel\u00e9trica na regi\u00e3o.<\/p>\n<h2 data-section-id=\"1794oea\" data-start=\"244\" data-end=\"282\">Desastre come\u00e7ou em \u00e1rea montanhosa<\/h2>\n<p data-start=\"284\" data-end=\"479\">Equipes de resgate continuam procurando cerca de 1.500 desaparecidos ap\u00f3s a avalanche que atingiu \u00e1reas entre o Nepal e o Tibete, na China. Mais de 300 mortes foram confirmadas pelas autoridades.<\/p>\n<p data-start=\"481\" data-end=\"645\">A principal hip\u00f3tese \u00e9 que o colapso de uma geleira na montanha Langtang Lirung, com mais de 7 mil metros de altitude, tenha iniciado a sequ\u00eancia de acontecimentos.<\/p>\n<h2 data-section-id=\"7byuws\" data-start=\"647\" data-end=\"686\">Lama, gelo e \u00e1gua avan\u00e7aram pelo rio<\/h2>\n<p data-start=\"688\" data-end=\"868\">Ap\u00f3s o deslizamento, grandes volumes de gelo, rochas e \u00e1gua desceram pela montanha e chegaram ao canal do rio Lhende Khola. A for\u00e7a da \u00e1gua e dos sedimentos atingiu \u00e1reas povoadas.<\/p>\n<p data-start=\"870\" data-end=\"994\">O posto de fronteira de Gyirong foi um dos primeiros locais atingidos. A regi\u00e3o possui uma ponte que liga o Nepal ao Tibete.<\/p>\n<p data-start=\"996\" data-end=\"1133\">A onda de sedimentos tamb\u00e9m alcan\u00e7ou uma barragem de uma usina hidrel\u00e9trica e continuou pelo rio Trishuli, afetando comunidades pr\u00f3ximas.<\/p>\n<h2 data-section-id=\"1vq0mqr\" data-start=\"1135\" data-end=\"1158\">Vilarejo desapareceu<\/h2>\n<p data-start=\"1160\" data-end=\"1263\">O povoado de Timure foi completamente atingido pela avalanche, com casas e estabelecimentos destru\u00eddos.<\/p>\n<p data-start=\"1265\" data-end=\"1423\">Segundo informa\u00e7\u00f5es locais, a avalanche provocou um aumento repentino de aproximadamente 20 milh\u00f5es de metros c\u00fabicos de \u00e1gua na bacia hidrogr\u00e1fica da regi\u00e3o.<\/p>\n<p data-start=\"1425\" data-end=\"1538\">A enchente percorreu cerca de 168 quil\u00f4metros, derrubou 70 pontes e danificou mais de 40 quil\u00f4metros de estradas.<\/p>\n<h2 data-section-id=\"13eq2lz\" data-start=\"1540\" data-end=\"1585\">Tremor foi causado pelo colapso da geleira<\/h2>\n<p data-start=\"1587\" data-end=\"1800\">Inicialmente, \u00f3rg\u00e3os geol\u00f3gicos registraram um tremor de magnitude 5,2 na regi\u00e3o. Posteriormente, foi esclarecido que o registro estava relacionado ao pr\u00f3prio colapso da geleira, e n\u00e3o a um terremoto convencional.<\/p>\n<p data-start=\"1802\" data-end=\"1943\">As autoridades continuam investigando as circunst\u00e2ncias do desastre enquanto equipes trabalham nas buscas e no atendimento \u00e0s \u00e1reas afetadas.<\/p>\n","protected":false},"excerpt":{"rendered":"<p>Avalanche entre Nepal e Tibete deixa mais de 300 mortos e cerca de 1.500 desaparecidos Uma avalanche provocada pelo poss\u00edvel colapso de uma geleira percorreu 168 km, atingindo vilarejos, pontes, estradas e uma usina hidrel\u00e9trica na regi\u00e3o. Desastre come\u00e7ou em \u00e1rea montanhosa Equipes de resgate continuam procurando cerca de 1.500 desaparecidos ap\u00f3s a avalanche que [&hellip;]<\/p>\n","protected":false},"author":16,"featured_media":7168,"comment_status":"open","ping_status":"open","sticky":false,"template":"","format":"standard","meta":{"footnotes":""},"categories":[15],"tags":[2748,2374,646,1101,1464,47,2749,2773,1670,2746,2747,1672],"class_list":["post-7167","post","type-post","status-publish","format-standard","has-post-thumbnail","hentry","category-mundo","tag-avalanche","tag-china","tag-desaparecidos","tag-desastre-natural","tag-deslizamento","tag-destaque","tag-enchente","tag-geleira","tag-mortes","tag-nepal","tag-tibete","tag-tragedia"],"yoast_head":"<!-- This site is optimized with the Yoast SEO plugin v28.1 - https:\/\/yoast.com\/product\/yoast-seo-wordpress\/ -->\n<title>Avalanche no Nepal: entenda como a trag\u00e9dia se espalhou por 168 km - Mz Not\u00edcias<\/title>\n<meta name=\"description\" content=\"Avalanche entre Nepal e Tibete deixa mais de 300 mortos e cerca de 1.500 desaparecidos ap\u00f3s colapso de geleira e enchente.\" \/>\n<meta name=\"robots\" content=\"index, follow, max-snippet:-1, max-image-preview:large, max-video-preview:-1\" \/>\n<link rel=\"canonical\" href=\"https:\/\/mznoticia.com.br\/jaguariaiva\/avalanche-no-nepal-entenda-como-a-tragedia-se-espalhou-por-168-km\/\" \/>\n<meta property=\"og:locale\" content=\"pt_BR\" \/>\n<meta property=\"og:type\" content=\"article\" \/>\n<meta property=\"og:title\" content=\"Avalanche no Nepal: entenda como a trag\u00e9dia se espalhou por 168 km - Mz Not\u00edcias\" \/>\n<meta property=\"og:description\" content=\"Avalanche entre Nepal e Tibete deixa mais de 300 mortos e cerca de 1.500 desaparecidos ap\u00f3s colapso de geleira e enchente.\" \/>\n<meta property=\"og:url\" content=\"https:\/\/mznoticia.com.br\/jaguariaiva\/avalanche-no-nepal-entenda-como-a-tragedia-se-espalhou-por-168-km\/\" \/>\n<meta property=\"og:site_name\" content=\"Mz Not\u00edcias\" \/>\n<meta property=\"article:publisher\" content=\"https:\/\/www.facebook.com\/profile.php?id=61573479951222\" \/>\n<meta property=\"article:published_time\" content=\"2026-08-27T14:41:26+00:00\" \/>\n<meta property=\"og:image\" content=\"https:\/\/mznoticia.com.br\/jaguariaiva\/wp-content\/uploads\/2026\/08\/50-7.jpg\" \/>\n\t<meta property=\"og:image:width\" content=\"484\" \/>\n\t<meta property=\"og:image:height\" content=\"339\" \/>\n\t<meta property=\"og:image:type\" content=\"image\/jpeg\" \/>\n<meta name=\"author\" content=\"Redacao mz\" \/>\n<meta name=\"twitter:card\" content=\"summary_large_image\" \/>\n<meta name=\"twitter:label1\" content=\"Escrito por\" \/>\n\t<meta name=\"twitter:data1\" content=\"Redacao mz\" \/>\n\t<meta name=\"twitter:label2\" content=\"Est. tempo de leitura\" \/>\n\t<meta name=\"twitter:data2\" content=\"2 minutos\" \/>\n<script type=\"application\/ld+json\" class=\"yoast-schema-graph\">{\"@context\":\"https:\\\/\\\/schema.org\",\"@graph\":[{\"@type\":\"Article\",\"@id\":\"https:\\\/\\\/mznoticia.com.br\\\/jaguariaiva\\\/avalanche-no-nepal-entenda-como-a-tragedia-se-espalhou-por-168-km\\\/#article\",\"isPartOf\":{\"@id\":\"https:\\\/\\\/mznoticia.com.br\\\/jaguariaiva\\\/avalanche-no-nepal-entenda-como-a-tragedia-se-espalhou-por-168-km\\\/\"},\"author\":{\"name\":\"Redacao mz\",\"@id\":\"https:\\\/\\\/mznoticia.com.br\\\/jaguariaiva\\\/#\\\/schema\\\/person\\\/84012d827247b3f42f37b550da79cd03\"},\"headline\":\"Avalanche no Nepal: entenda como a trag\u00e9dia se espalhou por 168 km\",\"datePublished\":\"2026-08-27T14:41:26+00:00\",\"mainEntityOfPage\":{\"@id\":\"https:\\\/\\\/mznoticia.com.br\\\/jaguariaiva\\\/avalanche-no-nepal-entenda-como-a-tragedia-se-espalhou-por-168-km\\\/\"},\"wordCount\":324,\"commentCount\":0,\"publisher\":{\"@id\":\"https:\\\/\\\/mznoticia.com.br\\\/jaguariaiva\\\/#organization\"},\"image\":{\"@id\":\"https:\\\/\\\/mznoticia.com.br\\\/jaguariaiva\\\/avalanche-no-nepal-entenda-como-a-tragedia-se-espalhou-por-168-km\\\/#primaryimage\"},\"thumbnailUrl\":\"https:\\\/\\\/mznoticia.com.br\\\/jaguariaiva\\\/wp-content\\\/uploads\\\/2026\\\/08\\\/50-7.jpg\",\"keywords\":[\"Avalanche\",\"China\",\"Desaparecidos\",\"Desastre Natural\",\"Deslizamento\",\"destaque\",\"Enchente\",\"geleira\",\"Mortes\",\"Nepal\",\"Tibete\",\"Trag\u00e9dia\"],\"articleSection\":[\"Mundo\"],\"inLanguage\":\"pt-BR\",\"potentialAction\":[{\"@type\":\"CommentAction\",\"name\":\"Comment\",\"target\":[\"https:\\\/\\\/mznoticia.com.br\\\/jaguariaiva\\\/avalanche-no-nepal-entenda-como-a-tragedia-se-espalhou-por-168-km\\\/#respond\"]}]},{\"@type\":\"WebPage\",\"@id\":\"https:\\\/\\\/mznoticia.com.br\\\/jaguariaiva\\\/avalanche-no-nepal-entenda-como-a-tragedia-se-espalhou-por-168-km\\\/\",\"url\":\"https:\\\/\\\/mznoticia.com.br\\\/jaguariaiva\\\/avalanche-no-nepal-entenda-como-a-tragedia-se-espalhou-por-168-km\\\/\",\"name\":\"Avalanche no Nepal: entenda como a trag\u00e9dia se espalhou por 168 km - Mz Not\u00edcias\",\"isPartOf\":{\"@id\":\"https:\\\/\\\/mznoticia.com.br\\\/jaguariaiva\\\/#website\"},\"primaryImageOfPage\":{\"@id\":\"https:\\\/\\\/mznoticia.com.br\\\/jaguariaiva\\\/avalanche-no-nepal-entenda-como-a-tragedia-se-espalhou-por-168-km\\\/#primaryimage\"},\"image\":{\"@id\":\"https:\\\/\\\/mznoticia.com.br\\\/jaguariaiva\\\/avalanche-no-nepal-entenda-como-a-tragedia-se-espalhou-por-168-km\\\/#primaryimage\"},\"thumbnailUrl\":\"https:\\\/\\\/mznoticia.com.br\\\/jaguariaiva\\\/wp-content\\\/uploads\\\/2026\\\/08\\\/50-7.jpg\",\"datePublished\":\"2026-08-27T14:41:26+00:00\",\"description\":\"Avalanche entre Nepal e Tibete deixa mais de 300 mortos e cerca de 1.500 desaparecidos ap\u00f3s colapso de geleira e enchente.\",\"breadcrumb\":{\"@id\":\"https:\\\/\\\/mznoticia.com.br\\\/jaguariaiva\\\/avalanche-no-nepal-entenda-como-a-tragedia-se-espalhou-por-168-km\\\/#breadcrumb\"},\"inLanguage\":\"pt-BR\",\"potentialAction\":[{\"@type\":\"ReadAction\",\"target\":[\"https:\\\/\\\/mznoticia.com.br\\\/jaguariaiva\\\/avalanche-no-nepal-entenda-como-a-tragedia-se-espalhou-por-168-km\\\/\"]}]},{\"@type\":\"ImageObject\",\"inLanguage\":\"pt-BR\",\"@id\":\"https:\\\/\\\/mznoticia.com.br\\\/jaguariaiva\\\/avalanche-no-nepal-entenda-como-a-tragedia-se-espalhou-por-168-km\\\/#primaryimage\",\"url\":\"https:\\\/\\\/mznoticia.com.br\\\/jaguariaiva\\\/wp-content\\\/uploads\\\/2026\\\/08\\\/50-7.jpg\",\"contentUrl\":\"https:\\\/\\\/mznoticia.com.br\\\/jaguariaiva\\\/wp-content\\\/uploads\\\/2026\\\/08\\\/50-7.jpg\",\"width\":484,\"height\":339},{\"@type\":\"BreadcrumbList\",\"@id\":\"https:\\\/\\\/mznoticia.com.br\\\/jaguariaiva\\\/avalanche-no-nepal-entenda-como-a-tragedia-se-espalhou-por-168-km\\\/#breadcrumb\",\"itemListElement\":[{\"@type\":\"ListItem\",\"position\":1,\"name\":\"Home\",\"item\":\"https:\\\/\\\/mznoticia.com.br\\\/jaguariaiva\\\/\"},{\"@type\":\"ListItem\",\"position\":2,\"name\":\"Avalanche no Nepal: entenda como a trag\u00e9dia se espalhou por 168 km\"}]},{\"@type\":\"WebSite\",\"@id\":\"https:\\\/\\\/mznoticia.com.br\\\/jaguariaiva\\\/#website\",\"url\":\"https:\\\/\\\/mznoticia.com.br\\\/jaguariaiva\\\/\",\"name\":\"Mz Not\u00edcia\",\"description\":\"A informa\u00e7\u00e3o que voc\u00ea precisa na hora certa!\",\"publisher\":{\"@id\":\"https:\\\/\\\/mznoticia.com.br\\\/jaguariaiva\\\/#organization\"},\"potentialAction\":[{\"@type\":\"SearchAction\",\"target\":{\"@type\":\"EntryPoint\",\"urlTemplate\":\"https:\\\/\\\/mznoticia.com.br\\\/jaguariaiva\\\/?s={search_term_string}\"},\"query-input\":{\"@type\":\"PropertyValueSpecification\",\"valueRequired\":true,\"valueName\":\"search_term_string\"}}],\"inLanguage\":\"pt-BR\"},{\"@type\":\"Organization\",\"@id\":\"https:\\\/\\\/mznoticia.com.br\\\/jaguariaiva\\\/#organization\",\"name\":\"Mz Not\u00edcia\",\"url\":\"https:\\\/\\\/mznoticia.com.br\\\/jaguariaiva\\\/\",\"logo\":{\"@type\":\"ImageObject\",\"inLanguage\":\"pt-BR\",\"@id\":\"https:\\\/\\\/mznoticia.com.br\\\/jaguariaiva\\\/#\\\/schema\\\/logo\\\/image\\\/\",\"url\":\"https:\\\/\\\/mznoticia.com.br\\\/jaguariaiva\\\/wp-content\\\/uploads\\\/2025\\\/03\\\/Design-sem-nome-4-e1741200616392.png\",\"contentUrl\":\"https:\\\/\\\/mznoticia.com.br\\\/jaguariaiva\\\/wp-content\\\/uploads\\\/2025\\\/03\\\/Design-sem-nome-4-e1741200616392.png\",\"width\":750,\"height\":563,\"caption\":\"Mz Not\u00edcia\"},\"image\":{\"@id\":\"https:\\\/\\\/mznoticia.com.br\\\/jaguariaiva\\\/#\\\/schema\\\/logo\\\/image\\\/\"},\"sameAs\":[\"https:\\\/\\\/www.facebook.com\\\/profile.php?id=61573479951222\",\"https:\\\/\\\/www.instagram.com\\\/mz.jaguariaiva\\\/\"]},{\"@type\":\"Person\",\"@id\":\"https:\\\/\\\/mznoticia.com.br\\\/jaguariaiva\\\/#\\\/schema\\\/person\\\/84012d827247b3f42f37b550da79cd03\",\"name\":\"Redacao mz\",\"image\":{\"@type\":\"ImageObject\",\"inLanguage\":\"pt-BR\",\"@id\":\"https:\\\/\\\/mznoticia.com.br\\\/jaguariaiva\\\/wp-content\\\/uploads\\\/2025\\\/02\\\/mznoticia_jaguariaiva_coluna-150x150.png\",\"url\":\"https:\\\/\\\/mznoticia.com.br\\\/jaguariaiva\\\/wp-content\\\/uploads\\\/2025\\\/02\\\/mznoticia_jaguariaiva_coluna-150x150.png\",\"contentUrl\":\"https:\\\/\\\/mznoticia.com.br\\\/jaguariaiva\\\/wp-content\\\/uploads\\\/2025\\\/02\\\/mznoticia_jaguariaiva_coluna-150x150.png\",\"caption\":\"Redacao mz\"},\"sameAs\":[\"http:\\\/\\\/mznoticia.com.br\"],\"url\":\"https:\\\/\\\/mznoticia.com.br\\\/jaguariaiva\\\/author\\\/lucimara\\\/\"}]}<\/script>\n<!-- \/ Yoast SEO plugin. -->","yoast_head_json":{"title":"Avalanche no Nepal: entenda como a trag\u00e9dia se espalhou por 168 km - Mz Not\u00edcias","description":"Avalanche entre Nepal e Tibete deixa mais de 300 mortos e cerca de 1.500 desaparecidos ap\u00f3s colapso de geleira e enchente.","robots":{"index":"index","follow":"follow","max-snippet":"max-snippet:-1","max-image-preview":"max-image-preview:large","max-video-preview":"max-video-preview:-1"},"canonical":"https:\/\/mznoticia.com.br\/jaguariaiva\/avalanche-no-nepal-entenda-como-a-tragedia-se-espalhou-por-168-km\/","og_locale":"pt_BR","og_type":"article","og_title":"Avalanche no Nepal: entenda como a trag\u00e9dia se espalhou por 168 km - Mz Not\u00edcias","og_description":"Avalanche entre Nepal e Tibete deixa mais de 300 mortos e cerca de 1.500 desaparecidos ap\u00f3s colapso de geleira e enchente.","og_url":"https:\/\/mznoticia.com.br\/jaguariaiva\/avalanche-no-nepal-entenda-como-a-tragedia-se-espalhou-por-168-km\/","og_site_name":"Mz Not\u00edcias","article_publisher":"https:\/\/www.facebook.com\/profile.php?id=61573479951222","article_published_time":"2026-08-27T14:41:26+00:00","og_image":[{"width":484,"height":339,"url":"https:\/\/mznoticia.com.br\/jaguariaiva\/wp-content\/uploads\/2026\/08\/50-7.jpg","type":"image\/jpeg"}],"author":"Redacao mz","twitter_card":"summary_large_image","twitter_misc":{"Escrito por":"Redacao mz","Est. tempo de leitura":"2 minutos"},"schema":{"@context":"https:\/\/schema.org","@graph":[{"@type":"Article","@id":"https:\/\/mznoticia.com.br\/jaguariaiva\/avalanche-no-nepal-entenda-como-a-tragedia-se-espalhou-por-168-km\/#article","isPartOf":{"@id":"https:\/\/mznoticia.com.br\/jaguariaiva\/avalanche-no-nepal-entenda-como-a-tragedia-se-espalhou-por-168-km\/"},"author":{"name":"Redacao mz","@id":"https:\/\/mznoticia.com.br\/jaguariaiva\/#\/schema\/person\/84012d827247b3f42f37b550da79cd03"},"headline":"Avalanche no Nepal: entenda como a trag\u00e9dia se espalhou por 168 km","datePublished":"2026-08-27T14:41:26+00:00","mainEntityOfPage":{"@id":"https:\/\/mznoticia.com.br\/jaguariaiva\/avalanche-no-nepal-entenda-como-a-tragedia-se-espalhou-por-168-km\/"},"wordCount":324,"commentCount":0,"publisher":{"@id":"https:\/\/mznoticia.com.br\/jaguariaiva\/#organization"},"image":{"@id":"https:\/\/mznoticia.com.br\/jaguariaiva\/avalanche-no-nepal-entenda-como-a-tragedia-se-espalhou-por-168-km\/#primaryimage"},"thumbnailUrl":"https:\/\/mznoticia.com.br\/jaguariaiva\/wp-content\/uploads\/2026\/08\/50-7.jpg","keywords":["Avalanche","China","Desaparecidos","Desastre Natural","Deslizamento","destaque","Enchente","geleira","Mortes","Nepal","Tibete","Trag\u00e9dia"],"articleSection":["Mundo"],"inLanguage":"pt-BR","potentialAction":[{"@type":"CommentAction","name":"Comment","target":["https:\/\/mznoticia.com.br\/jaguariaiva\/avalanche-no-nepal-entenda-como-a-tragedia-se-espalhou-por-168-km\/#respond"]}]},{"@type":"WebPage","@id":"https:\/\/mznoticia.com.br\/jaguariaiva\/avalanche-no-nepal-entenda-como-a-tragedia-se-espalhou-por-168-km\/","url":"https:\/\/mznoticia.com.br\/jaguariaiva\/avalanche-no-nepal-entenda-como-a-tragedia-se-espalhou-por-168-km\/","name":"Avalanche no Nepal: entenda como a trag\u00e9dia se espalhou por 168 km - Mz Not\u00edcias","isPartOf":{"@id":"https:\/\/mznoticia.com.br\/jaguariaiva\/#website"},"primaryImageOfPage":{"@id":"https:\/\/mznoticia.com.br\/jaguariaiva\/avalanche-no-nepal-entenda-como-a-tragedia-se-espalhou-por-168-km\/#primaryimage"},"image":{"@id":"https:\/\/mznoticia.com.br\/jaguariaiva\/avalanche-no-nepal-entenda-como-a-tragedia-se-espalhou-por-168-km\/#primaryimage"},"thumbnailUrl":"https:\/\/mznoticia.com.br\/jaguariaiva\/wp-content\/uploads\/2026\/08\/50-7.jpg","datePublished":"2026-08-27T14:41:26+00:00","description":"Avalanche entre Nepal e Tibete deixa mais de 300 mortos e cerca de 1.500 desaparecidos ap\u00f3s colapso de geleira e enchente.","breadcrumb":{"@id":"https:\/\/mznoticia.com.br\/jaguariaiva\/avalanche-no-nepal-entenda-como-a-tragedia-se-espalhou-por-168-km\/#breadcrumb"},"inLanguage":"pt-BR","potentialAction":[{"@type":"ReadAction","target":["https:\/\/mznoticia.com.br\/jaguariaiva\/avalanche-no-nepal-entenda-como-a-tragedia-se-espalhou-por-168-km\/"]}]},{"@type":"ImageObject","inLanguage":"pt-BR","@id":"https:\/\/mznoticia.com.br\/jaguariaiva\/avalanche-no-nepal-entenda-como-a-tragedia-se-espalhou-por-168-km\/#primaryimage","url":"https:\/\/mznoticia.com.br\/jaguariaiva\/wp-content\/uploads\/2026\/08\/50-7.jpg","contentUrl":"https:\/\/mznoticia.com.br\/jaguariaiva\/wp-content\/uploads\/2026\/08\/50-7.jpg","width":484,"height":339},{"@type":"BreadcrumbList","@id":"https:\/\/mznoticia.com.br\/jaguariaiva\/avalanche-no-nepal-entenda-como-a-tragedia-se-espalhou-por-168-km\/#breadcrumb","itemListElement":[{"@type":"ListItem","position":1,"name":"Home","item":"https:\/\/mznoticia.com.br\/jaguariaiva\/"},{"@type":"ListItem","position":2,"name":"Avalanche no Nepal: entenda como a trag\u00e9dia se espalhou por 168 km"}]},{"@type":"WebSite","@id":"https:\/\/mznoticia.com.br\/jaguariaiva\/#website","url":"https:\/\/mznoticia.com.br\/jaguariaiva\/","name":"Mz Not\u00edcia","description":"A informa\u00e7\u00e3o que voc\u00ea precisa na hora certa!","publisher":{"@id":"https:\/\/mznoticia.com.br\/jaguariaiva\/#organization"},"potentialAction":[{"@type":"SearchAction","target":{"@type":"EntryPoint","urlTemplate":"https:\/\/mznoticia.com.br\/jaguariaiva\/?s={search_term_string}"},"query-input":{"@type":"PropertyValueSpecification","valueRequired":true,"valueName":"search_term_string"}}],"inLanguage":"pt-BR"},{"@type":"Organization","@id":"https:\/\/mznoticia.com.br\/jaguariaiva\/#organization","name":"Mz Not\u00edcia","url":"https:\/\/mznoticia.com.br\/jaguariaiva\/","logo":{"@type":"ImageObject","inLanguage":"pt-BR","@id":"https:\/\/mznoticia.com.br\/jaguariaiva\/#\/schema\/logo\/image\/","url":"https:\/\/mznoticia.com.br\/jaguariaiva\/wp-content\/uploads\/2025\/03\/Design-sem-nome-4-e1741200616392.png","contentUrl":"https:\/\/mznoticia.com.br\/jaguariaiva\/wp-content\/uploads\/2025\/03\/Design-sem-nome-4-e1741200616392.png","width":750,"height":563,"caption":"Mz Not\u00edcia"},"image":{"@id":"https:\/\/mznoticia.com.br\/jaguariaiva\/#\/schema\/logo\/image\/"},"sameAs":["https:\/\/www.facebook.com\/profile.php?id=61573479951222","https:\/\/www.instagram.com\/mz.jaguariaiva\/"]},{"@type":"Person","@id":"https:\/\/mznoticia.com.br\/jaguariaiva\/#\/schema\/person\/84012d827247b3f42f37b550da79cd03","name":"Redacao mz","image":{"@type":"ImageObject","inLanguage":"pt-BR","@id":"https:\/\/mznoticia.com.br\/jaguariaiva\/wp-content\/uploads\/2025\/02\/mznoticia_jaguariaiva_coluna-150x150.png","url":"https:\/\/mznoticia.com.br\/jaguariaiva\/wp-content\/uploads\/2025\/02\/mznoticia_jaguariaiva_coluna-150x150.png","contentUrl":"https:\/\/mznoticia.com.br\/jaguariaiva\/wp-content\/uploads\/2025\/02\/mznoticia_jaguariaiva_coluna-150x150.png","caption":"Redacao mz"},"sameAs":["http:\/\/mznoticia.com.br"],"url":"https:\/\/mznoticia.com.br\/jaguariaiva\/author\/lucimara\/"}]}},"_links":{"self":[{"href":"https:\/\/mznoticia.com.br\/jaguariaiva\/wp-json\/wp\/v2\/posts\/7167","targetHints":{"allow":["GET"]}}],"collection":[{"href":"https:\/\/mznoticia.com.br\/jaguariaiva\/wp-json\/wp\/v2\/posts"}],"about":[{"href":"https:\/\/mznoticia.com.br\/jaguariaiva\/wp-json\/wp\/v2\/types\/post"}],"author":[{"embeddable":true,"href":"https:\/\/mznoticia.com.br\/jaguariaiva\/wp-json\/wp\/v2\/users\/16"}],"replies":[{"embeddable":true,"href":"https:\/\/mznoticia.com.br\/jaguariaiva\/wp-json\/wp\/v2\/comments?post=7167"}],"version-history":[{"count":1,"href":"https:\/\/mznoticia.com.br\/jaguariaiva\/wp-json\/wp\/v2\/posts\/7167\/revisions"}],"predecessor-version":[{"id":7169,"href":"https:\/\/mznoticia.com.br\/jaguariaiva\/wp-json\/wp\/v2\/posts\/7167\/revisions\/7169"}],"wp:featuredmedia":[{"embeddable":true,"href":"https:\/\/mznoticia.com.br\/jaguariaiva\/wp-json\/wp\/v2\/media\/7168"}],"wp:attachment":[{"href":"https:\/\/mznoticia.com.br\/jaguariaiva\/wp-json\/wp\/v2\/media?parent=7167"}],"wp:term":[{"taxonomy":"category","embeddable":true,"href":"https:\/\/mznoticia.com.br\/jaguariaiva\/wp-json\/wp\/v2\/categories?post=7167"},{"taxonomy":"post_tag","embeddable":true,"href":"https:\/\/mznoticia.com.br\/jaguariaiva\/wp-json\/wp\/v2\/tags?post=7167"}],"curies":[{"name":"wp","href":"https:\/\/api.w.org\/{rel}","templated":true}]}}