{"id":7173,"date":"2026-08-27T16:17:13","date_gmt":"2026-08-27T16:17:13","guid":{"rendered":"https:\/\/mznoticia.com.br\/jaguariaiva\/?p=7173"},"modified":"2026-08-27T16:17:13","modified_gmt":"2026-08-27T16:17:13","slug":"caminhoneiro-de-20-anos-viraliza-apos-ser-abordado-pela-pm-por-parecer-crianca","status":"publish","type":"post","link":"https:\/\/mznoticia.com.br\/jaguariaiva\/caminhoneiro-de-20-anos-viraliza-apos-ser-abordado-pela-pm-por-parecer-crianca\/","title":{"rendered":"Caminhoneiro de 20 anos viraliza ap\u00f3s ser abordado pela PM por parecer crian\u00e7a"},"content":{"rendered":"<h2 class=\"PDq2pG_selectionAnchorContainer\" data-section-id=\"1slgg6h\" data-start=\"82\" data-end=\"246\">Gabriel Allan Rodrigues chamou aten\u00e7\u00e3o nas redes sociais ao mostrar abordagem em Santa Catarina; policiais suspeitaram que havia uma crian\u00e7a dirigindo o caminh\u00e3o<\/h2>\n<p data-start=\"248\" data-end=\"436\">Um caminhoneiro de 20 anos viralizou nas redes sociais ap\u00f3s compartilhar o momento em que foi abordado pela Pol\u00edcia Militar de Santa Catarina (PMSC), em Jaragu\u00e1 do Sul, no Norte do estado.<\/p>\n<p data-start=\"438\" data-end=\"667\">Gabriel Allan Rodrigues tem cerca de 1,60 metro de altura e tra\u00e7os que fazem com que muitas pessoas o confundam com um adolescente. Durante a abordagem, os policiais teriam desconfiado que uma crian\u00e7a estava dirigindo o caminh\u00e3o.<\/p>\n<p data-start=\"669\" data-end=\"907\">Segundo informa\u00e7\u00f5es divulgadas pela Banda B, Gabriel estava pela cidade para realizar o carregamento do ve\u00edculo quando percebeu a movimenta\u00e7\u00e3o dos policiais. Ele foi orientado a parar e apresentar a Carteira Nacional de Habilita\u00e7\u00e3o (CNH).<\/p>\n<p data-start=\"909\" data-end=\"988\">Em um v\u00eddeo publicado nas redes sociais, o caminhoneiro brincou com a situa\u00e7\u00e3o:<\/p>\n<blockquote data-start=\"990\" data-end=\"1107\">\n<p data-start=\"992\" data-end=\"1107\">\u201cBoa noite! Acabei de ser parado pela pol\u00edcia. Caminh\u00e3o sendo conduzido por crian\u00e7a, motivo de den\u00fancia, positivo?\u201d<\/p>\n<\/blockquote>\n<p data-start=\"1109\" data-end=\"1209\">Ap\u00f3s apresentar a documenta\u00e7\u00e3o e comprovar que era habilitado, Gabriel foi liberado pelos policiais.<\/p>\n<h3 data-section-id=\"s2mdzi\" data-start=\"1211\" data-end=\"1248\">V\u00eddeo viralizou nas redes sociais<\/h3>\n<p data-start=\"1250\" data-end=\"1422\">A abordagem rapidamente ganhou repercuss\u00e3o na internet. Gabriel publicou novas imagens do caminh\u00e3o e dos policiais e, posteriormente, agradeceu ao p\u00fablico pela repercuss\u00e3o.<\/p>\n<p data-start=\"1424\" data-end=\"1550\">O jovem contou que n\u00e3o esperava que o v\u00eddeo alcan\u00e7asse tamanha propor\u00e7\u00e3o e afirmou estar surpreso com o alcance da publica\u00e7\u00e3o.<\/p>\n<p data-start=\"1552\" data-end=\"1819\">Nos coment\u00e1rios, internautas fizeram brincadeiras sobre a apar\u00eancia do caminhoneiro. Entre as mensagens, houve quem dissesse que os policiais poderiam ter desconfiado da autenticidade da CNH e at\u00e9 quem brincasse que Gabriel teria \u201ctomado banho na fonte da juventude\u201d.<\/p>\n<h3 data-section-id=\"9a9daa\" data-start=\"1821\" data-end=\"1864\">Empresa confirma que jovem \u00e9 habilitado<\/h3>\n<p data-start=\"1866\" data-end=\"1992\">A empresa T&amp;T Transportes e Distribui\u00e7\u00e3o confirmou que Gabriel \u00e9 maior de idade e possui habilita\u00e7\u00e3o para conduzir o caminh\u00e3o.<\/p>\n<p data-start=\"1994\" data-end=\"2228\">Segundo a empresa, o jovem passou pelo processo de sele\u00e7\u00e3o e pelos exames pr\u00e9vios necess\u00e1rios antes de assumir a fun\u00e7\u00e3o. A companhia tamb\u00e9m informou que Gabriel teve autoriza\u00e7\u00e3o dos policiais para produzir o v\u00eddeo durante a abordagem.<\/p>\n<p data-start=\"2230\" data-end=\"2380\" data-is-last-node=\"\" data-is-only-node=\"\">O caso ganhou destaque principalmente pela apar\u00eancia do jovem, que contrasta com a responsabilidade de conduzir um ve\u00edculo de carga profissionalmente.<\/p>\n","protected":false},"excerpt":{"rendered":"<p>Gabriel Allan Rodrigues chamou aten\u00e7\u00e3o nas redes sociais ao mostrar abordagem em Santa Catarina; policiais suspeitaram que havia uma crian\u00e7a dirigindo o caminh\u00e3o Um caminhoneiro de 20 anos viralizou nas redes sociais ap\u00f3s compartilhar o momento em que foi abordado pela Pol\u00edcia Militar de Santa Catarina (PMSC), em Jaragu\u00e1 do Sul, no Norte do estado. [&hellip;]<\/p>\n","protected":false},"author":16,"featured_media":7174,"comment_status":"open","ping_status":"open","sticky":false,"template":"","format":"standard","meta":{"footnotes":""},"categories":[12],"tags":[153,1137,2855,2857,399,2447,139,741,573,2856],"class_list":["post-7173","post","type-post","status-publish","format-standard","has-post-thumbnail","hentry","category-geral","tag-caminhao","tag-caminhoneiro","tag-gabriel-allan-rodrigues","tag-jaragua-do-sul","tag-mz-noticias","tag-pm","tag-policia-militar","tag-redes-sociais","tag-santa-catarina","tag-viralizou"],"yoast_head":"<!-- This site is optimized with the Yoast SEO plugin v28.1 - https:\/\/yoast.com\/product\/yoast-seo-wordpress\/ -->\n<title>Caminhoneiro de 20 anos viraliza ap\u00f3s ser abordado pela PM por parecer crian\u00e7a - Mz Not\u00edcias<\/title>\n<meta name=\"description\" content=\"Caminhoneiro de 20 anos viraliza ap\u00f3s ser abordado pela PM em Jaragu\u00e1 do Sul. Policiais suspeitaram que uma crian\u00e7a dirigia o caminh\u00e3o.\" \/>\n<meta name=\"robots\" content=\"index, follow, max-snippet:-1, max-image-preview:large, max-video-preview:-1\" \/>\n<link rel=\"canonical\" href=\"https:\/\/mznoticia.com.br\/jaguariaiva\/caminhoneiro-de-20-anos-viraliza-apos-ser-abordado-pela-pm-por-parecer-crianca\/\" \/>\n<meta property=\"og:locale\" content=\"pt_BR\" \/>\n<meta property=\"og:type\" content=\"article\" \/>\n<meta property=\"og:title\" content=\"Caminhoneiro de 20 anos viraliza ap\u00f3s ser abordado pela PM por parecer crian\u00e7a - Mz Not\u00edcias\" \/>\n<meta property=\"og:description\" content=\"Caminhoneiro de 20 anos viraliza ap\u00f3s ser abordado pela PM em Jaragu\u00e1 do Sul. Policiais suspeitaram que uma crian\u00e7a dirigia o caminh\u00e3o.\" \/>\n<meta property=\"og:url\" content=\"https:\/\/mznoticia.com.br\/jaguariaiva\/caminhoneiro-de-20-anos-viraliza-apos-ser-abordado-pela-pm-por-parecer-crianca\/\" \/>\n<meta property=\"og:site_name\" content=\"Mz Not\u00edcias\" \/>\n<meta property=\"article:publisher\" content=\"https:\/\/www.facebook.com\/profile.php?id=61573479951222\" \/>\n<meta property=\"article:published_time\" content=\"2026-08-27T16:17:13+00:00\" \/>\n<meta property=\"og:image\" content=\"https:\/\/mznoticia.com.br\/jaguariaiva\/wp-content\/uploads\/2026\/08\/10-27.jpg\" \/>\n\t<meta property=\"og:image:width\" content=\"1200\" \/>\n\t<meta property=\"og:image:height\" content=\"740\" \/>\n\t<meta property=\"og:image:type\" content=\"image\/jpeg\" \/>\n<meta name=\"author\" content=\"Redacao mz\" \/>\n<meta name=\"twitter:card\" content=\"summary_large_image\" \/>\n<meta name=\"twitter:label1\" content=\"Escrito por\" \/>\n\t<meta name=\"twitter:data1\" content=\"Redacao mz\" \/>\n\t<meta name=\"twitter:label2\" content=\"Est. tempo de leitura\" \/>\n\t<meta name=\"twitter:data2\" content=\"3 minutos\" \/>\n<script type=\"application\/ld+json\" class=\"yoast-schema-graph\">{\"@context\":\"https:\\\/\\\/schema.org\",\"@graph\":[{\"@type\":\"Article\",\"@id\":\"https:\\\/\\\/mznoticia.com.br\\\/jaguariaiva\\\/caminhoneiro-de-20-anos-viraliza-apos-ser-abordado-pela-pm-por-parecer-crianca\\\/#article\",\"isPartOf\":{\"@id\":\"https:\\\/\\\/mznoticia.com.br\\\/jaguariaiva\\\/caminhoneiro-de-20-anos-viraliza-apos-ser-abordado-pela-pm-por-parecer-crianca\\\/\"},\"author\":{\"name\":\"Redacao mz\",\"@id\":\"https:\\\/\\\/mznoticia.com.br\\\/jaguariaiva\\\/#\\\/schema\\\/person\\\/84012d827247b3f42f37b550da79cd03\"},\"headline\":\"Caminhoneiro de 20 anos viraliza ap\u00f3s ser abordado pela PM por parecer crian\u00e7a\",\"datePublished\":\"2026-08-27T16:17:13+00:00\",\"mainEntityOfPage\":{\"@id\":\"https:\\\/\\\/mznoticia.com.br\\\/jaguariaiva\\\/caminhoneiro-de-20-anos-viraliza-apos-ser-abordado-pela-pm-por-parecer-crianca\\\/\"},\"wordCount\":399,\"commentCount\":0,\"publisher\":{\"@id\":\"https:\\\/\\\/mznoticia.com.br\\\/jaguariaiva\\\/#organization\"},\"image\":{\"@id\":\"https:\\\/\\\/mznoticia.com.br\\\/jaguariaiva\\\/caminhoneiro-de-20-anos-viraliza-apos-ser-abordado-pela-pm-por-parecer-crianca\\\/#primaryimage\"},\"thumbnailUrl\":\"https:\\\/\\\/mznoticia.com.br\\\/jaguariaiva\\\/wp-content\\\/uploads\\\/2026\\\/08\\\/10-27.jpg\",\"keywords\":[\"caminh\u00e3o\",\"Caminhoneiro\",\"Gabriel Allan Rodrigues\",\"Jaragu\u00e1 do Sul\",\"MZ Not\u00edcias.\",\"PM\",\"pol\u00edcia militar\",\"Redes Sociais\",\"Santa Catarina\",\"Viralizou\"],\"articleSection\":[\"Geral\"],\"inLanguage\":\"pt-BR\",\"potentialAction\":[{\"@type\":\"CommentAction\",\"name\":\"Comment\",\"target\":[\"https:\\\/\\\/mznoticia.com.br\\\/jaguariaiva\\\/caminhoneiro-de-20-anos-viraliza-apos-ser-abordado-pela-pm-por-parecer-crianca\\\/#respond\"]}]},{\"@type\":\"WebPage\",\"@id\":\"https:\\\/\\\/mznoticia.com.br\\\/jaguariaiva\\\/caminhoneiro-de-20-anos-viraliza-apos-ser-abordado-pela-pm-por-parecer-crianca\\\/\",\"url\":\"https:\\\/\\\/mznoticia.com.br\\\/jaguariaiva\\\/caminhoneiro-de-20-anos-viraliza-apos-ser-abordado-pela-pm-por-parecer-crianca\\\/\",\"name\":\"Caminhoneiro de 20 anos viraliza ap\u00f3s ser abordado pela PM por parecer crian\u00e7a - Mz Not\u00edcias\",\"isPartOf\":{\"@id\":\"https:\\\/\\\/mznoticia.com.br\\\/jaguariaiva\\\/#website\"},\"primaryImageOfPage\":{\"@id\":\"https:\\\/\\\/mznoticia.com.br\\\/jaguariaiva\\\/caminhoneiro-de-20-anos-viraliza-apos-ser-abordado-pela-pm-por-parecer-crianca\\\/#primaryimage\"},\"image\":{\"@id\":\"https:\\\/\\\/mznoticia.com.br\\\/jaguariaiva\\\/caminhoneiro-de-20-anos-viraliza-apos-ser-abordado-pela-pm-por-parecer-crianca\\\/#primaryimage\"},\"thumbnailUrl\":\"https:\\\/\\\/mznoticia.com.br\\\/jaguariaiva\\\/wp-content\\\/uploads\\\/2026\\\/08\\\/10-27.jpg\",\"datePublished\":\"2026-08-27T16:17:13+00:00\",\"description\":\"Caminhoneiro de 20 anos viraliza ap\u00f3s ser abordado pela PM em Jaragu\u00e1 do Sul. Policiais suspeitaram que uma crian\u00e7a dirigia o caminh\u00e3o.\",\"breadcrumb\":{\"@id\":\"https:\\\/\\\/mznoticia.com.br\\\/jaguariaiva\\\/caminhoneiro-de-20-anos-viraliza-apos-ser-abordado-pela-pm-por-parecer-crianca\\\/#breadcrumb\"},\"inLanguage\":\"pt-BR\",\"potentialAction\":[{\"@type\":\"ReadAction\",\"target\":[\"https:\\\/\\\/mznoticia.com.br\\\/jaguariaiva\\\/caminhoneiro-de-20-anos-viraliza-apos-ser-abordado-pela-pm-por-parecer-crianca\\\/\"]}]},{\"@type\":\"ImageObject\",\"inLanguage\":\"pt-BR\",\"@id\":\"https:\\\/\\\/mznoticia.com.br\\\/jaguariaiva\\\/caminhoneiro-de-20-anos-viraliza-apos-ser-abordado-pela-pm-por-parecer-crianca\\\/#primaryimage\",\"url\":\"https:\\\/\\\/mznoticia.com.br\\\/jaguariaiva\\\/wp-content\\\/uploads\\\/2026\\\/08\\\/10-27.jpg\",\"contentUrl\":\"https:\\\/\\\/mznoticia.com.br\\\/jaguariaiva\\\/wp-content\\\/uploads\\\/2026\\\/08\\\/10-27.jpg\",\"width\":1200,\"height\":740},{\"@type\":\"BreadcrumbList\",\"@id\":\"https:\\\/\\\/mznoticia.com.br\\\/jaguariaiva\\\/caminhoneiro-de-20-anos-viraliza-apos-ser-abordado-pela-pm-por-parecer-crianca\\\/#breadcrumb\",\"itemListElement\":[{\"@type\":\"ListItem\",\"position\":1,\"name\":\"Home\",\"item\":\"https:\\\/\\\/mznoticia.com.br\\\/jaguariaiva\\\/\"},{\"@type\":\"ListItem\",\"position\":2,\"name\":\"Caminhoneiro de 20 anos viraliza ap\u00f3s ser abordado pela PM por parecer crian\u00e7a\"}]},{\"@type\":\"WebSite\",\"@id\":\"https:\\\/\\\/mznoticia.com.br\\\/jaguariaiva\\\/#website\",\"url\":\"https:\\\/\\\/mznoticia.com.br\\\/jaguariaiva\\\/\",\"name\":\"Mz Not\u00edcia\",\"description\":\"A informa\u00e7\u00e3o que voc\u00ea precisa na hora certa!\",\"publisher\":{\"@id\":\"https:\\\/\\\/mznoticia.com.br\\\/jaguariaiva\\\/#organization\"},\"potentialAction\":[{\"@type\":\"SearchAction\",\"target\":{\"@type\":\"EntryPoint\",\"urlTemplate\":\"https:\\\/\\\/mznoticia.com.br\\\/jaguariaiva\\\/?s={search_term_string}\"},\"query-input\":{\"@type\":\"PropertyValueSpecification\",\"valueRequired\":true,\"valueName\":\"search_term_string\"}}],\"inLanguage\":\"pt-BR\"},{\"@type\":\"Organization\",\"@id\":\"https:\\\/\\\/mznoticia.com.br\\\/jaguariaiva\\\/#organization\",\"name\":\"Mz Not\u00edcia\",\"url\":\"https:\\\/\\\/mznoticia.com.br\\\/jaguariaiva\\\/\",\"logo\":{\"@type\":\"ImageObject\",\"inLanguage\":\"pt-BR\",\"@id\":\"https:\\\/\\\/mznoticia.com.br\\\/jaguariaiva\\\/#\\\/schema\\\/logo\\\/image\\\/\",\"url\":\"https:\\\/\\\/mznoticia.com.br\\\/jaguariaiva\\\/wp-content\\\/uploads\\\/2025\\\/03\\\/Design-sem-nome-4-e1741200616392.png\",\"contentUrl\":\"https:\\\/\\\/mznoticia.com.br\\\/jaguariaiva\\\/wp-content\\\/uploads\\\/2025\\\/03\\\/Design-sem-nome-4-e1741200616392.png\",\"width\":750,\"height\":563,\"caption\":\"Mz Not\u00edcia\"},\"image\":{\"@id\":\"https:\\\/\\\/mznoticia.com.br\\\/jaguariaiva\\\/#\\\/schema\\\/logo\\\/image\\\/\"},\"sameAs\":[\"https:\\\/\\\/www.facebook.com\\\/profile.php?id=61573479951222\",\"https:\\\/\\\/www.instagram.com\\\/mz.jaguariaiva\\\/\"]},{\"@type\":\"Person\",\"@id\":\"https:\\\/\\\/mznoticia.com.br\\\/jaguariaiva\\\/#\\\/schema\\\/person\\\/84012d827247b3f42f37b550da79cd03\",\"name\":\"Redacao mz\",\"image\":{\"@type\":\"ImageObject\",\"inLanguage\":\"pt-BR\",\"@id\":\"https:\\\/\\\/mznoticia.com.br\\\/jaguariaiva\\\/wp-content\\\/uploads\\\/2025\\\/02\\\/mznoticia_jaguariaiva_coluna-150x150.png\",\"url\":\"https:\\\/\\\/mznoticia.com.br\\\/jaguariaiva\\\/wp-content\\\/uploads\\\/2025\\\/02\\\/mznoticia_jaguariaiva_coluna-150x150.png\",\"contentUrl\":\"https:\\\/\\\/mznoticia.com.br\\\/jaguariaiva\\\/wp-content\\\/uploads\\\/2025\\\/02\\\/mznoticia_jaguariaiva_coluna-150x150.png\",\"caption\":\"Redacao mz\"},\"sameAs\":[\"http:\\\/\\\/mznoticia.com.br\"],\"url\":\"https:\\\/\\\/mznoticia.com.br\\\/jaguariaiva\\\/author\\\/lucimara\\\/\"}]}<\/script>\n<!-- \/ Yoast SEO plugin. -->","yoast_head_json":{"title":"Caminhoneiro de 20 anos viraliza ap\u00f3s ser abordado pela PM por parecer crian\u00e7a - Mz Not\u00edcias","description":"Caminhoneiro de 20 anos viraliza ap\u00f3s ser abordado pela PM em Jaragu\u00e1 do Sul. Policiais suspeitaram que uma crian\u00e7a dirigia o caminh\u00e3o.","robots":{"index":"index","follow":"follow","max-snippet":"max-snippet:-1","max-image-preview":"max-image-preview:large","max-video-preview":"max-video-preview:-1"},"canonical":"https:\/\/mznoticia.com.br\/jaguariaiva\/caminhoneiro-de-20-anos-viraliza-apos-ser-abordado-pela-pm-por-parecer-crianca\/","og_locale":"pt_BR","og_type":"article","og_title":"Caminhoneiro de 20 anos viraliza ap\u00f3s ser abordado pela PM por parecer crian\u00e7a - Mz Not\u00edcias","og_description":"Caminhoneiro de 20 anos viraliza ap\u00f3s ser abordado pela PM em Jaragu\u00e1 do Sul. Policiais suspeitaram que uma crian\u00e7a dirigia o caminh\u00e3o.","og_url":"https:\/\/mznoticia.com.br\/jaguariaiva\/caminhoneiro-de-20-anos-viraliza-apos-ser-abordado-pela-pm-por-parecer-crianca\/","og_site_name":"Mz Not\u00edcias","article_publisher":"https:\/\/www.facebook.com\/profile.php?id=61573479951222","article_published_time":"2026-08-27T16:17:13+00:00","og_image":[{"width":1200,"height":740,"url":"https:\/\/mznoticia.com.br\/jaguariaiva\/wp-content\/uploads\/2026\/08\/10-27.jpg","type":"image\/jpeg"}],"author":"Redacao mz","twitter_card":"summary_large_image","twitter_misc":{"Escrito por":"Redacao mz","Est. tempo de leitura":"3 minutos"},"schema":{"@context":"https:\/\/schema.org","@graph":[{"@type":"Article","@id":"https:\/\/mznoticia.com.br\/jaguariaiva\/caminhoneiro-de-20-anos-viraliza-apos-ser-abordado-pela-pm-por-parecer-crianca\/#article","isPartOf":{"@id":"https:\/\/mznoticia.com.br\/jaguariaiva\/caminhoneiro-de-20-anos-viraliza-apos-ser-abordado-pela-pm-por-parecer-crianca\/"},"author":{"name":"Redacao mz","@id":"https:\/\/mznoticia.com.br\/jaguariaiva\/#\/schema\/person\/84012d827247b3f42f37b550da79cd03"},"headline":"Caminhoneiro de 20 anos viraliza ap\u00f3s ser abordado pela PM por parecer crian\u00e7a","datePublished":"2026-08-27T16:17:13+00:00","mainEntityOfPage":{"@id":"https:\/\/mznoticia.com.br\/jaguariaiva\/caminhoneiro-de-20-anos-viraliza-apos-ser-abordado-pela-pm-por-parecer-crianca\/"},"wordCount":399,"commentCount":0,"publisher":{"@id":"https:\/\/mznoticia.com.br\/jaguariaiva\/#organization"},"image":{"@id":"https:\/\/mznoticia.com.br\/jaguariaiva\/caminhoneiro-de-20-anos-viraliza-apos-ser-abordado-pela-pm-por-parecer-crianca\/#primaryimage"},"thumbnailUrl":"https:\/\/mznoticia.com.br\/jaguariaiva\/wp-content\/uploads\/2026\/08\/10-27.jpg","keywords":["caminh\u00e3o","Caminhoneiro","Gabriel Allan Rodrigues","Jaragu\u00e1 do Sul","MZ Not\u00edcias.","PM","pol\u00edcia militar","Redes Sociais","Santa Catarina","Viralizou"],"articleSection":["Geral"],"inLanguage":"pt-BR","potentialAction":[{"@type":"CommentAction","name":"Comment","target":["https:\/\/mznoticia.com.br\/jaguariaiva\/caminhoneiro-de-20-anos-viraliza-apos-ser-abordado-pela-pm-por-parecer-crianca\/#respond"]}]},{"@type":"WebPage","@id":"https:\/\/mznoticia.com.br\/jaguariaiva\/caminhoneiro-de-20-anos-viraliza-apos-ser-abordado-pela-pm-por-parecer-crianca\/","url":"https:\/\/mznoticia.com.br\/jaguariaiva\/caminhoneiro-de-20-anos-viraliza-apos-ser-abordado-pela-pm-por-parecer-crianca\/","name":"Caminhoneiro de 20 anos viraliza ap\u00f3s ser abordado pela PM por parecer crian\u00e7a - Mz Not\u00edcias","isPartOf":{"@id":"https:\/\/mznoticia.com.br\/jaguariaiva\/#website"},"primaryImageOfPage":{"@id":"https:\/\/mznoticia.com.br\/jaguariaiva\/caminhoneiro-de-20-anos-viraliza-apos-ser-abordado-pela-pm-por-parecer-crianca\/#primaryimage"},"image":{"@id":"https:\/\/mznoticia.com.br\/jaguariaiva\/caminhoneiro-de-20-anos-viraliza-apos-ser-abordado-pela-pm-por-parecer-crianca\/#primaryimage"},"thumbnailUrl":"https:\/\/mznoticia.com.br\/jaguariaiva\/wp-content\/uploads\/2026\/08\/10-27.jpg","datePublished":"2026-08-27T16:17:13+00:00","description":"Caminhoneiro de 20 anos viraliza ap\u00f3s ser abordado pela PM em Jaragu\u00e1 do Sul. Policiais suspeitaram que uma crian\u00e7a dirigia o caminh\u00e3o.","breadcrumb":{"@id":"https:\/\/mznoticia.com.br\/jaguariaiva\/caminhoneiro-de-20-anos-viraliza-apos-ser-abordado-pela-pm-por-parecer-crianca\/#breadcrumb"},"inLanguage":"pt-BR","potentialAction":[{"@type":"ReadAction","target":["https:\/\/mznoticia.com.br\/jaguariaiva\/caminhoneiro-de-20-anos-viraliza-apos-ser-abordado-pela-pm-por-parecer-crianca\/"]}]},{"@type":"ImageObject","inLanguage":"pt-BR","@id":"https:\/\/mznoticia.com.br\/jaguariaiva\/caminhoneiro-de-20-anos-viraliza-apos-ser-abordado-pela-pm-por-parecer-crianca\/#primaryimage","url":"https:\/\/mznoticia.com.br\/jaguariaiva\/wp-content\/uploads\/2026\/08\/10-27.jpg","contentUrl":"https:\/\/mznoticia.com.br\/jaguariaiva\/wp-content\/uploads\/2026\/08\/10-27.jpg","width":1200,"height":740},{"@type":"BreadcrumbList","@id":"https:\/\/mznoticia.com.br\/jaguariaiva\/caminhoneiro-de-20-anos-viraliza-apos-ser-abordado-pela-pm-por-parecer-crianca\/#breadcrumb","itemListElement":[{"@type":"ListItem","position":1,"name":"Home","item":"https:\/\/mznoticia.com.br\/jaguariaiva\/"},{"@type":"ListItem","position":2,"name":"Caminhoneiro de 20 anos viraliza ap\u00f3s ser abordado pela PM por parecer crian\u00e7a"}]},{"@type":"WebSite","@id":"https:\/\/mznoticia.com.br\/jaguariaiva\/#website","url":"https:\/\/mznoticia.com.br\/jaguariaiva\/","name":"Mz Not\u00edcia","description":"A informa\u00e7\u00e3o que voc\u00ea precisa na hora certa!","publisher":{"@id":"https:\/\/mznoticia.com.br\/jaguariaiva\/#organization"},"potentialAction":[{"@type":"SearchAction","target":{"@type":"EntryPoint","urlTemplate":"https:\/\/mznoticia.com.br\/jaguariaiva\/?s={search_term_string}"},"query-input":{"@type":"PropertyValueSpecification","valueRequired":true,"valueName":"search_term_string"}}],"inLanguage":"pt-BR"},{"@type":"Organization","@id":"https:\/\/mznoticia.com.br\/jaguariaiva\/#organization","name":"Mz Not\u00edcia","url":"https:\/\/mznoticia.com.br\/jaguariaiva\/","logo":{"@type":"ImageObject","inLanguage":"pt-BR","@id":"https:\/\/mznoticia.com.br\/jaguariaiva\/#\/schema\/logo\/image\/","url":"https:\/\/mznoticia.com.br\/jaguariaiva\/wp-content\/uploads\/2025\/03\/Design-sem-nome-4-e1741200616392.png","contentUrl":"https:\/\/mznoticia.com.br\/jaguariaiva\/wp-content\/uploads\/2025\/03\/Design-sem-nome-4-e1741200616392.png","width":750,"height":563,"caption":"Mz Not\u00edcia"},"image":{"@id":"https:\/\/mznoticia.com.br\/jaguariaiva\/#\/schema\/logo\/image\/"},"sameAs":["https:\/\/www.facebook.com\/profile.php?id=61573479951222","https:\/\/www.instagram.com\/mz.jaguariaiva\/"]},{"@type":"Person","@id":"https:\/\/mznoticia.com.br\/jaguariaiva\/#\/schema\/person\/84012d827247b3f42f37b550da79cd03","name":"Redacao mz","image":{"@type":"ImageObject","inLanguage":"pt-BR","@id":"https:\/\/mznoticia.com.br\/jaguariaiva\/wp-content\/uploads\/2025\/02\/mznoticia_jaguariaiva_coluna-150x150.png","url":"https:\/\/mznoticia.com.br\/jaguariaiva\/wp-content\/uploads\/2025\/02\/mznoticia_jaguariaiva_coluna-150x150.png","contentUrl":"https:\/\/mznoticia.com.br\/jaguariaiva\/wp-content\/uploads\/2025\/02\/mznoticia_jaguariaiva_coluna-150x150.png","caption":"Redacao mz"},"sameAs":["http:\/\/mznoticia.com.br"],"url":"https:\/\/mznoticia.com.br\/jaguariaiva\/author\/lucimara\/"}]}},"_links":{"self":[{"href":"https:\/\/mznoticia.com.br\/jaguariaiva\/wp-json\/wp\/v2\/posts\/7173","targetHints":{"allow":["GET"]}}],"collection":[{"href":"https:\/\/mznoticia.com.br\/jaguariaiva\/wp-json\/wp\/v2\/posts"}],"about":[{"href":"https:\/\/mznoticia.com.br\/jaguariaiva\/wp-json\/wp\/v2\/types\/post"}],"author":[{"embeddable":true,"href":"https:\/\/mznoticia.com.br\/jaguariaiva\/wp-json\/wp\/v2\/users\/16"}],"replies":[{"embeddable":true,"href":"https:\/\/mznoticia.com.br\/jaguariaiva\/wp-json\/wp\/v2\/comments?post=7173"}],"version-history":[{"count":1,"href":"https:\/\/mznoticia.com.br\/jaguariaiva\/wp-json\/wp\/v2\/posts\/7173\/revisions"}],"predecessor-version":[{"id":7175,"href":"https:\/\/mznoticia.com.br\/jaguariaiva\/wp-json\/wp\/v2\/posts\/7173\/revisions\/7175"}],"wp:featuredmedia":[{"embeddable":true,"href":"https:\/\/mznoticia.com.br\/jaguariaiva\/wp-json\/wp\/v2\/media\/7174"}],"wp:attachment":[{"href":"https:\/\/mznoticia.com.br\/jaguariaiva\/wp-json\/wp\/v2\/media?parent=7173"}],"wp:term":[{"taxonomy":"category","embeddable":true,"href":"https:\/\/mznoticia.com.br\/jaguariaiva\/wp-json\/wp\/v2\/categories?post=7173"},{"taxonomy":"post_tag","embeddable":true,"href":"https:\/\/mznoticia.com.br\/jaguariaiva\/wp-json\/wp\/v2\/tags?post=7173"}],"curies":[{"name":"wp","href":"https:\/\/api.w.org\/{rel}","templated":true}]}}