{"id":7179,"date":"2026-08-27T16:34:20","date_gmt":"2026-08-27T16:34:20","guid":{"rendered":"https:\/\/mznoticia.com.br\/jaguariaiva\/?p=7179"},"modified":"2026-08-27T16:34:20","modified_gmt":"2026-08-27T16:34:20","slug":"casal-e-preso-suspeito-de-vender-bebe-de-cinco-meses-por-r-15-mil-no-parana","status":"publish","type":"post","link":"https:\/\/mznoticia.com.br\/jaguariaiva\/casal-e-preso-suspeito-de-vender-bebe-de-cinco-meses-por-r-15-mil-no-parana\/","title":{"rendered":"Casal \u00e9 preso suspeito de vender beb\u00ea de cinco meses por R$ 15 mil no Paran\u00e1"},"content":{"rendered":"<h2 class=\"PDq2pG_selectionAnchorContainer\" data-section-id=\"yotv4j\" data-start=\"80\" data-end=\"233\">M\u00e3e foi encontrada com R$ 11 mil em dinheiro e relatou ter levado a crian\u00e7a ao Paraguai para entreg\u00e1-la a um homem; beb\u00ea foi localizado sem ferimentos<\/h2>\n<p data-start=\"235\" data-end=\"495\">Um casal foi preso na tarde desta quarta-feira (26), em Foz do Igua\u00e7u, no Oeste do Paran\u00e1, suspeito de vender o pr\u00f3prio filho, um beb\u00ea de apenas cinco meses, por R$ 15 mil. A investiga\u00e7\u00e3o \u00e9 conduzida pelo N\u00facleo de Prote\u00e7\u00e3o \u00e0 Crian\u00e7a e ao Adolescente (Nucria).<\/p>\n<p data-start=\"497\" data-end=\"695\">As apura\u00e7\u00f5es come\u00e7aram ap\u00f3s uma den\u00fancia an\u00f4nima informar que os pais teriam negociado a crian\u00e7a. Durante as dilig\u00eancias, a m\u00e3e do beb\u00ea foi localizada com aproximadamente R$ 11 mil em dinheiro vivo.<\/p>\n<h3 data-section-id=\"1hmqgi4\" data-start=\"697\" data-end=\"732\">M\u00e3e foi localizada com dinheiro<\/h3>\n<p data-start=\"734\" data-end=\"862\">A mulher estaria a caminho do terminal de transporte urbano, na regi\u00e3o central de Foz do Igua\u00e7u, onde encontraria o companheiro.<\/p>\n<p data-start=\"864\" data-end=\"1022\">Os policiais foram at\u00e9 o local e tamb\u00e9m localizaram o pai da crian\u00e7a. Os dois foram encaminhados \u00e0 unidade policial para prestar esclarecimentos sobre o caso.<\/p>\n<p data-start=\"1024\" data-end=\"1145\">Durante o depoimento, a mulher afirmou que havia levado o beb\u00ea para o Paraguai e o entregado a um homem que n\u00e3o conhecia.<\/p>\n<p data-start=\"1147\" data-end=\"1289\">Segundo o relato, a negocia\u00e7\u00e3o teria sido intermediada por uma cunhada, que teria realizado o contato entre os pais e os supostos compradores.<\/p>\n<h3 data-section-id=\"ey0vgz\" data-start=\"1291\" data-end=\"1343\">Beb\u00ea foi localizado e levado ao Conselho Tutelar<\/h3>\n<p data-start=\"1345\" data-end=\"1543\">De acordo com as informa\u00e7\u00f5es apresentadas durante a investiga\u00e7\u00e3o, a intermedi\u00e1ria afirmou que a crian\u00e7a teria retornado ao Brasil na ter\u00e7a-feira (25) e estaria sob os cuidados de um casal de amigos.<\/p>\n<p data-start=\"1545\" data-end=\"1656\">Com base nos endere\u00e7os e informa\u00e7\u00f5es repassados, os policiais realizaram buscas e conseguiram localizar o beb\u00ea.<\/p>\n<p data-start=\"1658\" data-end=\"1833\">A crian\u00e7a n\u00e3o apresentava sinais de les\u00f5es ou viol\u00eancia. Ap\u00f3s ser encontrada, foi encaminhada ao Conselho Tutelar, que adotou as medidas de prote\u00e7\u00e3o e acolhimento necess\u00e1rias.<\/p>\n<h3 data-section-id=\"1xo4y1i\" data-start=\"1835\" data-end=\"1874\">Pol\u00edcia investiga outros envolvidos<\/h3>\n<p data-start=\"1876\" data-end=\"2071\">As investiga\u00e7\u00f5es continuam para esclarecer todos os detalhes do caso, identificar poss\u00edveis outros envolvidos e apurar as circunst\u00e2ncias da sa\u00edda e do retorno da crian\u00e7a ao territ\u00f3rio brasileiro.<\/p>\n<p data-start=\"2073\" data-end=\"2222\">A Pol\u00edcia Civil refor\u00e7a que den\u00fancias podem ser feitas de forma an\u00f4nima pelo telefone <strong data-start=\"2159\" data-end=\"2166\">197<\/strong>, da Pol\u00edcia Civil, ou pelo <strong data-start=\"2194\" data-end=\"2201\">181<\/strong>, do Disque-Den\u00fancia.<\/p>\n","protected":false},"excerpt":{"rendered":"<p>M\u00e3e foi encontrada com R$ 11 mil em dinheiro e relatou ter levado a crian\u00e7a ao Paraguai para entreg\u00e1-la a um homem; beb\u00ea foi localizado sem ferimentos Um casal foi preso na tarde desta quarta-feira (26), em Foz do Igua\u00e7u, no Oeste do Paran\u00e1, suspeito de vender o pr\u00f3prio filho, um beb\u00ea de apenas cinco [&hellip;]<\/p>\n","protected":false},"author":16,"featured_media":7180,"comment_status":"open","ping_status":"open","sticky":false,"template":"","format":"standard","meta":{"footnotes":""},"categories":[328,4],"tags":[32,2863,1405,538,47,877,317,399,1836,1575,77,515,398],"class_list":["post-7179","post","type-post","status-publish","format-standard","has-post-thumbnail","hentry","category-parana","category-policial","tag-bebe","tag-casal-preso","tag-conselho-tutelar","tag-crianca","tag-destaque","tag-foz-do-iguacu","tag-investigacao","tag-mz-noticias","tag-nucria","tag-paraguai","tag-parana","tag-policia-civil","tag-seguranca"],"yoast_head":"<!-- This site is optimized with the Yoast SEO plugin v28.1 - https:\/\/yoast.com\/product\/yoast-seo-wordpress\/ -->\n<title>Casal \u00e9 preso suspeito de vender beb\u00ea de cinco meses por R$ 15 mil no Paran\u00e1 - Mz Not\u00edcias<\/title>\n<meta name=\"description\" content=\"Casal \u00e9 preso em Foz do Igua\u00e7u suspeito de vender beb\u00ea de cinco meses por R$ 15 mil. M\u00e3e estava com R$ 11 mil e crian\u00e7a foi localizada sem ferimentos.\" \/>\n<meta name=\"robots\" content=\"index, follow, max-snippet:-1, max-image-preview:large, max-video-preview:-1\" \/>\n<link rel=\"canonical\" href=\"https:\/\/mznoticia.com.br\/jaguariaiva\/casal-e-preso-suspeito-de-vender-bebe-de-cinco-meses-por-r-15-mil-no-parana\/\" \/>\n<meta property=\"og:locale\" content=\"pt_BR\" \/>\n<meta property=\"og:type\" content=\"article\" \/>\n<meta property=\"og:title\" content=\"Casal \u00e9 preso suspeito de vender beb\u00ea de cinco meses por R$ 15 mil no Paran\u00e1 - Mz Not\u00edcias\" \/>\n<meta property=\"og:description\" content=\"Casal \u00e9 preso em Foz do Igua\u00e7u suspeito de vender beb\u00ea de cinco meses por R$ 15 mil. M\u00e3e estava com R$ 11 mil e crian\u00e7a foi localizada sem ferimentos.\" \/>\n<meta property=\"og:url\" content=\"https:\/\/mznoticia.com.br\/jaguariaiva\/casal-e-preso-suspeito-de-vender-bebe-de-cinco-meses-por-r-15-mil-no-parana\/\" \/>\n<meta property=\"og:site_name\" content=\"Mz Not\u00edcias\" \/>\n<meta property=\"article:publisher\" content=\"https:\/\/www.facebook.com\/profile.php?id=61573479951222\" \/>\n<meta property=\"article:published_time\" content=\"2026-08-27T16:34:20+00:00\" \/>\n<meta property=\"og:image\" content=\"https:\/\/mznoticia.com.br\/jaguariaiva\/wp-content\/uploads\/2026\/08\/10-28.jpg\" \/>\n\t<meta property=\"og:image:width\" content=\"583\" \/>\n\t<meta property=\"og:image:height\" content=\"389\" \/>\n\t<meta property=\"og:image:type\" content=\"image\/jpeg\" \/>\n<meta name=\"author\" content=\"Redacao mz\" \/>\n<meta name=\"twitter:card\" content=\"summary_large_image\" \/>\n<meta name=\"twitter:label1\" content=\"Escrito por\" \/>\n\t<meta name=\"twitter:data1\" content=\"Redacao mz\" \/>\n\t<meta name=\"twitter:label2\" content=\"Est. tempo de leitura\" \/>\n\t<meta name=\"twitter:data2\" content=\"3 minutos\" \/>\n<script type=\"application\/ld+json\" class=\"yoast-schema-graph\">{\"@context\":\"https:\\\/\\\/schema.org\",\"@graph\":[{\"@type\":\"Article\",\"@id\":\"https:\\\/\\\/mznoticia.com.br\\\/jaguariaiva\\\/casal-e-preso-suspeito-de-vender-bebe-de-cinco-meses-por-r-15-mil-no-parana\\\/#article\",\"isPartOf\":{\"@id\":\"https:\\\/\\\/mznoticia.com.br\\\/jaguariaiva\\\/casal-e-preso-suspeito-de-vender-bebe-de-cinco-meses-por-r-15-mil-no-parana\\\/\"},\"author\":{\"name\":\"Redacao mz\",\"@id\":\"https:\\\/\\\/mznoticia.com.br\\\/jaguariaiva\\\/#\\\/schema\\\/person\\\/84012d827247b3f42f37b550da79cd03\"},\"headline\":\"Casal \u00e9 preso suspeito de vender beb\u00ea de cinco meses por R$ 15 mil no Paran\u00e1\",\"datePublished\":\"2026-08-27T16:34:20+00:00\",\"mainEntityOfPage\":{\"@id\":\"https:\\\/\\\/mznoticia.com.br\\\/jaguariaiva\\\/casal-e-preso-suspeito-de-vender-bebe-de-cinco-meses-por-r-15-mil-no-parana\\\/\"},\"wordCount\":396,\"commentCount\":0,\"publisher\":{\"@id\":\"https:\\\/\\\/mznoticia.com.br\\\/jaguariaiva\\\/#organization\"},\"image\":{\"@id\":\"https:\\\/\\\/mznoticia.com.br\\\/jaguariaiva\\\/casal-e-preso-suspeito-de-vender-bebe-de-cinco-meses-por-r-15-mil-no-parana\\\/#primaryimage\"},\"thumbnailUrl\":\"https:\\\/\\\/mznoticia.com.br\\\/jaguariaiva\\\/wp-content\\\/uploads\\\/2026\\\/08\\\/10-28.jpg\",\"keywords\":[\"bebe\",\"Casal preso\",\"Conselho Tutelar\",\"Crian\u00e7a\",\"destaque\",\"Foz do Igua\u00e7u\",\"Investiga\u00e7\u00e3o\",\"MZ Not\u00edcias.\",\"Nucria\",\"Paraguai\",\"parana\",\"Pol\u00edcia Civil\",\"Seguran\u00e7a\"],\"articleSection\":[\"Paran\u00e1\",\"Policial\"],\"inLanguage\":\"pt-BR\",\"potentialAction\":[{\"@type\":\"CommentAction\",\"name\":\"Comment\",\"target\":[\"https:\\\/\\\/mznoticia.com.br\\\/jaguariaiva\\\/casal-e-preso-suspeito-de-vender-bebe-de-cinco-meses-por-r-15-mil-no-parana\\\/#respond\"]}]},{\"@type\":\"WebPage\",\"@id\":\"https:\\\/\\\/mznoticia.com.br\\\/jaguariaiva\\\/casal-e-preso-suspeito-de-vender-bebe-de-cinco-meses-por-r-15-mil-no-parana\\\/\",\"url\":\"https:\\\/\\\/mznoticia.com.br\\\/jaguariaiva\\\/casal-e-preso-suspeito-de-vender-bebe-de-cinco-meses-por-r-15-mil-no-parana\\\/\",\"name\":\"Casal \u00e9 preso suspeito de vender beb\u00ea de cinco meses por R$ 15 mil no Paran\u00e1 - Mz Not\u00edcias\",\"isPartOf\":{\"@id\":\"https:\\\/\\\/mznoticia.com.br\\\/jaguariaiva\\\/#website\"},\"primaryImageOfPage\":{\"@id\":\"https:\\\/\\\/mznoticia.com.br\\\/jaguariaiva\\\/casal-e-preso-suspeito-de-vender-bebe-de-cinco-meses-por-r-15-mil-no-parana\\\/#primaryimage\"},\"image\":{\"@id\":\"https:\\\/\\\/mznoticia.com.br\\\/jaguariaiva\\\/casal-e-preso-suspeito-de-vender-bebe-de-cinco-meses-por-r-15-mil-no-parana\\\/#primaryimage\"},\"thumbnailUrl\":\"https:\\\/\\\/mznoticia.com.br\\\/jaguariaiva\\\/wp-content\\\/uploads\\\/2026\\\/08\\\/10-28.jpg\",\"datePublished\":\"2026-08-27T16:34:20+00:00\",\"description\":\"Casal \u00e9 preso em Foz do Igua\u00e7u suspeito de vender beb\u00ea de cinco meses por R$ 15 mil. M\u00e3e estava com R$ 11 mil e crian\u00e7a foi localizada sem ferimentos.\",\"breadcrumb\":{\"@id\":\"https:\\\/\\\/mznoticia.com.br\\\/jaguariaiva\\\/casal-e-preso-suspeito-de-vender-bebe-de-cinco-meses-por-r-15-mil-no-parana\\\/#breadcrumb\"},\"inLanguage\":\"pt-BR\",\"potentialAction\":[{\"@type\":\"ReadAction\",\"target\":[\"https:\\\/\\\/mznoticia.com.br\\\/jaguariaiva\\\/casal-e-preso-suspeito-de-vender-bebe-de-cinco-meses-por-r-15-mil-no-parana\\\/\"]}]},{\"@type\":\"ImageObject\",\"inLanguage\":\"pt-BR\",\"@id\":\"https:\\\/\\\/mznoticia.com.br\\\/jaguariaiva\\\/casal-e-preso-suspeito-de-vender-bebe-de-cinco-meses-por-r-15-mil-no-parana\\\/#primaryimage\",\"url\":\"https:\\\/\\\/mznoticia.com.br\\\/jaguariaiva\\\/wp-content\\\/uploads\\\/2026\\\/08\\\/10-28.jpg\",\"contentUrl\":\"https:\\\/\\\/mznoticia.com.br\\\/jaguariaiva\\\/wp-content\\\/uploads\\\/2026\\\/08\\\/10-28.jpg\",\"width\":583,\"height\":389},{\"@type\":\"BreadcrumbList\",\"@id\":\"https:\\\/\\\/mznoticia.com.br\\\/jaguariaiva\\\/casal-e-preso-suspeito-de-vender-bebe-de-cinco-meses-por-r-15-mil-no-parana\\\/#breadcrumb\",\"itemListElement\":[{\"@type\":\"ListItem\",\"position\":1,\"name\":\"Home\",\"item\":\"https:\\\/\\\/mznoticia.com.br\\\/jaguariaiva\\\/\"},{\"@type\":\"ListItem\",\"position\":2,\"name\":\"Casal \u00e9 preso suspeito de vender beb\u00ea de cinco meses por R$ 15 mil no Paran\u00e1\"}]},{\"@type\":\"WebSite\",\"@id\":\"https:\\\/\\\/mznoticia.com.br\\\/jaguariaiva\\\/#website\",\"url\":\"https:\\\/\\\/mznoticia.com.br\\\/jaguariaiva\\\/\",\"name\":\"Mz Not\u00edcia\",\"description\":\"A informa\u00e7\u00e3o que voc\u00ea precisa na hora certa!\",\"publisher\":{\"@id\":\"https:\\\/\\\/mznoticia.com.br\\\/jaguariaiva\\\/#organization\"},\"potentialAction\":[{\"@type\":\"SearchAction\",\"target\":{\"@type\":\"EntryPoint\",\"urlTemplate\":\"https:\\\/\\\/mznoticia.com.br\\\/jaguariaiva\\\/?s={search_term_string}\"},\"query-input\":{\"@type\":\"PropertyValueSpecification\",\"valueRequired\":true,\"valueName\":\"search_term_string\"}}],\"inLanguage\":\"pt-BR\"},{\"@type\":\"Organization\",\"@id\":\"https:\\\/\\\/mznoticia.com.br\\\/jaguariaiva\\\/#organization\",\"name\":\"Mz Not\u00edcia\",\"url\":\"https:\\\/\\\/mznoticia.com.br\\\/jaguariaiva\\\/\",\"logo\":{\"@type\":\"ImageObject\",\"inLanguage\":\"pt-BR\",\"@id\":\"https:\\\/\\\/mznoticia.com.br\\\/jaguariaiva\\\/#\\\/schema\\\/logo\\\/image\\\/\",\"url\":\"https:\\\/\\\/mznoticia.com.br\\\/jaguariaiva\\\/wp-content\\\/uploads\\\/2025\\\/03\\\/Design-sem-nome-4-e1741200616392.png\",\"contentUrl\":\"https:\\\/\\\/mznoticia.com.br\\\/jaguariaiva\\\/wp-content\\\/uploads\\\/2025\\\/03\\\/Design-sem-nome-4-e1741200616392.png\",\"width\":750,\"height\":563,\"caption\":\"Mz Not\u00edcia\"},\"image\":{\"@id\":\"https:\\\/\\\/mznoticia.com.br\\\/jaguariaiva\\\/#\\\/schema\\\/logo\\\/image\\\/\"},\"sameAs\":[\"https:\\\/\\\/www.facebook.com\\\/profile.php?id=61573479951222\",\"https:\\\/\\\/www.instagram.com\\\/mz.jaguariaiva\\\/\"]},{\"@type\":\"Person\",\"@id\":\"https:\\\/\\\/mznoticia.com.br\\\/jaguariaiva\\\/#\\\/schema\\\/person\\\/84012d827247b3f42f37b550da79cd03\",\"name\":\"Redacao mz\",\"image\":{\"@type\":\"ImageObject\",\"inLanguage\":\"pt-BR\",\"@id\":\"https:\\\/\\\/mznoticia.com.br\\\/jaguariaiva\\\/wp-content\\\/uploads\\\/2025\\\/02\\\/mznoticia_jaguariaiva_coluna-150x150.png\",\"url\":\"https:\\\/\\\/mznoticia.com.br\\\/jaguariaiva\\\/wp-content\\\/uploads\\\/2025\\\/02\\\/mznoticia_jaguariaiva_coluna-150x150.png\",\"contentUrl\":\"https:\\\/\\\/mznoticia.com.br\\\/jaguariaiva\\\/wp-content\\\/uploads\\\/2025\\\/02\\\/mznoticia_jaguariaiva_coluna-150x150.png\",\"caption\":\"Redacao mz\"},\"sameAs\":[\"http:\\\/\\\/mznoticia.com.br\"],\"url\":\"https:\\\/\\\/mznoticia.com.br\\\/jaguariaiva\\\/author\\\/lucimara\\\/\"}]}<\/script>\n<!-- \/ Yoast SEO plugin. -->","yoast_head_json":{"title":"Casal \u00e9 preso suspeito de vender beb\u00ea de cinco meses por R$ 15 mil no Paran\u00e1 - Mz Not\u00edcias","description":"Casal \u00e9 preso em Foz do Igua\u00e7u suspeito de vender beb\u00ea de cinco meses por R$ 15 mil. M\u00e3e estava com R$ 11 mil e crian\u00e7a foi localizada sem ferimentos.","robots":{"index":"index","follow":"follow","max-snippet":"max-snippet:-1","max-image-preview":"max-image-preview:large","max-video-preview":"max-video-preview:-1"},"canonical":"https:\/\/mznoticia.com.br\/jaguariaiva\/casal-e-preso-suspeito-de-vender-bebe-de-cinco-meses-por-r-15-mil-no-parana\/","og_locale":"pt_BR","og_type":"article","og_title":"Casal \u00e9 preso suspeito de vender beb\u00ea de cinco meses por R$ 15 mil no Paran\u00e1 - Mz Not\u00edcias","og_description":"Casal \u00e9 preso em Foz do Igua\u00e7u suspeito de vender beb\u00ea de cinco meses por R$ 15 mil. M\u00e3e estava com R$ 11 mil e crian\u00e7a foi localizada sem ferimentos.","og_url":"https:\/\/mznoticia.com.br\/jaguariaiva\/casal-e-preso-suspeito-de-vender-bebe-de-cinco-meses-por-r-15-mil-no-parana\/","og_site_name":"Mz Not\u00edcias","article_publisher":"https:\/\/www.facebook.com\/profile.php?id=61573479951222","article_published_time":"2026-08-27T16:34:20+00:00","og_image":[{"width":583,"height":389,"url":"https:\/\/mznoticia.com.br\/jaguariaiva\/wp-content\/uploads\/2026\/08\/10-28.jpg","type":"image\/jpeg"}],"author":"Redacao mz","twitter_card":"summary_large_image","twitter_misc":{"Escrito por":"Redacao mz","Est. tempo de leitura":"3 minutos"},"schema":{"@context":"https:\/\/schema.org","@graph":[{"@type":"Article","@id":"https:\/\/mznoticia.com.br\/jaguariaiva\/casal-e-preso-suspeito-de-vender-bebe-de-cinco-meses-por-r-15-mil-no-parana\/#article","isPartOf":{"@id":"https:\/\/mznoticia.com.br\/jaguariaiva\/casal-e-preso-suspeito-de-vender-bebe-de-cinco-meses-por-r-15-mil-no-parana\/"},"author":{"name":"Redacao mz","@id":"https:\/\/mznoticia.com.br\/jaguariaiva\/#\/schema\/person\/84012d827247b3f42f37b550da79cd03"},"headline":"Casal \u00e9 preso suspeito de vender beb\u00ea de cinco meses por R$ 15 mil no Paran\u00e1","datePublished":"2026-08-27T16:34:20+00:00","mainEntityOfPage":{"@id":"https:\/\/mznoticia.com.br\/jaguariaiva\/casal-e-preso-suspeito-de-vender-bebe-de-cinco-meses-por-r-15-mil-no-parana\/"},"wordCount":396,"commentCount":0,"publisher":{"@id":"https:\/\/mznoticia.com.br\/jaguariaiva\/#organization"},"image":{"@id":"https:\/\/mznoticia.com.br\/jaguariaiva\/casal-e-preso-suspeito-de-vender-bebe-de-cinco-meses-por-r-15-mil-no-parana\/#primaryimage"},"thumbnailUrl":"https:\/\/mznoticia.com.br\/jaguariaiva\/wp-content\/uploads\/2026\/08\/10-28.jpg","keywords":["bebe","Casal preso","Conselho Tutelar","Crian\u00e7a","destaque","Foz do Igua\u00e7u","Investiga\u00e7\u00e3o","MZ Not\u00edcias.","Nucria","Paraguai","parana","Pol\u00edcia Civil","Seguran\u00e7a"],"articleSection":["Paran\u00e1","Policial"],"inLanguage":"pt-BR","potentialAction":[{"@type":"CommentAction","name":"Comment","target":["https:\/\/mznoticia.com.br\/jaguariaiva\/casal-e-preso-suspeito-de-vender-bebe-de-cinco-meses-por-r-15-mil-no-parana\/#respond"]}]},{"@type":"WebPage","@id":"https:\/\/mznoticia.com.br\/jaguariaiva\/casal-e-preso-suspeito-de-vender-bebe-de-cinco-meses-por-r-15-mil-no-parana\/","url":"https:\/\/mznoticia.com.br\/jaguariaiva\/casal-e-preso-suspeito-de-vender-bebe-de-cinco-meses-por-r-15-mil-no-parana\/","name":"Casal \u00e9 preso suspeito de vender beb\u00ea de cinco meses por R$ 15 mil no Paran\u00e1 - Mz Not\u00edcias","isPartOf":{"@id":"https:\/\/mznoticia.com.br\/jaguariaiva\/#website"},"primaryImageOfPage":{"@id":"https:\/\/mznoticia.com.br\/jaguariaiva\/casal-e-preso-suspeito-de-vender-bebe-de-cinco-meses-por-r-15-mil-no-parana\/#primaryimage"},"image":{"@id":"https:\/\/mznoticia.com.br\/jaguariaiva\/casal-e-preso-suspeito-de-vender-bebe-de-cinco-meses-por-r-15-mil-no-parana\/#primaryimage"},"thumbnailUrl":"https:\/\/mznoticia.com.br\/jaguariaiva\/wp-content\/uploads\/2026\/08\/10-28.jpg","datePublished":"2026-08-27T16:34:20+00:00","description":"Casal \u00e9 preso em Foz do Igua\u00e7u suspeito de vender beb\u00ea de cinco meses por R$ 15 mil. M\u00e3e estava com R$ 11 mil e crian\u00e7a foi localizada sem ferimentos.","breadcrumb":{"@id":"https:\/\/mznoticia.com.br\/jaguariaiva\/casal-e-preso-suspeito-de-vender-bebe-de-cinco-meses-por-r-15-mil-no-parana\/#breadcrumb"},"inLanguage":"pt-BR","potentialAction":[{"@type":"ReadAction","target":["https:\/\/mznoticia.com.br\/jaguariaiva\/casal-e-preso-suspeito-de-vender-bebe-de-cinco-meses-por-r-15-mil-no-parana\/"]}]},{"@type":"ImageObject","inLanguage":"pt-BR","@id":"https:\/\/mznoticia.com.br\/jaguariaiva\/casal-e-preso-suspeito-de-vender-bebe-de-cinco-meses-por-r-15-mil-no-parana\/#primaryimage","url":"https:\/\/mznoticia.com.br\/jaguariaiva\/wp-content\/uploads\/2026\/08\/10-28.jpg","contentUrl":"https:\/\/mznoticia.com.br\/jaguariaiva\/wp-content\/uploads\/2026\/08\/10-28.jpg","width":583,"height":389},{"@type":"BreadcrumbList","@id":"https:\/\/mznoticia.com.br\/jaguariaiva\/casal-e-preso-suspeito-de-vender-bebe-de-cinco-meses-por-r-15-mil-no-parana\/#breadcrumb","itemListElement":[{"@type":"ListItem","position":1,"name":"Home","item":"https:\/\/mznoticia.com.br\/jaguariaiva\/"},{"@type":"ListItem","position":2,"name":"Casal \u00e9 preso suspeito de vender beb\u00ea de cinco meses por R$ 15 mil no Paran\u00e1"}]},{"@type":"WebSite","@id":"https:\/\/mznoticia.com.br\/jaguariaiva\/#website","url":"https:\/\/mznoticia.com.br\/jaguariaiva\/","name":"Mz Not\u00edcia","description":"A informa\u00e7\u00e3o que voc\u00ea precisa na hora certa!","publisher":{"@id":"https:\/\/mznoticia.com.br\/jaguariaiva\/#organization"},"potentialAction":[{"@type":"SearchAction","target":{"@type":"EntryPoint","urlTemplate":"https:\/\/mznoticia.com.br\/jaguariaiva\/?s={search_term_string}"},"query-input":{"@type":"PropertyValueSpecification","valueRequired":true,"valueName":"search_term_string"}}],"inLanguage":"pt-BR"},{"@type":"Organization","@id":"https:\/\/mznoticia.com.br\/jaguariaiva\/#organization","name":"Mz Not\u00edcia","url":"https:\/\/mznoticia.com.br\/jaguariaiva\/","logo":{"@type":"ImageObject","inLanguage":"pt-BR","@id":"https:\/\/mznoticia.com.br\/jaguariaiva\/#\/schema\/logo\/image\/","url":"https:\/\/mznoticia.com.br\/jaguariaiva\/wp-content\/uploads\/2025\/03\/Design-sem-nome-4-e1741200616392.png","contentUrl":"https:\/\/mznoticia.com.br\/jaguariaiva\/wp-content\/uploads\/2025\/03\/Design-sem-nome-4-e1741200616392.png","width":750,"height":563,"caption":"Mz Not\u00edcia"},"image":{"@id":"https:\/\/mznoticia.com.br\/jaguariaiva\/#\/schema\/logo\/image\/"},"sameAs":["https:\/\/www.facebook.com\/profile.php?id=61573479951222","https:\/\/www.instagram.com\/mz.jaguariaiva\/"]},{"@type":"Person","@id":"https:\/\/mznoticia.com.br\/jaguariaiva\/#\/schema\/person\/84012d827247b3f42f37b550da79cd03","name":"Redacao mz","image":{"@type":"ImageObject","inLanguage":"pt-BR","@id":"https:\/\/mznoticia.com.br\/jaguariaiva\/wp-content\/uploads\/2025\/02\/mznoticia_jaguariaiva_coluna-150x150.png","url":"https:\/\/mznoticia.com.br\/jaguariaiva\/wp-content\/uploads\/2025\/02\/mznoticia_jaguariaiva_coluna-150x150.png","contentUrl":"https:\/\/mznoticia.com.br\/jaguariaiva\/wp-content\/uploads\/2025\/02\/mznoticia_jaguariaiva_coluna-150x150.png","caption":"Redacao mz"},"sameAs":["http:\/\/mznoticia.com.br"],"url":"https:\/\/mznoticia.com.br\/jaguariaiva\/author\/lucimara\/"}]}},"_links":{"self":[{"href":"https:\/\/mznoticia.com.br\/jaguariaiva\/wp-json\/wp\/v2\/posts\/7179","targetHints":{"allow":["GET"]}}],"collection":[{"href":"https:\/\/mznoticia.com.br\/jaguariaiva\/wp-json\/wp\/v2\/posts"}],"about":[{"href":"https:\/\/mznoticia.com.br\/jaguariaiva\/wp-json\/wp\/v2\/types\/post"}],"author":[{"embeddable":true,"href":"https:\/\/mznoticia.com.br\/jaguariaiva\/wp-json\/wp\/v2\/users\/16"}],"replies":[{"embeddable":true,"href":"https:\/\/mznoticia.com.br\/jaguariaiva\/wp-json\/wp\/v2\/comments?post=7179"}],"version-history":[{"count":1,"href":"https:\/\/mznoticia.com.br\/jaguariaiva\/wp-json\/wp\/v2\/posts\/7179\/revisions"}],"predecessor-version":[{"id":7181,"href":"https:\/\/mznoticia.com.br\/jaguariaiva\/wp-json\/wp\/v2\/posts\/7179\/revisions\/7181"}],"wp:featuredmedia":[{"embeddable":true,"href":"https:\/\/mznoticia.com.br\/jaguariaiva\/wp-json\/wp\/v2\/media\/7180"}],"wp:attachment":[{"href":"https:\/\/mznoticia.com.br\/jaguariaiva\/wp-json\/wp\/v2\/media?parent=7179"}],"wp:term":[{"taxonomy":"category","embeddable":true,"href":"https:\/\/mznoticia.com.br\/jaguariaiva\/wp-json\/wp\/v2\/categories?post=7179"},{"taxonomy":"post_tag","embeddable":true,"href":"https:\/\/mznoticia.com.br\/jaguariaiva\/wp-json\/wp\/v2\/tags?post=7179"}],"curies":[{"name":"wp","href":"https:\/\/api.w.org\/{rel}","templated":true}]}}