{"id":7191,"date":"2026-08-27T17:09:13","date_gmt":"2026-08-27T17:09:13","guid":{"rendered":"https:\/\/mznoticia.com.br\/jaguariaiva\/?p=7191"},"modified":"2026-08-27T17:09:13","modified_gmt":"2026-08-27T17:09:13","slug":"flavio-bolsonaro-recebe-r-42-milhoes-do-pl-para-campanha-a-presidencia","status":"publish","type":"post","link":"https:\/\/mznoticia.com.br\/jaguariaiva\/flavio-bolsonaro-recebe-r-42-milhoes-do-pl-para-campanha-a-presidencia\/","title":{"rendered":"Fl\u00e1vio Bolsonaro recebe R$ 42 milh\u00f5es do PL para campanha \u00e0 Presid\u00eancia"},"content":{"rendered":"<h3 class=\"PDq2pG_selectionAnchorContainer\" data-section-id=\"1xhye3n\" data-start=\"76\" data-end=\"204\">Recurso foi transferido por meio de duas opera\u00e7\u00f5es via Pix, de R$ 21 milh\u00f5es cada, e consta na presta\u00e7\u00e3o de contas eleitoral<\/h3>\n<p data-start=\"206\" data-end=\"457\">A campanha de Fl\u00e1vio Bolsonaro (PL) \u00e0 Presid\u00eancia da Rep\u00fablica recebeu R$ 42 milh\u00f5es do Partido Liberal na \u00faltima segunda-feira (24). O valor foi transferido para a conta eleitoral do candidato em duas opera\u00e7\u00f5es via Pix, de R$ 21 milh\u00f5es cada.<\/p>\n<p data-start=\"459\" data-end=\"627\">O repasse foi registrado na presta\u00e7\u00e3o de contas apresentada ao Tribunal Superior Eleitoral (TSE) e j\u00e1 aparece entre os recursos destinados \u00e0 candidatura do senador.<\/p>\n<h3 data-section-id=\"ygusl\" data-start=\"629\" data-end=\"668\">Campanha j\u00e1 tem milh\u00f5es em despesas<\/h3>\n<p data-start=\"670\" data-end=\"905\">Parte dos recursos j\u00e1 foi utilizada pela campanha. Segundo os dados apresentados, aproximadamente R$ 3,1 milh\u00f5es foram destinados \u00e0 contrata\u00e7\u00e3o de um escrit\u00f3rio de advocacia para tratar de quest\u00f5es jur\u00eddicas relacionadas \u00e0 elei\u00e7\u00e3o.<\/p>\n<p data-start=\"907\" data-end=\"1012\">Outros R$ 2,2 milh\u00f5es foram gastos com deslocamentos de Fl\u00e1vio Bolsonaro e integrantes de sua equipe.<\/p>\n<h3 data-section-id=\"1e4uypg\" data-start=\"1014\" data-end=\"1062\">Vaquinhas tamb\u00e9m s\u00e3o utilizadas nas elei\u00e7\u00f5es<\/h3>\n<p data-start=\"1064\" data-end=\"1217\">Al\u00e9m dos repasses partid\u00e1rios, candidatos \u00e0 Presid\u00eancia tamb\u00e9m t\u00eam recorrido a campanhas de financiamento coletivo pela internet para arrecadar recursos.<\/p>\n<p data-start=\"1219\" data-end=\"1364\">Entre os nomes que adotaram essa estrat\u00e9gia est\u00e3o Lula (PT), Renan Santos (Miss\u00e3o), Romeu Zema, Ronaldo Caiado (PSD) e Augusto Cury (Avante).<\/p>\n<h3 data-section-id=\"smmza7\" data-start=\"1366\" data-end=\"1413\">Fl\u00e1vio declara patrim\u00f4nio de R$ 8,1 milh\u00f5es<\/h3>\n<p data-start=\"1415\" data-end=\"1525\">Ao registrar a candidatura, Fl\u00e1vio Bolsonaro declarou \u00e0 Justi\u00e7a Eleitoral um patrim\u00f4nio de R$ 8,1 milh\u00f5es.<\/p>\n<p data-start=\"1527\" data-end=\"1725\">Entre os bens informados est\u00e3o uma casa no Lago Sul, em Bras\u00edlia, um autom\u00f3vel e investimentos financeiros. A declara\u00e7\u00e3o patrimonial faz parte das exig\u00eancias da Justi\u00e7a Eleitoral para os candidatos.<\/p>\n","protected":false},"excerpt":{"rendered":"<p>Recurso foi transferido por meio de duas opera\u00e7\u00f5es via Pix, de R$ 21 milh\u00f5es cada, e consta na presta\u00e7\u00e3o de contas eleitoral A campanha de Fl\u00e1vio Bolsonaro (PL) \u00e0 Presid\u00eancia da Rep\u00fablica recebeu R$ 42 milh\u00f5es do Partido Liberal na \u00faltima segunda-feira (24). O valor foi transferido para a conta eleitoral do candidato em duas [&hellip;]<\/p>\n","protected":false},"author":16,"featured_media":7192,"comment_status":"open","ping_status":"open","sticky":false,"template":"","format":"standard","meta":{"footnotes":""},"categories":[5,372],"tags":[82,2874,416,2875,415,2873,937,1125,194,615],"class_list":["post-7191","post","type-post","status-publish","format-standard","has-post-thumbnail","hentry","category-brasil","category-eleicoes","tag-brasil","tag-campanha-presidencial","tag-eleicoes-2026","tag-financiamento-eleitoral","tag-flavio-bolsonaro","tag-partido-liberal","tag-pix","tag-pl","tag-politica","tag-tse"],"yoast_head":"<!-- This site is optimized with the Yoast SEO plugin v28.1 - https:\/\/yoast.com\/product\/yoast-seo-wordpress\/ -->\n<title>Fl\u00e1vio Bolsonaro recebe R$ 42 milh\u00f5es do PL para campanha \u00e0 Presid\u00eancia - Mz Not\u00edcias<\/title>\n<meta name=\"description\" content=\"Fl\u00e1vio Bolsonaro recebe R$ 42 milh\u00f5es do PL para sua campanha presidencial. Valor foi transferido em duas opera\u00e7\u00f5es via Pix e declarado ao TSE.\" \/>\n<meta name=\"robots\" content=\"index, follow, max-snippet:-1, max-image-preview:large, max-video-preview:-1\" \/>\n<link rel=\"canonical\" href=\"https:\/\/mznoticia.com.br\/jaguariaiva\/flavio-bolsonaro-recebe-r-42-milhoes-do-pl-para-campanha-a-presidencia\/\" \/>\n<meta property=\"og:locale\" content=\"pt_BR\" \/>\n<meta property=\"og:type\" content=\"article\" \/>\n<meta property=\"og:title\" content=\"Fl\u00e1vio Bolsonaro recebe R$ 42 milh\u00f5es do PL para campanha \u00e0 Presid\u00eancia - Mz Not\u00edcias\" \/>\n<meta property=\"og:description\" content=\"Fl\u00e1vio Bolsonaro recebe R$ 42 milh\u00f5es do PL para sua campanha presidencial. Valor foi transferido em duas opera\u00e7\u00f5es via Pix e declarado ao TSE.\" \/>\n<meta property=\"og:url\" content=\"https:\/\/mznoticia.com.br\/jaguariaiva\/flavio-bolsonaro-recebe-r-42-milhoes-do-pl-para-campanha-a-presidencia\/\" \/>\n<meta property=\"og:site_name\" content=\"Mz Not\u00edcias\" \/>\n<meta property=\"article:publisher\" content=\"https:\/\/www.facebook.com\/profile.php?id=61573479951222\" \/>\n<meta property=\"article:published_time\" content=\"2026-08-27T17:09:13+00:00\" \/>\n<meta name=\"author\" content=\"Redacao mz\" \/>\n<meta name=\"twitter:card\" content=\"summary_large_image\" \/>\n<meta name=\"twitter:label1\" content=\"Escrito por\" \/>\n\t<meta name=\"twitter:data1\" content=\"Redacao mz\" \/>\n\t<meta name=\"twitter:label2\" content=\"Est. tempo de leitura\" \/>\n\t<meta name=\"twitter:data2\" content=\"2 minutos\" \/>\n<script type=\"application\/ld+json\" class=\"yoast-schema-graph\">{\"@context\":\"https:\\\/\\\/schema.org\",\"@graph\":[{\"@type\":\"Article\",\"@id\":\"https:\\\/\\\/mznoticia.com.br\\\/jaguariaiva\\\/flavio-bolsonaro-recebe-r-42-milhoes-do-pl-para-campanha-a-presidencia\\\/#article\",\"isPartOf\":{\"@id\":\"https:\\\/\\\/mznoticia.com.br\\\/jaguariaiva\\\/flavio-bolsonaro-recebe-r-42-milhoes-do-pl-para-campanha-a-presidencia\\\/\"},\"author\":{\"name\":\"Redacao mz\",\"@id\":\"https:\\\/\\\/mznoticia.com.br\\\/jaguariaiva\\\/#\\\/schema\\\/person\\\/84012d827247b3f42f37b550da79cd03\"},\"headline\":\"Fl\u00e1vio Bolsonaro recebe R$ 42 milh\u00f5es do PL para campanha \u00e0 Presid\u00eancia\",\"datePublished\":\"2026-08-27T17:09:13+00:00\",\"mainEntityOfPage\":{\"@id\":\"https:\\\/\\\/mznoticia.com.br\\\/jaguariaiva\\\/flavio-bolsonaro-recebe-r-42-milhoes-do-pl-para-campanha-a-presidencia\\\/\"},\"wordCount\":286,\"commentCount\":0,\"publisher\":{\"@id\":\"https:\\\/\\\/mznoticia.com.br\\\/jaguariaiva\\\/#organization\"},\"image\":{\"@id\":\"https:\\\/\\\/mznoticia.com.br\\\/jaguariaiva\\\/flavio-bolsonaro-recebe-r-42-milhoes-do-pl-para-campanha-a-presidencia\\\/#primaryimage\"},\"thumbnailUrl\":\"https:\\\/\\\/mznoticia.com.br\\\/jaguariaiva\\\/wp-content\\\/uploads\\\/2026\\\/08\\\/10-6.avif\",\"keywords\":[\"brasil\",\"campanha presidencial\",\"Elei\u00e7\u00f5es 2026\",\"financiamento eleitoral\",\"Fl\u00e1vio Bolsonaro\",\"Partido Liberal\",\"Pix\",\"PL\",\"politica\",\"TSE\"],\"articleSection\":[\"Brasil\",\"Elei\u00e7\u00f5es\"],\"inLanguage\":\"pt-BR\",\"potentialAction\":[{\"@type\":\"CommentAction\",\"name\":\"Comment\",\"target\":[\"https:\\\/\\\/mznoticia.com.br\\\/jaguariaiva\\\/flavio-bolsonaro-recebe-r-42-milhoes-do-pl-para-campanha-a-presidencia\\\/#respond\"]}]},{\"@type\":\"WebPage\",\"@id\":\"https:\\\/\\\/mznoticia.com.br\\\/jaguariaiva\\\/flavio-bolsonaro-recebe-r-42-milhoes-do-pl-para-campanha-a-presidencia\\\/\",\"url\":\"https:\\\/\\\/mznoticia.com.br\\\/jaguariaiva\\\/flavio-bolsonaro-recebe-r-42-milhoes-do-pl-para-campanha-a-presidencia\\\/\",\"name\":\"Fl\u00e1vio Bolsonaro recebe R$ 42 milh\u00f5es do PL para campanha \u00e0 Presid\u00eancia - Mz Not\u00edcias\",\"isPartOf\":{\"@id\":\"https:\\\/\\\/mznoticia.com.br\\\/jaguariaiva\\\/#website\"},\"primaryImageOfPage\":{\"@id\":\"https:\\\/\\\/mznoticia.com.br\\\/jaguariaiva\\\/flavio-bolsonaro-recebe-r-42-milhoes-do-pl-para-campanha-a-presidencia\\\/#primaryimage\"},\"image\":{\"@id\":\"https:\\\/\\\/mznoticia.com.br\\\/jaguariaiva\\\/flavio-bolsonaro-recebe-r-42-milhoes-do-pl-para-campanha-a-presidencia\\\/#primaryimage\"},\"thumbnailUrl\":\"https:\\\/\\\/mznoticia.com.br\\\/jaguariaiva\\\/wp-content\\\/uploads\\\/2026\\\/08\\\/10-6.avif\",\"datePublished\":\"2026-08-27T17:09:13+00:00\",\"description\":\"Fl\u00e1vio Bolsonaro recebe R$ 42 milh\u00f5es do PL para sua campanha presidencial. Valor foi transferido em duas opera\u00e7\u00f5es via Pix e declarado ao TSE.\",\"breadcrumb\":{\"@id\":\"https:\\\/\\\/mznoticia.com.br\\\/jaguariaiva\\\/flavio-bolsonaro-recebe-r-42-milhoes-do-pl-para-campanha-a-presidencia\\\/#breadcrumb\"},\"inLanguage\":\"pt-BR\",\"potentialAction\":[{\"@type\":\"ReadAction\",\"target\":[\"https:\\\/\\\/mznoticia.com.br\\\/jaguariaiva\\\/flavio-bolsonaro-recebe-r-42-milhoes-do-pl-para-campanha-a-presidencia\\\/\"]}]},{\"@type\":\"ImageObject\",\"inLanguage\":\"pt-BR\",\"@id\":\"https:\\\/\\\/mznoticia.com.br\\\/jaguariaiva\\\/flavio-bolsonaro-recebe-r-42-milhoes-do-pl-para-campanha-a-presidencia\\\/#primaryimage\",\"url\":\"https:\\\/\\\/mznoticia.com.br\\\/jaguariaiva\\\/wp-content\\\/uploads\\\/2026\\\/08\\\/10-6.avif\",\"contentUrl\":\"https:\\\/\\\/mznoticia.com.br\\\/jaguariaiva\\\/wp-content\\\/uploads\\\/2026\\\/08\\\/10-6.avif\",\"width\":380,\"height\":253},{\"@type\":\"BreadcrumbList\",\"@id\":\"https:\\\/\\\/mznoticia.com.br\\\/jaguariaiva\\\/flavio-bolsonaro-recebe-r-42-milhoes-do-pl-para-campanha-a-presidencia\\\/#breadcrumb\",\"itemListElement\":[{\"@type\":\"ListItem\",\"position\":1,\"name\":\"Home\",\"item\":\"https:\\\/\\\/mznoticia.com.br\\\/jaguariaiva\\\/\"},{\"@type\":\"ListItem\",\"position\":2,\"name\":\"Fl\u00e1vio Bolsonaro recebe R$ 42 milh\u00f5es do PL para campanha \u00e0 Presid\u00eancia\"}]},{\"@type\":\"WebSite\",\"@id\":\"https:\\\/\\\/mznoticia.com.br\\\/jaguariaiva\\\/#website\",\"url\":\"https:\\\/\\\/mznoticia.com.br\\\/jaguariaiva\\\/\",\"name\":\"Mz Not\u00edcia\",\"description\":\"A informa\u00e7\u00e3o que voc\u00ea precisa na hora certa!\",\"publisher\":{\"@id\":\"https:\\\/\\\/mznoticia.com.br\\\/jaguariaiva\\\/#organization\"},\"potentialAction\":[{\"@type\":\"SearchAction\",\"target\":{\"@type\":\"EntryPoint\",\"urlTemplate\":\"https:\\\/\\\/mznoticia.com.br\\\/jaguariaiva\\\/?s={search_term_string}\"},\"query-input\":{\"@type\":\"PropertyValueSpecification\",\"valueRequired\":true,\"valueName\":\"search_term_string\"}}],\"inLanguage\":\"pt-BR\"},{\"@type\":\"Organization\",\"@id\":\"https:\\\/\\\/mznoticia.com.br\\\/jaguariaiva\\\/#organization\",\"name\":\"Mz Not\u00edcia\",\"url\":\"https:\\\/\\\/mznoticia.com.br\\\/jaguariaiva\\\/\",\"logo\":{\"@type\":\"ImageObject\",\"inLanguage\":\"pt-BR\",\"@id\":\"https:\\\/\\\/mznoticia.com.br\\\/jaguariaiva\\\/#\\\/schema\\\/logo\\\/image\\\/\",\"url\":\"https:\\\/\\\/mznoticia.com.br\\\/jaguariaiva\\\/wp-content\\\/uploads\\\/2025\\\/03\\\/Design-sem-nome-4-e1741200616392.png\",\"contentUrl\":\"https:\\\/\\\/mznoticia.com.br\\\/jaguariaiva\\\/wp-content\\\/uploads\\\/2025\\\/03\\\/Design-sem-nome-4-e1741200616392.png\",\"width\":750,\"height\":563,\"caption\":\"Mz Not\u00edcia\"},\"image\":{\"@id\":\"https:\\\/\\\/mznoticia.com.br\\\/jaguariaiva\\\/#\\\/schema\\\/logo\\\/image\\\/\"},\"sameAs\":[\"https:\\\/\\\/www.facebook.com\\\/profile.php?id=61573479951222\",\"https:\\\/\\\/www.instagram.com\\\/mz.jaguariaiva\\\/\"]},{\"@type\":\"Person\",\"@id\":\"https:\\\/\\\/mznoticia.com.br\\\/jaguariaiva\\\/#\\\/schema\\\/person\\\/84012d827247b3f42f37b550da79cd03\",\"name\":\"Redacao mz\",\"image\":{\"@type\":\"ImageObject\",\"inLanguage\":\"pt-BR\",\"@id\":\"https:\\\/\\\/mznoticia.com.br\\\/jaguariaiva\\\/wp-content\\\/uploads\\\/2025\\\/02\\\/mznoticia_jaguariaiva_coluna-150x150.png\",\"url\":\"https:\\\/\\\/mznoticia.com.br\\\/jaguariaiva\\\/wp-content\\\/uploads\\\/2025\\\/02\\\/mznoticia_jaguariaiva_coluna-150x150.png\",\"contentUrl\":\"https:\\\/\\\/mznoticia.com.br\\\/jaguariaiva\\\/wp-content\\\/uploads\\\/2025\\\/02\\\/mznoticia_jaguariaiva_coluna-150x150.png\",\"caption\":\"Redacao mz\"},\"sameAs\":[\"http:\\\/\\\/mznoticia.com.br\"],\"url\":\"https:\\\/\\\/mznoticia.com.br\\\/jaguariaiva\\\/author\\\/lucimara\\\/\"}]}<\/script>\n<!-- \/ Yoast SEO plugin. -->","yoast_head_json":{"title":"Fl\u00e1vio Bolsonaro recebe R$ 42 milh\u00f5es do PL para campanha \u00e0 Presid\u00eancia - Mz Not\u00edcias","description":"Fl\u00e1vio Bolsonaro recebe R$ 42 milh\u00f5es do PL para sua campanha presidencial. Valor foi transferido em duas opera\u00e7\u00f5es via Pix e declarado ao TSE.","robots":{"index":"index","follow":"follow","max-snippet":"max-snippet:-1","max-image-preview":"max-image-preview:large","max-video-preview":"max-video-preview:-1"},"canonical":"https:\/\/mznoticia.com.br\/jaguariaiva\/flavio-bolsonaro-recebe-r-42-milhoes-do-pl-para-campanha-a-presidencia\/","og_locale":"pt_BR","og_type":"article","og_title":"Fl\u00e1vio Bolsonaro recebe R$ 42 milh\u00f5es do PL para campanha \u00e0 Presid\u00eancia - Mz Not\u00edcias","og_description":"Fl\u00e1vio Bolsonaro recebe R$ 42 milh\u00f5es do PL para sua campanha presidencial. Valor foi transferido em duas opera\u00e7\u00f5es via Pix e declarado ao TSE.","og_url":"https:\/\/mznoticia.com.br\/jaguariaiva\/flavio-bolsonaro-recebe-r-42-milhoes-do-pl-para-campanha-a-presidencia\/","og_site_name":"Mz Not\u00edcias","article_publisher":"https:\/\/www.facebook.com\/profile.php?id=61573479951222","article_published_time":"2026-08-27T17:09:13+00:00","author":"Redacao mz","twitter_card":"summary_large_image","twitter_misc":{"Escrito por":"Redacao mz","Est. tempo de leitura":"2 minutos"},"schema":{"@context":"https:\/\/schema.org","@graph":[{"@type":"Article","@id":"https:\/\/mznoticia.com.br\/jaguariaiva\/flavio-bolsonaro-recebe-r-42-milhoes-do-pl-para-campanha-a-presidencia\/#article","isPartOf":{"@id":"https:\/\/mznoticia.com.br\/jaguariaiva\/flavio-bolsonaro-recebe-r-42-milhoes-do-pl-para-campanha-a-presidencia\/"},"author":{"name":"Redacao mz","@id":"https:\/\/mznoticia.com.br\/jaguariaiva\/#\/schema\/person\/84012d827247b3f42f37b550da79cd03"},"headline":"Fl\u00e1vio Bolsonaro recebe R$ 42 milh\u00f5es do PL para campanha \u00e0 Presid\u00eancia","datePublished":"2026-08-27T17:09:13+00:00","mainEntityOfPage":{"@id":"https:\/\/mznoticia.com.br\/jaguariaiva\/flavio-bolsonaro-recebe-r-42-milhoes-do-pl-para-campanha-a-presidencia\/"},"wordCount":286,"commentCount":0,"publisher":{"@id":"https:\/\/mznoticia.com.br\/jaguariaiva\/#organization"},"image":{"@id":"https:\/\/mznoticia.com.br\/jaguariaiva\/flavio-bolsonaro-recebe-r-42-milhoes-do-pl-para-campanha-a-presidencia\/#primaryimage"},"thumbnailUrl":"https:\/\/mznoticia.com.br\/jaguariaiva\/wp-content\/uploads\/2026\/08\/10-6.avif","keywords":["brasil","campanha presidencial","Elei\u00e7\u00f5es 2026","financiamento eleitoral","Fl\u00e1vio Bolsonaro","Partido Liberal","Pix","PL","politica","TSE"],"articleSection":["Brasil","Elei\u00e7\u00f5es"],"inLanguage":"pt-BR","potentialAction":[{"@type":"CommentAction","name":"Comment","target":["https:\/\/mznoticia.com.br\/jaguariaiva\/flavio-bolsonaro-recebe-r-42-milhoes-do-pl-para-campanha-a-presidencia\/#respond"]}]},{"@type":"WebPage","@id":"https:\/\/mznoticia.com.br\/jaguariaiva\/flavio-bolsonaro-recebe-r-42-milhoes-do-pl-para-campanha-a-presidencia\/","url":"https:\/\/mznoticia.com.br\/jaguariaiva\/flavio-bolsonaro-recebe-r-42-milhoes-do-pl-para-campanha-a-presidencia\/","name":"Fl\u00e1vio Bolsonaro recebe R$ 42 milh\u00f5es do PL para campanha \u00e0 Presid\u00eancia - Mz Not\u00edcias","isPartOf":{"@id":"https:\/\/mznoticia.com.br\/jaguariaiva\/#website"},"primaryImageOfPage":{"@id":"https:\/\/mznoticia.com.br\/jaguariaiva\/flavio-bolsonaro-recebe-r-42-milhoes-do-pl-para-campanha-a-presidencia\/#primaryimage"},"image":{"@id":"https:\/\/mznoticia.com.br\/jaguariaiva\/flavio-bolsonaro-recebe-r-42-milhoes-do-pl-para-campanha-a-presidencia\/#primaryimage"},"thumbnailUrl":"https:\/\/mznoticia.com.br\/jaguariaiva\/wp-content\/uploads\/2026\/08\/10-6.avif","datePublished":"2026-08-27T17:09:13+00:00","description":"Fl\u00e1vio Bolsonaro recebe R$ 42 milh\u00f5es do PL para sua campanha presidencial. Valor foi transferido em duas opera\u00e7\u00f5es via Pix e declarado ao TSE.","breadcrumb":{"@id":"https:\/\/mznoticia.com.br\/jaguariaiva\/flavio-bolsonaro-recebe-r-42-milhoes-do-pl-para-campanha-a-presidencia\/#breadcrumb"},"inLanguage":"pt-BR","potentialAction":[{"@type":"ReadAction","target":["https:\/\/mznoticia.com.br\/jaguariaiva\/flavio-bolsonaro-recebe-r-42-milhoes-do-pl-para-campanha-a-presidencia\/"]}]},{"@type":"ImageObject","inLanguage":"pt-BR","@id":"https:\/\/mznoticia.com.br\/jaguariaiva\/flavio-bolsonaro-recebe-r-42-milhoes-do-pl-para-campanha-a-presidencia\/#primaryimage","url":"https:\/\/mznoticia.com.br\/jaguariaiva\/wp-content\/uploads\/2026\/08\/10-6.avif","contentUrl":"https:\/\/mznoticia.com.br\/jaguariaiva\/wp-content\/uploads\/2026\/08\/10-6.avif","width":380,"height":253},{"@type":"BreadcrumbList","@id":"https:\/\/mznoticia.com.br\/jaguariaiva\/flavio-bolsonaro-recebe-r-42-milhoes-do-pl-para-campanha-a-presidencia\/#breadcrumb","itemListElement":[{"@type":"ListItem","position":1,"name":"Home","item":"https:\/\/mznoticia.com.br\/jaguariaiva\/"},{"@type":"ListItem","position":2,"name":"Fl\u00e1vio Bolsonaro recebe R$ 42 milh\u00f5es do PL para campanha \u00e0 Presid\u00eancia"}]},{"@type":"WebSite","@id":"https:\/\/mznoticia.com.br\/jaguariaiva\/#website","url":"https:\/\/mznoticia.com.br\/jaguariaiva\/","name":"Mz Not\u00edcia","description":"A informa\u00e7\u00e3o que voc\u00ea precisa na hora certa!","publisher":{"@id":"https:\/\/mznoticia.com.br\/jaguariaiva\/#organization"},"potentialAction":[{"@type":"SearchAction","target":{"@type":"EntryPoint","urlTemplate":"https:\/\/mznoticia.com.br\/jaguariaiva\/?s={search_term_string}"},"query-input":{"@type":"PropertyValueSpecification","valueRequired":true,"valueName":"search_term_string"}}],"inLanguage":"pt-BR"},{"@type":"Organization","@id":"https:\/\/mznoticia.com.br\/jaguariaiva\/#organization","name":"Mz Not\u00edcia","url":"https:\/\/mznoticia.com.br\/jaguariaiva\/","logo":{"@type":"ImageObject","inLanguage":"pt-BR","@id":"https:\/\/mznoticia.com.br\/jaguariaiva\/#\/schema\/logo\/image\/","url":"https:\/\/mznoticia.com.br\/jaguariaiva\/wp-content\/uploads\/2025\/03\/Design-sem-nome-4-e1741200616392.png","contentUrl":"https:\/\/mznoticia.com.br\/jaguariaiva\/wp-content\/uploads\/2025\/03\/Design-sem-nome-4-e1741200616392.png","width":750,"height":563,"caption":"Mz Not\u00edcia"},"image":{"@id":"https:\/\/mznoticia.com.br\/jaguariaiva\/#\/schema\/logo\/image\/"},"sameAs":["https:\/\/www.facebook.com\/profile.php?id=61573479951222","https:\/\/www.instagram.com\/mz.jaguariaiva\/"]},{"@type":"Person","@id":"https:\/\/mznoticia.com.br\/jaguariaiva\/#\/schema\/person\/84012d827247b3f42f37b550da79cd03","name":"Redacao mz","image":{"@type":"ImageObject","inLanguage":"pt-BR","@id":"https:\/\/mznoticia.com.br\/jaguariaiva\/wp-content\/uploads\/2025\/02\/mznoticia_jaguariaiva_coluna-150x150.png","url":"https:\/\/mznoticia.com.br\/jaguariaiva\/wp-content\/uploads\/2025\/02\/mznoticia_jaguariaiva_coluna-150x150.png","contentUrl":"https:\/\/mznoticia.com.br\/jaguariaiva\/wp-content\/uploads\/2025\/02\/mznoticia_jaguariaiva_coluna-150x150.png","caption":"Redacao mz"},"sameAs":["http:\/\/mznoticia.com.br"],"url":"https:\/\/mznoticia.com.br\/jaguariaiva\/author\/lucimara\/"}]}},"_links":{"self":[{"href":"https:\/\/mznoticia.com.br\/jaguariaiva\/wp-json\/wp\/v2\/posts\/7191","targetHints":{"allow":["GET"]}}],"collection":[{"href":"https:\/\/mznoticia.com.br\/jaguariaiva\/wp-json\/wp\/v2\/posts"}],"about":[{"href":"https:\/\/mznoticia.com.br\/jaguariaiva\/wp-json\/wp\/v2\/types\/post"}],"author":[{"embeddable":true,"href":"https:\/\/mznoticia.com.br\/jaguariaiva\/wp-json\/wp\/v2\/users\/16"}],"replies":[{"embeddable":true,"href":"https:\/\/mznoticia.com.br\/jaguariaiva\/wp-json\/wp\/v2\/comments?post=7191"}],"version-history":[{"count":1,"href":"https:\/\/mznoticia.com.br\/jaguariaiva\/wp-json\/wp\/v2\/posts\/7191\/revisions"}],"predecessor-version":[{"id":7193,"href":"https:\/\/mznoticia.com.br\/jaguariaiva\/wp-json\/wp\/v2\/posts\/7191\/revisions\/7193"}],"wp:featuredmedia":[{"embeddable":true,"href":"https:\/\/mznoticia.com.br\/jaguariaiva\/wp-json\/wp\/v2\/media\/7192"}],"wp:attachment":[{"href":"https:\/\/mznoticia.com.br\/jaguariaiva\/wp-json\/wp\/v2\/media?parent=7191"}],"wp:term":[{"taxonomy":"category","embeddable":true,"href":"https:\/\/mznoticia.com.br\/jaguariaiva\/wp-json\/wp\/v2\/categories?post=7191"},{"taxonomy":"post_tag","embeddable":true,"href":"https:\/\/mznoticia.com.br\/jaguariaiva\/wp-json\/wp\/v2\/tags?post=7191"}],"curies":[{"name":"wp","href":"https:\/\/api.w.org\/{rel}","templated":true}]}}