{"id":7194,"date":"2026-08-27T17:23:17","date_gmt":"2026-08-27T17:23:17","guid":{"rendered":"https:\/\/mznoticia.com.br\/jaguariaiva\/?p=7194"},"modified":"2026-08-27T17:23:17","modified_gmt":"2026-08-27T17:23:17","slug":"ponta-grossa-e-regiao-terao-calor-e-chuva-forte-no-fim-de-semana","status":"publish","type":"post","link":"https:\/\/mznoticia.com.br\/jaguariaiva\/ponta-grossa-e-regiao-terao-calor-e-chuva-forte-no-fim-de-semana\/","title":{"rendered":"Ponta Grossa e regi\u00e3o ter\u00e3o calor e chuva forte no fim de semana"},"content":{"rendered":"<h2 class=\"PDq2pG_selectionAnchorContainer\" data-section-id=\"10r109b\" data-start=\"132\" data-end=\"253\">Frente fria aumenta a instabilidade nos Campos Gerais, com previs\u00e3o de pancadas de chuva, trovoadas e rajadas de vento<\/h2>\n<p data-start=\"255\" data-end=\"551\">Ponta Grossa ter\u00e1 calor antes da mudan\u00e7a no tempo prevista para o fim de semana. A sexta-feira (28) deve ter temperaturas elevadas, enquanto s\u00e1bado (29) e domingo (30) ter\u00e3o aumento da instabilidade, com possibilidade de chuva, trovoadas e ventos fortes.<\/p>\n<h3 data-section-id=\"1dr9v8f\" data-start=\"553\" data-end=\"603\">S\u00e1bado ter\u00e1 calor e possibilidade de temporais<\/h3>\n<p data-start=\"605\" data-end=\"795\">Em Ponta Grossa, a previs\u00e3o indica m\u00e1xima pr\u00f3xima de 27\u00b0C no s\u00e1bado, com possibilidade de trovoadas e rajadas de vento que podem passar dos 60 km\/h.<\/p>\n<p data-start=\"797\" data-end=\"933\">A combina\u00e7\u00e3o de calor, umidade e avan\u00e7o de uma frente fria aumenta o risco de pancadas de chuva e temporais na regi\u00e3o dos Campos Gerais.<\/p>\n<h3 data-section-id=\"nfa1zf\" data-start=\"935\" data-end=\"974\">Domingo deve ter chuva mais intensa<\/h3>\n<p data-start=\"976\" data-end=\"1186\">No domingo (30), a instabilidade aumenta. A previs\u00e3o aponta chuva e trovoadas em Ponta Grossa, com possibilidade de acumulados mais elevados e temperaturas mais amenas.<\/p>\n<p data-start=\"1188\" data-end=\"1428\">A mudan\u00e7a faz parte de um cen\u00e1rio de instabilidade que deve atingir diferentes regi\u00f5es do Paran\u00e1 durante o fim de semana, com possibilidade de chuva forte, ventos intensos e granizo em pontos do Estado.<\/p>\n<h3 data-section-id=\"1vw8wm4\" data-start=\"1430\" data-end=\"1460\">Previs\u00e3o para Ponta Grossa<\/h3>\n<ul data-start=\"1462\" data-end=\"1820\">\n<li data-section-id=\"ier86k\" data-start=\"1462\" data-end=\"1520\">Sexta-feira (28): calor, com m\u00e1xima pr\u00f3xima de 27\u00b0C.<\/li>\n<li data-section-id=\"cl58gn\" data-start=\"1521\" data-end=\"1619\">S\u00e1bado (29): m\u00e1xima de aproximadamente 27\u00b0C, com possibilidade de trovoadas e ventos fortes.<\/li>\n<li data-section-id=\"1cuyeho\" data-start=\"1620\" data-end=\"1709\">Domingo (30): m\u00e1xima pr\u00f3xima de 25\u00b0C, com maior possibilidade de chuva e trovoadas.<\/li>\n<li data-section-id=\"i9hrh\" data-start=\"1710\" data-end=\"1820\">Segunda-feira (31): instabilidade ainda deve permanecer na regi\u00e3o.<\/li>\n<\/ul>\n","protected":false},"excerpt":{"rendered":"<p>Frente fria aumenta a instabilidade nos Campos Gerais, com previs\u00e3o de pancadas de chuva, trovoadas e rajadas de vento Ponta Grossa ter\u00e1 calor antes da mudan\u00e7a no tempo prevista para o fim de semana. A sexta-feira (28) deve ter temperaturas elevadas, enquanto s\u00e1bado (29) e domingo (30) ter\u00e3o aumento da instabilidade, com possibilidade de chuva, [&hellip;]<\/p>\n","protected":false},"author":16,"featured_media":7195,"comment_status":"open","ping_status":"open","sticky":false,"template":"","format":"standard","meta":{"footnotes":""},"categories":[8],"tags":[314,234,431,2876,1606,860,77,24,783,1076],"class_list":["post-7194","post","type-post","status-publish","format-standard","has-post-thumbnail","hentry","category-campos-gerais","tag-campos-gerais","tag-chuva","tag-clima","tag-fim-de-semana","tag-frente-fria","tag-meteorologia","tag-parana","tag-ponta-grossa","tag-previsao-do-tempo","tag-temporal"],"yoast_head":"<!-- This site is optimized with the Yoast SEO plugin v28.1 - https:\/\/yoast.com\/product\/yoast-seo-wordpress\/ -->\n<title>Ponta Grossa e regi\u00e3o ter\u00e3o calor e chuva forte no fim de semana - Mz Not\u00edcias<\/title>\n<meta name=\"description\" content=\"Ponta Grossa e regi\u00e3o ter\u00e3o calor e mudan\u00e7a no tempo no fim de semana, com previs\u00e3o de chuva forte, trovoadas e ventos nos Campos Gerais.\" \/>\n<meta name=\"robots\" content=\"index, follow, max-snippet:-1, max-image-preview:large, max-video-preview:-1\" \/>\n<link rel=\"canonical\" href=\"https:\/\/mznoticia.com.br\/jaguariaiva\/ponta-grossa-e-regiao-terao-calor-e-chuva-forte-no-fim-de-semana\/\" \/>\n<meta property=\"og:locale\" content=\"pt_BR\" \/>\n<meta property=\"og:type\" content=\"article\" \/>\n<meta property=\"og:title\" content=\"Ponta Grossa e regi\u00e3o ter\u00e3o calor e chuva forte no fim de semana - Mz Not\u00edcias\" \/>\n<meta property=\"og:description\" content=\"Ponta Grossa e regi\u00e3o ter\u00e3o calor e mudan\u00e7a no tempo no fim de semana, com previs\u00e3o de chuva forte, trovoadas e ventos nos Campos Gerais.\" \/>\n<meta property=\"og:url\" content=\"https:\/\/mznoticia.com.br\/jaguariaiva\/ponta-grossa-e-regiao-terao-calor-e-chuva-forte-no-fim-de-semana\/\" \/>\n<meta property=\"og:site_name\" content=\"Mz Not\u00edcias\" \/>\n<meta property=\"article:publisher\" content=\"https:\/\/www.facebook.com\/profile.php?id=61573479951222\" \/>\n<meta property=\"article:published_time\" content=\"2026-08-27T17:23:17+00:00\" \/>\n<meta name=\"author\" content=\"Redacao mz\" \/>\n<meta name=\"twitter:card\" content=\"summary_large_image\" \/>\n<meta name=\"twitter:label1\" content=\"Escrito por\" \/>\n\t<meta name=\"twitter:data1\" content=\"Redacao mz\" \/>\n\t<meta name=\"twitter:label2\" content=\"Est. tempo de leitura\" \/>\n\t<meta name=\"twitter:data2\" content=\"2 minutos\" \/>\n<script type=\"application\/ld+json\" class=\"yoast-schema-graph\">{\"@context\":\"https:\\\/\\\/schema.org\",\"@graph\":[{\"@type\":\"Article\",\"@id\":\"https:\\\/\\\/mznoticia.com.br\\\/jaguariaiva\\\/ponta-grossa-e-regiao-terao-calor-e-chuva-forte-no-fim-de-semana\\\/#article\",\"isPartOf\":{\"@id\":\"https:\\\/\\\/mznoticia.com.br\\\/jaguariaiva\\\/ponta-grossa-e-regiao-terao-calor-e-chuva-forte-no-fim-de-semana\\\/\"},\"author\":{\"name\":\"Redacao mz\",\"@id\":\"https:\\\/\\\/mznoticia.com.br\\\/jaguariaiva\\\/#\\\/schema\\\/person\\\/84012d827247b3f42f37b550da79cd03\"},\"headline\":\"Ponta Grossa e regi\u00e3o ter\u00e3o calor e chuva forte no fim de semana\",\"datePublished\":\"2026-08-27T17:23:17+00:00\",\"mainEntityOfPage\":{\"@id\":\"https:\\\/\\\/mznoticia.com.br\\\/jaguariaiva\\\/ponta-grossa-e-regiao-terao-calor-e-chuva-forte-no-fim-de-semana\\\/\"},\"wordCount\":259,\"commentCount\":0,\"publisher\":{\"@id\":\"https:\\\/\\\/mznoticia.com.br\\\/jaguariaiva\\\/#organization\"},\"image\":{\"@id\":\"https:\\\/\\\/mznoticia.com.br\\\/jaguariaiva\\\/ponta-grossa-e-regiao-terao-calor-e-chuva-forte-no-fim-de-semana\\\/#primaryimage\"},\"thumbnailUrl\":\"https:\\\/\\\/mznoticia.com.br\\\/jaguariaiva\\\/wp-content\\\/uploads\\\/2026\\\/08\\\/100-3.avif\",\"keywords\":[\"Campos Gerais\",\"chuva\",\"Clima\",\"fim de semana\",\"Frente Fria\",\"Meteorologia\",\"parana\",\"Ponta Grossa\",\"Previs\u00e3o do Tempo\",\"Temporal\"],\"articleSection\":[\"Campos Gerais\"],\"inLanguage\":\"pt-BR\",\"potentialAction\":[{\"@type\":\"CommentAction\",\"name\":\"Comment\",\"target\":[\"https:\\\/\\\/mznoticia.com.br\\\/jaguariaiva\\\/ponta-grossa-e-regiao-terao-calor-e-chuva-forte-no-fim-de-semana\\\/#respond\"]}]},{\"@type\":\"WebPage\",\"@id\":\"https:\\\/\\\/mznoticia.com.br\\\/jaguariaiva\\\/ponta-grossa-e-regiao-terao-calor-e-chuva-forte-no-fim-de-semana\\\/\",\"url\":\"https:\\\/\\\/mznoticia.com.br\\\/jaguariaiva\\\/ponta-grossa-e-regiao-terao-calor-e-chuva-forte-no-fim-de-semana\\\/\",\"name\":\"Ponta Grossa e regi\u00e3o ter\u00e3o calor e chuva forte no fim de semana - Mz Not\u00edcias\",\"isPartOf\":{\"@id\":\"https:\\\/\\\/mznoticia.com.br\\\/jaguariaiva\\\/#website\"},\"primaryImageOfPage\":{\"@id\":\"https:\\\/\\\/mznoticia.com.br\\\/jaguariaiva\\\/ponta-grossa-e-regiao-terao-calor-e-chuva-forte-no-fim-de-semana\\\/#primaryimage\"},\"image\":{\"@id\":\"https:\\\/\\\/mznoticia.com.br\\\/jaguariaiva\\\/ponta-grossa-e-regiao-terao-calor-e-chuva-forte-no-fim-de-semana\\\/#primaryimage\"},\"thumbnailUrl\":\"https:\\\/\\\/mznoticia.com.br\\\/jaguariaiva\\\/wp-content\\\/uploads\\\/2026\\\/08\\\/100-3.avif\",\"datePublished\":\"2026-08-27T17:23:17+00:00\",\"description\":\"Ponta Grossa e regi\u00e3o ter\u00e3o calor e mudan\u00e7a no tempo no fim de semana, com previs\u00e3o de chuva forte, trovoadas e ventos nos Campos Gerais.\",\"breadcrumb\":{\"@id\":\"https:\\\/\\\/mznoticia.com.br\\\/jaguariaiva\\\/ponta-grossa-e-regiao-terao-calor-e-chuva-forte-no-fim-de-semana\\\/#breadcrumb\"},\"inLanguage\":\"pt-BR\",\"potentialAction\":[{\"@type\":\"ReadAction\",\"target\":[\"https:\\\/\\\/mznoticia.com.br\\\/jaguariaiva\\\/ponta-grossa-e-regiao-terao-calor-e-chuva-forte-no-fim-de-semana\\\/\"]}]},{\"@type\":\"ImageObject\",\"inLanguage\":\"pt-BR\",\"@id\":\"https:\\\/\\\/mznoticia.com.br\\\/jaguariaiva\\\/ponta-grossa-e-regiao-terao-calor-e-chuva-forte-no-fim-de-semana\\\/#primaryimage\",\"url\":\"https:\\\/\\\/mznoticia.com.br\\\/jaguariaiva\\\/wp-content\\\/uploads\\\/2026\\\/08\\\/100-3.avif\",\"contentUrl\":\"https:\\\/\\\/mznoticia.com.br\\\/jaguariaiva\\\/wp-content\\\/uploads\\\/2026\\\/08\\\/100-3.avif\",\"width\":984,\"height\":655},{\"@type\":\"BreadcrumbList\",\"@id\":\"https:\\\/\\\/mznoticia.com.br\\\/jaguariaiva\\\/ponta-grossa-e-regiao-terao-calor-e-chuva-forte-no-fim-de-semana\\\/#breadcrumb\",\"itemListElement\":[{\"@type\":\"ListItem\",\"position\":1,\"name\":\"Home\",\"item\":\"https:\\\/\\\/mznoticia.com.br\\\/jaguariaiva\\\/\"},{\"@type\":\"ListItem\",\"position\":2,\"name\":\"Ponta Grossa e regi\u00e3o ter\u00e3o calor e chuva forte no fim de semana\"}]},{\"@type\":\"WebSite\",\"@id\":\"https:\\\/\\\/mznoticia.com.br\\\/jaguariaiva\\\/#website\",\"url\":\"https:\\\/\\\/mznoticia.com.br\\\/jaguariaiva\\\/\",\"name\":\"Mz Not\u00edcia\",\"description\":\"A informa\u00e7\u00e3o que voc\u00ea precisa na hora certa!\",\"publisher\":{\"@id\":\"https:\\\/\\\/mznoticia.com.br\\\/jaguariaiva\\\/#organization\"},\"potentialAction\":[{\"@type\":\"SearchAction\",\"target\":{\"@type\":\"EntryPoint\",\"urlTemplate\":\"https:\\\/\\\/mznoticia.com.br\\\/jaguariaiva\\\/?s={search_term_string}\"},\"query-input\":{\"@type\":\"PropertyValueSpecification\",\"valueRequired\":true,\"valueName\":\"search_term_string\"}}],\"inLanguage\":\"pt-BR\"},{\"@type\":\"Organization\",\"@id\":\"https:\\\/\\\/mznoticia.com.br\\\/jaguariaiva\\\/#organization\",\"name\":\"Mz Not\u00edcia\",\"url\":\"https:\\\/\\\/mznoticia.com.br\\\/jaguariaiva\\\/\",\"logo\":{\"@type\":\"ImageObject\",\"inLanguage\":\"pt-BR\",\"@id\":\"https:\\\/\\\/mznoticia.com.br\\\/jaguariaiva\\\/#\\\/schema\\\/logo\\\/image\\\/\",\"url\":\"https:\\\/\\\/mznoticia.com.br\\\/jaguariaiva\\\/wp-content\\\/uploads\\\/2025\\\/03\\\/Design-sem-nome-4-e1741200616392.png\",\"contentUrl\":\"https:\\\/\\\/mznoticia.com.br\\\/jaguariaiva\\\/wp-content\\\/uploads\\\/2025\\\/03\\\/Design-sem-nome-4-e1741200616392.png\",\"width\":750,\"height\":563,\"caption\":\"Mz Not\u00edcia\"},\"image\":{\"@id\":\"https:\\\/\\\/mznoticia.com.br\\\/jaguariaiva\\\/#\\\/schema\\\/logo\\\/image\\\/\"},\"sameAs\":[\"https:\\\/\\\/www.facebook.com\\\/profile.php?id=61573479951222\",\"https:\\\/\\\/www.instagram.com\\\/mz.jaguariaiva\\\/\"]},{\"@type\":\"Person\",\"@id\":\"https:\\\/\\\/mznoticia.com.br\\\/jaguariaiva\\\/#\\\/schema\\\/person\\\/84012d827247b3f42f37b550da79cd03\",\"name\":\"Redacao mz\",\"image\":{\"@type\":\"ImageObject\",\"inLanguage\":\"pt-BR\",\"@id\":\"https:\\\/\\\/mznoticia.com.br\\\/jaguariaiva\\\/wp-content\\\/uploads\\\/2025\\\/02\\\/mznoticia_jaguariaiva_coluna-150x150.png\",\"url\":\"https:\\\/\\\/mznoticia.com.br\\\/jaguariaiva\\\/wp-content\\\/uploads\\\/2025\\\/02\\\/mznoticia_jaguariaiva_coluna-150x150.png\",\"contentUrl\":\"https:\\\/\\\/mznoticia.com.br\\\/jaguariaiva\\\/wp-content\\\/uploads\\\/2025\\\/02\\\/mznoticia_jaguariaiva_coluna-150x150.png\",\"caption\":\"Redacao mz\"},\"sameAs\":[\"http:\\\/\\\/mznoticia.com.br\"],\"url\":\"https:\\\/\\\/mznoticia.com.br\\\/jaguariaiva\\\/author\\\/lucimara\\\/\"}]}<\/script>\n<!-- \/ Yoast SEO plugin. -->","yoast_head_json":{"title":"Ponta Grossa e regi\u00e3o ter\u00e3o calor e chuva forte no fim de semana - Mz Not\u00edcias","description":"Ponta Grossa e regi\u00e3o ter\u00e3o calor e mudan\u00e7a no tempo no fim de semana, com previs\u00e3o de chuva forte, trovoadas e ventos nos Campos Gerais.","robots":{"index":"index","follow":"follow","max-snippet":"max-snippet:-1","max-image-preview":"max-image-preview:large","max-video-preview":"max-video-preview:-1"},"canonical":"https:\/\/mznoticia.com.br\/jaguariaiva\/ponta-grossa-e-regiao-terao-calor-e-chuva-forte-no-fim-de-semana\/","og_locale":"pt_BR","og_type":"article","og_title":"Ponta Grossa e regi\u00e3o ter\u00e3o calor e chuva forte no fim de semana - Mz Not\u00edcias","og_description":"Ponta Grossa e regi\u00e3o ter\u00e3o calor e mudan\u00e7a no tempo no fim de semana, com previs\u00e3o de chuva forte, trovoadas e ventos nos Campos Gerais.","og_url":"https:\/\/mznoticia.com.br\/jaguariaiva\/ponta-grossa-e-regiao-terao-calor-e-chuva-forte-no-fim-de-semana\/","og_site_name":"Mz Not\u00edcias","article_publisher":"https:\/\/www.facebook.com\/profile.php?id=61573479951222","article_published_time":"2026-08-27T17:23:17+00:00","author":"Redacao mz","twitter_card":"summary_large_image","twitter_misc":{"Escrito por":"Redacao mz","Est. tempo de leitura":"2 minutos"},"schema":{"@context":"https:\/\/schema.org","@graph":[{"@type":"Article","@id":"https:\/\/mznoticia.com.br\/jaguariaiva\/ponta-grossa-e-regiao-terao-calor-e-chuva-forte-no-fim-de-semana\/#article","isPartOf":{"@id":"https:\/\/mznoticia.com.br\/jaguariaiva\/ponta-grossa-e-regiao-terao-calor-e-chuva-forte-no-fim-de-semana\/"},"author":{"name":"Redacao mz","@id":"https:\/\/mznoticia.com.br\/jaguariaiva\/#\/schema\/person\/84012d827247b3f42f37b550da79cd03"},"headline":"Ponta Grossa e regi\u00e3o ter\u00e3o calor e chuva forte no fim de semana","datePublished":"2026-08-27T17:23:17+00:00","mainEntityOfPage":{"@id":"https:\/\/mznoticia.com.br\/jaguariaiva\/ponta-grossa-e-regiao-terao-calor-e-chuva-forte-no-fim-de-semana\/"},"wordCount":259,"commentCount":0,"publisher":{"@id":"https:\/\/mznoticia.com.br\/jaguariaiva\/#organization"},"image":{"@id":"https:\/\/mznoticia.com.br\/jaguariaiva\/ponta-grossa-e-regiao-terao-calor-e-chuva-forte-no-fim-de-semana\/#primaryimage"},"thumbnailUrl":"https:\/\/mznoticia.com.br\/jaguariaiva\/wp-content\/uploads\/2026\/08\/100-3.avif","keywords":["Campos Gerais","chuva","Clima","fim de semana","Frente Fria","Meteorologia","parana","Ponta Grossa","Previs\u00e3o do Tempo","Temporal"],"articleSection":["Campos Gerais"],"inLanguage":"pt-BR","potentialAction":[{"@type":"CommentAction","name":"Comment","target":["https:\/\/mznoticia.com.br\/jaguariaiva\/ponta-grossa-e-regiao-terao-calor-e-chuva-forte-no-fim-de-semana\/#respond"]}]},{"@type":"WebPage","@id":"https:\/\/mznoticia.com.br\/jaguariaiva\/ponta-grossa-e-regiao-terao-calor-e-chuva-forte-no-fim-de-semana\/","url":"https:\/\/mznoticia.com.br\/jaguariaiva\/ponta-grossa-e-regiao-terao-calor-e-chuva-forte-no-fim-de-semana\/","name":"Ponta Grossa e regi\u00e3o ter\u00e3o calor e chuva forte no fim de semana - Mz Not\u00edcias","isPartOf":{"@id":"https:\/\/mznoticia.com.br\/jaguariaiva\/#website"},"primaryImageOfPage":{"@id":"https:\/\/mznoticia.com.br\/jaguariaiva\/ponta-grossa-e-regiao-terao-calor-e-chuva-forte-no-fim-de-semana\/#primaryimage"},"image":{"@id":"https:\/\/mznoticia.com.br\/jaguariaiva\/ponta-grossa-e-regiao-terao-calor-e-chuva-forte-no-fim-de-semana\/#primaryimage"},"thumbnailUrl":"https:\/\/mznoticia.com.br\/jaguariaiva\/wp-content\/uploads\/2026\/08\/100-3.avif","datePublished":"2026-08-27T17:23:17+00:00","description":"Ponta Grossa e regi\u00e3o ter\u00e3o calor e mudan\u00e7a no tempo no fim de semana, com previs\u00e3o de chuva forte, trovoadas e ventos nos Campos Gerais.","breadcrumb":{"@id":"https:\/\/mznoticia.com.br\/jaguariaiva\/ponta-grossa-e-regiao-terao-calor-e-chuva-forte-no-fim-de-semana\/#breadcrumb"},"inLanguage":"pt-BR","potentialAction":[{"@type":"ReadAction","target":["https:\/\/mznoticia.com.br\/jaguariaiva\/ponta-grossa-e-regiao-terao-calor-e-chuva-forte-no-fim-de-semana\/"]}]},{"@type":"ImageObject","inLanguage":"pt-BR","@id":"https:\/\/mznoticia.com.br\/jaguariaiva\/ponta-grossa-e-regiao-terao-calor-e-chuva-forte-no-fim-de-semana\/#primaryimage","url":"https:\/\/mznoticia.com.br\/jaguariaiva\/wp-content\/uploads\/2026\/08\/100-3.avif","contentUrl":"https:\/\/mznoticia.com.br\/jaguariaiva\/wp-content\/uploads\/2026\/08\/100-3.avif","width":984,"height":655},{"@type":"BreadcrumbList","@id":"https:\/\/mznoticia.com.br\/jaguariaiva\/ponta-grossa-e-regiao-terao-calor-e-chuva-forte-no-fim-de-semana\/#breadcrumb","itemListElement":[{"@type":"ListItem","position":1,"name":"Home","item":"https:\/\/mznoticia.com.br\/jaguariaiva\/"},{"@type":"ListItem","position":2,"name":"Ponta Grossa e regi\u00e3o ter\u00e3o calor e chuva forte no fim de semana"}]},{"@type":"WebSite","@id":"https:\/\/mznoticia.com.br\/jaguariaiva\/#website","url":"https:\/\/mznoticia.com.br\/jaguariaiva\/","name":"Mz Not\u00edcia","description":"A informa\u00e7\u00e3o que voc\u00ea precisa na hora certa!","publisher":{"@id":"https:\/\/mznoticia.com.br\/jaguariaiva\/#organization"},"potentialAction":[{"@type":"SearchAction","target":{"@type":"EntryPoint","urlTemplate":"https:\/\/mznoticia.com.br\/jaguariaiva\/?s={search_term_string}"},"query-input":{"@type":"PropertyValueSpecification","valueRequired":true,"valueName":"search_term_string"}}],"inLanguage":"pt-BR"},{"@type":"Organization","@id":"https:\/\/mznoticia.com.br\/jaguariaiva\/#organization","name":"Mz Not\u00edcia","url":"https:\/\/mznoticia.com.br\/jaguariaiva\/","logo":{"@type":"ImageObject","inLanguage":"pt-BR","@id":"https:\/\/mznoticia.com.br\/jaguariaiva\/#\/schema\/logo\/image\/","url":"https:\/\/mznoticia.com.br\/jaguariaiva\/wp-content\/uploads\/2025\/03\/Design-sem-nome-4-e1741200616392.png","contentUrl":"https:\/\/mznoticia.com.br\/jaguariaiva\/wp-content\/uploads\/2025\/03\/Design-sem-nome-4-e1741200616392.png","width":750,"height":563,"caption":"Mz Not\u00edcia"},"image":{"@id":"https:\/\/mznoticia.com.br\/jaguariaiva\/#\/schema\/logo\/image\/"},"sameAs":["https:\/\/www.facebook.com\/profile.php?id=61573479951222","https:\/\/www.instagram.com\/mz.jaguariaiva\/"]},{"@type":"Person","@id":"https:\/\/mznoticia.com.br\/jaguariaiva\/#\/schema\/person\/84012d827247b3f42f37b550da79cd03","name":"Redacao mz","image":{"@type":"ImageObject","inLanguage":"pt-BR","@id":"https:\/\/mznoticia.com.br\/jaguariaiva\/wp-content\/uploads\/2025\/02\/mznoticia_jaguariaiva_coluna-150x150.png","url":"https:\/\/mznoticia.com.br\/jaguariaiva\/wp-content\/uploads\/2025\/02\/mznoticia_jaguariaiva_coluna-150x150.png","contentUrl":"https:\/\/mznoticia.com.br\/jaguariaiva\/wp-content\/uploads\/2025\/02\/mznoticia_jaguariaiva_coluna-150x150.png","caption":"Redacao mz"},"sameAs":["http:\/\/mznoticia.com.br"],"url":"https:\/\/mznoticia.com.br\/jaguariaiva\/author\/lucimara\/"}]}},"_links":{"self":[{"href":"https:\/\/mznoticia.com.br\/jaguariaiva\/wp-json\/wp\/v2\/posts\/7194","targetHints":{"allow":["GET"]}}],"collection":[{"href":"https:\/\/mznoticia.com.br\/jaguariaiva\/wp-json\/wp\/v2\/posts"}],"about":[{"href":"https:\/\/mznoticia.com.br\/jaguariaiva\/wp-json\/wp\/v2\/types\/post"}],"author":[{"embeddable":true,"href":"https:\/\/mznoticia.com.br\/jaguariaiva\/wp-json\/wp\/v2\/users\/16"}],"replies":[{"embeddable":true,"href":"https:\/\/mznoticia.com.br\/jaguariaiva\/wp-json\/wp\/v2\/comments?post=7194"}],"version-history":[{"count":1,"href":"https:\/\/mznoticia.com.br\/jaguariaiva\/wp-json\/wp\/v2\/posts\/7194\/revisions"}],"predecessor-version":[{"id":7196,"href":"https:\/\/mznoticia.com.br\/jaguariaiva\/wp-json\/wp\/v2\/posts\/7194\/revisions\/7196"}],"wp:featuredmedia":[{"embeddable":true,"href":"https:\/\/mznoticia.com.br\/jaguariaiva\/wp-json\/wp\/v2\/media\/7195"}],"wp:attachment":[{"href":"https:\/\/mznoticia.com.br\/jaguariaiva\/wp-json\/wp\/v2\/media?parent=7194"}],"wp:term":[{"taxonomy":"category","embeddable":true,"href":"https:\/\/mznoticia.com.br\/jaguariaiva\/wp-json\/wp\/v2\/categories?post=7194"},{"taxonomy":"post_tag","embeddable":true,"href":"https:\/\/mznoticia.com.br\/jaguariaiva\/wp-json\/wp\/v2\/tags?post=7194"}],"curies":[{"name":"wp","href":"https:\/\/api.w.org\/{rel}","templated":true}]}}