{"id":7204,"date":"2026-08-27T18:21:19","date_gmt":"2026-08-27T18:21:19","guid":{"rendered":"https:\/\/mznoticia.com.br\/jaguariaiva\/?p=7204"},"modified":"2026-08-27T18:21:19","modified_gmt":"2026-08-27T18:21:19","slug":"fim-da-escala-6x1-omar-aziz-mantem-texto-aprovado-pela-camara-para-acelerar-votacao","status":"publish","type":"post","link":"https:\/\/mznoticia.com.br\/jaguariaiva\/fim-da-escala-6x1-omar-aziz-mantem-texto-aprovado-pela-camara-para-acelerar-votacao\/","title":{"rendered":"Fim da escala 6&#215;1: Omar Aziz mant\u00e9m texto aprovado pela C\u00e2mara para acelerar vota\u00e7\u00e3o"},"content":{"rendered":"<p class=\"isSelectedEnd\">Relator da PEC rejeitou mudan\u00e7as apresentadas por senadores e manteve a proposta de jornada de 40 horas semanais, com dois dias de descanso. Texto ser\u00e1 analisado pela CCJ na pr\u00f3xima semana.<\/p>\n<h2>Aziz mant\u00e9m texto da C\u00e2mara<\/h2>\n<p class=\"isSelectedEnd\">O senador Omar Aziz (PSD-AM) apresentou nesta quinta-feira (27) \u00e0 Comiss\u00e3o de Constitui\u00e7\u00e3o e Justi\u00e7a (CCJ) do Senado relat\u00f3rio favor\u00e1vel \u00e0 Proposta de Emenda \u00e0 Constitui\u00e7\u00e3o (PEC) que prev\u00ea o fim da escala 6&#215;1.<\/p>\n<p class=\"isSelectedEnd\">No parecer, o relator decidiu manter o mesmo texto j\u00e1 aprovado pela C\u00e2mara dos Deputados. A estrat\u00e9gia busca acelerar a tramita\u00e7\u00e3o da proposta no Senado em um ano eleitoral.<\/p>\n<p class=\"isSelectedEnd\">Aziz rejeitou todas as altera\u00e7\u00f5es apresentadas por senadores, incluindo as propostas para manter a jornada de 44 horas semanais, defendidas por integrantes da bancada do PL.<\/p>\n<p class=\"isSelectedEnd\">A previs\u00e3o \u00e9 que a CCJ vote o relat\u00f3rio na pr\u00f3xima semana. A tramita\u00e7\u00e3o foi destravada pelo presidente do Senado, Davi Alcolumbre (Uni\u00e3o Brasil-AP), que se reaproximou do presidente Luiz In\u00e1cio Lula da Silva nas \u00faltimas semanas.<\/p>\n<p class=\"isSelectedEnd\">Apesar disso, Alcolumbre n\u00e3o garantiu, ap\u00f3s reuni\u00e3o com Lula e o presidente da C\u00e2mara, Hugo Motta, nesta quarta-feira (26), que a PEC ser\u00e1 encaminhada ao plen\u00e1rio principal do Senado j\u00e1 na pr\u00f3xima semana.<\/p>\n<p class=\"isSelectedEnd\">Aliados do presidente Lula pressionam os senadores para que a vota\u00e7\u00e3o no plen\u00e1rio ocorra no mesmo dia.<\/p>\n<h2>Como ser\u00e1 a vota\u00e7\u00e3o no Senado<\/h2>\n<p class=\"isSelectedEnd\">Para ser aprovada, uma PEC precisa primeiro passar pela CCJ e depois ser votada em dois turnos no plen\u00e1rio do Senado.<\/p>\n<p class=\"isSelectedEnd\">Ap\u00f3s a vota\u00e7\u00e3o em primeiro turno, o regimento prev\u00ea um intervalo de cinco dias \u00fateis antes da segunda vota\u00e7\u00e3o.<\/p>\n<p class=\"isSelectedEnd\">Aliados de Lula, no entanto, argumentam que, havendo vontade pol\u00edtica, os prazos regimentais podem n\u00e3o precisar ser cumpridos integralmente. Os senadores citam precedentes em que propostas foram votadas em dois turnos de forma consecutiva.<\/p>\n<p class=\"isSelectedEnd\">Caso o parecer de Aziz seja aprovado pelo plen\u00e1rio do Senado sem altera\u00e7\u00f5es, a proposta n\u00e3o precisar\u00e1 retornar \u00e0 C\u00e2mara dos Deputados, j\u00e1 que n\u00e3o ter\u00e1 sofrido modifica\u00e7\u00f5es. Nesse cen\u00e1rio, o texto poder\u00e1 ser promulgado pelo Congresso Nacional.<\/p>\n<h2>O que prev\u00ea a PEC do fim da escala 6&#215;1<\/h2>\n<p class=\"isSelectedEnd\">A proposta estabelece a redu\u00e7\u00e3o da jornada semanal de trabalho de 44 para 40 horas. Os limites de at\u00e9 oito horas di\u00e1rias de trabalho seriam mantidos.<\/p>\n<p class=\"isSelectedEnd\">A principal mudan\u00e7a prevista \u00e9 a garantia de dois dias de descanso por semana, sem redu\u00e7\u00e3o salarial. Preferencialmente, um desses dias dever\u00e1 ser o domingo.<\/p>\n<p class=\"isSelectedEnd\">Aziz manteve essas regras em seu relat\u00f3rio e tamb\u00e9m n\u00e3o alterou o per\u00edodo de transi\u00e7\u00e3o previsto na proposta.<\/p>\n<p class=\"isSelectedEnd\">Se aprovada, a redu\u00e7\u00e3o da jornada ocorreria em duas etapas:<\/p>\n<ul data-spread=\"false\">\n<li><strong>Em dois meses:<\/strong> a jornada semanal passaria para 42 horas, com dois dias de repouso semanal;<\/li>\n<li><strong>Em um ano:<\/strong> a jornada semanal seria reduzida para 40 horas.<\/li>\n<\/ul>\n<h2>Relator defende redu\u00e7\u00e3o da jornada<\/h2>\n<p class=\"isSelectedEnd\">No relat\u00f3rio, Omar Aziz defendeu a redu\u00e7\u00e3o da carga hor\u00e1ria de trabalho e destacou que a jornada de 44 horas semanais est\u00e1 em vigor h\u00e1 30 anos.<\/p>\n<p class=\"isSelectedEnd\">Segundo dados do Instituto de Pesquisa Econ\u00f4mica Aplicada (Ipea), a escala 6&#215;1 afeta principalmente trabalhadores de menor renda e menor escolaridade.<\/p>\n<p class=\"isSelectedEnd\">O senador argumentou que a redu\u00e7\u00e3o da jornada representa uma medida de justi\u00e7a distributiva, diante do impacto maior da jornada prolongada sobre esses grupos.<\/p>\n<h2>Senadores apresentaram 12 emendas<\/h2>\n<p class=\"isSelectedEnd\">Ao todo, foram apresentadas 12 emendas no Senado com o objetivo de modificar o texto da PEC que trata do fim da escala 6&#215;1.<\/p>\n<p class=\"isSelectedEnd\">Entre elas, tr\u00eas propostas buscavam manter a jornada de 44 horas semanais. As emendas foram apresentadas pelo senador Izalci Lucas (PL-DF) e rejeitadas por Aziz. O Partido Liberal \u00e9 contr\u00e1rio ao fim da escala 6&#215;1.<\/p>\n<p class=\"isSelectedEnd\">O senador Fl\u00e1vio Bolsonaro (PL), candidato \u00e0 Presid\u00eancia, tamb\u00e9m assinou, junto com outros integrantes do partido, uma PEC que prop\u00f5e um modelo de remunera\u00e7\u00e3o por hora trabalhada com jornada flex\u00edvel. Essa proposta, por\u00e9m, est\u00e1 parada no Senado.<\/p>\n<p>Outras emendas pretendiam ampliar o per\u00edodo de transi\u00e7\u00e3o para at\u00e9 quatro anos. As propostas foram apresentadas pelos senadores Hermer Klann (PL-SC) e Oriovisto Guimar\u00e3es (PSDB-PR) e tamb\u00e9m foram rejeitadas pelo relator.<\/p>\n","protected":false},"excerpt":{"rendered":"<p>Relator da PEC rejeitou mudan\u00e7as apresentadas por senadores e manteve a proposta de jornada de 40 horas semanais, com dois dias de descanso. Texto ser\u00e1 analisado pela CCJ na pr\u00f3xima semana. Aziz mant\u00e9m texto da C\u00e2mara O senador Omar Aziz (PSD-AM) apresentou nesta quinta-feira (27) \u00e0 Comiss\u00e3o de Constitui\u00e7\u00e3o e Justi\u00e7a (CCJ) do Senado relat\u00f3rio [&hellip;]<\/p>\n","protected":false},"author":18,"featured_media":7210,"comment_status":"open","ping_status":"open","sticky":false,"template":"","format":"standard","meta":{"footnotes":""},"categories":[5,132,12,7],"tags":[2896,447,2897,47,2892,2895,2893,2894,194,981,102],"class_list":["post-7204","post","type-post","status-publish","format-standard","has-post-thumbnail","hentry","category-brasil","category-economia","category-geral","category-politica","tag-40-horas","tag-camara-dos-deputados","tag-ccj","tag-destaque","tag-escala-6x1","tag-jornada-de-trabalho","tag-omar-aziz","tag-pec","tag-politica","tag-senado","tag-trabalho"],"yoast_head":"<!-- This site is optimized with the Yoast SEO plugin v28.1 - https:\/\/yoast.com\/product\/yoast-seo-wordpress\/ -->\n<title>Fim da escala 6x1: Omar Aziz mant\u00e9m texto aprovado pela C\u00e2mara para acelerar vota\u00e7\u00e3o - Mz Not\u00edcias<\/title>\n<meta name=\"description\" content=\"Omar Aziz mant\u00e9m no Senado o texto da PEC do fim da escala 6x1 aprovado pela C\u00e2mara. Proposta prev\u00ea jornada de 40 horas e dois dias de descanso semanal.\" \/>\n<meta name=\"robots\" content=\"index, follow, max-snippet:-1, max-image-preview:large, max-video-preview:-1\" \/>\n<link rel=\"canonical\" href=\"https:\/\/mznoticia.com.br\/jaguariaiva\/fim-da-escala-6x1-omar-aziz-mantem-texto-aprovado-pela-camara-para-acelerar-votacao\/\" \/>\n<meta property=\"og:locale\" content=\"pt_BR\" \/>\n<meta property=\"og:type\" content=\"article\" \/>\n<meta property=\"og:title\" content=\"Fim da escala 6x1: Omar Aziz mant\u00e9m texto aprovado pela C\u00e2mara para acelerar vota\u00e7\u00e3o - Mz Not\u00edcias\" \/>\n<meta property=\"og:description\" content=\"Omar Aziz mant\u00e9m no Senado o texto da PEC do fim da escala 6x1 aprovado pela C\u00e2mara. Proposta prev\u00ea jornada de 40 horas e dois dias de descanso semanal.\" \/>\n<meta property=\"og:url\" content=\"https:\/\/mznoticia.com.br\/jaguariaiva\/fim-da-escala-6x1-omar-aziz-mantem-texto-aprovado-pela-camara-para-acelerar-votacao\/\" \/>\n<meta property=\"og:site_name\" content=\"Mz Not\u00edcias\" \/>\n<meta property=\"article:publisher\" content=\"https:\/\/www.facebook.com\/profile.php?id=61573479951222\" \/>\n<meta property=\"article:published_time\" content=\"2026-08-27T18:21:19+00:00\" \/>\n<meta property=\"og:image\" content=\"https:\/\/mznoticia.com.br\/jaguariaiva\/wp-content\/uploads\/2026\/08\/6x1.jpg\" \/>\n\t<meta property=\"og:image:width\" content=\"656\" \/>\n\t<meta property=\"og:image:height\" content=\"467\" \/>\n\t<meta property=\"og:image:type\" content=\"image\/jpeg\" \/>\n<meta name=\"author\" content=\"Reda\u00e7\u00e3o MZ\" \/>\n<meta name=\"twitter:card\" content=\"summary_large_image\" \/>\n<meta name=\"twitter:label1\" content=\"Escrito por\" \/>\n\t<meta name=\"twitter:data1\" content=\"Reda\u00e7\u00e3o MZ\" \/>\n\t<meta name=\"twitter:label2\" content=\"Est. tempo de leitura\" \/>\n\t<meta name=\"twitter:data2\" content=\"4 minutos\" \/>\n<script type=\"application\/ld+json\" class=\"yoast-schema-graph\">{\"@context\":\"https:\\\/\\\/schema.org\",\"@graph\":[{\"@type\":\"Article\",\"@id\":\"https:\\\/\\\/mznoticia.com.br\\\/jaguariaiva\\\/fim-da-escala-6x1-omar-aziz-mantem-texto-aprovado-pela-camara-para-acelerar-votacao\\\/#article\",\"isPartOf\":{\"@id\":\"https:\\\/\\\/mznoticia.com.br\\\/jaguariaiva\\\/fim-da-escala-6x1-omar-aziz-mantem-texto-aprovado-pela-camara-para-acelerar-votacao\\\/\"},\"author\":{\"name\":\"Reda\u00e7\u00e3o MZ\",\"@id\":\"https:\\\/\\\/mznoticia.com.br\\\/jaguariaiva\\\/#\\\/schema\\\/person\\\/7ecde13ae5f5a92f0ff9b2155d7a6d6e\"},\"headline\":\"Fim da escala 6&#215;1: Omar Aziz mant\u00e9m texto aprovado pela C\u00e2mara para acelerar vota\u00e7\u00e3o\",\"datePublished\":\"2026-08-27T18:21:19+00:00\",\"mainEntityOfPage\":{\"@id\":\"https:\\\/\\\/mznoticia.com.br\\\/jaguariaiva\\\/fim-da-escala-6x1-omar-aziz-mantem-texto-aprovado-pela-camara-para-acelerar-votacao\\\/\"},\"wordCount\":722,\"commentCount\":0,\"publisher\":{\"@id\":\"https:\\\/\\\/mznoticia.com.br\\\/jaguariaiva\\\/#organization\"},\"image\":{\"@id\":\"https:\\\/\\\/mznoticia.com.br\\\/jaguariaiva\\\/fim-da-escala-6x1-omar-aziz-mantem-texto-aprovado-pela-camara-para-acelerar-votacao\\\/#primaryimage\"},\"thumbnailUrl\":\"https:\\\/\\\/mznoticia.com.br\\\/jaguariaiva\\\/wp-content\\\/uploads\\\/2026\\\/08\\\/6x1.jpg\",\"keywords\":[\"40 horas\",\"C\u00e2mara dos Deputados\",\"CCJ\",\"destaque\",\"Escala 6x1\",\"jornada de trabalho\",\"Omar Aziz\",\"PEC\",\"politica\",\"Senado\",\"trabalho\"],\"articleSection\":[\"Brasil\",\"Economia\",\"Geral\",\"Pol\u00edtica\"],\"inLanguage\":\"pt-BR\",\"potentialAction\":[{\"@type\":\"CommentAction\",\"name\":\"Comment\",\"target\":[\"https:\\\/\\\/mznoticia.com.br\\\/jaguariaiva\\\/fim-da-escala-6x1-omar-aziz-mantem-texto-aprovado-pela-camara-para-acelerar-votacao\\\/#respond\"]}]},{\"@type\":\"WebPage\",\"@id\":\"https:\\\/\\\/mznoticia.com.br\\\/jaguariaiva\\\/fim-da-escala-6x1-omar-aziz-mantem-texto-aprovado-pela-camara-para-acelerar-votacao\\\/\",\"url\":\"https:\\\/\\\/mznoticia.com.br\\\/jaguariaiva\\\/fim-da-escala-6x1-omar-aziz-mantem-texto-aprovado-pela-camara-para-acelerar-votacao\\\/\",\"name\":\"Fim da escala 6x1: Omar Aziz mant\u00e9m texto aprovado pela C\u00e2mara para acelerar vota\u00e7\u00e3o - Mz Not\u00edcias\",\"isPartOf\":{\"@id\":\"https:\\\/\\\/mznoticia.com.br\\\/jaguariaiva\\\/#website\"},\"primaryImageOfPage\":{\"@id\":\"https:\\\/\\\/mznoticia.com.br\\\/jaguariaiva\\\/fim-da-escala-6x1-omar-aziz-mantem-texto-aprovado-pela-camara-para-acelerar-votacao\\\/#primaryimage\"},\"image\":{\"@id\":\"https:\\\/\\\/mznoticia.com.br\\\/jaguariaiva\\\/fim-da-escala-6x1-omar-aziz-mantem-texto-aprovado-pela-camara-para-acelerar-votacao\\\/#primaryimage\"},\"thumbnailUrl\":\"https:\\\/\\\/mznoticia.com.br\\\/jaguariaiva\\\/wp-content\\\/uploads\\\/2026\\\/08\\\/6x1.jpg\",\"datePublished\":\"2026-08-27T18:21:19+00:00\",\"description\":\"Omar Aziz mant\u00e9m no Senado o texto da PEC do fim da escala 6x1 aprovado pela C\u00e2mara. Proposta prev\u00ea jornada de 40 horas e dois dias de descanso semanal.\",\"breadcrumb\":{\"@id\":\"https:\\\/\\\/mznoticia.com.br\\\/jaguariaiva\\\/fim-da-escala-6x1-omar-aziz-mantem-texto-aprovado-pela-camara-para-acelerar-votacao\\\/#breadcrumb\"},\"inLanguage\":\"pt-BR\",\"potentialAction\":[{\"@type\":\"ReadAction\",\"target\":[\"https:\\\/\\\/mznoticia.com.br\\\/jaguariaiva\\\/fim-da-escala-6x1-omar-aziz-mantem-texto-aprovado-pela-camara-para-acelerar-votacao\\\/\"]}]},{\"@type\":\"ImageObject\",\"inLanguage\":\"pt-BR\",\"@id\":\"https:\\\/\\\/mznoticia.com.br\\\/jaguariaiva\\\/fim-da-escala-6x1-omar-aziz-mantem-texto-aprovado-pela-camara-para-acelerar-votacao\\\/#primaryimage\",\"url\":\"https:\\\/\\\/mznoticia.com.br\\\/jaguariaiva\\\/wp-content\\\/uploads\\\/2026\\\/08\\\/6x1.jpg\",\"contentUrl\":\"https:\\\/\\\/mznoticia.com.br\\\/jaguariaiva\\\/wp-content\\\/uploads\\\/2026\\\/08\\\/6x1.jpg\",\"width\":656,\"height\":467},{\"@type\":\"BreadcrumbList\",\"@id\":\"https:\\\/\\\/mznoticia.com.br\\\/jaguariaiva\\\/fim-da-escala-6x1-omar-aziz-mantem-texto-aprovado-pela-camara-para-acelerar-votacao\\\/#breadcrumb\",\"itemListElement\":[{\"@type\":\"ListItem\",\"position\":1,\"name\":\"Home\",\"item\":\"https:\\\/\\\/mznoticia.com.br\\\/jaguariaiva\\\/\"},{\"@type\":\"ListItem\",\"position\":2,\"name\":\"Fim da escala 6&#215;1: Omar Aziz mant\u00e9m texto aprovado pela C\u00e2mara para acelerar vota\u00e7\u00e3o\"}]},{\"@type\":\"WebSite\",\"@id\":\"https:\\\/\\\/mznoticia.com.br\\\/jaguariaiva\\\/#website\",\"url\":\"https:\\\/\\\/mznoticia.com.br\\\/jaguariaiva\\\/\",\"name\":\"Mz Not\u00edcia\",\"description\":\"A informa\u00e7\u00e3o que voc\u00ea precisa na hora certa!\",\"publisher\":{\"@id\":\"https:\\\/\\\/mznoticia.com.br\\\/jaguariaiva\\\/#organization\"},\"potentialAction\":[{\"@type\":\"SearchAction\",\"target\":{\"@type\":\"EntryPoint\",\"urlTemplate\":\"https:\\\/\\\/mznoticia.com.br\\\/jaguariaiva\\\/?s={search_term_string}\"},\"query-input\":{\"@type\":\"PropertyValueSpecification\",\"valueRequired\":true,\"valueName\":\"search_term_string\"}}],\"inLanguage\":\"pt-BR\"},{\"@type\":\"Organization\",\"@id\":\"https:\\\/\\\/mznoticia.com.br\\\/jaguariaiva\\\/#organization\",\"name\":\"Mz Not\u00edcia\",\"url\":\"https:\\\/\\\/mznoticia.com.br\\\/jaguariaiva\\\/\",\"logo\":{\"@type\":\"ImageObject\",\"inLanguage\":\"pt-BR\",\"@id\":\"https:\\\/\\\/mznoticia.com.br\\\/jaguariaiva\\\/#\\\/schema\\\/logo\\\/image\\\/\",\"url\":\"https:\\\/\\\/mznoticia.com.br\\\/jaguariaiva\\\/wp-content\\\/uploads\\\/2025\\\/03\\\/Design-sem-nome-4-e1741200616392.png\",\"contentUrl\":\"https:\\\/\\\/mznoticia.com.br\\\/jaguariaiva\\\/wp-content\\\/uploads\\\/2025\\\/03\\\/Design-sem-nome-4-e1741200616392.png\",\"width\":750,\"height\":563,\"caption\":\"Mz Not\u00edcia\"},\"image\":{\"@id\":\"https:\\\/\\\/mznoticia.com.br\\\/jaguariaiva\\\/#\\\/schema\\\/logo\\\/image\\\/\"},\"sameAs\":[\"https:\\\/\\\/www.facebook.com\\\/profile.php?id=61573479951222\",\"https:\\\/\\\/www.instagram.com\\\/mz.jaguariaiva\\\/\"]},{\"@type\":\"Person\",\"@id\":\"https:\\\/\\\/mznoticia.com.br\\\/jaguariaiva\\\/#\\\/schema\\\/person\\\/7ecde13ae5f5a92f0ff9b2155d7a6d6e\",\"name\":\"Reda\u00e7\u00e3o MZ\",\"image\":{\"@type\":\"ImageObject\",\"inLanguage\":\"pt-BR\",\"@id\":\"https:\\\/\\\/mznoticia.com.br\\\/jaguariaiva\\\/wp-content\\\/uploads\\\/2025\\\/02\\\/mznoticia_jaguariaiva_coluna-150x150.png\",\"url\":\"https:\\\/\\\/mznoticia.com.br\\\/jaguariaiva\\\/wp-content\\\/uploads\\\/2025\\\/02\\\/mznoticia_jaguariaiva_coluna-150x150.png\",\"contentUrl\":\"https:\\\/\\\/mznoticia.com.br\\\/jaguariaiva\\\/wp-content\\\/uploads\\\/2025\\\/02\\\/mznoticia_jaguariaiva_coluna-150x150.png\",\"caption\":\"Reda\u00e7\u00e3o MZ\"},\"url\":\"https:\\\/\\\/mznoticia.com.br\\\/jaguariaiva\\\/author\\\/yan\\\/\"}]}<\/script>\n<!-- \/ Yoast SEO plugin. -->","yoast_head_json":{"title":"Fim da escala 6x1: Omar Aziz mant\u00e9m texto aprovado pela C\u00e2mara para acelerar vota\u00e7\u00e3o - Mz Not\u00edcias","description":"Omar Aziz mant\u00e9m no Senado o texto da PEC do fim da escala 6x1 aprovado pela C\u00e2mara. Proposta prev\u00ea jornada de 40 horas e dois dias de descanso semanal.","robots":{"index":"index","follow":"follow","max-snippet":"max-snippet:-1","max-image-preview":"max-image-preview:large","max-video-preview":"max-video-preview:-1"},"canonical":"https:\/\/mznoticia.com.br\/jaguariaiva\/fim-da-escala-6x1-omar-aziz-mantem-texto-aprovado-pela-camara-para-acelerar-votacao\/","og_locale":"pt_BR","og_type":"article","og_title":"Fim da escala 6x1: Omar Aziz mant\u00e9m texto aprovado pela C\u00e2mara para acelerar vota\u00e7\u00e3o - Mz Not\u00edcias","og_description":"Omar Aziz mant\u00e9m no Senado o texto da PEC do fim da escala 6x1 aprovado pela C\u00e2mara. Proposta prev\u00ea jornada de 40 horas e dois dias de descanso semanal.","og_url":"https:\/\/mznoticia.com.br\/jaguariaiva\/fim-da-escala-6x1-omar-aziz-mantem-texto-aprovado-pela-camara-para-acelerar-votacao\/","og_site_name":"Mz Not\u00edcias","article_publisher":"https:\/\/www.facebook.com\/profile.php?id=61573479951222","article_published_time":"2026-08-27T18:21:19+00:00","og_image":[{"width":656,"height":467,"url":"https:\/\/mznoticia.com.br\/jaguariaiva\/wp-content\/uploads\/2026\/08\/6x1.jpg","type":"image\/jpeg"}],"author":"Reda\u00e7\u00e3o MZ","twitter_card":"summary_large_image","twitter_misc":{"Escrito por":"Reda\u00e7\u00e3o MZ","Est. tempo de leitura":"4 minutos"},"schema":{"@context":"https:\/\/schema.org","@graph":[{"@type":"Article","@id":"https:\/\/mznoticia.com.br\/jaguariaiva\/fim-da-escala-6x1-omar-aziz-mantem-texto-aprovado-pela-camara-para-acelerar-votacao\/#article","isPartOf":{"@id":"https:\/\/mznoticia.com.br\/jaguariaiva\/fim-da-escala-6x1-omar-aziz-mantem-texto-aprovado-pela-camara-para-acelerar-votacao\/"},"author":{"name":"Reda\u00e7\u00e3o MZ","@id":"https:\/\/mznoticia.com.br\/jaguariaiva\/#\/schema\/person\/7ecde13ae5f5a92f0ff9b2155d7a6d6e"},"headline":"Fim da escala 6&#215;1: Omar Aziz mant\u00e9m texto aprovado pela C\u00e2mara para acelerar vota\u00e7\u00e3o","datePublished":"2026-08-27T18:21:19+00:00","mainEntityOfPage":{"@id":"https:\/\/mznoticia.com.br\/jaguariaiva\/fim-da-escala-6x1-omar-aziz-mantem-texto-aprovado-pela-camara-para-acelerar-votacao\/"},"wordCount":722,"commentCount":0,"publisher":{"@id":"https:\/\/mznoticia.com.br\/jaguariaiva\/#organization"},"image":{"@id":"https:\/\/mznoticia.com.br\/jaguariaiva\/fim-da-escala-6x1-omar-aziz-mantem-texto-aprovado-pela-camara-para-acelerar-votacao\/#primaryimage"},"thumbnailUrl":"https:\/\/mznoticia.com.br\/jaguariaiva\/wp-content\/uploads\/2026\/08\/6x1.jpg","keywords":["40 horas","C\u00e2mara dos Deputados","CCJ","destaque","Escala 6x1","jornada de trabalho","Omar Aziz","PEC","politica","Senado","trabalho"],"articleSection":["Brasil","Economia","Geral","Pol\u00edtica"],"inLanguage":"pt-BR","potentialAction":[{"@type":"CommentAction","name":"Comment","target":["https:\/\/mznoticia.com.br\/jaguariaiva\/fim-da-escala-6x1-omar-aziz-mantem-texto-aprovado-pela-camara-para-acelerar-votacao\/#respond"]}]},{"@type":"WebPage","@id":"https:\/\/mznoticia.com.br\/jaguariaiva\/fim-da-escala-6x1-omar-aziz-mantem-texto-aprovado-pela-camara-para-acelerar-votacao\/","url":"https:\/\/mznoticia.com.br\/jaguariaiva\/fim-da-escala-6x1-omar-aziz-mantem-texto-aprovado-pela-camara-para-acelerar-votacao\/","name":"Fim da escala 6x1: Omar Aziz mant\u00e9m texto aprovado pela C\u00e2mara para acelerar vota\u00e7\u00e3o - Mz Not\u00edcias","isPartOf":{"@id":"https:\/\/mznoticia.com.br\/jaguariaiva\/#website"},"primaryImageOfPage":{"@id":"https:\/\/mznoticia.com.br\/jaguariaiva\/fim-da-escala-6x1-omar-aziz-mantem-texto-aprovado-pela-camara-para-acelerar-votacao\/#primaryimage"},"image":{"@id":"https:\/\/mznoticia.com.br\/jaguariaiva\/fim-da-escala-6x1-omar-aziz-mantem-texto-aprovado-pela-camara-para-acelerar-votacao\/#primaryimage"},"thumbnailUrl":"https:\/\/mznoticia.com.br\/jaguariaiva\/wp-content\/uploads\/2026\/08\/6x1.jpg","datePublished":"2026-08-27T18:21:19+00:00","description":"Omar Aziz mant\u00e9m no Senado o texto da PEC do fim da escala 6x1 aprovado pela C\u00e2mara. Proposta prev\u00ea jornada de 40 horas e dois dias de descanso semanal.","breadcrumb":{"@id":"https:\/\/mznoticia.com.br\/jaguariaiva\/fim-da-escala-6x1-omar-aziz-mantem-texto-aprovado-pela-camara-para-acelerar-votacao\/#breadcrumb"},"inLanguage":"pt-BR","potentialAction":[{"@type":"ReadAction","target":["https:\/\/mznoticia.com.br\/jaguariaiva\/fim-da-escala-6x1-omar-aziz-mantem-texto-aprovado-pela-camara-para-acelerar-votacao\/"]}]},{"@type":"ImageObject","inLanguage":"pt-BR","@id":"https:\/\/mznoticia.com.br\/jaguariaiva\/fim-da-escala-6x1-omar-aziz-mantem-texto-aprovado-pela-camara-para-acelerar-votacao\/#primaryimage","url":"https:\/\/mznoticia.com.br\/jaguariaiva\/wp-content\/uploads\/2026\/08\/6x1.jpg","contentUrl":"https:\/\/mznoticia.com.br\/jaguariaiva\/wp-content\/uploads\/2026\/08\/6x1.jpg","width":656,"height":467},{"@type":"BreadcrumbList","@id":"https:\/\/mznoticia.com.br\/jaguariaiva\/fim-da-escala-6x1-omar-aziz-mantem-texto-aprovado-pela-camara-para-acelerar-votacao\/#breadcrumb","itemListElement":[{"@type":"ListItem","position":1,"name":"Home","item":"https:\/\/mznoticia.com.br\/jaguariaiva\/"},{"@type":"ListItem","position":2,"name":"Fim da escala 6&#215;1: Omar Aziz mant\u00e9m texto aprovado pela C\u00e2mara para acelerar vota\u00e7\u00e3o"}]},{"@type":"WebSite","@id":"https:\/\/mznoticia.com.br\/jaguariaiva\/#website","url":"https:\/\/mznoticia.com.br\/jaguariaiva\/","name":"Mz Not\u00edcia","description":"A informa\u00e7\u00e3o que voc\u00ea precisa na hora certa!","publisher":{"@id":"https:\/\/mznoticia.com.br\/jaguariaiva\/#organization"},"potentialAction":[{"@type":"SearchAction","target":{"@type":"EntryPoint","urlTemplate":"https:\/\/mznoticia.com.br\/jaguariaiva\/?s={search_term_string}"},"query-input":{"@type":"PropertyValueSpecification","valueRequired":true,"valueName":"search_term_string"}}],"inLanguage":"pt-BR"},{"@type":"Organization","@id":"https:\/\/mznoticia.com.br\/jaguariaiva\/#organization","name":"Mz Not\u00edcia","url":"https:\/\/mznoticia.com.br\/jaguariaiva\/","logo":{"@type":"ImageObject","inLanguage":"pt-BR","@id":"https:\/\/mznoticia.com.br\/jaguariaiva\/#\/schema\/logo\/image\/","url":"https:\/\/mznoticia.com.br\/jaguariaiva\/wp-content\/uploads\/2025\/03\/Design-sem-nome-4-e1741200616392.png","contentUrl":"https:\/\/mznoticia.com.br\/jaguariaiva\/wp-content\/uploads\/2025\/03\/Design-sem-nome-4-e1741200616392.png","width":750,"height":563,"caption":"Mz Not\u00edcia"},"image":{"@id":"https:\/\/mznoticia.com.br\/jaguariaiva\/#\/schema\/logo\/image\/"},"sameAs":["https:\/\/www.facebook.com\/profile.php?id=61573479951222","https:\/\/www.instagram.com\/mz.jaguariaiva\/"]},{"@type":"Person","@id":"https:\/\/mznoticia.com.br\/jaguariaiva\/#\/schema\/person\/7ecde13ae5f5a92f0ff9b2155d7a6d6e","name":"Reda\u00e7\u00e3o MZ","image":{"@type":"ImageObject","inLanguage":"pt-BR","@id":"https:\/\/mznoticia.com.br\/jaguariaiva\/wp-content\/uploads\/2025\/02\/mznoticia_jaguariaiva_coluna-150x150.png","url":"https:\/\/mznoticia.com.br\/jaguariaiva\/wp-content\/uploads\/2025\/02\/mznoticia_jaguariaiva_coluna-150x150.png","contentUrl":"https:\/\/mznoticia.com.br\/jaguariaiva\/wp-content\/uploads\/2025\/02\/mznoticia_jaguariaiva_coluna-150x150.png","caption":"Reda\u00e7\u00e3o MZ"},"url":"https:\/\/mznoticia.com.br\/jaguariaiva\/author\/yan\/"}]}},"_links":{"self":[{"href":"https:\/\/mznoticia.com.br\/jaguariaiva\/wp-json\/wp\/v2\/posts\/7204","targetHints":{"allow":["GET"]}}],"collection":[{"href":"https:\/\/mznoticia.com.br\/jaguariaiva\/wp-json\/wp\/v2\/posts"}],"about":[{"href":"https:\/\/mznoticia.com.br\/jaguariaiva\/wp-json\/wp\/v2\/types\/post"}],"author":[{"embeddable":true,"href":"https:\/\/mznoticia.com.br\/jaguariaiva\/wp-json\/wp\/v2\/users\/18"}],"replies":[{"embeddable":true,"href":"https:\/\/mznoticia.com.br\/jaguariaiva\/wp-json\/wp\/v2\/comments?post=7204"}],"version-history":[{"count":1,"href":"https:\/\/mznoticia.com.br\/jaguariaiva\/wp-json\/wp\/v2\/posts\/7204\/revisions"}],"predecessor-version":[{"id":7211,"href":"https:\/\/mznoticia.com.br\/jaguariaiva\/wp-json\/wp\/v2\/posts\/7204\/revisions\/7211"}],"wp:featuredmedia":[{"embeddable":true,"href":"https:\/\/mznoticia.com.br\/jaguariaiva\/wp-json\/wp\/v2\/media\/7210"}],"wp:attachment":[{"href":"https:\/\/mznoticia.com.br\/jaguariaiva\/wp-json\/wp\/v2\/media?parent=7204"}],"wp:term":[{"taxonomy":"category","embeddable":true,"href":"https:\/\/mznoticia.com.br\/jaguariaiva\/wp-json\/wp\/v2\/categories?post=7204"},{"taxonomy":"post_tag","embeddable":true,"href":"https:\/\/mznoticia.com.br\/jaguariaiva\/wp-json\/wp\/v2\/tags?post=7204"}],"curies":[{"name":"wp","href":"https:\/\/api.w.org\/{rel}","templated":true}]}}