{"id":7212,"date":"2026-08-27T18:31:39","date_gmt":"2026-08-27T18:31:39","guid":{"rendered":"https:\/\/mznoticia.com.br\/jaguariaiva\/?p=7212"},"modified":"2026-08-27T18:31:39","modified_gmt":"2026-08-27T18:31:39","slug":"horario-eleitoral-gratuito-comeca-nesta-sexta-feira-no-radio-e-na-tv","status":"publish","type":"post","link":"https:\/\/mznoticia.com.br\/jaguariaiva\/horario-eleitoral-gratuito-comeca-nesta-sexta-feira-no-radio-e-na-tv\/","title":{"rendered":"Hor\u00e1rio eleitoral gratuito come\u00e7a nesta sexta-feira no r\u00e1dio e na TV"},"content":{"rendered":"<p class=\"PDq2pG_selectionAnchorContainer\" data-start=\"73\" data-end=\"195\">Propaganda para as Elei\u00e7\u00f5es 2026 ser\u00e1 exibida de segunda a s\u00e1bado at\u00e9 1\u00ba de outubro, tr\u00eas dias antes do primeiro turno<\/p>\n<h3 data-section-id=\"1vqy81p\" data-start=\"197\" data-end=\"223\">Como ser\u00e1 a propaganda<\/h3>\n<p data-start=\"225\" data-end=\"455\">O hor\u00e1rio eleitoral gratuito para o primeiro turno das Elei\u00e7\u00f5es 2026 come\u00e7a nesta sexta-feira (28) no r\u00e1dio e na televis\u00e3o. A programa\u00e7\u00e3o seguir\u00e1 at\u00e9 1\u00ba de outubro, enquanto o primeiro turno est\u00e1 marcado para 4 de outubro.<\/p>\n<p data-start=\"457\" data-end=\"633\">Ser\u00e3o 50 minutos di\u00e1rios em rede, divididos em dois blocos de 25 minutos, al\u00e9m de 70 minutos destinados a inser\u00e7\u00f5es de 30 e 60 segundos, distribu\u00eddas entre 5h e meia-noite.<\/p>\n<h3 data-section-id=\"12vawib\" data-start=\"635\" data-end=\"666\">Divis\u00e3o entre os candidatos<\/h3>\n<p data-start=\"668\" data-end=\"870\">\u00c0s ter\u00e7as, quintas e s\u00e1bados, ser\u00e3o veiculadas propagandas para presidente e deputado federal. \u00c0s segundas, quartas e sextas, ser\u00e1 a vez dos candidatos a senador, deputado estadual e governador.<\/p>\n<p data-start=\"872\" data-end=\"1027\">No Paran\u00e1, a distribui\u00e7\u00e3o do tempo considera crit\u00e9rios definidos pela legisla\u00e7\u00e3o eleitoral, incluindo a representa\u00e7\u00e3o dos partidos na C\u00e2mara dos Deputados.<\/p>\n<h3 data-section-id=\"1jf4o6o\" data-start=\"1029\" data-end=\"1063\">Disputa pelo Governo do Paran\u00e1<\/h3>\n<p data-start=\"1065\" data-end=\"1293\">Na disputa pelo Governo do Paran\u00e1, Sandro Alex (PSD) ter\u00e1 6 minutos e 54 segundos de inser\u00e7\u00f5es di\u00e1rias. Requi\u00e3o Filho (PDT) ter\u00e1 3 minutos e 37 segundos, enquanto Sergio Moro (PL) contar\u00e1 com 3 minutos e 28 segundos.<\/p>\n<h3 data-section-id=\"9a0fn9\" data-start=\"1295\" data-end=\"1312\">Segundo turno<\/h3>\n<p data-start=\"1314\" data-end=\"1528\" data-is-last-node=\"\" data-is-only-node=\"\">Se houver segundo turno, marcado para 25 de outubro, a propaganda eleitoral ser\u00e1 exibida entre 9 e 23 de outubro. O tempo ser\u00e1 dividido igualmente entre os candidatos e partidos que permanecerem na disputa.<\/p>\n","protected":false},"excerpt":{"rendered":"<p>Propaganda para as Elei\u00e7\u00f5es 2026 ser\u00e1 exibida de segunda a s\u00e1bado at\u00e9 1\u00ba de outubro, tr\u00eas dias antes do primeiro turno Como ser\u00e1 a propaganda O hor\u00e1rio eleitoral gratuito para o primeiro turno das Elei\u00e7\u00f5es 2026 come\u00e7a nesta sexta-feira (28) no r\u00e1dio e na televis\u00e3o. A programa\u00e7\u00e3o seguir\u00e1 at\u00e9 1\u00ba de outubro, enquanto o primeiro [&hellip;]<\/p>\n","protected":false},"author":16,"featured_media":7213,"comment_status":"open","ping_status":"open","sticky":false,"template":"","format":"standard","meta":{"footnotes":""},"categories":[372],"tags":[1994,416,2474,77,194,1472,2898,2899,2900,1668],"class_list":["post-7212","post","type-post","status-publish","format-standard","has-post-thumbnail","hentry","category-eleicoes","tag-candidatos","tag-eleicoes-2026","tag-horario-eleitoral","tag-parana","tag-politica","tag-primeiro-turno","tag-propaganda-eleitoral","tag-radio","tag-televisao","tag-tre-pr"],"yoast_head":"<!-- This site is optimized with the Yoast SEO plugin v28.1 - https:\/\/yoast.com\/product\/yoast-seo-wordpress\/ -->\n<title>Hor\u00e1rio eleitoral gratuito come\u00e7a nesta sexta-feira no r\u00e1dio e na TV - Mz Not\u00edcias<\/title>\n<meta name=\"description\" content=\"Hor\u00e1rio eleitoral gratuito come\u00e7a nesta sexta-feira (28) no r\u00e1dio e na TV para as Elei\u00e7\u00f5es 2026 e segue at\u00e9 1\u00ba de outubro.\" \/>\n<meta name=\"robots\" content=\"index, follow, max-snippet:-1, max-image-preview:large, max-video-preview:-1\" \/>\n<link rel=\"canonical\" href=\"https:\/\/mznoticia.com.br\/jaguariaiva\/horario-eleitoral-gratuito-comeca-nesta-sexta-feira-no-radio-e-na-tv\/\" \/>\n<meta property=\"og:locale\" content=\"pt_BR\" \/>\n<meta property=\"og:type\" content=\"article\" \/>\n<meta property=\"og:title\" content=\"Hor\u00e1rio eleitoral gratuito come\u00e7a nesta sexta-feira no r\u00e1dio e na TV - Mz Not\u00edcias\" \/>\n<meta property=\"og:description\" content=\"Hor\u00e1rio eleitoral gratuito come\u00e7a nesta sexta-feira (28) no r\u00e1dio e na TV para as Elei\u00e7\u00f5es 2026 e segue at\u00e9 1\u00ba de outubro.\" \/>\n<meta property=\"og:url\" content=\"https:\/\/mznoticia.com.br\/jaguariaiva\/horario-eleitoral-gratuito-comeca-nesta-sexta-feira-no-radio-e-na-tv\/\" \/>\n<meta property=\"og:site_name\" content=\"Mz Not\u00edcias\" \/>\n<meta property=\"article:publisher\" content=\"https:\/\/www.facebook.com\/profile.php?id=61573479951222\" \/>\n<meta property=\"article:published_time\" content=\"2026-08-27T18:31:39+00:00\" \/>\n<meta property=\"og:image\" content=\"https:\/\/mznoticia.com.br\/jaguariaiva\/wp-content\/uploads\/2026\/08\/30-1.jpg\" \/>\n\t<meta property=\"og:image:width\" content=\"863\" \/>\n\t<meta property=\"og:image:height\" content=\"500\" \/>\n\t<meta property=\"og:image:type\" content=\"image\/jpeg\" \/>\n<meta name=\"author\" content=\"Redacao mz\" \/>\n<meta name=\"twitter:card\" content=\"summary_large_image\" \/>\n<meta name=\"twitter:label1\" content=\"Escrito por\" \/>\n\t<meta name=\"twitter:data1\" content=\"Redacao mz\" \/>\n\t<meta name=\"twitter:label2\" content=\"Est. tempo de leitura\" \/>\n\t<meta name=\"twitter:data2\" content=\"2 minutos\" \/>\n<script type=\"application\/ld+json\" class=\"yoast-schema-graph\">{\"@context\":\"https:\\\/\\\/schema.org\",\"@graph\":[{\"@type\":\"Article\",\"@id\":\"https:\\\/\\\/mznoticia.com.br\\\/jaguariaiva\\\/horario-eleitoral-gratuito-comeca-nesta-sexta-feira-no-radio-e-na-tv\\\/#article\",\"isPartOf\":{\"@id\":\"https:\\\/\\\/mznoticia.com.br\\\/jaguariaiva\\\/horario-eleitoral-gratuito-comeca-nesta-sexta-feira-no-radio-e-na-tv\\\/\"},\"author\":{\"name\":\"Redacao mz\",\"@id\":\"https:\\\/\\\/mznoticia.com.br\\\/jaguariaiva\\\/#\\\/schema\\\/person\\\/84012d827247b3f42f37b550da79cd03\"},\"headline\":\"Hor\u00e1rio eleitoral gratuito come\u00e7a nesta sexta-feira no r\u00e1dio e na TV\",\"datePublished\":\"2026-08-27T18:31:39+00:00\",\"mainEntityOfPage\":{\"@id\":\"https:\\\/\\\/mznoticia.com.br\\\/jaguariaiva\\\/horario-eleitoral-gratuito-comeca-nesta-sexta-feira-no-radio-e-na-tv\\\/\"},\"wordCount\":245,\"commentCount\":0,\"publisher\":{\"@id\":\"https:\\\/\\\/mznoticia.com.br\\\/jaguariaiva\\\/#organization\"},\"image\":{\"@id\":\"https:\\\/\\\/mznoticia.com.br\\\/jaguariaiva\\\/horario-eleitoral-gratuito-comeca-nesta-sexta-feira-no-radio-e-na-tv\\\/#primaryimage\"},\"thumbnailUrl\":\"https:\\\/\\\/mznoticia.com.br\\\/jaguariaiva\\\/wp-content\\\/uploads\\\/2026\\\/08\\\/30-1.jpg\",\"keywords\":[\"Candidatos\",\"Elei\u00e7\u00f5es 2026\",\"hor\u00e1rio eleitoral\",\"parana\",\"politica\",\"Primeiro Turno\",\"propaganda eleitoral\",\"r\u00e1dio\",\"televis\u00e3o\",\"TRE-PR\"],\"articleSection\":[\"Elei\u00e7\u00f5es\"],\"inLanguage\":\"pt-BR\",\"potentialAction\":[{\"@type\":\"CommentAction\",\"name\":\"Comment\",\"target\":[\"https:\\\/\\\/mznoticia.com.br\\\/jaguariaiva\\\/horario-eleitoral-gratuito-comeca-nesta-sexta-feira-no-radio-e-na-tv\\\/#respond\"]}]},{\"@type\":\"WebPage\",\"@id\":\"https:\\\/\\\/mznoticia.com.br\\\/jaguariaiva\\\/horario-eleitoral-gratuito-comeca-nesta-sexta-feira-no-radio-e-na-tv\\\/\",\"url\":\"https:\\\/\\\/mznoticia.com.br\\\/jaguariaiva\\\/horario-eleitoral-gratuito-comeca-nesta-sexta-feira-no-radio-e-na-tv\\\/\",\"name\":\"Hor\u00e1rio eleitoral gratuito come\u00e7a nesta sexta-feira no r\u00e1dio e na TV - Mz Not\u00edcias\",\"isPartOf\":{\"@id\":\"https:\\\/\\\/mznoticia.com.br\\\/jaguariaiva\\\/#website\"},\"primaryImageOfPage\":{\"@id\":\"https:\\\/\\\/mznoticia.com.br\\\/jaguariaiva\\\/horario-eleitoral-gratuito-comeca-nesta-sexta-feira-no-radio-e-na-tv\\\/#primaryimage\"},\"image\":{\"@id\":\"https:\\\/\\\/mznoticia.com.br\\\/jaguariaiva\\\/horario-eleitoral-gratuito-comeca-nesta-sexta-feira-no-radio-e-na-tv\\\/#primaryimage\"},\"thumbnailUrl\":\"https:\\\/\\\/mznoticia.com.br\\\/jaguariaiva\\\/wp-content\\\/uploads\\\/2026\\\/08\\\/30-1.jpg\",\"datePublished\":\"2026-08-27T18:31:39+00:00\",\"description\":\"Hor\u00e1rio eleitoral gratuito come\u00e7a nesta sexta-feira (28) no r\u00e1dio e na TV para as Elei\u00e7\u00f5es 2026 e segue at\u00e9 1\u00ba de outubro.\",\"breadcrumb\":{\"@id\":\"https:\\\/\\\/mznoticia.com.br\\\/jaguariaiva\\\/horario-eleitoral-gratuito-comeca-nesta-sexta-feira-no-radio-e-na-tv\\\/#breadcrumb\"},\"inLanguage\":\"pt-BR\",\"potentialAction\":[{\"@type\":\"ReadAction\",\"target\":[\"https:\\\/\\\/mznoticia.com.br\\\/jaguariaiva\\\/horario-eleitoral-gratuito-comeca-nesta-sexta-feira-no-radio-e-na-tv\\\/\"]}]},{\"@type\":\"ImageObject\",\"inLanguage\":\"pt-BR\",\"@id\":\"https:\\\/\\\/mznoticia.com.br\\\/jaguariaiva\\\/horario-eleitoral-gratuito-comeca-nesta-sexta-feira-no-radio-e-na-tv\\\/#primaryimage\",\"url\":\"https:\\\/\\\/mznoticia.com.br\\\/jaguariaiva\\\/wp-content\\\/uploads\\\/2026\\\/08\\\/30-1.jpg\",\"contentUrl\":\"https:\\\/\\\/mznoticia.com.br\\\/jaguariaiva\\\/wp-content\\\/uploads\\\/2026\\\/08\\\/30-1.jpg\",\"width\":863,\"height\":500},{\"@type\":\"BreadcrumbList\",\"@id\":\"https:\\\/\\\/mznoticia.com.br\\\/jaguariaiva\\\/horario-eleitoral-gratuito-comeca-nesta-sexta-feira-no-radio-e-na-tv\\\/#breadcrumb\",\"itemListElement\":[{\"@type\":\"ListItem\",\"position\":1,\"name\":\"Home\",\"item\":\"https:\\\/\\\/mznoticia.com.br\\\/jaguariaiva\\\/\"},{\"@type\":\"ListItem\",\"position\":2,\"name\":\"Hor\u00e1rio eleitoral gratuito come\u00e7a nesta sexta-feira no r\u00e1dio e na TV\"}]},{\"@type\":\"WebSite\",\"@id\":\"https:\\\/\\\/mznoticia.com.br\\\/jaguariaiva\\\/#website\",\"url\":\"https:\\\/\\\/mznoticia.com.br\\\/jaguariaiva\\\/\",\"name\":\"Mz Not\u00edcia\",\"description\":\"A informa\u00e7\u00e3o que voc\u00ea precisa na hora certa!\",\"publisher\":{\"@id\":\"https:\\\/\\\/mznoticia.com.br\\\/jaguariaiva\\\/#organization\"},\"potentialAction\":[{\"@type\":\"SearchAction\",\"target\":{\"@type\":\"EntryPoint\",\"urlTemplate\":\"https:\\\/\\\/mznoticia.com.br\\\/jaguariaiva\\\/?s={search_term_string}\"},\"query-input\":{\"@type\":\"PropertyValueSpecification\",\"valueRequired\":true,\"valueName\":\"search_term_string\"}}],\"inLanguage\":\"pt-BR\"},{\"@type\":\"Organization\",\"@id\":\"https:\\\/\\\/mznoticia.com.br\\\/jaguariaiva\\\/#organization\",\"name\":\"Mz Not\u00edcia\",\"url\":\"https:\\\/\\\/mznoticia.com.br\\\/jaguariaiva\\\/\",\"logo\":{\"@type\":\"ImageObject\",\"inLanguage\":\"pt-BR\",\"@id\":\"https:\\\/\\\/mznoticia.com.br\\\/jaguariaiva\\\/#\\\/schema\\\/logo\\\/image\\\/\",\"url\":\"https:\\\/\\\/mznoticia.com.br\\\/jaguariaiva\\\/wp-content\\\/uploads\\\/2025\\\/03\\\/Design-sem-nome-4-e1741200616392.png\",\"contentUrl\":\"https:\\\/\\\/mznoticia.com.br\\\/jaguariaiva\\\/wp-content\\\/uploads\\\/2025\\\/03\\\/Design-sem-nome-4-e1741200616392.png\",\"width\":750,\"height\":563,\"caption\":\"Mz Not\u00edcia\"},\"image\":{\"@id\":\"https:\\\/\\\/mznoticia.com.br\\\/jaguariaiva\\\/#\\\/schema\\\/logo\\\/image\\\/\"},\"sameAs\":[\"https:\\\/\\\/www.facebook.com\\\/profile.php?id=61573479951222\",\"https:\\\/\\\/www.instagram.com\\\/mz.jaguariaiva\\\/\"]},{\"@type\":\"Person\",\"@id\":\"https:\\\/\\\/mznoticia.com.br\\\/jaguariaiva\\\/#\\\/schema\\\/person\\\/84012d827247b3f42f37b550da79cd03\",\"name\":\"Redacao mz\",\"image\":{\"@type\":\"ImageObject\",\"inLanguage\":\"pt-BR\",\"@id\":\"https:\\\/\\\/mznoticia.com.br\\\/jaguariaiva\\\/wp-content\\\/uploads\\\/2025\\\/02\\\/mznoticia_jaguariaiva_coluna-150x150.png\",\"url\":\"https:\\\/\\\/mznoticia.com.br\\\/jaguariaiva\\\/wp-content\\\/uploads\\\/2025\\\/02\\\/mznoticia_jaguariaiva_coluna-150x150.png\",\"contentUrl\":\"https:\\\/\\\/mznoticia.com.br\\\/jaguariaiva\\\/wp-content\\\/uploads\\\/2025\\\/02\\\/mznoticia_jaguariaiva_coluna-150x150.png\",\"caption\":\"Redacao mz\"},\"sameAs\":[\"http:\\\/\\\/mznoticia.com.br\"],\"url\":\"https:\\\/\\\/mznoticia.com.br\\\/jaguariaiva\\\/author\\\/lucimara\\\/\"}]}<\/script>\n<!-- \/ Yoast SEO plugin. -->","yoast_head_json":{"title":"Hor\u00e1rio eleitoral gratuito come\u00e7a nesta sexta-feira no r\u00e1dio e na TV - Mz Not\u00edcias","description":"Hor\u00e1rio eleitoral gratuito come\u00e7a nesta sexta-feira (28) no r\u00e1dio e na TV para as Elei\u00e7\u00f5es 2026 e segue at\u00e9 1\u00ba de outubro.","robots":{"index":"index","follow":"follow","max-snippet":"max-snippet:-1","max-image-preview":"max-image-preview:large","max-video-preview":"max-video-preview:-1"},"canonical":"https:\/\/mznoticia.com.br\/jaguariaiva\/horario-eleitoral-gratuito-comeca-nesta-sexta-feira-no-radio-e-na-tv\/","og_locale":"pt_BR","og_type":"article","og_title":"Hor\u00e1rio eleitoral gratuito come\u00e7a nesta sexta-feira no r\u00e1dio e na TV - Mz Not\u00edcias","og_description":"Hor\u00e1rio eleitoral gratuito come\u00e7a nesta sexta-feira (28) no r\u00e1dio e na TV para as Elei\u00e7\u00f5es 2026 e segue at\u00e9 1\u00ba de outubro.","og_url":"https:\/\/mznoticia.com.br\/jaguariaiva\/horario-eleitoral-gratuito-comeca-nesta-sexta-feira-no-radio-e-na-tv\/","og_site_name":"Mz Not\u00edcias","article_publisher":"https:\/\/www.facebook.com\/profile.php?id=61573479951222","article_published_time":"2026-08-27T18:31:39+00:00","og_image":[{"width":863,"height":500,"url":"https:\/\/mznoticia.com.br\/jaguariaiva\/wp-content\/uploads\/2026\/08\/30-1.jpg","type":"image\/jpeg"}],"author":"Redacao mz","twitter_card":"summary_large_image","twitter_misc":{"Escrito por":"Redacao mz","Est. tempo de leitura":"2 minutos"},"schema":{"@context":"https:\/\/schema.org","@graph":[{"@type":"Article","@id":"https:\/\/mznoticia.com.br\/jaguariaiva\/horario-eleitoral-gratuito-comeca-nesta-sexta-feira-no-radio-e-na-tv\/#article","isPartOf":{"@id":"https:\/\/mznoticia.com.br\/jaguariaiva\/horario-eleitoral-gratuito-comeca-nesta-sexta-feira-no-radio-e-na-tv\/"},"author":{"name":"Redacao mz","@id":"https:\/\/mznoticia.com.br\/jaguariaiva\/#\/schema\/person\/84012d827247b3f42f37b550da79cd03"},"headline":"Hor\u00e1rio eleitoral gratuito come\u00e7a nesta sexta-feira no r\u00e1dio e na TV","datePublished":"2026-08-27T18:31:39+00:00","mainEntityOfPage":{"@id":"https:\/\/mznoticia.com.br\/jaguariaiva\/horario-eleitoral-gratuito-comeca-nesta-sexta-feira-no-radio-e-na-tv\/"},"wordCount":245,"commentCount":0,"publisher":{"@id":"https:\/\/mznoticia.com.br\/jaguariaiva\/#organization"},"image":{"@id":"https:\/\/mznoticia.com.br\/jaguariaiva\/horario-eleitoral-gratuito-comeca-nesta-sexta-feira-no-radio-e-na-tv\/#primaryimage"},"thumbnailUrl":"https:\/\/mznoticia.com.br\/jaguariaiva\/wp-content\/uploads\/2026\/08\/30-1.jpg","keywords":["Candidatos","Elei\u00e7\u00f5es 2026","hor\u00e1rio eleitoral","parana","politica","Primeiro Turno","propaganda eleitoral","r\u00e1dio","televis\u00e3o","TRE-PR"],"articleSection":["Elei\u00e7\u00f5es"],"inLanguage":"pt-BR","potentialAction":[{"@type":"CommentAction","name":"Comment","target":["https:\/\/mznoticia.com.br\/jaguariaiva\/horario-eleitoral-gratuito-comeca-nesta-sexta-feira-no-radio-e-na-tv\/#respond"]}]},{"@type":"WebPage","@id":"https:\/\/mznoticia.com.br\/jaguariaiva\/horario-eleitoral-gratuito-comeca-nesta-sexta-feira-no-radio-e-na-tv\/","url":"https:\/\/mznoticia.com.br\/jaguariaiva\/horario-eleitoral-gratuito-comeca-nesta-sexta-feira-no-radio-e-na-tv\/","name":"Hor\u00e1rio eleitoral gratuito come\u00e7a nesta sexta-feira no r\u00e1dio e na TV - Mz Not\u00edcias","isPartOf":{"@id":"https:\/\/mznoticia.com.br\/jaguariaiva\/#website"},"primaryImageOfPage":{"@id":"https:\/\/mznoticia.com.br\/jaguariaiva\/horario-eleitoral-gratuito-comeca-nesta-sexta-feira-no-radio-e-na-tv\/#primaryimage"},"image":{"@id":"https:\/\/mznoticia.com.br\/jaguariaiva\/horario-eleitoral-gratuito-comeca-nesta-sexta-feira-no-radio-e-na-tv\/#primaryimage"},"thumbnailUrl":"https:\/\/mznoticia.com.br\/jaguariaiva\/wp-content\/uploads\/2026\/08\/30-1.jpg","datePublished":"2026-08-27T18:31:39+00:00","description":"Hor\u00e1rio eleitoral gratuito come\u00e7a nesta sexta-feira (28) no r\u00e1dio e na TV para as Elei\u00e7\u00f5es 2026 e segue at\u00e9 1\u00ba de outubro.","breadcrumb":{"@id":"https:\/\/mznoticia.com.br\/jaguariaiva\/horario-eleitoral-gratuito-comeca-nesta-sexta-feira-no-radio-e-na-tv\/#breadcrumb"},"inLanguage":"pt-BR","potentialAction":[{"@type":"ReadAction","target":["https:\/\/mznoticia.com.br\/jaguariaiva\/horario-eleitoral-gratuito-comeca-nesta-sexta-feira-no-radio-e-na-tv\/"]}]},{"@type":"ImageObject","inLanguage":"pt-BR","@id":"https:\/\/mznoticia.com.br\/jaguariaiva\/horario-eleitoral-gratuito-comeca-nesta-sexta-feira-no-radio-e-na-tv\/#primaryimage","url":"https:\/\/mznoticia.com.br\/jaguariaiva\/wp-content\/uploads\/2026\/08\/30-1.jpg","contentUrl":"https:\/\/mznoticia.com.br\/jaguariaiva\/wp-content\/uploads\/2026\/08\/30-1.jpg","width":863,"height":500},{"@type":"BreadcrumbList","@id":"https:\/\/mznoticia.com.br\/jaguariaiva\/horario-eleitoral-gratuito-comeca-nesta-sexta-feira-no-radio-e-na-tv\/#breadcrumb","itemListElement":[{"@type":"ListItem","position":1,"name":"Home","item":"https:\/\/mznoticia.com.br\/jaguariaiva\/"},{"@type":"ListItem","position":2,"name":"Hor\u00e1rio eleitoral gratuito come\u00e7a nesta sexta-feira no r\u00e1dio e na TV"}]},{"@type":"WebSite","@id":"https:\/\/mznoticia.com.br\/jaguariaiva\/#website","url":"https:\/\/mznoticia.com.br\/jaguariaiva\/","name":"Mz Not\u00edcia","description":"A informa\u00e7\u00e3o que voc\u00ea precisa na hora certa!","publisher":{"@id":"https:\/\/mznoticia.com.br\/jaguariaiva\/#organization"},"potentialAction":[{"@type":"SearchAction","target":{"@type":"EntryPoint","urlTemplate":"https:\/\/mznoticia.com.br\/jaguariaiva\/?s={search_term_string}"},"query-input":{"@type":"PropertyValueSpecification","valueRequired":true,"valueName":"search_term_string"}}],"inLanguage":"pt-BR"},{"@type":"Organization","@id":"https:\/\/mznoticia.com.br\/jaguariaiva\/#organization","name":"Mz Not\u00edcia","url":"https:\/\/mznoticia.com.br\/jaguariaiva\/","logo":{"@type":"ImageObject","inLanguage":"pt-BR","@id":"https:\/\/mznoticia.com.br\/jaguariaiva\/#\/schema\/logo\/image\/","url":"https:\/\/mznoticia.com.br\/jaguariaiva\/wp-content\/uploads\/2025\/03\/Design-sem-nome-4-e1741200616392.png","contentUrl":"https:\/\/mznoticia.com.br\/jaguariaiva\/wp-content\/uploads\/2025\/03\/Design-sem-nome-4-e1741200616392.png","width":750,"height":563,"caption":"Mz Not\u00edcia"},"image":{"@id":"https:\/\/mznoticia.com.br\/jaguariaiva\/#\/schema\/logo\/image\/"},"sameAs":["https:\/\/www.facebook.com\/profile.php?id=61573479951222","https:\/\/www.instagram.com\/mz.jaguariaiva\/"]},{"@type":"Person","@id":"https:\/\/mznoticia.com.br\/jaguariaiva\/#\/schema\/person\/84012d827247b3f42f37b550da79cd03","name":"Redacao mz","image":{"@type":"ImageObject","inLanguage":"pt-BR","@id":"https:\/\/mznoticia.com.br\/jaguariaiva\/wp-content\/uploads\/2025\/02\/mznoticia_jaguariaiva_coluna-150x150.png","url":"https:\/\/mznoticia.com.br\/jaguariaiva\/wp-content\/uploads\/2025\/02\/mznoticia_jaguariaiva_coluna-150x150.png","contentUrl":"https:\/\/mznoticia.com.br\/jaguariaiva\/wp-content\/uploads\/2025\/02\/mznoticia_jaguariaiva_coluna-150x150.png","caption":"Redacao mz"},"sameAs":["http:\/\/mznoticia.com.br"],"url":"https:\/\/mznoticia.com.br\/jaguariaiva\/author\/lucimara\/"}]}},"_links":{"self":[{"href":"https:\/\/mznoticia.com.br\/jaguariaiva\/wp-json\/wp\/v2\/posts\/7212","targetHints":{"allow":["GET"]}}],"collection":[{"href":"https:\/\/mznoticia.com.br\/jaguariaiva\/wp-json\/wp\/v2\/posts"}],"about":[{"href":"https:\/\/mznoticia.com.br\/jaguariaiva\/wp-json\/wp\/v2\/types\/post"}],"author":[{"embeddable":true,"href":"https:\/\/mznoticia.com.br\/jaguariaiva\/wp-json\/wp\/v2\/users\/16"}],"replies":[{"embeddable":true,"href":"https:\/\/mznoticia.com.br\/jaguariaiva\/wp-json\/wp\/v2\/comments?post=7212"}],"version-history":[{"count":1,"href":"https:\/\/mznoticia.com.br\/jaguariaiva\/wp-json\/wp\/v2\/posts\/7212\/revisions"}],"predecessor-version":[{"id":7214,"href":"https:\/\/mznoticia.com.br\/jaguariaiva\/wp-json\/wp\/v2\/posts\/7212\/revisions\/7214"}],"wp:featuredmedia":[{"embeddable":true,"href":"https:\/\/mznoticia.com.br\/jaguariaiva\/wp-json\/wp\/v2\/media\/7213"}],"wp:attachment":[{"href":"https:\/\/mznoticia.com.br\/jaguariaiva\/wp-json\/wp\/v2\/media?parent=7212"}],"wp:term":[{"taxonomy":"category","embeddable":true,"href":"https:\/\/mznoticia.com.br\/jaguariaiva\/wp-json\/wp\/v2\/categories?post=7212"},{"taxonomy":"post_tag","embeddable":true,"href":"https:\/\/mznoticia.com.br\/jaguariaiva\/wp-json\/wp\/v2\/tags?post=7212"}],"curies":[{"name":"wp","href":"https:\/\/api.w.org\/{rel}","templated":true}]}}