{"id":7217,"date":"2026-08-27T19:13:53","date_gmt":"2026-08-27T19:13:53","guid":{"rendered":"https:\/\/mznoticia.com.br\/jaguariaiva\/?p=7217"},"modified":"2026-08-27T19:13:53","modified_gmt":"2026-08-27T19:13:53","slug":"candidato-leva-dedada-na-unb-e-afirma-ter-sofrido-importunacao-sexual","status":"publish","type":"post","link":"https:\/\/mznoticia.com.br\/jaguariaiva\/candidato-leva-dedada-na-unb-e-afirma-ter-sofrido-importunacao-sexual\/","title":{"rendered":"Candidato leva \u201cdedada\u201d na UnB e afirma ter sofrido importuna\u00e7\u00e3o sexual"},"content":{"rendered":"<p class=\"isSelectedEnd\">Wilker Le\u00e3o, candidato pelo Novo-DF, se envolveu em uma confus\u00e3o com estudantes da Universidade de Bras\u00edlia e afirmou nas redes sociais que reagiu ap\u00f3s ser alvo de um ato de natureza sexual n\u00e3o consentido.<\/p>\n<h2>Candidato se pronuncia ap\u00f3s confus\u00e3o na UnB<\/h2>\n<p class=\"isSelectedEnd\">O candidato a deputado federal pelo Novo-DF, Wilker Le\u00e3o, se pronunciou nesta quinta-feira (27) ap\u00f3s se envolver em uma confus\u00e3o com alunos da Universidade de Bras\u00edlia (UnB).<\/p>\n<p class=\"isSelectedEnd\">Nas redes sociais, o candidato afirmou que foi v\u00edtima de importuna\u00e7\u00e3o sexual e declarou que um estudante teria \u201cchutado na bunda\u201d. Um v\u00eddeo registrado na quarta-feira (27) mostra o momento em que Wilker recebe uma \u201cdedada\u201d de um aluno antes do in\u00edcio da troca de agress\u00f5es.<\/p>\n<p class=\"isSelectedEnd\">Ao comentar o epis\u00f3dio, Wilker afirmou que precisou \u201cdar uma li\u00e7\u00e3o num esquerdista\u201d. O candidato tamb\u00e9m disse estar sendo classificado como agressor e violento, mas alegou que a vers\u00e3o sobre o in\u00edcio da confus\u00e3o n\u00e3o estaria sendo apresentada.<\/p>\n<p class=\"isSelectedEnd\">\u201cEstou sendo taxado de agressor, de violento, mas n\u00e3o querem contar a verdade dessa hist\u00f3ria. Que esse esquerdista vagabundo veio me importunar sexualmente\u201d, afirmou.<\/p>\n<h2>Candidato tamb\u00e9m fala sobre estudante<\/h2>\n<p class=\"isSelectedEnd\">Em outro v\u00eddeo, no qual aparece conversando com integrantes da Pol\u00edcia Militar do Distrito Federal (PMDF), Wilker afirmou que o estudante teria \u201capanhado\u201d por ser \u201cgordo lento\u201d.<\/p>\n<p class=\"isSelectedEnd\">O epis\u00f3dio ocorreu ap\u00f3s uma confus\u00e3o envolvendo o candidato e alunos da Universidade de Bras\u00edlia.<\/p>\n<h2>Novo-DF publica nota de rep\u00fadio<\/h2>\n<p class=\"isSelectedEnd\">Ap\u00f3s o epis\u00f3dio, o diret\u00f3rio do Novo-DF publicou uma nota de rep\u00fadio. A legenda afirmou que Wilker teria sido \u201cv\u00edtima de um ato de natureza sexual n\u00e3o consentido\u201d, situa\u00e7\u00e3o que, segundo o partido, teria desencadeado uma rea\u00e7\u00e3o f\u00edsica por parte do candidato.<\/p>\n<p class=\"isSelectedEnd\">O partido destacou que situa\u00e7\u00f5es dessa natureza devem ser tratadas com seriedade e que eventuais responsabilidades individuais precisam ser apuradas pelas autoridades competentes.<\/p>\n<p class=\"isSelectedEnd\">A sigla tamb\u00e9m ressaltou a necessidade de respeito ao devido processo legal, ao contradit\u00f3rio e \u00e0 ampla defesa.<\/p>\n<p>O Novo-DF informou ainda que acompanha o andamento do caso e que sua assessoria jur\u00eddica adotar\u00e1 as medidas legais consideradas cab\u00edveis para esclarecer o ocorrido, proteger os direitos dos envolvidos e buscar a responsabiliza\u00e7\u00e3o por poss\u00edveis condutas il\u00edcitas.<\/p>\n","protected":false},"excerpt":{"rendered":"<p>Wilker Le\u00e3o, candidato pelo Novo-DF, se envolveu em uma confus\u00e3o com estudantes da Universidade de Bras\u00edlia e afirmou nas redes sociais que reagiu ap\u00f3s ser alvo de um ato de natureza sexual n\u00e3o consentido. Candidato se pronuncia ap\u00f3s confus\u00e3o na UnB O candidato a deputado federal pelo Novo-DF, Wilker Le\u00e3o, se pronunciou nesta quinta-feira (27) [&hellip;]<\/p>\n","protected":false},"author":18,"featured_media":7218,"comment_status":"open","ping_status":"open","sticky":false,"template":"","format":"standard","meta":{"footnotes":""},"categories":[5,372,12],"tags":[2905,47,1959,1659,2906,2902,194,2903,2904,2901],"class_list":["post-7217","post","type-post","status-publish","format-standard","has-post-thumbnail","hentry","category-brasil","category-eleicoes","category-geral","tag-deputado-federal","tag-destaque","tag-distrito-federal","tag-eleicoes","tag-importunacao-sexual","tag-novo-df","tag-politica","tag-unb","tag-universidade-de-brasilia","tag-wilker-leao"],"yoast_head":"<!-- This site is optimized with the Yoast SEO plugin v28.1 - https:\/\/yoast.com\/product\/yoast-seo-wordpress\/ -->\n<title>Candidato leva \u201cdedada\u201d na UnB e afirma ter sofrido importuna\u00e7\u00e3o sexual - Mz Not\u00edcias<\/title>\n<meta name=\"description\" content=\"Wilker Le\u00e3o, candidato a deputado federal pelo Novo-DF, afirmou ter sofrido importuna\u00e7\u00e3o sexual ap\u00f3s confus\u00e3o com estudante da UnB.\" \/>\n<meta name=\"robots\" content=\"index, follow, max-snippet:-1, max-image-preview:large, max-video-preview:-1\" \/>\n<link rel=\"canonical\" href=\"https:\/\/mznoticia.com.br\/jaguariaiva\/candidato-leva-dedada-na-unb-e-afirma-ter-sofrido-importunacao-sexual\/\" \/>\n<meta property=\"og:locale\" content=\"pt_BR\" \/>\n<meta property=\"og:type\" content=\"article\" \/>\n<meta property=\"og:title\" content=\"Candidato leva \u201cdedada\u201d na UnB e afirma ter sofrido importuna\u00e7\u00e3o sexual - Mz Not\u00edcias\" \/>\n<meta property=\"og:description\" content=\"Wilker Le\u00e3o, candidato a deputado federal pelo Novo-DF, afirmou ter sofrido importuna\u00e7\u00e3o sexual ap\u00f3s confus\u00e3o com estudante da UnB.\" \/>\n<meta property=\"og:url\" content=\"https:\/\/mznoticia.com.br\/jaguariaiva\/candidato-leva-dedada-na-unb-e-afirma-ter-sofrido-importunacao-sexual\/\" \/>\n<meta property=\"og:site_name\" content=\"Mz Not\u00edcias\" \/>\n<meta property=\"article:publisher\" content=\"https:\/\/www.facebook.com\/profile.php?id=61573479951222\" \/>\n<meta property=\"article:published_time\" content=\"2026-08-27T19:13:53+00:00\" \/>\n<meta property=\"og:image\" content=\"https:\/\/mznoticia.com.br\/jaguariaiva\/wp-content\/uploads\/2026\/08\/engracado.webp\" \/>\n\t<meta property=\"og:image:width\" content=\"1024\" \/>\n\t<meta property=\"og:image:height\" content=\"631\" \/>\n\t<meta property=\"og:image:type\" content=\"image\/webp\" \/>\n<meta name=\"author\" content=\"Reda\u00e7\u00e3o MZ\" \/>\n<meta name=\"twitter:card\" content=\"summary_large_image\" \/>\n<meta name=\"twitter:label1\" content=\"Escrito por\" \/>\n\t<meta name=\"twitter:data1\" content=\"Reda\u00e7\u00e3o MZ\" \/>\n\t<meta name=\"twitter:label2\" content=\"Est. tempo de leitura\" \/>\n\t<meta name=\"twitter:data2\" content=\"3 minutos\" \/>\n<script type=\"application\/ld+json\" class=\"yoast-schema-graph\">{\"@context\":\"https:\\\/\\\/schema.org\",\"@graph\":[{\"@type\":\"Article\",\"@id\":\"https:\\\/\\\/mznoticia.com.br\\\/jaguariaiva\\\/candidato-leva-dedada-na-unb-e-afirma-ter-sofrido-importunacao-sexual\\\/#article\",\"isPartOf\":{\"@id\":\"https:\\\/\\\/mznoticia.com.br\\\/jaguariaiva\\\/candidato-leva-dedada-na-unb-e-afirma-ter-sofrido-importunacao-sexual\\\/\"},\"author\":{\"name\":\"Reda\u00e7\u00e3o MZ\",\"@id\":\"https:\\\/\\\/mznoticia.com.br\\\/jaguariaiva\\\/#\\\/schema\\\/person\\\/7ecde13ae5f5a92f0ff9b2155d7a6d6e\"},\"headline\":\"Candidato leva \u201cdedada\u201d na UnB e afirma ter sofrido importuna\u00e7\u00e3o sexual\",\"datePublished\":\"2026-08-27T19:13:53+00:00\",\"mainEntityOfPage\":{\"@id\":\"https:\\\/\\\/mznoticia.com.br\\\/jaguariaiva\\\/candidato-leva-dedada-na-unb-e-afirma-ter-sofrido-importunacao-sexual\\\/\"},\"wordCount\":408,\"commentCount\":0,\"publisher\":{\"@id\":\"https:\\\/\\\/mznoticia.com.br\\\/jaguariaiva\\\/#organization\"},\"image\":{\"@id\":\"https:\\\/\\\/mznoticia.com.br\\\/jaguariaiva\\\/candidato-leva-dedada-na-unb-e-afirma-ter-sofrido-importunacao-sexual\\\/#primaryimage\"},\"thumbnailUrl\":\"https:\\\/\\\/mznoticia.com.br\\\/jaguariaiva\\\/wp-content\\\/uploads\\\/2026\\\/08\\\/engracado.webp\",\"keywords\":[\"Deputado Federal\",\"destaque\",\"Distrito Federal\",\"Elei\u00e7\u00f5es\",\"Importuna\u00e7\u00e3o Sexual\",\"Novo-DF\",\"politica\",\"UnB\",\"Universidade de Bras\u00edlia\",\"Wilker Le\u00e3o\"],\"articleSection\":[\"Brasil\",\"Elei\u00e7\u00f5es\",\"Geral\"],\"inLanguage\":\"pt-BR\",\"potentialAction\":[{\"@type\":\"CommentAction\",\"name\":\"Comment\",\"target\":[\"https:\\\/\\\/mznoticia.com.br\\\/jaguariaiva\\\/candidato-leva-dedada-na-unb-e-afirma-ter-sofrido-importunacao-sexual\\\/#respond\"]}]},{\"@type\":\"WebPage\",\"@id\":\"https:\\\/\\\/mznoticia.com.br\\\/jaguariaiva\\\/candidato-leva-dedada-na-unb-e-afirma-ter-sofrido-importunacao-sexual\\\/\",\"url\":\"https:\\\/\\\/mznoticia.com.br\\\/jaguariaiva\\\/candidato-leva-dedada-na-unb-e-afirma-ter-sofrido-importunacao-sexual\\\/\",\"name\":\"Candidato leva \u201cdedada\u201d na UnB e afirma ter sofrido importuna\u00e7\u00e3o sexual - Mz Not\u00edcias\",\"isPartOf\":{\"@id\":\"https:\\\/\\\/mznoticia.com.br\\\/jaguariaiva\\\/#website\"},\"primaryImageOfPage\":{\"@id\":\"https:\\\/\\\/mznoticia.com.br\\\/jaguariaiva\\\/candidato-leva-dedada-na-unb-e-afirma-ter-sofrido-importunacao-sexual\\\/#primaryimage\"},\"image\":{\"@id\":\"https:\\\/\\\/mznoticia.com.br\\\/jaguariaiva\\\/candidato-leva-dedada-na-unb-e-afirma-ter-sofrido-importunacao-sexual\\\/#primaryimage\"},\"thumbnailUrl\":\"https:\\\/\\\/mznoticia.com.br\\\/jaguariaiva\\\/wp-content\\\/uploads\\\/2026\\\/08\\\/engracado.webp\",\"datePublished\":\"2026-08-27T19:13:53+00:00\",\"description\":\"Wilker Le\u00e3o, candidato a deputado federal pelo Novo-DF, afirmou ter sofrido importuna\u00e7\u00e3o sexual ap\u00f3s confus\u00e3o com estudante da UnB.\",\"breadcrumb\":{\"@id\":\"https:\\\/\\\/mznoticia.com.br\\\/jaguariaiva\\\/candidato-leva-dedada-na-unb-e-afirma-ter-sofrido-importunacao-sexual\\\/#breadcrumb\"},\"inLanguage\":\"pt-BR\",\"potentialAction\":[{\"@type\":\"ReadAction\",\"target\":[\"https:\\\/\\\/mznoticia.com.br\\\/jaguariaiva\\\/candidato-leva-dedada-na-unb-e-afirma-ter-sofrido-importunacao-sexual\\\/\"]}]},{\"@type\":\"ImageObject\",\"inLanguage\":\"pt-BR\",\"@id\":\"https:\\\/\\\/mznoticia.com.br\\\/jaguariaiva\\\/candidato-leva-dedada-na-unb-e-afirma-ter-sofrido-importunacao-sexual\\\/#primaryimage\",\"url\":\"https:\\\/\\\/mznoticia.com.br\\\/jaguariaiva\\\/wp-content\\\/uploads\\\/2026\\\/08\\\/engracado.webp\",\"contentUrl\":\"https:\\\/\\\/mznoticia.com.br\\\/jaguariaiva\\\/wp-content\\\/uploads\\\/2026\\\/08\\\/engracado.webp\",\"width\":1024,\"height\":631},{\"@type\":\"BreadcrumbList\",\"@id\":\"https:\\\/\\\/mznoticia.com.br\\\/jaguariaiva\\\/candidato-leva-dedada-na-unb-e-afirma-ter-sofrido-importunacao-sexual\\\/#breadcrumb\",\"itemListElement\":[{\"@type\":\"ListItem\",\"position\":1,\"name\":\"Home\",\"item\":\"https:\\\/\\\/mznoticia.com.br\\\/jaguariaiva\\\/\"},{\"@type\":\"ListItem\",\"position\":2,\"name\":\"Candidato leva \u201cdedada\u201d na UnB e afirma ter sofrido importuna\u00e7\u00e3o sexual\"}]},{\"@type\":\"WebSite\",\"@id\":\"https:\\\/\\\/mznoticia.com.br\\\/jaguariaiva\\\/#website\",\"url\":\"https:\\\/\\\/mznoticia.com.br\\\/jaguariaiva\\\/\",\"name\":\"Mz Not\u00edcia\",\"description\":\"A informa\u00e7\u00e3o que voc\u00ea precisa na hora certa!\",\"publisher\":{\"@id\":\"https:\\\/\\\/mznoticia.com.br\\\/jaguariaiva\\\/#organization\"},\"potentialAction\":[{\"@type\":\"SearchAction\",\"target\":{\"@type\":\"EntryPoint\",\"urlTemplate\":\"https:\\\/\\\/mznoticia.com.br\\\/jaguariaiva\\\/?s={search_term_string}\"},\"query-input\":{\"@type\":\"PropertyValueSpecification\",\"valueRequired\":true,\"valueName\":\"search_term_string\"}}],\"inLanguage\":\"pt-BR\"},{\"@type\":\"Organization\",\"@id\":\"https:\\\/\\\/mznoticia.com.br\\\/jaguariaiva\\\/#organization\",\"name\":\"Mz Not\u00edcia\",\"url\":\"https:\\\/\\\/mznoticia.com.br\\\/jaguariaiva\\\/\",\"logo\":{\"@type\":\"ImageObject\",\"inLanguage\":\"pt-BR\",\"@id\":\"https:\\\/\\\/mznoticia.com.br\\\/jaguariaiva\\\/#\\\/schema\\\/logo\\\/image\\\/\",\"url\":\"https:\\\/\\\/mznoticia.com.br\\\/jaguariaiva\\\/wp-content\\\/uploads\\\/2025\\\/03\\\/Design-sem-nome-4-e1741200616392.png\",\"contentUrl\":\"https:\\\/\\\/mznoticia.com.br\\\/jaguariaiva\\\/wp-content\\\/uploads\\\/2025\\\/03\\\/Design-sem-nome-4-e1741200616392.png\",\"width\":750,\"height\":563,\"caption\":\"Mz Not\u00edcia\"},\"image\":{\"@id\":\"https:\\\/\\\/mznoticia.com.br\\\/jaguariaiva\\\/#\\\/schema\\\/logo\\\/image\\\/\"},\"sameAs\":[\"https:\\\/\\\/www.facebook.com\\\/profile.php?id=61573479951222\",\"https:\\\/\\\/www.instagram.com\\\/mz.jaguariaiva\\\/\"]},{\"@type\":\"Person\",\"@id\":\"https:\\\/\\\/mznoticia.com.br\\\/jaguariaiva\\\/#\\\/schema\\\/person\\\/7ecde13ae5f5a92f0ff9b2155d7a6d6e\",\"name\":\"Reda\u00e7\u00e3o MZ\",\"image\":{\"@type\":\"ImageObject\",\"inLanguage\":\"pt-BR\",\"@id\":\"https:\\\/\\\/mznoticia.com.br\\\/jaguariaiva\\\/wp-content\\\/uploads\\\/2025\\\/02\\\/mznoticia_jaguariaiva_coluna-150x150.png\",\"url\":\"https:\\\/\\\/mznoticia.com.br\\\/jaguariaiva\\\/wp-content\\\/uploads\\\/2025\\\/02\\\/mznoticia_jaguariaiva_coluna-150x150.png\",\"contentUrl\":\"https:\\\/\\\/mznoticia.com.br\\\/jaguariaiva\\\/wp-content\\\/uploads\\\/2025\\\/02\\\/mznoticia_jaguariaiva_coluna-150x150.png\",\"caption\":\"Reda\u00e7\u00e3o MZ\"},\"url\":\"https:\\\/\\\/mznoticia.com.br\\\/jaguariaiva\\\/author\\\/yan\\\/\"}]}<\/script>\n<!-- \/ Yoast SEO plugin. -->","yoast_head_json":{"title":"Candidato leva \u201cdedada\u201d na UnB e afirma ter sofrido importuna\u00e7\u00e3o sexual - Mz Not\u00edcias","description":"Wilker Le\u00e3o, candidato a deputado federal pelo Novo-DF, afirmou ter sofrido importuna\u00e7\u00e3o sexual ap\u00f3s confus\u00e3o com estudante da UnB.","robots":{"index":"index","follow":"follow","max-snippet":"max-snippet:-1","max-image-preview":"max-image-preview:large","max-video-preview":"max-video-preview:-1"},"canonical":"https:\/\/mznoticia.com.br\/jaguariaiva\/candidato-leva-dedada-na-unb-e-afirma-ter-sofrido-importunacao-sexual\/","og_locale":"pt_BR","og_type":"article","og_title":"Candidato leva \u201cdedada\u201d na UnB e afirma ter sofrido importuna\u00e7\u00e3o sexual - Mz Not\u00edcias","og_description":"Wilker Le\u00e3o, candidato a deputado federal pelo Novo-DF, afirmou ter sofrido importuna\u00e7\u00e3o sexual ap\u00f3s confus\u00e3o com estudante da UnB.","og_url":"https:\/\/mznoticia.com.br\/jaguariaiva\/candidato-leva-dedada-na-unb-e-afirma-ter-sofrido-importunacao-sexual\/","og_site_name":"Mz Not\u00edcias","article_publisher":"https:\/\/www.facebook.com\/profile.php?id=61573479951222","article_published_time":"2026-08-27T19:13:53+00:00","og_image":[{"width":1024,"height":631,"url":"https:\/\/mznoticia.com.br\/jaguariaiva\/wp-content\/uploads\/2026\/08\/engracado.webp","type":"image\/webp"}],"author":"Reda\u00e7\u00e3o MZ","twitter_card":"summary_large_image","twitter_misc":{"Escrito por":"Reda\u00e7\u00e3o MZ","Est. tempo de leitura":"3 minutos"},"schema":{"@context":"https:\/\/schema.org","@graph":[{"@type":"Article","@id":"https:\/\/mznoticia.com.br\/jaguariaiva\/candidato-leva-dedada-na-unb-e-afirma-ter-sofrido-importunacao-sexual\/#article","isPartOf":{"@id":"https:\/\/mznoticia.com.br\/jaguariaiva\/candidato-leva-dedada-na-unb-e-afirma-ter-sofrido-importunacao-sexual\/"},"author":{"name":"Reda\u00e7\u00e3o MZ","@id":"https:\/\/mznoticia.com.br\/jaguariaiva\/#\/schema\/person\/7ecde13ae5f5a92f0ff9b2155d7a6d6e"},"headline":"Candidato leva \u201cdedada\u201d na UnB e afirma ter sofrido importuna\u00e7\u00e3o sexual","datePublished":"2026-08-27T19:13:53+00:00","mainEntityOfPage":{"@id":"https:\/\/mznoticia.com.br\/jaguariaiva\/candidato-leva-dedada-na-unb-e-afirma-ter-sofrido-importunacao-sexual\/"},"wordCount":408,"commentCount":0,"publisher":{"@id":"https:\/\/mznoticia.com.br\/jaguariaiva\/#organization"},"image":{"@id":"https:\/\/mznoticia.com.br\/jaguariaiva\/candidato-leva-dedada-na-unb-e-afirma-ter-sofrido-importunacao-sexual\/#primaryimage"},"thumbnailUrl":"https:\/\/mznoticia.com.br\/jaguariaiva\/wp-content\/uploads\/2026\/08\/engracado.webp","keywords":["Deputado Federal","destaque","Distrito Federal","Elei\u00e7\u00f5es","Importuna\u00e7\u00e3o Sexual","Novo-DF","politica","UnB","Universidade de Bras\u00edlia","Wilker Le\u00e3o"],"articleSection":["Brasil","Elei\u00e7\u00f5es","Geral"],"inLanguage":"pt-BR","potentialAction":[{"@type":"CommentAction","name":"Comment","target":["https:\/\/mznoticia.com.br\/jaguariaiva\/candidato-leva-dedada-na-unb-e-afirma-ter-sofrido-importunacao-sexual\/#respond"]}]},{"@type":"WebPage","@id":"https:\/\/mznoticia.com.br\/jaguariaiva\/candidato-leva-dedada-na-unb-e-afirma-ter-sofrido-importunacao-sexual\/","url":"https:\/\/mznoticia.com.br\/jaguariaiva\/candidato-leva-dedada-na-unb-e-afirma-ter-sofrido-importunacao-sexual\/","name":"Candidato leva \u201cdedada\u201d na UnB e afirma ter sofrido importuna\u00e7\u00e3o sexual - Mz Not\u00edcias","isPartOf":{"@id":"https:\/\/mznoticia.com.br\/jaguariaiva\/#website"},"primaryImageOfPage":{"@id":"https:\/\/mznoticia.com.br\/jaguariaiva\/candidato-leva-dedada-na-unb-e-afirma-ter-sofrido-importunacao-sexual\/#primaryimage"},"image":{"@id":"https:\/\/mznoticia.com.br\/jaguariaiva\/candidato-leva-dedada-na-unb-e-afirma-ter-sofrido-importunacao-sexual\/#primaryimage"},"thumbnailUrl":"https:\/\/mznoticia.com.br\/jaguariaiva\/wp-content\/uploads\/2026\/08\/engracado.webp","datePublished":"2026-08-27T19:13:53+00:00","description":"Wilker Le\u00e3o, candidato a deputado federal pelo Novo-DF, afirmou ter sofrido importuna\u00e7\u00e3o sexual ap\u00f3s confus\u00e3o com estudante da UnB.","breadcrumb":{"@id":"https:\/\/mznoticia.com.br\/jaguariaiva\/candidato-leva-dedada-na-unb-e-afirma-ter-sofrido-importunacao-sexual\/#breadcrumb"},"inLanguage":"pt-BR","potentialAction":[{"@type":"ReadAction","target":["https:\/\/mznoticia.com.br\/jaguariaiva\/candidato-leva-dedada-na-unb-e-afirma-ter-sofrido-importunacao-sexual\/"]}]},{"@type":"ImageObject","inLanguage":"pt-BR","@id":"https:\/\/mznoticia.com.br\/jaguariaiva\/candidato-leva-dedada-na-unb-e-afirma-ter-sofrido-importunacao-sexual\/#primaryimage","url":"https:\/\/mznoticia.com.br\/jaguariaiva\/wp-content\/uploads\/2026\/08\/engracado.webp","contentUrl":"https:\/\/mznoticia.com.br\/jaguariaiva\/wp-content\/uploads\/2026\/08\/engracado.webp","width":1024,"height":631},{"@type":"BreadcrumbList","@id":"https:\/\/mznoticia.com.br\/jaguariaiva\/candidato-leva-dedada-na-unb-e-afirma-ter-sofrido-importunacao-sexual\/#breadcrumb","itemListElement":[{"@type":"ListItem","position":1,"name":"Home","item":"https:\/\/mznoticia.com.br\/jaguariaiva\/"},{"@type":"ListItem","position":2,"name":"Candidato leva \u201cdedada\u201d na UnB e afirma ter sofrido importuna\u00e7\u00e3o sexual"}]},{"@type":"WebSite","@id":"https:\/\/mznoticia.com.br\/jaguariaiva\/#website","url":"https:\/\/mznoticia.com.br\/jaguariaiva\/","name":"Mz Not\u00edcia","description":"A informa\u00e7\u00e3o que voc\u00ea precisa na hora certa!","publisher":{"@id":"https:\/\/mznoticia.com.br\/jaguariaiva\/#organization"},"potentialAction":[{"@type":"SearchAction","target":{"@type":"EntryPoint","urlTemplate":"https:\/\/mznoticia.com.br\/jaguariaiva\/?s={search_term_string}"},"query-input":{"@type":"PropertyValueSpecification","valueRequired":true,"valueName":"search_term_string"}}],"inLanguage":"pt-BR"},{"@type":"Organization","@id":"https:\/\/mznoticia.com.br\/jaguariaiva\/#organization","name":"Mz Not\u00edcia","url":"https:\/\/mznoticia.com.br\/jaguariaiva\/","logo":{"@type":"ImageObject","inLanguage":"pt-BR","@id":"https:\/\/mznoticia.com.br\/jaguariaiva\/#\/schema\/logo\/image\/","url":"https:\/\/mznoticia.com.br\/jaguariaiva\/wp-content\/uploads\/2025\/03\/Design-sem-nome-4-e1741200616392.png","contentUrl":"https:\/\/mznoticia.com.br\/jaguariaiva\/wp-content\/uploads\/2025\/03\/Design-sem-nome-4-e1741200616392.png","width":750,"height":563,"caption":"Mz Not\u00edcia"},"image":{"@id":"https:\/\/mznoticia.com.br\/jaguariaiva\/#\/schema\/logo\/image\/"},"sameAs":["https:\/\/www.facebook.com\/profile.php?id=61573479951222","https:\/\/www.instagram.com\/mz.jaguariaiva\/"]},{"@type":"Person","@id":"https:\/\/mznoticia.com.br\/jaguariaiva\/#\/schema\/person\/7ecde13ae5f5a92f0ff9b2155d7a6d6e","name":"Reda\u00e7\u00e3o MZ","image":{"@type":"ImageObject","inLanguage":"pt-BR","@id":"https:\/\/mznoticia.com.br\/jaguariaiva\/wp-content\/uploads\/2025\/02\/mznoticia_jaguariaiva_coluna-150x150.png","url":"https:\/\/mznoticia.com.br\/jaguariaiva\/wp-content\/uploads\/2025\/02\/mznoticia_jaguariaiva_coluna-150x150.png","contentUrl":"https:\/\/mznoticia.com.br\/jaguariaiva\/wp-content\/uploads\/2025\/02\/mznoticia_jaguariaiva_coluna-150x150.png","caption":"Reda\u00e7\u00e3o MZ"},"url":"https:\/\/mznoticia.com.br\/jaguariaiva\/author\/yan\/"}]}},"_links":{"self":[{"href":"https:\/\/mznoticia.com.br\/jaguariaiva\/wp-json\/wp\/v2\/posts\/7217","targetHints":{"allow":["GET"]}}],"collection":[{"href":"https:\/\/mznoticia.com.br\/jaguariaiva\/wp-json\/wp\/v2\/posts"}],"about":[{"href":"https:\/\/mznoticia.com.br\/jaguariaiva\/wp-json\/wp\/v2\/types\/post"}],"author":[{"embeddable":true,"href":"https:\/\/mznoticia.com.br\/jaguariaiva\/wp-json\/wp\/v2\/users\/18"}],"replies":[{"embeddable":true,"href":"https:\/\/mznoticia.com.br\/jaguariaiva\/wp-json\/wp\/v2\/comments?post=7217"}],"version-history":[{"count":1,"href":"https:\/\/mznoticia.com.br\/jaguariaiva\/wp-json\/wp\/v2\/posts\/7217\/revisions"}],"predecessor-version":[{"id":7219,"href":"https:\/\/mznoticia.com.br\/jaguariaiva\/wp-json\/wp\/v2\/posts\/7217\/revisions\/7219"}],"wp:featuredmedia":[{"embeddable":true,"href":"https:\/\/mznoticia.com.br\/jaguariaiva\/wp-json\/wp\/v2\/media\/7218"}],"wp:attachment":[{"href":"https:\/\/mznoticia.com.br\/jaguariaiva\/wp-json\/wp\/v2\/media?parent=7217"}],"wp:term":[{"taxonomy":"category","embeddable":true,"href":"https:\/\/mznoticia.com.br\/jaguariaiva\/wp-json\/wp\/v2\/categories?post=7217"},{"taxonomy":"post_tag","embeddable":true,"href":"https:\/\/mznoticia.com.br\/jaguariaiva\/wp-json\/wp\/v2\/tags?post=7217"}],"curies":[{"name":"wp","href":"https:\/\/api.w.org\/{rel}","templated":true}]}}