{"id":7220,"date":"2026-08-27T19:24:17","date_gmt":"2026-08-27T19:24:17","guid":{"rendered":"https:\/\/mznoticia.com.br\/jaguariaiva\/?p=7220"},"modified":"2026-08-27T19:24:17","modified_gmt":"2026-08-27T19:24:17","slug":"parana-supera-crescimento-da-atividade-economica-do-brasil-pelo-terceiro-mes-consecutivo","status":"publish","type":"post","link":"https:\/\/mznoticia.com.br\/jaguariaiva\/parana-supera-crescimento-da-atividade-economica-do-brasil-pelo-terceiro-mes-consecutivo\/","title":{"rendered":"Paran\u00e1 supera crescimento da atividade econ\u00f4mica do Brasil pelo terceiro m\u00eas consecutivo"},"content":{"rendered":"<p class=\"isSelectedEnd\">Estado registrou avan\u00e7o de 3,4% em junho, enquanto a atividade econ\u00f4mica nacional cresceu 2,4% no mesmo per\u00edodo, segundo dados do Banco Central.<\/p>\n<h2>Economia do Paran\u00e1 cresce acima da m\u00e9dia nacional<\/h2>\n<p class=\"isSelectedEnd\">O Paran\u00e1 superou pelo terceiro m\u00eas consecutivo a expans\u00e3o da atividade econ\u00f4mica registrada pelo Brasil. Em junho de 2026, a economia paranaense avan\u00e7ou 3,4% na compara\u00e7\u00e3o com o mesmo m\u00eas de 2025, enquanto o crescimento nacional ficou em 2,4%.<\/p>\n<p class=\"isSelectedEnd\">O resultado mant\u00e9m uma sequ\u00eancia de tr\u00eas meses em que o desempenho do Paran\u00e1 ficou acima do registrado pelo pa\u00eds.<\/p>\n<p class=\"isSelectedEnd\">Em abril, a atividade econ\u00f4mica do Estado cresceu 1,9%, contra 1,2% no Brasil. Em maio, o Paran\u00e1 registrou expans\u00e3o de 1,5%, enquanto a atividade econ\u00f4mica nacional avan\u00e7ou 0,9%.<\/p>\n<h2>Ind\u00fastria paranaense tamb\u00e9m apresenta desempenho superior<\/h2>\n<p class=\"isSelectedEnd\">Os dados do setor industrial refor\u00e7am o maior dinamismo da economia do Paran\u00e1.<\/p>\n<p class=\"isSelectedEnd\">De acordo com o Instituto Brasileiro de Geografia e Estat\u00edstica (IBGE), a produ\u00e7\u00e3o industrial do Estado cresceu 2,8% em junho, na compara\u00e7\u00e3o com igual per\u00edodo do ano anterior.<\/p>\n<p class=\"isSelectedEnd\">No mesmo per\u00edodo, a produ\u00e7\u00e3o do setor manufatureiro brasileiro registrou crescimento de 1,7%.<\/p>\n<h2>Varejo cresce 5,4% no Estado<\/h2>\n<p class=\"isSelectedEnd\">O com\u00e9rcio varejista tamb\u00e9m apresentou resultado positivo no Paran\u00e1.<\/p>\n<p class=\"isSelectedEnd\">Considerando os segmentos de ve\u00edculos e materiais de constru\u00e7\u00e3o, o varejo paranaense cresceu 5,4% em junho de 2026, enquanto a expans\u00e3o do com\u00e9rcio varejista nacional ficou em 4,9%.<\/p>\n<p class=\"isSelectedEnd\">Os indicadores apontam para um desempenho econ\u00f4mico do Estado acima da m\u00e9dia brasileira em diferentes setores.<\/p>\n<h2>Crescimento econ\u00f4mico e mercado de trabalho<\/h2>\n<p class=\"isSelectedEnd\">Para Jorge Callado, diretor-presidente do Ipardes, os resultados positivos da economia paranaense tamb\u00e9m v\u00eam se refletindo em avan\u00e7os sociais.<\/p>\n<p class=\"isSelectedEnd\">Ele destacou a taxa de desemprego de 3,1% registrada no segundo trimestre de 2026, apontada como a menor da s\u00e9rie hist\u00f3rica.<\/p>\n<p>\u201cA taxa de desemprego de apenas 3,1%, registrada no 2\u00ba trimestre deste ano, sendo a mais baixa da s\u00e9rie hist\u00f3rica, \u00e9 a comprova\u00e7\u00e3o da apropria\u00e7\u00e3o dos ganhos por v\u00e1rios segmentos da sociedade paranaense\u201d, afirmou.<\/p>\n","protected":false},"excerpt":{"rendered":"<p>Estado registrou avan\u00e7o de 3,4% em junho, enquanto a atividade econ\u00f4mica nacional cresceu 2,4% no mesmo per\u00edodo, segundo dados do Banco Central. Economia do Paran\u00e1 cresce acima da m\u00e9dia nacional O Paran\u00e1 superou pelo terceiro m\u00eas consecutivo a expans\u00e3o da atividade econ\u00f4mica registrada pelo Brasil. Em junho de 2026, a economia paranaense avan\u00e7ou 3,4% na [&hellip;]<\/p>\n","protected":false},"author":18,"featured_media":7221,"comment_status":"open","ping_status":"open","sticky":false,"template":"","format":"standard","meta":{"footnotes":""},"categories":[5,8,132,12],"tags":[2907,690,1039,47,478,65,476,2908,77,2114],"class_list":["post-7220","post","type-post","status-publish","format-standard","has-post-thumbnail","hentry","category-brasil","category-campos-gerais","category-economia","category-geral","tag-atividade-economica","tag-banco-central","tag-comercio","tag-destaque","tag-economia","tag-emprego","tag-industria","tag-ipardes","tag-parana","tag-varejo"],"yoast_head":"<!-- This site is optimized with the Yoast SEO plugin v28.1 - https:\/\/yoast.com\/product\/yoast-seo-wordpress\/ -->\n<title>Paran\u00e1 supera crescimento da atividade econ\u00f4mica do Brasil pelo terceiro m\u00eas consecutivo - Mz Not\u00edcias<\/title>\n<meta name=\"description\" content=\"Paran\u00e1 registra crescimento de 3,4% na atividade econ\u00f4mica em junho de 2026 e supera o desempenho do Brasil pelo terceiro m\u00eas consecutivo.\" \/>\n<meta name=\"robots\" content=\"index, follow, max-snippet:-1, max-image-preview:large, max-video-preview:-1\" \/>\n<link rel=\"canonical\" href=\"https:\/\/mznoticia.com.br\/jaguariaiva\/parana-supera-crescimento-da-atividade-economica-do-brasil-pelo-terceiro-mes-consecutivo\/\" \/>\n<meta property=\"og:locale\" content=\"pt_BR\" \/>\n<meta property=\"og:type\" content=\"article\" \/>\n<meta property=\"og:title\" content=\"Paran\u00e1 supera crescimento da atividade econ\u00f4mica do Brasil pelo terceiro m\u00eas consecutivo - Mz Not\u00edcias\" \/>\n<meta property=\"og:description\" content=\"Paran\u00e1 registra crescimento de 3,4% na atividade econ\u00f4mica em junho de 2026 e supera o desempenho do Brasil pelo terceiro m\u00eas consecutivo.\" \/>\n<meta property=\"og:url\" content=\"https:\/\/mznoticia.com.br\/jaguariaiva\/parana-supera-crescimento-da-atividade-economica-do-brasil-pelo-terceiro-mes-consecutivo\/\" \/>\n<meta property=\"og:site_name\" content=\"Mz Not\u00edcias\" \/>\n<meta property=\"article:publisher\" content=\"https:\/\/www.facebook.com\/profile.php?id=61573479951222\" \/>\n<meta property=\"article:published_time\" content=\"2026-08-27T19:24:17+00:00\" \/>\n<meta property=\"og:image\" content=\"https:\/\/mznoticia.com.br\/jaguariaiva\/wp-content\/uploads\/2026\/08\/parana.jpg\" \/>\n\t<meta property=\"og:image:width\" content=\"2292\" \/>\n\t<meta property=\"og:image:height\" content=\"1528\" \/>\n\t<meta property=\"og:image:type\" content=\"image\/jpeg\" \/>\n<meta name=\"author\" content=\"Reda\u00e7\u00e3o MZ\" \/>\n<meta name=\"twitter:card\" content=\"summary_large_image\" \/>\n<meta name=\"twitter:label1\" content=\"Escrito por\" \/>\n\t<meta name=\"twitter:data1\" content=\"Reda\u00e7\u00e3o MZ\" \/>\n\t<meta name=\"twitter:label2\" content=\"Est. tempo de leitura\" \/>\n\t<meta name=\"twitter:data2\" content=\"2 minutos\" \/>\n<script type=\"application\/ld+json\" class=\"yoast-schema-graph\">{\"@context\":\"https:\\\/\\\/schema.org\",\"@graph\":[{\"@type\":\"Article\",\"@id\":\"https:\\\/\\\/mznoticia.com.br\\\/jaguariaiva\\\/parana-supera-crescimento-da-atividade-economica-do-brasil-pelo-terceiro-mes-consecutivo\\\/#article\",\"isPartOf\":{\"@id\":\"https:\\\/\\\/mznoticia.com.br\\\/jaguariaiva\\\/parana-supera-crescimento-da-atividade-economica-do-brasil-pelo-terceiro-mes-consecutivo\\\/\"},\"author\":{\"name\":\"Reda\u00e7\u00e3o MZ\",\"@id\":\"https:\\\/\\\/mznoticia.com.br\\\/jaguariaiva\\\/#\\\/schema\\\/person\\\/7ecde13ae5f5a92f0ff9b2155d7a6d6e\"},\"headline\":\"Paran\u00e1 supera crescimento da atividade econ\u00f4mica do Brasil pelo terceiro m\u00eas consecutivo\",\"datePublished\":\"2026-08-27T19:24:17+00:00\",\"mainEntityOfPage\":{\"@id\":\"https:\\\/\\\/mznoticia.com.br\\\/jaguariaiva\\\/parana-supera-crescimento-da-atividade-economica-do-brasil-pelo-terceiro-mes-consecutivo\\\/\"},\"wordCount\":354,\"commentCount\":0,\"publisher\":{\"@id\":\"https:\\\/\\\/mznoticia.com.br\\\/jaguariaiva\\\/#organization\"},\"image\":{\"@id\":\"https:\\\/\\\/mznoticia.com.br\\\/jaguariaiva\\\/parana-supera-crescimento-da-atividade-economica-do-brasil-pelo-terceiro-mes-consecutivo\\\/#primaryimage\"},\"thumbnailUrl\":\"https:\\\/\\\/mznoticia.com.br\\\/jaguariaiva\\\/wp-content\\\/uploads\\\/2026\\\/08\\\/parana.jpg\",\"keywords\":[\"Atividade Econ\u00f4mica\",\"Banco Central\",\"Com\u00e9rcio\",\"destaque\",\"Economia\",\"emprego\",\"Ind\u00fastria\",\"Ipardes\",\"parana\",\"Varejo\"],\"articleSection\":[\"Brasil\",\"Campos Gerais\",\"Economia\",\"Geral\"],\"inLanguage\":\"pt-BR\",\"potentialAction\":[{\"@type\":\"CommentAction\",\"name\":\"Comment\",\"target\":[\"https:\\\/\\\/mznoticia.com.br\\\/jaguariaiva\\\/parana-supera-crescimento-da-atividade-economica-do-brasil-pelo-terceiro-mes-consecutivo\\\/#respond\"]}]},{\"@type\":\"WebPage\",\"@id\":\"https:\\\/\\\/mznoticia.com.br\\\/jaguariaiva\\\/parana-supera-crescimento-da-atividade-economica-do-brasil-pelo-terceiro-mes-consecutivo\\\/\",\"url\":\"https:\\\/\\\/mznoticia.com.br\\\/jaguariaiva\\\/parana-supera-crescimento-da-atividade-economica-do-brasil-pelo-terceiro-mes-consecutivo\\\/\",\"name\":\"Paran\u00e1 supera crescimento da atividade econ\u00f4mica do Brasil pelo terceiro m\u00eas consecutivo - Mz Not\u00edcias\",\"isPartOf\":{\"@id\":\"https:\\\/\\\/mznoticia.com.br\\\/jaguariaiva\\\/#website\"},\"primaryImageOfPage\":{\"@id\":\"https:\\\/\\\/mznoticia.com.br\\\/jaguariaiva\\\/parana-supera-crescimento-da-atividade-economica-do-brasil-pelo-terceiro-mes-consecutivo\\\/#primaryimage\"},\"image\":{\"@id\":\"https:\\\/\\\/mznoticia.com.br\\\/jaguariaiva\\\/parana-supera-crescimento-da-atividade-economica-do-brasil-pelo-terceiro-mes-consecutivo\\\/#primaryimage\"},\"thumbnailUrl\":\"https:\\\/\\\/mznoticia.com.br\\\/jaguariaiva\\\/wp-content\\\/uploads\\\/2026\\\/08\\\/parana.jpg\",\"datePublished\":\"2026-08-27T19:24:17+00:00\",\"description\":\"Paran\u00e1 registra crescimento de 3,4% na atividade econ\u00f4mica em junho de 2026 e supera o desempenho do Brasil pelo terceiro m\u00eas consecutivo.\",\"breadcrumb\":{\"@id\":\"https:\\\/\\\/mznoticia.com.br\\\/jaguariaiva\\\/parana-supera-crescimento-da-atividade-economica-do-brasil-pelo-terceiro-mes-consecutivo\\\/#breadcrumb\"},\"inLanguage\":\"pt-BR\",\"potentialAction\":[{\"@type\":\"ReadAction\",\"target\":[\"https:\\\/\\\/mznoticia.com.br\\\/jaguariaiva\\\/parana-supera-crescimento-da-atividade-economica-do-brasil-pelo-terceiro-mes-consecutivo\\\/\"]}]},{\"@type\":\"ImageObject\",\"inLanguage\":\"pt-BR\",\"@id\":\"https:\\\/\\\/mznoticia.com.br\\\/jaguariaiva\\\/parana-supera-crescimento-da-atividade-economica-do-brasil-pelo-terceiro-mes-consecutivo\\\/#primaryimage\",\"url\":\"https:\\\/\\\/mznoticia.com.br\\\/jaguariaiva\\\/wp-content\\\/uploads\\\/2026\\\/08\\\/parana.jpg\",\"contentUrl\":\"https:\\\/\\\/mznoticia.com.br\\\/jaguariaiva\\\/wp-content\\\/uploads\\\/2026\\\/08\\\/parana.jpg\",\"width\":2292,\"height\":1528,\"caption\":\"Maring\u00e1, 07 de novembro de 2022 - Imagem de drone da regi\u00e3o central de Maring\u00e1 com vista da catedral. Foto: Roberto Dziura Jr.\\\/AEN\"},{\"@type\":\"BreadcrumbList\",\"@id\":\"https:\\\/\\\/mznoticia.com.br\\\/jaguariaiva\\\/parana-supera-crescimento-da-atividade-economica-do-brasil-pelo-terceiro-mes-consecutivo\\\/#breadcrumb\",\"itemListElement\":[{\"@type\":\"ListItem\",\"position\":1,\"name\":\"Home\",\"item\":\"https:\\\/\\\/mznoticia.com.br\\\/jaguariaiva\\\/\"},{\"@type\":\"ListItem\",\"position\":2,\"name\":\"Paran\u00e1 supera crescimento da atividade econ\u00f4mica do Brasil pelo terceiro m\u00eas consecutivo\"}]},{\"@type\":\"WebSite\",\"@id\":\"https:\\\/\\\/mznoticia.com.br\\\/jaguariaiva\\\/#website\",\"url\":\"https:\\\/\\\/mznoticia.com.br\\\/jaguariaiva\\\/\",\"name\":\"Mz Not\u00edcia\",\"description\":\"A informa\u00e7\u00e3o que voc\u00ea precisa na hora certa!\",\"publisher\":{\"@id\":\"https:\\\/\\\/mznoticia.com.br\\\/jaguariaiva\\\/#organization\"},\"potentialAction\":[{\"@type\":\"SearchAction\",\"target\":{\"@type\":\"EntryPoint\",\"urlTemplate\":\"https:\\\/\\\/mznoticia.com.br\\\/jaguariaiva\\\/?s={search_term_string}\"},\"query-input\":{\"@type\":\"PropertyValueSpecification\",\"valueRequired\":true,\"valueName\":\"search_term_string\"}}],\"inLanguage\":\"pt-BR\"},{\"@type\":\"Organization\",\"@id\":\"https:\\\/\\\/mznoticia.com.br\\\/jaguariaiva\\\/#organization\",\"name\":\"Mz Not\u00edcia\",\"url\":\"https:\\\/\\\/mznoticia.com.br\\\/jaguariaiva\\\/\",\"logo\":{\"@type\":\"ImageObject\",\"inLanguage\":\"pt-BR\",\"@id\":\"https:\\\/\\\/mznoticia.com.br\\\/jaguariaiva\\\/#\\\/schema\\\/logo\\\/image\\\/\",\"url\":\"https:\\\/\\\/mznoticia.com.br\\\/jaguariaiva\\\/wp-content\\\/uploads\\\/2025\\\/03\\\/Design-sem-nome-4-e1741200616392.png\",\"contentUrl\":\"https:\\\/\\\/mznoticia.com.br\\\/jaguariaiva\\\/wp-content\\\/uploads\\\/2025\\\/03\\\/Design-sem-nome-4-e1741200616392.png\",\"width\":750,\"height\":563,\"caption\":\"Mz Not\u00edcia\"},\"image\":{\"@id\":\"https:\\\/\\\/mznoticia.com.br\\\/jaguariaiva\\\/#\\\/schema\\\/logo\\\/image\\\/\"},\"sameAs\":[\"https:\\\/\\\/www.facebook.com\\\/profile.php?id=61573479951222\",\"https:\\\/\\\/www.instagram.com\\\/mz.jaguariaiva\\\/\"]},{\"@type\":\"Person\",\"@id\":\"https:\\\/\\\/mznoticia.com.br\\\/jaguariaiva\\\/#\\\/schema\\\/person\\\/7ecde13ae5f5a92f0ff9b2155d7a6d6e\",\"name\":\"Reda\u00e7\u00e3o MZ\",\"image\":{\"@type\":\"ImageObject\",\"inLanguage\":\"pt-BR\",\"@id\":\"https:\\\/\\\/mznoticia.com.br\\\/jaguariaiva\\\/wp-content\\\/uploads\\\/2025\\\/02\\\/mznoticia_jaguariaiva_coluna-150x150.png\",\"url\":\"https:\\\/\\\/mznoticia.com.br\\\/jaguariaiva\\\/wp-content\\\/uploads\\\/2025\\\/02\\\/mznoticia_jaguariaiva_coluna-150x150.png\",\"contentUrl\":\"https:\\\/\\\/mznoticia.com.br\\\/jaguariaiva\\\/wp-content\\\/uploads\\\/2025\\\/02\\\/mznoticia_jaguariaiva_coluna-150x150.png\",\"caption\":\"Reda\u00e7\u00e3o MZ\"},\"url\":\"https:\\\/\\\/mznoticia.com.br\\\/jaguariaiva\\\/author\\\/yan\\\/\"}]}<\/script>\n<!-- \/ Yoast SEO plugin. -->","yoast_head_json":{"title":"Paran\u00e1 supera crescimento da atividade econ\u00f4mica do Brasil pelo terceiro m\u00eas consecutivo - Mz Not\u00edcias","description":"Paran\u00e1 registra crescimento de 3,4% na atividade econ\u00f4mica em junho de 2026 e supera o desempenho do Brasil pelo terceiro m\u00eas consecutivo.","robots":{"index":"index","follow":"follow","max-snippet":"max-snippet:-1","max-image-preview":"max-image-preview:large","max-video-preview":"max-video-preview:-1"},"canonical":"https:\/\/mznoticia.com.br\/jaguariaiva\/parana-supera-crescimento-da-atividade-economica-do-brasil-pelo-terceiro-mes-consecutivo\/","og_locale":"pt_BR","og_type":"article","og_title":"Paran\u00e1 supera crescimento da atividade econ\u00f4mica do Brasil pelo terceiro m\u00eas consecutivo - Mz Not\u00edcias","og_description":"Paran\u00e1 registra crescimento de 3,4% na atividade econ\u00f4mica em junho de 2026 e supera o desempenho do Brasil pelo terceiro m\u00eas consecutivo.","og_url":"https:\/\/mznoticia.com.br\/jaguariaiva\/parana-supera-crescimento-da-atividade-economica-do-brasil-pelo-terceiro-mes-consecutivo\/","og_site_name":"Mz Not\u00edcias","article_publisher":"https:\/\/www.facebook.com\/profile.php?id=61573479951222","article_published_time":"2026-08-27T19:24:17+00:00","og_image":[{"width":2292,"height":1528,"url":"https:\/\/mznoticia.com.br\/jaguariaiva\/wp-content\/uploads\/2026\/08\/parana.jpg","type":"image\/jpeg"}],"author":"Reda\u00e7\u00e3o MZ","twitter_card":"summary_large_image","twitter_misc":{"Escrito por":"Reda\u00e7\u00e3o MZ","Est. tempo de leitura":"2 minutos"},"schema":{"@context":"https:\/\/schema.org","@graph":[{"@type":"Article","@id":"https:\/\/mznoticia.com.br\/jaguariaiva\/parana-supera-crescimento-da-atividade-economica-do-brasil-pelo-terceiro-mes-consecutivo\/#article","isPartOf":{"@id":"https:\/\/mznoticia.com.br\/jaguariaiva\/parana-supera-crescimento-da-atividade-economica-do-brasil-pelo-terceiro-mes-consecutivo\/"},"author":{"name":"Reda\u00e7\u00e3o MZ","@id":"https:\/\/mznoticia.com.br\/jaguariaiva\/#\/schema\/person\/7ecde13ae5f5a92f0ff9b2155d7a6d6e"},"headline":"Paran\u00e1 supera crescimento da atividade econ\u00f4mica do Brasil pelo terceiro m\u00eas consecutivo","datePublished":"2026-08-27T19:24:17+00:00","mainEntityOfPage":{"@id":"https:\/\/mznoticia.com.br\/jaguariaiva\/parana-supera-crescimento-da-atividade-economica-do-brasil-pelo-terceiro-mes-consecutivo\/"},"wordCount":354,"commentCount":0,"publisher":{"@id":"https:\/\/mznoticia.com.br\/jaguariaiva\/#organization"},"image":{"@id":"https:\/\/mznoticia.com.br\/jaguariaiva\/parana-supera-crescimento-da-atividade-economica-do-brasil-pelo-terceiro-mes-consecutivo\/#primaryimage"},"thumbnailUrl":"https:\/\/mznoticia.com.br\/jaguariaiva\/wp-content\/uploads\/2026\/08\/parana.jpg","keywords":["Atividade Econ\u00f4mica","Banco Central","Com\u00e9rcio","destaque","Economia","emprego","Ind\u00fastria","Ipardes","parana","Varejo"],"articleSection":["Brasil","Campos Gerais","Economia","Geral"],"inLanguage":"pt-BR","potentialAction":[{"@type":"CommentAction","name":"Comment","target":["https:\/\/mznoticia.com.br\/jaguariaiva\/parana-supera-crescimento-da-atividade-economica-do-brasil-pelo-terceiro-mes-consecutivo\/#respond"]}]},{"@type":"WebPage","@id":"https:\/\/mznoticia.com.br\/jaguariaiva\/parana-supera-crescimento-da-atividade-economica-do-brasil-pelo-terceiro-mes-consecutivo\/","url":"https:\/\/mznoticia.com.br\/jaguariaiva\/parana-supera-crescimento-da-atividade-economica-do-brasil-pelo-terceiro-mes-consecutivo\/","name":"Paran\u00e1 supera crescimento da atividade econ\u00f4mica do Brasil pelo terceiro m\u00eas consecutivo - Mz Not\u00edcias","isPartOf":{"@id":"https:\/\/mznoticia.com.br\/jaguariaiva\/#website"},"primaryImageOfPage":{"@id":"https:\/\/mznoticia.com.br\/jaguariaiva\/parana-supera-crescimento-da-atividade-economica-do-brasil-pelo-terceiro-mes-consecutivo\/#primaryimage"},"image":{"@id":"https:\/\/mznoticia.com.br\/jaguariaiva\/parana-supera-crescimento-da-atividade-economica-do-brasil-pelo-terceiro-mes-consecutivo\/#primaryimage"},"thumbnailUrl":"https:\/\/mznoticia.com.br\/jaguariaiva\/wp-content\/uploads\/2026\/08\/parana.jpg","datePublished":"2026-08-27T19:24:17+00:00","description":"Paran\u00e1 registra crescimento de 3,4% na atividade econ\u00f4mica em junho de 2026 e supera o desempenho do Brasil pelo terceiro m\u00eas consecutivo.","breadcrumb":{"@id":"https:\/\/mznoticia.com.br\/jaguariaiva\/parana-supera-crescimento-da-atividade-economica-do-brasil-pelo-terceiro-mes-consecutivo\/#breadcrumb"},"inLanguage":"pt-BR","potentialAction":[{"@type":"ReadAction","target":["https:\/\/mznoticia.com.br\/jaguariaiva\/parana-supera-crescimento-da-atividade-economica-do-brasil-pelo-terceiro-mes-consecutivo\/"]}]},{"@type":"ImageObject","inLanguage":"pt-BR","@id":"https:\/\/mznoticia.com.br\/jaguariaiva\/parana-supera-crescimento-da-atividade-economica-do-brasil-pelo-terceiro-mes-consecutivo\/#primaryimage","url":"https:\/\/mznoticia.com.br\/jaguariaiva\/wp-content\/uploads\/2026\/08\/parana.jpg","contentUrl":"https:\/\/mznoticia.com.br\/jaguariaiva\/wp-content\/uploads\/2026\/08\/parana.jpg","width":2292,"height":1528,"caption":"Maring\u00e1, 07 de novembro de 2022 - Imagem de drone da regi\u00e3o central de Maring\u00e1 com vista da catedral. Foto: Roberto Dziura Jr.\/AEN"},{"@type":"BreadcrumbList","@id":"https:\/\/mznoticia.com.br\/jaguariaiva\/parana-supera-crescimento-da-atividade-economica-do-brasil-pelo-terceiro-mes-consecutivo\/#breadcrumb","itemListElement":[{"@type":"ListItem","position":1,"name":"Home","item":"https:\/\/mznoticia.com.br\/jaguariaiva\/"},{"@type":"ListItem","position":2,"name":"Paran\u00e1 supera crescimento da atividade econ\u00f4mica do Brasil pelo terceiro m\u00eas consecutivo"}]},{"@type":"WebSite","@id":"https:\/\/mznoticia.com.br\/jaguariaiva\/#website","url":"https:\/\/mznoticia.com.br\/jaguariaiva\/","name":"Mz Not\u00edcia","description":"A informa\u00e7\u00e3o que voc\u00ea precisa na hora certa!","publisher":{"@id":"https:\/\/mznoticia.com.br\/jaguariaiva\/#organization"},"potentialAction":[{"@type":"SearchAction","target":{"@type":"EntryPoint","urlTemplate":"https:\/\/mznoticia.com.br\/jaguariaiva\/?s={search_term_string}"},"query-input":{"@type":"PropertyValueSpecification","valueRequired":true,"valueName":"search_term_string"}}],"inLanguage":"pt-BR"},{"@type":"Organization","@id":"https:\/\/mznoticia.com.br\/jaguariaiva\/#organization","name":"Mz Not\u00edcia","url":"https:\/\/mznoticia.com.br\/jaguariaiva\/","logo":{"@type":"ImageObject","inLanguage":"pt-BR","@id":"https:\/\/mznoticia.com.br\/jaguariaiva\/#\/schema\/logo\/image\/","url":"https:\/\/mznoticia.com.br\/jaguariaiva\/wp-content\/uploads\/2025\/03\/Design-sem-nome-4-e1741200616392.png","contentUrl":"https:\/\/mznoticia.com.br\/jaguariaiva\/wp-content\/uploads\/2025\/03\/Design-sem-nome-4-e1741200616392.png","width":750,"height":563,"caption":"Mz Not\u00edcia"},"image":{"@id":"https:\/\/mznoticia.com.br\/jaguariaiva\/#\/schema\/logo\/image\/"},"sameAs":["https:\/\/www.facebook.com\/profile.php?id=61573479951222","https:\/\/www.instagram.com\/mz.jaguariaiva\/"]},{"@type":"Person","@id":"https:\/\/mznoticia.com.br\/jaguariaiva\/#\/schema\/person\/7ecde13ae5f5a92f0ff9b2155d7a6d6e","name":"Reda\u00e7\u00e3o MZ","image":{"@type":"ImageObject","inLanguage":"pt-BR","@id":"https:\/\/mznoticia.com.br\/jaguariaiva\/wp-content\/uploads\/2025\/02\/mznoticia_jaguariaiva_coluna-150x150.png","url":"https:\/\/mznoticia.com.br\/jaguariaiva\/wp-content\/uploads\/2025\/02\/mznoticia_jaguariaiva_coluna-150x150.png","contentUrl":"https:\/\/mznoticia.com.br\/jaguariaiva\/wp-content\/uploads\/2025\/02\/mznoticia_jaguariaiva_coluna-150x150.png","caption":"Reda\u00e7\u00e3o MZ"},"url":"https:\/\/mznoticia.com.br\/jaguariaiva\/author\/yan\/"}]}},"_links":{"self":[{"href":"https:\/\/mznoticia.com.br\/jaguariaiva\/wp-json\/wp\/v2\/posts\/7220","targetHints":{"allow":["GET"]}}],"collection":[{"href":"https:\/\/mznoticia.com.br\/jaguariaiva\/wp-json\/wp\/v2\/posts"}],"about":[{"href":"https:\/\/mznoticia.com.br\/jaguariaiva\/wp-json\/wp\/v2\/types\/post"}],"author":[{"embeddable":true,"href":"https:\/\/mznoticia.com.br\/jaguariaiva\/wp-json\/wp\/v2\/users\/18"}],"replies":[{"embeddable":true,"href":"https:\/\/mznoticia.com.br\/jaguariaiva\/wp-json\/wp\/v2\/comments?post=7220"}],"version-history":[{"count":1,"href":"https:\/\/mznoticia.com.br\/jaguariaiva\/wp-json\/wp\/v2\/posts\/7220\/revisions"}],"predecessor-version":[{"id":7222,"href":"https:\/\/mznoticia.com.br\/jaguariaiva\/wp-json\/wp\/v2\/posts\/7220\/revisions\/7222"}],"wp:featuredmedia":[{"embeddable":true,"href":"https:\/\/mznoticia.com.br\/jaguariaiva\/wp-json\/wp\/v2\/media\/7221"}],"wp:attachment":[{"href":"https:\/\/mznoticia.com.br\/jaguariaiva\/wp-json\/wp\/v2\/media?parent=7220"}],"wp:term":[{"taxonomy":"category","embeddable":true,"href":"https:\/\/mznoticia.com.br\/jaguariaiva\/wp-json\/wp\/v2\/categories?post=7220"},{"taxonomy":"post_tag","embeddable":true,"href":"https:\/\/mznoticia.com.br\/jaguariaiva\/wp-json\/wp\/v2\/tags?post=7220"}],"curies":[{"name":"wp","href":"https:\/\/api.w.org\/{rel}","templated":true}]}}