{"id":7223,"date":"2026-08-27T19:36:19","date_gmt":"2026-08-27T19:36:19","guid":{"rendered":"https:\/\/mznoticia.com.br\/jaguariaiva\/?p=7223"},"modified":"2026-08-27T19:36:19","modified_gmt":"2026-08-27T19:36:19","slug":"eua-marcam-julgamento-de-suposto-mentor-do-11-de-setembro","status":"publish","type":"post","link":"https:\/\/mznoticia.com.br\/jaguariaiva\/eua-marcam-julgamento-de-suposto-mentor-do-11-de-setembro\/","title":{"rendered":"EUA marcam julgamento de suposto mentor do 11 de Setembro"},"content":{"rendered":"<p class=\"isSelectedEnd\">Khalid Sheikh Mohammed e outros tr\u00eas r\u00e9us ser\u00e3o julgados por tribunal militar em Guant\u00e1namo; processo se arrasta h\u00e1 cerca de duas d\u00e9cadas.<\/p>\n<h2>Julgamento est\u00e1 marcado para junho de 2028<\/h2>\n<p class=\"isSelectedEnd\">Um juiz militar dos Estados Unidos marcou para 5 de junho de 2028 o in\u00edcio do julgamento de Khalid Sheikh Mohammed, acusado de ser o mentor dos ataques de 11 de Setembro de 2001, e de outros tr\u00eas r\u00e9us.<\/p>\n<p class=\"isSelectedEnd\">A decis\u00e3o foi tomada na quarta-feira (26) e representa mais um avan\u00e7o em um processo que se prolonga h\u00e1 cerca de duas d\u00e9cadas.<\/p>\n<p class=\"isSelectedEnd\">Os quatro acusados est\u00e3o detidos na base militar de Guant\u00e1namo, em Cuba. O julgamento ser\u00e1 realizado por um tribunal militar, seguindo as regras da Justi\u00e7a Militar dos Estados Unidos.<\/p>\n<p class=\"isSelectedEnd\">Al\u00e9m de Khalid Sheikh Mohammed, ser\u00e3o julgados:<\/p>\n<ul data-spread=\"false\">\n<li>Walid Muhammad Salih Mubarak bin &#8216;Atash;<\/li>\n<li>Mustafa Ahmed Adam al Hawsawi;<\/li>\n<li>Ali Abdul Aziz Ali.<\/li>\n<\/ul>\n<h2>Quem \u00e9 Khalid Sheikh Mohammed<\/h2>\n<p class=\"isSelectedEnd\">Khalid Sheikh Mohammed \u00e9 um dos mais conhecidos detentos da pris\u00e3o de Guant\u00e1namo. Segundo a acusa\u00e7\u00e3o, ele concebeu o plano de sequestrar avi\u00f5es e treinar pilotos para executar os ataques contra as Torres G\u00eameas.<\/p>\n<p class=\"isSelectedEnd\">O plano teria sido apresentado ao ent\u00e3o l\u00edder da Al-Qaeda, Osama Bin Laden, que posteriormente ordenou a realiza\u00e7\u00e3o do atentado.<\/p>\n<p class=\"isSelectedEnd\">Mohammed foi capturado durante uma opera\u00e7\u00e3o no Paquist\u00e3o em 1\u00ba de mar\u00e7o de 2003.<\/p>\n<h2>O que aconteceu nos ataques de 11 de Setembro<\/h2>\n<p class=\"isSelectedEnd\">Mohammed \u00e9 acusado de planejar os ataques que resultaram no sequestro de quatro avi\u00f5es comerciais.<\/p>\n<p class=\"isSelectedEnd\">Dois deles atingiram as torres do World Trade Center, em Nova York. Uma terceira aeronave atingiu o Pent\u00e1gono, sede do Departamento de Defesa dos Estados Unidos.<\/p>\n<p class=\"isSelectedEnd\">O quarto avi\u00e3o caiu na Pensilv\u00e2nia depois que passageiros e tripulantes tentaram retomar o controle da aeronave.<\/p>\n<p class=\"isSelectedEnd\">Os atentados de 11 de Setembro de 2001 deixaram quase 3 mil mortos.<\/p>\n<p class=\"isSelectedEnd\">A pris\u00e3o de Guant\u00e1namo foi criada em 2002 pelo ent\u00e3o presidente americano George W. Bush para abrigar suspeitos de terrorismo capturados ap\u00f3s os ataques.<\/p>\n<h2>Acordos que poderiam evitar a pena de morte<\/h2>\n<p class=\"isSelectedEnd\">A defini\u00e7\u00e3o da data do julgamento ocorreu pouco mais de um m\u00eas depois de um tribunal de apela\u00e7\u00e3o dos Estados Unidos impedir que Mohammed e outros dois r\u00e9us se declarassem culpados em acordos que evitariam a pena de morte.<\/p>\n<p class=\"isSelectedEnd\">O tribunal de apela\u00e7\u00e3o derrubou decis\u00f5es anteriores de um juiz militar e do Tribunal de Revis\u00e3o da Comiss\u00e3o Militar dos Estados Unidos, que haviam considerado v\u00e1lidos os acordos.<\/p>\n<p class=\"isSelectedEnd\">As propostas foram apresentadas no ano passado e aceitas pelo oficial respons\u00e1vel por supervisionar as comiss\u00f5es militares em Guant\u00e1namo.<\/p>\n<p class=\"isSelectedEnd\">Em agosto de 2025, por\u00e9m, o ent\u00e3o secret\u00e1rio de Defesa dos Estados Unidos, Lloyd Austin, revogou a autoriza\u00e7\u00e3o ap\u00f3s cr\u00edticas de parlamentares republicanos.<\/p>\n<h2>Como ser\u00e1 o julgamento<\/h2>\n<p class=\"isSelectedEnd\">Segundo a decis\u00e3o do tenente-coronel da For\u00e7a A\u00e9rea americana Michael Schrama, o processo come\u00e7ar\u00e1 com a escolha dos militares que formar\u00e3o o painel respons\u00e1vel pelo julgamento.<\/p>\n<p class=\"isSelectedEnd\">As alega\u00e7\u00f5es iniciais ser\u00e3o apresentadas 30 dias ap\u00f3s a forma\u00e7\u00e3o do painel. Na sequ\u00eancia, a acusa\u00e7\u00e3o apresentar\u00e1 suas provas.<\/p>\n<p class=\"isSelectedEnd\">A defesa poder\u00e1 apresentar pedidos para que os r\u00e9us sejam absolvidos. As duas partes ter\u00e3o oportunidade de responder aos argumentos e contestar as alega\u00e7\u00f5es advers\u00e1rias.<\/p>\n<p class=\"isSelectedEnd\">A defesa come\u00e7ar\u00e1 a apresentar suas principais provas 60 dias ap\u00f3s o encerramento da apresenta\u00e7\u00e3o das provas pela acusa\u00e7\u00e3o.<\/p>\n<p class=\"isSelectedEnd\">O processo ser\u00e1 encerrado com a defini\u00e7\u00e3o das penas, caso os r\u00e9us sejam considerados culpados.<\/p>\n<p>Schrama rejeitou o pedido dos promotores para que o julgamento come\u00e7asse em janeiro de 2027. Segundo o juiz, essa data deixaria pouco tempo para solucionar quest\u00f5es relacionadas \u00e0s provas e outros procedimentos antes do in\u00edcio do julgamento.<\/p>\n","protected":false},"excerpt":{"rendered":"<p>Khalid Sheikh Mohammed e outros tr\u00eas r\u00e9us ser\u00e3o julgados por tribunal militar em Guant\u00e1namo; processo se arrasta h\u00e1 cerca de duas d\u00e9cadas. Julgamento est\u00e1 marcado para junho de 2028 Um juiz militar dos Estados Unidos marcou para 5 de junho de 2028 o in\u00edcio do julgamento de Khalid Sheikh Mohammed, acusado de ser o mentor [&hellip;]<\/p>\n","protected":false},"author":18,"featured_media":7224,"comment_status":"open","ping_status":"open","sticky":false,"template":"","format":"standard","meta":{"footnotes":""},"categories":[12,15],"tags":[2910,2912,47,676,2911,391,2909,261,2913,2915,2914],"class_list":["post-7223","post","type-post","status-publish","format-standard","has-post-thumbnail","hentry","category-geral","category-mundo","tag-11-de-setembro","tag-al-qaeda","tag-destaque","tag-estados-unidos","tag-guantanamo","tag-justica","tag-khalid-sheikh-mohammed","tag-mundo","tag-osama-bin-laden","tag-terrorismo","tag-tribunal-militar"],"yoast_head":"<!-- This site is optimized with the Yoast SEO plugin v28.1 - https:\/\/yoast.com\/product\/yoast-seo-wordpress\/ -->\n<title>EUA marcam julgamento de suposto mentor do 11 de Setembro - Mz Not\u00edcias<\/title>\n<meta name=\"description\" content=\"Khalid Sheikh Mohammed e outros tr\u00eas r\u00e9us ser\u00e3o julgados em tribunal militar de Guant\u00e1namo a partir de 5 de junho de 2028 pelos ataques de 11 de Setembro.\" \/>\n<meta name=\"robots\" content=\"index, follow, max-snippet:-1, max-image-preview:large, max-video-preview:-1\" \/>\n<link rel=\"canonical\" href=\"https:\/\/mznoticia.com.br\/jaguariaiva\/eua-marcam-julgamento-de-suposto-mentor-do-11-de-setembro\/\" \/>\n<meta property=\"og:locale\" content=\"pt_BR\" \/>\n<meta property=\"og:type\" content=\"article\" \/>\n<meta property=\"og:title\" content=\"EUA marcam julgamento de suposto mentor do 11 de Setembro - Mz Not\u00edcias\" \/>\n<meta property=\"og:description\" content=\"Khalid Sheikh Mohammed e outros tr\u00eas r\u00e9us ser\u00e3o julgados em tribunal militar de Guant\u00e1namo a partir de 5 de junho de 2028 pelos ataques de 11 de Setembro.\" \/>\n<meta property=\"og:url\" content=\"https:\/\/mznoticia.com.br\/jaguariaiva\/eua-marcam-julgamento-de-suposto-mentor-do-11-de-setembro\/\" \/>\n<meta property=\"og:site_name\" content=\"Mz Not\u00edcias\" \/>\n<meta property=\"article:publisher\" content=\"https:\/\/www.facebook.com\/profile.php?id=61573479951222\" \/>\n<meta property=\"article:published_time\" content=\"2026-08-27T19:36:19+00:00\" \/>\n<meta property=\"og:image\" content=\"https:\/\/mznoticia.com.br\/jaguariaiva\/wp-content\/uploads\/2026\/08\/terr.jpg\" \/>\n\t<meta property=\"og:image:width\" content=\"1280\" \/>\n\t<meta property=\"og:image:height\" content=\"925\" \/>\n\t<meta property=\"og:image:type\" content=\"image\/jpeg\" \/>\n<meta name=\"author\" content=\"Reda\u00e7\u00e3o MZ\" \/>\n<meta name=\"twitter:card\" content=\"summary_large_image\" \/>\n<meta name=\"twitter:label1\" content=\"Escrito por\" \/>\n\t<meta name=\"twitter:data1\" content=\"Reda\u00e7\u00e3o MZ\" \/>\n\t<meta name=\"twitter:label2\" content=\"Est. tempo de leitura\" \/>\n\t<meta name=\"twitter:data2\" content=\"4 minutos\" \/>\n<script type=\"application\/ld+json\" class=\"yoast-schema-graph\">{\"@context\":\"https:\\\/\\\/schema.org\",\"@graph\":[{\"@type\":\"Article\",\"@id\":\"https:\\\/\\\/mznoticia.com.br\\\/jaguariaiva\\\/eua-marcam-julgamento-de-suposto-mentor-do-11-de-setembro\\\/#article\",\"isPartOf\":{\"@id\":\"https:\\\/\\\/mznoticia.com.br\\\/jaguariaiva\\\/eua-marcam-julgamento-de-suposto-mentor-do-11-de-setembro\\\/\"},\"author\":{\"name\":\"Reda\u00e7\u00e3o MZ\",\"@id\":\"https:\\\/\\\/mznoticia.com.br\\\/jaguariaiva\\\/#\\\/schema\\\/person\\\/7ecde13ae5f5a92f0ff9b2155d7a6d6e\"},\"headline\":\"EUA marcam julgamento de suposto mentor do 11 de Setembro\",\"datePublished\":\"2026-08-27T19:36:19+00:00\",\"mainEntityOfPage\":{\"@id\":\"https:\\\/\\\/mznoticia.com.br\\\/jaguariaiva\\\/eua-marcam-julgamento-de-suposto-mentor-do-11-de-setembro\\\/\"},\"wordCount\":648,\"commentCount\":0,\"publisher\":{\"@id\":\"https:\\\/\\\/mznoticia.com.br\\\/jaguariaiva\\\/#organization\"},\"image\":{\"@id\":\"https:\\\/\\\/mznoticia.com.br\\\/jaguariaiva\\\/eua-marcam-julgamento-de-suposto-mentor-do-11-de-setembro\\\/#primaryimage\"},\"thumbnailUrl\":\"https:\\\/\\\/mznoticia.com.br\\\/jaguariaiva\\\/wp-content\\\/uploads\\\/2026\\\/08\\\/terr.jpg\",\"keywords\":[\"11 de Setembro\",\"Al-Qaeda\",\"destaque\",\"Estados Unidos\",\"Guant\u00e1namo\",\"Justi\u00e7a\",\"Khalid Sheikh Mohammed\",\"mundo\",\"Osama Bin Laden\",\"Terrorismo\",\"Tribunal Militar\"],\"articleSection\":[\"Geral\",\"Mundo\"],\"inLanguage\":\"pt-BR\",\"potentialAction\":[{\"@type\":\"CommentAction\",\"name\":\"Comment\",\"target\":[\"https:\\\/\\\/mznoticia.com.br\\\/jaguariaiva\\\/eua-marcam-julgamento-de-suposto-mentor-do-11-de-setembro\\\/#respond\"]}]},{\"@type\":\"WebPage\",\"@id\":\"https:\\\/\\\/mznoticia.com.br\\\/jaguariaiva\\\/eua-marcam-julgamento-de-suposto-mentor-do-11-de-setembro\\\/\",\"url\":\"https:\\\/\\\/mznoticia.com.br\\\/jaguariaiva\\\/eua-marcam-julgamento-de-suposto-mentor-do-11-de-setembro\\\/\",\"name\":\"EUA marcam julgamento de suposto mentor do 11 de Setembro - Mz Not\u00edcias\",\"isPartOf\":{\"@id\":\"https:\\\/\\\/mznoticia.com.br\\\/jaguariaiva\\\/#website\"},\"primaryImageOfPage\":{\"@id\":\"https:\\\/\\\/mznoticia.com.br\\\/jaguariaiva\\\/eua-marcam-julgamento-de-suposto-mentor-do-11-de-setembro\\\/#primaryimage\"},\"image\":{\"@id\":\"https:\\\/\\\/mznoticia.com.br\\\/jaguariaiva\\\/eua-marcam-julgamento-de-suposto-mentor-do-11-de-setembro\\\/#primaryimage\"},\"thumbnailUrl\":\"https:\\\/\\\/mznoticia.com.br\\\/jaguariaiva\\\/wp-content\\\/uploads\\\/2026\\\/08\\\/terr.jpg\",\"datePublished\":\"2026-08-27T19:36:19+00:00\",\"description\":\"Khalid Sheikh Mohammed e outros tr\u00eas r\u00e9us ser\u00e3o julgados em tribunal militar de Guant\u00e1namo a partir de 5 de junho de 2028 pelos ataques de 11 de Setembro.\",\"breadcrumb\":{\"@id\":\"https:\\\/\\\/mznoticia.com.br\\\/jaguariaiva\\\/eua-marcam-julgamento-de-suposto-mentor-do-11-de-setembro\\\/#breadcrumb\"},\"inLanguage\":\"pt-BR\",\"potentialAction\":[{\"@type\":\"ReadAction\",\"target\":[\"https:\\\/\\\/mznoticia.com.br\\\/jaguariaiva\\\/eua-marcam-julgamento-de-suposto-mentor-do-11-de-setembro\\\/\"]}]},{\"@type\":\"ImageObject\",\"inLanguage\":\"pt-BR\",\"@id\":\"https:\\\/\\\/mznoticia.com.br\\\/jaguariaiva\\\/eua-marcam-julgamento-de-suposto-mentor-do-11-de-setembro\\\/#primaryimage\",\"url\":\"https:\\\/\\\/mznoticia.com.br\\\/jaguariaiva\\\/wp-content\\\/uploads\\\/2026\\\/08\\\/terr.jpg\",\"contentUrl\":\"https:\\\/\\\/mznoticia.com.br\\\/jaguariaiva\\\/wp-content\\\/uploads\\\/2026\\\/08\\\/terr.jpg\",\"width\":1280,\"height\":925},{\"@type\":\"BreadcrumbList\",\"@id\":\"https:\\\/\\\/mznoticia.com.br\\\/jaguariaiva\\\/eua-marcam-julgamento-de-suposto-mentor-do-11-de-setembro\\\/#breadcrumb\",\"itemListElement\":[{\"@type\":\"ListItem\",\"position\":1,\"name\":\"Home\",\"item\":\"https:\\\/\\\/mznoticia.com.br\\\/jaguariaiva\\\/\"},{\"@type\":\"ListItem\",\"position\":2,\"name\":\"EUA marcam julgamento de suposto mentor do 11 de Setembro\"}]},{\"@type\":\"WebSite\",\"@id\":\"https:\\\/\\\/mznoticia.com.br\\\/jaguariaiva\\\/#website\",\"url\":\"https:\\\/\\\/mznoticia.com.br\\\/jaguariaiva\\\/\",\"name\":\"Mz Not\u00edcia\",\"description\":\"A informa\u00e7\u00e3o que voc\u00ea precisa na hora certa!\",\"publisher\":{\"@id\":\"https:\\\/\\\/mznoticia.com.br\\\/jaguariaiva\\\/#organization\"},\"potentialAction\":[{\"@type\":\"SearchAction\",\"target\":{\"@type\":\"EntryPoint\",\"urlTemplate\":\"https:\\\/\\\/mznoticia.com.br\\\/jaguariaiva\\\/?s={search_term_string}\"},\"query-input\":{\"@type\":\"PropertyValueSpecification\",\"valueRequired\":true,\"valueName\":\"search_term_string\"}}],\"inLanguage\":\"pt-BR\"},{\"@type\":\"Organization\",\"@id\":\"https:\\\/\\\/mznoticia.com.br\\\/jaguariaiva\\\/#organization\",\"name\":\"Mz Not\u00edcia\",\"url\":\"https:\\\/\\\/mznoticia.com.br\\\/jaguariaiva\\\/\",\"logo\":{\"@type\":\"ImageObject\",\"inLanguage\":\"pt-BR\",\"@id\":\"https:\\\/\\\/mznoticia.com.br\\\/jaguariaiva\\\/#\\\/schema\\\/logo\\\/image\\\/\",\"url\":\"https:\\\/\\\/mznoticia.com.br\\\/jaguariaiva\\\/wp-content\\\/uploads\\\/2025\\\/03\\\/Design-sem-nome-4-e1741200616392.png\",\"contentUrl\":\"https:\\\/\\\/mznoticia.com.br\\\/jaguariaiva\\\/wp-content\\\/uploads\\\/2025\\\/03\\\/Design-sem-nome-4-e1741200616392.png\",\"width\":750,\"height\":563,\"caption\":\"Mz Not\u00edcia\"},\"image\":{\"@id\":\"https:\\\/\\\/mznoticia.com.br\\\/jaguariaiva\\\/#\\\/schema\\\/logo\\\/image\\\/\"},\"sameAs\":[\"https:\\\/\\\/www.facebook.com\\\/profile.php?id=61573479951222\",\"https:\\\/\\\/www.instagram.com\\\/mz.jaguariaiva\\\/\"]},{\"@type\":\"Person\",\"@id\":\"https:\\\/\\\/mznoticia.com.br\\\/jaguariaiva\\\/#\\\/schema\\\/person\\\/7ecde13ae5f5a92f0ff9b2155d7a6d6e\",\"name\":\"Reda\u00e7\u00e3o MZ\",\"image\":{\"@type\":\"ImageObject\",\"inLanguage\":\"pt-BR\",\"@id\":\"https:\\\/\\\/mznoticia.com.br\\\/jaguariaiva\\\/wp-content\\\/uploads\\\/2025\\\/02\\\/mznoticia_jaguariaiva_coluna-150x150.png\",\"url\":\"https:\\\/\\\/mznoticia.com.br\\\/jaguariaiva\\\/wp-content\\\/uploads\\\/2025\\\/02\\\/mznoticia_jaguariaiva_coluna-150x150.png\",\"contentUrl\":\"https:\\\/\\\/mznoticia.com.br\\\/jaguariaiva\\\/wp-content\\\/uploads\\\/2025\\\/02\\\/mznoticia_jaguariaiva_coluna-150x150.png\",\"caption\":\"Reda\u00e7\u00e3o MZ\"},\"url\":\"https:\\\/\\\/mznoticia.com.br\\\/jaguariaiva\\\/author\\\/yan\\\/\"}]}<\/script>\n<!-- \/ Yoast SEO plugin. -->","yoast_head_json":{"title":"EUA marcam julgamento de suposto mentor do 11 de Setembro - Mz Not\u00edcias","description":"Khalid Sheikh Mohammed e outros tr\u00eas r\u00e9us ser\u00e3o julgados em tribunal militar de Guant\u00e1namo a partir de 5 de junho de 2028 pelos ataques de 11 de Setembro.","robots":{"index":"index","follow":"follow","max-snippet":"max-snippet:-1","max-image-preview":"max-image-preview:large","max-video-preview":"max-video-preview:-1"},"canonical":"https:\/\/mznoticia.com.br\/jaguariaiva\/eua-marcam-julgamento-de-suposto-mentor-do-11-de-setembro\/","og_locale":"pt_BR","og_type":"article","og_title":"EUA marcam julgamento de suposto mentor do 11 de Setembro - Mz Not\u00edcias","og_description":"Khalid Sheikh Mohammed e outros tr\u00eas r\u00e9us ser\u00e3o julgados em tribunal militar de Guant\u00e1namo a partir de 5 de junho de 2028 pelos ataques de 11 de Setembro.","og_url":"https:\/\/mznoticia.com.br\/jaguariaiva\/eua-marcam-julgamento-de-suposto-mentor-do-11-de-setembro\/","og_site_name":"Mz Not\u00edcias","article_publisher":"https:\/\/www.facebook.com\/profile.php?id=61573479951222","article_published_time":"2026-08-27T19:36:19+00:00","og_image":[{"width":1280,"height":925,"url":"https:\/\/mznoticia.com.br\/jaguariaiva\/wp-content\/uploads\/2026\/08\/terr.jpg","type":"image\/jpeg"}],"author":"Reda\u00e7\u00e3o MZ","twitter_card":"summary_large_image","twitter_misc":{"Escrito por":"Reda\u00e7\u00e3o MZ","Est. tempo de leitura":"4 minutos"},"schema":{"@context":"https:\/\/schema.org","@graph":[{"@type":"Article","@id":"https:\/\/mznoticia.com.br\/jaguariaiva\/eua-marcam-julgamento-de-suposto-mentor-do-11-de-setembro\/#article","isPartOf":{"@id":"https:\/\/mznoticia.com.br\/jaguariaiva\/eua-marcam-julgamento-de-suposto-mentor-do-11-de-setembro\/"},"author":{"name":"Reda\u00e7\u00e3o MZ","@id":"https:\/\/mznoticia.com.br\/jaguariaiva\/#\/schema\/person\/7ecde13ae5f5a92f0ff9b2155d7a6d6e"},"headline":"EUA marcam julgamento de suposto mentor do 11 de Setembro","datePublished":"2026-08-27T19:36:19+00:00","mainEntityOfPage":{"@id":"https:\/\/mznoticia.com.br\/jaguariaiva\/eua-marcam-julgamento-de-suposto-mentor-do-11-de-setembro\/"},"wordCount":648,"commentCount":0,"publisher":{"@id":"https:\/\/mznoticia.com.br\/jaguariaiva\/#organization"},"image":{"@id":"https:\/\/mznoticia.com.br\/jaguariaiva\/eua-marcam-julgamento-de-suposto-mentor-do-11-de-setembro\/#primaryimage"},"thumbnailUrl":"https:\/\/mznoticia.com.br\/jaguariaiva\/wp-content\/uploads\/2026\/08\/terr.jpg","keywords":["11 de Setembro","Al-Qaeda","destaque","Estados Unidos","Guant\u00e1namo","Justi\u00e7a","Khalid Sheikh Mohammed","mundo","Osama Bin Laden","Terrorismo","Tribunal Militar"],"articleSection":["Geral","Mundo"],"inLanguage":"pt-BR","potentialAction":[{"@type":"CommentAction","name":"Comment","target":["https:\/\/mznoticia.com.br\/jaguariaiva\/eua-marcam-julgamento-de-suposto-mentor-do-11-de-setembro\/#respond"]}]},{"@type":"WebPage","@id":"https:\/\/mznoticia.com.br\/jaguariaiva\/eua-marcam-julgamento-de-suposto-mentor-do-11-de-setembro\/","url":"https:\/\/mznoticia.com.br\/jaguariaiva\/eua-marcam-julgamento-de-suposto-mentor-do-11-de-setembro\/","name":"EUA marcam julgamento de suposto mentor do 11 de Setembro - Mz Not\u00edcias","isPartOf":{"@id":"https:\/\/mznoticia.com.br\/jaguariaiva\/#website"},"primaryImageOfPage":{"@id":"https:\/\/mznoticia.com.br\/jaguariaiva\/eua-marcam-julgamento-de-suposto-mentor-do-11-de-setembro\/#primaryimage"},"image":{"@id":"https:\/\/mznoticia.com.br\/jaguariaiva\/eua-marcam-julgamento-de-suposto-mentor-do-11-de-setembro\/#primaryimage"},"thumbnailUrl":"https:\/\/mznoticia.com.br\/jaguariaiva\/wp-content\/uploads\/2026\/08\/terr.jpg","datePublished":"2026-08-27T19:36:19+00:00","description":"Khalid Sheikh Mohammed e outros tr\u00eas r\u00e9us ser\u00e3o julgados em tribunal militar de Guant\u00e1namo a partir de 5 de junho de 2028 pelos ataques de 11 de Setembro.","breadcrumb":{"@id":"https:\/\/mznoticia.com.br\/jaguariaiva\/eua-marcam-julgamento-de-suposto-mentor-do-11-de-setembro\/#breadcrumb"},"inLanguage":"pt-BR","potentialAction":[{"@type":"ReadAction","target":["https:\/\/mznoticia.com.br\/jaguariaiva\/eua-marcam-julgamento-de-suposto-mentor-do-11-de-setembro\/"]}]},{"@type":"ImageObject","inLanguage":"pt-BR","@id":"https:\/\/mznoticia.com.br\/jaguariaiva\/eua-marcam-julgamento-de-suposto-mentor-do-11-de-setembro\/#primaryimage","url":"https:\/\/mznoticia.com.br\/jaguariaiva\/wp-content\/uploads\/2026\/08\/terr.jpg","contentUrl":"https:\/\/mznoticia.com.br\/jaguariaiva\/wp-content\/uploads\/2026\/08\/terr.jpg","width":1280,"height":925},{"@type":"BreadcrumbList","@id":"https:\/\/mznoticia.com.br\/jaguariaiva\/eua-marcam-julgamento-de-suposto-mentor-do-11-de-setembro\/#breadcrumb","itemListElement":[{"@type":"ListItem","position":1,"name":"Home","item":"https:\/\/mznoticia.com.br\/jaguariaiva\/"},{"@type":"ListItem","position":2,"name":"EUA marcam julgamento de suposto mentor do 11 de Setembro"}]},{"@type":"WebSite","@id":"https:\/\/mznoticia.com.br\/jaguariaiva\/#website","url":"https:\/\/mznoticia.com.br\/jaguariaiva\/","name":"Mz Not\u00edcia","description":"A informa\u00e7\u00e3o que voc\u00ea precisa na hora certa!","publisher":{"@id":"https:\/\/mznoticia.com.br\/jaguariaiva\/#organization"},"potentialAction":[{"@type":"SearchAction","target":{"@type":"EntryPoint","urlTemplate":"https:\/\/mznoticia.com.br\/jaguariaiva\/?s={search_term_string}"},"query-input":{"@type":"PropertyValueSpecification","valueRequired":true,"valueName":"search_term_string"}}],"inLanguage":"pt-BR"},{"@type":"Organization","@id":"https:\/\/mznoticia.com.br\/jaguariaiva\/#organization","name":"Mz Not\u00edcia","url":"https:\/\/mznoticia.com.br\/jaguariaiva\/","logo":{"@type":"ImageObject","inLanguage":"pt-BR","@id":"https:\/\/mznoticia.com.br\/jaguariaiva\/#\/schema\/logo\/image\/","url":"https:\/\/mznoticia.com.br\/jaguariaiva\/wp-content\/uploads\/2025\/03\/Design-sem-nome-4-e1741200616392.png","contentUrl":"https:\/\/mznoticia.com.br\/jaguariaiva\/wp-content\/uploads\/2025\/03\/Design-sem-nome-4-e1741200616392.png","width":750,"height":563,"caption":"Mz Not\u00edcia"},"image":{"@id":"https:\/\/mznoticia.com.br\/jaguariaiva\/#\/schema\/logo\/image\/"},"sameAs":["https:\/\/www.facebook.com\/profile.php?id=61573479951222","https:\/\/www.instagram.com\/mz.jaguariaiva\/"]},{"@type":"Person","@id":"https:\/\/mznoticia.com.br\/jaguariaiva\/#\/schema\/person\/7ecde13ae5f5a92f0ff9b2155d7a6d6e","name":"Reda\u00e7\u00e3o MZ","image":{"@type":"ImageObject","inLanguage":"pt-BR","@id":"https:\/\/mznoticia.com.br\/jaguariaiva\/wp-content\/uploads\/2025\/02\/mznoticia_jaguariaiva_coluna-150x150.png","url":"https:\/\/mznoticia.com.br\/jaguariaiva\/wp-content\/uploads\/2025\/02\/mznoticia_jaguariaiva_coluna-150x150.png","contentUrl":"https:\/\/mznoticia.com.br\/jaguariaiva\/wp-content\/uploads\/2025\/02\/mznoticia_jaguariaiva_coluna-150x150.png","caption":"Reda\u00e7\u00e3o MZ"},"url":"https:\/\/mznoticia.com.br\/jaguariaiva\/author\/yan\/"}]}},"_links":{"self":[{"href":"https:\/\/mznoticia.com.br\/jaguariaiva\/wp-json\/wp\/v2\/posts\/7223","targetHints":{"allow":["GET"]}}],"collection":[{"href":"https:\/\/mznoticia.com.br\/jaguariaiva\/wp-json\/wp\/v2\/posts"}],"about":[{"href":"https:\/\/mznoticia.com.br\/jaguariaiva\/wp-json\/wp\/v2\/types\/post"}],"author":[{"embeddable":true,"href":"https:\/\/mznoticia.com.br\/jaguariaiva\/wp-json\/wp\/v2\/users\/18"}],"replies":[{"embeddable":true,"href":"https:\/\/mznoticia.com.br\/jaguariaiva\/wp-json\/wp\/v2\/comments?post=7223"}],"version-history":[{"count":1,"href":"https:\/\/mznoticia.com.br\/jaguariaiva\/wp-json\/wp\/v2\/posts\/7223\/revisions"}],"predecessor-version":[{"id":7225,"href":"https:\/\/mznoticia.com.br\/jaguariaiva\/wp-json\/wp\/v2\/posts\/7223\/revisions\/7225"}],"wp:featuredmedia":[{"embeddable":true,"href":"https:\/\/mznoticia.com.br\/jaguariaiva\/wp-json\/wp\/v2\/media\/7224"}],"wp:attachment":[{"href":"https:\/\/mznoticia.com.br\/jaguariaiva\/wp-json\/wp\/v2\/media?parent=7223"}],"wp:term":[{"taxonomy":"category","embeddable":true,"href":"https:\/\/mznoticia.com.br\/jaguariaiva\/wp-json\/wp\/v2\/categories?post=7223"},{"taxonomy":"post_tag","embeddable":true,"href":"https:\/\/mznoticia.com.br\/jaguariaiva\/wp-json\/wp\/v2\/tags?post=7223"}],"curies":[{"name":"wp","href":"https:\/\/api.w.org\/{rel}","templated":true}]}}