{"id":7226,"date":"2026-08-27T19:47:55","date_gmt":"2026-08-27T19:47:55","guid":{"rendered":"https:\/\/mznoticia.com.br\/jaguariaiva\/?p=7226"},"modified":"2026-08-27T19:47:55","modified_gmt":"2026-08-27T19:47:55","slug":"conmebol-define-datas-e-horarios-das-quartas-de-final-da-libertadores-e-sul-americana","status":"publish","type":"post","link":"https:\/\/mznoticia.com.br\/jaguariaiva\/conmebol-define-datas-e-horarios-das-quartas-de-final-da-libertadores-e-sul-americana\/","title":{"rendered":"Conmebol define datas e hor\u00e1rios das quartas de final da Libertadores e Sul-Americana"},"content":{"rendered":"<p class=\"isSelectedEnd\">Fluminense abre as quartas da Libertadores contra o Platense, enquanto Palmeiras e Corinthians entram em campo no dia seguinte; Sul-Americana tamb\u00e9m tem confrontos definidos.<\/p>\n<h2>Libertadores<\/h2>\n<p class=\"isSelectedEnd\">A Conmebol definiu nesta quinta-feira (27) as datas e os hor\u00e1rios dos jogos das quartas de final da Copa Libertadores de 2026. As partidas de ida ser\u00e3o disputadas entre 8 e 10 de setembro, enquanto os confrontos de volta acontecer\u00e3o entre 15 e 17 de setembro.<\/p>\n<p class=\"isSelectedEnd\">O Fluminense ser\u00e1 respons\u00e1vel por abrir a fase decisiva. O time carioca recebe o Platense, da Argentina, no dia 8 de setembro, no Maracan\u00e3, pelo jogo de ida.<\/p>\n<p class=\"isSelectedEnd\">No dia 9 de setembro, ser\u00e1 a vez de Palmeiras e Corinthians entrarem em campo. O Palmeiras recebe a LDU, do Equador, \u00e0s 19h (de Bras\u00edlia), enquanto o Corinthians visita o Estudiantes, da Argentina, \u00e0s 21h30.<\/p>\n<p class=\"isSelectedEnd\">O Flamengo completa a participa\u00e7\u00e3o brasileira nas quartas e far\u00e1 o primeiro jogo fora de casa contra o Independiente del Valle, do Equador, no dia 10 de setembro, \u00e0s 21h30.<\/p>\n<h3>Jogos de ida da Libertadores<\/h3>\n<ul data-spread=\"false\">\n<li><strong>8 de setembro:<\/strong> Fluminense x Platense \u2014 Maracan\u00e3<\/li>\n<li><strong>9 de setembro, 19h:<\/strong> Palmeiras x LDU \u2014 Brasil<\/li>\n<li><strong>9 de setembro, 21h30:<\/strong> Estudiantes x Corinthians \u2014 Argentina<\/li>\n<li><strong>10 de setembro, 21h30:<\/strong> Independiente del Valle x Flamengo \u2014 Equador<\/li>\n<\/ul>\n<p class=\"isSelectedEnd\">Os jogos de volta ser\u00e3o realizados entre os dias 15 e 17 de setembro, com os mandos de campo invertidos.<\/p>\n<h2>Sul-Americana<\/h2>\n<p class=\"isSelectedEnd\">As quartas de final da Copa Sul-Americana tamb\u00e9m ter\u00e3o seus primeiros jogos entre os dias 8 e 10 de setembro, com as partidas de volta previstas para ocorrer entre 15 e 17 do mesmo m\u00eas.<\/p>\n<p class=\"isSelectedEnd\">Entre os brasileiros, o Vasco enfrenta o Santa Fe, da Col\u00f4mbia, em Bogot\u00e1, no dia 8 de setembro, \u00e0s 19h.<\/p>\n<p class=\"isSelectedEnd\">No mesmo dia, o S\u00e3o Paulo visita o Boca Juniors, na Bombonera, \u00e0s 21h30.<\/p>\n<p class=\"isSelectedEnd\">No dia 9, Santos e Atl\u00e9tico-MG fazem um duelo brasileiro na Vila Belmiro, \u00e0s 19h.<\/p>\n<p class=\"isSelectedEnd\">Fechando a rodada de ida, Cienciano e Montevideo City Torque se enfrentam no dia 10 de setembro, \u00e0s 21h30.<\/p>\n<h3>Jogos de ida da Sul-Americana<\/h3>\n<ul data-spread=\"false\">\n<li><strong>8 de setembro, 19h:<\/strong> Santa Fe x Vasco<\/li>\n<li><strong>8 de setembro, 21h30:<\/strong> Boca Juniors x S\u00e3o Paulo<\/li>\n<li><strong>9 de setembro, 19h:<\/strong> Santos x Atl\u00e9tico-MG<\/li>\n<li><strong>10 de setembro, 21h30:<\/strong> Cienciano x Montevideo City Torque<\/li>\n<\/ul>\n<p>A defini\u00e7\u00e3o dos confrontos coloca oito equipes na disputa pelas vagas nas semifinais da competi\u00e7\u00e3o.<\/p>\n","protected":false},"excerpt":{"rendered":"<p>Fluminense abre as quartas da Libertadores contra o Platense, enquanto Palmeiras e Corinthians entram em campo no dia seguinte; Sul-Americana tamb\u00e9m tem confrontos definidos. Libertadores A Conmebol definiu nesta quinta-feira (27) as datas e os hor\u00e1rios dos jogos das quartas de final da Copa Libertadores de 2026. As partidas de ida ser\u00e3o disputadas entre 8 [&hellip;]<\/p>\n","protected":false},"author":18,"featured_media":7227,"comment_status":"open","ping_status":"open","sticky":false,"template":"","format":"standard","meta":{"footnotes":""},"categories":[5,9],"tags":[1530,2916,106,47,1627,1624,39,1810,112,107,113,1242,1625],"class_list":["post-7226","post","type-post","status-publish","format-standard","has-post-thumbnail","hentry","category-brasil","category-esportes","tag-atletico-mg","tag-conmebol","tag-corinthians","tag-destaque","tag-flamengo","tag-fluminense","tag-futebol","tag-libertadores","tag-palmeiras","tag-santos","tag-sao-paulo","tag-sul-americana","tag-vasco"],"yoast_head":"<!-- This site is optimized with the Yoast SEO plugin v28.1 - https:\/\/yoast.com\/product\/yoast-seo-wordpress\/ -->\n<title>Conmebol define datas e hor\u00e1rios das quartas de final da Libertadores e Sul-Americana - Mz Not\u00edcias<\/title>\n<meta name=\"description\" content=\"Conmebol define datas e hor\u00e1rios das quartas de final da Libertadores e Sul-Americana. Fluminense, Palmeiras, Corinthians e Flamengo entram em campo em setembro.\" \/>\n<meta name=\"robots\" content=\"index, follow, max-snippet:-1, max-image-preview:large, max-video-preview:-1\" \/>\n<link rel=\"canonical\" href=\"https:\/\/mznoticia.com.br\/jaguariaiva\/conmebol-define-datas-e-horarios-das-quartas-de-final-da-libertadores-e-sul-americana\/\" \/>\n<meta property=\"og:locale\" content=\"pt_BR\" \/>\n<meta property=\"og:type\" content=\"article\" \/>\n<meta property=\"og:title\" content=\"Conmebol define datas e hor\u00e1rios das quartas de final da Libertadores e Sul-Americana - Mz Not\u00edcias\" \/>\n<meta property=\"og:description\" content=\"Conmebol define datas e hor\u00e1rios das quartas de final da Libertadores e Sul-Americana. Fluminense, Palmeiras, Corinthians e Flamengo entram em campo em setembro.\" \/>\n<meta property=\"og:url\" content=\"https:\/\/mznoticia.com.br\/jaguariaiva\/conmebol-define-datas-e-horarios-das-quartas-de-final-da-libertadores-e-sul-americana\/\" \/>\n<meta property=\"og:site_name\" content=\"Mz Not\u00edcias\" \/>\n<meta property=\"article:publisher\" content=\"https:\/\/www.facebook.com\/profile.php?id=61573479951222\" \/>\n<meta property=\"article:published_time\" content=\"2026-08-27T19:47:55+00:00\" \/>\n<meta property=\"og:image\" content=\"https:\/\/mznoticia.com.br\/jaguariaiva\/wp-content\/uploads\/2026\/08\/sula.jpg\" \/>\n\t<meta property=\"og:image:width\" content=\"689\" \/>\n\t<meta property=\"og:image:height\" content=\"445\" \/>\n\t<meta property=\"og:image:type\" content=\"image\/jpeg\" \/>\n<meta name=\"author\" content=\"Reda\u00e7\u00e3o MZ\" \/>\n<meta name=\"twitter:card\" content=\"summary_large_image\" \/>\n<meta name=\"twitter:label1\" content=\"Escrito por\" \/>\n\t<meta name=\"twitter:data1\" content=\"Reda\u00e7\u00e3o MZ\" \/>\n\t<meta name=\"twitter:label2\" content=\"Est. tempo de leitura\" \/>\n\t<meta name=\"twitter:data2\" content=\"3 minutos\" \/>\n<script type=\"application\/ld+json\" class=\"yoast-schema-graph\">{\"@context\":\"https:\\\/\\\/schema.org\",\"@graph\":[{\"@type\":\"Article\",\"@id\":\"https:\\\/\\\/mznoticia.com.br\\\/jaguariaiva\\\/conmebol-define-datas-e-horarios-das-quartas-de-final-da-libertadores-e-sul-americana\\\/#article\",\"isPartOf\":{\"@id\":\"https:\\\/\\\/mznoticia.com.br\\\/jaguariaiva\\\/conmebol-define-datas-e-horarios-das-quartas-de-final-da-libertadores-e-sul-americana\\\/\"},\"author\":{\"name\":\"Reda\u00e7\u00e3o MZ\",\"@id\":\"https:\\\/\\\/mznoticia.com.br\\\/jaguariaiva\\\/#\\\/schema\\\/person\\\/7ecde13ae5f5a92f0ff9b2155d7a6d6e\"},\"headline\":\"Conmebol define datas e hor\u00e1rios das quartas de final da Libertadores e Sul-Americana\",\"datePublished\":\"2026-08-27T19:47:55+00:00\",\"mainEntityOfPage\":{\"@id\":\"https:\\\/\\\/mznoticia.com.br\\\/jaguariaiva\\\/conmebol-define-datas-e-horarios-das-quartas-de-final-da-libertadores-e-sul-americana\\\/\"},\"wordCount\":386,\"commentCount\":0,\"publisher\":{\"@id\":\"https:\\\/\\\/mznoticia.com.br\\\/jaguariaiva\\\/#organization\"},\"image\":{\"@id\":\"https:\\\/\\\/mznoticia.com.br\\\/jaguariaiva\\\/conmebol-define-datas-e-horarios-das-quartas-de-final-da-libertadores-e-sul-americana\\\/#primaryimage\"},\"thumbnailUrl\":\"https:\\\/\\\/mznoticia.com.br\\\/jaguariaiva\\\/wp-content\\\/uploads\\\/2026\\\/08\\\/sula.jpg\",\"keywords\":[\"Atl\u00e9tico-MG\",\"Conmebol\",\"corinthians\",\"destaque\",\"Flamengo\",\"Fluminense\",\"futebol\",\"Libertadores\",\"Palmeiras\",\"santos\",\"S\u00e3o Paulo\",\"Sul-Americana\",\"Vasco\"],\"articleSection\":[\"Brasil\",\"Esportes\"],\"inLanguage\":\"pt-BR\",\"potentialAction\":[{\"@type\":\"CommentAction\",\"name\":\"Comment\",\"target\":[\"https:\\\/\\\/mznoticia.com.br\\\/jaguariaiva\\\/conmebol-define-datas-e-horarios-das-quartas-de-final-da-libertadores-e-sul-americana\\\/#respond\"]}]},{\"@type\":\"WebPage\",\"@id\":\"https:\\\/\\\/mznoticia.com.br\\\/jaguariaiva\\\/conmebol-define-datas-e-horarios-das-quartas-de-final-da-libertadores-e-sul-americana\\\/\",\"url\":\"https:\\\/\\\/mznoticia.com.br\\\/jaguariaiva\\\/conmebol-define-datas-e-horarios-das-quartas-de-final-da-libertadores-e-sul-americana\\\/\",\"name\":\"Conmebol define datas e hor\u00e1rios das quartas de final da Libertadores e Sul-Americana - Mz Not\u00edcias\",\"isPartOf\":{\"@id\":\"https:\\\/\\\/mznoticia.com.br\\\/jaguariaiva\\\/#website\"},\"primaryImageOfPage\":{\"@id\":\"https:\\\/\\\/mznoticia.com.br\\\/jaguariaiva\\\/conmebol-define-datas-e-horarios-das-quartas-de-final-da-libertadores-e-sul-americana\\\/#primaryimage\"},\"image\":{\"@id\":\"https:\\\/\\\/mznoticia.com.br\\\/jaguariaiva\\\/conmebol-define-datas-e-horarios-das-quartas-de-final-da-libertadores-e-sul-americana\\\/#primaryimage\"},\"thumbnailUrl\":\"https:\\\/\\\/mznoticia.com.br\\\/jaguariaiva\\\/wp-content\\\/uploads\\\/2026\\\/08\\\/sula.jpg\",\"datePublished\":\"2026-08-27T19:47:55+00:00\",\"description\":\"Conmebol define datas e hor\u00e1rios das quartas de final da Libertadores e Sul-Americana. Fluminense, Palmeiras, Corinthians e Flamengo entram em campo em setembro.\",\"breadcrumb\":{\"@id\":\"https:\\\/\\\/mznoticia.com.br\\\/jaguariaiva\\\/conmebol-define-datas-e-horarios-das-quartas-de-final-da-libertadores-e-sul-americana\\\/#breadcrumb\"},\"inLanguage\":\"pt-BR\",\"potentialAction\":[{\"@type\":\"ReadAction\",\"target\":[\"https:\\\/\\\/mznoticia.com.br\\\/jaguariaiva\\\/conmebol-define-datas-e-horarios-das-quartas-de-final-da-libertadores-e-sul-americana\\\/\"]}]},{\"@type\":\"ImageObject\",\"inLanguage\":\"pt-BR\",\"@id\":\"https:\\\/\\\/mznoticia.com.br\\\/jaguariaiva\\\/conmebol-define-datas-e-horarios-das-quartas-de-final-da-libertadores-e-sul-americana\\\/#primaryimage\",\"url\":\"https:\\\/\\\/mznoticia.com.br\\\/jaguariaiva\\\/wp-content\\\/uploads\\\/2026\\\/08\\\/sula.jpg\",\"contentUrl\":\"https:\\\/\\\/mznoticia.com.br\\\/jaguariaiva\\\/wp-content\\\/uploads\\\/2026\\\/08\\\/sula.jpg\",\"width\":689,\"height\":445},{\"@type\":\"BreadcrumbList\",\"@id\":\"https:\\\/\\\/mznoticia.com.br\\\/jaguariaiva\\\/conmebol-define-datas-e-horarios-das-quartas-de-final-da-libertadores-e-sul-americana\\\/#breadcrumb\",\"itemListElement\":[{\"@type\":\"ListItem\",\"position\":1,\"name\":\"Home\",\"item\":\"https:\\\/\\\/mznoticia.com.br\\\/jaguariaiva\\\/\"},{\"@type\":\"ListItem\",\"position\":2,\"name\":\"Conmebol define datas e hor\u00e1rios das quartas de final da Libertadores e Sul-Americana\"}]},{\"@type\":\"WebSite\",\"@id\":\"https:\\\/\\\/mznoticia.com.br\\\/jaguariaiva\\\/#website\",\"url\":\"https:\\\/\\\/mznoticia.com.br\\\/jaguariaiva\\\/\",\"name\":\"Mz Not\u00edcia\",\"description\":\"A informa\u00e7\u00e3o que voc\u00ea precisa na hora certa!\",\"publisher\":{\"@id\":\"https:\\\/\\\/mznoticia.com.br\\\/jaguariaiva\\\/#organization\"},\"potentialAction\":[{\"@type\":\"SearchAction\",\"target\":{\"@type\":\"EntryPoint\",\"urlTemplate\":\"https:\\\/\\\/mznoticia.com.br\\\/jaguariaiva\\\/?s={search_term_string}\"},\"query-input\":{\"@type\":\"PropertyValueSpecification\",\"valueRequired\":true,\"valueName\":\"search_term_string\"}}],\"inLanguage\":\"pt-BR\"},{\"@type\":\"Organization\",\"@id\":\"https:\\\/\\\/mznoticia.com.br\\\/jaguariaiva\\\/#organization\",\"name\":\"Mz Not\u00edcia\",\"url\":\"https:\\\/\\\/mznoticia.com.br\\\/jaguariaiva\\\/\",\"logo\":{\"@type\":\"ImageObject\",\"inLanguage\":\"pt-BR\",\"@id\":\"https:\\\/\\\/mznoticia.com.br\\\/jaguariaiva\\\/#\\\/schema\\\/logo\\\/image\\\/\",\"url\":\"https:\\\/\\\/mznoticia.com.br\\\/jaguariaiva\\\/wp-content\\\/uploads\\\/2025\\\/03\\\/Design-sem-nome-4-e1741200616392.png\",\"contentUrl\":\"https:\\\/\\\/mznoticia.com.br\\\/jaguariaiva\\\/wp-content\\\/uploads\\\/2025\\\/03\\\/Design-sem-nome-4-e1741200616392.png\",\"width\":750,\"height\":563,\"caption\":\"Mz Not\u00edcia\"},\"image\":{\"@id\":\"https:\\\/\\\/mznoticia.com.br\\\/jaguariaiva\\\/#\\\/schema\\\/logo\\\/image\\\/\"},\"sameAs\":[\"https:\\\/\\\/www.facebook.com\\\/profile.php?id=61573479951222\",\"https:\\\/\\\/www.instagram.com\\\/mz.jaguariaiva\\\/\"]},{\"@type\":\"Person\",\"@id\":\"https:\\\/\\\/mznoticia.com.br\\\/jaguariaiva\\\/#\\\/schema\\\/person\\\/7ecde13ae5f5a92f0ff9b2155d7a6d6e\",\"name\":\"Reda\u00e7\u00e3o MZ\",\"image\":{\"@type\":\"ImageObject\",\"inLanguage\":\"pt-BR\",\"@id\":\"https:\\\/\\\/mznoticia.com.br\\\/jaguariaiva\\\/wp-content\\\/uploads\\\/2025\\\/02\\\/mznoticia_jaguariaiva_coluna-150x150.png\",\"url\":\"https:\\\/\\\/mznoticia.com.br\\\/jaguariaiva\\\/wp-content\\\/uploads\\\/2025\\\/02\\\/mznoticia_jaguariaiva_coluna-150x150.png\",\"contentUrl\":\"https:\\\/\\\/mznoticia.com.br\\\/jaguariaiva\\\/wp-content\\\/uploads\\\/2025\\\/02\\\/mznoticia_jaguariaiva_coluna-150x150.png\",\"caption\":\"Reda\u00e7\u00e3o MZ\"},\"url\":\"https:\\\/\\\/mznoticia.com.br\\\/jaguariaiva\\\/author\\\/yan\\\/\"}]}<\/script>\n<!-- \/ Yoast SEO plugin. -->","yoast_head_json":{"title":"Conmebol define datas e hor\u00e1rios das quartas de final da Libertadores e Sul-Americana - Mz Not\u00edcias","description":"Conmebol define datas e hor\u00e1rios das quartas de final da Libertadores e Sul-Americana. Fluminense, Palmeiras, Corinthians e Flamengo entram em campo em setembro.","robots":{"index":"index","follow":"follow","max-snippet":"max-snippet:-1","max-image-preview":"max-image-preview:large","max-video-preview":"max-video-preview:-1"},"canonical":"https:\/\/mznoticia.com.br\/jaguariaiva\/conmebol-define-datas-e-horarios-das-quartas-de-final-da-libertadores-e-sul-americana\/","og_locale":"pt_BR","og_type":"article","og_title":"Conmebol define datas e hor\u00e1rios das quartas de final da Libertadores e Sul-Americana - Mz Not\u00edcias","og_description":"Conmebol define datas e hor\u00e1rios das quartas de final da Libertadores e Sul-Americana. Fluminense, Palmeiras, Corinthians e Flamengo entram em campo em setembro.","og_url":"https:\/\/mznoticia.com.br\/jaguariaiva\/conmebol-define-datas-e-horarios-das-quartas-de-final-da-libertadores-e-sul-americana\/","og_site_name":"Mz Not\u00edcias","article_publisher":"https:\/\/www.facebook.com\/profile.php?id=61573479951222","article_published_time":"2026-08-27T19:47:55+00:00","og_image":[{"width":689,"height":445,"url":"https:\/\/mznoticia.com.br\/jaguariaiva\/wp-content\/uploads\/2026\/08\/sula.jpg","type":"image\/jpeg"}],"author":"Reda\u00e7\u00e3o MZ","twitter_card":"summary_large_image","twitter_misc":{"Escrito por":"Reda\u00e7\u00e3o MZ","Est. tempo de leitura":"3 minutos"},"schema":{"@context":"https:\/\/schema.org","@graph":[{"@type":"Article","@id":"https:\/\/mznoticia.com.br\/jaguariaiva\/conmebol-define-datas-e-horarios-das-quartas-de-final-da-libertadores-e-sul-americana\/#article","isPartOf":{"@id":"https:\/\/mznoticia.com.br\/jaguariaiva\/conmebol-define-datas-e-horarios-das-quartas-de-final-da-libertadores-e-sul-americana\/"},"author":{"name":"Reda\u00e7\u00e3o MZ","@id":"https:\/\/mznoticia.com.br\/jaguariaiva\/#\/schema\/person\/7ecde13ae5f5a92f0ff9b2155d7a6d6e"},"headline":"Conmebol define datas e hor\u00e1rios das quartas de final da Libertadores e Sul-Americana","datePublished":"2026-08-27T19:47:55+00:00","mainEntityOfPage":{"@id":"https:\/\/mznoticia.com.br\/jaguariaiva\/conmebol-define-datas-e-horarios-das-quartas-de-final-da-libertadores-e-sul-americana\/"},"wordCount":386,"commentCount":0,"publisher":{"@id":"https:\/\/mznoticia.com.br\/jaguariaiva\/#organization"},"image":{"@id":"https:\/\/mznoticia.com.br\/jaguariaiva\/conmebol-define-datas-e-horarios-das-quartas-de-final-da-libertadores-e-sul-americana\/#primaryimage"},"thumbnailUrl":"https:\/\/mznoticia.com.br\/jaguariaiva\/wp-content\/uploads\/2026\/08\/sula.jpg","keywords":["Atl\u00e9tico-MG","Conmebol","corinthians","destaque","Flamengo","Fluminense","futebol","Libertadores","Palmeiras","santos","S\u00e3o Paulo","Sul-Americana","Vasco"],"articleSection":["Brasil","Esportes"],"inLanguage":"pt-BR","potentialAction":[{"@type":"CommentAction","name":"Comment","target":["https:\/\/mznoticia.com.br\/jaguariaiva\/conmebol-define-datas-e-horarios-das-quartas-de-final-da-libertadores-e-sul-americana\/#respond"]}]},{"@type":"WebPage","@id":"https:\/\/mznoticia.com.br\/jaguariaiva\/conmebol-define-datas-e-horarios-das-quartas-de-final-da-libertadores-e-sul-americana\/","url":"https:\/\/mznoticia.com.br\/jaguariaiva\/conmebol-define-datas-e-horarios-das-quartas-de-final-da-libertadores-e-sul-americana\/","name":"Conmebol define datas e hor\u00e1rios das quartas de final da Libertadores e Sul-Americana - Mz Not\u00edcias","isPartOf":{"@id":"https:\/\/mznoticia.com.br\/jaguariaiva\/#website"},"primaryImageOfPage":{"@id":"https:\/\/mznoticia.com.br\/jaguariaiva\/conmebol-define-datas-e-horarios-das-quartas-de-final-da-libertadores-e-sul-americana\/#primaryimage"},"image":{"@id":"https:\/\/mznoticia.com.br\/jaguariaiva\/conmebol-define-datas-e-horarios-das-quartas-de-final-da-libertadores-e-sul-americana\/#primaryimage"},"thumbnailUrl":"https:\/\/mznoticia.com.br\/jaguariaiva\/wp-content\/uploads\/2026\/08\/sula.jpg","datePublished":"2026-08-27T19:47:55+00:00","description":"Conmebol define datas e hor\u00e1rios das quartas de final da Libertadores e Sul-Americana. Fluminense, Palmeiras, Corinthians e Flamengo entram em campo em setembro.","breadcrumb":{"@id":"https:\/\/mznoticia.com.br\/jaguariaiva\/conmebol-define-datas-e-horarios-das-quartas-de-final-da-libertadores-e-sul-americana\/#breadcrumb"},"inLanguage":"pt-BR","potentialAction":[{"@type":"ReadAction","target":["https:\/\/mznoticia.com.br\/jaguariaiva\/conmebol-define-datas-e-horarios-das-quartas-de-final-da-libertadores-e-sul-americana\/"]}]},{"@type":"ImageObject","inLanguage":"pt-BR","@id":"https:\/\/mznoticia.com.br\/jaguariaiva\/conmebol-define-datas-e-horarios-das-quartas-de-final-da-libertadores-e-sul-americana\/#primaryimage","url":"https:\/\/mznoticia.com.br\/jaguariaiva\/wp-content\/uploads\/2026\/08\/sula.jpg","contentUrl":"https:\/\/mznoticia.com.br\/jaguariaiva\/wp-content\/uploads\/2026\/08\/sula.jpg","width":689,"height":445},{"@type":"BreadcrumbList","@id":"https:\/\/mznoticia.com.br\/jaguariaiva\/conmebol-define-datas-e-horarios-das-quartas-de-final-da-libertadores-e-sul-americana\/#breadcrumb","itemListElement":[{"@type":"ListItem","position":1,"name":"Home","item":"https:\/\/mznoticia.com.br\/jaguariaiva\/"},{"@type":"ListItem","position":2,"name":"Conmebol define datas e hor\u00e1rios das quartas de final da Libertadores e Sul-Americana"}]},{"@type":"WebSite","@id":"https:\/\/mznoticia.com.br\/jaguariaiva\/#website","url":"https:\/\/mznoticia.com.br\/jaguariaiva\/","name":"Mz Not\u00edcia","description":"A informa\u00e7\u00e3o que voc\u00ea precisa na hora certa!","publisher":{"@id":"https:\/\/mznoticia.com.br\/jaguariaiva\/#organization"},"potentialAction":[{"@type":"SearchAction","target":{"@type":"EntryPoint","urlTemplate":"https:\/\/mznoticia.com.br\/jaguariaiva\/?s={search_term_string}"},"query-input":{"@type":"PropertyValueSpecification","valueRequired":true,"valueName":"search_term_string"}}],"inLanguage":"pt-BR"},{"@type":"Organization","@id":"https:\/\/mznoticia.com.br\/jaguariaiva\/#organization","name":"Mz Not\u00edcia","url":"https:\/\/mznoticia.com.br\/jaguariaiva\/","logo":{"@type":"ImageObject","inLanguage":"pt-BR","@id":"https:\/\/mznoticia.com.br\/jaguariaiva\/#\/schema\/logo\/image\/","url":"https:\/\/mznoticia.com.br\/jaguariaiva\/wp-content\/uploads\/2025\/03\/Design-sem-nome-4-e1741200616392.png","contentUrl":"https:\/\/mznoticia.com.br\/jaguariaiva\/wp-content\/uploads\/2025\/03\/Design-sem-nome-4-e1741200616392.png","width":750,"height":563,"caption":"Mz Not\u00edcia"},"image":{"@id":"https:\/\/mznoticia.com.br\/jaguariaiva\/#\/schema\/logo\/image\/"},"sameAs":["https:\/\/www.facebook.com\/profile.php?id=61573479951222","https:\/\/www.instagram.com\/mz.jaguariaiva\/"]},{"@type":"Person","@id":"https:\/\/mznoticia.com.br\/jaguariaiva\/#\/schema\/person\/7ecde13ae5f5a92f0ff9b2155d7a6d6e","name":"Reda\u00e7\u00e3o MZ","image":{"@type":"ImageObject","inLanguage":"pt-BR","@id":"https:\/\/mznoticia.com.br\/jaguariaiva\/wp-content\/uploads\/2025\/02\/mznoticia_jaguariaiva_coluna-150x150.png","url":"https:\/\/mznoticia.com.br\/jaguariaiva\/wp-content\/uploads\/2025\/02\/mznoticia_jaguariaiva_coluna-150x150.png","contentUrl":"https:\/\/mznoticia.com.br\/jaguariaiva\/wp-content\/uploads\/2025\/02\/mznoticia_jaguariaiva_coluna-150x150.png","caption":"Reda\u00e7\u00e3o MZ"},"url":"https:\/\/mznoticia.com.br\/jaguariaiva\/author\/yan\/"}]}},"_links":{"self":[{"href":"https:\/\/mznoticia.com.br\/jaguariaiva\/wp-json\/wp\/v2\/posts\/7226","targetHints":{"allow":["GET"]}}],"collection":[{"href":"https:\/\/mznoticia.com.br\/jaguariaiva\/wp-json\/wp\/v2\/posts"}],"about":[{"href":"https:\/\/mznoticia.com.br\/jaguariaiva\/wp-json\/wp\/v2\/types\/post"}],"author":[{"embeddable":true,"href":"https:\/\/mznoticia.com.br\/jaguariaiva\/wp-json\/wp\/v2\/users\/18"}],"replies":[{"embeddable":true,"href":"https:\/\/mznoticia.com.br\/jaguariaiva\/wp-json\/wp\/v2\/comments?post=7226"}],"version-history":[{"count":1,"href":"https:\/\/mznoticia.com.br\/jaguariaiva\/wp-json\/wp\/v2\/posts\/7226\/revisions"}],"predecessor-version":[{"id":7228,"href":"https:\/\/mznoticia.com.br\/jaguariaiva\/wp-json\/wp\/v2\/posts\/7226\/revisions\/7228"}],"wp:featuredmedia":[{"embeddable":true,"href":"https:\/\/mznoticia.com.br\/jaguariaiva\/wp-json\/wp\/v2\/media\/7227"}],"wp:attachment":[{"href":"https:\/\/mznoticia.com.br\/jaguariaiva\/wp-json\/wp\/v2\/media?parent=7226"}],"wp:term":[{"taxonomy":"category","embeddable":true,"href":"https:\/\/mznoticia.com.br\/jaguariaiva\/wp-json\/wp\/v2\/categories?post=7226"},{"taxonomy":"post_tag","embeddable":true,"href":"https:\/\/mznoticia.com.br\/jaguariaiva\/wp-json\/wp\/v2\/tags?post=7226"}],"curies":[{"name":"wp","href":"https:\/\/api.w.org\/{rel}","templated":true}]}}