{"id":7232,"date":"2026-08-27T20:11:58","date_gmt":"2026-08-27T20:11:58","guid":{"rendered":"https:\/\/mznoticia.com.br\/jaguariaiva\/?p=7232"},"modified":"2026-08-27T20:11:58","modified_gmt":"2026-08-27T20:11:58","slug":"frente-fria-turbinada-provoca-sete-dias-de-chuva-intensa-em-tres-estados-acumulado-pode-chegar-a-300-mm","status":"publish","type":"post","link":"https:\/\/mznoticia.com.br\/jaguariaiva\/frente-fria-turbinada-provoca-sete-dias-de-chuva-intensa-em-tres-estados-acumulado-pode-chegar-a-300-mm\/","title":{"rendered":"Frente fria \u2018turbinada\u2019 provoca sete dias de chuva intensa em tr\u00eas estados; acumulado pode chegar a 300 mm"},"content":{"rendered":"<p class=\"isSelectedEnd\">Primeiro sistema deve provocar temporais no Sul, enquanto uma segunda frente fria deve levar chuva forte ao Sudeste e ao Brasil Central na pr\u00f3xima semana.<\/p>\n<h2>Frente fria deve mudar o tempo no Centro-Sul<\/h2>\n<p class=\"isSelectedEnd\">Duas frentes frias devem provocar uma sequ\u00eancia de dias com chuva intensa e temporais no Centro-Sul do Brasil. A previs\u00e3o indica aproximadamente sete dias de instabilidade, com acumulados que podem se aproximar de 300 mil\u00edmetros em algumas \u00e1reas.<\/p>\n<p class=\"isSelectedEnd\">O primeiro sistema come\u00e7a a se formar nesta quinta-feira (27) e deve atingir principalmente a Regi\u00e3o Sul. J\u00e1 uma segunda frente fria est\u00e1 prevista para a pr\u00f3xima semana, com avan\u00e7o em dire\u00e7\u00e3o ao Sudeste e ao Brasil Central.<\/p>\n<p class=\"isSelectedEnd\">A previs\u00e3o aponta para chuvas acima da m\u00e9dia, al\u00e9m do risco de tempestades severas, granizo, rajadas fortes de vento, tornados isolados e microexplos\u00f5es.<\/p>\n<p class=\"isSelectedEnd\">Os maiores volumes inicialmente devem se concentrar entre o norte do Rio Grande do Sul e Santa Catarina.<\/p>\n<h2>Primeira frente fria provoca chuva intensa no Sul<\/h2>\n<p class=\"isSelectedEnd\">A primeira frente fria come\u00e7a a se formar nesta quinta-feira (27) e deve permanecer praticamente estacion\u00e1ria sobre a Regi\u00e3o Sul at\u00e9 segunda-feira (31).<\/p>\n<p class=\"isSelectedEnd\">A perman\u00eancia do sistema deve favorecer a forma\u00e7\u00e3o cont\u00ednua de \u00e1reas de instabilidade sobre o Rio Grande do Sul, Santa Catarina e Paran\u00e1.<\/p>\n<p class=\"isSelectedEnd\">O cen\u00e1rio chama aten\u00e7\u00e3o principalmente pela intensidade da chuva. A previs\u00e3o indica acumulados di\u00e1rios que podem atingir n\u00edveis incomuns ou extremos em algumas \u00e1reas durante v\u00e1rios dias.<\/p>\n<p class=\"isSelectedEnd\">O maior potencial para tempestades severas deve ficar no Rio Grande do Sul, mas Santa Catarina e Paran\u00e1 tamb\u00e9m podem registrar temporais.<\/p>\n<h2>Chuva pode se aproximar de 300 mil\u00edmetros<\/h2>\n<p class=\"isSelectedEnd\">Os maiores acumulados previstos at\u00e9 o fim de segunda-feira (31) devem ocorrer entre o norte do Rio Grande do Sul e Santa Catarina.<\/p>\n<p class=\"isSelectedEnd\">Nessas \u00e1reas, os volumes podem superar 200 mil\u00edmetros e, pontualmente, se aproximar de 300 mil\u00edmetros ao longo do per\u00edodo.<\/p>\n<p class=\"isSelectedEnd\">A grande quantidade de chuva aumenta o risco de alagamentos, enchentes e inunda\u00e7\u00f5es, principalmente em \u00e1reas mais vulner\u00e1veis.<\/p>\n<p class=\"isSelectedEnd\">Tamb\u00e9m podem ocorrer transtornos em rodovias, \u00e1reas urbanas e regi\u00f5es pr\u00f3ximas a rios.<\/p>\n<h2>Frente fria avan\u00e7a para o Sudeste e Centro-Oeste<\/h2>\n<p class=\"isSelectedEnd\">Entre segunda-feira (31) e ter\u00e7a-feira (1\u00ba), o primeiro sistema deve avan\u00e7ar em dire\u00e7\u00e3o ao Centro-Oeste e ao Sudeste.<\/p>\n<p class=\"isSelectedEnd\">A previs\u00e3o indica possibilidade de tempestades e chuva forte, principalmente em \u00e1reas do Sudeste. Os volumes, no entanto, devem ser menores do que os inicialmente previstos para a Regi\u00e3o Sul.<\/p>\n<p class=\"isSelectedEnd\">Mesmo com volumes menores, a chuva pode provocar transtornos, especialmente em regi\u00f5es urbanizadas.<\/p>\n<h2>Segunda frente fria chega na pr\u00f3xima semana<\/h2>\n<p class=\"isSelectedEnd\">Uma segunda frente fria deve come\u00e7ar a se formar na quinta-feira (3), mantendo o per\u00edodo de instabilidade no Centro-Sul do pa\u00eds.<\/p>\n<p class=\"isSelectedEnd\">Diferentemente do primeiro sistema, a tend\u00eancia \u00e9 de que essa frente fria tenha menor impacto sobre o Rio Grande do Sul e Santa Catarina.<\/p>\n<p class=\"isSelectedEnd\">O sistema deve atuar principalmente entre o norte da Regi\u00e3o Sul e o Brasil Central, organizando uma ampla \u00e1rea de instabilidade sobre o interior do pa\u00eds.<\/p>\n<h3>Rio de Janeiro pode ser um dos estados mais afetados<\/h3>\n<p class=\"isSelectedEnd\">Entre os estados do Sudeste, o Rio de Janeiro aparece como um dos locais que podem registrar maior impacto da segunda frente fria.<\/p>\n<p class=\"isSelectedEnd\">A previs\u00e3o indica possibilidade de chuva acima do normal para esta \u00e9poca do ano na faixa leste da Regi\u00e3o Sudeste.<\/p>\n<p class=\"isSelectedEnd\">Entre quarta-feira (2) e s\u00e1bado (5), algumas \u00e1reas podem registrar acumulados entre 60 e 100 mil\u00edmetros.<\/p>\n<p class=\"isSelectedEnd\">Como a segunda frente fria ainda est\u00e1 distante, os detalhes da previs\u00e3o podem mudar nos pr\u00f3ximos dias conforme os modelos meteorol\u00f3gicos sejam atualizados.<\/p>\n<p class=\"isSelectedEnd\">A previs\u00e3o para o fim de agosto e o in\u00edcio de setembro aponta para um per\u00edodo de chuvas acima da m\u00e9dia no Centro-Sul do Brasil.<\/p>\n<p class=\"isSelectedEnd\">O primeiro sistema concentra os maiores riscos na Regi\u00e3o Sul, enquanto a segunda frente fria tende a deslocar o foco da instabilidade para \u00e1reas do Sudeste e do Brasil Central.<\/p>\n<p class=\"isSelectedEnd\">Como as previs\u00f5es para o segundo sistema ainda podem sofrer altera\u00e7\u00f5es, os volumes e as regi\u00f5es mais atingidas podem mudar conforme a aproxima\u00e7\u00e3o da frente fria.<\/p>\n<p>A recomenda\u00e7\u00e3o \u00e9 acompanhar as atualiza\u00e7\u00f5es da previs\u00e3o do tempo, especialmente em regi\u00f5es com hist\u00f3rico de alagamentos, enchentes e deslizamentos.<\/p>\n","protected":false},"excerpt":{"rendered":"<p>Primeiro sistema deve provocar temporais no Sul, enquanto uma segunda frente fria deve levar chuva forte ao Sudeste e ao Brasil Central na pr\u00f3xima semana. Frente fria deve mudar o tempo no Centro-Sul Duas frentes frias devem provocar uma sequ\u00eancia de dias com chuva intensa e temporais no Centro-Sul do Brasil. A previs\u00e3o indica aproximadamente [&hellip;]<\/p>\n","protected":false},"author":18,"featured_media":7233,"comment_status":"open","ping_status":"open","sticky":false,"template":"","format":"standard","meta":{"footnotes":""},"categories":[8,1217],"tags":[2922,234,431,47,1606,860,77,783,632,573,2921,434],"class_list":["post-7232","post","type-post","status-publish","format-standard","has-post-thumbnail","hentry","category-campos-gerais","category-previsao-do-tempo","tag-brasil-central","tag-chuva","tag-clima","tag-destaque","tag-frente-fria","tag-meteorologia","tag-parana","tag-previsao-do-tempo","tag-rio-grande-do-sul","tag-santa-catarina","tag-sudeste","tag-temporais"],"yoast_head":"<!-- This site is optimized with the Yoast SEO plugin v28.1 - https:\/\/yoast.com\/product\/yoast-seo-wordpress\/ -->\n<title>Frente fria \u2018turbinada\u2019 provoca sete dias de chuva intensa em tr\u00eas estados; acumulado pode chegar a 300 mm - Mz Not\u00edcias<\/title>\n<meta name=\"description\" content=\"Duas frentes frias devem provocar sete dias de chuva intensa no Centro-Sul. Acumulados podem chegar perto de 300 mm no Sul do Brasil.\" \/>\n<meta name=\"robots\" content=\"index, follow, max-snippet:-1, max-image-preview:large, max-video-preview:-1\" \/>\n<link rel=\"canonical\" href=\"https:\/\/mznoticia.com.br\/jaguariaiva\/frente-fria-turbinada-provoca-sete-dias-de-chuva-intensa-em-tres-estados-acumulado-pode-chegar-a-300-mm\/\" \/>\n<meta property=\"og:locale\" content=\"pt_BR\" \/>\n<meta property=\"og:type\" content=\"article\" \/>\n<meta property=\"og:title\" content=\"Frente fria \u2018turbinada\u2019 provoca sete dias de chuva intensa em tr\u00eas estados; acumulado pode chegar a 300 mm - Mz Not\u00edcias\" \/>\n<meta property=\"og:description\" content=\"Duas frentes frias devem provocar sete dias de chuva intensa no Centro-Sul. Acumulados podem chegar perto de 300 mm no Sul do Brasil.\" \/>\n<meta property=\"og:url\" content=\"https:\/\/mznoticia.com.br\/jaguariaiva\/frente-fria-turbinada-provoca-sete-dias-de-chuva-intensa-em-tres-estados-acumulado-pode-chegar-a-300-mm\/\" \/>\n<meta property=\"og:site_name\" content=\"Mz Not\u00edcias\" \/>\n<meta property=\"article:publisher\" content=\"https:\/\/www.facebook.com\/profile.php?id=61573479951222\" \/>\n<meta property=\"article:published_time\" content=\"2026-08-27T20:11:58+00:00\" \/>\n<meta property=\"og:image\" content=\"https:\/\/mznoticia.com.br\/jaguariaiva\/wp-content\/uploads\/2026\/08\/chuva.jpg\" \/>\n\t<meta property=\"og:image:width\" content=\"1200\" \/>\n\t<meta property=\"og:image:height\" content=\"750\" \/>\n\t<meta property=\"og:image:type\" content=\"image\/jpeg\" \/>\n<meta name=\"author\" content=\"Reda\u00e7\u00e3o MZ\" \/>\n<meta name=\"twitter:card\" content=\"summary_large_image\" \/>\n<meta name=\"twitter:label1\" content=\"Escrito por\" \/>\n\t<meta name=\"twitter:data1\" content=\"Reda\u00e7\u00e3o MZ\" \/>\n\t<meta name=\"twitter:label2\" content=\"Est. tempo de leitura\" \/>\n\t<meta name=\"twitter:data2\" content=\"4 minutos\" \/>\n<script type=\"application\/ld+json\" class=\"yoast-schema-graph\">{\"@context\":\"https:\\\/\\\/schema.org\",\"@graph\":[{\"@type\":\"Article\",\"@id\":\"https:\\\/\\\/mznoticia.com.br\\\/jaguariaiva\\\/frente-fria-turbinada-provoca-sete-dias-de-chuva-intensa-em-tres-estados-acumulado-pode-chegar-a-300-mm\\\/#article\",\"isPartOf\":{\"@id\":\"https:\\\/\\\/mznoticia.com.br\\\/jaguariaiva\\\/frente-fria-turbinada-provoca-sete-dias-de-chuva-intensa-em-tres-estados-acumulado-pode-chegar-a-300-mm\\\/\"},\"author\":{\"name\":\"Reda\u00e7\u00e3o MZ\",\"@id\":\"https:\\\/\\\/mznoticia.com.br\\\/jaguariaiva\\\/#\\\/schema\\\/person\\\/7ecde13ae5f5a92f0ff9b2155d7a6d6e\"},\"headline\":\"Frente fria \u2018turbinada\u2019 provoca sete dias de chuva intensa em tr\u00eas estados; acumulado pode chegar a 300 mm\",\"datePublished\":\"2026-08-27T20:11:58+00:00\",\"mainEntityOfPage\":{\"@id\":\"https:\\\/\\\/mznoticia.com.br\\\/jaguariaiva\\\/frente-fria-turbinada-provoca-sete-dias-de-chuva-intensa-em-tres-estados-acumulado-pode-chegar-a-300-mm\\\/\"},\"wordCount\":744,\"commentCount\":0,\"publisher\":{\"@id\":\"https:\\\/\\\/mznoticia.com.br\\\/jaguariaiva\\\/#organization\"},\"image\":{\"@id\":\"https:\\\/\\\/mznoticia.com.br\\\/jaguariaiva\\\/frente-fria-turbinada-provoca-sete-dias-de-chuva-intensa-em-tres-estados-acumulado-pode-chegar-a-300-mm\\\/#primaryimage\"},\"thumbnailUrl\":\"https:\\\/\\\/mznoticia.com.br\\\/jaguariaiva\\\/wp-content\\\/uploads\\\/2026\\\/08\\\/chuva.jpg\",\"keywords\":[\"Brasil Central\",\"chuva\",\"Clima\",\"destaque\",\"Frente Fria\",\"Meteorologia\",\"parana\",\"Previs\u00e3o do Tempo\",\"Rio Grande do Sul\",\"Santa Catarina\",\"Sudeste\",\"Temporais\"],\"articleSection\":[\"Campos Gerais\",\"Previs\u00e3o do Tempo\"],\"inLanguage\":\"pt-BR\",\"potentialAction\":[{\"@type\":\"CommentAction\",\"name\":\"Comment\",\"target\":[\"https:\\\/\\\/mznoticia.com.br\\\/jaguariaiva\\\/frente-fria-turbinada-provoca-sete-dias-de-chuva-intensa-em-tres-estados-acumulado-pode-chegar-a-300-mm\\\/#respond\"]}]},{\"@type\":\"WebPage\",\"@id\":\"https:\\\/\\\/mznoticia.com.br\\\/jaguariaiva\\\/frente-fria-turbinada-provoca-sete-dias-de-chuva-intensa-em-tres-estados-acumulado-pode-chegar-a-300-mm\\\/\",\"url\":\"https:\\\/\\\/mznoticia.com.br\\\/jaguariaiva\\\/frente-fria-turbinada-provoca-sete-dias-de-chuva-intensa-em-tres-estados-acumulado-pode-chegar-a-300-mm\\\/\",\"name\":\"Frente fria \u2018turbinada\u2019 provoca sete dias de chuva intensa em tr\u00eas estados; acumulado pode chegar a 300 mm - Mz Not\u00edcias\",\"isPartOf\":{\"@id\":\"https:\\\/\\\/mznoticia.com.br\\\/jaguariaiva\\\/#website\"},\"primaryImageOfPage\":{\"@id\":\"https:\\\/\\\/mznoticia.com.br\\\/jaguariaiva\\\/frente-fria-turbinada-provoca-sete-dias-de-chuva-intensa-em-tres-estados-acumulado-pode-chegar-a-300-mm\\\/#primaryimage\"},\"image\":{\"@id\":\"https:\\\/\\\/mznoticia.com.br\\\/jaguariaiva\\\/frente-fria-turbinada-provoca-sete-dias-de-chuva-intensa-em-tres-estados-acumulado-pode-chegar-a-300-mm\\\/#primaryimage\"},\"thumbnailUrl\":\"https:\\\/\\\/mznoticia.com.br\\\/jaguariaiva\\\/wp-content\\\/uploads\\\/2026\\\/08\\\/chuva.jpg\",\"datePublished\":\"2026-08-27T20:11:58+00:00\",\"description\":\"Duas frentes frias devem provocar sete dias de chuva intensa no Centro-Sul. Acumulados podem chegar perto de 300 mm no Sul do Brasil.\",\"breadcrumb\":{\"@id\":\"https:\\\/\\\/mznoticia.com.br\\\/jaguariaiva\\\/frente-fria-turbinada-provoca-sete-dias-de-chuva-intensa-em-tres-estados-acumulado-pode-chegar-a-300-mm\\\/#breadcrumb\"},\"inLanguage\":\"pt-BR\",\"potentialAction\":[{\"@type\":\"ReadAction\",\"target\":[\"https:\\\/\\\/mznoticia.com.br\\\/jaguariaiva\\\/frente-fria-turbinada-provoca-sete-dias-de-chuva-intensa-em-tres-estados-acumulado-pode-chegar-a-300-mm\\\/\"]}]},{\"@type\":\"ImageObject\",\"inLanguage\":\"pt-BR\",\"@id\":\"https:\\\/\\\/mznoticia.com.br\\\/jaguariaiva\\\/frente-fria-turbinada-provoca-sete-dias-de-chuva-intensa-em-tres-estados-acumulado-pode-chegar-a-300-mm\\\/#primaryimage\",\"url\":\"https:\\\/\\\/mznoticia.com.br\\\/jaguariaiva\\\/wp-content\\\/uploads\\\/2026\\\/08\\\/chuva.jpg\",\"contentUrl\":\"https:\\\/\\\/mznoticia.com.br\\\/jaguariaiva\\\/wp-content\\\/uploads\\\/2026\\\/08\\\/chuva.jpg\",\"width\":1200,\"height\":750},{\"@type\":\"BreadcrumbList\",\"@id\":\"https:\\\/\\\/mznoticia.com.br\\\/jaguariaiva\\\/frente-fria-turbinada-provoca-sete-dias-de-chuva-intensa-em-tres-estados-acumulado-pode-chegar-a-300-mm\\\/#breadcrumb\",\"itemListElement\":[{\"@type\":\"ListItem\",\"position\":1,\"name\":\"Home\",\"item\":\"https:\\\/\\\/mznoticia.com.br\\\/jaguariaiva\\\/\"},{\"@type\":\"ListItem\",\"position\":2,\"name\":\"Frente fria \u2018turbinada\u2019 provoca sete dias de chuva intensa em tr\u00eas estados; acumulado pode chegar a 300 mm\"}]},{\"@type\":\"WebSite\",\"@id\":\"https:\\\/\\\/mznoticia.com.br\\\/jaguariaiva\\\/#website\",\"url\":\"https:\\\/\\\/mznoticia.com.br\\\/jaguariaiva\\\/\",\"name\":\"Mz Not\u00edcia\",\"description\":\"A informa\u00e7\u00e3o que voc\u00ea precisa na hora certa!\",\"publisher\":{\"@id\":\"https:\\\/\\\/mznoticia.com.br\\\/jaguariaiva\\\/#organization\"},\"potentialAction\":[{\"@type\":\"SearchAction\",\"target\":{\"@type\":\"EntryPoint\",\"urlTemplate\":\"https:\\\/\\\/mznoticia.com.br\\\/jaguariaiva\\\/?s={search_term_string}\"},\"query-input\":{\"@type\":\"PropertyValueSpecification\",\"valueRequired\":true,\"valueName\":\"search_term_string\"}}],\"inLanguage\":\"pt-BR\"},{\"@type\":\"Organization\",\"@id\":\"https:\\\/\\\/mznoticia.com.br\\\/jaguariaiva\\\/#organization\",\"name\":\"Mz Not\u00edcia\",\"url\":\"https:\\\/\\\/mznoticia.com.br\\\/jaguariaiva\\\/\",\"logo\":{\"@type\":\"ImageObject\",\"inLanguage\":\"pt-BR\",\"@id\":\"https:\\\/\\\/mznoticia.com.br\\\/jaguariaiva\\\/#\\\/schema\\\/logo\\\/image\\\/\",\"url\":\"https:\\\/\\\/mznoticia.com.br\\\/jaguariaiva\\\/wp-content\\\/uploads\\\/2025\\\/03\\\/Design-sem-nome-4-e1741200616392.png\",\"contentUrl\":\"https:\\\/\\\/mznoticia.com.br\\\/jaguariaiva\\\/wp-content\\\/uploads\\\/2025\\\/03\\\/Design-sem-nome-4-e1741200616392.png\",\"width\":750,\"height\":563,\"caption\":\"Mz Not\u00edcia\"},\"image\":{\"@id\":\"https:\\\/\\\/mznoticia.com.br\\\/jaguariaiva\\\/#\\\/schema\\\/logo\\\/image\\\/\"},\"sameAs\":[\"https:\\\/\\\/www.facebook.com\\\/profile.php?id=61573479951222\",\"https:\\\/\\\/www.instagram.com\\\/mz.jaguariaiva\\\/\"]},{\"@type\":\"Person\",\"@id\":\"https:\\\/\\\/mznoticia.com.br\\\/jaguariaiva\\\/#\\\/schema\\\/person\\\/7ecde13ae5f5a92f0ff9b2155d7a6d6e\",\"name\":\"Reda\u00e7\u00e3o MZ\",\"image\":{\"@type\":\"ImageObject\",\"inLanguage\":\"pt-BR\",\"@id\":\"https:\\\/\\\/mznoticia.com.br\\\/jaguariaiva\\\/wp-content\\\/uploads\\\/2025\\\/02\\\/mznoticia_jaguariaiva_coluna-150x150.png\",\"url\":\"https:\\\/\\\/mznoticia.com.br\\\/jaguariaiva\\\/wp-content\\\/uploads\\\/2025\\\/02\\\/mznoticia_jaguariaiva_coluna-150x150.png\",\"contentUrl\":\"https:\\\/\\\/mznoticia.com.br\\\/jaguariaiva\\\/wp-content\\\/uploads\\\/2025\\\/02\\\/mznoticia_jaguariaiva_coluna-150x150.png\",\"caption\":\"Reda\u00e7\u00e3o MZ\"},\"url\":\"https:\\\/\\\/mznoticia.com.br\\\/jaguariaiva\\\/author\\\/yan\\\/\"}]}<\/script>\n<!-- \/ Yoast SEO plugin. -->","yoast_head_json":{"title":"Frente fria \u2018turbinada\u2019 provoca sete dias de chuva intensa em tr\u00eas estados; acumulado pode chegar a 300 mm - Mz Not\u00edcias","description":"Duas frentes frias devem provocar sete dias de chuva intensa no Centro-Sul. Acumulados podem chegar perto de 300 mm no Sul do Brasil.","robots":{"index":"index","follow":"follow","max-snippet":"max-snippet:-1","max-image-preview":"max-image-preview:large","max-video-preview":"max-video-preview:-1"},"canonical":"https:\/\/mznoticia.com.br\/jaguariaiva\/frente-fria-turbinada-provoca-sete-dias-de-chuva-intensa-em-tres-estados-acumulado-pode-chegar-a-300-mm\/","og_locale":"pt_BR","og_type":"article","og_title":"Frente fria \u2018turbinada\u2019 provoca sete dias de chuva intensa em tr\u00eas estados; acumulado pode chegar a 300 mm - Mz Not\u00edcias","og_description":"Duas frentes frias devem provocar sete dias de chuva intensa no Centro-Sul. Acumulados podem chegar perto de 300 mm no Sul do Brasil.","og_url":"https:\/\/mznoticia.com.br\/jaguariaiva\/frente-fria-turbinada-provoca-sete-dias-de-chuva-intensa-em-tres-estados-acumulado-pode-chegar-a-300-mm\/","og_site_name":"Mz Not\u00edcias","article_publisher":"https:\/\/www.facebook.com\/profile.php?id=61573479951222","article_published_time":"2026-08-27T20:11:58+00:00","og_image":[{"width":1200,"height":750,"url":"https:\/\/mznoticia.com.br\/jaguariaiva\/wp-content\/uploads\/2026\/08\/chuva.jpg","type":"image\/jpeg"}],"author":"Reda\u00e7\u00e3o MZ","twitter_card":"summary_large_image","twitter_misc":{"Escrito por":"Reda\u00e7\u00e3o MZ","Est. tempo de leitura":"4 minutos"},"schema":{"@context":"https:\/\/schema.org","@graph":[{"@type":"Article","@id":"https:\/\/mznoticia.com.br\/jaguariaiva\/frente-fria-turbinada-provoca-sete-dias-de-chuva-intensa-em-tres-estados-acumulado-pode-chegar-a-300-mm\/#article","isPartOf":{"@id":"https:\/\/mznoticia.com.br\/jaguariaiva\/frente-fria-turbinada-provoca-sete-dias-de-chuva-intensa-em-tres-estados-acumulado-pode-chegar-a-300-mm\/"},"author":{"name":"Reda\u00e7\u00e3o MZ","@id":"https:\/\/mznoticia.com.br\/jaguariaiva\/#\/schema\/person\/7ecde13ae5f5a92f0ff9b2155d7a6d6e"},"headline":"Frente fria \u2018turbinada\u2019 provoca sete dias de chuva intensa em tr\u00eas estados; acumulado pode chegar a 300 mm","datePublished":"2026-08-27T20:11:58+00:00","mainEntityOfPage":{"@id":"https:\/\/mznoticia.com.br\/jaguariaiva\/frente-fria-turbinada-provoca-sete-dias-de-chuva-intensa-em-tres-estados-acumulado-pode-chegar-a-300-mm\/"},"wordCount":744,"commentCount":0,"publisher":{"@id":"https:\/\/mznoticia.com.br\/jaguariaiva\/#organization"},"image":{"@id":"https:\/\/mznoticia.com.br\/jaguariaiva\/frente-fria-turbinada-provoca-sete-dias-de-chuva-intensa-em-tres-estados-acumulado-pode-chegar-a-300-mm\/#primaryimage"},"thumbnailUrl":"https:\/\/mznoticia.com.br\/jaguariaiva\/wp-content\/uploads\/2026\/08\/chuva.jpg","keywords":["Brasil Central","chuva","Clima","destaque","Frente Fria","Meteorologia","parana","Previs\u00e3o do Tempo","Rio Grande do Sul","Santa Catarina","Sudeste","Temporais"],"articleSection":["Campos Gerais","Previs\u00e3o do Tempo"],"inLanguage":"pt-BR","potentialAction":[{"@type":"CommentAction","name":"Comment","target":["https:\/\/mznoticia.com.br\/jaguariaiva\/frente-fria-turbinada-provoca-sete-dias-de-chuva-intensa-em-tres-estados-acumulado-pode-chegar-a-300-mm\/#respond"]}]},{"@type":"WebPage","@id":"https:\/\/mznoticia.com.br\/jaguariaiva\/frente-fria-turbinada-provoca-sete-dias-de-chuva-intensa-em-tres-estados-acumulado-pode-chegar-a-300-mm\/","url":"https:\/\/mznoticia.com.br\/jaguariaiva\/frente-fria-turbinada-provoca-sete-dias-de-chuva-intensa-em-tres-estados-acumulado-pode-chegar-a-300-mm\/","name":"Frente fria \u2018turbinada\u2019 provoca sete dias de chuva intensa em tr\u00eas estados; acumulado pode chegar a 300 mm - Mz Not\u00edcias","isPartOf":{"@id":"https:\/\/mznoticia.com.br\/jaguariaiva\/#website"},"primaryImageOfPage":{"@id":"https:\/\/mznoticia.com.br\/jaguariaiva\/frente-fria-turbinada-provoca-sete-dias-de-chuva-intensa-em-tres-estados-acumulado-pode-chegar-a-300-mm\/#primaryimage"},"image":{"@id":"https:\/\/mznoticia.com.br\/jaguariaiva\/frente-fria-turbinada-provoca-sete-dias-de-chuva-intensa-em-tres-estados-acumulado-pode-chegar-a-300-mm\/#primaryimage"},"thumbnailUrl":"https:\/\/mznoticia.com.br\/jaguariaiva\/wp-content\/uploads\/2026\/08\/chuva.jpg","datePublished":"2026-08-27T20:11:58+00:00","description":"Duas frentes frias devem provocar sete dias de chuva intensa no Centro-Sul. Acumulados podem chegar perto de 300 mm no Sul do Brasil.","breadcrumb":{"@id":"https:\/\/mznoticia.com.br\/jaguariaiva\/frente-fria-turbinada-provoca-sete-dias-de-chuva-intensa-em-tres-estados-acumulado-pode-chegar-a-300-mm\/#breadcrumb"},"inLanguage":"pt-BR","potentialAction":[{"@type":"ReadAction","target":["https:\/\/mznoticia.com.br\/jaguariaiva\/frente-fria-turbinada-provoca-sete-dias-de-chuva-intensa-em-tres-estados-acumulado-pode-chegar-a-300-mm\/"]}]},{"@type":"ImageObject","inLanguage":"pt-BR","@id":"https:\/\/mznoticia.com.br\/jaguariaiva\/frente-fria-turbinada-provoca-sete-dias-de-chuva-intensa-em-tres-estados-acumulado-pode-chegar-a-300-mm\/#primaryimage","url":"https:\/\/mznoticia.com.br\/jaguariaiva\/wp-content\/uploads\/2026\/08\/chuva.jpg","contentUrl":"https:\/\/mznoticia.com.br\/jaguariaiva\/wp-content\/uploads\/2026\/08\/chuva.jpg","width":1200,"height":750},{"@type":"BreadcrumbList","@id":"https:\/\/mznoticia.com.br\/jaguariaiva\/frente-fria-turbinada-provoca-sete-dias-de-chuva-intensa-em-tres-estados-acumulado-pode-chegar-a-300-mm\/#breadcrumb","itemListElement":[{"@type":"ListItem","position":1,"name":"Home","item":"https:\/\/mznoticia.com.br\/jaguariaiva\/"},{"@type":"ListItem","position":2,"name":"Frente fria \u2018turbinada\u2019 provoca sete dias de chuva intensa em tr\u00eas estados; acumulado pode chegar a 300 mm"}]},{"@type":"WebSite","@id":"https:\/\/mznoticia.com.br\/jaguariaiva\/#website","url":"https:\/\/mznoticia.com.br\/jaguariaiva\/","name":"Mz Not\u00edcia","description":"A informa\u00e7\u00e3o que voc\u00ea precisa na hora certa!","publisher":{"@id":"https:\/\/mznoticia.com.br\/jaguariaiva\/#organization"},"potentialAction":[{"@type":"SearchAction","target":{"@type":"EntryPoint","urlTemplate":"https:\/\/mznoticia.com.br\/jaguariaiva\/?s={search_term_string}"},"query-input":{"@type":"PropertyValueSpecification","valueRequired":true,"valueName":"search_term_string"}}],"inLanguage":"pt-BR"},{"@type":"Organization","@id":"https:\/\/mznoticia.com.br\/jaguariaiva\/#organization","name":"Mz Not\u00edcia","url":"https:\/\/mznoticia.com.br\/jaguariaiva\/","logo":{"@type":"ImageObject","inLanguage":"pt-BR","@id":"https:\/\/mznoticia.com.br\/jaguariaiva\/#\/schema\/logo\/image\/","url":"https:\/\/mznoticia.com.br\/jaguariaiva\/wp-content\/uploads\/2025\/03\/Design-sem-nome-4-e1741200616392.png","contentUrl":"https:\/\/mznoticia.com.br\/jaguariaiva\/wp-content\/uploads\/2025\/03\/Design-sem-nome-4-e1741200616392.png","width":750,"height":563,"caption":"Mz Not\u00edcia"},"image":{"@id":"https:\/\/mznoticia.com.br\/jaguariaiva\/#\/schema\/logo\/image\/"},"sameAs":["https:\/\/www.facebook.com\/profile.php?id=61573479951222","https:\/\/www.instagram.com\/mz.jaguariaiva\/"]},{"@type":"Person","@id":"https:\/\/mznoticia.com.br\/jaguariaiva\/#\/schema\/person\/7ecde13ae5f5a92f0ff9b2155d7a6d6e","name":"Reda\u00e7\u00e3o MZ","image":{"@type":"ImageObject","inLanguage":"pt-BR","@id":"https:\/\/mznoticia.com.br\/jaguariaiva\/wp-content\/uploads\/2025\/02\/mznoticia_jaguariaiva_coluna-150x150.png","url":"https:\/\/mznoticia.com.br\/jaguariaiva\/wp-content\/uploads\/2025\/02\/mznoticia_jaguariaiva_coluna-150x150.png","contentUrl":"https:\/\/mznoticia.com.br\/jaguariaiva\/wp-content\/uploads\/2025\/02\/mznoticia_jaguariaiva_coluna-150x150.png","caption":"Reda\u00e7\u00e3o MZ"},"url":"https:\/\/mznoticia.com.br\/jaguariaiva\/author\/yan\/"}]}},"_links":{"self":[{"href":"https:\/\/mznoticia.com.br\/jaguariaiva\/wp-json\/wp\/v2\/posts\/7232","targetHints":{"allow":["GET"]}}],"collection":[{"href":"https:\/\/mznoticia.com.br\/jaguariaiva\/wp-json\/wp\/v2\/posts"}],"about":[{"href":"https:\/\/mznoticia.com.br\/jaguariaiva\/wp-json\/wp\/v2\/types\/post"}],"author":[{"embeddable":true,"href":"https:\/\/mznoticia.com.br\/jaguariaiva\/wp-json\/wp\/v2\/users\/18"}],"replies":[{"embeddable":true,"href":"https:\/\/mznoticia.com.br\/jaguariaiva\/wp-json\/wp\/v2\/comments?post=7232"}],"version-history":[{"count":1,"href":"https:\/\/mznoticia.com.br\/jaguariaiva\/wp-json\/wp\/v2\/posts\/7232\/revisions"}],"predecessor-version":[{"id":7234,"href":"https:\/\/mznoticia.com.br\/jaguariaiva\/wp-json\/wp\/v2\/posts\/7232\/revisions\/7234"}],"wp:featuredmedia":[{"embeddable":true,"href":"https:\/\/mznoticia.com.br\/jaguariaiva\/wp-json\/wp\/v2\/media\/7233"}],"wp:attachment":[{"href":"https:\/\/mznoticia.com.br\/jaguariaiva\/wp-json\/wp\/v2\/media?parent=7232"}],"wp:term":[{"taxonomy":"category","embeddable":true,"href":"https:\/\/mznoticia.com.br\/jaguariaiva\/wp-json\/wp\/v2\/categories?post=7232"},{"taxonomy":"post_tag","embeddable":true,"href":"https:\/\/mznoticia.com.br\/jaguariaiva\/wp-json\/wp\/v2\/tags?post=7232"}],"curies":[{"name":"wp","href":"https:\/\/api.w.org\/{rel}","templated":true}]}}