{"id":7244,"date":"2026-08-27T21:10:36","date_gmt":"2026-08-27T21:10:36","guid":{"rendered":"https:\/\/mznoticia.com.br\/jaguariaiva\/?p=7244"},"modified":"2026-08-27T21:10:36","modified_gmt":"2026-08-27T21:10:36","slug":"quatro-cidades-do-parana-vao-a-justica-para-retirar-trens-de-areas-urbanas","status":"publish","type":"post","link":"https:\/\/mznoticia.com.br\/jaguariaiva\/quatro-cidades-do-parana-vao-a-justica-para-retirar-trens-de-areas-urbanas\/","title":{"rendered":"Quatro cidades do Paran\u00e1 v\u00e3o \u00e0 Justi\u00e7a para retirar trens de \u00e1reas urbanas"},"content":{"rendered":"<p class=\"isSelectedEnd\">Processo envolve a ANTT e a Rumo Malha Sul; Curitiba informou que acompanhar\u00e1 o caso e apresentar\u00e1 manifesta\u00e7\u00e3o dentro do prazo estabelecido pela Justi\u00e7a.<\/p>\n<h2>Justi\u00e7a d\u00e1 andamento \u00e0 a\u00e7\u00e3o<\/h2>\n<p class=\"isSelectedEnd\">A Justi\u00e7a Federal determinou que o Minist\u00e9rio P\u00fablico Federal (MPF), os munic\u00edpios envolvidos e os r\u00e9us se manifestem em um processo relacionado \u00e0 circula\u00e7\u00e3o de trens em \u00e1reas urbanas do Paran\u00e1.<\/p>\n<p class=\"isSelectedEnd\">No despacho inicial, o juiz federal Friedmann Anderson Wendpap determinou a manifesta\u00e7\u00e3o das partes envolvidas no processo, incluindo os munic\u00edpios, o MPF e os r\u00e9us.<\/p>\n<p class=\"isSelectedEnd\">Entre os envolvidos est\u00e3o a Ag\u00eancia Nacional de Transportes Terrestres (ANTT) e a Rumo Malha Sul S.A.<\/p>\n<h2>Curitiba acompanha o processo<\/h2>\n<p class=\"isSelectedEnd\">A Prefeitura de Curitiba informou que a Procuradoria-Geral do Munic\u00edpio est\u00e1 acompanhando o caso.<\/p>\n<p class=\"isSelectedEnd\">Segundo a administra\u00e7\u00e3o municipal, ap\u00f3s ser oficialmente intimada pela Justi\u00e7a, a Prefeitura apresentar\u00e1 sua manifesta\u00e7\u00e3o dentro do prazo estabelecido no processo.<\/p>\n<p class=\"isSelectedEnd\">A a\u00e7\u00e3o envolve quatro cidades do Paran\u00e1 e discute quest\u00f5es relacionadas \u00e0 presen\u00e7a e \u00e0 circula\u00e7\u00e3o de trens em \u00e1reas urbanas.<\/p>\n<h2>Processo ainda est\u00e1 em fase inicial<\/h2>\n<p class=\"isSelectedEnd\">Com a determina\u00e7\u00e3o judicial, os munic\u00edpios, o Minist\u00e9rio P\u00fablico Federal e os demais envolvidos dever\u00e3o apresentar suas manifesta\u00e7\u00f5es dentro dos prazos definidos pela Justi\u00e7a.<\/p>\n<p>A decis\u00e3o representa uma das etapas iniciais do processo, que ainda dever\u00e1 ter novos desdobramentos conforme as partes apresentem seus argumentos.<\/p>\n","protected":false},"excerpt":{"rendered":"<p>Processo envolve a ANTT e a Rumo Malha Sul; Curitiba informou que acompanhar\u00e1 o caso e apresentar\u00e1 manifesta\u00e7\u00e3o dentro do prazo estabelecido pela Justi\u00e7a. Justi\u00e7a d\u00e1 andamento \u00e0 a\u00e7\u00e3o A Justi\u00e7a Federal determinou que o Minist\u00e9rio P\u00fablico Federal (MPF), os munic\u00edpios envolvidos e os r\u00e9us se manifestem em um processo relacionado \u00e0 circula\u00e7\u00e3o de trens [&hellip;]<\/p>\n","protected":false},"author":18,"featured_media":7245,"comment_status":"open","ping_status":"open","sticky":false,"template":"","format":"standard","meta":{"footnotes":""},"categories":[12,328],"tags":[2931,909,786,47,901,77,2930,2706,2929],"class_list":["post-7244","post","type-post","status-publish","format-standard","has-post-thumbnail","hentry","category-geral","category-parana","tag-acao-judicial","tag-antt","tag-curitiba","tag-destaque","tag-justica-federal","tag-parana","tag-rumo","tag-transporte-ferroviario","tag-trens"],"yoast_head":"<!-- This site is optimized with the Yoast SEO plugin v28.1 - https:\/\/yoast.com\/product\/yoast-seo-wordpress\/ -->\n<title>Quatro cidades do Paran\u00e1 v\u00e3o \u00e0 Justi\u00e7a para retirar trens de \u00e1reas urbanas - Mz Not\u00edcias<\/title>\n<meta name=\"description\" content=\"Justi\u00e7a Federal determina manifesta\u00e7\u00e3o de munic\u00edpios, MPF, ANTT e Rumo em a\u00e7\u00e3o envolvendo trens em \u00e1reas urbanas de quatro cidades do Paran\u00e1.\" \/>\n<meta name=\"robots\" content=\"index, follow, max-snippet:-1, max-image-preview:large, max-video-preview:-1\" \/>\n<link rel=\"canonical\" href=\"https:\/\/mznoticia.com.br\/jaguariaiva\/quatro-cidades-do-parana-vao-a-justica-para-retirar-trens-de-areas-urbanas\/\" \/>\n<meta property=\"og:locale\" content=\"pt_BR\" \/>\n<meta property=\"og:type\" content=\"article\" \/>\n<meta property=\"og:title\" content=\"Quatro cidades do Paran\u00e1 v\u00e3o \u00e0 Justi\u00e7a para retirar trens de \u00e1reas urbanas - Mz Not\u00edcias\" \/>\n<meta property=\"og:description\" content=\"Justi\u00e7a Federal determina manifesta\u00e7\u00e3o de munic\u00edpios, MPF, ANTT e Rumo em a\u00e7\u00e3o envolvendo trens em \u00e1reas urbanas de quatro cidades do Paran\u00e1.\" \/>\n<meta property=\"og:url\" content=\"https:\/\/mznoticia.com.br\/jaguariaiva\/quatro-cidades-do-parana-vao-a-justica-para-retirar-trens-de-areas-urbanas\/\" \/>\n<meta property=\"og:site_name\" content=\"Mz Not\u00edcias\" \/>\n<meta property=\"article:publisher\" content=\"https:\/\/www.facebook.com\/profile.php?id=61573479951222\" \/>\n<meta property=\"article:published_time\" content=\"2026-08-27T21:10:36+00:00\" \/>\n<meta property=\"og:image\" content=\"https:\/\/mznoticia.com.br\/jaguariaiva\/wp-content\/uploads\/2026\/08\/trem.jpg\" \/>\n\t<meta property=\"og:image:width\" content=\"1291\" \/>\n\t<meta property=\"og:image:height\" content=\"861\" \/>\n\t<meta property=\"og:image:type\" content=\"image\/jpeg\" \/>\n<meta name=\"author\" content=\"Reda\u00e7\u00e3o MZ\" \/>\n<meta name=\"twitter:card\" content=\"summary_large_image\" \/>\n<meta name=\"twitter:label1\" content=\"Escrito por\" \/>\n\t<meta name=\"twitter:data1\" content=\"Reda\u00e7\u00e3o MZ\" \/>\n\t<meta name=\"twitter:label2\" content=\"Est. tempo de leitura\" \/>\n\t<meta name=\"twitter:data2\" content=\"2 minutos\" \/>\n<script type=\"application\/ld+json\" class=\"yoast-schema-graph\">{\"@context\":\"https:\\\/\\\/schema.org\",\"@graph\":[{\"@type\":\"Article\",\"@id\":\"https:\\\/\\\/mznoticia.com.br\\\/jaguariaiva\\\/quatro-cidades-do-parana-vao-a-justica-para-retirar-trens-de-areas-urbanas\\\/#article\",\"isPartOf\":{\"@id\":\"https:\\\/\\\/mznoticia.com.br\\\/jaguariaiva\\\/quatro-cidades-do-parana-vao-a-justica-para-retirar-trens-de-areas-urbanas\\\/\"},\"author\":{\"name\":\"Reda\u00e7\u00e3o MZ\",\"@id\":\"https:\\\/\\\/mznoticia.com.br\\\/jaguariaiva\\\/#\\\/schema\\\/person\\\/7ecde13ae5f5a92f0ff9b2155d7a6d6e\"},\"headline\":\"Quatro cidades do Paran\u00e1 v\u00e3o \u00e0 Justi\u00e7a para retirar trens de \u00e1reas urbanas\",\"datePublished\":\"2026-08-27T21:10:36+00:00\",\"mainEntityOfPage\":{\"@id\":\"https:\\\/\\\/mznoticia.com.br\\\/jaguariaiva\\\/quatro-cidades-do-parana-vao-a-justica-para-retirar-trens-de-areas-urbanas\\\/\"},\"wordCount\":256,\"commentCount\":0,\"publisher\":{\"@id\":\"https:\\\/\\\/mznoticia.com.br\\\/jaguariaiva\\\/#organization\"},\"image\":{\"@id\":\"https:\\\/\\\/mznoticia.com.br\\\/jaguariaiva\\\/quatro-cidades-do-parana-vao-a-justica-para-retirar-trens-de-areas-urbanas\\\/#primaryimage\"},\"thumbnailUrl\":\"https:\\\/\\\/mznoticia.com.br\\\/jaguariaiva\\\/wp-content\\\/uploads\\\/2026\\\/08\\\/trem.jpg\",\"keywords\":[\"A\u00e7\u00e3o Judicial\",\"ANTT\",\"Curitiba\",\"destaque\",\"Justi\u00e7a Federal\",\"parana\",\"Rumo\",\"transporte ferrovi\u00e1rio\",\"Trens\"],\"articleSection\":[\"Geral\",\"Paran\u00e1\"],\"inLanguage\":\"pt-BR\",\"potentialAction\":[{\"@type\":\"CommentAction\",\"name\":\"Comment\",\"target\":[\"https:\\\/\\\/mznoticia.com.br\\\/jaguariaiva\\\/quatro-cidades-do-parana-vao-a-justica-para-retirar-trens-de-areas-urbanas\\\/#respond\"]}]},{\"@type\":\"WebPage\",\"@id\":\"https:\\\/\\\/mznoticia.com.br\\\/jaguariaiva\\\/quatro-cidades-do-parana-vao-a-justica-para-retirar-trens-de-areas-urbanas\\\/\",\"url\":\"https:\\\/\\\/mznoticia.com.br\\\/jaguariaiva\\\/quatro-cidades-do-parana-vao-a-justica-para-retirar-trens-de-areas-urbanas\\\/\",\"name\":\"Quatro cidades do Paran\u00e1 v\u00e3o \u00e0 Justi\u00e7a para retirar trens de \u00e1reas urbanas - Mz Not\u00edcias\",\"isPartOf\":{\"@id\":\"https:\\\/\\\/mznoticia.com.br\\\/jaguariaiva\\\/#website\"},\"primaryImageOfPage\":{\"@id\":\"https:\\\/\\\/mznoticia.com.br\\\/jaguariaiva\\\/quatro-cidades-do-parana-vao-a-justica-para-retirar-trens-de-areas-urbanas\\\/#primaryimage\"},\"image\":{\"@id\":\"https:\\\/\\\/mznoticia.com.br\\\/jaguariaiva\\\/quatro-cidades-do-parana-vao-a-justica-para-retirar-trens-de-areas-urbanas\\\/#primaryimage\"},\"thumbnailUrl\":\"https:\\\/\\\/mznoticia.com.br\\\/jaguariaiva\\\/wp-content\\\/uploads\\\/2026\\\/08\\\/trem.jpg\",\"datePublished\":\"2026-08-27T21:10:36+00:00\",\"description\":\"Justi\u00e7a Federal determina manifesta\u00e7\u00e3o de munic\u00edpios, MPF, ANTT e Rumo em a\u00e7\u00e3o envolvendo trens em \u00e1reas urbanas de quatro cidades do Paran\u00e1.\",\"breadcrumb\":{\"@id\":\"https:\\\/\\\/mznoticia.com.br\\\/jaguariaiva\\\/quatro-cidades-do-parana-vao-a-justica-para-retirar-trens-de-areas-urbanas\\\/#breadcrumb\"},\"inLanguage\":\"pt-BR\",\"potentialAction\":[{\"@type\":\"ReadAction\",\"target\":[\"https:\\\/\\\/mznoticia.com.br\\\/jaguariaiva\\\/quatro-cidades-do-parana-vao-a-justica-para-retirar-trens-de-areas-urbanas\\\/\"]}]},{\"@type\":\"ImageObject\",\"inLanguage\":\"pt-BR\",\"@id\":\"https:\\\/\\\/mznoticia.com.br\\\/jaguariaiva\\\/quatro-cidades-do-parana-vao-a-justica-para-retirar-trens-de-areas-urbanas\\\/#primaryimage\",\"url\":\"https:\\\/\\\/mznoticia.com.br\\\/jaguariaiva\\\/wp-content\\\/uploads\\\/2026\\\/08\\\/trem.jpg\",\"contentUrl\":\"https:\\\/\\\/mznoticia.com.br\\\/jaguariaiva\\\/wp-content\\\/uploads\\\/2026\\\/08\\\/trem.jpg\",\"width\":1291,\"height\":861},{\"@type\":\"BreadcrumbList\",\"@id\":\"https:\\\/\\\/mznoticia.com.br\\\/jaguariaiva\\\/quatro-cidades-do-parana-vao-a-justica-para-retirar-trens-de-areas-urbanas\\\/#breadcrumb\",\"itemListElement\":[{\"@type\":\"ListItem\",\"position\":1,\"name\":\"Home\",\"item\":\"https:\\\/\\\/mznoticia.com.br\\\/jaguariaiva\\\/\"},{\"@type\":\"ListItem\",\"position\":2,\"name\":\"Quatro cidades do Paran\u00e1 v\u00e3o \u00e0 Justi\u00e7a para retirar trens de \u00e1reas urbanas\"}]},{\"@type\":\"WebSite\",\"@id\":\"https:\\\/\\\/mznoticia.com.br\\\/jaguariaiva\\\/#website\",\"url\":\"https:\\\/\\\/mznoticia.com.br\\\/jaguariaiva\\\/\",\"name\":\"Mz Not\u00edcia\",\"description\":\"A informa\u00e7\u00e3o que voc\u00ea precisa na hora certa!\",\"publisher\":{\"@id\":\"https:\\\/\\\/mznoticia.com.br\\\/jaguariaiva\\\/#organization\"},\"potentialAction\":[{\"@type\":\"SearchAction\",\"target\":{\"@type\":\"EntryPoint\",\"urlTemplate\":\"https:\\\/\\\/mznoticia.com.br\\\/jaguariaiva\\\/?s={search_term_string}\"},\"query-input\":{\"@type\":\"PropertyValueSpecification\",\"valueRequired\":true,\"valueName\":\"search_term_string\"}}],\"inLanguage\":\"pt-BR\"},{\"@type\":\"Organization\",\"@id\":\"https:\\\/\\\/mznoticia.com.br\\\/jaguariaiva\\\/#organization\",\"name\":\"Mz Not\u00edcia\",\"url\":\"https:\\\/\\\/mznoticia.com.br\\\/jaguariaiva\\\/\",\"logo\":{\"@type\":\"ImageObject\",\"inLanguage\":\"pt-BR\",\"@id\":\"https:\\\/\\\/mznoticia.com.br\\\/jaguariaiva\\\/#\\\/schema\\\/logo\\\/image\\\/\",\"url\":\"https:\\\/\\\/mznoticia.com.br\\\/jaguariaiva\\\/wp-content\\\/uploads\\\/2025\\\/03\\\/Design-sem-nome-4-e1741200616392.png\",\"contentUrl\":\"https:\\\/\\\/mznoticia.com.br\\\/jaguariaiva\\\/wp-content\\\/uploads\\\/2025\\\/03\\\/Design-sem-nome-4-e1741200616392.png\",\"width\":750,\"height\":563,\"caption\":\"Mz Not\u00edcia\"},\"image\":{\"@id\":\"https:\\\/\\\/mznoticia.com.br\\\/jaguariaiva\\\/#\\\/schema\\\/logo\\\/image\\\/\"},\"sameAs\":[\"https:\\\/\\\/www.facebook.com\\\/profile.php?id=61573479951222\",\"https:\\\/\\\/www.instagram.com\\\/mz.jaguariaiva\\\/\"]},{\"@type\":\"Person\",\"@id\":\"https:\\\/\\\/mznoticia.com.br\\\/jaguariaiva\\\/#\\\/schema\\\/person\\\/7ecde13ae5f5a92f0ff9b2155d7a6d6e\",\"name\":\"Reda\u00e7\u00e3o MZ\",\"image\":{\"@type\":\"ImageObject\",\"inLanguage\":\"pt-BR\",\"@id\":\"https:\\\/\\\/mznoticia.com.br\\\/jaguariaiva\\\/wp-content\\\/uploads\\\/2025\\\/02\\\/mznoticia_jaguariaiva_coluna-150x150.png\",\"url\":\"https:\\\/\\\/mznoticia.com.br\\\/jaguariaiva\\\/wp-content\\\/uploads\\\/2025\\\/02\\\/mznoticia_jaguariaiva_coluna-150x150.png\",\"contentUrl\":\"https:\\\/\\\/mznoticia.com.br\\\/jaguariaiva\\\/wp-content\\\/uploads\\\/2025\\\/02\\\/mznoticia_jaguariaiva_coluna-150x150.png\",\"caption\":\"Reda\u00e7\u00e3o MZ\"},\"url\":\"https:\\\/\\\/mznoticia.com.br\\\/jaguariaiva\\\/author\\\/yan\\\/\"}]}<\/script>\n<!-- \/ Yoast SEO plugin. -->","yoast_head_json":{"title":"Quatro cidades do Paran\u00e1 v\u00e3o \u00e0 Justi\u00e7a para retirar trens de \u00e1reas urbanas - Mz Not\u00edcias","description":"Justi\u00e7a Federal determina manifesta\u00e7\u00e3o de munic\u00edpios, MPF, ANTT e Rumo em a\u00e7\u00e3o envolvendo trens em \u00e1reas urbanas de quatro cidades do Paran\u00e1.","robots":{"index":"index","follow":"follow","max-snippet":"max-snippet:-1","max-image-preview":"max-image-preview:large","max-video-preview":"max-video-preview:-1"},"canonical":"https:\/\/mznoticia.com.br\/jaguariaiva\/quatro-cidades-do-parana-vao-a-justica-para-retirar-trens-de-areas-urbanas\/","og_locale":"pt_BR","og_type":"article","og_title":"Quatro cidades do Paran\u00e1 v\u00e3o \u00e0 Justi\u00e7a para retirar trens de \u00e1reas urbanas - Mz Not\u00edcias","og_description":"Justi\u00e7a Federal determina manifesta\u00e7\u00e3o de munic\u00edpios, MPF, ANTT e Rumo em a\u00e7\u00e3o envolvendo trens em \u00e1reas urbanas de quatro cidades do Paran\u00e1.","og_url":"https:\/\/mznoticia.com.br\/jaguariaiva\/quatro-cidades-do-parana-vao-a-justica-para-retirar-trens-de-areas-urbanas\/","og_site_name":"Mz Not\u00edcias","article_publisher":"https:\/\/www.facebook.com\/profile.php?id=61573479951222","article_published_time":"2026-08-27T21:10:36+00:00","og_image":[{"width":1291,"height":861,"url":"https:\/\/mznoticia.com.br\/jaguariaiva\/wp-content\/uploads\/2026\/08\/trem.jpg","type":"image\/jpeg"}],"author":"Reda\u00e7\u00e3o MZ","twitter_card":"summary_large_image","twitter_misc":{"Escrito por":"Reda\u00e7\u00e3o MZ","Est. tempo de leitura":"2 minutos"},"schema":{"@context":"https:\/\/schema.org","@graph":[{"@type":"Article","@id":"https:\/\/mznoticia.com.br\/jaguariaiva\/quatro-cidades-do-parana-vao-a-justica-para-retirar-trens-de-areas-urbanas\/#article","isPartOf":{"@id":"https:\/\/mznoticia.com.br\/jaguariaiva\/quatro-cidades-do-parana-vao-a-justica-para-retirar-trens-de-areas-urbanas\/"},"author":{"name":"Reda\u00e7\u00e3o MZ","@id":"https:\/\/mznoticia.com.br\/jaguariaiva\/#\/schema\/person\/7ecde13ae5f5a92f0ff9b2155d7a6d6e"},"headline":"Quatro cidades do Paran\u00e1 v\u00e3o \u00e0 Justi\u00e7a para retirar trens de \u00e1reas urbanas","datePublished":"2026-08-27T21:10:36+00:00","mainEntityOfPage":{"@id":"https:\/\/mznoticia.com.br\/jaguariaiva\/quatro-cidades-do-parana-vao-a-justica-para-retirar-trens-de-areas-urbanas\/"},"wordCount":256,"commentCount":0,"publisher":{"@id":"https:\/\/mznoticia.com.br\/jaguariaiva\/#organization"},"image":{"@id":"https:\/\/mznoticia.com.br\/jaguariaiva\/quatro-cidades-do-parana-vao-a-justica-para-retirar-trens-de-areas-urbanas\/#primaryimage"},"thumbnailUrl":"https:\/\/mznoticia.com.br\/jaguariaiva\/wp-content\/uploads\/2026\/08\/trem.jpg","keywords":["A\u00e7\u00e3o Judicial","ANTT","Curitiba","destaque","Justi\u00e7a Federal","parana","Rumo","transporte ferrovi\u00e1rio","Trens"],"articleSection":["Geral","Paran\u00e1"],"inLanguage":"pt-BR","potentialAction":[{"@type":"CommentAction","name":"Comment","target":["https:\/\/mznoticia.com.br\/jaguariaiva\/quatro-cidades-do-parana-vao-a-justica-para-retirar-trens-de-areas-urbanas\/#respond"]}]},{"@type":"WebPage","@id":"https:\/\/mznoticia.com.br\/jaguariaiva\/quatro-cidades-do-parana-vao-a-justica-para-retirar-trens-de-areas-urbanas\/","url":"https:\/\/mznoticia.com.br\/jaguariaiva\/quatro-cidades-do-parana-vao-a-justica-para-retirar-trens-de-areas-urbanas\/","name":"Quatro cidades do Paran\u00e1 v\u00e3o \u00e0 Justi\u00e7a para retirar trens de \u00e1reas urbanas - Mz Not\u00edcias","isPartOf":{"@id":"https:\/\/mznoticia.com.br\/jaguariaiva\/#website"},"primaryImageOfPage":{"@id":"https:\/\/mznoticia.com.br\/jaguariaiva\/quatro-cidades-do-parana-vao-a-justica-para-retirar-trens-de-areas-urbanas\/#primaryimage"},"image":{"@id":"https:\/\/mznoticia.com.br\/jaguariaiva\/quatro-cidades-do-parana-vao-a-justica-para-retirar-trens-de-areas-urbanas\/#primaryimage"},"thumbnailUrl":"https:\/\/mznoticia.com.br\/jaguariaiva\/wp-content\/uploads\/2026\/08\/trem.jpg","datePublished":"2026-08-27T21:10:36+00:00","description":"Justi\u00e7a Federal determina manifesta\u00e7\u00e3o de munic\u00edpios, MPF, ANTT e Rumo em a\u00e7\u00e3o envolvendo trens em \u00e1reas urbanas de quatro cidades do Paran\u00e1.","breadcrumb":{"@id":"https:\/\/mznoticia.com.br\/jaguariaiva\/quatro-cidades-do-parana-vao-a-justica-para-retirar-trens-de-areas-urbanas\/#breadcrumb"},"inLanguage":"pt-BR","potentialAction":[{"@type":"ReadAction","target":["https:\/\/mznoticia.com.br\/jaguariaiva\/quatro-cidades-do-parana-vao-a-justica-para-retirar-trens-de-areas-urbanas\/"]}]},{"@type":"ImageObject","inLanguage":"pt-BR","@id":"https:\/\/mznoticia.com.br\/jaguariaiva\/quatro-cidades-do-parana-vao-a-justica-para-retirar-trens-de-areas-urbanas\/#primaryimage","url":"https:\/\/mznoticia.com.br\/jaguariaiva\/wp-content\/uploads\/2026\/08\/trem.jpg","contentUrl":"https:\/\/mznoticia.com.br\/jaguariaiva\/wp-content\/uploads\/2026\/08\/trem.jpg","width":1291,"height":861},{"@type":"BreadcrumbList","@id":"https:\/\/mznoticia.com.br\/jaguariaiva\/quatro-cidades-do-parana-vao-a-justica-para-retirar-trens-de-areas-urbanas\/#breadcrumb","itemListElement":[{"@type":"ListItem","position":1,"name":"Home","item":"https:\/\/mznoticia.com.br\/jaguariaiva\/"},{"@type":"ListItem","position":2,"name":"Quatro cidades do Paran\u00e1 v\u00e3o \u00e0 Justi\u00e7a para retirar trens de \u00e1reas urbanas"}]},{"@type":"WebSite","@id":"https:\/\/mznoticia.com.br\/jaguariaiva\/#website","url":"https:\/\/mznoticia.com.br\/jaguariaiva\/","name":"Mz Not\u00edcia","description":"A informa\u00e7\u00e3o que voc\u00ea precisa na hora certa!","publisher":{"@id":"https:\/\/mznoticia.com.br\/jaguariaiva\/#organization"},"potentialAction":[{"@type":"SearchAction","target":{"@type":"EntryPoint","urlTemplate":"https:\/\/mznoticia.com.br\/jaguariaiva\/?s={search_term_string}"},"query-input":{"@type":"PropertyValueSpecification","valueRequired":true,"valueName":"search_term_string"}}],"inLanguage":"pt-BR"},{"@type":"Organization","@id":"https:\/\/mznoticia.com.br\/jaguariaiva\/#organization","name":"Mz Not\u00edcia","url":"https:\/\/mznoticia.com.br\/jaguariaiva\/","logo":{"@type":"ImageObject","inLanguage":"pt-BR","@id":"https:\/\/mznoticia.com.br\/jaguariaiva\/#\/schema\/logo\/image\/","url":"https:\/\/mznoticia.com.br\/jaguariaiva\/wp-content\/uploads\/2025\/03\/Design-sem-nome-4-e1741200616392.png","contentUrl":"https:\/\/mznoticia.com.br\/jaguariaiva\/wp-content\/uploads\/2025\/03\/Design-sem-nome-4-e1741200616392.png","width":750,"height":563,"caption":"Mz Not\u00edcia"},"image":{"@id":"https:\/\/mznoticia.com.br\/jaguariaiva\/#\/schema\/logo\/image\/"},"sameAs":["https:\/\/www.facebook.com\/profile.php?id=61573479951222","https:\/\/www.instagram.com\/mz.jaguariaiva\/"]},{"@type":"Person","@id":"https:\/\/mznoticia.com.br\/jaguariaiva\/#\/schema\/person\/7ecde13ae5f5a92f0ff9b2155d7a6d6e","name":"Reda\u00e7\u00e3o MZ","image":{"@type":"ImageObject","inLanguage":"pt-BR","@id":"https:\/\/mznoticia.com.br\/jaguariaiva\/wp-content\/uploads\/2025\/02\/mznoticia_jaguariaiva_coluna-150x150.png","url":"https:\/\/mznoticia.com.br\/jaguariaiva\/wp-content\/uploads\/2025\/02\/mznoticia_jaguariaiva_coluna-150x150.png","contentUrl":"https:\/\/mznoticia.com.br\/jaguariaiva\/wp-content\/uploads\/2025\/02\/mznoticia_jaguariaiva_coluna-150x150.png","caption":"Reda\u00e7\u00e3o MZ"},"url":"https:\/\/mznoticia.com.br\/jaguariaiva\/author\/yan\/"}]}},"_links":{"self":[{"href":"https:\/\/mznoticia.com.br\/jaguariaiva\/wp-json\/wp\/v2\/posts\/7244","targetHints":{"allow":["GET"]}}],"collection":[{"href":"https:\/\/mznoticia.com.br\/jaguariaiva\/wp-json\/wp\/v2\/posts"}],"about":[{"href":"https:\/\/mznoticia.com.br\/jaguariaiva\/wp-json\/wp\/v2\/types\/post"}],"author":[{"embeddable":true,"href":"https:\/\/mznoticia.com.br\/jaguariaiva\/wp-json\/wp\/v2\/users\/18"}],"replies":[{"embeddable":true,"href":"https:\/\/mznoticia.com.br\/jaguariaiva\/wp-json\/wp\/v2\/comments?post=7244"}],"version-history":[{"count":1,"href":"https:\/\/mznoticia.com.br\/jaguariaiva\/wp-json\/wp\/v2\/posts\/7244\/revisions"}],"predecessor-version":[{"id":7246,"href":"https:\/\/mznoticia.com.br\/jaguariaiva\/wp-json\/wp\/v2\/posts\/7244\/revisions\/7246"}],"wp:featuredmedia":[{"embeddable":true,"href":"https:\/\/mznoticia.com.br\/jaguariaiva\/wp-json\/wp\/v2\/media\/7245"}],"wp:attachment":[{"href":"https:\/\/mznoticia.com.br\/jaguariaiva\/wp-json\/wp\/v2\/media?parent=7244"}],"wp:term":[{"taxonomy":"category","embeddable":true,"href":"https:\/\/mznoticia.com.br\/jaguariaiva\/wp-json\/wp\/v2\/categories?post=7244"},{"taxonomy":"post_tag","embeddable":true,"href":"https:\/\/mznoticia.com.br\/jaguariaiva\/wp-json\/wp\/v2\/tags?post=7244"}],"curies":[{"name":"wp","href":"https:\/\/api.w.org\/{rel}","templated":true}]}}