{"id":7247,"date":"2026-08-27T21:24:27","date_gmt":"2026-08-27T21:24:27","guid":{"rendered":"https:\/\/mznoticia.com.br\/jaguariaiva\/?p=7247"},"modified":"2026-08-27T21:24:27","modified_gmt":"2026-08-27T21:24:27","slug":"eclipse-lunar-podera-ser-visto-do-parana-na-madrugada-desta-sexta-feira","status":"publish","type":"post","link":"https:\/\/mznoticia.com.br\/jaguariaiva\/eclipse-lunar-podera-ser-visto-do-parana-na-madrugada-desta-sexta-feira\/","title":{"rendered":"Eclipse lunar poder\u00e1 ser visto do Paran\u00e1 na madrugada desta sexta-feira"},"content":{"rendered":"<h2>Fen\u00f4meno ter\u00e1 quase 96% da Lua encoberta pela sombra da Terra e poder\u00e1 deixar o sat\u00e9lite com colora\u00e7\u00e3o avermelhada<\/h2>\n<h3>Eclipse ser\u00e1 vis\u00edvel no Paran\u00e1<\/h3>\n<p class=\"isSelectedEnd\">Moradores do Paran\u00e1 poder\u00e3o acompanhar, na madrugada desta sexta-feira (28), um eclipse lunar parcial de grande magnitude. O fen\u00f4meno poder\u00e1 ser observado de todo o Brasil, desde que as condi\u00e7\u00f5es do tempo permitam.<\/p>\n<p class=\"isSelectedEnd\">No momento de maior intensidade, aproximadamente <strong>96% do disco lunar estar\u00e1 encoberto pela sombra da Terra<\/strong>, fazendo com que a Lua adquira uma tonalidade avermelhada.<\/p>\n<h3>Confira os hor\u00e1rios<\/h3>\n<p class=\"isSelectedEnd\">Os hor\u00e1rios do fen\u00f4meno seguem o hor\u00e1rio de Bras\u00edlia:<\/p>\n<ul data-spread=\"false\">\n<li><strong>22h24 de quinta-feira (27):<\/strong> in\u00edcio da fase penumbral;<\/li>\n<li><strong>23h34:<\/strong> in\u00edcio da fase parcial;<\/li>\n<li><strong>1h13 de sexta-feira (28):<\/strong> ponto m\u00e1ximo do eclipse, com cerca de 96% da Lua encoberta;<\/li>\n<li><strong>2h52:<\/strong> fim da fase parcial;<\/li>\n<li><strong>4h02:<\/strong> encerramento da fase penumbral.<\/li>\n<\/ul>\n<p class=\"isSelectedEnd\">O melhor momento para observar o fen\u00f4meno ser\u00e1 por volta de <strong>1h13<\/strong>, quando a maior parte da Lua estar\u00e1 dentro da sombra terrestre.<\/p>\n<h3>Por que a Lua fica avermelhada?<\/h3>\n<p class=\"isSelectedEnd\">A colora\u00e7\u00e3o avermelhada ocorre quando a luz do Sol atravessa a atmosfera da Terra. Parte dessa luz \u00e9 desviada e chega \u00e0 superf\u00edcie lunar, produzindo os tons de cobre e vermelho caracter\u00edsticos dos eclipses lunares.<\/p>\n<p class=\"isSelectedEnd\">Como uma pequena parte do disco lunar permanecer\u00e1 fora da sombra mais escura, o fen\u00f4meno \u00e9 classificado como <strong>eclipse parcial<\/strong>, apesar de a cobertura chegar a aproximadamente 96%.<\/p>\n<h3>Observa\u00e7\u00e3o n\u00e3o exige equipamentos especiais<\/h3>\n<p class=\"isSelectedEnd\">Diferentemente de um eclipse solar, o eclipse lunar pode ser observado diretamente a olho nu, sem necessidade de equipamentos de prote\u00e7\u00e3o.<\/p>\n<p class=\"isSelectedEnd\">Para uma melhor experi\u00eancia, a recomenda\u00e7\u00e3o \u00e9 procurar um local com pouca ilumina\u00e7\u00e3o artificial e com vis\u00e3o aberta do c\u00e9u.<\/p>\n<p>No Paran\u00e1, a observa\u00e7\u00e3o depender\u00e1 principalmente das condi\u00e7\u00f5es meteorol\u00f3gicas durante a madrugada. Caso o c\u00e9u esteja limpo, o fen\u00f4meno poder\u00e1 ser acompanhado normalmente.<\/p>\n","protected":false},"excerpt":{"rendered":"<p>Fen\u00f4meno ter\u00e1 quase 96% da Lua encoberta pela sombra da Terra e poder\u00e1 deixar o sat\u00e9lite com colora\u00e7\u00e3o avermelhada Eclipse ser\u00e1 vis\u00edvel no Paran\u00e1 Moradores do Paran\u00e1 poder\u00e3o acompanhar, na madrugada desta sexta-feira (28), um eclipse lunar parcial de grande magnitude. O fen\u00f4meno poder\u00e1 ser observado de todo o Brasil, desde que as condi\u00e7\u00f5es do [&hellip;]<\/p>\n","protected":false},"author":18,"featured_media":7248,"comment_status":"open","ping_status":"open","sticky":false,"template":"","format":"standard","meta":{"footnotes":""},"categories":[12],"tags":[823,2932,824,47,2641,826,822,77],"class_list":["post-7247","post","type-post","status-publish","format-standard","has-post-thumbnail","hentry","category-geral","tag-astronomia","tag-ceu","tag-ciencia","tag-destaque","tag-eclipse-lunar","tag-fenomeno-astronomico","tag-lua","tag-parana"],"yoast_head":"<!-- This site is optimized with the Yoast SEO plugin v28.1 - https:\/\/yoast.com\/product\/yoast-seo-wordpress\/ -->\n<title>Eclipse lunar poder\u00e1 ser visto do Paran\u00e1 na madrugada desta sexta-feira - Mz Not\u00edcias<\/title>\n<meta name=\"description\" content=\"Eclipse lunar parcial poder\u00e1 ser visto do Paran\u00e1 na madrugada desta sexta-feira, com quase 96% da Lua encoberta e ponto m\u00e1ximo \u00e0s 1h13.\" \/>\n<meta name=\"robots\" content=\"index, follow, max-snippet:-1, max-image-preview:large, max-video-preview:-1\" \/>\n<link rel=\"canonical\" href=\"https:\/\/mznoticia.com.br\/jaguariaiva\/eclipse-lunar-podera-ser-visto-do-parana-na-madrugada-desta-sexta-feira\/\" \/>\n<meta property=\"og:locale\" content=\"pt_BR\" \/>\n<meta property=\"og:type\" content=\"article\" \/>\n<meta property=\"og:title\" content=\"Eclipse lunar poder\u00e1 ser visto do Paran\u00e1 na madrugada desta sexta-feira - Mz Not\u00edcias\" \/>\n<meta property=\"og:description\" content=\"Eclipse lunar parcial poder\u00e1 ser visto do Paran\u00e1 na madrugada desta sexta-feira, com quase 96% da Lua encoberta e ponto m\u00e1ximo \u00e0s 1h13.\" \/>\n<meta property=\"og:url\" content=\"https:\/\/mznoticia.com.br\/jaguariaiva\/eclipse-lunar-podera-ser-visto-do-parana-na-madrugada-desta-sexta-feira\/\" \/>\n<meta property=\"og:site_name\" content=\"Mz Not\u00edcias\" \/>\n<meta property=\"article:publisher\" content=\"https:\/\/www.facebook.com\/profile.php?id=61573479951222\" \/>\n<meta property=\"article:published_time\" content=\"2026-08-27T21:24:27+00:00\" \/>\n<meta property=\"og:image\" content=\"https:\/\/mznoticia.com.br\/jaguariaiva\/wp-content\/uploads\/2026\/08\/lua.webp\" \/>\n\t<meta property=\"og:image:width\" content=\"600\" \/>\n\t<meta property=\"og:image:height\" content=\"400\" \/>\n\t<meta property=\"og:image:type\" content=\"image\/webp\" \/>\n<meta name=\"author\" content=\"Reda\u00e7\u00e3o MZ\" \/>\n<meta name=\"twitter:card\" content=\"summary_large_image\" \/>\n<meta name=\"twitter:label1\" content=\"Escrito por\" \/>\n\t<meta name=\"twitter:data1\" content=\"Reda\u00e7\u00e3o MZ\" \/>\n\t<meta name=\"twitter:label2\" content=\"Est. tempo de leitura\" \/>\n\t<meta name=\"twitter:data2\" content=\"2 minutos\" \/>\n<script type=\"application\/ld+json\" class=\"yoast-schema-graph\">{\"@context\":\"https:\\\/\\\/schema.org\",\"@graph\":[{\"@type\":\"Article\",\"@id\":\"https:\\\/\\\/mznoticia.com.br\\\/jaguariaiva\\\/eclipse-lunar-podera-ser-visto-do-parana-na-madrugada-desta-sexta-feira\\\/#article\",\"isPartOf\":{\"@id\":\"https:\\\/\\\/mznoticia.com.br\\\/jaguariaiva\\\/eclipse-lunar-podera-ser-visto-do-parana-na-madrugada-desta-sexta-feira\\\/\"},\"author\":{\"name\":\"Reda\u00e7\u00e3o MZ\",\"@id\":\"https:\\\/\\\/mznoticia.com.br\\\/jaguariaiva\\\/#\\\/schema\\\/person\\\/7ecde13ae5f5a92f0ff9b2155d7a6d6e\"},\"headline\":\"Eclipse lunar poder\u00e1 ser visto do Paran\u00e1 na madrugada desta sexta-feira\",\"datePublished\":\"2026-08-27T21:24:27+00:00\",\"mainEntityOfPage\":{\"@id\":\"https:\\\/\\\/mznoticia.com.br\\\/jaguariaiva\\\/eclipse-lunar-podera-ser-visto-do-parana-na-madrugada-desta-sexta-feira\\\/\"},\"wordCount\":326,\"commentCount\":0,\"publisher\":{\"@id\":\"https:\\\/\\\/mznoticia.com.br\\\/jaguariaiva\\\/#organization\"},\"image\":{\"@id\":\"https:\\\/\\\/mznoticia.com.br\\\/jaguariaiva\\\/eclipse-lunar-podera-ser-visto-do-parana-na-madrugada-desta-sexta-feira\\\/#primaryimage\"},\"thumbnailUrl\":\"https:\\\/\\\/mznoticia.com.br\\\/jaguariaiva\\\/wp-content\\\/uploads\\\/2026\\\/08\\\/lua.webp\",\"keywords\":[\"Astronomia\",\"C\u00e9u\",\"Ci\u00eancia\",\"destaque\",\"Eclipse Lunar\",\"Fen\u00f4meno Astron\u00f4mico\",\"Lua\",\"parana\"],\"articleSection\":[\"Geral\"],\"inLanguage\":\"pt-BR\",\"potentialAction\":[{\"@type\":\"CommentAction\",\"name\":\"Comment\",\"target\":[\"https:\\\/\\\/mznoticia.com.br\\\/jaguariaiva\\\/eclipse-lunar-podera-ser-visto-do-parana-na-madrugada-desta-sexta-feira\\\/#respond\"]}]},{\"@type\":\"WebPage\",\"@id\":\"https:\\\/\\\/mznoticia.com.br\\\/jaguariaiva\\\/eclipse-lunar-podera-ser-visto-do-parana-na-madrugada-desta-sexta-feira\\\/\",\"url\":\"https:\\\/\\\/mznoticia.com.br\\\/jaguariaiva\\\/eclipse-lunar-podera-ser-visto-do-parana-na-madrugada-desta-sexta-feira\\\/\",\"name\":\"Eclipse lunar poder\u00e1 ser visto do Paran\u00e1 na madrugada desta sexta-feira - Mz Not\u00edcias\",\"isPartOf\":{\"@id\":\"https:\\\/\\\/mznoticia.com.br\\\/jaguariaiva\\\/#website\"},\"primaryImageOfPage\":{\"@id\":\"https:\\\/\\\/mznoticia.com.br\\\/jaguariaiva\\\/eclipse-lunar-podera-ser-visto-do-parana-na-madrugada-desta-sexta-feira\\\/#primaryimage\"},\"image\":{\"@id\":\"https:\\\/\\\/mznoticia.com.br\\\/jaguariaiva\\\/eclipse-lunar-podera-ser-visto-do-parana-na-madrugada-desta-sexta-feira\\\/#primaryimage\"},\"thumbnailUrl\":\"https:\\\/\\\/mznoticia.com.br\\\/jaguariaiva\\\/wp-content\\\/uploads\\\/2026\\\/08\\\/lua.webp\",\"datePublished\":\"2026-08-27T21:24:27+00:00\",\"description\":\"Eclipse lunar parcial poder\u00e1 ser visto do Paran\u00e1 na madrugada desta sexta-feira, com quase 96% da Lua encoberta e ponto m\u00e1ximo \u00e0s 1h13.\",\"breadcrumb\":{\"@id\":\"https:\\\/\\\/mznoticia.com.br\\\/jaguariaiva\\\/eclipse-lunar-podera-ser-visto-do-parana-na-madrugada-desta-sexta-feira\\\/#breadcrumb\"},\"inLanguage\":\"pt-BR\",\"potentialAction\":[{\"@type\":\"ReadAction\",\"target\":[\"https:\\\/\\\/mznoticia.com.br\\\/jaguariaiva\\\/eclipse-lunar-podera-ser-visto-do-parana-na-madrugada-desta-sexta-feira\\\/\"]}]},{\"@type\":\"ImageObject\",\"inLanguage\":\"pt-BR\",\"@id\":\"https:\\\/\\\/mznoticia.com.br\\\/jaguariaiva\\\/eclipse-lunar-podera-ser-visto-do-parana-na-madrugada-desta-sexta-feira\\\/#primaryimage\",\"url\":\"https:\\\/\\\/mznoticia.com.br\\\/jaguariaiva\\\/wp-content\\\/uploads\\\/2026\\\/08\\\/lua.webp\",\"contentUrl\":\"https:\\\/\\\/mznoticia.com.br\\\/jaguariaiva\\\/wp-content\\\/uploads\\\/2026\\\/08\\\/lua.webp\",\"width\":600,\"height\":400},{\"@type\":\"BreadcrumbList\",\"@id\":\"https:\\\/\\\/mznoticia.com.br\\\/jaguariaiva\\\/eclipse-lunar-podera-ser-visto-do-parana-na-madrugada-desta-sexta-feira\\\/#breadcrumb\",\"itemListElement\":[{\"@type\":\"ListItem\",\"position\":1,\"name\":\"Home\",\"item\":\"https:\\\/\\\/mznoticia.com.br\\\/jaguariaiva\\\/\"},{\"@type\":\"ListItem\",\"position\":2,\"name\":\"Eclipse lunar poder\u00e1 ser visto do Paran\u00e1 na madrugada desta sexta-feira\"}]},{\"@type\":\"WebSite\",\"@id\":\"https:\\\/\\\/mznoticia.com.br\\\/jaguariaiva\\\/#website\",\"url\":\"https:\\\/\\\/mznoticia.com.br\\\/jaguariaiva\\\/\",\"name\":\"Mz Not\u00edcia\",\"description\":\"A informa\u00e7\u00e3o que voc\u00ea precisa na hora certa!\",\"publisher\":{\"@id\":\"https:\\\/\\\/mznoticia.com.br\\\/jaguariaiva\\\/#organization\"},\"potentialAction\":[{\"@type\":\"SearchAction\",\"target\":{\"@type\":\"EntryPoint\",\"urlTemplate\":\"https:\\\/\\\/mznoticia.com.br\\\/jaguariaiva\\\/?s={search_term_string}\"},\"query-input\":{\"@type\":\"PropertyValueSpecification\",\"valueRequired\":true,\"valueName\":\"search_term_string\"}}],\"inLanguage\":\"pt-BR\"},{\"@type\":\"Organization\",\"@id\":\"https:\\\/\\\/mznoticia.com.br\\\/jaguariaiva\\\/#organization\",\"name\":\"Mz Not\u00edcia\",\"url\":\"https:\\\/\\\/mznoticia.com.br\\\/jaguariaiva\\\/\",\"logo\":{\"@type\":\"ImageObject\",\"inLanguage\":\"pt-BR\",\"@id\":\"https:\\\/\\\/mznoticia.com.br\\\/jaguariaiva\\\/#\\\/schema\\\/logo\\\/image\\\/\",\"url\":\"https:\\\/\\\/mznoticia.com.br\\\/jaguariaiva\\\/wp-content\\\/uploads\\\/2025\\\/03\\\/Design-sem-nome-4-e1741200616392.png\",\"contentUrl\":\"https:\\\/\\\/mznoticia.com.br\\\/jaguariaiva\\\/wp-content\\\/uploads\\\/2025\\\/03\\\/Design-sem-nome-4-e1741200616392.png\",\"width\":750,\"height\":563,\"caption\":\"Mz Not\u00edcia\"},\"image\":{\"@id\":\"https:\\\/\\\/mznoticia.com.br\\\/jaguariaiva\\\/#\\\/schema\\\/logo\\\/image\\\/\"},\"sameAs\":[\"https:\\\/\\\/www.facebook.com\\\/profile.php?id=61573479951222\",\"https:\\\/\\\/www.instagram.com\\\/mz.jaguariaiva\\\/\"]},{\"@type\":\"Person\",\"@id\":\"https:\\\/\\\/mznoticia.com.br\\\/jaguariaiva\\\/#\\\/schema\\\/person\\\/7ecde13ae5f5a92f0ff9b2155d7a6d6e\",\"name\":\"Reda\u00e7\u00e3o MZ\",\"image\":{\"@type\":\"ImageObject\",\"inLanguage\":\"pt-BR\",\"@id\":\"https:\\\/\\\/mznoticia.com.br\\\/jaguariaiva\\\/wp-content\\\/uploads\\\/2025\\\/02\\\/mznoticia_jaguariaiva_coluna-150x150.png\",\"url\":\"https:\\\/\\\/mznoticia.com.br\\\/jaguariaiva\\\/wp-content\\\/uploads\\\/2025\\\/02\\\/mznoticia_jaguariaiva_coluna-150x150.png\",\"contentUrl\":\"https:\\\/\\\/mznoticia.com.br\\\/jaguariaiva\\\/wp-content\\\/uploads\\\/2025\\\/02\\\/mznoticia_jaguariaiva_coluna-150x150.png\",\"caption\":\"Reda\u00e7\u00e3o MZ\"},\"url\":\"https:\\\/\\\/mznoticia.com.br\\\/jaguariaiva\\\/author\\\/yan\\\/\"}]}<\/script>\n<!-- \/ Yoast SEO plugin. -->","yoast_head_json":{"title":"Eclipse lunar poder\u00e1 ser visto do Paran\u00e1 na madrugada desta sexta-feira - Mz Not\u00edcias","description":"Eclipse lunar parcial poder\u00e1 ser visto do Paran\u00e1 na madrugada desta sexta-feira, com quase 96% da Lua encoberta e ponto m\u00e1ximo \u00e0s 1h13.","robots":{"index":"index","follow":"follow","max-snippet":"max-snippet:-1","max-image-preview":"max-image-preview:large","max-video-preview":"max-video-preview:-1"},"canonical":"https:\/\/mznoticia.com.br\/jaguariaiva\/eclipse-lunar-podera-ser-visto-do-parana-na-madrugada-desta-sexta-feira\/","og_locale":"pt_BR","og_type":"article","og_title":"Eclipse lunar poder\u00e1 ser visto do Paran\u00e1 na madrugada desta sexta-feira - Mz Not\u00edcias","og_description":"Eclipse lunar parcial poder\u00e1 ser visto do Paran\u00e1 na madrugada desta sexta-feira, com quase 96% da Lua encoberta e ponto m\u00e1ximo \u00e0s 1h13.","og_url":"https:\/\/mznoticia.com.br\/jaguariaiva\/eclipse-lunar-podera-ser-visto-do-parana-na-madrugada-desta-sexta-feira\/","og_site_name":"Mz Not\u00edcias","article_publisher":"https:\/\/www.facebook.com\/profile.php?id=61573479951222","article_published_time":"2026-08-27T21:24:27+00:00","og_image":[{"width":600,"height":400,"url":"https:\/\/mznoticia.com.br\/jaguariaiva\/wp-content\/uploads\/2026\/08\/lua.webp","type":"image\/webp"}],"author":"Reda\u00e7\u00e3o MZ","twitter_card":"summary_large_image","twitter_misc":{"Escrito por":"Reda\u00e7\u00e3o MZ","Est. tempo de leitura":"2 minutos"},"schema":{"@context":"https:\/\/schema.org","@graph":[{"@type":"Article","@id":"https:\/\/mznoticia.com.br\/jaguariaiva\/eclipse-lunar-podera-ser-visto-do-parana-na-madrugada-desta-sexta-feira\/#article","isPartOf":{"@id":"https:\/\/mznoticia.com.br\/jaguariaiva\/eclipse-lunar-podera-ser-visto-do-parana-na-madrugada-desta-sexta-feira\/"},"author":{"name":"Reda\u00e7\u00e3o MZ","@id":"https:\/\/mznoticia.com.br\/jaguariaiva\/#\/schema\/person\/7ecde13ae5f5a92f0ff9b2155d7a6d6e"},"headline":"Eclipse lunar poder\u00e1 ser visto do Paran\u00e1 na madrugada desta sexta-feira","datePublished":"2026-08-27T21:24:27+00:00","mainEntityOfPage":{"@id":"https:\/\/mznoticia.com.br\/jaguariaiva\/eclipse-lunar-podera-ser-visto-do-parana-na-madrugada-desta-sexta-feira\/"},"wordCount":326,"commentCount":0,"publisher":{"@id":"https:\/\/mznoticia.com.br\/jaguariaiva\/#organization"},"image":{"@id":"https:\/\/mznoticia.com.br\/jaguariaiva\/eclipse-lunar-podera-ser-visto-do-parana-na-madrugada-desta-sexta-feira\/#primaryimage"},"thumbnailUrl":"https:\/\/mznoticia.com.br\/jaguariaiva\/wp-content\/uploads\/2026\/08\/lua.webp","keywords":["Astronomia","C\u00e9u","Ci\u00eancia","destaque","Eclipse Lunar","Fen\u00f4meno Astron\u00f4mico","Lua","parana"],"articleSection":["Geral"],"inLanguage":"pt-BR","potentialAction":[{"@type":"CommentAction","name":"Comment","target":["https:\/\/mznoticia.com.br\/jaguariaiva\/eclipse-lunar-podera-ser-visto-do-parana-na-madrugada-desta-sexta-feira\/#respond"]}]},{"@type":"WebPage","@id":"https:\/\/mznoticia.com.br\/jaguariaiva\/eclipse-lunar-podera-ser-visto-do-parana-na-madrugada-desta-sexta-feira\/","url":"https:\/\/mznoticia.com.br\/jaguariaiva\/eclipse-lunar-podera-ser-visto-do-parana-na-madrugada-desta-sexta-feira\/","name":"Eclipse lunar poder\u00e1 ser visto do Paran\u00e1 na madrugada desta sexta-feira - Mz Not\u00edcias","isPartOf":{"@id":"https:\/\/mznoticia.com.br\/jaguariaiva\/#website"},"primaryImageOfPage":{"@id":"https:\/\/mznoticia.com.br\/jaguariaiva\/eclipse-lunar-podera-ser-visto-do-parana-na-madrugada-desta-sexta-feira\/#primaryimage"},"image":{"@id":"https:\/\/mznoticia.com.br\/jaguariaiva\/eclipse-lunar-podera-ser-visto-do-parana-na-madrugada-desta-sexta-feira\/#primaryimage"},"thumbnailUrl":"https:\/\/mznoticia.com.br\/jaguariaiva\/wp-content\/uploads\/2026\/08\/lua.webp","datePublished":"2026-08-27T21:24:27+00:00","description":"Eclipse lunar parcial poder\u00e1 ser visto do Paran\u00e1 na madrugada desta sexta-feira, com quase 96% da Lua encoberta e ponto m\u00e1ximo \u00e0s 1h13.","breadcrumb":{"@id":"https:\/\/mznoticia.com.br\/jaguariaiva\/eclipse-lunar-podera-ser-visto-do-parana-na-madrugada-desta-sexta-feira\/#breadcrumb"},"inLanguage":"pt-BR","potentialAction":[{"@type":"ReadAction","target":["https:\/\/mznoticia.com.br\/jaguariaiva\/eclipse-lunar-podera-ser-visto-do-parana-na-madrugada-desta-sexta-feira\/"]}]},{"@type":"ImageObject","inLanguage":"pt-BR","@id":"https:\/\/mznoticia.com.br\/jaguariaiva\/eclipse-lunar-podera-ser-visto-do-parana-na-madrugada-desta-sexta-feira\/#primaryimage","url":"https:\/\/mznoticia.com.br\/jaguariaiva\/wp-content\/uploads\/2026\/08\/lua.webp","contentUrl":"https:\/\/mznoticia.com.br\/jaguariaiva\/wp-content\/uploads\/2026\/08\/lua.webp","width":600,"height":400},{"@type":"BreadcrumbList","@id":"https:\/\/mznoticia.com.br\/jaguariaiva\/eclipse-lunar-podera-ser-visto-do-parana-na-madrugada-desta-sexta-feira\/#breadcrumb","itemListElement":[{"@type":"ListItem","position":1,"name":"Home","item":"https:\/\/mznoticia.com.br\/jaguariaiva\/"},{"@type":"ListItem","position":2,"name":"Eclipse lunar poder\u00e1 ser visto do Paran\u00e1 na madrugada desta sexta-feira"}]},{"@type":"WebSite","@id":"https:\/\/mznoticia.com.br\/jaguariaiva\/#website","url":"https:\/\/mznoticia.com.br\/jaguariaiva\/","name":"Mz Not\u00edcia","description":"A informa\u00e7\u00e3o que voc\u00ea precisa na hora certa!","publisher":{"@id":"https:\/\/mznoticia.com.br\/jaguariaiva\/#organization"},"potentialAction":[{"@type":"SearchAction","target":{"@type":"EntryPoint","urlTemplate":"https:\/\/mznoticia.com.br\/jaguariaiva\/?s={search_term_string}"},"query-input":{"@type":"PropertyValueSpecification","valueRequired":true,"valueName":"search_term_string"}}],"inLanguage":"pt-BR"},{"@type":"Organization","@id":"https:\/\/mznoticia.com.br\/jaguariaiva\/#organization","name":"Mz Not\u00edcia","url":"https:\/\/mznoticia.com.br\/jaguariaiva\/","logo":{"@type":"ImageObject","inLanguage":"pt-BR","@id":"https:\/\/mznoticia.com.br\/jaguariaiva\/#\/schema\/logo\/image\/","url":"https:\/\/mznoticia.com.br\/jaguariaiva\/wp-content\/uploads\/2025\/03\/Design-sem-nome-4-e1741200616392.png","contentUrl":"https:\/\/mznoticia.com.br\/jaguariaiva\/wp-content\/uploads\/2025\/03\/Design-sem-nome-4-e1741200616392.png","width":750,"height":563,"caption":"Mz Not\u00edcia"},"image":{"@id":"https:\/\/mznoticia.com.br\/jaguariaiva\/#\/schema\/logo\/image\/"},"sameAs":["https:\/\/www.facebook.com\/profile.php?id=61573479951222","https:\/\/www.instagram.com\/mz.jaguariaiva\/"]},{"@type":"Person","@id":"https:\/\/mznoticia.com.br\/jaguariaiva\/#\/schema\/person\/7ecde13ae5f5a92f0ff9b2155d7a6d6e","name":"Reda\u00e7\u00e3o MZ","image":{"@type":"ImageObject","inLanguage":"pt-BR","@id":"https:\/\/mznoticia.com.br\/jaguariaiva\/wp-content\/uploads\/2025\/02\/mznoticia_jaguariaiva_coluna-150x150.png","url":"https:\/\/mznoticia.com.br\/jaguariaiva\/wp-content\/uploads\/2025\/02\/mznoticia_jaguariaiva_coluna-150x150.png","contentUrl":"https:\/\/mznoticia.com.br\/jaguariaiva\/wp-content\/uploads\/2025\/02\/mznoticia_jaguariaiva_coluna-150x150.png","caption":"Reda\u00e7\u00e3o MZ"},"url":"https:\/\/mznoticia.com.br\/jaguariaiva\/author\/yan\/"}]}},"_links":{"self":[{"href":"https:\/\/mznoticia.com.br\/jaguariaiva\/wp-json\/wp\/v2\/posts\/7247","targetHints":{"allow":["GET"]}}],"collection":[{"href":"https:\/\/mznoticia.com.br\/jaguariaiva\/wp-json\/wp\/v2\/posts"}],"about":[{"href":"https:\/\/mznoticia.com.br\/jaguariaiva\/wp-json\/wp\/v2\/types\/post"}],"author":[{"embeddable":true,"href":"https:\/\/mznoticia.com.br\/jaguariaiva\/wp-json\/wp\/v2\/users\/18"}],"replies":[{"embeddable":true,"href":"https:\/\/mznoticia.com.br\/jaguariaiva\/wp-json\/wp\/v2\/comments?post=7247"}],"version-history":[{"count":1,"href":"https:\/\/mznoticia.com.br\/jaguariaiva\/wp-json\/wp\/v2\/posts\/7247\/revisions"}],"predecessor-version":[{"id":7249,"href":"https:\/\/mznoticia.com.br\/jaguariaiva\/wp-json\/wp\/v2\/posts\/7247\/revisions\/7249"}],"wp:featuredmedia":[{"embeddable":true,"href":"https:\/\/mznoticia.com.br\/jaguariaiva\/wp-json\/wp\/v2\/media\/7248"}],"wp:attachment":[{"href":"https:\/\/mznoticia.com.br\/jaguariaiva\/wp-json\/wp\/v2\/media?parent=7247"}],"wp:term":[{"taxonomy":"category","embeddable":true,"href":"https:\/\/mznoticia.com.br\/jaguariaiva\/wp-json\/wp\/v2\/categories?post=7247"},{"taxonomy":"post_tag","embeddable":true,"href":"https:\/\/mznoticia.com.br\/jaguariaiva\/wp-json\/wp\/v2\/tags?post=7247"}],"curies":[{"name":"wp","href":"https:\/\/api.w.org\/{rel}","templated":true}]}}