{"id":7253,"date":"2026-08-27T21:48:01","date_gmt":"2026-08-27T21:48:01","guid":{"rendered":"https:\/\/mznoticia.com.br\/jaguariaiva\/?p=7253"},"modified":"2026-08-27T21:48:01","modified_gmt":"2026-08-27T21:48:01","slug":"ademir-procura-dora-e-faz-pedido-inesperado-nos-proximos-capitulos-de-quem-ama-cuida","status":"publish","type":"post","link":"https:\/\/mznoticia.com.br\/jaguariaiva\/ademir-procura-dora-e-faz-pedido-inesperado-nos-proximos-capitulos-de-quem-ama-cuida\/","title":{"rendered":"Ademir procura Dora e faz pedido inesperado nos pr\u00f3ximos cap\u00edtulos de \u201cQuem Ama Cuida\u201d"},"content":{"rendered":"<h2>Advogado visitar\u00e1 a antiga casa e levar\u00e1 uma rosa vermelha para a ex-mulher em busca de apoio para seu julgamento<\/h2>\n<h3>Ademir procura Dora<\/h3>\n<p class=\"isSelectedEnd\">Nos pr\u00f3ximos cap\u00edtulos de <strong>\u201cQuem Ama Cuida\u201d<\/strong>, Ademir (Dan Stulbach) vai procurar Dora (Mariana Ximenes) em sua antiga casa.<\/p>\n<p class=\"isSelectedEnd\">Apesar do gesto aparentemente rom\u00e2ntico, o advogado n\u00e3o estar\u00e1 arrependido dos erros cometidos. A aproxima\u00e7\u00e3o ter\u00e1 um objetivo estrat\u00e9gico relacionado ao julgamento que se aproxima.<\/p>\n<h3>Advogado quer Dora como testemunha<\/h3>\n<p class=\"isSelectedEnd\">Com o julgamento marcado, Ademir perceber\u00e1 que poder\u00e1 contar com mulheres como testemunhas para tentar melhorar sua imagem diante da Justi\u00e7a.<\/p>\n<p class=\"isSelectedEnd\">Por isso, ele pedir\u00e1 que Dora se manifeste a favor de seu car\u00e1ter.<\/p>\n<p class=\"isSelectedEnd\">Sem saber que Andr\u00e9 (Henrique Barreira) acabou de deixar o local, Ademir chegar\u00e1 \u00e0 antiga casa e surpreender\u00e1 Dora levando uma <strong>rosa vermelha<\/strong>.<\/p>\n<p class=\"isSelectedEnd\">\u201cEu quero te pedir que voc\u00ea deponha a meu favor\u201d, dir\u00e1 o advogado.<\/p>\n<p>A cena promete movimentar os pr\u00f3ximos cap\u00edtulos da novela e colocar Dora novamente diante de Ademir.<\/p>\n","protected":false},"excerpt":{"rendered":"<p>Advogado visitar\u00e1 a antiga casa e levar\u00e1 uma rosa vermelha para a ex-mulher em busca de apoio para seu julgamento Ademir procura Dora Nos pr\u00f3ximos cap\u00edtulos de \u201cQuem Ama Cuida\u201d, Ademir (Dan Stulbach) vai procurar Dora (Mariana Ximenes) em sua antiga casa. Apesar do gesto aparentemente rom\u00e2ntico, o advogado n\u00e3o estar\u00e1 arrependido dos erros cometidos. [&hellip;]<\/p>\n","protected":false},"author":18,"featured_media":7254,"comment_status":"open","ping_status":"open","sticky":false,"template":"","format":"standard","meta":{"footnotes":""},"categories":[1],"tags":[2934,2936,2935,85,2939,2937,2938,2933,2940],"class_list":["post-7253","post","type-post","status-publish","format-standard","has-post-thumbnail","hentry","category-cultura","tag-ademir","tag-dan-stulbach","tag-dora","tag-entretenimento","tag-globo","tag-mariana-ximenes","tag-novela","tag-quem-ama-cuida","tag-tv"],"yoast_head":"<!-- This site is optimized with the Yoast SEO plugin v28.1 - https:\/\/yoast.com\/product\/yoast-seo-wordpress\/ -->\n<title>Ademir procura Dora e faz pedido inesperado nos pr\u00f3ximos cap\u00edtulos de \u201cQuem Ama Cuida\u201d - Mz Not\u00edcias<\/title>\n<meta name=\"description\" content=\"Ademir procura Dora, leva uma rosa vermelha e pede que a ex-mulher deponha a seu favor durante seu julgamento em Quem Ama Cuida.\" \/>\n<meta name=\"robots\" content=\"index, follow, max-snippet:-1, max-image-preview:large, max-video-preview:-1\" \/>\n<link rel=\"canonical\" href=\"https:\/\/mznoticia.com.br\/jaguariaiva\/ademir-procura-dora-e-faz-pedido-inesperado-nos-proximos-capitulos-de-quem-ama-cuida\/\" \/>\n<meta property=\"og:locale\" content=\"pt_BR\" \/>\n<meta property=\"og:type\" content=\"article\" \/>\n<meta property=\"og:title\" content=\"Ademir procura Dora e faz pedido inesperado nos pr\u00f3ximos cap\u00edtulos de \u201cQuem Ama Cuida\u201d - Mz Not\u00edcias\" \/>\n<meta property=\"og:description\" content=\"Ademir procura Dora, leva uma rosa vermelha e pede que a ex-mulher deponha a seu favor durante seu julgamento em Quem Ama Cuida.\" \/>\n<meta property=\"og:url\" content=\"https:\/\/mznoticia.com.br\/jaguariaiva\/ademir-procura-dora-e-faz-pedido-inesperado-nos-proximos-capitulos-de-quem-ama-cuida\/\" \/>\n<meta property=\"og:site_name\" content=\"Mz Not\u00edcias\" \/>\n<meta property=\"article:publisher\" content=\"https:\/\/www.facebook.com\/profile.php?id=61573479951222\" \/>\n<meta property=\"article:published_time\" content=\"2026-08-27T21:48:01+00:00\" \/>\n<meta name=\"author\" content=\"Reda\u00e7\u00e3o MZ\" \/>\n<meta name=\"twitter:card\" content=\"summary_large_image\" \/>\n<meta name=\"twitter:label1\" content=\"Escrito por\" \/>\n\t<meta name=\"twitter:data1\" content=\"Reda\u00e7\u00e3o MZ\" \/>\n\t<meta name=\"twitter:label2\" content=\"Est. tempo de leitura\" \/>\n\t<meta name=\"twitter:data2\" content=\"2 minutos\" \/>\n<script type=\"application\/ld+json\" class=\"yoast-schema-graph\">{\"@context\":\"https:\\\/\\\/schema.org\",\"@graph\":[{\"@type\":\"Article\",\"@id\":\"https:\\\/\\\/mznoticia.com.br\\\/jaguariaiva\\\/ademir-procura-dora-e-faz-pedido-inesperado-nos-proximos-capitulos-de-quem-ama-cuida\\\/#article\",\"isPartOf\":{\"@id\":\"https:\\\/\\\/mznoticia.com.br\\\/jaguariaiva\\\/ademir-procura-dora-e-faz-pedido-inesperado-nos-proximos-capitulos-de-quem-ama-cuida\\\/\"},\"author\":{\"name\":\"Reda\u00e7\u00e3o MZ\",\"@id\":\"https:\\\/\\\/mznoticia.com.br\\\/jaguariaiva\\\/#\\\/schema\\\/person\\\/7ecde13ae5f5a92f0ff9b2155d7a6d6e\"},\"headline\":\"Ademir procura Dora e faz pedido inesperado nos pr\u00f3ximos cap\u00edtulos de \u201cQuem Ama Cuida\u201d\",\"datePublished\":\"2026-08-27T21:48:01+00:00\",\"mainEntityOfPage\":{\"@id\":\"https:\\\/\\\/mznoticia.com.br\\\/jaguariaiva\\\/ademir-procura-dora-e-faz-pedido-inesperado-nos-proximos-capitulos-de-quem-ama-cuida\\\/\"},\"wordCount\":183,\"commentCount\":0,\"publisher\":{\"@id\":\"https:\\\/\\\/mznoticia.com.br\\\/jaguariaiva\\\/#organization\"},\"image\":{\"@id\":\"https:\\\/\\\/mznoticia.com.br\\\/jaguariaiva\\\/ademir-procura-dora-e-faz-pedido-inesperado-nos-proximos-capitulos-de-quem-ama-cuida\\\/#primaryimage\"},\"thumbnailUrl\":\"https:\\\/\\\/mznoticia.com.br\\\/jaguariaiva\\\/wp-content\\\/uploads\\\/2026\\\/08\\\/ademir.avif\",\"keywords\":[\"Ademir\",\"Dan Stulbach\",\"Dora\",\"entretenimento\",\"Globo\",\"Mariana Ximenes\",\"Novela\",\"Quem Ama Cuida\",\"TV\"],\"articleSection\":[\"Cultura\"],\"inLanguage\":\"pt-BR\",\"potentialAction\":[{\"@type\":\"CommentAction\",\"name\":\"Comment\",\"target\":[\"https:\\\/\\\/mznoticia.com.br\\\/jaguariaiva\\\/ademir-procura-dora-e-faz-pedido-inesperado-nos-proximos-capitulos-de-quem-ama-cuida\\\/#respond\"]}]},{\"@type\":\"WebPage\",\"@id\":\"https:\\\/\\\/mznoticia.com.br\\\/jaguariaiva\\\/ademir-procura-dora-e-faz-pedido-inesperado-nos-proximos-capitulos-de-quem-ama-cuida\\\/\",\"url\":\"https:\\\/\\\/mznoticia.com.br\\\/jaguariaiva\\\/ademir-procura-dora-e-faz-pedido-inesperado-nos-proximos-capitulos-de-quem-ama-cuida\\\/\",\"name\":\"Ademir procura Dora e faz pedido inesperado nos pr\u00f3ximos cap\u00edtulos de \u201cQuem Ama Cuida\u201d - Mz Not\u00edcias\",\"isPartOf\":{\"@id\":\"https:\\\/\\\/mznoticia.com.br\\\/jaguariaiva\\\/#website\"},\"primaryImageOfPage\":{\"@id\":\"https:\\\/\\\/mznoticia.com.br\\\/jaguariaiva\\\/ademir-procura-dora-e-faz-pedido-inesperado-nos-proximos-capitulos-de-quem-ama-cuida\\\/#primaryimage\"},\"image\":{\"@id\":\"https:\\\/\\\/mznoticia.com.br\\\/jaguariaiva\\\/ademir-procura-dora-e-faz-pedido-inesperado-nos-proximos-capitulos-de-quem-ama-cuida\\\/#primaryimage\"},\"thumbnailUrl\":\"https:\\\/\\\/mznoticia.com.br\\\/jaguariaiva\\\/wp-content\\\/uploads\\\/2026\\\/08\\\/ademir.avif\",\"datePublished\":\"2026-08-27T21:48:01+00:00\",\"description\":\"Ademir procura Dora, leva uma rosa vermelha e pede que a ex-mulher deponha a seu favor durante seu julgamento em Quem Ama Cuida.\",\"breadcrumb\":{\"@id\":\"https:\\\/\\\/mznoticia.com.br\\\/jaguariaiva\\\/ademir-procura-dora-e-faz-pedido-inesperado-nos-proximos-capitulos-de-quem-ama-cuida\\\/#breadcrumb\"},\"inLanguage\":\"pt-BR\",\"potentialAction\":[{\"@type\":\"ReadAction\",\"target\":[\"https:\\\/\\\/mznoticia.com.br\\\/jaguariaiva\\\/ademir-procura-dora-e-faz-pedido-inesperado-nos-proximos-capitulos-de-quem-ama-cuida\\\/\"]}]},{\"@type\":\"ImageObject\",\"inLanguage\":\"pt-BR\",\"@id\":\"https:\\\/\\\/mznoticia.com.br\\\/jaguariaiva\\\/ademir-procura-dora-e-faz-pedido-inesperado-nos-proximos-capitulos-de-quem-ama-cuida\\\/#primaryimage\",\"url\":\"https:\\\/\\\/mznoticia.com.br\\\/jaguariaiva\\\/wp-content\\\/uploads\\\/2026\\\/08\\\/ademir.avif\",\"contentUrl\":\"https:\\\/\\\/mznoticia.com.br\\\/jaguariaiva\\\/wp-content\\\/uploads\\\/2026\\\/08\\\/ademir.avif\",\"width\":984,\"height\":554},{\"@type\":\"BreadcrumbList\",\"@id\":\"https:\\\/\\\/mznoticia.com.br\\\/jaguariaiva\\\/ademir-procura-dora-e-faz-pedido-inesperado-nos-proximos-capitulos-de-quem-ama-cuida\\\/#breadcrumb\",\"itemListElement\":[{\"@type\":\"ListItem\",\"position\":1,\"name\":\"Home\",\"item\":\"https:\\\/\\\/mznoticia.com.br\\\/jaguariaiva\\\/\"},{\"@type\":\"ListItem\",\"position\":2,\"name\":\"Ademir procura Dora e faz pedido inesperado nos pr\u00f3ximos cap\u00edtulos de \u201cQuem Ama Cuida\u201d\"}]},{\"@type\":\"WebSite\",\"@id\":\"https:\\\/\\\/mznoticia.com.br\\\/jaguariaiva\\\/#website\",\"url\":\"https:\\\/\\\/mznoticia.com.br\\\/jaguariaiva\\\/\",\"name\":\"Mz Not\u00edcia\",\"description\":\"A informa\u00e7\u00e3o que voc\u00ea precisa na hora certa!\",\"publisher\":{\"@id\":\"https:\\\/\\\/mznoticia.com.br\\\/jaguariaiva\\\/#organization\"},\"potentialAction\":[{\"@type\":\"SearchAction\",\"target\":{\"@type\":\"EntryPoint\",\"urlTemplate\":\"https:\\\/\\\/mznoticia.com.br\\\/jaguariaiva\\\/?s={search_term_string}\"},\"query-input\":{\"@type\":\"PropertyValueSpecification\",\"valueRequired\":true,\"valueName\":\"search_term_string\"}}],\"inLanguage\":\"pt-BR\"},{\"@type\":\"Organization\",\"@id\":\"https:\\\/\\\/mznoticia.com.br\\\/jaguariaiva\\\/#organization\",\"name\":\"Mz Not\u00edcia\",\"url\":\"https:\\\/\\\/mznoticia.com.br\\\/jaguariaiva\\\/\",\"logo\":{\"@type\":\"ImageObject\",\"inLanguage\":\"pt-BR\",\"@id\":\"https:\\\/\\\/mznoticia.com.br\\\/jaguariaiva\\\/#\\\/schema\\\/logo\\\/image\\\/\",\"url\":\"https:\\\/\\\/mznoticia.com.br\\\/jaguariaiva\\\/wp-content\\\/uploads\\\/2025\\\/03\\\/Design-sem-nome-4-e1741200616392.png\",\"contentUrl\":\"https:\\\/\\\/mznoticia.com.br\\\/jaguariaiva\\\/wp-content\\\/uploads\\\/2025\\\/03\\\/Design-sem-nome-4-e1741200616392.png\",\"width\":750,\"height\":563,\"caption\":\"Mz Not\u00edcia\"},\"image\":{\"@id\":\"https:\\\/\\\/mznoticia.com.br\\\/jaguariaiva\\\/#\\\/schema\\\/logo\\\/image\\\/\"},\"sameAs\":[\"https:\\\/\\\/www.facebook.com\\\/profile.php?id=61573479951222\",\"https:\\\/\\\/www.instagram.com\\\/mz.jaguariaiva\\\/\"]},{\"@type\":\"Person\",\"@id\":\"https:\\\/\\\/mznoticia.com.br\\\/jaguariaiva\\\/#\\\/schema\\\/person\\\/7ecde13ae5f5a92f0ff9b2155d7a6d6e\",\"name\":\"Reda\u00e7\u00e3o MZ\",\"image\":{\"@type\":\"ImageObject\",\"inLanguage\":\"pt-BR\",\"@id\":\"https:\\\/\\\/mznoticia.com.br\\\/jaguariaiva\\\/wp-content\\\/uploads\\\/2025\\\/02\\\/mznoticia_jaguariaiva_coluna-150x150.png\",\"url\":\"https:\\\/\\\/mznoticia.com.br\\\/jaguariaiva\\\/wp-content\\\/uploads\\\/2025\\\/02\\\/mznoticia_jaguariaiva_coluna-150x150.png\",\"contentUrl\":\"https:\\\/\\\/mznoticia.com.br\\\/jaguariaiva\\\/wp-content\\\/uploads\\\/2025\\\/02\\\/mznoticia_jaguariaiva_coluna-150x150.png\",\"caption\":\"Reda\u00e7\u00e3o MZ\"},\"url\":\"https:\\\/\\\/mznoticia.com.br\\\/jaguariaiva\\\/author\\\/yan\\\/\"}]}<\/script>\n<!-- \/ Yoast SEO plugin. -->","yoast_head_json":{"title":"Ademir procura Dora e faz pedido inesperado nos pr\u00f3ximos cap\u00edtulos de \u201cQuem Ama Cuida\u201d - Mz Not\u00edcias","description":"Ademir procura Dora, leva uma rosa vermelha e pede que a ex-mulher deponha a seu favor durante seu julgamento em Quem Ama Cuida.","robots":{"index":"index","follow":"follow","max-snippet":"max-snippet:-1","max-image-preview":"max-image-preview:large","max-video-preview":"max-video-preview:-1"},"canonical":"https:\/\/mznoticia.com.br\/jaguariaiva\/ademir-procura-dora-e-faz-pedido-inesperado-nos-proximos-capitulos-de-quem-ama-cuida\/","og_locale":"pt_BR","og_type":"article","og_title":"Ademir procura Dora e faz pedido inesperado nos pr\u00f3ximos cap\u00edtulos de \u201cQuem Ama Cuida\u201d - Mz Not\u00edcias","og_description":"Ademir procura Dora, leva uma rosa vermelha e pede que a ex-mulher deponha a seu favor durante seu julgamento em Quem Ama Cuida.","og_url":"https:\/\/mznoticia.com.br\/jaguariaiva\/ademir-procura-dora-e-faz-pedido-inesperado-nos-proximos-capitulos-de-quem-ama-cuida\/","og_site_name":"Mz Not\u00edcias","article_publisher":"https:\/\/www.facebook.com\/profile.php?id=61573479951222","article_published_time":"2026-08-27T21:48:01+00:00","author":"Reda\u00e7\u00e3o MZ","twitter_card":"summary_large_image","twitter_misc":{"Escrito por":"Reda\u00e7\u00e3o MZ","Est. tempo de leitura":"2 minutos"},"schema":{"@context":"https:\/\/schema.org","@graph":[{"@type":"Article","@id":"https:\/\/mznoticia.com.br\/jaguariaiva\/ademir-procura-dora-e-faz-pedido-inesperado-nos-proximos-capitulos-de-quem-ama-cuida\/#article","isPartOf":{"@id":"https:\/\/mznoticia.com.br\/jaguariaiva\/ademir-procura-dora-e-faz-pedido-inesperado-nos-proximos-capitulos-de-quem-ama-cuida\/"},"author":{"name":"Reda\u00e7\u00e3o MZ","@id":"https:\/\/mznoticia.com.br\/jaguariaiva\/#\/schema\/person\/7ecde13ae5f5a92f0ff9b2155d7a6d6e"},"headline":"Ademir procura Dora e faz pedido inesperado nos pr\u00f3ximos cap\u00edtulos de \u201cQuem Ama Cuida\u201d","datePublished":"2026-08-27T21:48:01+00:00","mainEntityOfPage":{"@id":"https:\/\/mznoticia.com.br\/jaguariaiva\/ademir-procura-dora-e-faz-pedido-inesperado-nos-proximos-capitulos-de-quem-ama-cuida\/"},"wordCount":183,"commentCount":0,"publisher":{"@id":"https:\/\/mznoticia.com.br\/jaguariaiva\/#organization"},"image":{"@id":"https:\/\/mznoticia.com.br\/jaguariaiva\/ademir-procura-dora-e-faz-pedido-inesperado-nos-proximos-capitulos-de-quem-ama-cuida\/#primaryimage"},"thumbnailUrl":"https:\/\/mznoticia.com.br\/jaguariaiva\/wp-content\/uploads\/2026\/08\/ademir.avif","keywords":["Ademir","Dan Stulbach","Dora","entretenimento","Globo","Mariana Ximenes","Novela","Quem Ama Cuida","TV"],"articleSection":["Cultura"],"inLanguage":"pt-BR","potentialAction":[{"@type":"CommentAction","name":"Comment","target":["https:\/\/mznoticia.com.br\/jaguariaiva\/ademir-procura-dora-e-faz-pedido-inesperado-nos-proximos-capitulos-de-quem-ama-cuida\/#respond"]}]},{"@type":"WebPage","@id":"https:\/\/mznoticia.com.br\/jaguariaiva\/ademir-procura-dora-e-faz-pedido-inesperado-nos-proximos-capitulos-de-quem-ama-cuida\/","url":"https:\/\/mznoticia.com.br\/jaguariaiva\/ademir-procura-dora-e-faz-pedido-inesperado-nos-proximos-capitulos-de-quem-ama-cuida\/","name":"Ademir procura Dora e faz pedido inesperado nos pr\u00f3ximos cap\u00edtulos de \u201cQuem Ama Cuida\u201d - Mz Not\u00edcias","isPartOf":{"@id":"https:\/\/mznoticia.com.br\/jaguariaiva\/#website"},"primaryImageOfPage":{"@id":"https:\/\/mznoticia.com.br\/jaguariaiva\/ademir-procura-dora-e-faz-pedido-inesperado-nos-proximos-capitulos-de-quem-ama-cuida\/#primaryimage"},"image":{"@id":"https:\/\/mznoticia.com.br\/jaguariaiva\/ademir-procura-dora-e-faz-pedido-inesperado-nos-proximos-capitulos-de-quem-ama-cuida\/#primaryimage"},"thumbnailUrl":"https:\/\/mznoticia.com.br\/jaguariaiva\/wp-content\/uploads\/2026\/08\/ademir.avif","datePublished":"2026-08-27T21:48:01+00:00","description":"Ademir procura Dora, leva uma rosa vermelha e pede que a ex-mulher deponha a seu favor durante seu julgamento em Quem Ama Cuida.","breadcrumb":{"@id":"https:\/\/mznoticia.com.br\/jaguariaiva\/ademir-procura-dora-e-faz-pedido-inesperado-nos-proximos-capitulos-de-quem-ama-cuida\/#breadcrumb"},"inLanguage":"pt-BR","potentialAction":[{"@type":"ReadAction","target":["https:\/\/mznoticia.com.br\/jaguariaiva\/ademir-procura-dora-e-faz-pedido-inesperado-nos-proximos-capitulos-de-quem-ama-cuida\/"]}]},{"@type":"ImageObject","inLanguage":"pt-BR","@id":"https:\/\/mznoticia.com.br\/jaguariaiva\/ademir-procura-dora-e-faz-pedido-inesperado-nos-proximos-capitulos-de-quem-ama-cuida\/#primaryimage","url":"https:\/\/mznoticia.com.br\/jaguariaiva\/wp-content\/uploads\/2026\/08\/ademir.avif","contentUrl":"https:\/\/mznoticia.com.br\/jaguariaiva\/wp-content\/uploads\/2026\/08\/ademir.avif","width":984,"height":554},{"@type":"BreadcrumbList","@id":"https:\/\/mznoticia.com.br\/jaguariaiva\/ademir-procura-dora-e-faz-pedido-inesperado-nos-proximos-capitulos-de-quem-ama-cuida\/#breadcrumb","itemListElement":[{"@type":"ListItem","position":1,"name":"Home","item":"https:\/\/mznoticia.com.br\/jaguariaiva\/"},{"@type":"ListItem","position":2,"name":"Ademir procura Dora e faz pedido inesperado nos pr\u00f3ximos cap\u00edtulos de \u201cQuem Ama Cuida\u201d"}]},{"@type":"WebSite","@id":"https:\/\/mznoticia.com.br\/jaguariaiva\/#website","url":"https:\/\/mznoticia.com.br\/jaguariaiva\/","name":"Mz Not\u00edcia","description":"A informa\u00e7\u00e3o que voc\u00ea precisa na hora certa!","publisher":{"@id":"https:\/\/mznoticia.com.br\/jaguariaiva\/#organization"},"potentialAction":[{"@type":"SearchAction","target":{"@type":"EntryPoint","urlTemplate":"https:\/\/mznoticia.com.br\/jaguariaiva\/?s={search_term_string}"},"query-input":{"@type":"PropertyValueSpecification","valueRequired":true,"valueName":"search_term_string"}}],"inLanguage":"pt-BR"},{"@type":"Organization","@id":"https:\/\/mznoticia.com.br\/jaguariaiva\/#organization","name":"Mz Not\u00edcia","url":"https:\/\/mznoticia.com.br\/jaguariaiva\/","logo":{"@type":"ImageObject","inLanguage":"pt-BR","@id":"https:\/\/mznoticia.com.br\/jaguariaiva\/#\/schema\/logo\/image\/","url":"https:\/\/mznoticia.com.br\/jaguariaiva\/wp-content\/uploads\/2025\/03\/Design-sem-nome-4-e1741200616392.png","contentUrl":"https:\/\/mznoticia.com.br\/jaguariaiva\/wp-content\/uploads\/2025\/03\/Design-sem-nome-4-e1741200616392.png","width":750,"height":563,"caption":"Mz Not\u00edcia"},"image":{"@id":"https:\/\/mznoticia.com.br\/jaguariaiva\/#\/schema\/logo\/image\/"},"sameAs":["https:\/\/www.facebook.com\/profile.php?id=61573479951222","https:\/\/www.instagram.com\/mz.jaguariaiva\/"]},{"@type":"Person","@id":"https:\/\/mznoticia.com.br\/jaguariaiva\/#\/schema\/person\/7ecde13ae5f5a92f0ff9b2155d7a6d6e","name":"Reda\u00e7\u00e3o MZ","image":{"@type":"ImageObject","inLanguage":"pt-BR","@id":"https:\/\/mznoticia.com.br\/jaguariaiva\/wp-content\/uploads\/2025\/02\/mznoticia_jaguariaiva_coluna-150x150.png","url":"https:\/\/mznoticia.com.br\/jaguariaiva\/wp-content\/uploads\/2025\/02\/mznoticia_jaguariaiva_coluna-150x150.png","contentUrl":"https:\/\/mznoticia.com.br\/jaguariaiva\/wp-content\/uploads\/2025\/02\/mznoticia_jaguariaiva_coluna-150x150.png","caption":"Reda\u00e7\u00e3o MZ"},"url":"https:\/\/mznoticia.com.br\/jaguariaiva\/author\/yan\/"}]}},"_links":{"self":[{"href":"https:\/\/mznoticia.com.br\/jaguariaiva\/wp-json\/wp\/v2\/posts\/7253","targetHints":{"allow":["GET"]}}],"collection":[{"href":"https:\/\/mznoticia.com.br\/jaguariaiva\/wp-json\/wp\/v2\/posts"}],"about":[{"href":"https:\/\/mznoticia.com.br\/jaguariaiva\/wp-json\/wp\/v2\/types\/post"}],"author":[{"embeddable":true,"href":"https:\/\/mznoticia.com.br\/jaguariaiva\/wp-json\/wp\/v2\/users\/18"}],"replies":[{"embeddable":true,"href":"https:\/\/mznoticia.com.br\/jaguariaiva\/wp-json\/wp\/v2\/comments?post=7253"}],"version-history":[{"count":1,"href":"https:\/\/mznoticia.com.br\/jaguariaiva\/wp-json\/wp\/v2\/posts\/7253\/revisions"}],"predecessor-version":[{"id":7255,"href":"https:\/\/mznoticia.com.br\/jaguariaiva\/wp-json\/wp\/v2\/posts\/7253\/revisions\/7255"}],"wp:featuredmedia":[{"embeddable":true,"href":"https:\/\/mznoticia.com.br\/jaguariaiva\/wp-json\/wp\/v2\/media\/7254"}],"wp:attachment":[{"href":"https:\/\/mznoticia.com.br\/jaguariaiva\/wp-json\/wp\/v2\/media?parent=7253"}],"wp:term":[{"taxonomy":"category","embeddable":true,"href":"https:\/\/mznoticia.com.br\/jaguariaiva\/wp-json\/wp\/v2\/categories?post=7253"},{"taxonomy":"post_tag","embeddable":true,"href":"https:\/\/mznoticia.com.br\/jaguariaiva\/wp-json\/wp\/v2\/tags?post=7253"}],"curies":[{"name":"wp","href":"https:\/\/api.w.org\/{rel}","templated":true}]}}