{"id":7259,"date":"2026-08-28T12:03:09","date_gmt":"2026-08-28T12:03:09","guid":{"rendered":"https:\/\/mznoticia.com.br\/jaguariaiva\/?p=7259"},"modified":"2026-08-28T12:05:10","modified_gmt":"2026-08-28T12:05:10","slug":"homem-de-37-anos-e-encontrado-morto-dentro-de-residencia-em-jaguariaiva","status":"publish","type":"post","link":"https:\/\/mznoticia.com.br\/jaguariaiva\/homem-de-37-anos-e-encontrado-morto-dentro-de-residencia-em-jaguariaiva\/","title":{"rendered":"Homem de 37 anos \u00e9 encontrado morto dentro de resid\u00eancia em Jaguaria\u00edva"},"content":{"rendered":"<h2>V\u00edtima foi localizada sem vida sobre a cama; embalagens de medicamentos e de subst\u00e2ncia an\u00e1loga \u00e0 coca\u00edna foram encontradas pr\u00f3ximas ao corpo<\/h2>\n<h2>Homem foi encontrado sem vida<\/h2>\n<p class=\"isSelectedEnd\">Um homem de 37 anos foi encontrado morto dentro de uma resid\u00eancia na Rua Eurides Alves dos Santos, no bairro Matarazzo, em Jaguaria\u00edva, nos Campos Gerais. A ocorr\u00eancia foi registrada na manh\u00e3 desta quinta-feira (27).<\/p>\n<p class=\"isSelectedEnd\">A equipe policial foi acionada por volta das 9h45 para prestar apoio ao Servi\u00e7o de Atendimento M\u00f3vel de Urg\u00eancia (SAMU) em uma situa\u00e7\u00e3o de atendimento em local de morte.<\/p>\n<p class=\"isSelectedEnd\">Segundo o relato do m\u00e9dico que esteve no endere\u00e7o, o homem foi encontrado j\u00e1 sem vida, deitado sobre a cama, dentro de um quarto.<\/p>\n<h2>Medicamentos e subst\u00e2ncia foram encontrados<\/h2>\n<p class=\"isSelectedEnd\">Nas proximidades do corpo, foram localizadas diversas embalagens de medicamentos, al\u00e9m de embalagens contendo uma subst\u00e2ncia an\u00e1loga \u00e0 coca\u00edna.<\/p>\n<p class=\"isSelectedEnd\">As circunst\u00e2ncias que levaram \u00e0 morte n\u00e3o foram informadas no registro da ocorr\u00eancia.<\/p>\n<h2>Local foi isolado para investiga\u00e7\u00e3o<\/h2>\n<p class=\"isSelectedEnd\">Diante da situa\u00e7\u00e3o, a equipe policial realizou o isolamento do local e acionou a Pol\u00edcia Cient\u00edfica e o Instituto M\u00e9dico-Legal (IML), que ficaram respons\u00e1veis pelos procedimentos necess\u00e1rios.<\/p>\n<p>A causa da morte dever\u00e1 ser esclarecida ap\u00f3s a realiza\u00e7\u00e3o dos exames.<\/p>\n<p>Foto ilustrativa<\/p>\n","protected":false},"excerpt":{"rendered":"<p>V\u00edtima foi localizada sem vida sobre a cama; embalagens de medicamentos e de subst\u00e2ncia an\u00e1loga \u00e0 coca\u00edna foram encontradas pr\u00f3ximas ao corpo Homem foi encontrado sem vida Um homem de 37 anos foi encontrado morto dentro de uma resid\u00eancia na Rua Eurides Alves dos Santos, no bairro Matarazzo, em Jaguaria\u00edva, nos Campos Gerais. A ocorr\u00eancia [&hellip;]<\/p>\n","protected":false},"author":16,"featured_media":7260,"comment_status":"open","ping_status":"open","sticky":false,"template":"","format":"standard","meta":{"footnotes":""},"categories":[131],"tags":[314,47,1449,63,2941,208,1174,265,647,952],"class_list":["post-7259","post","type-post","status-publish","format-standard","has-post-thumbnail","hentry","category-falecimentos","tag-campos-gerais","tag-destaque","tag-iml","tag-jaguariaiva","tag-matarazzo","tag-morte","tag-ocorrencia","tag-policia","tag-policia-cientifica","tag-samu"],"yoast_head":"<!-- This site is optimized with the Yoast SEO plugin v28.1 - https:\/\/yoast.com\/product\/yoast-seo-wordpress\/ -->\n<title>Homem de 37 anos \u00e9 encontrado morto dentro de resid\u00eancia em Jaguaria\u00edva - Mz Not\u00edcias<\/title>\n<meta name=\"description\" content=\"Homem de 37 anos foi encontrado morto sobre uma cama em resid\u00eancia no bairro Matarazzo, em Jaguaria\u00edva. Medicamentos e subst\u00e2ncia an\u00e1loga \u00e0 coca\u00edna foram localizados.\" \/>\n<meta name=\"robots\" content=\"index, follow, max-snippet:-1, max-image-preview:large, max-video-preview:-1\" \/>\n<link rel=\"canonical\" href=\"https:\/\/mznoticia.com.br\/jaguariaiva\/homem-de-37-anos-e-encontrado-morto-dentro-de-residencia-em-jaguariaiva\/\" \/>\n<meta property=\"og:locale\" content=\"pt_BR\" \/>\n<meta property=\"og:type\" content=\"article\" \/>\n<meta property=\"og:title\" content=\"Homem de 37 anos \u00e9 encontrado morto dentro de resid\u00eancia em Jaguaria\u00edva - Mz Not\u00edcias\" \/>\n<meta property=\"og:description\" content=\"Homem de 37 anos foi encontrado morto sobre uma cama em resid\u00eancia no bairro Matarazzo, em Jaguaria\u00edva. Medicamentos e subst\u00e2ncia an\u00e1loga \u00e0 coca\u00edna foram localizados.\" \/>\n<meta property=\"og:url\" content=\"https:\/\/mznoticia.com.br\/jaguariaiva\/homem-de-37-anos-e-encontrado-morto-dentro-de-residencia-em-jaguariaiva\/\" \/>\n<meta property=\"og:site_name\" content=\"Mz Not\u00edcias\" \/>\n<meta property=\"article:publisher\" content=\"https:\/\/www.facebook.com\/profile.php?id=61573479951222\" \/>\n<meta property=\"article:published_time\" content=\"2026-08-28T12:03:09+00:00\" \/>\n<meta property=\"article:modified_time\" content=\"2026-08-28T12:05:10+00:00\" \/>\n<meta property=\"og:image\" content=\"https:\/\/mznoticia.com.br\/jaguariaiva\/wp-content\/uploads\/2026\/08\/iml-1.webp\" \/>\n\t<meta property=\"og:image:width\" content=\"800\" \/>\n\t<meta property=\"og:image:height\" content=\"534\" \/>\n\t<meta property=\"og:image:type\" content=\"image\/webp\" \/>\n<meta name=\"author\" content=\"Redacao mz\" \/>\n<meta name=\"twitter:card\" content=\"summary_large_image\" \/>\n<meta name=\"twitter:label1\" content=\"Escrito por\" \/>\n\t<meta name=\"twitter:data1\" content=\"Redacao mz\" \/>\n\t<meta name=\"twitter:label2\" content=\"Est. tempo de leitura\" \/>\n\t<meta name=\"twitter:data2\" content=\"2 minutos\" \/>\n<script type=\"application\/ld+json\" class=\"yoast-schema-graph\">{\"@context\":\"https:\\\/\\\/schema.org\",\"@graph\":[{\"@type\":\"Article\",\"@id\":\"https:\\\/\\\/mznoticia.com.br\\\/jaguariaiva\\\/homem-de-37-anos-e-encontrado-morto-dentro-de-residencia-em-jaguariaiva\\\/#article\",\"isPartOf\":{\"@id\":\"https:\\\/\\\/mznoticia.com.br\\\/jaguariaiva\\\/homem-de-37-anos-e-encontrado-morto-dentro-de-residencia-em-jaguariaiva\\\/\"},\"author\":{\"name\":\"Redacao mz\",\"@id\":\"https:\\\/\\\/mznoticia.com.br\\\/jaguariaiva\\\/#\\\/schema\\\/person\\\/84012d827247b3f42f37b550da79cd03\"},\"headline\":\"Homem de 37 anos \u00e9 encontrado morto dentro de resid\u00eancia em Jaguaria\u00edva\",\"datePublished\":\"2026-08-28T12:03:09+00:00\",\"dateModified\":\"2026-08-28T12:05:10+00:00\",\"mainEntityOfPage\":{\"@id\":\"https:\\\/\\\/mznoticia.com.br\\\/jaguariaiva\\\/homem-de-37-anos-e-encontrado-morto-dentro-de-residencia-em-jaguariaiva\\\/\"},\"wordCount\":236,\"commentCount\":0,\"publisher\":{\"@id\":\"https:\\\/\\\/mznoticia.com.br\\\/jaguariaiva\\\/#organization\"},\"image\":{\"@id\":\"https:\\\/\\\/mznoticia.com.br\\\/jaguariaiva\\\/homem-de-37-anos-e-encontrado-morto-dentro-de-residencia-em-jaguariaiva\\\/#primaryimage\"},\"thumbnailUrl\":\"https:\\\/\\\/mznoticia.com.br\\\/jaguariaiva\\\/wp-content\\\/uploads\\\/2026\\\/08\\\/iml-1.webp\",\"keywords\":[\"Campos Gerais\",\"destaque\",\"IML\",\"jaguariaiva\",\"Matarazzo\",\"morte\",\"Ocorr\u00eancia\",\"POLICIA\",\"Pol\u00edcia Cient\u00edfica\",\"SAMU\"],\"articleSection\":[\"Falecimentos\"],\"inLanguage\":\"pt-BR\",\"potentialAction\":[{\"@type\":\"CommentAction\",\"name\":\"Comment\",\"target\":[\"https:\\\/\\\/mznoticia.com.br\\\/jaguariaiva\\\/homem-de-37-anos-e-encontrado-morto-dentro-de-residencia-em-jaguariaiva\\\/#respond\"]}]},{\"@type\":\"WebPage\",\"@id\":\"https:\\\/\\\/mznoticia.com.br\\\/jaguariaiva\\\/homem-de-37-anos-e-encontrado-morto-dentro-de-residencia-em-jaguariaiva\\\/\",\"url\":\"https:\\\/\\\/mznoticia.com.br\\\/jaguariaiva\\\/homem-de-37-anos-e-encontrado-morto-dentro-de-residencia-em-jaguariaiva\\\/\",\"name\":\"Homem de 37 anos \u00e9 encontrado morto dentro de resid\u00eancia em Jaguaria\u00edva - Mz Not\u00edcias\",\"isPartOf\":{\"@id\":\"https:\\\/\\\/mznoticia.com.br\\\/jaguariaiva\\\/#website\"},\"primaryImageOfPage\":{\"@id\":\"https:\\\/\\\/mznoticia.com.br\\\/jaguariaiva\\\/homem-de-37-anos-e-encontrado-morto-dentro-de-residencia-em-jaguariaiva\\\/#primaryimage\"},\"image\":{\"@id\":\"https:\\\/\\\/mznoticia.com.br\\\/jaguariaiva\\\/homem-de-37-anos-e-encontrado-morto-dentro-de-residencia-em-jaguariaiva\\\/#primaryimage\"},\"thumbnailUrl\":\"https:\\\/\\\/mznoticia.com.br\\\/jaguariaiva\\\/wp-content\\\/uploads\\\/2026\\\/08\\\/iml-1.webp\",\"datePublished\":\"2026-08-28T12:03:09+00:00\",\"dateModified\":\"2026-08-28T12:05:10+00:00\",\"description\":\"Homem de 37 anos foi encontrado morto sobre uma cama em resid\u00eancia no bairro Matarazzo, em Jaguaria\u00edva. Medicamentos e subst\u00e2ncia an\u00e1loga \u00e0 coca\u00edna foram localizados.\",\"breadcrumb\":{\"@id\":\"https:\\\/\\\/mznoticia.com.br\\\/jaguariaiva\\\/homem-de-37-anos-e-encontrado-morto-dentro-de-residencia-em-jaguariaiva\\\/#breadcrumb\"},\"inLanguage\":\"pt-BR\",\"potentialAction\":[{\"@type\":\"ReadAction\",\"target\":[\"https:\\\/\\\/mznoticia.com.br\\\/jaguariaiva\\\/homem-de-37-anos-e-encontrado-morto-dentro-de-residencia-em-jaguariaiva\\\/\"]}]},{\"@type\":\"ImageObject\",\"inLanguage\":\"pt-BR\",\"@id\":\"https:\\\/\\\/mznoticia.com.br\\\/jaguariaiva\\\/homem-de-37-anos-e-encontrado-morto-dentro-de-residencia-em-jaguariaiva\\\/#primaryimage\",\"url\":\"https:\\\/\\\/mznoticia.com.br\\\/jaguariaiva\\\/wp-content\\\/uploads\\\/2026\\\/08\\\/iml-1.webp\",\"contentUrl\":\"https:\\\/\\\/mznoticia.com.br\\\/jaguariaiva\\\/wp-content\\\/uploads\\\/2026\\\/08\\\/iml-1.webp\",\"width\":800,\"height\":534},{\"@type\":\"BreadcrumbList\",\"@id\":\"https:\\\/\\\/mznoticia.com.br\\\/jaguariaiva\\\/homem-de-37-anos-e-encontrado-morto-dentro-de-residencia-em-jaguariaiva\\\/#breadcrumb\",\"itemListElement\":[{\"@type\":\"ListItem\",\"position\":1,\"name\":\"Home\",\"item\":\"https:\\\/\\\/mznoticia.com.br\\\/jaguariaiva\\\/\"},{\"@type\":\"ListItem\",\"position\":2,\"name\":\"Homem de 37 anos \u00e9 encontrado morto dentro de resid\u00eancia em Jaguaria\u00edva\"}]},{\"@type\":\"WebSite\",\"@id\":\"https:\\\/\\\/mznoticia.com.br\\\/jaguariaiva\\\/#website\",\"url\":\"https:\\\/\\\/mznoticia.com.br\\\/jaguariaiva\\\/\",\"name\":\"Mz Not\u00edcia\",\"description\":\"A informa\u00e7\u00e3o que voc\u00ea precisa na hora certa!\",\"publisher\":{\"@id\":\"https:\\\/\\\/mznoticia.com.br\\\/jaguariaiva\\\/#organization\"},\"potentialAction\":[{\"@type\":\"SearchAction\",\"target\":{\"@type\":\"EntryPoint\",\"urlTemplate\":\"https:\\\/\\\/mznoticia.com.br\\\/jaguariaiva\\\/?s={search_term_string}\"},\"query-input\":{\"@type\":\"PropertyValueSpecification\",\"valueRequired\":true,\"valueName\":\"search_term_string\"}}],\"inLanguage\":\"pt-BR\"},{\"@type\":\"Organization\",\"@id\":\"https:\\\/\\\/mznoticia.com.br\\\/jaguariaiva\\\/#organization\",\"name\":\"Mz Not\u00edcia\",\"url\":\"https:\\\/\\\/mznoticia.com.br\\\/jaguariaiva\\\/\",\"logo\":{\"@type\":\"ImageObject\",\"inLanguage\":\"pt-BR\",\"@id\":\"https:\\\/\\\/mznoticia.com.br\\\/jaguariaiva\\\/#\\\/schema\\\/logo\\\/image\\\/\",\"url\":\"https:\\\/\\\/mznoticia.com.br\\\/jaguariaiva\\\/wp-content\\\/uploads\\\/2025\\\/03\\\/Design-sem-nome-4-e1741200616392.png\",\"contentUrl\":\"https:\\\/\\\/mznoticia.com.br\\\/jaguariaiva\\\/wp-content\\\/uploads\\\/2025\\\/03\\\/Design-sem-nome-4-e1741200616392.png\",\"width\":750,\"height\":563,\"caption\":\"Mz Not\u00edcia\"},\"image\":{\"@id\":\"https:\\\/\\\/mznoticia.com.br\\\/jaguariaiva\\\/#\\\/schema\\\/logo\\\/image\\\/\"},\"sameAs\":[\"https:\\\/\\\/www.facebook.com\\\/profile.php?id=61573479951222\",\"https:\\\/\\\/www.instagram.com\\\/mz.jaguariaiva\\\/\"]},{\"@type\":\"Person\",\"@id\":\"https:\\\/\\\/mznoticia.com.br\\\/jaguariaiva\\\/#\\\/schema\\\/person\\\/84012d827247b3f42f37b550da79cd03\",\"name\":\"Redacao mz\",\"image\":{\"@type\":\"ImageObject\",\"inLanguage\":\"pt-BR\",\"@id\":\"https:\\\/\\\/mznoticia.com.br\\\/jaguariaiva\\\/wp-content\\\/uploads\\\/2025\\\/02\\\/mznoticia_jaguariaiva_coluna-150x150.png\",\"url\":\"https:\\\/\\\/mznoticia.com.br\\\/jaguariaiva\\\/wp-content\\\/uploads\\\/2025\\\/02\\\/mznoticia_jaguariaiva_coluna-150x150.png\",\"contentUrl\":\"https:\\\/\\\/mznoticia.com.br\\\/jaguariaiva\\\/wp-content\\\/uploads\\\/2025\\\/02\\\/mznoticia_jaguariaiva_coluna-150x150.png\",\"caption\":\"Redacao mz\"},\"sameAs\":[\"http:\\\/\\\/mznoticia.com.br\"],\"url\":\"https:\\\/\\\/mznoticia.com.br\\\/jaguariaiva\\\/author\\\/lucimara\\\/\"}]}<\/script>\n<!-- \/ Yoast SEO plugin. -->","yoast_head_json":{"title":"Homem de 37 anos \u00e9 encontrado morto dentro de resid\u00eancia em Jaguaria\u00edva - Mz Not\u00edcias","description":"Homem de 37 anos foi encontrado morto sobre uma cama em resid\u00eancia no bairro Matarazzo, em Jaguaria\u00edva. Medicamentos e subst\u00e2ncia an\u00e1loga \u00e0 coca\u00edna foram localizados.","robots":{"index":"index","follow":"follow","max-snippet":"max-snippet:-1","max-image-preview":"max-image-preview:large","max-video-preview":"max-video-preview:-1"},"canonical":"https:\/\/mznoticia.com.br\/jaguariaiva\/homem-de-37-anos-e-encontrado-morto-dentro-de-residencia-em-jaguariaiva\/","og_locale":"pt_BR","og_type":"article","og_title":"Homem de 37 anos \u00e9 encontrado morto dentro de resid\u00eancia em Jaguaria\u00edva - Mz Not\u00edcias","og_description":"Homem de 37 anos foi encontrado morto sobre uma cama em resid\u00eancia no bairro Matarazzo, em Jaguaria\u00edva. Medicamentos e subst\u00e2ncia an\u00e1loga \u00e0 coca\u00edna foram localizados.","og_url":"https:\/\/mznoticia.com.br\/jaguariaiva\/homem-de-37-anos-e-encontrado-morto-dentro-de-residencia-em-jaguariaiva\/","og_site_name":"Mz Not\u00edcias","article_publisher":"https:\/\/www.facebook.com\/profile.php?id=61573479951222","article_published_time":"2026-08-28T12:03:09+00:00","article_modified_time":"2026-08-28T12:05:10+00:00","og_image":[{"width":800,"height":534,"url":"https:\/\/mznoticia.com.br\/jaguariaiva\/wp-content\/uploads\/2026\/08\/iml-1.webp","type":"image\/webp"}],"author":"Redacao mz","twitter_card":"summary_large_image","twitter_misc":{"Escrito por":"Redacao mz","Est. tempo de leitura":"2 minutos"},"schema":{"@context":"https:\/\/schema.org","@graph":[{"@type":"Article","@id":"https:\/\/mznoticia.com.br\/jaguariaiva\/homem-de-37-anos-e-encontrado-morto-dentro-de-residencia-em-jaguariaiva\/#article","isPartOf":{"@id":"https:\/\/mznoticia.com.br\/jaguariaiva\/homem-de-37-anos-e-encontrado-morto-dentro-de-residencia-em-jaguariaiva\/"},"author":{"name":"Redacao mz","@id":"https:\/\/mznoticia.com.br\/jaguariaiva\/#\/schema\/person\/84012d827247b3f42f37b550da79cd03"},"headline":"Homem de 37 anos \u00e9 encontrado morto dentro de resid\u00eancia em Jaguaria\u00edva","datePublished":"2026-08-28T12:03:09+00:00","dateModified":"2026-08-28T12:05:10+00:00","mainEntityOfPage":{"@id":"https:\/\/mznoticia.com.br\/jaguariaiva\/homem-de-37-anos-e-encontrado-morto-dentro-de-residencia-em-jaguariaiva\/"},"wordCount":236,"commentCount":0,"publisher":{"@id":"https:\/\/mznoticia.com.br\/jaguariaiva\/#organization"},"image":{"@id":"https:\/\/mznoticia.com.br\/jaguariaiva\/homem-de-37-anos-e-encontrado-morto-dentro-de-residencia-em-jaguariaiva\/#primaryimage"},"thumbnailUrl":"https:\/\/mznoticia.com.br\/jaguariaiva\/wp-content\/uploads\/2026\/08\/iml-1.webp","keywords":["Campos Gerais","destaque","IML","jaguariaiva","Matarazzo","morte","Ocorr\u00eancia","POLICIA","Pol\u00edcia Cient\u00edfica","SAMU"],"articleSection":["Falecimentos"],"inLanguage":"pt-BR","potentialAction":[{"@type":"CommentAction","name":"Comment","target":["https:\/\/mznoticia.com.br\/jaguariaiva\/homem-de-37-anos-e-encontrado-morto-dentro-de-residencia-em-jaguariaiva\/#respond"]}]},{"@type":"WebPage","@id":"https:\/\/mznoticia.com.br\/jaguariaiva\/homem-de-37-anos-e-encontrado-morto-dentro-de-residencia-em-jaguariaiva\/","url":"https:\/\/mznoticia.com.br\/jaguariaiva\/homem-de-37-anos-e-encontrado-morto-dentro-de-residencia-em-jaguariaiva\/","name":"Homem de 37 anos \u00e9 encontrado morto dentro de resid\u00eancia em Jaguaria\u00edva - Mz Not\u00edcias","isPartOf":{"@id":"https:\/\/mznoticia.com.br\/jaguariaiva\/#website"},"primaryImageOfPage":{"@id":"https:\/\/mznoticia.com.br\/jaguariaiva\/homem-de-37-anos-e-encontrado-morto-dentro-de-residencia-em-jaguariaiva\/#primaryimage"},"image":{"@id":"https:\/\/mznoticia.com.br\/jaguariaiva\/homem-de-37-anos-e-encontrado-morto-dentro-de-residencia-em-jaguariaiva\/#primaryimage"},"thumbnailUrl":"https:\/\/mznoticia.com.br\/jaguariaiva\/wp-content\/uploads\/2026\/08\/iml-1.webp","datePublished":"2026-08-28T12:03:09+00:00","dateModified":"2026-08-28T12:05:10+00:00","description":"Homem de 37 anos foi encontrado morto sobre uma cama em resid\u00eancia no bairro Matarazzo, em Jaguaria\u00edva. Medicamentos e subst\u00e2ncia an\u00e1loga \u00e0 coca\u00edna foram localizados.","breadcrumb":{"@id":"https:\/\/mznoticia.com.br\/jaguariaiva\/homem-de-37-anos-e-encontrado-morto-dentro-de-residencia-em-jaguariaiva\/#breadcrumb"},"inLanguage":"pt-BR","potentialAction":[{"@type":"ReadAction","target":["https:\/\/mznoticia.com.br\/jaguariaiva\/homem-de-37-anos-e-encontrado-morto-dentro-de-residencia-em-jaguariaiva\/"]}]},{"@type":"ImageObject","inLanguage":"pt-BR","@id":"https:\/\/mznoticia.com.br\/jaguariaiva\/homem-de-37-anos-e-encontrado-morto-dentro-de-residencia-em-jaguariaiva\/#primaryimage","url":"https:\/\/mznoticia.com.br\/jaguariaiva\/wp-content\/uploads\/2026\/08\/iml-1.webp","contentUrl":"https:\/\/mznoticia.com.br\/jaguariaiva\/wp-content\/uploads\/2026\/08\/iml-1.webp","width":800,"height":534},{"@type":"BreadcrumbList","@id":"https:\/\/mznoticia.com.br\/jaguariaiva\/homem-de-37-anos-e-encontrado-morto-dentro-de-residencia-em-jaguariaiva\/#breadcrumb","itemListElement":[{"@type":"ListItem","position":1,"name":"Home","item":"https:\/\/mznoticia.com.br\/jaguariaiva\/"},{"@type":"ListItem","position":2,"name":"Homem de 37 anos \u00e9 encontrado morto dentro de resid\u00eancia em Jaguaria\u00edva"}]},{"@type":"WebSite","@id":"https:\/\/mznoticia.com.br\/jaguariaiva\/#website","url":"https:\/\/mznoticia.com.br\/jaguariaiva\/","name":"Mz Not\u00edcia","description":"A informa\u00e7\u00e3o que voc\u00ea precisa na hora certa!","publisher":{"@id":"https:\/\/mznoticia.com.br\/jaguariaiva\/#organization"},"potentialAction":[{"@type":"SearchAction","target":{"@type":"EntryPoint","urlTemplate":"https:\/\/mznoticia.com.br\/jaguariaiva\/?s={search_term_string}"},"query-input":{"@type":"PropertyValueSpecification","valueRequired":true,"valueName":"search_term_string"}}],"inLanguage":"pt-BR"},{"@type":"Organization","@id":"https:\/\/mznoticia.com.br\/jaguariaiva\/#organization","name":"Mz Not\u00edcia","url":"https:\/\/mznoticia.com.br\/jaguariaiva\/","logo":{"@type":"ImageObject","inLanguage":"pt-BR","@id":"https:\/\/mznoticia.com.br\/jaguariaiva\/#\/schema\/logo\/image\/","url":"https:\/\/mznoticia.com.br\/jaguariaiva\/wp-content\/uploads\/2025\/03\/Design-sem-nome-4-e1741200616392.png","contentUrl":"https:\/\/mznoticia.com.br\/jaguariaiva\/wp-content\/uploads\/2025\/03\/Design-sem-nome-4-e1741200616392.png","width":750,"height":563,"caption":"Mz Not\u00edcia"},"image":{"@id":"https:\/\/mznoticia.com.br\/jaguariaiva\/#\/schema\/logo\/image\/"},"sameAs":["https:\/\/www.facebook.com\/profile.php?id=61573479951222","https:\/\/www.instagram.com\/mz.jaguariaiva\/"]},{"@type":"Person","@id":"https:\/\/mznoticia.com.br\/jaguariaiva\/#\/schema\/person\/84012d827247b3f42f37b550da79cd03","name":"Redacao mz","image":{"@type":"ImageObject","inLanguage":"pt-BR","@id":"https:\/\/mznoticia.com.br\/jaguariaiva\/wp-content\/uploads\/2025\/02\/mznoticia_jaguariaiva_coluna-150x150.png","url":"https:\/\/mznoticia.com.br\/jaguariaiva\/wp-content\/uploads\/2025\/02\/mznoticia_jaguariaiva_coluna-150x150.png","contentUrl":"https:\/\/mznoticia.com.br\/jaguariaiva\/wp-content\/uploads\/2025\/02\/mznoticia_jaguariaiva_coluna-150x150.png","caption":"Redacao mz"},"sameAs":["http:\/\/mznoticia.com.br"],"url":"https:\/\/mznoticia.com.br\/jaguariaiva\/author\/lucimara\/"}]}},"_links":{"self":[{"href":"https:\/\/mznoticia.com.br\/jaguariaiva\/wp-json\/wp\/v2\/posts\/7259","targetHints":{"allow":["GET"]}}],"collection":[{"href":"https:\/\/mznoticia.com.br\/jaguariaiva\/wp-json\/wp\/v2\/posts"}],"about":[{"href":"https:\/\/mznoticia.com.br\/jaguariaiva\/wp-json\/wp\/v2\/types\/post"}],"author":[{"embeddable":true,"href":"https:\/\/mznoticia.com.br\/jaguariaiva\/wp-json\/wp\/v2\/users\/16"}],"replies":[{"embeddable":true,"href":"https:\/\/mznoticia.com.br\/jaguariaiva\/wp-json\/wp\/v2\/comments?post=7259"}],"version-history":[{"count":3,"href":"https:\/\/mznoticia.com.br\/jaguariaiva\/wp-json\/wp\/v2\/posts\/7259\/revisions"}],"predecessor-version":[{"id":7263,"href":"https:\/\/mznoticia.com.br\/jaguariaiva\/wp-json\/wp\/v2\/posts\/7259\/revisions\/7263"}],"wp:featuredmedia":[{"embeddable":true,"href":"https:\/\/mznoticia.com.br\/jaguariaiva\/wp-json\/wp\/v2\/media\/7260"}],"wp:attachment":[{"href":"https:\/\/mznoticia.com.br\/jaguariaiva\/wp-json\/wp\/v2\/media?parent=7259"}],"wp:term":[{"taxonomy":"category","embeddable":true,"href":"https:\/\/mznoticia.com.br\/jaguariaiva\/wp-json\/wp\/v2\/categories?post=7259"},{"taxonomy":"post_tag","embeddable":true,"href":"https:\/\/mznoticia.com.br\/jaguariaiva\/wp-json\/wp\/v2\/tags?post=7259"}],"curies":[{"name":"wp","href":"https:\/\/api.w.org\/{rel}","templated":true}]}}