{"id":7264,"date":"2026-08-28T12:21:07","date_gmt":"2026-08-28T12:21:07","guid":{"rendered":"https:\/\/mznoticia.com.br\/jaguariaiva\/?p=7264"},"modified":"2026-08-28T12:21:07","modified_gmt":"2026-08-28T12:21:07","slug":"identificado-homem-encontrado-morto-dentro-de-residencia-em-jaguariaiva","status":"publish","type":"post","link":"https:\/\/mznoticia.com.br\/jaguariaiva\/identificado-homem-encontrado-morto-dentro-de-residencia-em-jaguariaiva\/","title":{"rendered":"Identificado homem encontrado morto dentro de resid\u00eancia em Jaguaria\u00edva"},"content":{"rendered":"<h2>Henrique Brisola de Oliveira foi localizado sem vida sobre a cama nesta quinta-feira (27); causa da morte ser\u00e1 esclarecida por exames periciais<\/h2>\n<h2>Empres\u00e1rio foi encontrado dentro de resid\u00eancia<\/h2>\n<p class=\"isSelectedEnd\">Henrique Brisola de Oliveira, de 37 anos, foi encontrado morto dentro de uma resid\u00eancia em Jaguaria\u00edva, nos Campos Gerais, nesta quinta-feira (27).<\/p>\n<p class=\"isSelectedEnd\">Empres\u00e1rio e conhecido no munic\u00edpio, Henrique construiu uma trajet\u00f3ria ligada ao com\u00e9rcio e mantinha uma ampla rede de amizades na cidade.<\/p>\n<p class=\"isSelectedEnd\">Natural de Santo Ant\u00f4nio da Platina, ele estabeleceu em Jaguaria\u00edva parte importante de sua vida pessoal e profissional. No munic\u00edpio, atuou no segmento de semijoias e tamb\u00e9m teve passagem pelo setor automotivo, trabalhando com uma concession\u00e1ria de ve\u00edculos.<\/p>\n<h2>Pol\u00edcia foi acionada para atender ocorr\u00eancia<\/h2>\n<p>Foto: Redes sociais<\/p>\n","protected":false},"excerpt":{"rendered":"<p>Henrique Brisola de Oliveira foi localizado sem vida sobre a cama nesta quinta-feira (27); causa da morte ser\u00e1 esclarecida por exames periciais Empres\u00e1rio foi encontrado dentro de resid\u00eancia Henrique Brisola de Oliveira, de 37 anos, foi encontrado morto dentro de uma resid\u00eancia em Jaguaria\u00edva, nos Campos Gerais, nesta quinta-feira (27). Empres\u00e1rio e conhecido no munic\u00edpio, [&hellip;]<\/p>\n","protected":false},"author":16,"featured_media":7265,"comment_status":"open","ping_status":"open","sticky":false,"template":"","format":"standard","meta":{"footnotes":""},"categories":[131],"tags":[314,47,2943,196,2942,63,2941,208,265,2503,2944],"class_list":["post-7264","post","type-post","status-publish","format-standard","has-post-thumbnail","hentry","category-falecimentos","tag-campos-gerais","tag-destaque","tag-empresario","tag-falecimento","tag-henrique-brisola-de-oliveira","tag-jaguariaiva","tag-matarazzo","tag-morte","tag-policia","tag-sepultamento","tag-velorio"],"yoast_head":"<!-- This site is optimized with the Yoast SEO plugin v28.1 - https:\/\/yoast.com\/product\/yoast-seo-wordpress\/ -->\n<title>Identificado homem encontrado morto dentro de resid\u00eancia em Jaguaria\u00edva - Mz Not\u00edcias<\/title>\n<meta name=\"description\" content=\"Henrique Brisola de Oliveira, de 37 anos, foi encontrado morto em uma resid\u00eancia de Jaguaria\u00edva. Vel\u00f3rio acontece nesta sexta-feira (28).\" \/>\n<meta name=\"robots\" content=\"index, follow, max-snippet:-1, max-image-preview:large, max-video-preview:-1\" \/>\n<link rel=\"canonical\" href=\"https:\/\/mznoticia.com.br\/jaguariaiva\/identificado-homem-encontrado-morto-dentro-de-residencia-em-jaguariaiva\/\" \/>\n<meta property=\"og:locale\" content=\"pt_BR\" \/>\n<meta property=\"og:type\" content=\"article\" \/>\n<meta property=\"og:title\" content=\"Identificado homem encontrado morto dentro de resid\u00eancia em Jaguaria\u00edva - Mz Not\u00edcias\" \/>\n<meta property=\"og:description\" content=\"Henrique Brisola de Oliveira, de 37 anos, foi encontrado morto em uma resid\u00eancia de Jaguaria\u00edva. Vel\u00f3rio acontece nesta sexta-feira (28).\" \/>\n<meta property=\"og:url\" content=\"https:\/\/mznoticia.com.br\/jaguariaiva\/identificado-homem-encontrado-morto-dentro-de-residencia-em-jaguariaiva\/\" \/>\n<meta property=\"og:site_name\" content=\"Mz Not\u00edcias\" \/>\n<meta property=\"article:publisher\" content=\"https:\/\/www.facebook.com\/profile.php?id=61573479951222\" \/>\n<meta property=\"article:published_time\" content=\"2026-08-28T12:21:07+00:00\" \/>\n<meta property=\"og:image\" content=\"https:\/\/mznoticia.com.br\/jaguariaiva\/wp-content\/uploads\/2026\/08\/10-7.webp\" \/>\n\t<meta property=\"og:image:width\" content=\"1000\" \/>\n\t<meta property=\"og:image:height\" content=\"500\" \/>\n\t<meta property=\"og:image:type\" content=\"image\/webp\" \/>\n<meta name=\"author\" content=\"Redacao mz\" \/>\n<meta name=\"twitter:card\" content=\"summary_large_image\" \/>\n<meta name=\"twitter:label1\" content=\"Escrito por\" \/>\n\t<meta name=\"twitter:data1\" content=\"Redacao mz\" \/>\n\t<meta name=\"twitter:label2\" content=\"Est. tempo de leitura\" \/>\n\t<meta name=\"twitter:data2\" content=\"1 minuto\" \/>\n<script type=\"application\/ld+json\" class=\"yoast-schema-graph\">{\"@context\":\"https:\\\/\\\/schema.org\",\"@graph\":[{\"@type\":\"Article\",\"@id\":\"https:\\\/\\\/mznoticia.com.br\\\/jaguariaiva\\\/identificado-homem-encontrado-morto-dentro-de-residencia-em-jaguariaiva\\\/#article\",\"isPartOf\":{\"@id\":\"https:\\\/\\\/mznoticia.com.br\\\/jaguariaiva\\\/identificado-homem-encontrado-morto-dentro-de-residencia-em-jaguariaiva\\\/\"},\"author\":{\"name\":\"Redacao mz\",\"@id\":\"https:\\\/\\\/mznoticia.com.br\\\/jaguariaiva\\\/#\\\/schema\\\/person\\\/84012d827247b3f42f37b550da79cd03\"},\"headline\":\"Identificado homem encontrado morto dentro de resid\u00eancia em Jaguaria\u00edva\",\"datePublished\":\"2026-08-28T12:21:07+00:00\",\"mainEntityOfPage\":{\"@id\":\"https:\\\/\\\/mznoticia.com.br\\\/jaguariaiva\\\/identificado-homem-encontrado-morto-dentro-de-residencia-em-jaguariaiva\\\/\"},\"wordCount\":142,\"commentCount\":0,\"publisher\":{\"@id\":\"https:\\\/\\\/mznoticia.com.br\\\/jaguariaiva\\\/#organization\"},\"image\":{\"@id\":\"https:\\\/\\\/mznoticia.com.br\\\/jaguariaiva\\\/identificado-homem-encontrado-morto-dentro-de-residencia-em-jaguariaiva\\\/#primaryimage\"},\"thumbnailUrl\":\"https:\\\/\\\/mznoticia.com.br\\\/jaguariaiva\\\/wp-content\\\/uploads\\\/2026\\\/08\\\/10-7.webp\",\"keywords\":[\"Campos Gerais\",\"destaque\",\"Empres\u00e1rio\",\"falecimento\",\"Henrique Brisola de Oliveira\",\"jaguariaiva\",\"Matarazzo\",\"morte\",\"POLICIA\",\"sepultamento\",\"Vel\u00f3rio\"],\"articleSection\":[\"Falecimentos\"],\"inLanguage\":\"pt-BR\",\"potentialAction\":[{\"@type\":\"CommentAction\",\"name\":\"Comment\",\"target\":[\"https:\\\/\\\/mznoticia.com.br\\\/jaguariaiva\\\/identificado-homem-encontrado-morto-dentro-de-residencia-em-jaguariaiva\\\/#respond\"]}]},{\"@type\":\"WebPage\",\"@id\":\"https:\\\/\\\/mznoticia.com.br\\\/jaguariaiva\\\/identificado-homem-encontrado-morto-dentro-de-residencia-em-jaguariaiva\\\/\",\"url\":\"https:\\\/\\\/mznoticia.com.br\\\/jaguariaiva\\\/identificado-homem-encontrado-morto-dentro-de-residencia-em-jaguariaiva\\\/\",\"name\":\"Identificado homem encontrado morto dentro de resid\u00eancia em Jaguaria\u00edva - Mz Not\u00edcias\",\"isPartOf\":{\"@id\":\"https:\\\/\\\/mznoticia.com.br\\\/jaguariaiva\\\/#website\"},\"primaryImageOfPage\":{\"@id\":\"https:\\\/\\\/mznoticia.com.br\\\/jaguariaiva\\\/identificado-homem-encontrado-morto-dentro-de-residencia-em-jaguariaiva\\\/#primaryimage\"},\"image\":{\"@id\":\"https:\\\/\\\/mznoticia.com.br\\\/jaguariaiva\\\/identificado-homem-encontrado-morto-dentro-de-residencia-em-jaguariaiva\\\/#primaryimage\"},\"thumbnailUrl\":\"https:\\\/\\\/mznoticia.com.br\\\/jaguariaiva\\\/wp-content\\\/uploads\\\/2026\\\/08\\\/10-7.webp\",\"datePublished\":\"2026-08-28T12:21:07+00:00\",\"description\":\"Henrique Brisola de Oliveira, de 37 anos, foi encontrado morto em uma resid\u00eancia de Jaguaria\u00edva. Vel\u00f3rio acontece nesta sexta-feira (28).\",\"breadcrumb\":{\"@id\":\"https:\\\/\\\/mznoticia.com.br\\\/jaguariaiva\\\/identificado-homem-encontrado-morto-dentro-de-residencia-em-jaguariaiva\\\/#breadcrumb\"},\"inLanguage\":\"pt-BR\",\"potentialAction\":[{\"@type\":\"ReadAction\",\"target\":[\"https:\\\/\\\/mznoticia.com.br\\\/jaguariaiva\\\/identificado-homem-encontrado-morto-dentro-de-residencia-em-jaguariaiva\\\/\"]}]},{\"@type\":\"ImageObject\",\"inLanguage\":\"pt-BR\",\"@id\":\"https:\\\/\\\/mznoticia.com.br\\\/jaguariaiva\\\/identificado-homem-encontrado-morto-dentro-de-residencia-em-jaguariaiva\\\/#primaryimage\",\"url\":\"https:\\\/\\\/mznoticia.com.br\\\/jaguariaiva\\\/wp-content\\\/uploads\\\/2026\\\/08\\\/10-7.webp\",\"contentUrl\":\"https:\\\/\\\/mznoticia.com.br\\\/jaguariaiva\\\/wp-content\\\/uploads\\\/2026\\\/08\\\/10-7.webp\",\"width\":1000,\"height\":500},{\"@type\":\"BreadcrumbList\",\"@id\":\"https:\\\/\\\/mznoticia.com.br\\\/jaguariaiva\\\/identificado-homem-encontrado-morto-dentro-de-residencia-em-jaguariaiva\\\/#breadcrumb\",\"itemListElement\":[{\"@type\":\"ListItem\",\"position\":1,\"name\":\"Home\",\"item\":\"https:\\\/\\\/mznoticia.com.br\\\/jaguariaiva\\\/\"},{\"@type\":\"ListItem\",\"position\":2,\"name\":\"Identificado homem encontrado morto dentro de resid\u00eancia em Jaguaria\u00edva\"}]},{\"@type\":\"WebSite\",\"@id\":\"https:\\\/\\\/mznoticia.com.br\\\/jaguariaiva\\\/#website\",\"url\":\"https:\\\/\\\/mznoticia.com.br\\\/jaguariaiva\\\/\",\"name\":\"Mz Not\u00edcia\",\"description\":\"A informa\u00e7\u00e3o que voc\u00ea precisa na hora certa!\",\"publisher\":{\"@id\":\"https:\\\/\\\/mznoticia.com.br\\\/jaguariaiva\\\/#organization\"},\"potentialAction\":[{\"@type\":\"SearchAction\",\"target\":{\"@type\":\"EntryPoint\",\"urlTemplate\":\"https:\\\/\\\/mznoticia.com.br\\\/jaguariaiva\\\/?s={search_term_string}\"},\"query-input\":{\"@type\":\"PropertyValueSpecification\",\"valueRequired\":true,\"valueName\":\"search_term_string\"}}],\"inLanguage\":\"pt-BR\"},{\"@type\":\"Organization\",\"@id\":\"https:\\\/\\\/mznoticia.com.br\\\/jaguariaiva\\\/#organization\",\"name\":\"Mz Not\u00edcia\",\"url\":\"https:\\\/\\\/mznoticia.com.br\\\/jaguariaiva\\\/\",\"logo\":{\"@type\":\"ImageObject\",\"inLanguage\":\"pt-BR\",\"@id\":\"https:\\\/\\\/mznoticia.com.br\\\/jaguariaiva\\\/#\\\/schema\\\/logo\\\/image\\\/\",\"url\":\"https:\\\/\\\/mznoticia.com.br\\\/jaguariaiva\\\/wp-content\\\/uploads\\\/2025\\\/03\\\/Design-sem-nome-4-e1741200616392.png\",\"contentUrl\":\"https:\\\/\\\/mznoticia.com.br\\\/jaguariaiva\\\/wp-content\\\/uploads\\\/2025\\\/03\\\/Design-sem-nome-4-e1741200616392.png\",\"width\":750,\"height\":563,\"caption\":\"Mz Not\u00edcia\"},\"image\":{\"@id\":\"https:\\\/\\\/mznoticia.com.br\\\/jaguariaiva\\\/#\\\/schema\\\/logo\\\/image\\\/\"},\"sameAs\":[\"https:\\\/\\\/www.facebook.com\\\/profile.php?id=61573479951222\",\"https:\\\/\\\/www.instagram.com\\\/mz.jaguariaiva\\\/\"]},{\"@type\":\"Person\",\"@id\":\"https:\\\/\\\/mznoticia.com.br\\\/jaguariaiva\\\/#\\\/schema\\\/person\\\/84012d827247b3f42f37b550da79cd03\",\"name\":\"Redacao mz\",\"image\":{\"@type\":\"ImageObject\",\"inLanguage\":\"pt-BR\",\"@id\":\"https:\\\/\\\/mznoticia.com.br\\\/jaguariaiva\\\/wp-content\\\/uploads\\\/2025\\\/02\\\/mznoticia_jaguariaiva_coluna-150x150.png\",\"url\":\"https:\\\/\\\/mznoticia.com.br\\\/jaguariaiva\\\/wp-content\\\/uploads\\\/2025\\\/02\\\/mznoticia_jaguariaiva_coluna-150x150.png\",\"contentUrl\":\"https:\\\/\\\/mznoticia.com.br\\\/jaguariaiva\\\/wp-content\\\/uploads\\\/2025\\\/02\\\/mznoticia_jaguariaiva_coluna-150x150.png\",\"caption\":\"Redacao mz\"},\"sameAs\":[\"http:\\\/\\\/mznoticia.com.br\"],\"url\":\"https:\\\/\\\/mznoticia.com.br\\\/jaguariaiva\\\/author\\\/lucimara\\\/\"}]}<\/script>\n<!-- \/ Yoast SEO plugin. -->","yoast_head_json":{"title":"Identificado homem encontrado morto dentro de resid\u00eancia em Jaguaria\u00edva - Mz Not\u00edcias","description":"Henrique Brisola de Oliveira, de 37 anos, foi encontrado morto em uma resid\u00eancia de Jaguaria\u00edva. Vel\u00f3rio acontece nesta sexta-feira (28).","robots":{"index":"index","follow":"follow","max-snippet":"max-snippet:-1","max-image-preview":"max-image-preview:large","max-video-preview":"max-video-preview:-1"},"canonical":"https:\/\/mznoticia.com.br\/jaguariaiva\/identificado-homem-encontrado-morto-dentro-de-residencia-em-jaguariaiva\/","og_locale":"pt_BR","og_type":"article","og_title":"Identificado homem encontrado morto dentro de resid\u00eancia em Jaguaria\u00edva - Mz Not\u00edcias","og_description":"Henrique Brisola de Oliveira, de 37 anos, foi encontrado morto em uma resid\u00eancia de Jaguaria\u00edva. Vel\u00f3rio acontece nesta sexta-feira (28).","og_url":"https:\/\/mznoticia.com.br\/jaguariaiva\/identificado-homem-encontrado-morto-dentro-de-residencia-em-jaguariaiva\/","og_site_name":"Mz Not\u00edcias","article_publisher":"https:\/\/www.facebook.com\/profile.php?id=61573479951222","article_published_time":"2026-08-28T12:21:07+00:00","og_image":[{"width":1000,"height":500,"url":"https:\/\/mznoticia.com.br\/jaguariaiva\/wp-content\/uploads\/2026\/08\/10-7.webp","type":"image\/webp"}],"author":"Redacao mz","twitter_card":"summary_large_image","twitter_misc":{"Escrito por":"Redacao mz","Est. tempo de leitura":"1 minuto"},"schema":{"@context":"https:\/\/schema.org","@graph":[{"@type":"Article","@id":"https:\/\/mznoticia.com.br\/jaguariaiva\/identificado-homem-encontrado-morto-dentro-de-residencia-em-jaguariaiva\/#article","isPartOf":{"@id":"https:\/\/mznoticia.com.br\/jaguariaiva\/identificado-homem-encontrado-morto-dentro-de-residencia-em-jaguariaiva\/"},"author":{"name":"Redacao mz","@id":"https:\/\/mznoticia.com.br\/jaguariaiva\/#\/schema\/person\/84012d827247b3f42f37b550da79cd03"},"headline":"Identificado homem encontrado morto dentro de resid\u00eancia em Jaguaria\u00edva","datePublished":"2026-08-28T12:21:07+00:00","mainEntityOfPage":{"@id":"https:\/\/mznoticia.com.br\/jaguariaiva\/identificado-homem-encontrado-morto-dentro-de-residencia-em-jaguariaiva\/"},"wordCount":142,"commentCount":0,"publisher":{"@id":"https:\/\/mznoticia.com.br\/jaguariaiva\/#organization"},"image":{"@id":"https:\/\/mznoticia.com.br\/jaguariaiva\/identificado-homem-encontrado-morto-dentro-de-residencia-em-jaguariaiva\/#primaryimage"},"thumbnailUrl":"https:\/\/mznoticia.com.br\/jaguariaiva\/wp-content\/uploads\/2026\/08\/10-7.webp","keywords":["Campos Gerais","destaque","Empres\u00e1rio","falecimento","Henrique Brisola de Oliveira","jaguariaiva","Matarazzo","morte","POLICIA","sepultamento","Vel\u00f3rio"],"articleSection":["Falecimentos"],"inLanguage":"pt-BR","potentialAction":[{"@type":"CommentAction","name":"Comment","target":["https:\/\/mznoticia.com.br\/jaguariaiva\/identificado-homem-encontrado-morto-dentro-de-residencia-em-jaguariaiva\/#respond"]}]},{"@type":"WebPage","@id":"https:\/\/mznoticia.com.br\/jaguariaiva\/identificado-homem-encontrado-morto-dentro-de-residencia-em-jaguariaiva\/","url":"https:\/\/mznoticia.com.br\/jaguariaiva\/identificado-homem-encontrado-morto-dentro-de-residencia-em-jaguariaiva\/","name":"Identificado homem encontrado morto dentro de resid\u00eancia em Jaguaria\u00edva - Mz Not\u00edcias","isPartOf":{"@id":"https:\/\/mznoticia.com.br\/jaguariaiva\/#website"},"primaryImageOfPage":{"@id":"https:\/\/mznoticia.com.br\/jaguariaiva\/identificado-homem-encontrado-morto-dentro-de-residencia-em-jaguariaiva\/#primaryimage"},"image":{"@id":"https:\/\/mznoticia.com.br\/jaguariaiva\/identificado-homem-encontrado-morto-dentro-de-residencia-em-jaguariaiva\/#primaryimage"},"thumbnailUrl":"https:\/\/mznoticia.com.br\/jaguariaiva\/wp-content\/uploads\/2026\/08\/10-7.webp","datePublished":"2026-08-28T12:21:07+00:00","description":"Henrique Brisola de Oliveira, de 37 anos, foi encontrado morto em uma resid\u00eancia de Jaguaria\u00edva. Vel\u00f3rio acontece nesta sexta-feira (28).","breadcrumb":{"@id":"https:\/\/mznoticia.com.br\/jaguariaiva\/identificado-homem-encontrado-morto-dentro-de-residencia-em-jaguariaiva\/#breadcrumb"},"inLanguage":"pt-BR","potentialAction":[{"@type":"ReadAction","target":["https:\/\/mznoticia.com.br\/jaguariaiva\/identificado-homem-encontrado-morto-dentro-de-residencia-em-jaguariaiva\/"]}]},{"@type":"ImageObject","inLanguage":"pt-BR","@id":"https:\/\/mznoticia.com.br\/jaguariaiva\/identificado-homem-encontrado-morto-dentro-de-residencia-em-jaguariaiva\/#primaryimage","url":"https:\/\/mznoticia.com.br\/jaguariaiva\/wp-content\/uploads\/2026\/08\/10-7.webp","contentUrl":"https:\/\/mznoticia.com.br\/jaguariaiva\/wp-content\/uploads\/2026\/08\/10-7.webp","width":1000,"height":500},{"@type":"BreadcrumbList","@id":"https:\/\/mznoticia.com.br\/jaguariaiva\/identificado-homem-encontrado-morto-dentro-de-residencia-em-jaguariaiva\/#breadcrumb","itemListElement":[{"@type":"ListItem","position":1,"name":"Home","item":"https:\/\/mznoticia.com.br\/jaguariaiva\/"},{"@type":"ListItem","position":2,"name":"Identificado homem encontrado morto dentro de resid\u00eancia em Jaguaria\u00edva"}]},{"@type":"WebSite","@id":"https:\/\/mznoticia.com.br\/jaguariaiva\/#website","url":"https:\/\/mznoticia.com.br\/jaguariaiva\/","name":"Mz Not\u00edcia","description":"A informa\u00e7\u00e3o que voc\u00ea precisa na hora certa!","publisher":{"@id":"https:\/\/mznoticia.com.br\/jaguariaiva\/#organization"},"potentialAction":[{"@type":"SearchAction","target":{"@type":"EntryPoint","urlTemplate":"https:\/\/mznoticia.com.br\/jaguariaiva\/?s={search_term_string}"},"query-input":{"@type":"PropertyValueSpecification","valueRequired":true,"valueName":"search_term_string"}}],"inLanguage":"pt-BR"},{"@type":"Organization","@id":"https:\/\/mznoticia.com.br\/jaguariaiva\/#organization","name":"Mz Not\u00edcia","url":"https:\/\/mznoticia.com.br\/jaguariaiva\/","logo":{"@type":"ImageObject","inLanguage":"pt-BR","@id":"https:\/\/mznoticia.com.br\/jaguariaiva\/#\/schema\/logo\/image\/","url":"https:\/\/mznoticia.com.br\/jaguariaiva\/wp-content\/uploads\/2025\/03\/Design-sem-nome-4-e1741200616392.png","contentUrl":"https:\/\/mznoticia.com.br\/jaguariaiva\/wp-content\/uploads\/2025\/03\/Design-sem-nome-4-e1741200616392.png","width":750,"height":563,"caption":"Mz Not\u00edcia"},"image":{"@id":"https:\/\/mznoticia.com.br\/jaguariaiva\/#\/schema\/logo\/image\/"},"sameAs":["https:\/\/www.facebook.com\/profile.php?id=61573479951222","https:\/\/www.instagram.com\/mz.jaguariaiva\/"]},{"@type":"Person","@id":"https:\/\/mznoticia.com.br\/jaguariaiva\/#\/schema\/person\/84012d827247b3f42f37b550da79cd03","name":"Redacao mz","image":{"@type":"ImageObject","inLanguage":"pt-BR","@id":"https:\/\/mznoticia.com.br\/jaguariaiva\/wp-content\/uploads\/2025\/02\/mznoticia_jaguariaiva_coluna-150x150.png","url":"https:\/\/mznoticia.com.br\/jaguariaiva\/wp-content\/uploads\/2025\/02\/mznoticia_jaguariaiva_coluna-150x150.png","contentUrl":"https:\/\/mznoticia.com.br\/jaguariaiva\/wp-content\/uploads\/2025\/02\/mznoticia_jaguariaiva_coluna-150x150.png","caption":"Redacao mz"},"sameAs":["http:\/\/mznoticia.com.br"],"url":"https:\/\/mznoticia.com.br\/jaguariaiva\/author\/lucimara\/"}]}},"_links":{"self":[{"href":"https:\/\/mznoticia.com.br\/jaguariaiva\/wp-json\/wp\/v2\/posts\/7264","targetHints":{"allow":["GET"]}}],"collection":[{"href":"https:\/\/mznoticia.com.br\/jaguariaiva\/wp-json\/wp\/v2\/posts"}],"about":[{"href":"https:\/\/mznoticia.com.br\/jaguariaiva\/wp-json\/wp\/v2\/types\/post"}],"author":[{"embeddable":true,"href":"https:\/\/mznoticia.com.br\/jaguariaiva\/wp-json\/wp\/v2\/users\/16"}],"replies":[{"embeddable":true,"href":"https:\/\/mznoticia.com.br\/jaguariaiva\/wp-json\/wp\/v2\/comments?post=7264"}],"version-history":[{"count":1,"href":"https:\/\/mznoticia.com.br\/jaguariaiva\/wp-json\/wp\/v2\/posts\/7264\/revisions"}],"predecessor-version":[{"id":7266,"href":"https:\/\/mznoticia.com.br\/jaguariaiva\/wp-json\/wp\/v2\/posts\/7264\/revisions\/7266"}],"wp:featuredmedia":[{"embeddable":true,"href":"https:\/\/mznoticia.com.br\/jaguariaiva\/wp-json\/wp\/v2\/media\/7265"}],"wp:attachment":[{"href":"https:\/\/mznoticia.com.br\/jaguariaiva\/wp-json\/wp\/v2\/media?parent=7264"}],"wp:term":[{"taxonomy":"category","embeddable":true,"href":"https:\/\/mznoticia.com.br\/jaguariaiva\/wp-json\/wp\/v2\/categories?post=7264"},{"taxonomy":"post_tag","embeddable":true,"href":"https:\/\/mznoticia.com.br\/jaguariaiva\/wp-json\/wp\/v2\/tags?post=7264"}],"curies":[{"name":"wp","href":"https:\/\/api.w.org\/{rel}","templated":true}]}}